{"id":2619775,"date":"2025-07-16T10:16:31","date_gmt":"2025-07-16T09:16:31","guid":{"rendered":"https:\/\/www.pressenza.com\/?p=2619775"},"modified":"2025-07-16T10:16:31","modified_gmt":"2025-07-16T09:16:31","slug":"in-carcere-si-muore-dietro-le-sbarre-aumentano-le-vite-spezzate","status":"publish","type":"post","link":"https:\/\/www.pressenza.com\/it\/2025\/07\/in-carcere-si-muore-dietro-le-sbarre-aumentano-le-vite-spezzate\/","title":{"rendered":"In carcere si muore, dietro le sbarre aumentano le vite spezzate"},"content":{"rendered":"<p><em>A Vasto un quarantenne si \u00e8 tolto la vita nella Casa Lavoro dieci giorni fa.<\/em><\/p>\n<p>\u00ab<em>Anche oggi un uomo si \u00e8 tolto la vita dietro le sbarre. \u00c8 successo proprio oggi, mentre scrivo queste parole, ma potrebbe essere successo anche oggi, nel giorno in cui queste parole vengono lette da un loro occasionale lettore. Un giorno vale l\u2019altro e ogni giorno \u00e8 buono per morire, in carcere: questa, purtroppo, \u00e8 una drammatica verit\u00e0 del nostro sistema giudiziario, e noi vi ci stiamo drammaticamente abituando<\/em>\u00bb.<\/p>\n<p>\u00c8 la denuncia pubblicata da <strong>Stefano Anastasi<\/strong>a, Garante dei diritti delle persone private della libert\u00e0 del Lazio, su Diurna.net e rilanciata due giorni fa dal sito web istituzionale del Garante. L\u2019articolo originale \u00e8 stato pubblicato da Diurna il 7 luglio dopo che un trentenne, con problemi di tossicodipendenza, solo, senza relazioni, condannato per reati minori, si era tolto la vita. Il giorno prima un uomo si era tolto la vita all\u2019interno della Casa Lavoro di Vasto, in provincia di Chieti. Due vite spezzate dietro le sbarre, due persone che non hanno retto pi\u00f9. A Vasto il quarantenne di origine nordafricana era stato trasferito da pochi giorni nell\u2019Articolazione per la Tutela della Salute Mentale.<\/p>\n<p>\u00ab<em>Sale cos\u00ec a 37 (pi\u00f9 uno ammesso al lavoro all\u2019esterno e un altro in una REMS) la tragica conta dei detenuti che si sono tolti la vita dall\u2019inizio dell\u2019anno, cui bisogna aggiungere 3 operatori \u2013\u00a0<\/em>ha sottolineato\u00a0<strong>Gennarino De Fazio<\/strong>, Segretario Generale della\u00a0<strong>UILPA Polizia Penitenziaria, <\/strong>la notizia del suicidio nella Casa Lavoro di Vasto\u00a0&#8211;\u00a0<em>Una strage infinita, sulla quale incide anche il caldo record di questi giorni, ma che \u00e8 solo il detonatore di numerosissimi altri problemi atavici<\/em>\u00bb.<\/p>\n<p>\u00ab<em>Alla casa di lavoro abruzzese sono associati 103, fra detenuti e internati, certamente si connota per le voragini negli organici del Corpo di polizia penitenziaria, laddove su un fabbisogno di almeno 143 agenti ne risultano assegnati solo 69, dunque meno della met\u00e0\u00a0<\/em>\u2013 sottolinea De Fazio &#8211;\u00a0<em>Anche per questo, pare che l\u2019articolazione per la tutela della salute mentale dov\u2019era allocato il detenuto suicida molto spesso resti non presidiata. A questo si aggiungono altre difficolt\u00e0 di natura organizzativa che investono pure l\u2019area giuridico-pedagogica (i cc.dd. educatori) dei cui funzionari, fra l\u2019altro, pare non sia garantita la costante presenza in tutti giorni della settimana<\/em>\u00bb.<\/p>\n<p>\u00ab<em>Qui ci sono cittadini come voi, lo sapete?<\/em>\u00bb in occasione della presentazione del libro <strong>\u201cFuoriclasse \u2013 vent\u2019anni di scuola di giornalismo Lelio Basso\u201d <\/strong>(al cui interno tra le inchieste del libro c\u2019\u00e8 un <strong>reportage di Alessandro Leone sulle Case Lavoro<\/strong>) raccont\u00f2 <strong>Giuseppina Rossi<\/strong>, funzionaria giuridico pedagogica della Casa Lavoro, di aver chiesto ad una scolaresca in visita ricevendo come reazione stupore da parte dei ragazzi. Dietro le sbarre, dietro le alte mura degli istituti penitenziari ci sono persone, vite. \u00c8 banale, scontato, dovrebbe essere ovvio. Eppure cos\u00ec non \u00e8. Non \u00e8 colpa di quei ragazzi perch\u00e9 questo dato, ovvio e scontato, viene cancellato quotidianamente dalla societ\u00e0 intera. A partire da coloro che hanno responsabilit\u00e0 di governo e istituzionali per poi scendere lungo l\u2019intera scala sociale.<\/p>\n<p>Il suicidio nella Casa Lavoro di Vasto non \u00e8 il primo in Abruzzo. Quarantenne, l\u2019uomo di origine nordafricana che si \u00e8 tolto la vita era affetto da problemi di natura psichiatrica. Poco pi\u00f9 di un anno fa nel carcere Castrogno di Teramo si suicid\u00f2, nel giorno del suo compleanno, Patrick Guarneri. Era entrato in quel carcere solo sei ore prima, era un ragazzo autistico le cui condizioni era incompatibili \u2013 hanno denunciato alcune associazioni l\u2019anno scorso \u2013 con quell\u2019istituto penitenziario.<\/p>\n<p>&nbsp;<\/p>\n","protected":false},"excerpt":{"rendered":"<p>A Vasto un quarantenne si \u00e8 tolto la vita nella Casa Lavoro dieci giorni fa. \u00abAnche oggi un uomo si \u00e8 tolto la vita dietro le sbarre. \u00c8 successo proprio oggi, mentre scrivo queste parole, ma potrebbe essere successo anche&hellip;<\/p>\n","protected":false},"author":902,"featured_media":2611668,"comment_status":"closed","ping_status":"closed","sticky":false,"template":"","format":"standard","meta":{"footnotes":""},"categories":[11388,60,47],"tags":[6642,139839,7009,5753,139840,59044],"class_list":["post-2619775","post","type-post","status-publish","format-standard","has-post-thumbnail","hentry","category-contenuti-originali","category-diritti-umani","category-europa","tag-carcere","tag-casa-lavoro","tag-garante","tag-lazio","tag-stefano-anastasia","tag-vasto"],"yoast_head":"<!-- This site is optimized with the Yoast SEO plugin v27.1.1 - https:\/\/yoast.com\/product\/yoast-seo-wordpress\/ -->\n<title>In carcere si muore, dietro le sbarre aumentano le vite spezzate<\/title>\n<meta name=\"description\" content=\"A Vasto un quarantenne si \u00e8 tolto la vita nella Casa Lavoro dieci giorni fa. \u00abAnche oggi un uomo si \u00e8 tolto la vita dietro le sbarre. \u00c8 successo proprio\" \/>\n<meta name=\"robots\" content=\"index, follow, max-snippet:-1, max-image-preview:large, max-video-preview:-1\" \/>\n<link rel=\"canonical\" href=\"https:\/\/www.pressenza.com\/it\/2025\/07\/in-carcere-si-muore-dietro-le-sbarre-aumentano-le-vite-spezzate\/\" \/>\n<meta property=\"og:locale\" content=\"it_IT\" \/>\n<meta property=\"og:type\" content=\"article\" \/>\n<meta property=\"og:title\" content=\"In carcere si muore, dietro le sbarre aumentano le vite spezzate\" \/>\n<meta property=\"og:description\" content=\"A Vasto un quarantenne si \u00e8 tolto la vita nella Casa Lavoro dieci giorni fa. \u00abAnche oggi un uomo si \u00e8 tolto la vita dietro le sbarre. \u00c8 successo proprio\" \/>\n<meta property=\"og:url\" content=\"https:\/\/www.pressenza.com\/it\/2025\/07\/in-carcere-si-muore-dietro-le-sbarre-aumentano-le-vite-spezzate\/\" \/>\n<meta property=\"og:site_name\" content=\"Pressenza\" \/>\n<meta property=\"article:publisher\" content=\"https:\/\/www.facebook.com\/PressenzaItalia\" \/>\n<meta property=\"article:published_time\" content=\"2025-07-16T09:16:31+00:00\" \/>\n<meta property=\"og:image\" content=\"https:\/\/www.pressenza.com\/wp-content\/uploads\/2025\/06\/Carcere.jpg\" \/>\n\t<meta property=\"og:image:width\" content=\"960\" \/>\n\t<meta property=\"og:image:height\" content=\"640\" \/>\n\t<meta property=\"og:image:type\" content=\"image\/jpeg\" \/>\n<meta name=\"author\" content=\"Alessio Di Florio\" \/>\n<meta name=\"twitter:card\" content=\"summary_large_image\" \/>\n<meta name=\"twitter:creator\" content=\"@PressenzaIPA\" \/>\n<meta name=\"twitter:site\" content=\"@PressenzaIPA\" \/>\n<meta name=\"twitter:label1\" content=\"Scritto da\" \/>\n\t<meta name=\"twitter:data1\" content=\"Alessio Di Florio\" \/>\n\t<meta name=\"twitter:label2\" content=\"Tempo di lettura stimato\" \/>\n\t<meta name=\"twitter:data2\" content=\"3 minuti\" \/>\n<script type=\"application\/ld+json\" class=\"yoast-schema-graph\">{\"@context\":\"https:\/\/schema.org\",\"@graph\":[{\"@type\":\"Article\",\"@id\":\"https:\/\/www.pressenza.com\/it\/2025\/07\/in-carcere-si-muore-dietro-le-sbarre-aumentano-le-vite-spezzate\/#article\",\"isPartOf\":{\"@id\":\"https:\/\/www.pressenza.com\/it\/2025\/07\/in-carcere-si-muore-dietro-le-sbarre-aumentano-le-vite-spezzate\/\"},\"author\":{\"name\":\"Alessio Di Florio\",\"@id\":\"https:\/\/www.pressenza.com\/it\/#\/schema\/person\/727eb83f95962ed83c06040905743f28\"},\"headline\":\"In carcere si muore, dietro le sbarre aumentano le vite spezzate\",\"datePublished\":\"2025-07-16T09:16:31+00:00\",\"mainEntityOfPage\":{\"@id\":\"https:\/\/www.pressenza.com\/it\/2025\/07\/in-carcere-si-muore-dietro-le-sbarre-aumentano-le-vite-spezzate\/\"},\"wordCount\":591,\"publisher\":{\"@id\":\"https:\/\/www.pressenza.com\/it\/#organization\"},\"image\":{\"@id\":\"https:\/\/www.pressenza.com\/it\/2025\/07\/in-carcere-si-muore-dietro-le-sbarre-aumentano-le-vite-spezzate\/#primaryimage\"},\"thumbnailUrl\":\"https:\/\/www.pressenza.com\/wp-content\/uploads\/2025\/06\/Carcere.jpg\",\"keywords\":[\"carcere\",\"casa lavoro\",\"Garante\",\"Lazio\",\"Stefano Anastasia\",\"Vasto\"],\"articleSection\":[\"contenuti originali\",\"Diritti Umani\",\"Europa\"],\"inLanguage\":\"it-IT\"},{\"@type\":\"WebPage\",\"@id\":\"https:\/\/www.pressenza.com\/it\/2025\/07\/in-carcere-si-muore-dietro-le-sbarre-aumentano-le-vite-spezzate\/\",\"url\":\"https:\/\/www.pressenza.com\/it\/2025\/07\/in-carcere-si-muore-dietro-le-sbarre-aumentano-le-vite-spezzate\/\",\"name\":\"In carcere si muore, dietro le sbarre aumentano le vite spezzate\",\"isPartOf\":{\"@id\":\"https:\/\/www.pressenza.com\/it\/#website\"},\"primaryImageOfPage\":{\"@id\":\"https:\/\/www.pressenza.com\/it\/2025\/07\/in-carcere-si-muore-dietro-le-sbarre-aumentano-le-vite-spezzate\/#primaryimage\"},\"image\":{\"@id\":\"https:\/\/www.pressenza.com\/it\/2025\/07\/in-carcere-si-muore-dietro-le-sbarre-aumentano-le-vite-spezzate\/#primaryimage\"},\"thumbnailUrl\":\"https:\/\/www.pressenza.com\/wp-content\/uploads\/2025\/06\/Carcere.jpg\",\"datePublished\":\"2025-07-16T09:16:31+00:00\",\"description\":\"A Vasto un quarantenne si \u00e8 tolto la vita nella Casa Lavoro dieci giorni fa. \u00abAnche oggi un uomo si \u00e8 tolto la vita dietro le sbarre. \u00c8 successo proprio\",\"breadcrumb\":{\"@id\":\"https:\/\/www.pressenza.com\/it\/2025\/07\/in-carcere-si-muore-dietro-le-sbarre-aumentano-le-vite-spezzate\/#breadcrumb\"},\"inLanguage\":\"it-IT\",\"potentialAction\":[{\"@type\":\"ReadAction\",\"target\":[\"https:\/\/www.pressenza.com\/it\/2025\/07\/in-carcere-si-muore-dietro-le-sbarre-aumentano-le-vite-spezzate\/\"]}]},{\"@type\":\"ImageObject\",\"inLanguage\":\"it-IT\",\"@id\":\"https:\/\/www.pressenza.com\/it\/2025\/07\/in-carcere-si-muore-dietro-le-sbarre-aumentano-le-vite-spezzate\/#primaryimage\",\"url\":\"https:\/\/www.pressenza.com\/wp-content\/uploads\/2025\/06\/Carcere.jpg\",\"contentUrl\":\"https:\/\/www.pressenza.com\/wp-content\/uploads\/2025\/06\/Carcere.jpg\",\"width\":960,\"height\":640},{\"@type\":\"BreadcrumbList\",\"@id\":\"https:\/\/www.pressenza.com\/it\/2025\/07\/in-carcere-si-muore-dietro-le-sbarre-aumentano-le-vite-spezzate\/#breadcrumb\",\"itemListElement\":[{\"@type\":\"ListItem\",\"position\":1,\"name\":\"Accueil\",\"item\":\"https:\/\/www.pressenza.com\/it\/\"},{\"@type\":\"ListItem\",\"position\":2,\"name\":\"In carcere si muore, dietro le sbarre aumentano le vite spezzate\"}]},{\"@type\":\"WebSite\",\"@id\":\"https:\/\/www.pressenza.com\/it\/#website\",\"url\":\"https:\/\/www.pressenza.com\/it\/\",\"name\":\"Pressenza\",\"description\":\"Agenzia di Stampa Internazionale\",\"publisher\":{\"@id\":\"https:\/\/www.pressenza.com\/it\/#organization\"},\"potentialAction\":[{\"@type\":\"SearchAction\",\"target\":{\"@type\":\"EntryPoint\",\"urlTemplate\":\"https:\/\/www.pressenza.com\/it\/?s={search_term_string}\"},\"query-input\":{\"@type\":\"PropertyValueSpecification\",\"valueRequired\":true,\"valueName\":\"search_term_string\"}}],\"inLanguage\":\"it-IT\"},{\"@type\":\"Organization\",\"@id\":\"https:\/\/www.pressenza.com\/it\/#organization\",\"name\":\"Pressenza\",\"url\":\"https:\/\/www.pressenza.com\/it\/\",\"logo\":{\"@type\":\"ImageObject\",\"inLanguage\":\"it-IT\",\"@id\":\"https:\/\/www.pressenza.com\/it\/#\/schema\/logo\/image\/\",\"url\":\"https:\/\/www.pressenza.com\/wp-content\/uploads\/2022\/10\/pressenza_logo_200x200.jpg\",\"contentUrl\":\"https:\/\/www.pressenza.com\/wp-content\/uploads\/2022\/10\/pressenza_logo_200x200.jpg\",\"width\":200,\"height\":200,\"caption\":\"Pressenza\"},\"image\":{\"@id\":\"https:\/\/www.pressenza.com\/it\/#\/schema\/logo\/image\/\"},\"sameAs\":[\"https:\/\/www.facebook.com\/PressenzaItalia\",\"https:\/\/x.com\/PressenzaIPA\"]},{\"@type\":\"Person\",\"@id\":\"https:\/\/www.pressenza.com\/it\/#\/schema\/person\/727eb83f95962ed83c06040905743f28\",\"name\":\"Alessio Di Florio\",\"url\":\"https:\/\/www.pressenza.com\/it\/author\/alessio-di-florio\/\"}]}<\/script>\n<!-- \/ Yoast SEO plugin. -->","yoast_head_json":{"title":"In carcere si muore, dietro le sbarre aumentano le vite spezzate","description":"A Vasto un quarantenne si \u00e8 tolto la vita nella Casa Lavoro dieci giorni fa. \u00abAnche oggi un uomo si \u00e8 tolto la vita dietro le sbarre. \u00c8 successo proprio","robots":{"index":"index","follow":"follow","max-snippet":"max-snippet:-1","max-image-preview":"max-image-preview:large","max-video-preview":"max-video-preview:-1"},"canonical":"https:\/\/www.pressenza.com\/it\/2025\/07\/in-carcere-si-muore-dietro-le-sbarre-aumentano-le-vite-spezzate\/","og_locale":"it_IT","og_type":"article","og_title":"In carcere si muore, dietro le sbarre aumentano le vite spezzate","og_description":"A Vasto un quarantenne si \u00e8 tolto la vita nella Casa Lavoro dieci giorni fa. \u00abAnche oggi un uomo si \u00e8 tolto la vita dietro le sbarre. \u00c8 successo proprio","og_url":"https:\/\/www.pressenza.com\/it\/2025\/07\/in-carcere-si-muore-dietro-le-sbarre-aumentano-le-vite-spezzate\/","og_site_name":"Pressenza","article_publisher":"https:\/\/www.facebook.com\/PressenzaItalia","article_published_time":"2025-07-16T09:16:31+00:00","og_image":[{"width":960,"height":640,"url":"https:\/\/www.pressenza.com\/wp-content\/uploads\/2025\/06\/Carcere.jpg","type":"image\/jpeg"}],"author":"Alessio Di Florio","twitter_card":"summary_large_image","twitter_creator":"@PressenzaIPA","twitter_site":"@PressenzaIPA","twitter_misc":{"Scritto da":"Alessio Di Florio","Tempo di lettura stimato":"3 minuti"},"schema":{"@context":"https:\/\/schema.org","@graph":[{"@type":"Article","@id":"https:\/\/www.pressenza.com\/it\/2025\/07\/in-carcere-si-muore-dietro-le-sbarre-aumentano-le-vite-spezzate\/#article","isPartOf":{"@id":"https:\/\/www.pressenza.com\/it\/2025\/07\/in-carcere-si-muore-dietro-le-sbarre-aumentano-le-vite-spezzate\/"},"author":{"name":"Alessio Di Florio","@id":"https:\/\/www.pressenza.com\/it\/#\/schema\/person\/727eb83f95962ed83c06040905743f28"},"headline":"In carcere si muore, dietro le sbarre aumentano le vite spezzate","datePublished":"2025-07-16T09:16:31+00:00","mainEntityOfPage":{"@id":"https:\/\/www.pressenza.com\/it\/2025\/07\/in-carcere-si-muore-dietro-le-sbarre-aumentano-le-vite-spezzate\/"},"wordCount":591,"publisher":{"@id":"https:\/\/www.pressenza.com\/it\/#organization"},"image":{"@id":"https:\/\/www.pressenza.com\/it\/2025\/07\/in-carcere-si-muore-dietro-le-sbarre-aumentano-le-vite-spezzate\/#primaryimage"},"thumbnailUrl":"https:\/\/www.pressenza.com\/wp-content\/uploads\/2025\/06\/Carcere.jpg","keywords":["carcere","casa lavoro","Garante","Lazio","Stefano Anastasia","Vasto"],"articleSection":["contenuti originali","Diritti Umani","Europa"],"inLanguage":"it-IT"},{"@type":"WebPage","@id":"https:\/\/www.pressenza.com\/it\/2025\/07\/in-carcere-si-muore-dietro-le-sbarre-aumentano-le-vite-spezzate\/","url":"https:\/\/www.pressenza.com\/it\/2025\/07\/in-carcere-si-muore-dietro-le-sbarre-aumentano-le-vite-spezzate\/","name":"In carcere si muore, dietro le sbarre aumentano le vite spezzate","isPartOf":{"@id":"https:\/\/www.pressenza.com\/it\/#website"},"primaryImageOfPage":{"@id":"https:\/\/www.pressenza.com\/it\/2025\/07\/in-carcere-si-muore-dietro-le-sbarre-aumentano-le-vite-spezzate\/#primaryimage"},"image":{"@id":"https:\/\/www.pressenza.com\/it\/2025\/07\/in-carcere-si-muore-dietro-le-sbarre-aumentano-le-vite-spezzate\/#primaryimage"},"thumbnailUrl":"https:\/\/www.pressenza.com\/wp-content\/uploads\/2025\/06\/Carcere.jpg","datePublished":"2025-07-16T09:16:31+00:00","description":"A Vasto un quarantenne si \u00e8 tolto la vita nella Casa Lavoro dieci giorni fa. \u00abAnche oggi un uomo si \u00e8 tolto la vita dietro le sbarre. \u00c8 successo proprio","breadcrumb":{"@id":"https:\/\/www.pressenza.com\/it\/2025\/07\/in-carcere-si-muore-dietro-le-sbarre-aumentano-le-vite-spezzate\/#breadcrumb"},"inLanguage":"it-IT","potentialAction":[{"@type":"ReadAction","target":["https:\/\/www.pressenza.com\/it\/2025\/07\/in-carcere-si-muore-dietro-le-sbarre-aumentano-le-vite-spezzate\/"]}]},{"@type":"ImageObject","inLanguage":"it-IT","@id":"https:\/\/www.pressenza.com\/it\/2025\/07\/in-carcere-si-muore-dietro-le-sbarre-aumentano-le-vite-spezzate\/#primaryimage","url":"https:\/\/www.pressenza.com\/wp-content\/uploads\/2025\/06\/Carcere.jpg","contentUrl":"https:\/\/www.pressenza.com\/wp-content\/uploads\/2025\/06\/Carcere.jpg","width":960,"height":640},{"@type":"BreadcrumbList","@id":"https:\/\/www.pressenza.com\/it\/2025\/07\/in-carcere-si-muore-dietro-le-sbarre-aumentano-le-vite-spezzate\/#breadcrumb","itemListElement":[{"@type":"ListItem","position":1,"name":"Accueil","item":"https:\/\/www.pressenza.com\/it\/"},{"@type":"ListItem","position":2,"name":"In carcere si muore, dietro le sbarre aumentano le vite spezzate"}]},{"@type":"WebSite","@id":"https:\/\/www.pressenza.com\/it\/#website","url":"https:\/\/www.pressenza.com\/it\/","name":"Pressenza","description":"Agenzia di Stampa Internazionale","publisher":{"@id":"https:\/\/www.pressenza.com\/it\/#organization"},"potentialAction":[{"@type":"SearchAction","target":{"@type":"EntryPoint","urlTemplate":"https:\/\/www.pressenza.com\/it\/?s={search_term_string}"},"query-input":{"@type":"PropertyValueSpecification","valueRequired":true,"valueName":"search_term_string"}}],"inLanguage":"it-IT"},{"@type":"Organization","@id":"https:\/\/www.pressenza.com\/it\/#organization","name":"Pressenza","url":"https:\/\/www.pressenza.com\/it\/","logo":{"@type":"ImageObject","inLanguage":"it-IT","@id":"https:\/\/www.pressenza.com\/it\/#\/schema\/logo\/image\/","url":"https:\/\/www.pressenza.com\/wp-content\/uploads\/2022\/10\/pressenza_logo_200x200.jpg","contentUrl":"https:\/\/www.pressenza.com\/wp-content\/uploads\/2022\/10\/pressenza_logo_200x200.jpg","width":200,"height":200,"caption":"Pressenza"},"image":{"@id":"https:\/\/www.pressenza.com\/it\/#\/schema\/logo\/image\/"},"sameAs":["https:\/\/www.facebook.com\/PressenzaItalia","https:\/\/x.com\/PressenzaIPA"]},{"@type":"Person","@id":"https:\/\/www.pressenza.com\/it\/#\/schema\/person\/727eb83f95962ed83c06040905743f28","name":"Alessio Di Florio","url":"https:\/\/www.pressenza.com\/it\/author\/alessio-di-florio\/"}]}},"place":"","original_article_url":"","_links":{"self":[{"href":"https:\/\/www.pressenza.com\/it\/wp-json\/wp\/v2\/posts\/2619775","targetHints":{"allow":["GET"]}}],"collection":[{"href":"https:\/\/www.pressenza.com\/it\/wp-json\/wp\/v2\/posts"}],"about":[{"href":"https:\/\/www.pressenza.com\/it\/wp-json\/wp\/v2\/types\/post"}],"author":[{"embeddable":true,"href":"https:\/\/www.pressenza.com\/it\/wp-json\/wp\/v2\/users\/902"}],"replies":[{"embeddable":true,"href":"https:\/\/www.pressenza.com\/it\/wp-json\/wp\/v2\/comments?post=2619775"}],"version-history":[{"count":2,"href":"https:\/\/www.pressenza.com\/it\/wp-json\/wp\/v2\/posts\/2619775\/revisions"}],"predecessor-version":[{"id":2619779,"href":"https:\/\/www.pressenza.com\/it\/wp-json\/wp\/v2\/posts\/2619775\/revisions\/2619779"}],"wp:featuredmedia":[{"embeddable":true,"href":"https:\/\/www.pressenza.com\/it\/wp-json\/wp\/v2\/media\/2611668"}],"wp:attachment":[{"href":"https:\/\/www.pressenza.com\/it\/wp-json\/wp\/v2\/media?parent=2619775"}],"wp:term":[{"taxonomy":"category","embeddable":true,"href":"https:\/\/www.pressenza.com\/it\/wp-json\/wp\/v2\/categories?post=2619775"},{"taxonomy":"post_tag","embeddable":true,"href":"https:\/\/www.pressenza.com\/it\/wp-json\/wp\/v2\/tags?post=2619775"}],"curies":[{"name":"wp","href":"https:\/\/api.w.org\/{rel}","templated":true}]}}