{"id":2617438,"date":"2025-07-07T10:02:56","date_gmt":"2025-07-07T09:02:56","guid":{"rendered":"https:\/\/www.pressenza.com\/?p=2617438"},"modified":"2025-07-07T10:09:59","modified_gmt":"2025-07-07T09:09:59","slug":"solidarieta-al-dottor-eugenio-serravalle-per-salvare-la-liberta-di-cura-di-espressione-e-di-divulgazione-scientifica","status":"publish","type":"post","link":"https:\/\/www.pressenza.com\/it\/2025\/07\/solidarieta-al-dottor-eugenio-serravalle-per-salvare-la-liberta-di-cura-di-espressione-e-di-divulgazione-scientifica\/","title":{"rendered":"Solidariet\u00e0 al Dottor Eugenio Serravalle: per salvare la libert\u00e0 di cura, di espressione e di divulgazione scientifica"},"content":{"rendered":"<p><em>\u201cMala tempora currunt\u201d<\/em>, ovvero \u201ccorrono tempi cattivi\u201d. Ma i latini a loro volta aggiungevano: <em>\u201csed peiora parantur\u201d<\/em> che significa \u201cma se ne preparano di peggiori\u201d. E&#8217; proprio quello che \u00e8 successo recentemente, il 29 giugno, quando il sindaco di Rosignano Marittimo, Claudio Marabotti (eletto lo scorso anno in quota 5 Stelle), ha minacciato di revocare il patrocinio comunale all\u2019Eco Festival della Val di Cecina se fosse salito sul palco dei relatori il dottor Eugenio Serravalle, grande pediatra, medico omeopata e divulgatore scientifico arcinoto a livello nazionale per le sue battaglie per la sana alimentazione, l&#8217;agroecologia, la difesa del latte materno, la salutogenesi, la prevenzione primaria, la salute pubblica, la libert\u00e0 di cura, la libert\u00e0 di scelta vaccinale, l&#8217;ecologia e l&#8217;ambiente, contro lo strapotere delle case farmaceutiche e i processi di medicalizzazione della societ\u00e0, oltre ad essere fondatore di <a href=\"https:\/\/www.assis.it\/\">AsSIS (Associazione di Studi e Informazione sulla Salute)<\/a>.<\/p>\n<p>Laureato in Medicina e Chirurgia a Pisa &#8211; Specializzato in Pediatria Preventiva e Puericultura e Patologia Neonatale a Pavia, Serravalle \u00e8 diplomato in Omeopatia Classica presso la Scuola Omeopatica di Livorno Opera ed esercita come libero professionista presso lo studio privato a Pisa. Consulente e responsabile di progetti di educazione alimentare (Comune di Pisa, Asili nido e scuole materne di Uliveto Terme, Nodica, Calci, Il girotondo e Il Nido d&#8217;ape di Pisa), \u00e8 docente presso l&#8217;Accademia di Omeopatia Classica Hahnemaniana di Firenze, relatore in numerose convegni e conferenze sul tema della salute in et\u00e0 pediatrica, oltre ad essere stato collaboratore del magistrato Ferdinando Imposimato sui temi della medicalizzazione della societ\u00e0 e dell\u2019ingerenza delle case farmaceutiche nelle politiche sanitarie italiane ai tempi dell&#8217;approvazione della Legge Lorenzin (119\/2017). Ha collaborato con il Coordinamento del Movimento Italiano per la Libert\u00e0 di Vaccinazione (Comilva) ed \u00e8 membro della Commissione Medico-Scientifica Indipendente (CMSi) che si sta occupando di indagare la Covid-19 con un approccio sindemico, rigettando quello riduzionista proposto dalla narrazione ufficiale. Saggista e divulgatore scientifico sui temi della salute e delle vaccinazioni pediatriche, ha scritto numerosissimi saggi come: <i>Bambini Supervaccinati (Edizioni Il leone verde); Tutto quello che occorre sapere prima di vaccinare proprio figlio (Edizioni SI); Vaccinare contro il tetano?; Vaccinare contro il papillomavirus? \u2013 (Edizioni Salus Infirmorum); Vaccinazioni: alla Ricerca del Rischio Minore; Coronavirus \u2013 COVID-19 \u2014No! Non \u00e8 andato tutto bene (Editore: Il Leone Verde).<\/i><\/p>\n<p>Quando un sindaco &#8211; rappresentante ufficiale dei principi e dei valori della nostra Carta Costituzionale su cui ha prestato giuramento &#8211; utilizza il proprio potere per censurare il diritto di parola di un medico perch\u00e9 non ne condivide il pensiero critico, \u00e8 sintomo di una sempre pi\u00f9 crescente\u00a0deriva antidemocratica. Chi conosce il dottor Serravalle sa bene che la sua prima passione \u00e8 la difesa della \u201cverit\u00e0\u201d, un paladino della difesa del diritto alla salute contro chi la vorrebbe ridurre a mera merce di scambio in nome di profitto, mercato, marketing e business. Basta scorrere i titoli degli articoli inseriti su AsSIS per rendersi conto del suo rigore scientifico che smaschera i conflitti di interesse che si nascondono dietro alcuni vaccini, soprattutto quelli riservati all&#8217;et\u00e0 pediatrica.<\/p>\n<p>Come <a href=\"https:\/\/www.assis.it\/grandi-e-piccole-censure\/\">ha scritto<\/a> Serravalle:<\/p>\n<p><em>&#8220;Avrei dovuto partecipare al Val di Cecina Eco Festival\u00a0di Rosignano M.mo, per condividere riflessioni su salute e prevenzione nei bambini \u2013 temi che da anni tratto con rigore scientifico e spirito divulgativo. L\u2019incontro \u00e8 stato annullato a seguito della minaccia del Sindaco di Rosignano di revocare il patrocinio comunale all\u2019evento, qualora io vi avessi preso parte. Cos\u00ec \u00e8 stato riferito dagli organizzatori.<\/em><\/p>\n<p><em>Se questo \u00e8 davvero accaduto, siamo di fronte a un grave atto di censura, proveniente proprio da quell\u2019Istituzione pubblica che per sua natura e funzione dovrebbe essere garante della libert\u00e0, del confronto e dei valori costituzionali.<\/em><\/p>\n<p><em>Una forma di\u00a0censura tanto pi\u00f9 preoccupante quanto pi\u00f9 sottile: non serve vietare esplicitamente la parola quando si pu\u00f2 agire per vie indirette, minacciando, condizionando, scoraggiando. (&#8230;) Quando un potere politico decide chi pu\u00f2 o non pu\u00f2 parlare in uno spazio pubblico sulla base delle sue idee \u2013 e non dei suoi atti o della veridicit\u00e0 di ci\u00f2 che afferma \u2013\u00a0non \u00e8 pi\u00f9 un garante della democrazia,\u00a0ma un suo ostacolo.<\/em><\/p>\n<p><em>Colpisce, e addolora, che questo bavaglio arrivi da forze politiche che si dichiarano progressiste. Quelle che a parole si ispirano ai valori della partecipazione, della tolleranza, dell\u2019inclusione, dell\u2019onest\u00e0 intellettuale. Eppure oggi sembrano dire:\u00a0\u201cProgressisti s\u00ec, ma non con chi dissente\u201d. La libert\u00e0 di parola \u00e8 universale o non \u00e8.<\/em><\/p>\n<p><em>Come ammoniva Pier Paolo Pasolini:\u00a0\u201cLa verit\u00e0 non sta in un solo sogno, ma in molti sogni.\u201d<br \/>\nE se la verit\u00e0 \u00e8 fatta di molte voci, allora il silenzio imposto a una di esse non \u00e8 protezione del bene comune, ma\u00a0paura della complessit\u00e0.<\/em><\/p>\n<p><em>Ricordava Norberto Bobbio che\u00a0\u201cUna democrazia senza opposizione \u00e8 una contraddizione in termini.\u201d<\/em><br \/>\n<em>Ed \u00e8 proprio nel\u00a0riconoscere la legittimit\u00e0 del dissenso\u00a0che si misura la tenuta di una societ\u00e0 civile e democratica.<\/em><\/p>\n<p><em>\u00c8 essenziale\u00a0vigilare. Non solo per difendere la mia libert\u00e0 di parola, ma\u00a0per la libert\u00e0 di tutti: di chi la pensa come me e di chi non la pensa affatto cos\u00ec.<\/em><br \/>\n<em>Perch\u00e9 la libert\u00e0 di espressione non \u00e8 un favore da concedere, ma un\u00a0diritto\u00a0da rispettare.<\/em><br \/>\n<em>E solo attraverso un dialogo aperto, rispettoso e plurale possiamo costruire una societ\u00e0 pi\u00f9 giusta, pi\u00f9 consapevole e pi\u00f9 forte.&#8221;<\/em><\/p>\n<p>Ancora pi\u00f9 grave \u00e8 il fatto che la censura provenga da un sindaco proveniente dal MoVimento 5 Stelle, movimento politico nato nel 2009 ispirandosi agli ideali della decrescita, dell&#8217;ambientalismo, dell&#8217;anti-corruzione e in critica a tutti quei processi di ingerenza delle multinazionali sul &#8220;governo della vita&#8221; (per citare il giurista Stefano Rodot\u00e0) delle persone e che ne minano l&#8217;indipendenza e l&#8217;autonomia nell&#8217;agire e nello scegliere in libert\u00e0 soprattutto sui temi della salute, della cura, della libert\u00e0 di scelta vaccinale e dell&#8217;alimentazione. La gravit\u00e0 della decisione del sindaco di Rosignano di censurare un medico della statura del dottor Serravalle, noto in tutta Italia per la sua preparazione e per il suo rigore, sia dal punto di vista scientifico che umano, avrebbe trovato in Beppe Grillo, fondatore del movimento 5 Stelle, un supporter di primissimo piano.<\/p>\n<p><em>&#8220;Ma anche questo<\/em> &#8211; come <a href=\"https:\/\/www.toscanatoday.it\/dottor-serravalle-noi-siamo-solidali-con-lei\/\">ha scritto<\/a> la giornalista Patrizia Bardelli &#8211; <em>\u00e8 il segno dei tempi ed anche i 5 Stelle hanno perso evidentemente quella verve e quella indipendenza di pensiero critico che ha fatto del loro fondatore un caso nazionale&#8221;.<\/em><\/p>\n<p>Come ha dichiarato il dottor Serravalle a ToscanaToday: <em>\u201cLa libert\u00e0 di parola non serve per ascoltare chi ci rassicura, ma chi ci sfida. Non si difende quando ci \u00e8 comoda: si difende quando mette in discussione le nostre certezze. Chi amministra la cosa pubblica dovrebbe onorare la Costituzione, non piegarla al proprio tornaconto o alle convenienze ideologiche. Un patrocinio negato perch\u00e9 qualcuno dissente \u00e8 un atto di debolezza, non di autorevolezza. Io continuer\u00f2 a parlare. In piazza, nei libri, nei teatri. Non per polemica, ma perch\u00e9 educare al pensiero critico \u00e8 un atto d\u2019amore verso la democrazia. E ricordiamolo tutti: Il silenzio degli altri non \u00e8 libert\u00e0, \u00e8 complicit\u00e0\u201d. <\/em><\/p>\n<p id=\"h-la-reazione-ufficiale-del-dottor-eugenio-serravalle-lettera-aperta-al-sindaco-di-rosignano\" class=\"wp-block-heading\"><strong>Pubblichiamo la<\/strong>\u00a0<strong><a href=\"https:\/\/www.assis.it\/liberta-di-parola-o-patrocinio-a-condizioni\/\" data-cmp-ab=\"2\">Lettera aperta del dottor Eugenio\u00a0Serravalle al Sindaco di Rosignano<\/a>:<\/strong><\/p>\n<p><em>Egregio Signor Sindaco,<\/em><\/p>\n<p>ho appreso con dispiacere che la mia partecipazione all\u2019Eco Festival di Val di Cecina \u00e8 stata annullata, a seguito della Sua decisione \u2013 esplicita o implicita \u2013 di revocare il patrocinio del Comune in caso di mia presenza. Una scelta che, pur legittima sotto il profilo amministrativo, merita una riflessione pubblica pi\u00f9 ampia, alla luce del ruolo istituzionale che Lei ricopre e dei valori che una democrazia matura \u00e8 chiamata a difendere.<\/p>\n<p>L\u2019articolo 21 della nostra Costituzione afferma che \u201cTutti hanno diritto di manifestare liberamente il proprio pensiero con la parola, lo scritto e ogni altro mezzo di diffusione.\u201d \u00c8 una dichiarazione potente, netta, nata dalle macerie del fascismo proprio per garantire che nessuna autorit\u00e0, neppure la pi\u00f9 benintenzionata, possa impedire l\u2019espressione libera del pensiero, anche \u2013 e soprattutto \u2013 quando quel pensiero \u00e8 scomodo, minoritario o controcorrente.<\/p>\n<p>Negare o condizionare la partecipazione a un evento culturale in base alle opinioni personali di un relatore \u2013 per quanto distanti possano essere dalle sue \u2013 non \u00e8 solo una scelta discutibile: \u00e8 un segnale preoccupante. Significa subordinare il dibattito alla convenienza politica, trasformando il patrocinio pubblico in uno strumento di censura indiretta. In nome di cosa? Del decoro? Della reputazione dell\u2019ente? O, pi\u00f9 banalmente, del timore del dissenso?<\/p>\n<p>Vorrei ricordare \u2013 a Lei e a chi ha deciso con Lei \u2013 che la libert\u00e0 di parola non si difende quando \u00e8 comoda: si difende proprio quando ci mette alla prova. Scriveva Evelyn Beatrice Hall, riassumendo il pensiero di Voltaire:\u00a0<em>\u201cNon sono d\u2019accordo con quello che dici, ma darei la vita perch\u00e9 tu possa dirlo.\u201d<\/em>\u00a0Questa \u00e8 la postura etica che ogni rappresentante delle istituzioni dovrebbe assumere di fronte alle opinioni altrui: non condivisione, ma rispetto; non approvazione, ma garanzia di agibilit\u00e0. La mia attivit\u00e0, da anni, si basa sullo studio, sull\u2019analisi dei dati scientifici, sull\u2019invito al pensiero critico e sulla promozione della salute attraverso stili di vita consapevoli. Ho certamente espresso visioni non allineate a quelle dominanti, talvolta provocatorie, sempre argomentate e fondate su fonti scientifiche. Questo, in una societ\u00e0 viva, dovrebbe essere accolto come una risorsa, non come una minaccia. In un festival che porta nel nome il valore dell\u2019\u201ceco\u201d \u2013 ovvero dell\u2019ambiente, della pluralit\u00e0, del ritorno delle voci \u2013 non dovrebbe mai mancare lo spazio per il confronto aperto. Che messaggio riceveranno oggi i giovani, i cittadini, gli educatori, di fronte a questa censura mascherata da patrocinio? Che il dissenso va zittito? Che il pensiero critico deve restare fuori dalle piazze? Che \u00e8 meglio tacere per non perdere appoggi?<\/p>\n<p>Eppure, proprio oggi, in un mondo sempre pi\u00f9 conformista e polarizzato, abbiamo bisogno di tornare a educare al dubbio, al confronto, alla responsabilit\u00e0 del pensiero. Non esiste democrazia senza libert\u00e0 di parola. Non esiste comunit\u00e0 sana senza la possibilit\u00e0 di ascoltare voci diverse.<\/p>\n<p>Signor Sindaco, questa lettera non \u00e8 un atto di polemica, ma un appello: difendere la libert\u00e0 di espressione non \u00e8 un favore che si concede, \u00e8 un dovere che si onora.<\/p>\n<p>Non per me, ma per la dignit\u00e0 della nostra Costituzione e per il futuro del pensiero libero nel nostro Paese.<\/p>\n<p><em>Cordialmente,<\/em><\/p>\n<p><strong><em>Eugenio Serravalle<\/em><\/strong><em><br \/>\nMedico, pediatra e cittadino<\/em><\/p>\n","protected":false},"excerpt":{"rendered":"<p>\u201cMala tempora currunt\u201d, ovvero \u201ccorrono tempi cattivi\u201d. Ma i latini a loro volta aggiungevano: \u201csed peiora parantur\u201d che significa \u201cma se ne preparano di peggiori\u201d. E&#8217; proprio quello che \u00e8 successo recentemente, il 29 giugno, quando il sindaco di Rosignano&hellip;<\/p>\n","protected":false},"author":1887,"featured_media":2617468,"comment_status":"closed","ping_status":"closed","sticky":false,"template":"","format":"standard","meta":{"footnotes":""},"categories":[11388,60,47,1261,1259],"tags":[37932,3716,1104,139385,139390,139386,139388,9217,139387,3343,139389,139391,139392],"class_list":["post-2617438","post","type-post","status-publish","format-standard","has-post-thumbnail","hentry","category-contenuti-originali","category-diritti-umani","category-europa","category-diversita","category-salute-argomento","tag-assis","tag-beppe-grillo","tag-censura-it","tag-dottor-eugenio-serravalle","tag-giornalista-patrizia-bardelli","tag-liberta-di-cura","tag-liberta-di-divulgazione-scientifica","tag-liberta-di-espressione","tag-liberta-di-scelta-vaccinale","tag-movimento-5-stelle","tag-sindaco-di-rosignano-marittimo-claudio-marabotti","tag-toscanatoday","tag-val-di-cecina-eco-festival-di-rosignano-marittimo"],"yoast_head":"<!-- This site is optimized with the Yoast SEO plugin v27.1.1 - https:\/\/yoast.com\/product\/yoast-seo-wordpress\/ -->\n<title>Solidariet\u00e0 al Dottor Eugenio Serravalle: per salvare la libert\u00e0 di cura, di espressione e di divulgazione scientifica<\/title>\n<meta name=\"description\" content=\"\u201cMala tempora currunt\u201d, ovvero \u201ccorrono tempi cattivi\u201d. Ma i latini a loro volta aggiungevano: \u201csed peiora parantur\u201d che significa \u201cma se ne preparano di\" \/>\n<meta name=\"robots\" content=\"index, follow, max-snippet:-1, max-image-preview:large, max-video-preview:-1\" \/>\n<link rel=\"canonical\" href=\"https:\/\/www.pressenza.com\/it\/2025\/07\/solidarieta-al-dottor-eugenio-serravalle-per-salvare-la-liberta-di-cura-di-espressione-e-di-divulgazione-scientifica\/\" \/>\n<meta property=\"og:locale\" content=\"it_IT\" \/>\n<meta property=\"og:type\" content=\"article\" \/>\n<meta property=\"og:title\" content=\"Solidariet\u00e0 al Dottor Eugenio Serravalle: per salvare la libert\u00e0 di cura, di espressione e di divulgazione scientifica\" \/>\n<meta property=\"og:description\" content=\"\u201cMala tempora currunt\u201d, ovvero \u201ccorrono tempi cattivi\u201d. Ma i latini a loro volta aggiungevano: \u201csed peiora parantur\u201d che significa \u201cma se ne preparano di\" \/>\n<meta property=\"og:url\" content=\"https:\/\/www.pressenza.com\/it\/2025\/07\/solidarieta-al-dottor-eugenio-serravalle-per-salvare-la-liberta-di-cura-di-espressione-e-di-divulgazione-scientifica\/\" \/>\n<meta property=\"og:site_name\" content=\"Pressenza\" \/>\n<meta property=\"article:publisher\" content=\"https:\/\/www.facebook.com\/PressenzaItalia\" \/>\n<meta property=\"article:published_time\" content=\"2025-07-07T09:02:56+00:00\" \/>\n<meta property=\"article:modified_time\" content=\"2025-07-07T09:09:59+00:00\" \/>\n<meta property=\"og:image\" content=\"https:\/\/www.pressenza.com\/wp-content\/uploads\/2025\/07\/Evento-censurato-per-presenza-del-Dottor-Eugenio-Serravalle.jpeg\" \/>\n\t<meta property=\"og:image:width\" content=\"1131\" \/>\n\t<meta property=\"og:image:height\" content=\"640\" \/>\n\t<meta property=\"og:image:type\" content=\"image\/jpeg\" \/>\n<meta name=\"author\" content=\"Lorenzo Poli\" \/>\n<meta name=\"twitter:card\" content=\"summary_large_image\" \/>\n<meta name=\"twitter:creator\" content=\"@PressenzaIPA\" \/>\n<meta name=\"twitter:site\" content=\"@PressenzaIPA\" \/>\n<meta name=\"twitter:label1\" content=\"Scritto da\" \/>\n\t<meta name=\"twitter:data1\" content=\"Lorenzo Poli\" \/>\n\t<meta name=\"twitter:label2\" content=\"Tempo di lettura stimato\" \/>\n\t<meta name=\"twitter:data2\" content=\"8 minuti\" \/>\n<script type=\"application\/ld+json\" class=\"yoast-schema-graph\">{\"@context\":\"https:\/\/schema.org\",\"@graph\":[{\"@type\":\"Article\",\"@id\":\"https:\/\/www.pressenza.com\/it\/2025\/07\/solidarieta-al-dottor-eugenio-serravalle-per-salvare-la-liberta-di-cura-di-espressione-e-di-divulgazione-scientifica\/#article\",\"isPartOf\":{\"@id\":\"https:\/\/www.pressenza.com\/it\/2025\/07\/solidarieta-al-dottor-eugenio-serravalle-per-salvare-la-liberta-di-cura-di-espressione-e-di-divulgazione-scientifica\/\"},\"author\":{\"name\":\"Lorenzo Poli\",\"@id\":\"https:\/\/www.pressenza.com\/it\/#\/schema\/person\/83cab62d5aaad28d2ef7c9b71a62926b\"},\"headline\":\"Solidariet\u00e0 al Dottor Eugenio Serravalle: per salvare la libert\u00e0 di cura, di espressione e di divulgazione scientifica\",\"datePublished\":\"2025-07-07T09:02:56+00:00\",\"dateModified\":\"2025-07-07T09:09:59+00:00\",\"mainEntityOfPage\":{\"@id\":\"https:\/\/www.pressenza.com\/it\/2025\/07\/solidarieta-al-dottor-eugenio-serravalle-per-salvare-la-liberta-di-cura-di-espressione-e-di-divulgazione-scientifica\/\"},\"wordCount\":1680,\"publisher\":{\"@id\":\"https:\/\/www.pressenza.com\/it\/#organization\"},\"image\":{\"@id\":\"https:\/\/www.pressenza.com\/it\/2025\/07\/solidarieta-al-dottor-eugenio-serravalle-per-salvare-la-liberta-di-cura-di-espressione-e-di-divulgazione-scientifica\/#primaryimage\"},\"thumbnailUrl\":\"https:\/\/www.pressenza.com\/wp-content\/uploads\/2025\/07\/Evento-censurato-per-presenza-del-Dottor-Eugenio-Serravalle.jpeg\",\"keywords\":[\"AsSIS\",\"Beppe Grillo\",\"censura\",\"Dottor Eugenio Serravalle\",\"giornalista Patrizia Bardelli\",\"libert\u00e0 di cura\",\"libert\u00e0 di divulgazione scientifica\",\"libert\u00e0 di espressione\",\"libert\u00e0 di scelta vaccinale\",\"Movimento 5 Stelle\",\"sindaco di Rosignano Marittimo Claudio Marabotti\",\"ToscanaToday\",\"Val di Cecina Eco Festival\u00a0di Rosignano Marittimo\"],\"articleSection\":[\"contenuti originali\",\"Diritti Umani\",\"Europa\",\"Non discriminazione\",\"Salute\"],\"inLanguage\":\"it-IT\"},{\"@type\":\"WebPage\",\"@id\":\"https:\/\/www.pressenza.com\/it\/2025\/07\/solidarieta-al-dottor-eugenio-serravalle-per-salvare-la-liberta-di-cura-di-espressione-e-di-divulgazione-scientifica\/\",\"url\":\"https:\/\/www.pressenza.com\/it\/2025\/07\/solidarieta-al-dottor-eugenio-serravalle-per-salvare-la-liberta-di-cura-di-espressione-e-di-divulgazione-scientifica\/\",\"name\":\"Solidariet\u00e0 al Dottor Eugenio Serravalle: per salvare la libert\u00e0 di cura, di espressione e di divulgazione scientifica\",\"isPartOf\":{\"@id\":\"https:\/\/www.pressenza.com\/it\/#website\"},\"primaryImageOfPage\":{\"@id\":\"https:\/\/www.pressenza.com\/it\/2025\/07\/solidarieta-al-dottor-eugenio-serravalle-per-salvare-la-liberta-di-cura-di-espressione-e-di-divulgazione-scientifica\/#primaryimage\"},\"image\":{\"@id\":\"https:\/\/www.pressenza.com\/it\/2025\/07\/solidarieta-al-dottor-eugenio-serravalle-per-salvare-la-liberta-di-cura-di-espressione-e-di-divulgazione-scientifica\/#primaryimage\"},\"thumbnailUrl\":\"https:\/\/www.pressenza.com\/wp-content\/uploads\/2025\/07\/Evento-censurato-per-presenza-del-Dottor-Eugenio-Serravalle.jpeg\",\"datePublished\":\"2025-07-07T09:02:56+00:00\",\"dateModified\":\"2025-07-07T09:09:59+00:00\",\"description\":\"\u201cMala tempora currunt\u201d, ovvero \u201ccorrono tempi cattivi\u201d. Ma i latini a loro volta aggiungevano: \u201csed peiora parantur\u201d che significa \u201cma se ne preparano di\",\"breadcrumb\":{\"@id\":\"https:\/\/www.pressenza.com\/it\/2025\/07\/solidarieta-al-dottor-eugenio-serravalle-per-salvare-la-liberta-di-cura-di-espressione-e-di-divulgazione-scientifica\/#breadcrumb\"},\"inLanguage\":\"it-IT\",\"potentialAction\":[{\"@type\":\"ReadAction\",\"target\":[\"https:\/\/www.pressenza.com\/it\/2025\/07\/solidarieta-al-dottor-eugenio-serravalle-per-salvare-la-liberta-di-cura-di-espressione-e-di-divulgazione-scientifica\/\"]}]},{\"@type\":\"ImageObject\",\"inLanguage\":\"it-IT\",\"@id\":\"https:\/\/www.pressenza.com\/it\/2025\/07\/solidarieta-al-dottor-eugenio-serravalle-per-salvare-la-liberta-di-cura-di-espressione-e-di-divulgazione-scientifica\/#primaryimage\",\"url\":\"https:\/\/www.pressenza.com\/wp-content\/uploads\/2025\/07\/Evento-censurato-per-presenza-del-Dottor-Eugenio-Serravalle.jpeg\",\"contentUrl\":\"https:\/\/www.pressenza.com\/wp-content\/uploads\/2025\/07\/Evento-censurato-per-presenza-del-Dottor-Eugenio-Serravalle.jpeg\",\"width\":1131,\"height\":640},{\"@type\":\"BreadcrumbList\",\"@id\":\"https:\/\/www.pressenza.com\/it\/2025\/07\/solidarieta-al-dottor-eugenio-serravalle-per-salvare-la-liberta-di-cura-di-espressione-e-di-divulgazione-scientifica\/#breadcrumb\",\"itemListElement\":[{\"@type\":\"ListItem\",\"position\":1,\"name\":\"Accueil\",\"item\":\"https:\/\/www.pressenza.com\/it\/\"},{\"@type\":\"ListItem\",\"position\":2,\"name\":\"Solidariet\u00e0 al Dottor Eugenio Serravalle: per salvare la libert\u00e0 di cura, di espressione e di divulgazione scientifica\"}]},{\"@type\":\"WebSite\",\"@id\":\"https:\/\/www.pressenza.com\/it\/#website\",\"url\":\"https:\/\/www.pressenza.com\/it\/\",\"name\":\"Pressenza\",\"description\":\"Agenzia di Stampa Internazionale\",\"publisher\":{\"@id\":\"https:\/\/www.pressenza.com\/it\/#organization\"},\"potentialAction\":[{\"@type\":\"SearchAction\",\"target\":{\"@type\":\"EntryPoint\",\"urlTemplate\":\"https:\/\/www.pressenza.com\/it\/?s={search_term_string}\"},\"query-input\":{\"@type\":\"PropertyValueSpecification\",\"valueRequired\":true,\"valueName\":\"search_term_string\"}}],\"inLanguage\":\"it-IT\"},{\"@type\":\"Organization\",\"@id\":\"https:\/\/www.pressenza.com\/it\/#organization\",\"name\":\"Pressenza\",\"url\":\"https:\/\/www.pressenza.com\/it\/\",\"logo\":{\"@type\":\"ImageObject\",\"inLanguage\":\"it-IT\",\"@id\":\"https:\/\/www.pressenza.com\/it\/#\/schema\/logo\/image\/\",\"url\":\"https:\/\/www.pressenza.com\/wp-content\/uploads\/2022\/10\/pressenza_logo_200x200.jpg\",\"contentUrl\":\"https:\/\/www.pressenza.com\/wp-content\/uploads\/2022\/10\/pressenza_logo_200x200.jpg\",\"width\":200,\"height\":200,\"caption\":\"Pressenza\"},\"image\":{\"@id\":\"https:\/\/www.pressenza.com\/it\/#\/schema\/logo\/image\/\"},\"sameAs\":[\"https:\/\/www.facebook.com\/PressenzaItalia\",\"https:\/\/x.com\/PressenzaIPA\"]},{\"@type\":\"Person\",\"@id\":\"https:\/\/www.pressenza.com\/it\/#\/schema\/person\/83cab62d5aaad28d2ef7c9b71a62926b\",\"name\":\"Lorenzo Poli\",\"url\":\"https:\/\/www.pressenza.com\/it\/author\/lorenzo-poli\/\"}]}<\/script>\n<!-- \/ Yoast SEO plugin. -->","yoast_head_json":{"title":"Solidariet\u00e0 al Dottor Eugenio Serravalle: per salvare la libert\u00e0 di cura, di espressione e di divulgazione scientifica","description":"\u201cMala tempora currunt\u201d, ovvero \u201ccorrono tempi cattivi\u201d. Ma i latini a loro volta aggiungevano: \u201csed peiora parantur\u201d che significa \u201cma se ne preparano di","robots":{"index":"index","follow":"follow","max-snippet":"max-snippet:-1","max-image-preview":"max-image-preview:large","max-video-preview":"max-video-preview:-1"},"canonical":"https:\/\/www.pressenza.com\/it\/2025\/07\/solidarieta-al-dottor-eugenio-serravalle-per-salvare-la-liberta-di-cura-di-espressione-e-di-divulgazione-scientifica\/","og_locale":"it_IT","og_type":"article","og_title":"Solidariet\u00e0 al Dottor Eugenio Serravalle: per salvare la libert\u00e0 di cura, di espressione e di divulgazione scientifica","og_description":"\u201cMala tempora currunt\u201d, ovvero \u201ccorrono tempi cattivi\u201d. Ma i latini a loro volta aggiungevano: \u201csed peiora parantur\u201d che significa \u201cma se ne preparano di","og_url":"https:\/\/www.pressenza.com\/it\/2025\/07\/solidarieta-al-dottor-eugenio-serravalle-per-salvare-la-liberta-di-cura-di-espressione-e-di-divulgazione-scientifica\/","og_site_name":"Pressenza","article_publisher":"https:\/\/www.facebook.com\/PressenzaItalia","article_published_time":"2025-07-07T09:02:56+00:00","article_modified_time":"2025-07-07T09:09:59+00:00","og_image":[{"width":1131,"height":640,"url":"https:\/\/www.pressenza.com\/wp-content\/uploads\/2025\/07\/Evento-censurato-per-presenza-del-Dottor-Eugenio-Serravalle.jpeg","type":"image\/jpeg"}],"author":"Lorenzo Poli","twitter_card":"summary_large_image","twitter_creator":"@PressenzaIPA","twitter_site":"@PressenzaIPA","twitter_misc":{"Scritto da":"Lorenzo Poli","Tempo di lettura stimato":"8 minuti"},"schema":{"@context":"https:\/\/schema.org","@graph":[{"@type":"Article","@id":"https:\/\/www.pressenza.com\/it\/2025\/07\/solidarieta-al-dottor-eugenio-serravalle-per-salvare-la-liberta-di-cura-di-espressione-e-di-divulgazione-scientifica\/#article","isPartOf":{"@id":"https:\/\/www.pressenza.com\/it\/2025\/07\/solidarieta-al-dottor-eugenio-serravalle-per-salvare-la-liberta-di-cura-di-espressione-e-di-divulgazione-scientifica\/"},"author":{"name":"Lorenzo Poli","@id":"https:\/\/www.pressenza.com\/it\/#\/schema\/person\/83cab62d5aaad28d2ef7c9b71a62926b"},"headline":"Solidariet\u00e0 al Dottor Eugenio Serravalle: per salvare la libert\u00e0 di cura, di espressione e di divulgazione scientifica","datePublished":"2025-07-07T09:02:56+00:00","dateModified":"2025-07-07T09:09:59+00:00","mainEntityOfPage":{"@id":"https:\/\/www.pressenza.com\/it\/2025\/07\/solidarieta-al-dottor-eugenio-serravalle-per-salvare-la-liberta-di-cura-di-espressione-e-di-divulgazione-scientifica\/"},"wordCount":1680,"publisher":{"@id":"https:\/\/www.pressenza.com\/it\/#organization"},"image":{"@id":"https:\/\/www.pressenza.com\/it\/2025\/07\/solidarieta-al-dottor-eugenio-serravalle-per-salvare-la-liberta-di-cura-di-espressione-e-di-divulgazione-scientifica\/#primaryimage"},"thumbnailUrl":"https:\/\/www.pressenza.com\/wp-content\/uploads\/2025\/07\/Evento-censurato-per-presenza-del-Dottor-Eugenio-Serravalle.jpeg","keywords":["AsSIS","Beppe Grillo","censura","Dottor Eugenio Serravalle","giornalista Patrizia Bardelli","libert\u00e0 di cura","libert\u00e0 di divulgazione scientifica","libert\u00e0 di espressione","libert\u00e0 di scelta vaccinale","Movimento 5 Stelle","sindaco di Rosignano Marittimo Claudio Marabotti","ToscanaToday","Val di Cecina Eco Festival\u00a0di Rosignano Marittimo"],"articleSection":["contenuti originali","Diritti Umani","Europa","Non discriminazione","Salute"],"inLanguage":"it-IT"},{"@type":"WebPage","@id":"https:\/\/www.pressenza.com\/it\/2025\/07\/solidarieta-al-dottor-eugenio-serravalle-per-salvare-la-liberta-di-cura-di-espressione-e-di-divulgazione-scientifica\/","url":"https:\/\/www.pressenza.com\/it\/2025\/07\/solidarieta-al-dottor-eugenio-serravalle-per-salvare-la-liberta-di-cura-di-espressione-e-di-divulgazione-scientifica\/","name":"Solidariet\u00e0 al Dottor Eugenio Serravalle: per salvare la libert\u00e0 di cura, di espressione e di divulgazione scientifica","isPartOf":{"@id":"https:\/\/www.pressenza.com\/it\/#website"},"primaryImageOfPage":{"@id":"https:\/\/www.pressenza.com\/it\/2025\/07\/solidarieta-al-dottor-eugenio-serravalle-per-salvare-la-liberta-di-cura-di-espressione-e-di-divulgazione-scientifica\/#primaryimage"},"image":{"@id":"https:\/\/www.pressenza.com\/it\/2025\/07\/solidarieta-al-dottor-eugenio-serravalle-per-salvare-la-liberta-di-cura-di-espressione-e-di-divulgazione-scientifica\/#primaryimage"},"thumbnailUrl":"https:\/\/www.pressenza.com\/wp-content\/uploads\/2025\/07\/Evento-censurato-per-presenza-del-Dottor-Eugenio-Serravalle.jpeg","datePublished":"2025-07-07T09:02:56+00:00","dateModified":"2025-07-07T09:09:59+00:00","description":"\u201cMala tempora currunt\u201d, ovvero \u201ccorrono tempi cattivi\u201d. Ma i latini a loro volta aggiungevano: \u201csed peiora parantur\u201d che significa \u201cma se ne preparano di","breadcrumb":{"@id":"https:\/\/www.pressenza.com\/it\/2025\/07\/solidarieta-al-dottor-eugenio-serravalle-per-salvare-la-liberta-di-cura-di-espressione-e-di-divulgazione-scientifica\/#breadcrumb"},"inLanguage":"it-IT","potentialAction":[{"@type":"ReadAction","target":["https:\/\/www.pressenza.com\/it\/2025\/07\/solidarieta-al-dottor-eugenio-serravalle-per-salvare-la-liberta-di-cura-di-espressione-e-di-divulgazione-scientifica\/"]}]},{"@type":"ImageObject","inLanguage":"it-IT","@id":"https:\/\/www.pressenza.com\/it\/2025\/07\/solidarieta-al-dottor-eugenio-serravalle-per-salvare-la-liberta-di-cura-di-espressione-e-di-divulgazione-scientifica\/#primaryimage","url":"https:\/\/www.pressenza.com\/wp-content\/uploads\/2025\/07\/Evento-censurato-per-presenza-del-Dottor-Eugenio-Serravalle.jpeg","contentUrl":"https:\/\/www.pressenza.com\/wp-content\/uploads\/2025\/07\/Evento-censurato-per-presenza-del-Dottor-Eugenio-Serravalle.jpeg","width":1131,"height":640},{"@type":"BreadcrumbList","@id":"https:\/\/www.pressenza.com\/it\/2025\/07\/solidarieta-al-dottor-eugenio-serravalle-per-salvare-la-liberta-di-cura-di-espressione-e-di-divulgazione-scientifica\/#breadcrumb","itemListElement":[{"@type":"ListItem","position":1,"name":"Accueil","item":"https:\/\/www.pressenza.com\/it\/"},{"@type":"ListItem","position":2,"name":"Solidariet\u00e0 al Dottor Eugenio Serravalle: per salvare la libert\u00e0 di cura, di espressione e di divulgazione scientifica"}]},{"@type":"WebSite","@id":"https:\/\/www.pressenza.com\/it\/#website","url":"https:\/\/www.pressenza.com\/it\/","name":"Pressenza","description":"Agenzia di Stampa Internazionale","publisher":{"@id":"https:\/\/www.pressenza.com\/it\/#organization"},"potentialAction":[{"@type":"SearchAction","target":{"@type":"EntryPoint","urlTemplate":"https:\/\/www.pressenza.com\/it\/?s={search_term_string}"},"query-input":{"@type":"PropertyValueSpecification","valueRequired":true,"valueName":"search_term_string"}}],"inLanguage":"it-IT"},{"@type":"Organization","@id":"https:\/\/www.pressenza.com\/it\/#organization","name":"Pressenza","url":"https:\/\/www.pressenza.com\/it\/","logo":{"@type":"ImageObject","inLanguage":"it-IT","@id":"https:\/\/www.pressenza.com\/it\/#\/schema\/logo\/image\/","url":"https:\/\/www.pressenza.com\/wp-content\/uploads\/2022\/10\/pressenza_logo_200x200.jpg","contentUrl":"https:\/\/www.pressenza.com\/wp-content\/uploads\/2022\/10\/pressenza_logo_200x200.jpg","width":200,"height":200,"caption":"Pressenza"},"image":{"@id":"https:\/\/www.pressenza.com\/it\/#\/schema\/logo\/image\/"},"sameAs":["https:\/\/www.facebook.com\/PressenzaItalia","https:\/\/x.com\/PressenzaIPA"]},{"@type":"Person","@id":"https:\/\/www.pressenza.com\/it\/#\/schema\/person\/83cab62d5aaad28d2ef7c9b71a62926b","name":"Lorenzo Poli","url":"https:\/\/www.pressenza.com\/it\/author\/lorenzo-poli\/"}]}},"place":"","original_article_url":"","_links":{"self":[{"href":"https:\/\/www.pressenza.com\/it\/wp-json\/wp\/v2\/posts\/2617438","targetHints":{"allow":["GET"]}}],"collection":[{"href":"https:\/\/www.pressenza.com\/it\/wp-json\/wp\/v2\/posts"}],"about":[{"href":"https:\/\/www.pressenza.com\/it\/wp-json\/wp\/v2\/types\/post"}],"author":[{"embeddable":true,"href":"https:\/\/www.pressenza.com\/it\/wp-json\/wp\/v2\/users\/1887"}],"replies":[{"embeddable":true,"href":"https:\/\/www.pressenza.com\/it\/wp-json\/wp\/v2\/comments?post=2617438"}],"version-history":[{"count":5,"href":"https:\/\/www.pressenza.com\/it\/wp-json\/wp\/v2\/posts\/2617438\/revisions"}],"predecessor-version":[{"id":2617469,"href":"https:\/\/www.pressenza.com\/it\/wp-json\/wp\/v2\/posts\/2617438\/revisions\/2617469"}],"wp:featuredmedia":[{"embeddable":true,"href":"https:\/\/www.pressenza.com\/it\/wp-json\/wp\/v2\/media\/2617468"}],"wp:attachment":[{"href":"https:\/\/www.pressenza.com\/it\/wp-json\/wp\/v2\/media?parent=2617438"}],"wp:term":[{"taxonomy":"category","embeddable":true,"href":"https:\/\/www.pressenza.com\/it\/wp-json\/wp\/v2\/categories?post=2617438"},{"taxonomy":"post_tag","embeddable":true,"href":"https:\/\/www.pressenza.com\/it\/wp-json\/wp\/v2\/tags?post=2617438"}],"curies":[{"name":"wp","href":"https:\/\/api.w.org\/{rel}","templated":true}]}}