{"id":2616998,"date":"2025-07-05T22:53:48","date_gmt":"2025-07-05T21:53:48","guid":{"rendered":"https:\/\/www.pressenza.com\/?p=2616998"},"modified":"2025-07-05T22:57:39","modified_gmt":"2025-07-05T21:57:39","slug":"il-trattato-di-proibizione-delle-armi-nucleari-e-una-grande-rivoluzione-per-lumanita","status":"publish","type":"post","link":"https:\/\/www.pressenza.com\/it\/2025\/07\/il-trattato-di-proibizione-delle-armi-nucleari-e-una-grande-rivoluzione-per-lumanita\/","title":{"rendered":"Il Trattato di Proibizione delle Armi Nucleari \u00e8 una grande rivoluzione per l\u2019umanit\u00e0"},"content":{"rendered":"<p>Il 22 gennaio 2021 \u00e8 entrato in vigore a livello mondiale il TPAN- Trattato di Proibizione delle Armi Nucleari, uno dei tanti tasselli del lavoro e del percorso per la pace del XXI secolo insieme alle costituzioni nate dalla Resistenza al nazifascismo, insieme alla dichiarazione dei diritti umani del 1948, alle carte della terra, alle Cop per il clima, all\u2019Agenda Onu 2030 e cos\u00ec via. Questa data il 22 Gennaio 2001 vedr\u00e0 l\u2019attuazione del grande progetto storico del diritto internazionale: l\u2019abolizione degli ordigni di distruzione di massa nucleari. Un\u2019autentica svolta per l\u2019umanit\u00e0.<\/p>\n<p><strong>Uno dei pi\u00f9 grandi traguardi e successi del pacifismo mondiale<\/strong><br \/>\nIl Trattato Onu TPAN \u00e8 la pietra miliare del diritto internazionale: \u00e8 una speranza per evitare di far precipitare tutti noi, l\u2019intera umanit\u00e0, nella catastrofe irreversibile della guerra nucleare.<\/p>\n<p>Queste istanze compaiono negli appelli di St\u00e9phane Hessel per un disarmo nucleare universale come principio dell\u2019umanit\u00e0 a vivere il diritto alla felicit\u00e0 senza la paura della catastrofe nucleare e da cui hanno preso le mosse i movimenti internazionali come Ican e Occupy Wall Street e altre associazioni che operano a livello nazionale e internazionale. Queste organizzazioni e associazioni a livello mondiale sono state insignite del Premio Nobel per la Pace nel 2017 per l\u2019attivismo di pace nell\u2019impegno per l\u2019abolizione degli ordigni di distruzione di massa nucleari e per il trattato Onu TPNW \u2013 TPAN varato a New York a palazzo di vetro con 122 nazioni e la societ\u00e0 civile organizzata con Ican. Un Premio nobel per la Pace collettivo di cui siamo promotori e eredi tutti noi attivisti per la Pace del XXI secolo.<\/p>\n<p>Il percorso per la pace del XXI secolo \u00e8 frutto di tutta quella lotta che i nostri partigiani e resistenti hanno donato all\u2019intera umanit\u00e0 nel contrasto e nella netta contrapposizione al nazifascismo e all\u2019impegno nel periodo post bellico e durante la guerra fredda come partigiani per la pace, impegno di cui tutti noi attivisti contro il nucleare, contro la guerra e per il disarmo siamo prosecutori e eredi. Il 22 gennaio 2021 \u00e8 stato un giorno storico per tutta l\u2019umanit\u00e0.<\/p>\n<p>Ricordatevi questa sigla TPAN: da oggi l\u2019umanit\u00e0 pu\u00f2 dirsi pi\u00f9 libera dal pericolo dell\u2019utilizzo di armi nucleari.<br \/>\nDa oggi per la legge mondiale e per il diritto internazionale chi detiene armi di distruzione di massa nucleari \u00e8 un criminale.<\/p>\n<p><strong>Premio Nobel per la pace a Ican: si rilanci la mobilitazione per il disarmo nucleare nel mondo e per la ratifica italiana del trattato di proibizione delle armi nucleari<\/strong><\/p>\n<p>Tutti noi pacifisti e nonviolenti salutiamo con gioia il premio Nobel per la pace assegnato all\u2019International Campaign to Abolish Nuclear Weapons \u2013 ICAN, la rete pacifista che \u00e8 stata l\u2019anima e la coordinatrice della mobilitazione della societ\u00e0 civile per l\u2019ottenimento dello storico risultato del Trattato di proibizione delle armi nucleari-TPAN, adottato da una Conferenza ONU il 7 luglio 2017.<br \/>\nDell\u2019ICAN fanno parte 486 organizzazioni di 101 paesi, ed anche l\u2019Italia ha membri attivi e partecipanti alla sua attivit\u00e0 internazionale.<\/p>\n<p>La motivazione ufficiale del Premio si richiama alla necessit\u00e0 che esso serva ad \u201cattirare l\u2019attenzione sulle catastrofiche conseguenze umanitarie di qualsiasi uso di armi nucleari\u201d e a supportare \u201cgli sforzi innovativi del trattato per il divieto dell\u2019uso di tali armi\u201d.<\/p>\n<p>Questo trattato che interdice gli ordigni atomici \u00e8 infatti boicottato dalle potenze nucleari, anche se con atteggiamenti diversi, ed \u00e8 stato recentemente respinto da una dichiarazione NATO, il blocco militare che considera la deterrenza nucleare \u201csuprema garanzia di sicurezza\u201d, con l\u2019avallo dell\u2019Italia, proprio lo stesso giorno (il 20 settembre) in cui al Palazzo di Vetro era in corso la cerimonia per l\u2019apertura delle firme e delle ratifiche che dovrebbero portare alla sua entrata in vigore.<\/p>\n<p>Lo stesso Parlamento italiano, con una mozione della maggioranza aveva impegnato il governo a valutare l\u2019ipotesi di aderirvi, ma solo previo accordo con gli altri Alleati. Abbiamo visto che la NATO, con il suo Consiglio generale, non ha perso tempo a pronunciarsi.<\/p>\n<p>Tutti noi pacifisti eredi del Premio Nobel per la pace a livello internazionale, in concordanza con ICAN, sosteniamo il nuovo Trattato di proibizione, una volta entrato in vigore, debba diventare il pilastro di un ordine giuridico internazionale che inquadri il \u201cvecchio\u201d Trattato di non proliferazione- TNP, funzionalizzandolo ad un percorso che porti al disarmo nucleare totale, diritto dell\u2019umanit\u00e0 da esigere e rendere effettivo.<\/p>\n<p>La centralit\u00e0 non \u00e8 del vecchio TNP ma del nuovo TPAN, che dovrebbe salvarci dall\u2019incubo di una guerra nucleare che pu\u00f2 essere scatenata persino per caso, per incidente e per errore di calcolo; e che oggi, nella crisi coreana, \u00e8 addirittura esplicitamente minacciata da irresponsabili leader, incuranti che dall\u2019escalation delle parole (e delle esercitazioni) si pu\u00f2 passare a quella dei fatti catastrofici.<\/p>\n<p>A livello nazionale, sperano che questo premio Nobel all\u2019ICAN serva, almeno in parte, a rompere il muro del silenzio che impedisce all\u2019opinione pubblica italiana di essere a conoscenza dei gravi pericoli che corre, ma anche che a livello globale, nel mondo, ci si sta dando da fare concretamente per evitarli.<\/p>\n<p>Il governo italiano, spinto da una consapevolezza popolare, dovrebbe ritornare sui suoi passi e ratificare il TPAN: forse una nuova rappresentanza parlamentare pi\u00f9 sensibile al disarmo nucleare come priorit\u00e0 delle priorit\u00e0 pu\u00f2 rendere possibile la svolta.<\/p>\n<p>E\u2019 possibile agire e pesare dal basso per costruire un mondo disarmato e di giustizia, cercando la pace con vie di pace, anche a partire da scelte di disarmo unilaterale del nostro Paese: ad esempio lo sganciamento dal nuclear sharing della NATO rispedendo al mittente le \u201catomiche\u201d che gli USA dispiegano nelle nostre basi o fanno transitare nei nostri porti.<\/p>\n<p><strong>Laura Tussi: TPAN &#8211; Una data storica per l\u2019umanit\u00e0.<\/strong><\/p>\n<p><strong><a title=\"https:\/\/www.youtube.com\/watch?v=Zihog1tCmyo\" href=\"https:\/\/www.youtube.com\/watch?v=Zihog1tCmyo\" target=\"_blank\" rel=\"noopener\">https:\/\/www.youtube.com\/watch?v=Zihog1tCmyo<\/a><\/strong><\/p>\n<p>&nbsp;<\/p>\n","protected":false},"excerpt":{"rendered":"<p>Il 22 gennaio 2021 \u00e8 entrato in vigore a livello mondiale il TPAN- Trattato di Proibizione delle Armi Nucleari, uno dei tanti tasselli del lavoro e del percorso per la pace del XXI secolo insieme alle costituzioni nate dalla Resistenza&hellip;<\/p>\n","protected":false},"author":535,"featured_media":2617015,"comment_status":"closed","ping_status":"closed","sticky":false,"template":"","format":"standard","meta":{"footnotes":""},"categories":[1262,162,1263,57],"tags":[3854,139319,139318],"class_list":["post-2616998","post","type-post","status-publish","format-standard","has-post-thumbnail","hentry","category-nonviolenza-argomento","category-opinioni","category-pace-disarmo","category-affari-esteri","tag-disarmo-nucleare","tag-premio-nobel-allican","tag-trattato-di-non-proliferazione-tnp"],"yoast_head":"<!-- This site is optimized with the Yoast SEO plugin v27.1.1 - https:\/\/yoast.com\/product\/yoast-seo-wordpress\/ -->\n<title>Il Trattato di Proibizione delle Armi Nucleari \u00e8 una grande rivoluzione per l\u2019umanit\u00e0<\/title>\n<meta name=\"description\" content=\"Il 22 gennaio 2021 \u00e8 entrato in vigore a livello mondiale il TPAN- Trattato di Proibizione delle Armi Nucleari, uno dei tanti tasselli del lavoro e del\" \/>\n<meta name=\"robots\" content=\"index, follow, max-snippet:-1, max-image-preview:large, max-video-preview:-1\" \/>\n<link rel=\"canonical\" href=\"https:\/\/www.pressenza.com\/it\/2025\/07\/il-trattato-di-proibizione-delle-armi-nucleari-e-una-grande-rivoluzione-per-lumanita\/\" \/>\n<meta property=\"og:locale\" content=\"it_IT\" \/>\n<meta property=\"og:type\" content=\"article\" \/>\n<meta property=\"og:title\" content=\"Il Trattato di Proibizione delle Armi Nucleari \u00e8 una grande rivoluzione per l\u2019umanit\u00e0\" \/>\n<meta property=\"og:description\" content=\"Il 22 gennaio 2021 \u00e8 entrato in vigore a livello mondiale il TPAN- Trattato di Proibizione delle Armi Nucleari, uno dei tanti tasselli del lavoro e del\" \/>\n<meta property=\"og:url\" content=\"https:\/\/www.pressenza.com\/it\/2025\/07\/il-trattato-di-proibizione-delle-armi-nucleari-e-una-grande-rivoluzione-per-lumanita\/\" \/>\n<meta property=\"og:site_name\" content=\"Pressenza\" \/>\n<meta property=\"article:publisher\" content=\"https:\/\/www.facebook.com\/PressenzaItalia\" \/>\n<meta property=\"article:published_time\" content=\"2025-07-05T21:53:48+00:00\" \/>\n<meta property=\"article:modified_time\" content=\"2025-07-05T21:57:39+00:00\" \/>\n<meta property=\"og:image\" content=\"https:\/\/www.pressenza.com\/wp-content\/uploads\/2025\/07\/Palazzo-ONU.jpeg\" \/>\n\t<meta property=\"og:image:width\" content=\"1920\" \/>\n\t<meta property=\"og:image:height\" content=\"1536\" \/>\n\t<meta property=\"og:image:type\" content=\"image\/jpeg\" \/>\n<meta name=\"author\" content=\"Laura Tussi\" \/>\n<meta name=\"twitter:card\" content=\"summary_large_image\" \/>\n<meta name=\"twitter:creator\" content=\"@PressenzaIPA\" \/>\n<meta name=\"twitter:site\" content=\"@PressenzaIPA\" \/>\n<meta name=\"twitter:label1\" content=\"Scritto da\" \/>\n\t<meta name=\"twitter:data1\" content=\"Laura Tussi\" \/>\n\t<meta name=\"twitter:label2\" content=\"Tempo di lettura stimato\" \/>\n\t<meta name=\"twitter:data2\" content=\"5 minuti\" \/>\n<script type=\"application\/ld+json\" class=\"yoast-schema-graph\">{\"@context\":\"https:\/\/schema.org\",\"@graph\":[{\"@type\":\"Article\",\"@id\":\"https:\/\/www.pressenza.com\/it\/2025\/07\/il-trattato-di-proibizione-delle-armi-nucleari-e-una-grande-rivoluzione-per-lumanita\/#article\",\"isPartOf\":{\"@id\":\"https:\/\/www.pressenza.com\/it\/2025\/07\/il-trattato-di-proibizione-delle-armi-nucleari-e-una-grande-rivoluzione-per-lumanita\/\"},\"author\":{\"name\":\"Laura Tussi\",\"@id\":\"https:\/\/www.pressenza.com\/it\/#\/schema\/person\/4c966fac98e44f3bbd881d8e837f60da\"},\"headline\":\"Il Trattato di Proibizione delle Armi Nucleari \u00e8 una grande rivoluzione per l\u2019umanit\u00e0\",\"datePublished\":\"2025-07-05T21:53:48+00:00\",\"dateModified\":\"2025-07-05T21:57:39+00:00\",\"mainEntityOfPage\":{\"@id\":\"https:\/\/www.pressenza.com\/it\/2025\/07\/il-trattato-di-proibizione-delle-armi-nucleari-e-una-grande-rivoluzione-per-lumanita\/\"},\"wordCount\":956,\"publisher\":{\"@id\":\"https:\/\/www.pressenza.com\/it\/#organization\"},\"image\":{\"@id\":\"https:\/\/www.pressenza.com\/it\/2025\/07\/il-trattato-di-proibizione-delle-armi-nucleari-e-una-grande-rivoluzione-per-lumanita\/#primaryimage\"},\"thumbnailUrl\":\"https:\/\/www.pressenza.com\/wp-content\/uploads\/2025\/07\/Palazzo-ONU.jpeg\",\"keywords\":[\"disarmo nucleare\",\"Premio Nobel all'ICAN\",\"Trattato di non proliferazione- TNP\"],\"articleSection\":[\"Nonviolenza\",\"Opinioni\",\"Pace e Disarmo\",\"Questioni internazionali\"],\"inLanguage\":\"it-IT\"},{\"@type\":\"WebPage\",\"@id\":\"https:\/\/www.pressenza.com\/it\/2025\/07\/il-trattato-di-proibizione-delle-armi-nucleari-e-una-grande-rivoluzione-per-lumanita\/\",\"url\":\"https:\/\/www.pressenza.com\/it\/2025\/07\/il-trattato-di-proibizione-delle-armi-nucleari-e-una-grande-rivoluzione-per-lumanita\/\",\"name\":\"Il Trattato di Proibizione delle Armi Nucleari \u00e8 una grande rivoluzione per l\u2019umanit\u00e0\",\"isPartOf\":{\"@id\":\"https:\/\/www.pressenza.com\/it\/#website\"},\"primaryImageOfPage\":{\"@id\":\"https:\/\/www.pressenza.com\/it\/2025\/07\/il-trattato-di-proibizione-delle-armi-nucleari-e-una-grande-rivoluzione-per-lumanita\/#primaryimage\"},\"image\":{\"@id\":\"https:\/\/www.pressenza.com\/it\/2025\/07\/il-trattato-di-proibizione-delle-armi-nucleari-e-una-grande-rivoluzione-per-lumanita\/#primaryimage\"},\"thumbnailUrl\":\"https:\/\/www.pressenza.com\/wp-content\/uploads\/2025\/07\/Palazzo-ONU.jpeg\",\"datePublished\":\"2025-07-05T21:53:48+00:00\",\"dateModified\":\"2025-07-05T21:57:39+00:00\",\"description\":\"Il 22 gennaio 2021 \u00e8 entrato in vigore a livello mondiale il TPAN- Trattato di Proibizione delle Armi Nucleari, uno dei tanti tasselli del lavoro e del\",\"breadcrumb\":{\"@id\":\"https:\/\/www.pressenza.com\/it\/2025\/07\/il-trattato-di-proibizione-delle-armi-nucleari-e-una-grande-rivoluzione-per-lumanita\/#breadcrumb\"},\"inLanguage\":\"it-IT\",\"potentialAction\":[{\"@type\":\"ReadAction\",\"target\":[\"https:\/\/www.pressenza.com\/it\/2025\/07\/il-trattato-di-proibizione-delle-armi-nucleari-e-una-grande-rivoluzione-per-lumanita\/\"]}]},{\"@type\":\"ImageObject\",\"inLanguage\":\"it-IT\",\"@id\":\"https:\/\/www.pressenza.com\/it\/2025\/07\/il-trattato-di-proibizione-delle-armi-nucleari-e-una-grande-rivoluzione-per-lumanita\/#primaryimage\",\"url\":\"https:\/\/www.pressenza.com\/wp-content\/uploads\/2025\/07\/Palazzo-ONU.jpeg\",\"contentUrl\":\"https:\/\/www.pressenza.com\/wp-content\/uploads\/2025\/07\/Palazzo-ONU.jpeg\",\"width\":1920,\"height\":1536},{\"@type\":\"BreadcrumbList\",\"@id\":\"https:\/\/www.pressenza.com\/it\/2025\/07\/il-trattato-di-proibizione-delle-armi-nucleari-e-una-grande-rivoluzione-per-lumanita\/#breadcrumb\",\"itemListElement\":[{\"@type\":\"ListItem\",\"position\":1,\"name\":\"Accueil\",\"item\":\"https:\/\/www.pressenza.com\/it\/\"},{\"@type\":\"ListItem\",\"position\":2,\"name\":\"Il Trattato di Proibizione delle Armi Nucleari \u00e8 una grande rivoluzione per l\u2019umanit\u00e0\"}]},{\"@type\":\"WebSite\",\"@id\":\"https:\/\/www.pressenza.com\/it\/#website\",\"url\":\"https:\/\/www.pressenza.com\/it\/\",\"name\":\"Pressenza\",\"description\":\"Agenzia di Stampa Internazionale\",\"publisher\":{\"@id\":\"https:\/\/www.pressenza.com\/it\/#organization\"},\"potentialAction\":[{\"@type\":\"SearchAction\",\"target\":{\"@type\":\"EntryPoint\",\"urlTemplate\":\"https:\/\/www.pressenza.com\/it\/?s={search_term_string}\"},\"query-input\":{\"@type\":\"PropertyValueSpecification\",\"valueRequired\":true,\"valueName\":\"search_term_string\"}}],\"inLanguage\":\"it-IT\"},{\"@type\":\"Organization\",\"@id\":\"https:\/\/www.pressenza.com\/it\/#organization\",\"name\":\"Pressenza\",\"url\":\"https:\/\/www.pressenza.com\/it\/\",\"logo\":{\"@type\":\"ImageObject\",\"inLanguage\":\"it-IT\",\"@id\":\"https:\/\/www.pressenza.com\/it\/#\/schema\/logo\/image\/\",\"url\":\"https:\/\/www.pressenza.com\/wp-content\/uploads\/2022\/10\/pressenza_logo_200x200.jpg\",\"contentUrl\":\"https:\/\/www.pressenza.com\/wp-content\/uploads\/2022\/10\/pressenza_logo_200x200.jpg\",\"width\":200,\"height\":200,\"caption\":\"Pressenza\"},\"image\":{\"@id\":\"https:\/\/www.pressenza.com\/it\/#\/schema\/logo\/image\/\"},\"sameAs\":[\"https:\/\/www.facebook.com\/PressenzaItalia\",\"https:\/\/x.com\/PressenzaIPA\"]},{\"@type\":\"Person\",\"@id\":\"https:\/\/www.pressenza.com\/it\/#\/schema\/person\/4c966fac98e44f3bbd881d8e837f60da\",\"name\":\"Laura Tussi\",\"description\":\"Docente, giornalista e ricercatrice, si occupa di pedagogia nonviolenta e interculturale. Ha conseguito cinque lauree specialistiche in formazione degli adulti e consulenza pedagogica nell'ambito delle scienze della formazione e dell'educazione.\",\"url\":\"https:\/\/www.pressenza.com\/it\/author\/laura-tussi\/\"}]}<\/script>\n<!-- \/ Yoast SEO plugin. -->","yoast_head_json":{"title":"Il Trattato di Proibizione delle Armi Nucleari \u00e8 una grande rivoluzione per l\u2019umanit\u00e0","description":"Il 22 gennaio 2021 \u00e8 entrato in vigore a livello mondiale il TPAN- Trattato di Proibizione delle Armi Nucleari, uno dei tanti tasselli del lavoro e del","robots":{"index":"index","follow":"follow","max-snippet":"max-snippet:-1","max-image-preview":"max-image-preview:large","max-video-preview":"max-video-preview:-1"},"canonical":"https:\/\/www.pressenza.com\/it\/2025\/07\/il-trattato-di-proibizione-delle-armi-nucleari-e-una-grande-rivoluzione-per-lumanita\/","og_locale":"it_IT","og_type":"article","og_title":"Il Trattato di Proibizione delle Armi Nucleari \u00e8 una grande rivoluzione per l\u2019umanit\u00e0","og_description":"Il 22 gennaio 2021 \u00e8 entrato in vigore a livello mondiale il TPAN- Trattato di Proibizione delle Armi Nucleari, uno dei tanti tasselli del lavoro e del","og_url":"https:\/\/www.pressenza.com\/it\/2025\/07\/il-trattato-di-proibizione-delle-armi-nucleari-e-una-grande-rivoluzione-per-lumanita\/","og_site_name":"Pressenza","article_publisher":"https:\/\/www.facebook.com\/PressenzaItalia","article_published_time":"2025-07-05T21:53:48+00:00","article_modified_time":"2025-07-05T21:57:39+00:00","og_image":[{"width":1920,"height":1536,"url":"https:\/\/www.pressenza.com\/wp-content\/uploads\/2025\/07\/Palazzo-ONU.jpeg","type":"image\/jpeg"}],"author":"Laura Tussi","twitter_card":"summary_large_image","twitter_creator":"@PressenzaIPA","twitter_site":"@PressenzaIPA","twitter_misc":{"Scritto da":"Laura Tussi","Tempo di lettura stimato":"5 minuti"},"schema":{"@context":"https:\/\/schema.org","@graph":[{"@type":"Article","@id":"https:\/\/www.pressenza.com\/it\/2025\/07\/il-trattato-di-proibizione-delle-armi-nucleari-e-una-grande-rivoluzione-per-lumanita\/#article","isPartOf":{"@id":"https:\/\/www.pressenza.com\/it\/2025\/07\/il-trattato-di-proibizione-delle-armi-nucleari-e-una-grande-rivoluzione-per-lumanita\/"},"author":{"name":"Laura Tussi","@id":"https:\/\/www.pressenza.com\/it\/#\/schema\/person\/4c966fac98e44f3bbd881d8e837f60da"},"headline":"Il Trattato di Proibizione delle Armi Nucleari \u00e8 una grande rivoluzione per l\u2019umanit\u00e0","datePublished":"2025-07-05T21:53:48+00:00","dateModified":"2025-07-05T21:57:39+00:00","mainEntityOfPage":{"@id":"https:\/\/www.pressenza.com\/it\/2025\/07\/il-trattato-di-proibizione-delle-armi-nucleari-e-una-grande-rivoluzione-per-lumanita\/"},"wordCount":956,"publisher":{"@id":"https:\/\/www.pressenza.com\/it\/#organization"},"image":{"@id":"https:\/\/www.pressenza.com\/it\/2025\/07\/il-trattato-di-proibizione-delle-armi-nucleari-e-una-grande-rivoluzione-per-lumanita\/#primaryimage"},"thumbnailUrl":"https:\/\/www.pressenza.com\/wp-content\/uploads\/2025\/07\/Palazzo-ONU.jpeg","keywords":["disarmo nucleare","Premio Nobel all'ICAN","Trattato di non proliferazione- TNP"],"articleSection":["Nonviolenza","Opinioni","Pace e Disarmo","Questioni internazionali"],"inLanguage":"it-IT"},{"@type":"WebPage","@id":"https:\/\/www.pressenza.com\/it\/2025\/07\/il-trattato-di-proibizione-delle-armi-nucleari-e-una-grande-rivoluzione-per-lumanita\/","url":"https:\/\/www.pressenza.com\/it\/2025\/07\/il-trattato-di-proibizione-delle-armi-nucleari-e-una-grande-rivoluzione-per-lumanita\/","name":"Il Trattato di Proibizione delle Armi Nucleari \u00e8 una grande rivoluzione per l\u2019umanit\u00e0","isPartOf":{"@id":"https:\/\/www.pressenza.com\/it\/#website"},"primaryImageOfPage":{"@id":"https:\/\/www.pressenza.com\/it\/2025\/07\/il-trattato-di-proibizione-delle-armi-nucleari-e-una-grande-rivoluzione-per-lumanita\/#primaryimage"},"image":{"@id":"https:\/\/www.pressenza.com\/it\/2025\/07\/il-trattato-di-proibizione-delle-armi-nucleari-e-una-grande-rivoluzione-per-lumanita\/#primaryimage"},"thumbnailUrl":"https:\/\/www.pressenza.com\/wp-content\/uploads\/2025\/07\/Palazzo-ONU.jpeg","datePublished":"2025-07-05T21:53:48+00:00","dateModified":"2025-07-05T21:57:39+00:00","description":"Il 22 gennaio 2021 \u00e8 entrato in vigore a livello mondiale il TPAN- Trattato di Proibizione delle Armi Nucleari, uno dei tanti tasselli del lavoro e del","breadcrumb":{"@id":"https:\/\/www.pressenza.com\/it\/2025\/07\/il-trattato-di-proibizione-delle-armi-nucleari-e-una-grande-rivoluzione-per-lumanita\/#breadcrumb"},"inLanguage":"it-IT","potentialAction":[{"@type":"ReadAction","target":["https:\/\/www.pressenza.com\/it\/2025\/07\/il-trattato-di-proibizione-delle-armi-nucleari-e-una-grande-rivoluzione-per-lumanita\/"]}]},{"@type":"ImageObject","inLanguage":"it-IT","@id":"https:\/\/www.pressenza.com\/it\/2025\/07\/il-trattato-di-proibizione-delle-armi-nucleari-e-una-grande-rivoluzione-per-lumanita\/#primaryimage","url":"https:\/\/www.pressenza.com\/wp-content\/uploads\/2025\/07\/Palazzo-ONU.jpeg","contentUrl":"https:\/\/www.pressenza.com\/wp-content\/uploads\/2025\/07\/Palazzo-ONU.jpeg","width":1920,"height":1536},{"@type":"BreadcrumbList","@id":"https:\/\/www.pressenza.com\/it\/2025\/07\/il-trattato-di-proibizione-delle-armi-nucleari-e-una-grande-rivoluzione-per-lumanita\/#breadcrumb","itemListElement":[{"@type":"ListItem","position":1,"name":"Accueil","item":"https:\/\/www.pressenza.com\/it\/"},{"@type":"ListItem","position":2,"name":"Il Trattato di Proibizione delle Armi Nucleari \u00e8 una grande rivoluzione per l\u2019umanit\u00e0"}]},{"@type":"WebSite","@id":"https:\/\/www.pressenza.com\/it\/#website","url":"https:\/\/www.pressenza.com\/it\/","name":"Pressenza","description":"Agenzia di Stampa Internazionale","publisher":{"@id":"https:\/\/www.pressenza.com\/it\/#organization"},"potentialAction":[{"@type":"SearchAction","target":{"@type":"EntryPoint","urlTemplate":"https:\/\/www.pressenza.com\/it\/?s={search_term_string}"},"query-input":{"@type":"PropertyValueSpecification","valueRequired":true,"valueName":"search_term_string"}}],"inLanguage":"it-IT"},{"@type":"Organization","@id":"https:\/\/www.pressenza.com\/it\/#organization","name":"Pressenza","url":"https:\/\/www.pressenza.com\/it\/","logo":{"@type":"ImageObject","inLanguage":"it-IT","@id":"https:\/\/www.pressenza.com\/it\/#\/schema\/logo\/image\/","url":"https:\/\/www.pressenza.com\/wp-content\/uploads\/2022\/10\/pressenza_logo_200x200.jpg","contentUrl":"https:\/\/www.pressenza.com\/wp-content\/uploads\/2022\/10\/pressenza_logo_200x200.jpg","width":200,"height":200,"caption":"Pressenza"},"image":{"@id":"https:\/\/www.pressenza.com\/it\/#\/schema\/logo\/image\/"},"sameAs":["https:\/\/www.facebook.com\/PressenzaItalia","https:\/\/x.com\/PressenzaIPA"]},{"@type":"Person","@id":"https:\/\/www.pressenza.com\/it\/#\/schema\/person\/4c966fac98e44f3bbd881d8e837f60da","name":"Laura Tussi","description":"Docente, giornalista e ricercatrice, si occupa di pedagogia nonviolenta e interculturale. Ha conseguito cinque lauree specialistiche in formazione degli adulti e consulenza pedagogica nell'ambito delle scienze della formazione e dell'educazione.","url":"https:\/\/www.pressenza.com\/it\/author\/laura-tussi\/"}]}},"place":"","original_article_url":"https:\/\/www.farodiroma.it\/il-trattato-di-proibizione-delle-armi-nucleari-e-stato-un-grande-passo-per-lumanita-ricordiamocelo-laura-tussi\/","_links":{"self":[{"href":"https:\/\/www.pressenza.com\/it\/wp-json\/wp\/v2\/posts\/2616998","targetHints":{"allow":["GET"]}}],"collection":[{"href":"https:\/\/www.pressenza.com\/it\/wp-json\/wp\/v2\/posts"}],"about":[{"href":"https:\/\/www.pressenza.com\/it\/wp-json\/wp\/v2\/types\/post"}],"author":[{"embeddable":true,"href":"https:\/\/www.pressenza.com\/it\/wp-json\/wp\/v2\/users\/535"}],"replies":[{"embeddable":true,"href":"https:\/\/www.pressenza.com\/it\/wp-json\/wp\/v2\/comments?post=2616998"}],"version-history":[{"count":4,"href":"https:\/\/www.pressenza.com\/it\/wp-json\/wp\/v2\/posts\/2616998\/revisions"}],"predecessor-version":[{"id":2617024,"href":"https:\/\/www.pressenza.com\/it\/wp-json\/wp\/v2\/posts\/2616998\/revisions\/2617024"}],"wp:featuredmedia":[{"embeddable":true,"href":"https:\/\/www.pressenza.com\/it\/wp-json\/wp\/v2\/media\/2617015"}],"wp:attachment":[{"href":"https:\/\/www.pressenza.com\/it\/wp-json\/wp\/v2\/media?parent=2616998"}],"wp:term":[{"taxonomy":"category","embeddable":true,"href":"https:\/\/www.pressenza.com\/it\/wp-json\/wp\/v2\/categories?post=2616998"},{"taxonomy":"post_tag","embeddable":true,"href":"https:\/\/www.pressenza.com\/it\/wp-json\/wp\/v2\/tags?post=2616998"}],"curies":[{"name":"wp","href":"https:\/\/api.w.org\/{rel}","templated":true}]}}