{"id":2616973,"date":"2025-07-05T20:17:05","date_gmt":"2025-07-05T19:17:05","guid":{"rendered":"https:\/\/www.pressenza.com\/?p=2616973"},"modified":"2025-07-05T20:20:51","modified_gmt":"2025-07-05T19:20:51","slug":"la-risposta-del-viminale-sugli-agenti-infiltrati-in-potere-al-popolo-non-regge","status":"publish","type":"post","link":"https:\/\/www.pressenza.com\/it\/2025\/07\/la-risposta-del-viminale-sugli-agenti-infiltrati-in-potere-al-popolo-non-regge\/","title":{"rendered":"La risposta del Viminale sugli agenti infiltrati in Potere al Popolo non regge"},"content":{"rendered":"<p><em>Cinque agenti infiltrati nei collettivi e nelle assemblee del partito per mesi senza copertura giudiziaria. Mentre il governo minimizza, cresce la denuncia: sorveglianza politica e violazione delle libert\u00e0 costituzionali.<\/em><\/p>\n<p>Dopo oltre un mese di assoluto silenzio, il Viminale ha accennato una risposta all\u2019interpellanza urgente presentata dal Movimento\u202f5\u202fStelle; il Sottosegretario all\u2019Interno Emanuele\u202fPrisco ha negato che vi sia stata qualsiasi infiltrazione in partiti o movimenti politici. \u00abI cinque giovani poliziotti che hanno attraversato le assemblee di Potere al Popolo\u00bb, ha riportato, \u00aberano semplicemente studenti regolarmente iscritti all\u2019universit\u00e0, operanti con le loro vere generalit\u00e0\u00bb e si limitavano a \u00abpartecipare a manifestazioni pubbliche di collettivi con connotazioni estremistiche che avevano mostrato crescente aggressivit\u00e0\u00bb.<\/p>\n<p>Una puntualizzazione che tuttavia, lungi dal chiudere il caso, apre molte altre crepe e conferma la situazione gravissima nata a partire dall\u2019inchiesta di Fanpage.it. Grazie ai documenti raccolti dal giornalista Antonio\u202fMusella, \u00e8 venuto alla luce che i cinque agenti del 223\u00b0 corso hanno agito per almeno otto mesi \u2013 da ottobre\u202f2024 a maggio\u202f2025 \u2013 fra Napoli, Milano, Bologna e Roma, inserendosi nei movimenti studenteschi Cambiare\u202fRotta e CAU e, attraverso questi, nella vita interna di Potere al Popolo: chat organizzative, riunioni e perfino all\u2019assemblea nazionale del partito.<\/p>\n<p>\u00abIl governo ha ammesso l\u2019operazione, ma sta minimizzando\u00bb, spiega Giuliano\u202fGranato, portavoce nazionale di Potere al Popolo. \u00abHanno spiato un partito che si presenta alle elezioni: vogliamo sapere chi l\u2019ha ordinata e perch\u00e9. Cinque poliziotti, tutti trasferiti all\u2019antiterrorismo nello stesso periodo, sono finiti solo nei due collettivi legati a noi. Nel Paese esistono centinaia di realt\u00e0 studentesche: possibile che l\u2019allerta ordine pubblico riguardasse soltanto le nostre?\u00bb.<\/p>\n<p><strong>La linea del Viminale<\/strong><\/p>\n<p>Nel suo intervento in aula, Prisco ha dipinto un quadro di crescente conflittualit\u00e0: \u00ab12\u202fmila manifestazioni nel 2024, con turbative dell\u2019ordine pubblico nel 2\u202f% dei casi. In questo contesto sono maturati livelli crescenti di tensione\u00bb, da cui la decisione \u00abordinaria, prevista dalla legge\u202f121\/1981\u00bb di potenziare l\u2019attivit\u00e0 informativa della Direzione centrale della Polizia di prevenzione. \u00abNessuna operazione sotto copertura, nessuna identit\u00e0 falsa. Ogni agente, anche libero dal servizio, ha l\u2019obbligo di segnalare reati alle autorit\u00e0. Si \u00e8 trattato solo dell\u2019adempimento dei propri compiti istituzionali, nel pieno rispetto della legge\u00bb.<\/p>\n<p><strong>La risposta di Potere al Popolo<\/strong><\/p>\n<p>Per i soggetti coinvolti la ricostruzione non regge. \u00abCi eravamo quasi abituati alla favola dei poliziotti innamorati delle militanti; adesso ci dicono che erano studenti modello mossi da preoccupazioni di sicurezza nazionale\u00bb, ironizza Granato. \u00abPeccato che abbiano partecipato, abbiamo anche le prove, a momenti privati del partito, chat organizzative, riunioni e perfino all\u2019assemblea nazionale, non a semplici iniziative pubbliche\u00bb.<\/p>\n<p>Anche Matteo Giardiello, membro dell\u2019esecutivo nazionale di Potere al Popolo, commenta duramente: \u00abCi dobbiamo aspettare che pi\u00f9 aumenta il dissenso e pi\u00f9 il governo\u00a0porter\u00e0 avanti pratiche antidemocratiche per fermarlo? Ci dobbiamo aspettare di essere\u00a0sempre di pi\u00f9 spiati solo e soltanto perch\u00e9 proviamo a opporci a quello che sta avvenendo? Vogliamo dire chiaramente che, se il dissenso \u00e8 reato, noi siamo colpevoli\u00bb.<\/p>\n<p><strong>\u00abSorvegliare il dissenso non \u00e8 compito dei servizi\u00bb<\/strong><\/p>\n<p>Potere al Popolo ha lanciato un <a href=\"https:\/\/www.pressenza.com\/it\/2025\/07\/un-appello-chi-controlla-il-controllore\/\">appello pubblico<\/a>, firmato da oltre 2.000 persone nelle prime 24 ore, che denuncia l\u2019operazione come una grave lesione delle libert\u00e0 costituzionali: \u00abL\u2019assenza di una cornice giudiziaria e la natura prolungata e sistematica di queste attivit\u00e0 disegna un profilo allarmante: non si tratterebbe di operazioni a scopo investigativo, ma di sorveglianza politica preventiva\u00bb, si legge nel testo.<\/p>\n<p>Il documento ricorda che la libert\u00e0 di associazione e partecipazione politica non \u00e8 \u00abun privilegio\u00bb, ma un diritto inalienabile sancito dalla Costituzione. Il silenzio delle autorit\u00e0, si denuncia, \u00ab\u00e8 inaccettabile e pericoloso\u00bb. Nell\u2019appello si legge inoltre: \u00abIn una democrazia, il dissenso politico non \u00e8 materia per i servizi di sicurezza. Nessuna forza dell\u2019ordine dovrebbe infiltrarsi in un partito senza un preciso fondamento giuridico\u00bb. Il timore, condiviso anche da altri intellettuali e sigle, \u00e8 che l\u2019approvazione del nuovo decreto sicurezza imponga agli atenei di consegnare dati su studenti e gruppi ritenuti \u201cpericolosi\u201d per la sicurezza nazionale, trasformando le universit\u00e0 da luoghi di libert\u00e0 intellettuale in snodi di controllo.<\/p>\n<p>Fra i primi firmatari figurano Carlo Rovelli, Zerocalcare, Mimmo Lucano, Andrea Segre, Fabrizio Barca, Luigi De Magistris, Vauro, Vera Gheno, Elena Granaglia, e decine di accademici, giuristi, attivisti, sindacalisti e parlamentari. Il movimento chiede che Meloni e Piantedosi riferiscano in Parlamento, chiariscano \u00abchi ha autorizzato l\u2019operazione\u00bb e pongano limiti chiari all\u2019uso degli apparati di sicurezza contro chi esercita legittimamente il dissenso.<\/p>\n<p><strong>Dalle aule ai telefoni: il filo che porta a Graphite<\/strong><\/p>\n<p>Il caso degli agenti\u2011studenti si intreccia, anche temporalmente, con un\u2019altra vicenda rimasta senza risposta: l\u2019uso dello spyware Graphite (Paragon\u202fSolutions) sui telefoni del direttore di Fanpage Francesco\u202fCancellato, di Ciro\u202fPellegrino e di Roberto\u202fD\u2019Agostino. Meta e Apple hanno certificato gli attacchi, ma nessuna autorit\u00e0 italiana ha chiarito chi li abbia commissionati. Degli episodi che, letti parallelamente, restituiscono l\u2019immagine di una sorveglianza particolare dello Stato verso redazioni, attivisti e collettivi.<\/p>\n<p>Il Ministro Piantedosi si era detto \u201cpronto a riferire\u201d in aula gi\u00e0 a fine giugno. Da allora nulla \u00e8 cambiato, se non la versione ufficiale: da \u201cagenti innamorati\u201d a \u201cstudenti zelanti\u201d. Nel frattempo, cinque poliziotti restano iscritti a corsi universitari, i collettivi continuano a protestare sotto i rettorati e un partito politico attende di sapere perch\u00e9 \u00e8 finito, di fatto, in un dossier di pubblica sicurezza.<\/p>\n<p>Rimane ancora senza risposta la domanda: \u201cChi ha ordinato tutto questo e per quale motivo?\u201d<\/p>\n<p>&nbsp;<\/p>\n","protected":false},"excerpt":{"rendered":"<p>Cinque agenti infiltrati nei collettivi e nelle assemblee del partito per mesi senza copertura giudiziaria. Mentre il governo minimizza, cresce la denuncia: sorveglianza politica e violazione delle libert\u00e0 costituzionali. Dopo oltre un mese di assoluto silenzio, il Viminale ha accennato&hellip;<\/p>\n","protected":false},"author":2479,"featured_media":2616974,"comment_status":"closed","ping_status":"closed","sticky":false,"template":"","format":"standard","meta":{"footnotes":""},"categories":[11388,47,55],"tags":[139122,947,100636,139123,7272,11134,42365],"class_list":["post-2616973","post","type-post","status-publish","format-standard","has-post-thumbnail","hentry","category-contenuti-originali","category-europa","category-politica","tag-agenti-infiltrati","tag-appello","tag-cambiare-rotta","tag-cau-it","tag-dissenso","tag-governo-italiano","tag-potere-al-popolo"],"yoast_head":"<!-- This site is optimized with the Yoast SEO plugin v27.1.1 - https:\/\/yoast.com\/product\/yoast-seo-wordpress\/ -->\n<title>La risposta del Viminale sugli agenti infiltrati in Potere al Popolo non regge<\/title>\n<meta name=\"description\" content=\"Cinque agenti infiltrati nei collettivi e nelle assemblee del partito per mesi senza copertura giudiziaria. Mentre il governo minimizza, cresce la\" \/>\n<meta name=\"robots\" content=\"index, follow, max-snippet:-1, max-image-preview:large, max-video-preview:-1\" \/>\n<link rel=\"canonical\" href=\"https:\/\/www.pressenza.com\/it\/2025\/07\/la-risposta-del-viminale-sugli-agenti-infiltrati-in-potere-al-popolo-non-regge\/\" \/>\n<meta property=\"og:locale\" content=\"it_IT\" \/>\n<meta property=\"og:type\" content=\"article\" \/>\n<meta property=\"og:title\" content=\"La risposta del Viminale sugli agenti infiltrati in Potere al Popolo non regge\" \/>\n<meta property=\"og:description\" content=\"Cinque agenti infiltrati nei collettivi e nelle assemblee del partito per mesi senza copertura giudiziaria. Mentre il governo minimizza, cresce la\" \/>\n<meta property=\"og:url\" content=\"https:\/\/www.pressenza.com\/it\/2025\/07\/la-risposta-del-viminale-sugli-agenti-infiltrati-in-potere-al-popolo-non-regge\/\" \/>\n<meta property=\"og:site_name\" content=\"Pressenza\" \/>\n<meta property=\"article:publisher\" content=\"https:\/\/www.facebook.com\/PressenzaItalia\" \/>\n<meta property=\"article:published_time\" content=\"2025-07-05T19:17:05+00:00\" \/>\n<meta property=\"article:modified_time\" content=\"2025-07-05T19:20:51+00:00\" \/>\n<meta property=\"og:image\" content=\"https:\/\/www.pressenza.com\/wp-content\/uploads\/2025\/07\/poliziotti-infiltrati-in-PAP.jpg\" \/>\n\t<meta property=\"og:image:width\" content=\"1200\" \/>\n\t<meta property=\"og:image:height\" content=\"675\" \/>\n\t<meta property=\"og:image:type\" content=\"image\/jpeg\" \/>\n<meta name=\"author\" content=\"Emiliano Palpacelli\" \/>\n<meta name=\"twitter:card\" content=\"summary_large_image\" \/>\n<meta name=\"twitter:creator\" content=\"@PressenzaIPA\" \/>\n<meta name=\"twitter:site\" content=\"@PressenzaIPA\" \/>\n<meta name=\"twitter:label1\" content=\"Scritto da\" \/>\n\t<meta name=\"twitter:data1\" content=\"Emiliano Palpacelli\" \/>\n\t<meta name=\"twitter:label2\" content=\"Tempo di lettura stimato\" \/>\n\t<meta name=\"twitter:data2\" content=\"5 minuti\" \/>\n<script type=\"application\/ld+json\" class=\"yoast-schema-graph\">{\"@context\":\"https:\/\/schema.org\",\"@graph\":[{\"@type\":\"Article\",\"@id\":\"https:\/\/www.pressenza.com\/it\/2025\/07\/la-risposta-del-viminale-sugli-agenti-infiltrati-in-potere-al-popolo-non-regge\/#article\",\"isPartOf\":{\"@id\":\"https:\/\/www.pressenza.com\/it\/2025\/07\/la-risposta-del-viminale-sugli-agenti-infiltrati-in-potere-al-popolo-non-regge\/\"},\"author\":{\"name\":\"Emiliano Palpacelli\",\"@id\":\"https:\/\/www.pressenza.com\/it\/#\/schema\/person\/0a31b197c8a2052bf4fb036b83de8cb1\"},\"headline\":\"La risposta del Viminale sugli agenti infiltrati in Potere al Popolo non regge\",\"datePublished\":\"2025-07-05T19:17:05+00:00\",\"dateModified\":\"2025-07-05T19:20:51+00:00\",\"mainEntityOfPage\":{\"@id\":\"https:\/\/www.pressenza.com\/it\/2025\/07\/la-risposta-del-viminale-sugli-agenti-infiltrati-in-potere-al-popolo-non-regge\/\"},\"wordCount\":908,\"publisher\":{\"@id\":\"https:\/\/www.pressenza.com\/it\/#organization\"},\"image\":{\"@id\":\"https:\/\/www.pressenza.com\/it\/2025\/07\/la-risposta-del-viminale-sugli-agenti-infiltrati-in-potere-al-popolo-non-regge\/#primaryimage\"},\"thumbnailUrl\":\"https:\/\/www.pressenza.com\/wp-content\/uploads\/2025\/07\/poliziotti-infiltrati-in-PAP.jpg\",\"keywords\":[\"agenti infiltrati\",\"appello\",\"Cambiare Rotta\",\"CAU\",\"dissenso\",\"governo italiano\",\"Potere al popolo\"],\"articleSection\":[\"contenuti originali\",\"Europa\",\"Politica\"],\"inLanguage\":\"it-IT\"},{\"@type\":\"WebPage\",\"@id\":\"https:\/\/www.pressenza.com\/it\/2025\/07\/la-risposta-del-viminale-sugli-agenti-infiltrati-in-potere-al-popolo-non-regge\/\",\"url\":\"https:\/\/www.pressenza.com\/it\/2025\/07\/la-risposta-del-viminale-sugli-agenti-infiltrati-in-potere-al-popolo-non-regge\/\",\"name\":\"La risposta del Viminale sugli agenti infiltrati in Potere al Popolo non regge\",\"isPartOf\":{\"@id\":\"https:\/\/www.pressenza.com\/it\/#website\"},\"primaryImageOfPage\":{\"@id\":\"https:\/\/www.pressenza.com\/it\/2025\/07\/la-risposta-del-viminale-sugli-agenti-infiltrati-in-potere-al-popolo-non-regge\/#primaryimage\"},\"image\":{\"@id\":\"https:\/\/www.pressenza.com\/it\/2025\/07\/la-risposta-del-viminale-sugli-agenti-infiltrati-in-potere-al-popolo-non-regge\/#primaryimage\"},\"thumbnailUrl\":\"https:\/\/www.pressenza.com\/wp-content\/uploads\/2025\/07\/poliziotti-infiltrati-in-PAP.jpg\",\"datePublished\":\"2025-07-05T19:17:05+00:00\",\"dateModified\":\"2025-07-05T19:20:51+00:00\",\"description\":\"Cinque agenti infiltrati nei collettivi e nelle assemblee del partito per mesi senza copertura giudiziaria. Mentre il governo minimizza, cresce la\",\"breadcrumb\":{\"@id\":\"https:\/\/www.pressenza.com\/it\/2025\/07\/la-risposta-del-viminale-sugli-agenti-infiltrati-in-potere-al-popolo-non-regge\/#breadcrumb\"},\"inLanguage\":\"it-IT\",\"potentialAction\":[{\"@type\":\"ReadAction\",\"target\":[\"https:\/\/www.pressenza.com\/it\/2025\/07\/la-risposta-del-viminale-sugli-agenti-infiltrati-in-potere-al-popolo-non-regge\/\"]}]},{\"@type\":\"ImageObject\",\"inLanguage\":\"it-IT\",\"@id\":\"https:\/\/www.pressenza.com\/it\/2025\/07\/la-risposta-del-viminale-sugli-agenti-infiltrati-in-potere-al-popolo-non-regge\/#primaryimage\",\"url\":\"https:\/\/www.pressenza.com\/wp-content\/uploads\/2025\/07\/poliziotti-infiltrati-in-PAP.jpg\",\"contentUrl\":\"https:\/\/www.pressenza.com\/wp-content\/uploads\/2025\/07\/poliziotti-infiltrati-in-PAP.jpg\",\"width\":1200,\"height\":675},{\"@type\":\"BreadcrumbList\",\"@id\":\"https:\/\/www.pressenza.com\/it\/2025\/07\/la-risposta-del-viminale-sugli-agenti-infiltrati-in-potere-al-popolo-non-regge\/#breadcrumb\",\"itemListElement\":[{\"@type\":\"ListItem\",\"position\":1,\"name\":\"Accueil\",\"item\":\"https:\/\/www.pressenza.com\/it\/\"},{\"@type\":\"ListItem\",\"position\":2,\"name\":\"La risposta del Viminale sugli agenti infiltrati in Potere al Popolo non regge\"}]},{\"@type\":\"WebSite\",\"@id\":\"https:\/\/www.pressenza.com\/it\/#website\",\"url\":\"https:\/\/www.pressenza.com\/it\/\",\"name\":\"Pressenza\",\"description\":\"Agenzia di Stampa Internazionale\",\"publisher\":{\"@id\":\"https:\/\/www.pressenza.com\/it\/#organization\"},\"potentialAction\":[{\"@type\":\"SearchAction\",\"target\":{\"@type\":\"EntryPoint\",\"urlTemplate\":\"https:\/\/www.pressenza.com\/it\/?s={search_term_string}\"},\"query-input\":{\"@type\":\"PropertyValueSpecification\",\"valueRequired\":true,\"valueName\":\"search_term_string\"}}],\"inLanguage\":\"it-IT\"},{\"@type\":\"Organization\",\"@id\":\"https:\/\/www.pressenza.com\/it\/#organization\",\"name\":\"Pressenza\",\"url\":\"https:\/\/www.pressenza.com\/it\/\",\"logo\":{\"@type\":\"ImageObject\",\"inLanguage\":\"it-IT\",\"@id\":\"https:\/\/www.pressenza.com\/it\/#\/schema\/logo\/image\/\",\"url\":\"https:\/\/www.pressenza.com\/wp-content\/uploads\/2022\/10\/pressenza_logo_200x200.jpg\",\"contentUrl\":\"https:\/\/www.pressenza.com\/wp-content\/uploads\/2022\/10\/pressenza_logo_200x200.jpg\",\"width\":200,\"height\":200,\"caption\":\"Pressenza\"},\"image\":{\"@id\":\"https:\/\/www.pressenza.com\/it\/#\/schema\/logo\/image\/\"},\"sameAs\":[\"https:\/\/www.facebook.com\/PressenzaItalia\",\"https:\/\/x.com\/PressenzaIPA\"]},{\"@type\":\"Person\",\"@id\":\"https:\/\/www.pressenza.com\/it\/#\/schema\/person\/0a31b197c8a2052bf4fb036b83de8cb1\",\"name\":\"Emiliano Palpacelli\",\"sameAs\":[\"https:\/\/www.instagram.com\/_palpfiction_?igsh=cHdoa3V1emZ0dHkz\"],\"url\":\"https:\/\/www.pressenza.com\/it\/author\/emiliano-palpacelli\/\"}]}<\/script>\n<!-- \/ Yoast SEO plugin. -->","yoast_head_json":{"title":"La risposta del Viminale sugli agenti infiltrati in Potere al Popolo non regge","description":"Cinque agenti infiltrati nei collettivi e nelle assemblee del partito per mesi senza copertura giudiziaria. Mentre il governo minimizza, cresce la","robots":{"index":"index","follow":"follow","max-snippet":"max-snippet:-1","max-image-preview":"max-image-preview:large","max-video-preview":"max-video-preview:-1"},"canonical":"https:\/\/www.pressenza.com\/it\/2025\/07\/la-risposta-del-viminale-sugli-agenti-infiltrati-in-potere-al-popolo-non-regge\/","og_locale":"it_IT","og_type":"article","og_title":"La risposta del Viminale sugli agenti infiltrati in Potere al Popolo non regge","og_description":"Cinque agenti infiltrati nei collettivi e nelle assemblee del partito per mesi senza copertura giudiziaria. Mentre il governo minimizza, cresce la","og_url":"https:\/\/www.pressenza.com\/it\/2025\/07\/la-risposta-del-viminale-sugli-agenti-infiltrati-in-potere-al-popolo-non-regge\/","og_site_name":"Pressenza","article_publisher":"https:\/\/www.facebook.com\/PressenzaItalia","article_published_time":"2025-07-05T19:17:05+00:00","article_modified_time":"2025-07-05T19:20:51+00:00","og_image":[{"width":1200,"height":675,"url":"https:\/\/www.pressenza.com\/wp-content\/uploads\/2025\/07\/poliziotti-infiltrati-in-PAP.jpg","type":"image\/jpeg"}],"author":"Emiliano Palpacelli","twitter_card":"summary_large_image","twitter_creator":"@PressenzaIPA","twitter_site":"@PressenzaIPA","twitter_misc":{"Scritto da":"Emiliano Palpacelli","Tempo di lettura stimato":"5 minuti"},"schema":{"@context":"https:\/\/schema.org","@graph":[{"@type":"Article","@id":"https:\/\/www.pressenza.com\/it\/2025\/07\/la-risposta-del-viminale-sugli-agenti-infiltrati-in-potere-al-popolo-non-regge\/#article","isPartOf":{"@id":"https:\/\/www.pressenza.com\/it\/2025\/07\/la-risposta-del-viminale-sugli-agenti-infiltrati-in-potere-al-popolo-non-regge\/"},"author":{"name":"Emiliano Palpacelli","@id":"https:\/\/www.pressenza.com\/it\/#\/schema\/person\/0a31b197c8a2052bf4fb036b83de8cb1"},"headline":"La risposta del Viminale sugli agenti infiltrati in Potere al Popolo non regge","datePublished":"2025-07-05T19:17:05+00:00","dateModified":"2025-07-05T19:20:51+00:00","mainEntityOfPage":{"@id":"https:\/\/www.pressenza.com\/it\/2025\/07\/la-risposta-del-viminale-sugli-agenti-infiltrati-in-potere-al-popolo-non-regge\/"},"wordCount":908,"publisher":{"@id":"https:\/\/www.pressenza.com\/it\/#organization"},"image":{"@id":"https:\/\/www.pressenza.com\/it\/2025\/07\/la-risposta-del-viminale-sugli-agenti-infiltrati-in-potere-al-popolo-non-regge\/#primaryimage"},"thumbnailUrl":"https:\/\/www.pressenza.com\/wp-content\/uploads\/2025\/07\/poliziotti-infiltrati-in-PAP.jpg","keywords":["agenti infiltrati","appello","Cambiare Rotta","CAU","dissenso","governo italiano","Potere al popolo"],"articleSection":["contenuti originali","Europa","Politica"],"inLanguage":"it-IT"},{"@type":"WebPage","@id":"https:\/\/www.pressenza.com\/it\/2025\/07\/la-risposta-del-viminale-sugli-agenti-infiltrati-in-potere-al-popolo-non-regge\/","url":"https:\/\/www.pressenza.com\/it\/2025\/07\/la-risposta-del-viminale-sugli-agenti-infiltrati-in-potere-al-popolo-non-regge\/","name":"La risposta del Viminale sugli agenti infiltrati in Potere al Popolo non regge","isPartOf":{"@id":"https:\/\/www.pressenza.com\/it\/#website"},"primaryImageOfPage":{"@id":"https:\/\/www.pressenza.com\/it\/2025\/07\/la-risposta-del-viminale-sugli-agenti-infiltrati-in-potere-al-popolo-non-regge\/#primaryimage"},"image":{"@id":"https:\/\/www.pressenza.com\/it\/2025\/07\/la-risposta-del-viminale-sugli-agenti-infiltrati-in-potere-al-popolo-non-regge\/#primaryimage"},"thumbnailUrl":"https:\/\/www.pressenza.com\/wp-content\/uploads\/2025\/07\/poliziotti-infiltrati-in-PAP.jpg","datePublished":"2025-07-05T19:17:05+00:00","dateModified":"2025-07-05T19:20:51+00:00","description":"Cinque agenti infiltrati nei collettivi e nelle assemblee del partito per mesi senza copertura giudiziaria. Mentre il governo minimizza, cresce la","breadcrumb":{"@id":"https:\/\/www.pressenza.com\/it\/2025\/07\/la-risposta-del-viminale-sugli-agenti-infiltrati-in-potere-al-popolo-non-regge\/#breadcrumb"},"inLanguage":"it-IT","potentialAction":[{"@type":"ReadAction","target":["https:\/\/www.pressenza.com\/it\/2025\/07\/la-risposta-del-viminale-sugli-agenti-infiltrati-in-potere-al-popolo-non-regge\/"]}]},{"@type":"ImageObject","inLanguage":"it-IT","@id":"https:\/\/www.pressenza.com\/it\/2025\/07\/la-risposta-del-viminale-sugli-agenti-infiltrati-in-potere-al-popolo-non-regge\/#primaryimage","url":"https:\/\/www.pressenza.com\/wp-content\/uploads\/2025\/07\/poliziotti-infiltrati-in-PAP.jpg","contentUrl":"https:\/\/www.pressenza.com\/wp-content\/uploads\/2025\/07\/poliziotti-infiltrati-in-PAP.jpg","width":1200,"height":675},{"@type":"BreadcrumbList","@id":"https:\/\/www.pressenza.com\/it\/2025\/07\/la-risposta-del-viminale-sugli-agenti-infiltrati-in-potere-al-popolo-non-regge\/#breadcrumb","itemListElement":[{"@type":"ListItem","position":1,"name":"Accueil","item":"https:\/\/www.pressenza.com\/it\/"},{"@type":"ListItem","position":2,"name":"La risposta del Viminale sugli agenti infiltrati in Potere al Popolo non regge"}]},{"@type":"WebSite","@id":"https:\/\/www.pressenza.com\/it\/#website","url":"https:\/\/www.pressenza.com\/it\/","name":"Pressenza","description":"Agenzia di Stampa Internazionale","publisher":{"@id":"https:\/\/www.pressenza.com\/it\/#organization"},"potentialAction":[{"@type":"SearchAction","target":{"@type":"EntryPoint","urlTemplate":"https:\/\/www.pressenza.com\/it\/?s={search_term_string}"},"query-input":{"@type":"PropertyValueSpecification","valueRequired":true,"valueName":"search_term_string"}}],"inLanguage":"it-IT"},{"@type":"Organization","@id":"https:\/\/www.pressenza.com\/it\/#organization","name":"Pressenza","url":"https:\/\/www.pressenza.com\/it\/","logo":{"@type":"ImageObject","inLanguage":"it-IT","@id":"https:\/\/www.pressenza.com\/it\/#\/schema\/logo\/image\/","url":"https:\/\/www.pressenza.com\/wp-content\/uploads\/2022\/10\/pressenza_logo_200x200.jpg","contentUrl":"https:\/\/www.pressenza.com\/wp-content\/uploads\/2022\/10\/pressenza_logo_200x200.jpg","width":200,"height":200,"caption":"Pressenza"},"image":{"@id":"https:\/\/www.pressenza.com\/it\/#\/schema\/logo\/image\/"},"sameAs":["https:\/\/www.facebook.com\/PressenzaItalia","https:\/\/x.com\/PressenzaIPA"]},{"@type":"Person","@id":"https:\/\/www.pressenza.com\/it\/#\/schema\/person\/0a31b197c8a2052bf4fb036b83de8cb1","name":"Emiliano Palpacelli","sameAs":["https:\/\/www.instagram.com\/_palpfiction_?igsh=cHdoa3V1emZ0dHkz"],"url":"https:\/\/www.pressenza.com\/it\/author\/emiliano-palpacelli\/"}]}},"place":"","original_article_url":"","_links":{"self":[{"href":"https:\/\/www.pressenza.com\/it\/wp-json\/wp\/v2\/posts\/2616973","targetHints":{"allow":["GET"]}}],"collection":[{"href":"https:\/\/www.pressenza.com\/it\/wp-json\/wp\/v2\/posts"}],"about":[{"href":"https:\/\/www.pressenza.com\/it\/wp-json\/wp\/v2\/types\/post"}],"author":[{"embeddable":true,"href":"https:\/\/www.pressenza.com\/it\/wp-json\/wp\/v2\/users\/2479"}],"replies":[{"embeddable":true,"href":"https:\/\/www.pressenza.com\/it\/wp-json\/wp\/v2\/comments?post=2616973"}],"version-history":[{"count":3,"href":"https:\/\/www.pressenza.com\/it\/wp-json\/wp\/v2\/posts\/2616973\/revisions"}],"predecessor-version":[{"id":2616977,"href":"https:\/\/www.pressenza.com\/it\/wp-json\/wp\/v2\/posts\/2616973\/revisions\/2616977"}],"wp:featuredmedia":[{"embeddable":true,"href":"https:\/\/www.pressenza.com\/it\/wp-json\/wp\/v2\/media\/2616974"}],"wp:attachment":[{"href":"https:\/\/www.pressenza.com\/it\/wp-json\/wp\/v2\/media?parent=2616973"}],"wp:term":[{"taxonomy":"category","embeddable":true,"href":"https:\/\/www.pressenza.com\/it\/wp-json\/wp\/v2\/categories?post=2616973"},{"taxonomy":"post_tag","embeddable":true,"href":"https:\/\/www.pressenza.com\/it\/wp-json\/wp\/v2\/tags?post=2616973"}],"curies":[{"name":"wp","href":"https:\/\/api.w.org\/{rel}","templated":true}]}}