{"id":2616660,"date":"2025-07-04T11:52:49","date_gmt":"2025-07-04T10:52:49","guid":{"rendered":"https:\/\/www.pressenza.com\/?p=2616660"},"modified":"2025-07-04T12:18:38","modified_gmt":"2025-07-04T11:18:38","slug":"un-appello-chi-controlla-il-controllore","status":"publish","type":"post","link":"https:\/\/www.pressenza.com\/it\/2025\/07\/un-appello-chi-controlla-il-controllore\/","title":{"rendered":"Un appello: chi controlla il controllore?"},"content":{"rendered":"<p><strong>Sulla sorveglianza delle opposizioni politiche in Italia<\/strong><br \/>\nOltre un mese fa, e nuovamente nei giorni scorsi, l\u2019inchiesta giornalistica pubblicata da Fanpage ha portato alla luce fatti di estrema gravit\u00e0 per la tenuta democratica del nostro Paese. Secondo documenti interni e testimonianze, almeno cinque agenti della Direzione Centrale della Polizia di Prevenzione \u2013 cio\u00e8 l\u2019antiterrorismo del Ministero dell\u2019Interno \u2013 si sarebbero infiltrati, sotto copertura, all\u2019interno del movimento politico Potere al Popolo e delle sue organizzazioni giovanili, il Collettivo Autorganizzato Universitario di Napoli e Cambiare Rotta. L\u2019operazione, protrattasi per diversi mesi tra l\u2019autunno del 2024 e la primavera del 2025, avrebbe coinvolto pi\u00f9 citt\u00e0 italiane, tra cui Napoli, Milano, Bologna e Roma.<\/p>\n<p>Stando a quanto emerso, gli agenti avrebbero partecipato a riunioni interne, assemblee pubbliche, discussioni e iniziative politiche locali, senza che risultino a oggi mandati giudiziari o indagini specifiche a carico degli attivisti coinvolti. L&#8217;assenza di una cornice giudiziaria, e la natura prolungata e sistematica di queste attivit\u00e0, disegna un profilo allarmante: non si tratterebbe di operazioni a scopo investigativo, ma di sorveglianza politica preventiva, cio\u00e8 di un controllo generalizzato e pretestuoso su organizzazioni che esercitano legittimamente il diritto costituzionale alla partecipazione politica.<\/p>\n<p>Tale condotta \u2013 se confermata \u2013 rappresenterebbe una violazione evidente dei principi fondamentali dello Stato di diritto. In una democrazia, il dissenso politico non \u00e8 materia per i servizi di sicurezza. Nessuna forza dell\u2019ordine dovrebbe infiltrarsi in un partito politico senza un preciso fondamento giuridico. Nessun governo dovrebbe permettere o tollerare che lo Stato impieghi i suoi strumenti di sorveglianza per monitorare chi partecipa attivamente alla vita pubblica.<\/p>\n<p>La libert\u00e0 di associazione, di riunione, di partecipazione politica e il diritto alla riservatezza \u2013 sanciti dalla Costituzione agli articoli 17, 18 e 49 e dalla Convenzione europea per i diritti umani agli articoli 8 e 11 \u2013 non sono privilegi concessi, ma diritti inalienabili. Il fatto che tutto questo stia avvenendo nel silenzio delle autorit\u00e0 competenti \u2013 a pi\u00f9 di un mese dalla notizia n\u00e9 il Presidente del Consiglio n\u00e9 il Ministro degli Interni hanno rilasciato dichiarazioni \u2013 \u00e8 inaccettabile e pericoloso.<\/p>\n<p>Non \u00e8 un caso isolato. Un\u2019altra inchiesta ha documentato l\u2019attivit\u00e0 della multinazionale Paragon, incaricata da governi e agenzie europee, che ha schedato centinaia di attivisti, operatori umanitari e giornalisti. Anche in quel caso, nessuna risposta istituzionale. Si sta profilando, sotto gli occhi di tutti, una normalizzazione della sorveglianza del dissenso, della criminalizzazione della solidariet\u00e0, dell\u2019uso strumentale dell\u2019apparato repressivo.<\/p>\n<p>Per questo, come cittadine e cittadini impegnati nella vita culturale, politica, accademica e sociale del Paese, sentiamo il dovere di prendere parola pubblicamente e chiediamo con urgenza:<\/p>\n<p>Che il Presidente del Consiglio Giorgia Meloni e il Ministro dell\u2019Interno Matteo Piantedosi si esprimano pubblicamente su quanto accaduto, in Parlamento e davanti all\u2019opinione pubblica;<\/p>\n<p>Che siano chiariti i contorni dell\u2019operazione: chi l\u2019ha autorizzata, con quali obiettivi, attraverso quali catene di comando, e sulla base di quali elementi;<\/p>\n<p>Che si apra un confronto trasparente sul ruolo delle forze di polizia di prevenzione, e sui limiti costituzionali delle attivit\u00e0 di intelligence interna rivolte verso soggetti politici;<\/p>\n<p>Che siano riaffermate in modo chiaro, nelle istituzioni e nel dibattito pubblico, le garanzie democratiche contro ogni forma di controllo politico e poliziesco del dissenso.<\/p>\n<p>La fiducia nei principi democratici si misura anche nella capacit\u00e0 delle istituzioni di rispondere con trasparenza, rigore e rispetto alle accuse pi\u00f9 gravi.<br \/>\nTutelare il dissenso, in un Paese libero, non \u00e8 un rischio da contenere: \u00e8 un dovere da esercitare.<br \/>\nRoma, 2 luglio 2025<\/p>\n<p>Tra i primi firmatari e firmatarie: Carlo Rovelli (saggista e professore di Fisica, Universit\u00e0 di Aix-Marseille), Andrea Segre (regista), Walter Massa (Presidente Arci nazionale), Zerocalcare (fumettista), Vauro (vignettista), Giuristi democratici, Carlo Fanelli (Professore, Department of Social Science at York University, Toronto, Canada, direttore della rivista Alternate Routes), Luigi De Magistris (ex-magistrato, ex sindaco di Napoli), Mimmo Lucano (sindaco di Riace, europarlamentare), Ilaria Salis (europarlamentare), Dario Salvetti (operaio ex-GKN), USB, Cobas e decine e decine di altr*<\/p>\n<p>per adesioni: <a href=\"https:\/\/docs.google.com\/forms\/d\/e\/1FAIpQLSf9WuYLc9agF2UriYAcLxjs-B5VpNV-tA5czjjSZ3niOGGu9g\/viewform\">Appello: chi controlla il controllore?<\/a><\/p>\n<p><strong><img loading=\"lazy\" decoding=\"async\" class=\"size-medium wp-image-2582922 aligncenter\" src=\"https:\/\/www.pressenza.com\/wp-content\/uploads\/2025\/02\/spionaggio-Paragon-300x145.jpeg\" alt=\"\" width=\"300\" height=\"145\" srcset=\"https:\/\/www.pressenza.com\/wp-content\/uploads\/2025\/02\/spionaggio-Paragon-300x145.jpeg 300w, https:\/\/www.pressenza.com\/wp-content\/uploads\/2025\/02\/spionaggio-Paragon.jpeg 725w\" sizes=\"auto, (max-width: 300px) 100vw, 300px\" \/><\/strong><\/p>\n","protected":false},"excerpt":{"rendered":"<p>Sulla sorveglianza delle opposizioni politiche in Italia Oltre un mese fa, e nuovamente nei giorni scorsi, l\u2019inchiesta giornalistica pubblicata da Fanpage ha portato alla luce fatti di estrema gravit\u00e0 per la tenuta democratica del nostro Paese. Secondo documenti interni e&hellip;<\/p>\n","protected":false},"author":594,"featured_media":2616671,"comment_status":"closed","ping_status":"closed","sticky":false,"template":"","format":"standard","meta":{"footnotes":""},"categories":[150,60,55],"tags":[139254,33637,139253],"class_list":["post-2616660","post","type-post","status-publish","format-standard","has-post-thumbnail","hentry","category-comunicati-stampa","category-diritti-umani","category-politica","tag-spionaggio-in-potere-al-popolo","tag-spionaggio-politico","tag-vicenda-paragon"],"yoast_head":"<!-- This site is optimized with the Yoast SEO plugin v27.1.1 - https:\/\/yoast.com\/product\/yoast-seo-wordpress\/ -->\n<title>Un appello: chi controlla il controllore?<\/title>\n<meta name=\"description\" content=\"Sulla sorveglianza delle opposizioni politiche in Italia Oltre un mese fa, e nuovamente nei giorni scorsi, l\u2019inchiesta giornalistica pubblicata da Fanpage\" \/>\n<meta name=\"robots\" content=\"index, follow, max-snippet:-1, max-image-preview:large, max-video-preview:-1\" \/>\n<link rel=\"canonical\" href=\"https:\/\/www.pressenza.com\/it\/2025\/07\/un-appello-chi-controlla-il-controllore\/\" \/>\n<meta property=\"og:locale\" content=\"it_IT\" \/>\n<meta property=\"og:type\" content=\"article\" \/>\n<meta property=\"og:title\" content=\"Un appello: chi controlla il controllore?\" \/>\n<meta property=\"og:description\" content=\"Sulla sorveglianza delle opposizioni politiche in Italia Oltre un mese fa, e nuovamente nei giorni scorsi, l\u2019inchiesta giornalistica pubblicata da Fanpage\" \/>\n<meta property=\"og:url\" content=\"https:\/\/www.pressenza.com\/it\/2025\/07\/un-appello-chi-controlla-il-controllore\/\" \/>\n<meta property=\"og:site_name\" content=\"Pressenza\" \/>\n<meta property=\"article:publisher\" content=\"https:\/\/www.facebook.com\/PressenzaItalia\" \/>\n<meta property=\"article:author\" content=\"https:\/\/www.facebook.com\/PressenzaItalia\" \/>\n<meta property=\"article:published_time\" content=\"2025-07-04T10:52:49+00:00\" \/>\n<meta property=\"article:modified_time\" content=\"2025-07-04T11:18:38+00:00\" \/>\n<meta property=\"og:image\" content=\"https:\/\/www.pressenza.com\/wp-content\/uploads\/2025\/07\/pap.jpg\" \/>\n\t<meta property=\"og:image:width\" content=\"800\" \/>\n\t<meta property=\"og:image:height\" content=\"534\" \/>\n\t<meta property=\"og:image:type\" content=\"image\/jpeg\" \/>\n<meta name=\"author\" content=\"Redazione Italia\" \/>\n<meta name=\"twitter:card\" content=\"summary_large_image\" \/>\n<meta name=\"twitter:creator\" content=\"@pressenza_it\" \/>\n<meta name=\"twitter:site\" content=\"@PressenzaIPA\" \/>\n<meta name=\"twitter:label1\" content=\"Scritto da\" \/>\n\t<meta name=\"twitter:data1\" content=\"Redazione Italia\" \/>\n\t<meta name=\"twitter:label2\" content=\"Tempo di lettura stimato\" \/>\n\t<meta name=\"twitter:data2\" content=\"4 minuti\" \/>\n<script type=\"application\/ld+json\" class=\"yoast-schema-graph\">{\"@context\":\"https:\/\/schema.org\",\"@graph\":[{\"@type\":\"Article\",\"@id\":\"https:\/\/www.pressenza.com\/it\/2025\/07\/un-appello-chi-controlla-il-controllore\/#article\",\"isPartOf\":{\"@id\":\"https:\/\/www.pressenza.com\/it\/2025\/07\/un-appello-chi-controlla-il-controllore\/\"},\"author\":{\"name\":\"Redazione Italia\",\"@id\":\"https:\/\/www.pressenza.com\/it\/#\/schema\/person\/d983e81827ae24f2c7b1a2123d197f8d\"},\"headline\":\"Un appello: chi controlla il controllore?\",\"datePublished\":\"2025-07-04T10:52:49+00:00\",\"dateModified\":\"2025-07-04T11:18:38+00:00\",\"mainEntityOfPage\":{\"@id\":\"https:\/\/www.pressenza.com\/it\/2025\/07\/un-appello-chi-controlla-il-controllore\/\"},\"wordCount\":656,\"publisher\":{\"@id\":\"https:\/\/www.pressenza.com\/it\/#organization\"},\"image\":{\"@id\":\"https:\/\/www.pressenza.com\/it\/2025\/07\/un-appello-chi-controlla-il-controllore\/#primaryimage\"},\"thumbnailUrl\":\"https:\/\/www.pressenza.com\/wp-content\/uploads\/2025\/07\/pap.jpg\",\"keywords\":[\"spionaggio in Potere al Popolo\",\"spionaggio politico\",\"vicenda Paragon\"],\"articleSection\":[\"Comunicati Stampa\",\"Diritti Umani\",\"Politica\"],\"inLanguage\":\"it-IT\"},{\"@type\":\"WebPage\",\"@id\":\"https:\/\/www.pressenza.com\/it\/2025\/07\/un-appello-chi-controlla-il-controllore\/\",\"url\":\"https:\/\/www.pressenza.com\/it\/2025\/07\/un-appello-chi-controlla-il-controllore\/\",\"name\":\"Un appello: chi controlla il controllore?\",\"isPartOf\":{\"@id\":\"https:\/\/www.pressenza.com\/it\/#website\"},\"primaryImageOfPage\":{\"@id\":\"https:\/\/www.pressenza.com\/it\/2025\/07\/un-appello-chi-controlla-il-controllore\/#primaryimage\"},\"image\":{\"@id\":\"https:\/\/www.pressenza.com\/it\/2025\/07\/un-appello-chi-controlla-il-controllore\/#primaryimage\"},\"thumbnailUrl\":\"https:\/\/www.pressenza.com\/wp-content\/uploads\/2025\/07\/pap.jpg\",\"datePublished\":\"2025-07-04T10:52:49+00:00\",\"dateModified\":\"2025-07-04T11:18:38+00:00\",\"description\":\"Sulla sorveglianza delle opposizioni politiche in Italia Oltre un mese fa, e nuovamente nei giorni scorsi, l\u2019inchiesta giornalistica pubblicata da Fanpage\",\"breadcrumb\":{\"@id\":\"https:\/\/www.pressenza.com\/it\/2025\/07\/un-appello-chi-controlla-il-controllore\/#breadcrumb\"},\"inLanguage\":\"it-IT\",\"potentialAction\":[{\"@type\":\"ReadAction\",\"target\":[\"https:\/\/www.pressenza.com\/it\/2025\/07\/un-appello-chi-controlla-il-controllore\/\"]}]},{\"@type\":\"ImageObject\",\"inLanguage\":\"it-IT\",\"@id\":\"https:\/\/www.pressenza.com\/it\/2025\/07\/un-appello-chi-controlla-il-controllore\/#primaryimage\",\"url\":\"https:\/\/www.pressenza.com\/wp-content\/uploads\/2025\/07\/pap.jpg\",\"contentUrl\":\"https:\/\/www.pressenza.com\/wp-content\/uploads\/2025\/07\/pap.jpg\",\"width\":800,\"height\":534},{\"@type\":\"BreadcrumbList\",\"@id\":\"https:\/\/www.pressenza.com\/it\/2025\/07\/un-appello-chi-controlla-il-controllore\/#breadcrumb\",\"itemListElement\":[{\"@type\":\"ListItem\",\"position\":1,\"name\":\"Accueil\",\"item\":\"https:\/\/www.pressenza.com\/it\/\"},{\"@type\":\"ListItem\",\"position\":2,\"name\":\"Un appello: chi controlla il controllore?\"}]},{\"@type\":\"WebSite\",\"@id\":\"https:\/\/www.pressenza.com\/it\/#website\",\"url\":\"https:\/\/www.pressenza.com\/it\/\",\"name\":\"Pressenza\",\"description\":\"Agenzia di Stampa Internazionale\",\"publisher\":{\"@id\":\"https:\/\/www.pressenza.com\/it\/#organization\"},\"potentialAction\":[{\"@type\":\"SearchAction\",\"target\":{\"@type\":\"EntryPoint\",\"urlTemplate\":\"https:\/\/www.pressenza.com\/it\/?s={search_term_string}\"},\"query-input\":{\"@type\":\"PropertyValueSpecification\",\"valueRequired\":true,\"valueName\":\"search_term_string\"}}],\"inLanguage\":\"it-IT\"},{\"@type\":\"Organization\",\"@id\":\"https:\/\/www.pressenza.com\/it\/#organization\",\"name\":\"Pressenza\",\"url\":\"https:\/\/www.pressenza.com\/it\/\",\"logo\":{\"@type\":\"ImageObject\",\"inLanguage\":\"it-IT\",\"@id\":\"https:\/\/www.pressenza.com\/it\/#\/schema\/logo\/image\/\",\"url\":\"https:\/\/www.pressenza.com\/wp-content\/uploads\/2022\/10\/pressenza_logo_200x200.jpg\",\"contentUrl\":\"https:\/\/www.pressenza.com\/wp-content\/uploads\/2022\/10\/pressenza_logo_200x200.jpg\",\"width\":200,\"height\":200,\"caption\":\"Pressenza\"},\"image\":{\"@id\":\"https:\/\/www.pressenza.com\/it\/#\/schema\/logo\/image\/\"},\"sameAs\":[\"https:\/\/www.facebook.com\/PressenzaItalia\",\"https:\/\/x.com\/PressenzaIPA\"]},{\"@type\":\"Person\",\"@id\":\"https:\/\/www.pressenza.com\/it\/#\/schema\/person\/d983e81827ae24f2c7b1a2123d197f8d\",\"name\":\"Redazione Italia\",\"description\":\"News from the Pressenza Bureau in Italy\",\"sameAs\":[\"https:\/\/www.pressenza.com\/it\/author\/redazione-italia\/\",\"https:\/\/www.facebook.com\/PressenzaItalia\",\"https:\/\/www.instagram.com\/pressenza_italia\/\",\"https:\/\/x.com\/pressenza_it\",\"https:\/\/www.youtube.com\/channel\/UCSalEIWjE1RSxkwjfftFuqg\"],\"url\":\"https:\/\/www.pressenza.com\/it\/author\/redazione-italia\/\"}]}<\/script>\n<!-- \/ Yoast SEO plugin. -->","yoast_head_json":{"title":"Un appello: chi controlla il controllore?","description":"Sulla sorveglianza delle opposizioni politiche in Italia Oltre un mese fa, e nuovamente nei giorni scorsi, l\u2019inchiesta giornalistica pubblicata da Fanpage","robots":{"index":"index","follow":"follow","max-snippet":"max-snippet:-1","max-image-preview":"max-image-preview:large","max-video-preview":"max-video-preview:-1"},"canonical":"https:\/\/www.pressenza.com\/it\/2025\/07\/un-appello-chi-controlla-il-controllore\/","og_locale":"it_IT","og_type":"article","og_title":"Un appello: chi controlla il controllore?","og_description":"Sulla sorveglianza delle opposizioni politiche in Italia Oltre un mese fa, e nuovamente nei giorni scorsi, l\u2019inchiesta giornalistica pubblicata da Fanpage","og_url":"https:\/\/www.pressenza.com\/it\/2025\/07\/un-appello-chi-controlla-il-controllore\/","og_site_name":"Pressenza","article_publisher":"https:\/\/www.facebook.com\/PressenzaItalia","article_author":"https:\/\/www.facebook.com\/PressenzaItalia","article_published_time":"2025-07-04T10:52:49+00:00","article_modified_time":"2025-07-04T11:18:38+00:00","og_image":[{"width":800,"height":534,"url":"https:\/\/www.pressenza.com\/wp-content\/uploads\/2025\/07\/pap.jpg","type":"image\/jpeg"}],"author":"Redazione Italia","twitter_card":"summary_large_image","twitter_creator":"@pressenza_it","twitter_site":"@PressenzaIPA","twitter_misc":{"Scritto da":"Redazione Italia","Tempo di lettura stimato":"4 minuti"},"schema":{"@context":"https:\/\/schema.org","@graph":[{"@type":"Article","@id":"https:\/\/www.pressenza.com\/it\/2025\/07\/un-appello-chi-controlla-il-controllore\/#article","isPartOf":{"@id":"https:\/\/www.pressenza.com\/it\/2025\/07\/un-appello-chi-controlla-il-controllore\/"},"author":{"name":"Redazione Italia","@id":"https:\/\/www.pressenza.com\/it\/#\/schema\/person\/d983e81827ae24f2c7b1a2123d197f8d"},"headline":"Un appello: chi controlla il controllore?","datePublished":"2025-07-04T10:52:49+00:00","dateModified":"2025-07-04T11:18:38+00:00","mainEntityOfPage":{"@id":"https:\/\/www.pressenza.com\/it\/2025\/07\/un-appello-chi-controlla-il-controllore\/"},"wordCount":656,"publisher":{"@id":"https:\/\/www.pressenza.com\/it\/#organization"},"image":{"@id":"https:\/\/www.pressenza.com\/it\/2025\/07\/un-appello-chi-controlla-il-controllore\/#primaryimage"},"thumbnailUrl":"https:\/\/www.pressenza.com\/wp-content\/uploads\/2025\/07\/pap.jpg","keywords":["spionaggio in Potere al Popolo","spionaggio politico","vicenda Paragon"],"articleSection":["Comunicati Stampa","Diritti Umani","Politica"],"inLanguage":"it-IT"},{"@type":"WebPage","@id":"https:\/\/www.pressenza.com\/it\/2025\/07\/un-appello-chi-controlla-il-controllore\/","url":"https:\/\/www.pressenza.com\/it\/2025\/07\/un-appello-chi-controlla-il-controllore\/","name":"Un appello: chi controlla il controllore?","isPartOf":{"@id":"https:\/\/www.pressenza.com\/it\/#website"},"primaryImageOfPage":{"@id":"https:\/\/www.pressenza.com\/it\/2025\/07\/un-appello-chi-controlla-il-controllore\/#primaryimage"},"image":{"@id":"https:\/\/www.pressenza.com\/it\/2025\/07\/un-appello-chi-controlla-il-controllore\/#primaryimage"},"thumbnailUrl":"https:\/\/www.pressenza.com\/wp-content\/uploads\/2025\/07\/pap.jpg","datePublished":"2025-07-04T10:52:49+00:00","dateModified":"2025-07-04T11:18:38+00:00","description":"Sulla sorveglianza delle opposizioni politiche in Italia Oltre un mese fa, e nuovamente nei giorni scorsi, l\u2019inchiesta giornalistica pubblicata da Fanpage","breadcrumb":{"@id":"https:\/\/www.pressenza.com\/it\/2025\/07\/un-appello-chi-controlla-il-controllore\/#breadcrumb"},"inLanguage":"it-IT","potentialAction":[{"@type":"ReadAction","target":["https:\/\/www.pressenza.com\/it\/2025\/07\/un-appello-chi-controlla-il-controllore\/"]}]},{"@type":"ImageObject","inLanguage":"it-IT","@id":"https:\/\/www.pressenza.com\/it\/2025\/07\/un-appello-chi-controlla-il-controllore\/#primaryimage","url":"https:\/\/www.pressenza.com\/wp-content\/uploads\/2025\/07\/pap.jpg","contentUrl":"https:\/\/www.pressenza.com\/wp-content\/uploads\/2025\/07\/pap.jpg","width":800,"height":534},{"@type":"BreadcrumbList","@id":"https:\/\/www.pressenza.com\/it\/2025\/07\/un-appello-chi-controlla-il-controllore\/#breadcrumb","itemListElement":[{"@type":"ListItem","position":1,"name":"Accueil","item":"https:\/\/www.pressenza.com\/it\/"},{"@type":"ListItem","position":2,"name":"Un appello: chi controlla il controllore?"}]},{"@type":"WebSite","@id":"https:\/\/www.pressenza.com\/it\/#website","url":"https:\/\/www.pressenza.com\/it\/","name":"Pressenza","description":"Agenzia di Stampa Internazionale","publisher":{"@id":"https:\/\/www.pressenza.com\/it\/#organization"},"potentialAction":[{"@type":"SearchAction","target":{"@type":"EntryPoint","urlTemplate":"https:\/\/www.pressenza.com\/it\/?s={search_term_string}"},"query-input":{"@type":"PropertyValueSpecification","valueRequired":true,"valueName":"search_term_string"}}],"inLanguage":"it-IT"},{"@type":"Organization","@id":"https:\/\/www.pressenza.com\/it\/#organization","name":"Pressenza","url":"https:\/\/www.pressenza.com\/it\/","logo":{"@type":"ImageObject","inLanguage":"it-IT","@id":"https:\/\/www.pressenza.com\/it\/#\/schema\/logo\/image\/","url":"https:\/\/www.pressenza.com\/wp-content\/uploads\/2022\/10\/pressenza_logo_200x200.jpg","contentUrl":"https:\/\/www.pressenza.com\/wp-content\/uploads\/2022\/10\/pressenza_logo_200x200.jpg","width":200,"height":200,"caption":"Pressenza"},"image":{"@id":"https:\/\/www.pressenza.com\/it\/#\/schema\/logo\/image\/"},"sameAs":["https:\/\/www.facebook.com\/PressenzaItalia","https:\/\/x.com\/PressenzaIPA"]},{"@type":"Person","@id":"https:\/\/www.pressenza.com\/it\/#\/schema\/person\/d983e81827ae24f2c7b1a2123d197f8d","name":"Redazione Italia","description":"News from the Pressenza Bureau in Italy","sameAs":["https:\/\/www.pressenza.com\/it\/author\/redazione-italia\/","https:\/\/www.facebook.com\/PressenzaItalia","https:\/\/www.instagram.com\/pressenza_italia\/","https:\/\/x.com\/pressenza_it","https:\/\/www.youtube.com\/channel\/UCSalEIWjE1RSxkwjfftFuqg"],"url":"https:\/\/www.pressenza.com\/it\/author\/redazione-italia\/"}]}},"place":"","original_article_url":"https:\/\/docs.google.com\/forms\/d\/e\/1FAIpQLSf9WuYLc9agF2UriYAcLxjs-B5VpNV-tA5czjjSZ3niOGGu9g\/viewform","_links":{"self":[{"href":"https:\/\/www.pressenza.com\/it\/wp-json\/wp\/v2\/posts\/2616660","targetHints":{"allow":["GET"]}}],"collection":[{"href":"https:\/\/www.pressenza.com\/it\/wp-json\/wp\/v2\/posts"}],"about":[{"href":"https:\/\/www.pressenza.com\/it\/wp-json\/wp\/v2\/types\/post"}],"author":[{"embeddable":true,"href":"https:\/\/www.pressenza.com\/it\/wp-json\/wp\/v2\/users\/594"}],"replies":[{"embeddable":true,"href":"https:\/\/www.pressenza.com\/it\/wp-json\/wp\/v2\/comments?post=2616660"}],"version-history":[{"count":4,"href":"https:\/\/www.pressenza.com\/it\/wp-json\/wp\/v2\/posts\/2616660\/revisions"}],"predecessor-version":[{"id":2616673,"href":"https:\/\/www.pressenza.com\/it\/wp-json\/wp\/v2\/posts\/2616660\/revisions\/2616673"}],"wp:featuredmedia":[{"embeddable":true,"href":"https:\/\/www.pressenza.com\/it\/wp-json\/wp\/v2\/media\/2616671"}],"wp:attachment":[{"href":"https:\/\/www.pressenza.com\/it\/wp-json\/wp\/v2\/media?parent=2616660"}],"wp:term":[{"taxonomy":"category","embeddable":true,"href":"https:\/\/www.pressenza.com\/it\/wp-json\/wp\/v2\/categories?post=2616660"},{"taxonomy":"post_tag","embeddable":true,"href":"https:\/\/www.pressenza.com\/it\/wp-json\/wp\/v2\/tags?post=2616660"}],"curies":[{"name":"wp","href":"https:\/\/api.w.org\/{rel}","templated":true}]}}