{"id":2614794,"date":"2025-06-26T16:08:31","date_gmt":"2025-06-26T15:08:31","guid":{"rendered":"https:\/\/www.pressenza.com\/?p=2614794"},"modified":"2025-07-04T15:49:33","modified_gmt":"2025-07-04T14:49:33","slug":"il-pellegrinaggio-dei-pionieri-a-belgrado","status":"publish","type":"post","link":"https:\/\/www.pressenza.com\/it\/2025\/06\/il-pellegrinaggio-dei-pionieri-a-belgrado\/","title":{"rendered":"Il \u201cPellegrinaggio dei Pionieri\u201d a Belgrado"},"content":{"rendered":"<p>Passato e presente, tradizione culturale (e patrimonio) e innovazione tecnologica (e digitale) si combinano in maniera efficace e originale nella mostra ospitata presso il Museo della Jugoslavia a Belgrado, inaugurata il 24 giugno con il titolo \u201cPellegrinaggio dei Pionieri\u201d, realizzata a cura di Ana Milja\u010dki e in collaborazione con il Critical Broadcasting Lab del Massachusetts Institute of Technology &#8211; MIT.<\/p>\n<p>Qual \u00e8 il \u201cPellegrinaggio dei Pionieri\u201d messo in mostra dal Museo? L\u2019esposizione si basa sulla costruzione delle memorie e la ricostruzione del patrimonio storico-culturale jugoslavo a partire dalle visite didattiche delle scolaresche ai Monumenti dedicati alla lotta di liberazione dei popoli della Jugoslavia. Vale a dire alle sculture monumentali negli spazi aperti (\u201cspomenik\u201d, monumento) cos\u00ec tipiche e caratteristiche della Jugoslavia socialista, al punto da aver attirato, specie in anni pi\u00f9 recenti, l\u2019attenzione dei curiosi e lo studio dei ricercatori. La mostra al Museo della Jugoslavia \u00e8 concepita e realizzata sotto forma di esposizione in video-arte, con un&#8217;installazione video a sei canali, accompagnata da un paesaggio sonoro documentario.<\/p>\n<p>A partire da risorse dell\u2019intelligenza artificiale, la mostra \u00e8 in grado di rappresentare una sorta di \u201cmemoria sintetica\u201d delle visite scolastiche su due registri: il primo, la rappresentazione del patrimonio memoriale jugoslavo, il secondo, il potenziale didattico dei suoi messaggi simbolici o evocativi, ideali: la \u201cfratellanza e unit\u00e0\u201d, la solidariet\u00e0 e l\u2019amicizia tra i popoli, la giustizia sociale, la resistenza e la liberazione, l\u2019antifascismo. Si tratta infatti di monumenti \u201crivoluzionari\u201d. \u00c8 ancora attuale oggi la parola, cos\u00ec carica di senso, \u00abrivoluzione\u00bb?<\/p>\n<p>Secondo quanto indicato dai curatori, uno degli spunti della mostra \u00e8 stato quello di dare una risposta al vandalismo che nel 2022ha colpito una delle pi\u00f9 straordinarie realizzazioni dell\u2019arte jugoslava, la Necropoli Partigiana di Mostar. Questo spettacolare complesso monumentale fu realizzato da Bogdan Bogdanovi\u0107 a Mostar nel 1965 in memoria dei 630 caduti del movimento di liberazione jugoslavo. Vandalismi, contenuti fascisti, scritte offensive di carattere politico sono apparse a pi\u00f9 riprese nel corso del 2022: all&#8217;ingresso del corpo centrale, apparvero, ad esempio, i simboli della svastica e degli ustascia, i criminali fascisti croati di Ante Paveli\u0107.<\/p>\n<p>Considerata spesso un vero e proprio \u201ccompimento\u201d dell\u2019arte di Bogdan Bogdanovi\u0107, nella Necropoli trovano spazio molti degli elementi caratteristici della sua arte: la sua opera \u00e8 infatti caratterizzata da un\u2019originale sintesi di simbolismi e ascendenze, dal romanticismo al surrealismo, dalla metafisica al simbolismo ebraico e della kabala. Nota \u00e8 la sua ricerca circa la \u00abdignit\u00e0 semantica del segno\u00bb e straordinari i suoi capolavori, capaci di unire alla potenza rappresentativa e al fascino suggestivo l\u2019evocazione di rimandi storici e intellettuali.<\/p>\n<p>La Mostra di Belgrado rappresenta, quali tappe del \u201cPellegrinaggio dei Pionieri\u201d, nove monumenti leggendari, iconici. Il \u201cVolo interrotto\u201d nel Parco Memoriale di \u0160umarice (Miodrag \u017divkovi\u0107, 1963), commemora la strage degli studenti perpetrata dai nazisti il 21 ottobre 1941. Il Monumento alla Battaglia di Sutjeska (Miodrag \u017divkovi\u0107, 1972) commemora l\u2019eroismo dei partigiani nella leggendaria Battaglia di Sutjeska (maggio-giugno 1943). Il bellissimo \u201cFiore di Pietra\u201d di Jasenovac (Bogdan Bogdanovi\u0107, 1966), ricorda le vittime del lager ustascia di Jasenovac. Il Monumento alla Rivoluzione a Kozara (Du\u0161an D\u017eamonja, 1972) \u00e8 una celebrazione della rivoluzione dei popoli jugoslavi. La Necropoli di Mostar \u00e8 il noto capolavoro di Bogdanovi\u0107 del 1965.<\/p>\n<p>Il Monumento sulla Petrova Gora (Vojin Baki\u0107, 1981) ricorda la sollevazione dei popoli di Kordun e Banija. Il Monumento alla Rivolta di Ilinden, o \u201cMakedonium\u201d, a Kru\u0161evo (Iskra Grabuloska, Jordan Grabuloski, 1974) \u00e8 un vero e proprio simbolo nazionale, celebrando la sollevazione di Ilinden (1903) e la lotta di liberazione antifascista (1941-1944). Il Monumento a Ilirska Bistrica (Janez Lenassi, 1965) commemora la lotta di liberazione dei popoli della regione. Il Monumento ai Caduti a Barutana (Svetlana Kana Radevi\u0107, 1975-1980) \u00e8 dedicato ai caduti delle lotte di liberazione, dalla Prima guerra balcanica alla Seconda Guerra Mondiale.<\/p>\n<p>Sono questi monumenti un \u201ccampione rappresentativo\u201d? Quanto arbitraria pu\u00f2 diventare questa selezione? In definitiva, questi monumenti, opera dei pi\u00f9 grandi artisti jugoslavi (Miodrag \u017divkovi\u0107, Bogdan Bogdanovi\u0107, Du\u0161an D\u017eamonja, Vojin Baki\u0107 e Jordan Grabuloski solo per citarne cinque tra i pi\u00f9 grandi in assoluto), sono stati scelti per comporre il percorso della mostra in quanto maggiormente visitati dalle scuole jugoslave fino al 1991 e maggiormente esemplificativi dei valori dell&#8217;antifascismo e della \u201cfratellanza e unit\u00e0\u201d.<\/p>\n<p>Il contesto stesso \u00e8 esemplare. La missione del Museo della Jugoslavia a Belgrado \u00e8 quella di essere uno spazio aperto, di scambio di conoscenze e iniziative sui fenomeni sociali e culturali del XX secolo con tutte le istituzioni, le organizzazioni e le persone interessate alle questioni del patrimonio e della storia jugoslava, in relazione allo sviluppo dell&#8217;idea jugoslava, dalla nascita dello Stato jugoslavo come Regno di Jugoslavia, passando per la fondazione della Jugoslavia Socialista, fino alla sua scomparsa nel corso degli anni Novanta. Un museo memoriale innovativo, e importantissimo, per tenere vivi messaggio e memoria di ci\u00f2 che hanno significato i valori della liberazione e della fratellanza e unit\u00e0 per i popoli della regione, e non solo.<\/p>\n<p>&nbsp;<\/p>\n","protected":false},"excerpt":{"rendered":"<p>Passato e presente, tradizione culturale (e patrimonio) e innovazione tecnologica (e digitale) si combinano in maniera efficace e originale nella mostra ospitata presso il Museo della Jugoslavia a Belgrado, inaugurata il 24 giugno con il titolo \u201cPellegrinaggio dei Pionieri\u201d, realizzata&hellip;<\/p>\n","protected":false},"author":986,"featured_media":2614796,"comment_status":"closed","ping_status":"closed","sticky":false,"template":"","format":"standard","meta":{"footnotes":""},"categories":[11388,56,47],"tags":[20093,138881,129629,94005,139270],"class_list":["post-2614794","post","type-post","status-publish","format-standard","has-post-thumbnail","hentry","category-contenuti-originali","category-cultura","category-europa","tag-belgrado","tag-mostra-pellegrinaggio-dei-pionieri","tag-musei-per-la-pace","tag-museo-della-jugoslavia","tag-progetto-h-e-r-m-e-s"],"yoast_head":"<!-- This site is optimized with the Yoast SEO plugin v27.1.1 - https:\/\/yoast.com\/product\/yoast-seo-wordpress\/ -->\n<title>Il \u201cPellegrinaggio dei Pionieri\u201d a Belgrado<\/title>\n<meta name=\"description\" content=\"Passato e presente, tradizione culturale (e patrimonio) e innovazione tecnologica (e digitale) si combinano in maniera efficace e originale nella mostra\" \/>\n<meta name=\"robots\" content=\"index, follow, max-snippet:-1, max-image-preview:large, max-video-preview:-1\" \/>\n<link rel=\"canonical\" href=\"https:\/\/www.pressenza.com\/it\/2025\/06\/il-pellegrinaggio-dei-pionieri-a-belgrado\/\" \/>\n<meta property=\"og:locale\" content=\"it_IT\" \/>\n<meta property=\"og:type\" content=\"article\" \/>\n<meta property=\"og:title\" content=\"Il \u201cPellegrinaggio dei Pionieri\u201d a Belgrado\" \/>\n<meta property=\"og:description\" content=\"Passato e presente, tradizione culturale (e patrimonio) e innovazione tecnologica (e digitale) si combinano in maniera efficace e originale nella mostra\" \/>\n<meta property=\"og:url\" content=\"https:\/\/www.pressenza.com\/it\/2025\/06\/il-pellegrinaggio-dei-pionieri-a-belgrado\/\" \/>\n<meta property=\"og:site_name\" content=\"Pressenza\" \/>\n<meta property=\"article:publisher\" content=\"https:\/\/www.facebook.com\/PressenzaItalia\" \/>\n<meta property=\"article:published_time\" content=\"2025-06-26T15:08:31+00:00\" \/>\n<meta property=\"article:modified_time\" content=\"2025-07-04T14:49:33+00:00\" \/>\n<meta property=\"og:image\" content=\"https:\/\/www.pressenza.com\/wp-content\/uploads\/2025\/06\/Kragujevac.jpg\" \/>\n\t<meta property=\"og:image:width\" content=\"1920\" \/>\n\t<meta property=\"og:image:height\" content=\"1440\" \/>\n\t<meta property=\"og:image:type\" content=\"image\/jpeg\" \/>\n<meta name=\"author\" content=\"Gianmarco Pisa\" \/>\n<meta name=\"twitter:card\" content=\"summary_large_image\" \/>\n<meta name=\"twitter:creator\" content=\"@PressenzaIPA\" \/>\n<meta name=\"twitter:site\" content=\"@PressenzaIPA\" \/>\n<meta name=\"twitter:label1\" content=\"Scritto da\" \/>\n\t<meta name=\"twitter:data1\" content=\"Gianmarco Pisa\" \/>\n\t<meta name=\"twitter:label2\" content=\"Tempo di lettura stimato\" \/>\n\t<meta name=\"twitter:data2\" content=\"5 minuti\" \/>\n<script type=\"application\/ld+json\" class=\"yoast-schema-graph\">{\"@context\":\"https:\/\/schema.org\",\"@graph\":[{\"@type\":\"Article\",\"@id\":\"https:\/\/www.pressenza.com\/it\/2025\/06\/il-pellegrinaggio-dei-pionieri-a-belgrado\/#article\",\"isPartOf\":{\"@id\":\"https:\/\/www.pressenza.com\/it\/2025\/06\/il-pellegrinaggio-dei-pionieri-a-belgrado\/\"},\"author\":{\"name\":\"Gianmarco Pisa\",\"@id\":\"https:\/\/www.pressenza.com\/it\/#\/schema\/person\/065812a20954baed70c01f7c30620d66\"},\"headline\":\"Il \u201cPellegrinaggio dei Pionieri\u201d a Belgrado\",\"datePublished\":\"2025-06-26T15:08:31+00:00\",\"dateModified\":\"2025-07-04T14:49:33+00:00\",\"mainEntityOfPage\":{\"@id\":\"https:\/\/www.pressenza.com\/it\/2025\/06\/il-pellegrinaggio-dei-pionieri-a-belgrado\/\"},\"wordCount\":810,\"publisher\":{\"@id\":\"https:\/\/www.pressenza.com\/it\/#organization\"},\"image\":{\"@id\":\"https:\/\/www.pressenza.com\/it\/2025\/06\/il-pellegrinaggio-dei-pionieri-a-belgrado\/#primaryimage\"},\"thumbnailUrl\":\"https:\/\/www.pressenza.com\/wp-content\/uploads\/2025\/06\/Kragujevac.jpg\",\"keywords\":[\"Belgrado\",\"mostra \u201cPellegrinaggio dei Pionieri\u201d\",\"musei per la pace\",\"Museo della Jugoslavia\",\"Progetto H.E.R.M.E.S.\"],\"articleSection\":[\"contenuti originali\",\"Cultura e Media\",\"Europa\"],\"inLanguage\":\"it-IT\"},{\"@type\":\"WebPage\",\"@id\":\"https:\/\/www.pressenza.com\/it\/2025\/06\/il-pellegrinaggio-dei-pionieri-a-belgrado\/\",\"url\":\"https:\/\/www.pressenza.com\/it\/2025\/06\/il-pellegrinaggio-dei-pionieri-a-belgrado\/\",\"name\":\"Il \u201cPellegrinaggio dei Pionieri\u201d a Belgrado\",\"isPartOf\":{\"@id\":\"https:\/\/www.pressenza.com\/it\/#website\"},\"primaryImageOfPage\":{\"@id\":\"https:\/\/www.pressenza.com\/it\/2025\/06\/il-pellegrinaggio-dei-pionieri-a-belgrado\/#primaryimage\"},\"image\":{\"@id\":\"https:\/\/www.pressenza.com\/it\/2025\/06\/il-pellegrinaggio-dei-pionieri-a-belgrado\/#primaryimage\"},\"thumbnailUrl\":\"https:\/\/www.pressenza.com\/wp-content\/uploads\/2025\/06\/Kragujevac.jpg\",\"datePublished\":\"2025-06-26T15:08:31+00:00\",\"dateModified\":\"2025-07-04T14:49:33+00:00\",\"description\":\"Passato e presente, tradizione culturale (e patrimonio) e innovazione tecnologica (e digitale) si combinano in maniera efficace e originale nella mostra\",\"breadcrumb\":{\"@id\":\"https:\/\/www.pressenza.com\/it\/2025\/06\/il-pellegrinaggio-dei-pionieri-a-belgrado\/#breadcrumb\"},\"inLanguage\":\"it-IT\",\"potentialAction\":[{\"@type\":\"ReadAction\",\"target\":[\"https:\/\/www.pressenza.com\/it\/2025\/06\/il-pellegrinaggio-dei-pionieri-a-belgrado\/\"]}]},{\"@type\":\"ImageObject\",\"inLanguage\":\"it-IT\",\"@id\":\"https:\/\/www.pressenza.com\/it\/2025\/06\/il-pellegrinaggio-dei-pionieri-a-belgrado\/#primaryimage\",\"url\":\"https:\/\/www.pressenza.com\/wp-content\/uploads\/2025\/06\/Kragujevac.jpg\",\"contentUrl\":\"https:\/\/www.pressenza.com\/wp-content\/uploads\/2025\/06\/Kragujevac.jpg\",\"width\":1920,\"height\":1440},{\"@type\":\"BreadcrumbList\",\"@id\":\"https:\/\/www.pressenza.com\/it\/2025\/06\/il-pellegrinaggio-dei-pionieri-a-belgrado\/#breadcrumb\",\"itemListElement\":[{\"@type\":\"ListItem\",\"position\":1,\"name\":\"Accueil\",\"item\":\"https:\/\/www.pressenza.com\/it\/\"},{\"@type\":\"ListItem\",\"position\":2,\"name\":\"Il \u201cPellegrinaggio dei Pionieri\u201d a Belgrado\"}]},{\"@type\":\"WebSite\",\"@id\":\"https:\/\/www.pressenza.com\/it\/#website\",\"url\":\"https:\/\/www.pressenza.com\/it\/\",\"name\":\"Pressenza\",\"description\":\"Agenzia di Stampa Internazionale\",\"publisher\":{\"@id\":\"https:\/\/www.pressenza.com\/it\/#organization\"},\"potentialAction\":[{\"@type\":\"SearchAction\",\"target\":{\"@type\":\"EntryPoint\",\"urlTemplate\":\"https:\/\/www.pressenza.com\/it\/?s={search_term_string}\"},\"query-input\":{\"@type\":\"PropertyValueSpecification\",\"valueRequired\":true,\"valueName\":\"search_term_string\"}}],\"inLanguage\":\"it-IT\"},{\"@type\":\"Organization\",\"@id\":\"https:\/\/www.pressenza.com\/it\/#organization\",\"name\":\"Pressenza\",\"url\":\"https:\/\/www.pressenza.com\/it\/\",\"logo\":{\"@type\":\"ImageObject\",\"inLanguage\":\"it-IT\",\"@id\":\"https:\/\/www.pressenza.com\/it\/#\/schema\/logo\/image\/\",\"url\":\"https:\/\/www.pressenza.com\/wp-content\/uploads\/2022\/10\/pressenza_logo_200x200.jpg\",\"contentUrl\":\"https:\/\/www.pressenza.com\/wp-content\/uploads\/2022\/10\/pressenza_logo_200x200.jpg\",\"width\":200,\"height\":200,\"caption\":\"Pressenza\"},\"image\":{\"@id\":\"https:\/\/www.pressenza.com\/it\/#\/schema\/logo\/image\/\"},\"sameAs\":[\"https:\/\/www.facebook.com\/PressenzaItalia\",\"https:\/\/x.com\/PressenzaIPA\"]},{\"@type\":\"Person\",\"@id\":\"https:\/\/www.pressenza.com\/it\/#\/schema\/person\/065812a20954baed70c01f7c30620d66\",\"name\":\"Gianmarco Pisa\",\"url\":\"https:\/\/www.pressenza.com\/it\/author\/gianmarco-pisa\/\"}]}<\/script>\n<!-- \/ Yoast SEO plugin. -->","yoast_head_json":{"title":"Il \u201cPellegrinaggio dei Pionieri\u201d a Belgrado","description":"Passato e presente, tradizione culturale (e patrimonio) e innovazione tecnologica (e digitale) si combinano in maniera efficace e originale nella mostra","robots":{"index":"index","follow":"follow","max-snippet":"max-snippet:-1","max-image-preview":"max-image-preview:large","max-video-preview":"max-video-preview:-1"},"canonical":"https:\/\/www.pressenza.com\/it\/2025\/06\/il-pellegrinaggio-dei-pionieri-a-belgrado\/","og_locale":"it_IT","og_type":"article","og_title":"Il \u201cPellegrinaggio dei Pionieri\u201d a Belgrado","og_description":"Passato e presente, tradizione culturale (e patrimonio) e innovazione tecnologica (e digitale) si combinano in maniera efficace e originale nella mostra","og_url":"https:\/\/www.pressenza.com\/it\/2025\/06\/il-pellegrinaggio-dei-pionieri-a-belgrado\/","og_site_name":"Pressenza","article_publisher":"https:\/\/www.facebook.com\/PressenzaItalia","article_published_time":"2025-06-26T15:08:31+00:00","article_modified_time":"2025-07-04T14:49:33+00:00","og_image":[{"width":1920,"height":1440,"url":"https:\/\/www.pressenza.com\/wp-content\/uploads\/2025\/06\/Kragujevac.jpg","type":"image\/jpeg"}],"author":"Gianmarco Pisa","twitter_card":"summary_large_image","twitter_creator":"@PressenzaIPA","twitter_site":"@PressenzaIPA","twitter_misc":{"Scritto da":"Gianmarco Pisa","Tempo di lettura stimato":"5 minuti"},"schema":{"@context":"https:\/\/schema.org","@graph":[{"@type":"Article","@id":"https:\/\/www.pressenza.com\/it\/2025\/06\/il-pellegrinaggio-dei-pionieri-a-belgrado\/#article","isPartOf":{"@id":"https:\/\/www.pressenza.com\/it\/2025\/06\/il-pellegrinaggio-dei-pionieri-a-belgrado\/"},"author":{"name":"Gianmarco Pisa","@id":"https:\/\/www.pressenza.com\/it\/#\/schema\/person\/065812a20954baed70c01f7c30620d66"},"headline":"Il \u201cPellegrinaggio dei Pionieri\u201d a Belgrado","datePublished":"2025-06-26T15:08:31+00:00","dateModified":"2025-07-04T14:49:33+00:00","mainEntityOfPage":{"@id":"https:\/\/www.pressenza.com\/it\/2025\/06\/il-pellegrinaggio-dei-pionieri-a-belgrado\/"},"wordCount":810,"publisher":{"@id":"https:\/\/www.pressenza.com\/it\/#organization"},"image":{"@id":"https:\/\/www.pressenza.com\/it\/2025\/06\/il-pellegrinaggio-dei-pionieri-a-belgrado\/#primaryimage"},"thumbnailUrl":"https:\/\/www.pressenza.com\/wp-content\/uploads\/2025\/06\/Kragujevac.jpg","keywords":["Belgrado","mostra \u201cPellegrinaggio dei Pionieri\u201d","musei per la pace","Museo della Jugoslavia","Progetto H.E.R.M.E.S."],"articleSection":["contenuti originali","Cultura e Media","Europa"],"inLanguage":"it-IT"},{"@type":"WebPage","@id":"https:\/\/www.pressenza.com\/it\/2025\/06\/il-pellegrinaggio-dei-pionieri-a-belgrado\/","url":"https:\/\/www.pressenza.com\/it\/2025\/06\/il-pellegrinaggio-dei-pionieri-a-belgrado\/","name":"Il \u201cPellegrinaggio dei Pionieri\u201d a Belgrado","isPartOf":{"@id":"https:\/\/www.pressenza.com\/it\/#website"},"primaryImageOfPage":{"@id":"https:\/\/www.pressenza.com\/it\/2025\/06\/il-pellegrinaggio-dei-pionieri-a-belgrado\/#primaryimage"},"image":{"@id":"https:\/\/www.pressenza.com\/it\/2025\/06\/il-pellegrinaggio-dei-pionieri-a-belgrado\/#primaryimage"},"thumbnailUrl":"https:\/\/www.pressenza.com\/wp-content\/uploads\/2025\/06\/Kragujevac.jpg","datePublished":"2025-06-26T15:08:31+00:00","dateModified":"2025-07-04T14:49:33+00:00","description":"Passato e presente, tradizione culturale (e patrimonio) e innovazione tecnologica (e digitale) si combinano in maniera efficace e originale nella mostra","breadcrumb":{"@id":"https:\/\/www.pressenza.com\/it\/2025\/06\/il-pellegrinaggio-dei-pionieri-a-belgrado\/#breadcrumb"},"inLanguage":"it-IT","potentialAction":[{"@type":"ReadAction","target":["https:\/\/www.pressenza.com\/it\/2025\/06\/il-pellegrinaggio-dei-pionieri-a-belgrado\/"]}]},{"@type":"ImageObject","inLanguage":"it-IT","@id":"https:\/\/www.pressenza.com\/it\/2025\/06\/il-pellegrinaggio-dei-pionieri-a-belgrado\/#primaryimage","url":"https:\/\/www.pressenza.com\/wp-content\/uploads\/2025\/06\/Kragujevac.jpg","contentUrl":"https:\/\/www.pressenza.com\/wp-content\/uploads\/2025\/06\/Kragujevac.jpg","width":1920,"height":1440},{"@type":"BreadcrumbList","@id":"https:\/\/www.pressenza.com\/it\/2025\/06\/il-pellegrinaggio-dei-pionieri-a-belgrado\/#breadcrumb","itemListElement":[{"@type":"ListItem","position":1,"name":"Accueil","item":"https:\/\/www.pressenza.com\/it\/"},{"@type":"ListItem","position":2,"name":"Il \u201cPellegrinaggio dei Pionieri\u201d a Belgrado"}]},{"@type":"WebSite","@id":"https:\/\/www.pressenza.com\/it\/#website","url":"https:\/\/www.pressenza.com\/it\/","name":"Pressenza","description":"Agenzia di Stampa Internazionale","publisher":{"@id":"https:\/\/www.pressenza.com\/it\/#organization"},"potentialAction":[{"@type":"SearchAction","target":{"@type":"EntryPoint","urlTemplate":"https:\/\/www.pressenza.com\/it\/?s={search_term_string}"},"query-input":{"@type":"PropertyValueSpecification","valueRequired":true,"valueName":"search_term_string"}}],"inLanguage":"it-IT"},{"@type":"Organization","@id":"https:\/\/www.pressenza.com\/it\/#organization","name":"Pressenza","url":"https:\/\/www.pressenza.com\/it\/","logo":{"@type":"ImageObject","inLanguage":"it-IT","@id":"https:\/\/www.pressenza.com\/it\/#\/schema\/logo\/image\/","url":"https:\/\/www.pressenza.com\/wp-content\/uploads\/2022\/10\/pressenza_logo_200x200.jpg","contentUrl":"https:\/\/www.pressenza.com\/wp-content\/uploads\/2022\/10\/pressenza_logo_200x200.jpg","width":200,"height":200,"caption":"Pressenza"},"image":{"@id":"https:\/\/www.pressenza.com\/it\/#\/schema\/logo\/image\/"},"sameAs":["https:\/\/www.facebook.com\/PressenzaItalia","https:\/\/x.com\/PressenzaIPA"]},{"@type":"Person","@id":"https:\/\/www.pressenza.com\/it\/#\/schema\/person\/065812a20954baed70c01f7c30620d66","name":"Gianmarco Pisa","url":"https:\/\/www.pressenza.com\/it\/author\/gianmarco-pisa\/"}]}},"place":"Belgrado","original_article_url":"","_links":{"self":[{"href":"https:\/\/www.pressenza.com\/it\/wp-json\/wp\/v2\/posts\/2614794","targetHints":{"allow":["GET"]}}],"collection":[{"href":"https:\/\/www.pressenza.com\/it\/wp-json\/wp\/v2\/posts"}],"about":[{"href":"https:\/\/www.pressenza.com\/it\/wp-json\/wp\/v2\/types\/post"}],"author":[{"embeddable":true,"href":"https:\/\/www.pressenza.com\/it\/wp-json\/wp\/v2\/users\/986"}],"replies":[{"embeddable":true,"href":"https:\/\/www.pressenza.com\/it\/wp-json\/wp\/v2\/comments?post=2614794"}],"version-history":[{"count":1,"href":"https:\/\/www.pressenza.com\/it\/wp-json\/wp\/v2\/posts\/2614794\/revisions"}],"predecessor-version":[{"id":2614798,"href":"https:\/\/www.pressenza.com\/it\/wp-json\/wp\/v2\/posts\/2614794\/revisions\/2614798"}],"wp:featuredmedia":[{"embeddable":true,"href":"https:\/\/www.pressenza.com\/it\/wp-json\/wp\/v2\/media\/2614796"}],"wp:attachment":[{"href":"https:\/\/www.pressenza.com\/it\/wp-json\/wp\/v2\/media?parent=2614794"}],"wp:term":[{"taxonomy":"category","embeddable":true,"href":"https:\/\/www.pressenza.com\/it\/wp-json\/wp\/v2\/categories?post=2614794"},{"taxonomy":"post_tag","embeddable":true,"href":"https:\/\/www.pressenza.com\/it\/wp-json\/wp\/v2\/tags?post=2614794"}],"curies":[{"name":"wp","href":"https:\/\/api.w.org\/{rel}","templated":true}]}}