{"id":2612010,"date":"2025-06-16T07:16:55","date_gmt":"2025-06-16T06:16:55","guid":{"rendered":"https:\/\/www.pressenza.com\/?p=2612010"},"modified":"2025-06-16T08:44:17","modified_gmt":"2025-06-16T07:44:17","slug":"il-pride-di-sabato-scorso-a-roma","status":"publish","type":"post","link":"https:\/\/www.pressenza.com\/it\/2025\/06\/il-pride-di-sabato-scorso-a-roma\/","title":{"rendered":"Il Pride di sabato scorso a Roma"},"content":{"rendered":"<p>Indubbiamente, e tutti coloro che vi hanno partecipato possono confermarlo, il Pride di sabato scorso a Roma non \u00e8 stata solo la giornata dell&#8217;orgoglio delle comunit\u00e0 LGBTQIA+ (lesbiche, gay, bisessuali, transessuali, queer, intersessuali, asessuali con il + che si apre a quelle che pi\u00f9 semplicemente possono essere definite come &#8220;libere soggettivit\u00e0&#8221;), ma \u00e8 stata occasione di esprimere libert\u00e0, dignit\u00e0 e diritti per tutt\u0259 (ossia tutte e tutti) eterosessuali compresi, perch\u00e9 diritti, libert\u00e0 e felicit\u00e0 o sono per tutt\u0259 oppure semplicemente non esistono.<\/p>\n<p>Una marea umana di centinaia di migliaia di persone provenienti da tutta Italia, coloratissima e gioiosa si \u00e8 mossa da Piazza della Repubblica, finalmente liberata dal cantiere della fontana dell&#8217;Esedra e restituita al suo naturale ruolo di punto di partenza delle grandi mobilitazione nazionali (si trova accanto alla Stazione Termini).<br \/>\nHa proseguito il suo percorso passando intorno al Colosseo e all&#8217;Arco di Costantino, che emozione!, \u00e8 arrivata al Circo Massimo e ha svoltato a sinistra, te pareva, per concludere il proprio percorso nel villaggio allestito di fronte alle Terme di Caracalla dove, n\u00e9 pi\u00f9 n\u00e9 meno come nelle feste dell&#8217;Unit\u00e0 di un tempo, erano allestiti stand gastronomici, previsti interventi musicali e da un palco si alteravano al microfono gli interventi delle diverse realt\u00e0 presenti.<\/p>\n<p>Sfinito dalla lunga marcia sotto il sole cocente, da cattivo cronista non mi sono fermato ad ascoltare gli interventi, ma ho gradito il fatto che, mentre passavo sotto al palco, un intervento applauditissimo tuonasse (contro ogni tentazione campista) per denunciare l&#8217;Internazionale nera trasversale che comprende Trump, Putin, Erdogan, Orban, Meloni, Salvini e camerati.<\/p>\n<p>Cosa aggiungere? Et\u00e0 media decisamente bassa.<\/p>\n<p>Il mio amico Enrico Calamai (l&#8217;ex Console chiamato lo Schindler di Buenos Aires, per via delle centinaia di militanti braccati dopo il golpe che mise in salvo anche fornendo passaporti&#8230; creativi e in linea con i valori della Repubblica che riconosce il diritto d&#8217;asilo) mi ha confidato: &#8220;Ero il pi\u00f9 vecchio, erano giovanissimi. Che belli, che bello!&#8221;<br \/>\nEnrico reggeva lo striscione di Rifondazione Comunista, ma i simboli delle forze politiche organizzate erano una goccia d&#8217;acqua nell&#8217;oceano.<\/p>\n<p>La loro era tuttavia una presenza, legittima e da nessuno contestata: nel Duemila, durante il Giubileo, la Chiesa Cattolica voleva impedire che sfilasse un corteo cos\u00ec blasfemo.<br \/>\nSolo l&#8217;impegno di tutte le forze della sinistra (moderata e radicale), che avevano dalla loro parte la Costituzione, imped\u00ec ogni inconcepibile censura. Ancora ricordo dietro lo striscione di Rifondazione il senatore Cossutta in giacca e cravatta, cos\u00ec fuori contesto eppure, al tempo stesso, cos\u00ec sorridente con inusuale autoironia.<\/p>\n<p>Questa fiumana umana, questa moltitudine variopinta, non era tuttavia soltanto e per forza di cose intrinsecamente incompatibile con ogni forma di fascismo e di autoritarismo, ma lo era anche dichiaratamente, come consapevole scelta di campo.<\/p>\n<p>Cartelli e striscioni antifascisti, contro la guerra, il riarmo e il militarismo ovunque e poi, sorprendentemente, centinaia di bandiere palestinesi, sui carri e ovunque lungo il corteo, insieme a decine di migliaia di simboli portati sul proprio corpo, Kefiah, spillette, adesivi denunciavano chiaramente il genocidio in corso, attuato dallo Stato israeliano con la complicit\u00e0 dell&#8217;intero Occidente e la solidariet\u00e0 alla causa del popolo palestinese.<\/p>\n<p>Il perch\u00e9 \u00e8 semplice: \u00e8 la risposta definitiva al pinkwashing dello Stato Sionista, il ripudio della strumentalizzazione islamofoba che lo Stato genocidiario fa, non solo della sedicente difesa della democrazia e della libert\u00e0 delle donne (come se non esistesse un fondamentalismo ebraico misogino ed omofobo) ma anche la pretesa di proporsi come paladino difensore dei diritti civili delle comunit\u00e0 LGBTQIA+ quando a Gaza le nostre sorelle e i nostri fratelli muoiono sotto le bombe e di fame.<\/p>\n<p>Insomma, il Pride \u00e8 stato anche il pi\u00f9 grande corteo pacifista, antifascista, contro il genocidio in corso e di solidariet\u00e0 con il popolo palestinese degli ultimi anni.<\/p>\n<p>Non casuale era del resto la presenza sul carro dell&#8217;ArciGay dell&#8217;attivista italo-palestinese Maya Issa, il cui intervento abbiamo pubblicato integralmente e autonomamente da questo articolo.<\/p>\n<p><a href=\"https:\/\/www.pressenza.com\/it\/2025\/06\/maya-issa-al-gay-pride-la-solidarieta-non-e-vera-se-non-e-anche-contro-loppressione-del-popolo-palestinese\/\">https:\/\/www.pressenza.com\/it\/2025\/06\/maya-issa-al-gay-pride-la-solidarieta-non-e-vera-se-non-e-anche-contro-loppressione-del-popolo-palestinese\/ <\/a><\/p>\n<p>Infine parole chiare circa l&#8217;opposizione alla guerra: &#8220;Mentre in Medio Oriente continua l&#8217;escalation di violenza &#8211; ha detto Gabriele Piazzoni, segretario generale di Arcigay &#8211; i nostri Pride diventano marce per i diritti e per la pace, il disarmo e la nonviolenza. Ogni bandiera arcobaleno sventolata in queste giornate \u00e8 un no alla guerra, un s\u00ec alla risoluzione pacifica dei conflitti.<\/p>\n<p>La nostra comunit\u00e0, che conosce sulla propria pelle la violenza dell&#8217;odio, non pu\u00f2 che schierarsi dalla parte delle vittime di ogni oppressione. Oggi i nostri Pride marciano per i palestinesi che resistono a Gaza e per tutti i popoli costretti a fuggire dalle bombe di questo tempo assurdo, che sta macchiando in maniera indelebile la nostra storia&#8221;.<\/p>\n<p>Insomma checch\u00e9 ne dicano certi &#8220;militanti severi, e chiedo scusa a vossia&#8221; con questa fiumana di giovani, che dietro i loro camion che sparavano musica a palla, non hanno affatto marciato, ma danzato per chilometri sotto il sole, e dio solo sa come abbiano fatto, con questa gioiosa e allegra fiumana di vita \u00e8 scesa in campo la sola, immensa, vera e possibile forza reale di opposizione alla guerra e all&#8217;abisso in cui l&#8217;umanit\u00e0 sta precipitando.<\/p>\n<p>Quelli della mia generazione (ho appena compiuto sessant&#8217;anni) dopo decenni di sconfitte, non possono dare lezioni a nessuno su come si fanno i cortei e su come si fa opposizione seriamente; si mettessero umilmente al loro fianco e, se non riescono pi\u00f9 a danzare, almeno camminassero curiosi tra di loro.<\/p>\n<div class=\"post-gallery\">\n\t\t\t<figure class=\"post-gallery-item\">\n\t\t\t\t<img decoding=\"async\" src=\"https:\/\/www.pressenza.com\/wp-content\/uploads\/2025\/06\/brigata-finocchie-820x615.jpg\" loading=\"lazy\">\n\t\t\t\t<figcaption>\n\t\t\t\t\t\n\t\t\t\t<\/figcaption>\n\t\t\t<\/figure>\n\t\t\t<figure class=\"post-gallery-item\">\n\t\t\t\t<img decoding=\"async\" src=\"https:\/\/www.pressenza.com\/wp-content\/uploads\/2025\/06\/corteo-1-820x615.jpg\" loading=\"lazy\">\n\t\t\t\t<figcaption>\n\t\t\t\t\t\n\t\t\t\t<\/figcaption>\n\t\t\t<\/figure>\n\t\t\t<figure class=\"post-gallery-item\">\n\t\t\t\t<img decoding=\"async\" src=\"https:\/\/www.pressenza.com\/wp-content\/uploads\/2025\/06\/corteo-820x353.jpg\" loading=\"lazy\">\n\t\t\t\t<figcaption>\n\t\t\t\t\t\n\t\t\t\t<\/figcaption>\n\t\t\t<\/figure>\n\t\t\t<figure class=\"post-gallery-item\">\n\t\t\t\t<img decoding=\"async\" src=\"https:\/\/www.pressenza.com\/wp-content\/uploads\/2025\/06\/gente-e-bandiera-palestinese-820x615.jpg\" loading=\"lazy\">\n\t\t\t\t<figcaption>\n\t\t\t\t\t\n\t\t\t\t<\/figcaption>\n\t\t\t<\/figure>\n\t\t\t<figure class=\"post-gallery-item\">\n\t\t\t\t<img decoding=\"async\" src=\"https:\/\/www.pressenza.com\/wp-content\/uploads\/2025\/06\/gente-e-bandiere-820x615.jpg\" loading=\"lazy\">\n\t\t\t\t<figcaption>\n\t\t\t\t\t\n\t\t\t\t<\/figcaption>\n\t\t\t<\/figure>\n\t\t\t<figure class=\"post-gallery-item\">\n\t\t\t\t<img decoding=\"async\" src=\"https:\/\/www.pressenza.com\/wp-content\/uploads\/2025\/06\/gente-e-palco-820x615.jpg\" loading=\"lazy\">\n\t\t\t\t<figcaption>\n\t\t\t\t\t\n\t\t\t\t<\/figcaption>\n\t\t\t<\/figure><\/div>\n","protected":false},"excerpt":{"rendered":"<p>Indubbiamente, e tutti coloro che vi hanno partecipato possono confermarlo, il Pride di sabato scorso a Roma non \u00e8 stata solo la giornata dell&#8217;orgoglio delle comunit\u00e0 LGBTQIA+ (lesbiche, gay, bisessuali, transessuali, queer, intersessuali, asessuali con il + che si apre&hellip;<\/p>\n","protected":false},"author":2378,"featured_media":2612011,"comment_status":"closed","ping_status":"closed","sticky":false,"template":"","format":"standard","meta":{"footnotes":""},"categories":[11388,60,5677,54513,1261],"tags":[3467,231,9884,57025,138328],"class_list":["post-2612010","post","type-post","status-publish","format-standard","has-post-thumbnail","hentry","category-contenuti-originali","category-diritti-umani","category-fotoreportages","category-genere-e-femminismi","category-diversita","tag-antifascismo","tag-disarmo","tag-genocidio","tag-guerre-it","tag-pride-2025"],"yoast_head":"<!-- This site is optimized with the Yoast SEO plugin v27.1.1 - https:\/\/yoast.com\/product\/yoast-seo-wordpress\/ -->\n<title>Il Pride di sabato scorso a Roma<\/title>\n<meta name=\"description\" content=\"Indubbiamente, e tutti coloro che vi hanno partecipato possono confermarlo, il Pride di sabato scorso a Roma non \u00e8 stata solo la giornata dell&#039;orgoglio\" \/>\n<meta name=\"robots\" content=\"index, follow, max-snippet:-1, max-image-preview:large, max-video-preview:-1\" \/>\n<link rel=\"canonical\" href=\"https:\/\/www.pressenza.com\/it\/2025\/06\/il-pride-di-sabato-scorso-a-roma\/\" \/>\n<meta property=\"og:locale\" content=\"it_IT\" \/>\n<meta property=\"og:type\" content=\"article\" \/>\n<meta property=\"og:title\" content=\"Il Pride di sabato scorso a Roma\" \/>\n<meta property=\"og:description\" content=\"Indubbiamente, e tutti coloro che vi hanno partecipato possono confermarlo, il Pride di sabato scorso a Roma non \u00e8 stata solo la giornata dell&#039;orgoglio\" \/>\n<meta property=\"og:url\" content=\"https:\/\/www.pressenza.com\/it\/2025\/06\/il-pride-di-sabato-scorso-a-roma\/\" \/>\n<meta property=\"og:site_name\" content=\"Pressenza\" \/>\n<meta property=\"article:publisher\" content=\"https:\/\/www.facebook.com\/PressenzaItalia\" \/>\n<meta property=\"article:published_time\" content=\"2025-06-16T06:16:55+00:00\" \/>\n<meta property=\"article:modified_time\" content=\"2025-06-16T07:44:17+00:00\" \/>\n<meta property=\"og:image\" content=\"https:\/\/www.pressenza.com\/wp-content\/uploads\/2025\/06\/roma2.jpg\" \/>\n\t<meta property=\"og:image:width\" content=\"1632\" \/>\n\t<meta property=\"og:image:height\" content=\"648\" \/>\n\t<meta property=\"og:image:type\" content=\"image\/jpeg\" \/>\n<meta name=\"author\" content=\"Mauro Carlo Zanella\" \/>\n<meta name=\"twitter:card\" content=\"summary_large_image\" \/>\n<meta name=\"twitter:creator\" content=\"@PressenzaIPA\" \/>\n<meta name=\"twitter:site\" content=\"@PressenzaIPA\" \/>\n<meta name=\"twitter:label1\" content=\"Scritto da\" \/>\n\t<meta name=\"twitter:data1\" content=\"Mauro Carlo Zanella\" \/>\n\t<meta name=\"twitter:label2\" content=\"Tempo di lettura stimato\" \/>\n\t<meta name=\"twitter:data2\" content=\"5 minuti\" \/>\n<script type=\"application\/ld+json\" class=\"yoast-schema-graph\">{\"@context\":\"https:\/\/schema.org\",\"@graph\":[{\"@type\":\"Article\",\"@id\":\"https:\/\/www.pressenza.com\/it\/2025\/06\/il-pride-di-sabato-scorso-a-roma\/#article\",\"isPartOf\":{\"@id\":\"https:\/\/www.pressenza.com\/it\/2025\/06\/il-pride-di-sabato-scorso-a-roma\/\"},\"author\":{\"name\":\"Mauro Carlo Zanella\",\"@id\":\"https:\/\/www.pressenza.com\/it\/#\/schema\/person\/76e278d7760e85fb4a5a4961b1b46b1d\"},\"headline\":\"Il Pride di sabato scorso a Roma\",\"datePublished\":\"2025-06-16T06:16:55+00:00\",\"dateModified\":\"2025-06-16T07:44:17+00:00\",\"mainEntityOfPage\":{\"@id\":\"https:\/\/www.pressenza.com\/it\/2025\/06\/il-pride-di-sabato-scorso-a-roma\/\"},\"wordCount\":912,\"publisher\":{\"@id\":\"https:\/\/www.pressenza.com\/it\/#organization\"},\"image\":{\"@id\":\"https:\/\/www.pressenza.com\/it\/2025\/06\/il-pride-di-sabato-scorso-a-roma\/#primaryimage\"},\"thumbnailUrl\":\"https:\/\/www.pressenza.com\/wp-content\/uploads\/2025\/06\/roma2.jpg\",\"keywords\":[\"antifascismo\",\"disarmo\",\"genocidio\",\"guerre\",\"Pride 2025\"],\"articleSection\":[\"contenuti originali\",\"Diritti Umani\",\"Fotoreportages\",\"Genere e femminismi\",\"Non discriminazione\"],\"inLanguage\":\"it-IT\"},{\"@type\":\"WebPage\",\"@id\":\"https:\/\/www.pressenza.com\/it\/2025\/06\/il-pride-di-sabato-scorso-a-roma\/\",\"url\":\"https:\/\/www.pressenza.com\/it\/2025\/06\/il-pride-di-sabato-scorso-a-roma\/\",\"name\":\"Il Pride di sabato scorso a Roma\",\"isPartOf\":{\"@id\":\"https:\/\/www.pressenza.com\/it\/#website\"},\"primaryImageOfPage\":{\"@id\":\"https:\/\/www.pressenza.com\/it\/2025\/06\/il-pride-di-sabato-scorso-a-roma\/#primaryimage\"},\"image\":{\"@id\":\"https:\/\/www.pressenza.com\/it\/2025\/06\/il-pride-di-sabato-scorso-a-roma\/#primaryimage\"},\"thumbnailUrl\":\"https:\/\/www.pressenza.com\/wp-content\/uploads\/2025\/06\/roma2.jpg\",\"datePublished\":\"2025-06-16T06:16:55+00:00\",\"dateModified\":\"2025-06-16T07:44:17+00:00\",\"description\":\"Indubbiamente, e tutti coloro che vi hanno partecipato possono confermarlo, il Pride di sabato scorso a Roma non \u00e8 stata solo la giornata dell'orgoglio\",\"breadcrumb\":{\"@id\":\"https:\/\/www.pressenza.com\/it\/2025\/06\/il-pride-di-sabato-scorso-a-roma\/#breadcrumb\"},\"inLanguage\":\"it-IT\",\"potentialAction\":[{\"@type\":\"ReadAction\",\"target\":[\"https:\/\/www.pressenza.com\/it\/2025\/06\/il-pride-di-sabato-scorso-a-roma\/\"]}]},{\"@type\":\"ImageObject\",\"inLanguage\":\"it-IT\",\"@id\":\"https:\/\/www.pressenza.com\/it\/2025\/06\/il-pride-di-sabato-scorso-a-roma\/#primaryimage\",\"url\":\"https:\/\/www.pressenza.com\/wp-content\/uploads\/2025\/06\/roma2.jpg\",\"contentUrl\":\"https:\/\/www.pressenza.com\/wp-content\/uploads\/2025\/06\/roma2.jpg\",\"width\":1632,\"height\":648},{\"@type\":\"BreadcrumbList\",\"@id\":\"https:\/\/www.pressenza.com\/it\/2025\/06\/il-pride-di-sabato-scorso-a-roma\/#breadcrumb\",\"itemListElement\":[{\"@type\":\"ListItem\",\"position\":1,\"name\":\"Accueil\",\"item\":\"https:\/\/www.pressenza.com\/it\/\"},{\"@type\":\"ListItem\",\"position\":2,\"name\":\"Il Pride di sabato scorso a Roma\"}]},{\"@type\":\"WebSite\",\"@id\":\"https:\/\/www.pressenza.com\/it\/#website\",\"url\":\"https:\/\/www.pressenza.com\/it\/\",\"name\":\"Pressenza\",\"description\":\"Agenzia di Stampa Internazionale\",\"publisher\":{\"@id\":\"https:\/\/www.pressenza.com\/it\/#organization\"},\"potentialAction\":[{\"@type\":\"SearchAction\",\"target\":{\"@type\":\"EntryPoint\",\"urlTemplate\":\"https:\/\/www.pressenza.com\/it\/?s={search_term_string}\"},\"query-input\":{\"@type\":\"PropertyValueSpecification\",\"valueRequired\":true,\"valueName\":\"search_term_string\"}}],\"inLanguage\":\"it-IT\"},{\"@type\":\"Organization\",\"@id\":\"https:\/\/www.pressenza.com\/it\/#organization\",\"name\":\"Pressenza\",\"url\":\"https:\/\/www.pressenza.com\/it\/\",\"logo\":{\"@type\":\"ImageObject\",\"inLanguage\":\"it-IT\",\"@id\":\"https:\/\/www.pressenza.com\/it\/#\/schema\/logo\/image\/\",\"url\":\"https:\/\/www.pressenza.com\/wp-content\/uploads\/2022\/10\/pressenza_logo_200x200.jpg\",\"contentUrl\":\"https:\/\/www.pressenza.com\/wp-content\/uploads\/2022\/10\/pressenza_logo_200x200.jpg\",\"width\":200,\"height\":200,\"caption\":\"Pressenza\"},\"image\":{\"@id\":\"https:\/\/www.pressenza.com\/it\/#\/schema\/logo\/image\/\"},\"sameAs\":[\"https:\/\/www.facebook.com\/PressenzaItalia\",\"https:\/\/x.com\/PressenzaIPA\"]},{\"@type\":\"Person\",\"@id\":\"https:\/\/www.pressenza.com\/it\/#\/schema\/person\/76e278d7760e85fb4a5a4961b1b46b1d\",\"name\":\"Mauro Carlo Zanella\",\"url\":\"https:\/\/www.pressenza.com\/it\/author\/mauro-zanella\/\"}]}<\/script>\n<!-- \/ Yoast SEO plugin. -->","yoast_head_json":{"title":"Il Pride di sabato scorso a Roma","description":"Indubbiamente, e tutti coloro che vi hanno partecipato possono confermarlo, il Pride di sabato scorso a Roma non \u00e8 stata solo la giornata dell'orgoglio","robots":{"index":"index","follow":"follow","max-snippet":"max-snippet:-1","max-image-preview":"max-image-preview:large","max-video-preview":"max-video-preview:-1"},"canonical":"https:\/\/www.pressenza.com\/it\/2025\/06\/il-pride-di-sabato-scorso-a-roma\/","og_locale":"it_IT","og_type":"article","og_title":"Il Pride di sabato scorso a Roma","og_description":"Indubbiamente, e tutti coloro che vi hanno partecipato possono confermarlo, il Pride di sabato scorso a Roma non \u00e8 stata solo la giornata dell'orgoglio","og_url":"https:\/\/www.pressenza.com\/it\/2025\/06\/il-pride-di-sabato-scorso-a-roma\/","og_site_name":"Pressenza","article_publisher":"https:\/\/www.facebook.com\/PressenzaItalia","article_published_time":"2025-06-16T06:16:55+00:00","article_modified_time":"2025-06-16T07:44:17+00:00","og_image":[{"width":1632,"height":648,"url":"https:\/\/www.pressenza.com\/wp-content\/uploads\/2025\/06\/roma2.jpg","type":"image\/jpeg"}],"author":"Mauro Carlo Zanella","twitter_card":"summary_large_image","twitter_creator":"@PressenzaIPA","twitter_site":"@PressenzaIPA","twitter_misc":{"Scritto da":"Mauro Carlo Zanella","Tempo di lettura stimato":"5 minuti"},"schema":{"@context":"https:\/\/schema.org","@graph":[{"@type":"Article","@id":"https:\/\/www.pressenza.com\/it\/2025\/06\/il-pride-di-sabato-scorso-a-roma\/#article","isPartOf":{"@id":"https:\/\/www.pressenza.com\/it\/2025\/06\/il-pride-di-sabato-scorso-a-roma\/"},"author":{"name":"Mauro Carlo Zanella","@id":"https:\/\/www.pressenza.com\/it\/#\/schema\/person\/76e278d7760e85fb4a5a4961b1b46b1d"},"headline":"Il Pride di sabato scorso a Roma","datePublished":"2025-06-16T06:16:55+00:00","dateModified":"2025-06-16T07:44:17+00:00","mainEntityOfPage":{"@id":"https:\/\/www.pressenza.com\/it\/2025\/06\/il-pride-di-sabato-scorso-a-roma\/"},"wordCount":912,"publisher":{"@id":"https:\/\/www.pressenza.com\/it\/#organization"},"image":{"@id":"https:\/\/www.pressenza.com\/it\/2025\/06\/il-pride-di-sabato-scorso-a-roma\/#primaryimage"},"thumbnailUrl":"https:\/\/www.pressenza.com\/wp-content\/uploads\/2025\/06\/roma2.jpg","keywords":["antifascismo","disarmo","genocidio","guerre","Pride 2025"],"articleSection":["contenuti originali","Diritti Umani","Fotoreportages","Genere e femminismi","Non discriminazione"],"inLanguage":"it-IT"},{"@type":"WebPage","@id":"https:\/\/www.pressenza.com\/it\/2025\/06\/il-pride-di-sabato-scorso-a-roma\/","url":"https:\/\/www.pressenza.com\/it\/2025\/06\/il-pride-di-sabato-scorso-a-roma\/","name":"Il Pride di sabato scorso a Roma","isPartOf":{"@id":"https:\/\/www.pressenza.com\/it\/#website"},"primaryImageOfPage":{"@id":"https:\/\/www.pressenza.com\/it\/2025\/06\/il-pride-di-sabato-scorso-a-roma\/#primaryimage"},"image":{"@id":"https:\/\/www.pressenza.com\/it\/2025\/06\/il-pride-di-sabato-scorso-a-roma\/#primaryimage"},"thumbnailUrl":"https:\/\/www.pressenza.com\/wp-content\/uploads\/2025\/06\/roma2.jpg","datePublished":"2025-06-16T06:16:55+00:00","dateModified":"2025-06-16T07:44:17+00:00","description":"Indubbiamente, e tutti coloro che vi hanno partecipato possono confermarlo, il Pride di sabato scorso a Roma non \u00e8 stata solo la giornata dell'orgoglio","breadcrumb":{"@id":"https:\/\/www.pressenza.com\/it\/2025\/06\/il-pride-di-sabato-scorso-a-roma\/#breadcrumb"},"inLanguage":"it-IT","potentialAction":[{"@type":"ReadAction","target":["https:\/\/www.pressenza.com\/it\/2025\/06\/il-pride-di-sabato-scorso-a-roma\/"]}]},{"@type":"ImageObject","inLanguage":"it-IT","@id":"https:\/\/www.pressenza.com\/it\/2025\/06\/il-pride-di-sabato-scorso-a-roma\/#primaryimage","url":"https:\/\/www.pressenza.com\/wp-content\/uploads\/2025\/06\/roma2.jpg","contentUrl":"https:\/\/www.pressenza.com\/wp-content\/uploads\/2025\/06\/roma2.jpg","width":1632,"height":648},{"@type":"BreadcrumbList","@id":"https:\/\/www.pressenza.com\/it\/2025\/06\/il-pride-di-sabato-scorso-a-roma\/#breadcrumb","itemListElement":[{"@type":"ListItem","position":1,"name":"Accueil","item":"https:\/\/www.pressenza.com\/it\/"},{"@type":"ListItem","position":2,"name":"Il Pride di sabato scorso a Roma"}]},{"@type":"WebSite","@id":"https:\/\/www.pressenza.com\/it\/#website","url":"https:\/\/www.pressenza.com\/it\/","name":"Pressenza","description":"Agenzia di Stampa Internazionale","publisher":{"@id":"https:\/\/www.pressenza.com\/it\/#organization"},"potentialAction":[{"@type":"SearchAction","target":{"@type":"EntryPoint","urlTemplate":"https:\/\/www.pressenza.com\/it\/?s={search_term_string}"},"query-input":{"@type":"PropertyValueSpecification","valueRequired":true,"valueName":"search_term_string"}}],"inLanguage":"it-IT"},{"@type":"Organization","@id":"https:\/\/www.pressenza.com\/it\/#organization","name":"Pressenza","url":"https:\/\/www.pressenza.com\/it\/","logo":{"@type":"ImageObject","inLanguage":"it-IT","@id":"https:\/\/www.pressenza.com\/it\/#\/schema\/logo\/image\/","url":"https:\/\/www.pressenza.com\/wp-content\/uploads\/2022\/10\/pressenza_logo_200x200.jpg","contentUrl":"https:\/\/www.pressenza.com\/wp-content\/uploads\/2022\/10\/pressenza_logo_200x200.jpg","width":200,"height":200,"caption":"Pressenza"},"image":{"@id":"https:\/\/www.pressenza.com\/it\/#\/schema\/logo\/image\/"},"sameAs":["https:\/\/www.facebook.com\/PressenzaItalia","https:\/\/x.com\/PressenzaIPA"]},{"@type":"Person","@id":"https:\/\/www.pressenza.com\/it\/#\/schema\/person\/76e278d7760e85fb4a5a4961b1b46b1d","name":"Mauro Carlo Zanella","url":"https:\/\/www.pressenza.com\/it\/author\/mauro-zanella\/"}]}},"place":"Roma","original_article_url":"","_links":{"self":[{"href":"https:\/\/www.pressenza.com\/it\/wp-json\/wp\/v2\/posts\/2612010","targetHints":{"allow":["GET"]}}],"collection":[{"href":"https:\/\/www.pressenza.com\/it\/wp-json\/wp\/v2\/posts"}],"about":[{"href":"https:\/\/www.pressenza.com\/it\/wp-json\/wp\/v2\/types\/post"}],"author":[{"embeddable":true,"href":"https:\/\/www.pressenza.com\/it\/wp-json\/wp\/v2\/users\/2378"}],"replies":[{"embeddable":true,"href":"https:\/\/www.pressenza.com\/it\/wp-json\/wp\/v2\/comments?post=2612010"}],"version-history":[{"count":4,"href":"https:\/\/www.pressenza.com\/it\/wp-json\/wp\/v2\/posts\/2612010\/revisions"}],"predecessor-version":[{"id":2612043,"href":"https:\/\/www.pressenza.com\/it\/wp-json\/wp\/v2\/posts\/2612010\/revisions\/2612043"}],"wp:featuredmedia":[{"embeddable":true,"href":"https:\/\/www.pressenza.com\/it\/wp-json\/wp\/v2\/media\/2612011"}],"wp:attachment":[{"href":"https:\/\/www.pressenza.com\/it\/wp-json\/wp\/v2\/media?parent=2612010"}],"wp:term":[{"taxonomy":"category","embeddable":true,"href":"https:\/\/www.pressenza.com\/it\/wp-json\/wp\/v2\/categories?post=2612010"},{"taxonomy":"post_tag","embeddable":true,"href":"https:\/\/www.pressenza.com\/it\/wp-json\/wp\/v2\/tags?post=2612010"}],"curies":[{"name":"wp","href":"https:\/\/api.w.org\/{rel}","templated":true}]}}