{"id":2610732,"date":"2025-06-11T12:45:53","date_gmt":"2025-06-11T11:45:53","guid":{"rendered":"https:\/\/www.pressenza.com\/?p=2610732"},"modified":"2025-06-11T12:45:53","modified_gmt":"2025-06-11T11:45:53","slug":"convoglio-sumud-e-ufficialmente-partito-per-rafah","status":"publish","type":"post","link":"https:\/\/www.pressenza.com\/it\/2025\/06\/convoglio-sumud-e-ufficialmente-partito-per-rafah\/","title":{"rendered":"Convoglio Sumud \u00e8 ufficialmente partito per Rafah"},"content":{"rendered":"<p>Il 9 giugno in migliaia di persone hanno lasciato la capitale Tunisi verso Sousse e altre citt\u00e0, dove si prevede che altri si uniranno. I libici si uniranno al convoglio in seguito, una volta attraversato il confine di Ras Ajdir. Questo convoglio fa parte di un movimento globale per rompere l&#8217;assedio di Gaza e fare pressione affinch\u00e9 cibo e aiuti arrivino nella Striscia. La flottiglia Madleen potrebbe essere stata intercettata l&#8217;8 giugno, ma dal 9 giugno ne stanno arrivando migliaia.<\/p>\n<p>La Palestina \u00e8 sempre stata una prova di coscienza per la nazione, ed eccoci qui a issare la bandiera della &#8220;Carovana della Resilienza&#8221; per trasformare questa prova in un atto tangibile di liberazione. Fin dal primo momento, i nostri sforzi si sono concentrati nel coordinare il lavoro congiunto per la Palestina, per costruire il meccanismo di attuazione del convoglio e garantire l&#8217;accesso al valico di Rafah, attraverso percorsi che iniziano con una pianificazione dettagliata e terminano con un coordinamento sobrio e responsabile con tutte le parti che possono facilitare il percorso del convoglio.<\/p>\n<p>\u00c8 importante per noi della Giovent\u00f9 Nazionale Araba sottolineare quattro pilastri fondamentali in questo contesto:<\/p>\n<p>1. Ci impegniamo con tutti i nostri partner affinch\u00e9 il convoglio diventi uno strumento per rompere l&#8217;assedio di Gaza e fermare la macchina di sterminio e migrazione che minaccia l&#8217;esistenza del nostro popolo e della nostra nazione.<\/p>\n<p>2. Stiamo lavorando con i nostri fratelli in Libia e in Egitto per spianare la strada al convoglio e in questa cooperazione vediamo la pietra angolare per raggiungere i suoi obiettivi.<\/p>\n<p>3. Invitiamo le organizzazioni internazionali libere, i media e le potenze arabe a unire gli sforzi per denunciare i crimini dell&#8217;occupazione e la complicit\u00e0 della comunit\u00e0 internazionale nelle violazioni del diritto umanitario.<\/p>\n<p>4. Il successo del convoglio rappresenta un punto di svolta nella battaglia per spezzare la volont\u00e0 sionista e invitiamo tutte le forze in azione a farne un elemento determinante nell&#8217;equilibrio di forze per la liberazione della Palestina.<\/p>\n<p>Facciamo sapere al mondo che ogni giorno che passa sotto l&#8217;assedio di Gaza accresce la nostra determinazione e che la volont\u00e0 dei giovani della nazione sar\u00e0 il ponte verso la libert\u00e0.<\/p>\n<p><em>Qual \u00e8 il coordinamento tra il Convoglio della Resistenza e l&#8217;iniziativa Marcia verso Gaza?<\/em> Siamo partner attivi dell&#8217;iniziativa Marcia Globale verso Gaza e della Freedom Fleet e operiamo come organismo di coordinamento globale che unisce iniziative arabe e internazionali per unificare gli sforzi.<\/p>\n<p><em>Qual \u00e8 la strada per raggiungere Gaza?<\/em> &#8211; La strada per Kalati: Tunisia: Capitale \u2192 Susa \u2192 Sfax + Gab\u00e8s \u2192 Civili \u2192 Ras Jedir (in un giorno con punti di sosta e propaganda)<\/p>\n<p>Libia: Strada costiera, con fermate in 4 citt\u00e0 (3 giorni \/ 2 notti)<\/p>\n<p>Egitto: Camminiamo fino al Cairo (una notte) e poi al valico di Rafah<\/p>\n<p><em>Perch\u00e9 ci impediscono di entrare in Egitto?<\/em> Sono in contatto con le autorit\u00e0 tunisine, la societ\u00e0 civile, personalit\u00e0 libiche ed egiziane che sono in contatto con i loro Paesi. E speriamo vivamente in autorizzazioni e agevolazioni per questa missione umanitaria. Se non ottenessimo i permessi, il convoglio di Bash starebbe partendo e dirigendosi verso il confine egiziano, e noi chiediamo un attraversamento diretto. Il divieto \u00e8 in vigore, ma questo non \u00e8 un viaggio turistico, \u00e8 una carovana di lotta e solidariet\u00e0, e ogni passo rappresenta una pressione internazionale sull&#8217;assedio.<\/p>\n<p><em>C&#8217;\u00e8 un coordinamento con le autorit\u00e0 di Tunisia, Libia ed Egitto?<\/em><\/p>\n<p>Tunisia: Tutto procede normalmente, le nostre cose vanno bene e stiamo rispettando tutti i requisiti legali tunisini.<\/p>\n<p>Libia: Ottima comunicazione con la societ\u00e0 civile e il Consiglio delle Trib\u00f9, e l&#8217;accoglienza \u00e8 buona.<\/p>\n<p>Egitto: I tentativi di comunicazione ufficiale sono ancora in corso e non abbiamo ricevuto una risposta ufficiale.<\/p>\n<p><em>Altre carovane dal Marocco arabo?<\/em> Il convoglio Bash parte dalla Tunisia, e i nostri fratelli di Marocco, Algeria e Mauritania si uniscono a noi. Libici ed egiziani dovrebbero unirsi a noi, ciascuno entro i confini del proprio Paese.<\/p>\n<p>&nbsp;<\/p>\n<p>Questo il link per seguire il live tracking del convoglio <span class=\"html-span xdj266r x14z9mp xat24cr x1lziwak xexx8yu xyri2b x18d9i69 x1c1uobl x1hl2dhg x16tdsg8 x1vvkbs\"><a class=\"x1i10hfl xjbqb8w x1ejq31n x18oe1m7 x1sy0etr xstzfhl x972fbf x10w94by x1qhh985 x14e42zd x9f619 x1ypdohk xt0psk2 xe8uvvx xdj266r x14z9mp xat24cr x1lziwak xexx8yu xyri2b x18d9i69 x1c1uobl x16tdsg8 x1hl2dhg xggy1nq x1a2a7pz xkrqix3 x1sur9pj x1fey0fg x1s688f\" tabindex=\"0\" role=\"link\" href=\"https:\/\/al-soumoud-convoy.com\/?fbclid=IwZXh0bgNhZW0CMTAAAR7l0cNEHTopYDcOGrAYla6VmUb4yCdWuq-2Lf5-NeR9MZFCTEhZ35Z8EQc7iQ_aem_xpKh9bQM9HoiOecAA9eY0Q\" target=\"_blank\" rel=\"nofollow noopener noreferrer\">https:\/\/al-soumoud-convoy.com\/<\/a> <\/span><\/p>\n<p><span class=\"html-span xdj266r x14z9mp xat24cr x1lziwak xexx8yu xyri2b x18d9i69 x1c1uobl x1hl2dhg x16tdsg8 x1vvkbs\">SEGUITE gli account Instagram taggati @Cjapalestine @Pal.actions_tn, assicuratevi di dare visibilit\u00e0 a questo convoglio, che \u00e8 stato per lo pi\u00f9 ignorato dai media internazionali, e soprattutto continuate a battervi per Gaza.\u00a0<\/span><\/p>\n","protected":false},"excerpt":{"rendered":"<p>Il 9 giugno in migliaia di persone hanno lasciato la capitale Tunisi verso Sousse e altre citt\u00e0, dove si prevede che altri si uniranno. I libici si uniranno al convoglio in seguito, una volta attraversato il confine di Ras Ajdir.&hellip;<\/p>\n","protected":false},"author":594,"featured_media":2610737,"comment_status":"closed","ping_status":"closed","sticky":false,"template":"","format":"standard","meta":{"footnotes":""},"categories":[150,60,52,1261],"tags":[138045,11652,1005,138046,4090,3148,1227,1784],"class_list":["post-2610732","post","type-post","status-publish","format-standard","has-post-thumbnail","hentry","category-comunicati-stampa","category-diritti-umani","category-medio-oriente","category-diversita","tag-sumudconvoy","tag-algeria-it","tag-gaza","tag-libya-it","tag-marocco","tag-mauritania","tag-palestina-it","tag-tunisia"],"yoast_head":"<!-- This site is optimized with the Yoast SEO plugin v27.1.1 - https:\/\/yoast.com\/product\/yoast-seo-wordpress\/ -->\n<title>Convoglio Sumud \u00e8 ufficialmente partito per Rafah<\/title>\n<meta name=\"description\" content=\"Il 9 giugno in migliaia di persone hanno lasciato la capitale Tunisi verso Sousse e altre citt\u00e0, dove si prevede che altri si uniranno. I libici si\" \/>\n<meta name=\"robots\" content=\"index, follow, max-snippet:-1, max-image-preview:large, max-video-preview:-1\" \/>\n<link rel=\"canonical\" href=\"https:\/\/www.pressenza.com\/it\/2025\/06\/convoglio-sumud-e-ufficialmente-partito-per-rafah\/\" \/>\n<meta property=\"og:locale\" content=\"it_IT\" \/>\n<meta property=\"og:type\" content=\"article\" \/>\n<meta property=\"og:title\" content=\"Convoglio Sumud \u00e8 ufficialmente partito per Rafah\" \/>\n<meta property=\"og:description\" content=\"Il 9 giugno in migliaia di persone hanno lasciato la capitale Tunisi verso Sousse e altre citt\u00e0, dove si prevede che altri si uniranno. I libici si\" \/>\n<meta property=\"og:url\" content=\"https:\/\/www.pressenza.com\/it\/2025\/06\/convoglio-sumud-e-ufficialmente-partito-per-rafah\/\" \/>\n<meta property=\"og:site_name\" content=\"Pressenza\" \/>\n<meta property=\"article:publisher\" content=\"https:\/\/www.facebook.com\/PressenzaItalia\" \/>\n<meta property=\"article:author\" content=\"https:\/\/www.facebook.com\/PressenzaItalia\" \/>\n<meta property=\"article:published_time\" content=\"2025-06-11T11:45:53+00:00\" \/>\n<meta property=\"og:image\" content=\"https:\/\/www.pressenza.com\/wp-content\/uploads\/2025\/06\/Convoglio-Sumud.jpg\" \/>\n\t<meta property=\"og:image:width\" content=\"1064\" \/>\n\t<meta property=\"og:image:height\" content=\"1048\" \/>\n\t<meta property=\"og:image:type\" content=\"image\/jpeg\" \/>\n<meta name=\"author\" content=\"Redazione Italia\" \/>\n<meta name=\"twitter:card\" content=\"summary_large_image\" \/>\n<meta name=\"twitter:creator\" content=\"@pressenza_it\" \/>\n<meta name=\"twitter:site\" content=\"@PressenzaIPA\" \/>\n<meta name=\"twitter:label1\" content=\"Scritto da\" \/>\n\t<meta name=\"twitter:data1\" content=\"Redazione Italia\" \/>\n\t<meta name=\"twitter:label2\" content=\"Tempo di lettura stimato\" \/>\n\t<meta name=\"twitter:data2\" content=\"4 minuti\" \/>\n<script type=\"application\/ld+json\" class=\"yoast-schema-graph\">{\"@context\":\"https:\/\/schema.org\",\"@graph\":[{\"@type\":\"Article\",\"@id\":\"https:\/\/www.pressenza.com\/it\/2025\/06\/convoglio-sumud-e-ufficialmente-partito-per-rafah\/#article\",\"isPartOf\":{\"@id\":\"https:\/\/www.pressenza.com\/it\/2025\/06\/convoglio-sumud-e-ufficialmente-partito-per-rafah\/\"},\"author\":{\"name\":\"Redazione Italia\",\"@id\":\"https:\/\/www.pressenza.com\/it\/#\/schema\/person\/d983e81827ae24f2c7b1a2123d197f8d\"},\"headline\":\"Convoglio Sumud \u00e8 ufficialmente partito per Rafah\",\"datePublished\":\"2025-06-11T11:45:53+00:00\",\"mainEntityOfPage\":{\"@id\":\"https:\/\/www.pressenza.com\/it\/2025\/06\/convoglio-sumud-e-ufficialmente-partito-per-rafah\/\"},\"wordCount\":689,\"publisher\":{\"@id\":\"https:\/\/www.pressenza.com\/it\/#organization\"},\"image\":{\"@id\":\"https:\/\/www.pressenza.com\/it\/2025\/06\/convoglio-sumud-e-ufficialmente-partito-per-rafah\/#primaryimage\"},\"thumbnailUrl\":\"https:\/\/www.pressenza.com\/wp-content\/uploads\/2025\/06\/Convoglio-Sumud.jpg\",\"keywords\":[\"#sumudconvoy\",\"Algeria\",\"Gaza\",\"Libya\",\"Marocco\",\"Mauritania\",\"Palestina\",\"Tunisia\"],\"articleSection\":[\"Comunicati Stampa\",\"Diritti Umani\",\"Medio Oriente\",\"Non discriminazione\"],\"inLanguage\":\"it-IT\"},{\"@type\":\"WebPage\",\"@id\":\"https:\/\/www.pressenza.com\/it\/2025\/06\/convoglio-sumud-e-ufficialmente-partito-per-rafah\/\",\"url\":\"https:\/\/www.pressenza.com\/it\/2025\/06\/convoglio-sumud-e-ufficialmente-partito-per-rafah\/\",\"name\":\"Convoglio Sumud \u00e8 ufficialmente partito per Rafah\",\"isPartOf\":{\"@id\":\"https:\/\/www.pressenza.com\/it\/#website\"},\"primaryImageOfPage\":{\"@id\":\"https:\/\/www.pressenza.com\/it\/2025\/06\/convoglio-sumud-e-ufficialmente-partito-per-rafah\/#primaryimage\"},\"image\":{\"@id\":\"https:\/\/www.pressenza.com\/it\/2025\/06\/convoglio-sumud-e-ufficialmente-partito-per-rafah\/#primaryimage\"},\"thumbnailUrl\":\"https:\/\/www.pressenza.com\/wp-content\/uploads\/2025\/06\/Convoglio-Sumud.jpg\",\"datePublished\":\"2025-06-11T11:45:53+00:00\",\"description\":\"Il 9 giugno in migliaia di persone hanno lasciato la capitale Tunisi verso Sousse e altre citt\u00e0, dove si prevede che altri si uniranno. I libici si\",\"breadcrumb\":{\"@id\":\"https:\/\/www.pressenza.com\/it\/2025\/06\/convoglio-sumud-e-ufficialmente-partito-per-rafah\/#breadcrumb\"},\"inLanguage\":\"it-IT\",\"potentialAction\":[{\"@type\":\"ReadAction\",\"target\":[\"https:\/\/www.pressenza.com\/it\/2025\/06\/convoglio-sumud-e-ufficialmente-partito-per-rafah\/\"]}]},{\"@type\":\"ImageObject\",\"inLanguage\":\"it-IT\",\"@id\":\"https:\/\/www.pressenza.com\/it\/2025\/06\/convoglio-sumud-e-ufficialmente-partito-per-rafah\/#primaryimage\",\"url\":\"https:\/\/www.pressenza.com\/wp-content\/uploads\/2025\/06\/Convoglio-Sumud.jpg\",\"contentUrl\":\"https:\/\/www.pressenza.com\/wp-content\/uploads\/2025\/06\/Convoglio-Sumud.jpg\",\"width\":1064,\"height\":1048},{\"@type\":\"BreadcrumbList\",\"@id\":\"https:\/\/www.pressenza.com\/it\/2025\/06\/convoglio-sumud-e-ufficialmente-partito-per-rafah\/#breadcrumb\",\"itemListElement\":[{\"@type\":\"ListItem\",\"position\":1,\"name\":\"Accueil\",\"item\":\"https:\/\/www.pressenza.com\/it\/\"},{\"@type\":\"ListItem\",\"position\":2,\"name\":\"Convoglio Sumud \u00e8 ufficialmente partito per Rafah\"}]},{\"@type\":\"WebSite\",\"@id\":\"https:\/\/www.pressenza.com\/it\/#website\",\"url\":\"https:\/\/www.pressenza.com\/it\/\",\"name\":\"Pressenza\",\"description\":\"Agenzia di Stampa Internazionale\",\"publisher\":{\"@id\":\"https:\/\/www.pressenza.com\/it\/#organization\"},\"potentialAction\":[{\"@type\":\"SearchAction\",\"target\":{\"@type\":\"EntryPoint\",\"urlTemplate\":\"https:\/\/www.pressenza.com\/it\/?s={search_term_string}\"},\"query-input\":{\"@type\":\"PropertyValueSpecification\",\"valueRequired\":true,\"valueName\":\"search_term_string\"}}],\"inLanguage\":\"it-IT\"},{\"@type\":\"Organization\",\"@id\":\"https:\/\/www.pressenza.com\/it\/#organization\",\"name\":\"Pressenza\",\"url\":\"https:\/\/www.pressenza.com\/it\/\",\"logo\":{\"@type\":\"ImageObject\",\"inLanguage\":\"it-IT\",\"@id\":\"https:\/\/www.pressenza.com\/it\/#\/schema\/logo\/image\/\",\"url\":\"https:\/\/www.pressenza.com\/wp-content\/uploads\/2022\/10\/pressenza_logo_200x200.jpg\",\"contentUrl\":\"https:\/\/www.pressenza.com\/wp-content\/uploads\/2022\/10\/pressenza_logo_200x200.jpg\",\"width\":200,\"height\":200,\"caption\":\"Pressenza\"},\"image\":{\"@id\":\"https:\/\/www.pressenza.com\/it\/#\/schema\/logo\/image\/\"},\"sameAs\":[\"https:\/\/www.facebook.com\/PressenzaItalia\",\"https:\/\/x.com\/PressenzaIPA\"]},{\"@type\":\"Person\",\"@id\":\"https:\/\/www.pressenza.com\/it\/#\/schema\/person\/d983e81827ae24f2c7b1a2123d197f8d\",\"name\":\"Redazione Italia\",\"description\":\"News from the Pressenza Bureau in Italy\",\"sameAs\":[\"https:\/\/www.pressenza.com\/it\/author\/redazione-italia\/\",\"https:\/\/www.facebook.com\/PressenzaItalia\",\"https:\/\/www.instagram.com\/pressenza_italia\/\",\"https:\/\/x.com\/pressenza_it\",\"https:\/\/www.youtube.com\/channel\/UCSalEIWjE1RSxkwjfftFuqg\"],\"url\":\"https:\/\/www.pressenza.com\/it\/author\/redazione-italia\/\"}]}<\/script>\n<!-- \/ Yoast SEO plugin. -->","yoast_head_json":{"title":"Convoglio Sumud \u00e8 ufficialmente partito per Rafah","description":"Il 9 giugno in migliaia di persone hanno lasciato la capitale Tunisi verso Sousse e altre citt\u00e0, dove si prevede che altri si uniranno. I libici si","robots":{"index":"index","follow":"follow","max-snippet":"max-snippet:-1","max-image-preview":"max-image-preview:large","max-video-preview":"max-video-preview:-1"},"canonical":"https:\/\/www.pressenza.com\/it\/2025\/06\/convoglio-sumud-e-ufficialmente-partito-per-rafah\/","og_locale":"it_IT","og_type":"article","og_title":"Convoglio Sumud \u00e8 ufficialmente partito per Rafah","og_description":"Il 9 giugno in migliaia di persone hanno lasciato la capitale Tunisi verso Sousse e altre citt\u00e0, dove si prevede che altri si uniranno. I libici si","og_url":"https:\/\/www.pressenza.com\/it\/2025\/06\/convoglio-sumud-e-ufficialmente-partito-per-rafah\/","og_site_name":"Pressenza","article_publisher":"https:\/\/www.facebook.com\/PressenzaItalia","article_author":"https:\/\/www.facebook.com\/PressenzaItalia","article_published_time":"2025-06-11T11:45:53+00:00","og_image":[{"width":1064,"height":1048,"url":"https:\/\/www.pressenza.com\/wp-content\/uploads\/2025\/06\/Convoglio-Sumud.jpg","type":"image\/jpeg"}],"author":"Redazione Italia","twitter_card":"summary_large_image","twitter_creator":"@pressenza_it","twitter_site":"@PressenzaIPA","twitter_misc":{"Scritto da":"Redazione Italia","Tempo di lettura stimato":"4 minuti"},"schema":{"@context":"https:\/\/schema.org","@graph":[{"@type":"Article","@id":"https:\/\/www.pressenza.com\/it\/2025\/06\/convoglio-sumud-e-ufficialmente-partito-per-rafah\/#article","isPartOf":{"@id":"https:\/\/www.pressenza.com\/it\/2025\/06\/convoglio-sumud-e-ufficialmente-partito-per-rafah\/"},"author":{"name":"Redazione Italia","@id":"https:\/\/www.pressenza.com\/it\/#\/schema\/person\/d983e81827ae24f2c7b1a2123d197f8d"},"headline":"Convoglio Sumud \u00e8 ufficialmente partito per Rafah","datePublished":"2025-06-11T11:45:53+00:00","mainEntityOfPage":{"@id":"https:\/\/www.pressenza.com\/it\/2025\/06\/convoglio-sumud-e-ufficialmente-partito-per-rafah\/"},"wordCount":689,"publisher":{"@id":"https:\/\/www.pressenza.com\/it\/#organization"},"image":{"@id":"https:\/\/www.pressenza.com\/it\/2025\/06\/convoglio-sumud-e-ufficialmente-partito-per-rafah\/#primaryimage"},"thumbnailUrl":"https:\/\/www.pressenza.com\/wp-content\/uploads\/2025\/06\/Convoglio-Sumud.jpg","keywords":["#sumudconvoy","Algeria","Gaza","Libya","Marocco","Mauritania","Palestina","Tunisia"],"articleSection":["Comunicati Stampa","Diritti Umani","Medio Oriente","Non discriminazione"],"inLanguage":"it-IT"},{"@type":"WebPage","@id":"https:\/\/www.pressenza.com\/it\/2025\/06\/convoglio-sumud-e-ufficialmente-partito-per-rafah\/","url":"https:\/\/www.pressenza.com\/it\/2025\/06\/convoglio-sumud-e-ufficialmente-partito-per-rafah\/","name":"Convoglio Sumud \u00e8 ufficialmente partito per Rafah","isPartOf":{"@id":"https:\/\/www.pressenza.com\/it\/#website"},"primaryImageOfPage":{"@id":"https:\/\/www.pressenza.com\/it\/2025\/06\/convoglio-sumud-e-ufficialmente-partito-per-rafah\/#primaryimage"},"image":{"@id":"https:\/\/www.pressenza.com\/it\/2025\/06\/convoglio-sumud-e-ufficialmente-partito-per-rafah\/#primaryimage"},"thumbnailUrl":"https:\/\/www.pressenza.com\/wp-content\/uploads\/2025\/06\/Convoglio-Sumud.jpg","datePublished":"2025-06-11T11:45:53+00:00","description":"Il 9 giugno in migliaia di persone hanno lasciato la capitale Tunisi verso Sousse e altre citt\u00e0, dove si prevede che altri si uniranno. I libici si","breadcrumb":{"@id":"https:\/\/www.pressenza.com\/it\/2025\/06\/convoglio-sumud-e-ufficialmente-partito-per-rafah\/#breadcrumb"},"inLanguage":"it-IT","potentialAction":[{"@type":"ReadAction","target":["https:\/\/www.pressenza.com\/it\/2025\/06\/convoglio-sumud-e-ufficialmente-partito-per-rafah\/"]}]},{"@type":"ImageObject","inLanguage":"it-IT","@id":"https:\/\/www.pressenza.com\/it\/2025\/06\/convoglio-sumud-e-ufficialmente-partito-per-rafah\/#primaryimage","url":"https:\/\/www.pressenza.com\/wp-content\/uploads\/2025\/06\/Convoglio-Sumud.jpg","contentUrl":"https:\/\/www.pressenza.com\/wp-content\/uploads\/2025\/06\/Convoglio-Sumud.jpg","width":1064,"height":1048},{"@type":"BreadcrumbList","@id":"https:\/\/www.pressenza.com\/it\/2025\/06\/convoglio-sumud-e-ufficialmente-partito-per-rafah\/#breadcrumb","itemListElement":[{"@type":"ListItem","position":1,"name":"Accueil","item":"https:\/\/www.pressenza.com\/it\/"},{"@type":"ListItem","position":2,"name":"Convoglio Sumud \u00e8 ufficialmente partito per Rafah"}]},{"@type":"WebSite","@id":"https:\/\/www.pressenza.com\/it\/#website","url":"https:\/\/www.pressenza.com\/it\/","name":"Pressenza","description":"Agenzia di Stampa Internazionale","publisher":{"@id":"https:\/\/www.pressenza.com\/it\/#organization"},"potentialAction":[{"@type":"SearchAction","target":{"@type":"EntryPoint","urlTemplate":"https:\/\/www.pressenza.com\/it\/?s={search_term_string}"},"query-input":{"@type":"PropertyValueSpecification","valueRequired":true,"valueName":"search_term_string"}}],"inLanguage":"it-IT"},{"@type":"Organization","@id":"https:\/\/www.pressenza.com\/it\/#organization","name":"Pressenza","url":"https:\/\/www.pressenza.com\/it\/","logo":{"@type":"ImageObject","inLanguage":"it-IT","@id":"https:\/\/www.pressenza.com\/it\/#\/schema\/logo\/image\/","url":"https:\/\/www.pressenza.com\/wp-content\/uploads\/2022\/10\/pressenza_logo_200x200.jpg","contentUrl":"https:\/\/www.pressenza.com\/wp-content\/uploads\/2022\/10\/pressenza_logo_200x200.jpg","width":200,"height":200,"caption":"Pressenza"},"image":{"@id":"https:\/\/www.pressenza.com\/it\/#\/schema\/logo\/image\/"},"sameAs":["https:\/\/www.facebook.com\/PressenzaItalia","https:\/\/x.com\/PressenzaIPA"]},{"@type":"Person","@id":"https:\/\/www.pressenza.com\/it\/#\/schema\/person\/d983e81827ae24f2c7b1a2123d197f8d","name":"Redazione Italia","description":"News from the Pressenza Bureau in Italy","sameAs":["https:\/\/www.pressenza.com\/it\/author\/redazione-italia\/","https:\/\/www.facebook.com\/PressenzaItalia","https:\/\/www.instagram.com\/pressenza_italia\/","https:\/\/x.com\/pressenza_it","https:\/\/www.youtube.com\/channel\/UCSalEIWjE1RSxkwjfftFuqg"],"url":"https:\/\/www.pressenza.com\/it\/author\/redazione-italia\/"}]}},"place":"","original_article_url":"","_links":{"self":[{"href":"https:\/\/www.pressenza.com\/it\/wp-json\/wp\/v2\/posts\/2610732","targetHints":{"allow":["GET"]}}],"collection":[{"href":"https:\/\/www.pressenza.com\/it\/wp-json\/wp\/v2\/posts"}],"about":[{"href":"https:\/\/www.pressenza.com\/it\/wp-json\/wp\/v2\/types\/post"}],"author":[{"embeddable":true,"href":"https:\/\/www.pressenza.com\/it\/wp-json\/wp\/v2\/users\/594"}],"replies":[{"embeddable":true,"href":"https:\/\/www.pressenza.com\/it\/wp-json\/wp\/v2\/comments?post=2610732"}],"version-history":[{"count":1,"href":"https:\/\/www.pressenza.com\/it\/wp-json\/wp\/v2\/posts\/2610732\/revisions"}],"predecessor-version":[{"id":2610738,"href":"https:\/\/www.pressenza.com\/it\/wp-json\/wp\/v2\/posts\/2610732\/revisions\/2610738"}],"wp:featuredmedia":[{"embeddable":true,"href":"https:\/\/www.pressenza.com\/it\/wp-json\/wp\/v2\/media\/2610737"}],"wp:attachment":[{"href":"https:\/\/www.pressenza.com\/it\/wp-json\/wp\/v2\/media?parent=2610732"}],"wp:term":[{"taxonomy":"category","embeddable":true,"href":"https:\/\/www.pressenza.com\/it\/wp-json\/wp\/v2\/categories?post=2610732"},{"taxonomy":"post_tag","embeddable":true,"href":"https:\/\/www.pressenza.com\/it\/wp-json\/wp\/v2\/tags?post=2610732"}],"curies":[{"name":"wp","href":"https:\/\/api.w.org\/{rel}","templated":true}]}}