{"id":2610720,"date":"2025-06-11T12:47:20","date_gmt":"2025-06-11T11:47:20","guid":{"rendered":"https:\/\/www.pressenza.com\/?p=2610720"},"modified":"2025-06-11T13:00:28","modified_gmt":"2025-06-11T12:00:28","slug":"la-verita-per-mio-figlio-madri-tunisine-davanti-al-console-di-palermo","status":"publish","type":"post","link":"https:\/\/www.pressenza.com\/it\/2025\/06\/la-verita-per-mio-figlio-madri-tunisine-davanti-al-console-di-palermo\/","title":{"rendered":"&#8220;La Verit\u00e0 per mio figlio&#8221;. Madri tunisine davanti al Console di Palermo"},"content":{"rendered":"<p>&#8220;La verit\u00e0 per mio figlio&#8221;. Trema il megafono insieme alla voce.<br \/>\nE non \u00e8 necessario conoscere l&#8217;arabo per comprendere le parole di una madre che ha perso un figlio annegato nel Mediterraneo o scarnificato nel deserto.<\/p>\n<p>Raccolti e raccolte intorno a lei e alle altre donne giunte fin qui, davanti il consolato della Repubblica tunisina a Palermo per la \u201csettimana di memoria, lotta e giustizia\u201d, raccogliamo il senso di una partecipazione che unisce al dolore la rabbia nell\u2019esigere il risarcimento della verit\u00e0. Sono voci affrante che si alternano al megafono, mescolate alle lacrime che rompono il silenzio, nella dignit\u00e0 della schiena dritta dietro gli striscioni con i volti di figli e figlie, fratelli e sorelle, partiti e mai arrivati.<\/p>\n<p>&#8220;Conoscere la verit\u00e0 sulla sparizione dei nostri figli&#8221; registriamo dal francese, &#8220;e i responsabili&#8221;. Questo \u00e8 l&#8217;appello al Console tunisino di Palermo, <em>s&#8217;il vous plait<\/em>&#8230;<br \/>\n&#8220;Siamo qui per i nostri figli e per tutti i figli dispersi nel Mediterraneo.&#8221; Denunciano le madri.<\/p>\n<p>&#8220;Passaporti per tutto il mondo! Solidariet\u00e0 con tutte le mamme degli scomparsi! Solidariet\u00e0 con i migranti senza documenti!&#8221; facciamo eco dal cerchio che spontaneamente si \u00e8 formato, cercando di imitare a modo nostro il suono gutturale, di lotta e di lutto, che le donne maghrebine lanciano con una inimitabile pulsione della lingua velocissima. L&#8217;applauso che segue \u00e8 invece una lingua comune ripetuta nel coro di voci accompagnate dal ritmo delle mani.<\/p>\n<p>Nel suo intervento al megafono, una ragazza di Alarm Phone racconta come siano frequentissime le chiamate satellitari che chiedono notizie di parenti dispersi e come sia disperante non aver nulla da rispondere, poich\u00e9 le autorit\u00e0 competenti tacciono\u2026<\/p>\n<p>Una rappresentante del Forum Tunisino per le Vittime Migranti riferisce come sulle spiagge di Sfax e sulle altre coste tunisine il mare restituisca a decine ogni giorno corpi senza nome, nell\u2019indifferenza incurante di milizie e civili preposti. Ma sottolinea anche la grave responsabilit\u00e0 dei governi europei nel delegare a paesi terzi con l\u2019esternalizzazione \u201cil trattenimento e l\u2019espulsione dei clandestini\u201d.<\/p>\n<p>Stiamo attendendo che una delegazione sia ammessa a consegnare al Console il seguente <a href=\"https:\/\/memoriamediterranea.org\/documento-di-denuncia-e-rivendicazione-al-consolato-di-tunisia-a-palermo\/\">Documento di denuncia e rivendicazione.<\/a><\/p>\n<p><em>Signor Console,<\/em><br \/>\n<em>Siamo madri, sorelle e familiari di giovani tunisini scomparsi nel tentativo di attraversare il mare. Siamo donne segnate da anni di attesa, silenzi, promesse disattese e da una continua e solitaria ricerca di verit\u00e0 e giustizia. <\/em><\/p>\n<p><em>Abbiamo deciso di rompere il silenzio e rivolgerci direttamente a Lei, non pi\u00f9 per supplicare, ma per rivendicare. Perch\u00e9 \u00e8 un nostro diritto \u2013 e un Suo dovere \u2013 rispondere alle nostre domande e assumersi le responsabilit\u00e0 che lo Stato tunisino continua a eludere.<\/em><br \/>\n<em>Verit\u00e0 e giustizia per i nostri figli e fratelli scomparsi.<\/em><\/p>\n<p><em>Chiediamo trasparenza, comunicazione e accesso alle informazioni riguardanti i casi di scomparsa dei nostri cari.<\/em><\/p>\n<p><em>Chiediamo spiegazioni sulla sparizione di Hamdi Besbes, meccanico a bordo del peschereccio \u201cHadj Mohamed\u201d, arrestato il 23 luglio 2020 a Lampedusa con migranti a bordo. La famiglia ha ricevuto versioni contraddittorie dalle autorit\u00e0 tunisine: Hamdi prima sarebbe stato ricoverato, poi fuggito, poi del tutto ignorato.<\/em><\/p>\n<p><em>Chiediamo copia del presunto rapporto fornito al padre, che il Console Jaballah si \u00e8 rifiutato di consegnare, e del rapporto dell\u2019assistente sociale che ha ascoltato il racconto di un minore presente sul peschereccio.<\/em><\/p>\n<p><em>Chiediamo aggiornamenti sulle analisi del DNA realizzate in Tunisia (aprile 2021) e in Italia (ottobre 2021) e i risultati dei confronti genetici. Come pu\u00f2 essere che, dopo anni, non sia stata fornita alcuna risposta?<\/em><\/p>\n<p><em>Chiediamo informazioni chiare sul destino di Mohamed Jamal El Mili e Bechir El Mili, scomparsi nel 2011, e di tutti i giovani partiti su imbarcazioni scomparse tra Tunisia e Italia.<\/em><br \/>\n<em>Non \u00e8 pi\u00f9 accettabile che lo Stato non abbia mai offerto alcuna risposta dopo quattordici anni.<\/em><\/p>\n<p><em>Chiediamo che questa rappresentanza diplomatica si assuma pubblicamente le sue responsabilit\u00e0. <\/em><\/p>\n<p><em>Denunciamo con forza:<\/em><br \/>\n<em>\u25cf L\u2019assenza di una struttura stabile di contatto e supporto alle famiglie tunisine dei dispersi e dei migranti detenuti o morti in Italia, e l\u2019assenza di comunicazione proattiva da parte del Consolato. \u00c8 inaccettabile che la societ\u00e0 civile debba sostituirsi alle istituzioni dello Stato per fare indagini, riconoscimenti, traslazioni e supporto alle famiglie.<\/em><\/p>\n<p><em>\u25cf La complicit\u00e0 dello Stato tunisino nel processo di esternalizzazione delle frontiere europee, che trasforma la Tunisia in gendarme del Mediterraneo, in cambio di prestiti condizionati e favori diplomatici. La Tunisia ha firmato accordi informali e non trasparenti con l\u2019Italia e l\u2019UE per impedire le partenze, per deportare migranti e per chiudere gli occhi sulle violazioni commesse nei CPR e nei centri di detenzione.<\/em><\/p>\n<p><em>\u25cf Le condizioni disumane dei cittadini tunisini detenuti nei Centri di Permanenza per il Rimpatrio in Italia, dove subiscono maltrattamenti, privazione di diritti, isolamento e umiliazione. Nessun funzionario consolare si \u00e8 presentato per verificarne le condizioni o ascoltare le loro denunce. I diritti fondamentali dei cittadini tunisini vengono calpestati con la piena complicit\u00e0 delle autorit\u00e0 tunisine.<\/em><\/p>\n<p><em>\u25cf La pratica sistematica delle deportazioni forzate dalla Sicilia e dall\u2019Italia verso la Tunisia, spesso senza possibilit\u00e0 di appello legale, con voli settimanali organizzati in silenzio e in fretta, violando ogni principio di dignit\u00e0 e diritto alla difesa.<\/em><\/p>\n<p><em>\u25cf L\u2019inaccessibilit\u00e0 delle procedure per ottenere visti di ingresso legale in Italia, che costringe giovani, lavoratori e famiglie a intraprendere viaggi pericolosi e illegali. Da anni ottenere un appuntamento al Consolato per un visto \u00e8 un miraggio: un sistema opaco, arbitrario, corrotto e irresponsabile criminalizza la mobilit\u00e0 e alimenta la clandestinit\u00e0.<\/em><\/p>\n<p><em>\u25cf L\u2019assenza di trasparenza e di supporto nelle pratiche di identificazione delle persone migranti decedute in mare, lasciando centinaia di corpi senza nome, mentre le famiglie aspettano risultati del DNA da anni, senza alcuna comunicazione ufficiale, trattate con disprezzo e indifferenza.<\/em><\/p>\n<p><em>Signor Console, non \u00e8 solo una questione amministrativa. \u00c8 una questione politica e morale. Lo Stato tunisino \u00e8 oggi responsabile della morte sociale di migliaia di giovani, non solo attraverso la sua inazione all\u2019estero, ma anche per il contesto di disperazione che alimenta la harga: una crisi economica senza fine, un regime autoritario che ha cancellato ogni opposizione e libert\u00e0 d\u2019espressione, una societ\u00e0 che spinge i giovani alla fuga e alla morte.<\/em><\/p>\n<p><em>Il vostro silenzio, il vostro immobilismo, la vostra burocrazia assassina fanno parte del problema. \u00c8 tempo che il Consolato tunisino a Palermo:<\/em><br \/>\n<em>\u25cf Istituisca immediatamente un referente ufficiale per i dispersi e le famiglie migranti, con numero e contatti pubblici.<\/em><\/p>\n<p><em>\u25cf Dia seguito alle domande delle famiglie e fornisca copia dei rapporti e documenti relativi ai casi di scomparsa, senza ulteriori ritardi.<\/em><\/p>\n<p><em>\u25cf Richieda e pubblichi un\u2019indagine interna sugli accordi di rimpatrio con l\u2019Italia e sulla gestione dei CPR.<\/em><\/p>\n<p><em>\u25cf Faccia pressione sulle autorit\u00e0 tunisine e italiane per garantire trasparenza, accesso legale alla mobilit\u00e0 e il rispetto dei diritti fondamentali di ogni cittadino.<\/em><\/p>\n<p><em>\u25cf Collabori attivamente con la societ\u00e0 civile, le associazioni e le famiglie nella ricerca dei dispersi e nel processo di identificazione dei corpi. Finch\u00e9 queste richieste non verranno soddisfatte, continueremo a denunciare pubblicamente la vergogna e la responsabilit\u00e0 dello Stato tunisino, dei suoi rappresentanti e dei suoi accordi mortali. <\/em><\/p>\n<p><em>Non ci fermeremo. Perch\u00e9 ogni vita conta. Perch\u00e9 ogni madre ha diritto alla verit\u00e0.<\/em><br \/>\n<em>Verit\u00e0. Giustizia. Dignit\u00e0. Ora.<\/em><\/p>\n<p><em>Le madri tunisine, le sorelle, i familiari. Con il sostegno della societ\u00e0 civile tra la Tunisia e l\u2019Italia.<\/em><\/p>\n<p>Ricordiamo che altre iniziative si succederanno, a partire da oggi pomeriggio, <a href=\"https:\/\/www.pressenza.com\/it\/2025\/06\/a-palermo-settimana-di-memoria-e-di-lotta-a-fianco-dei-parenti-delle-persone-scomparse-alle-frontiere\/\">a Palermo nella settimana di memoria e di lotta a fianco dei parenti delle persone scomparse alle frontiere, <\/a>\u00a0grazie all&#8217;impegno di tant* nel progetto MEM.MED (Memoria Mediterranea), al collettivo Maldusa, all&#8217;associazione Senegalese e al collettivo Baye Fall e Yaye Fall.<\/p>\n<div class=\"post-gallery\">\n\t\t\t<figure class=\"post-gallery-item\">\n\t\t\t\t<img decoding=\"async\" src=\"https:\/\/www.pressenza.com\/wp-content\/uploads\/2025\/06\/tunisia-1-1-820x613.jpg\" loading=\"lazy\">\n\t\t\t\t<figcaption>\n\t\t\t\t\t\n\t\t\t\t<\/figcaption>\n\t\t\t<\/figure>\n\t\t\t<figure class=\"post-gallery-item\">\n\t\t\t\t<img decoding=\"async\" src=\"https:\/\/www.pressenza.com\/wp-content\/uploads\/2025\/06\/tunisia-4-1.jpg\" loading=\"lazy\">\n\t\t\t\t<figcaption>\n\t\t\t\t\t\n\t\t\t\t<\/figcaption>\n\t\t\t<\/figure>\n\t\t\t<figure class=\"post-gallery-item\">\n\t\t\t\t<img decoding=\"async\" src=\"https:\/\/www.pressenza.com\/wp-content\/uploads\/2025\/06\/tunisia-6-1.jpg\" loading=\"lazy\">\n\t\t\t\t<figcaption>\n\t\t\t\t\t\n\t\t\t\t<\/figcaption>\n\t\t\t<\/figure>\n\t\t\t<figure class=\"post-gallery-item\">\n\t\t\t\t<img decoding=\"async\" src=\"https:\/\/www.pressenza.com\/wp-content\/uploads\/2025\/06\/tunisia-5-820x461.jpg\" loading=\"lazy\">\n\t\t\t\t<figcaption>\n\t\t\t\t\t\n\t\t\t\t<\/figcaption>\n\t\t\t<\/figure><\/div>\n<p>&nbsp;<\/p>\n","protected":false},"excerpt":{"rendered":"<p>&#8220;La verit\u00e0 per mio figlio&#8221;. Trema il megafono insieme alla voce. E non \u00e8 necessario conoscere l&#8217;arabo per comprendere le parole di una madre che ha perso un figlio annegato nel Mediterraneo o scarnificato nel deserto. Raccolti e raccolte intorno&hellip;<\/p>\n","protected":false},"author":2373,"featured_media":2610736,"comment_status":"closed","ping_status":"closed","sticky":false,"template":"","format":"standard","meta":{"footnotes":""},"categories":[11388,54572],"tags":[123906,138047,111321],"class_list":["post-2610720","post","type-post","status-publish","format-standard","has-post-thumbnail","hentry","category-contenuti-originali","category-migranti","tag-dispersi-nel-mediterraneo","tag-migranti-in-tunisia","tag-progetto-mem-med-memoria-mediterranea"],"yoast_head":"<!-- This site is optimized with the Yoast SEO plugin v27.1.1 - https:\/\/yoast.com\/product\/yoast-seo-wordpress\/ -->\n<title>&quot;La Verit\u00e0 per mio figlio&quot;. Madri tunisine davanti al Console di Palermo<\/title>\n<meta name=\"description\" content=\"&quot;La verit\u00e0 per mio figlio&quot;. Trema il megafono insieme alla voce. E non \u00e8 necessario conoscere l&#039;arabo per comprendere le parole di una madre che ha perso\" \/>\n<meta name=\"robots\" content=\"index, follow, max-snippet:-1, max-image-preview:large, max-video-preview:-1\" \/>\n<link rel=\"canonical\" href=\"https:\/\/www.pressenza.com\/it\/2025\/06\/la-verita-per-mio-figlio-madri-tunisine-davanti-al-console-di-palermo\/\" \/>\n<meta property=\"og:locale\" content=\"it_IT\" \/>\n<meta property=\"og:type\" content=\"article\" \/>\n<meta property=\"og:title\" content=\"&quot;La Verit\u00e0 per mio figlio&quot;. Madri tunisine davanti al Console di Palermo\" \/>\n<meta property=\"og:description\" content=\"&quot;La verit\u00e0 per mio figlio&quot;. Trema il megafono insieme alla voce. E non \u00e8 necessario conoscere l&#039;arabo per comprendere le parole di una madre che ha perso\" \/>\n<meta property=\"og:url\" content=\"https:\/\/www.pressenza.com\/it\/2025\/06\/la-verita-per-mio-figlio-madri-tunisine-davanti-al-console-di-palermo\/\" \/>\n<meta property=\"og:site_name\" content=\"Pressenza\" \/>\n<meta property=\"article:publisher\" content=\"https:\/\/www.facebook.com\/PressenzaItalia\" \/>\n<meta property=\"article:published_time\" content=\"2025-06-11T11:47:20+00:00\" \/>\n<meta property=\"article:modified_time\" content=\"2025-06-11T12:00:28+00:00\" \/>\n<meta property=\"og:image\" content=\"https:\/\/www.pressenza.com\/wp-content\/uploads\/2025\/06\/tunisia-2.jpg\" \/>\n\t<meta property=\"og:image:width\" content=\"800\" \/>\n\t<meta property=\"og:image:height\" content=\"516\" \/>\n\t<meta property=\"og:image:type\" content=\"image\/jpeg\" \/>\n<meta name=\"author\" content=\"Maria La Bianca\" \/>\n<meta name=\"twitter:card\" content=\"summary_large_image\" \/>\n<meta name=\"twitter:creator\" content=\"@PressenzaIPA\" \/>\n<meta name=\"twitter:site\" content=\"@PressenzaIPA\" \/>\n<meta name=\"twitter:label1\" content=\"Scritto da\" \/>\n\t<meta name=\"twitter:data1\" content=\"Maria La Bianca\" \/>\n\t<meta name=\"twitter:label2\" content=\"Tempo di lettura stimato\" \/>\n\t<meta name=\"twitter:data2\" content=\"7 minuti\" \/>\n<script type=\"application\/ld+json\" class=\"yoast-schema-graph\">{\"@context\":\"https:\/\/schema.org\",\"@graph\":[{\"@type\":\"Article\",\"@id\":\"https:\/\/www.pressenza.com\/it\/2025\/06\/la-verita-per-mio-figlio-madri-tunisine-davanti-al-console-di-palermo\/#article\",\"isPartOf\":{\"@id\":\"https:\/\/www.pressenza.com\/it\/2025\/06\/la-verita-per-mio-figlio-madri-tunisine-davanti-al-console-di-palermo\/\"},\"author\":{\"name\":\"Maria La Bianca\",\"@id\":\"https:\/\/www.pressenza.com\/it\/#\/schema\/person\/9cc20c0b393c8f74638d87ff7b6f49d4\"},\"headline\":\"&#8220;La Verit\u00e0 per mio figlio&#8221;. Madri tunisine davanti al Console di Palermo\",\"datePublished\":\"2025-06-11T11:47:20+00:00\",\"dateModified\":\"2025-06-11T12:00:28+00:00\",\"mainEntityOfPage\":{\"@id\":\"https:\/\/www.pressenza.com\/it\/2025\/06\/la-verita-per-mio-figlio-madri-tunisine-davanti-al-console-di-palermo\/\"},\"wordCount\":1246,\"publisher\":{\"@id\":\"https:\/\/www.pressenza.com\/it\/#organization\"},\"image\":{\"@id\":\"https:\/\/www.pressenza.com\/it\/2025\/06\/la-verita-per-mio-figlio-madri-tunisine-davanti-al-console-di-palermo\/#primaryimage\"},\"thumbnailUrl\":\"https:\/\/www.pressenza.com\/wp-content\/uploads\/2025\/06\/tunisia-2.jpg\",\"keywords\":[\"dispersi nel Mediterraneo\",\"migranti in Tunisia\",\"Progetto Mem.Med-Memoria Mediterranea\"],\"articleSection\":[\"contenuti originali\",\"Migranti\"],\"inLanguage\":\"it-IT\"},{\"@type\":\"WebPage\",\"@id\":\"https:\/\/www.pressenza.com\/it\/2025\/06\/la-verita-per-mio-figlio-madri-tunisine-davanti-al-console-di-palermo\/\",\"url\":\"https:\/\/www.pressenza.com\/it\/2025\/06\/la-verita-per-mio-figlio-madri-tunisine-davanti-al-console-di-palermo\/\",\"name\":\"\\\"La Verit\u00e0 per mio figlio\\\". Madri tunisine davanti al Console di Palermo\",\"isPartOf\":{\"@id\":\"https:\/\/www.pressenza.com\/it\/#website\"},\"primaryImageOfPage\":{\"@id\":\"https:\/\/www.pressenza.com\/it\/2025\/06\/la-verita-per-mio-figlio-madri-tunisine-davanti-al-console-di-palermo\/#primaryimage\"},\"image\":{\"@id\":\"https:\/\/www.pressenza.com\/it\/2025\/06\/la-verita-per-mio-figlio-madri-tunisine-davanti-al-console-di-palermo\/#primaryimage\"},\"thumbnailUrl\":\"https:\/\/www.pressenza.com\/wp-content\/uploads\/2025\/06\/tunisia-2.jpg\",\"datePublished\":\"2025-06-11T11:47:20+00:00\",\"dateModified\":\"2025-06-11T12:00:28+00:00\",\"description\":\"\\\"La verit\u00e0 per mio figlio\\\". Trema il megafono insieme alla voce. E non \u00e8 necessario conoscere l'arabo per comprendere le parole di una madre che ha perso\",\"breadcrumb\":{\"@id\":\"https:\/\/www.pressenza.com\/it\/2025\/06\/la-verita-per-mio-figlio-madri-tunisine-davanti-al-console-di-palermo\/#breadcrumb\"},\"inLanguage\":\"it-IT\",\"potentialAction\":[{\"@type\":\"ReadAction\",\"target\":[\"https:\/\/www.pressenza.com\/it\/2025\/06\/la-verita-per-mio-figlio-madri-tunisine-davanti-al-console-di-palermo\/\"]}]},{\"@type\":\"ImageObject\",\"inLanguage\":\"it-IT\",\"@id\":\"https:\/\/www.pressenza.com\/it\/2025\/06\/la-verita-per-mio-figlio-madri-tunisine-davanti-al-console-di-palermo\/#primaryimage\",\"url\":\"https:\/\/www.pressenza.com\/wp-content\/uploads\/2025\/06\/tunisia-2.jpg\",\"contentUrl\":\"https:\/\/www.pressenza.com\/wp-content\/uploads\/2025\/06\/tunisia-2.jpg\",\"width\":800,\"height\":516},{\"@type\":\"BreadcrumbList\",\"@id\":\"https:\/\/www.pressenza.com\/it\/2025\/06\/la-verita-per-mio-figlio-madri-tunisine-davanti-al-console-di-palermo\/#breadcrumb\",\"itemListElement\":[{\"@type\":\"ListItem\",\"position\":1,\"name\":\"Accueil\",\"item\":\"https:\/\/www.pressenza.com\/it\/\"},{\"@type\":\"ListItem\",\"position\":2,\"name\":\"&#8220;La Verit\u00e0 per mio figlio&#8221;. Madri tunisine davanti al Console di Palermo\"}]},{\"@type\":\"WebSite\",\"@id\":\"https:\/\/www.pressenza.com\/it\/#website\",\"url\":\"https:\/\/www.pressenza.com\/it\/\",\"name\":\"Pressenza\",\"description\":\"Agenzia di Stampa Internazionale\",\"publisher\":{\"@id\":\"https:\/\/www.pressenza.com\/it\/#organization\"},\"potentialAction\":[{\"@type\":\"SearchAction\",\"target\":{\"@type\":\"EntryPoint\",\"urlTemplate\":\"https:\/\/www.pressenza.com\/it\/?s={search_term_string}\"},\"query-input\":{\"@type\":\"PropertyValueSpecification\",\"valueRequired\":true,\"valueName\":\"search_term_string\"}}],\"inLanguage\":\"it-IT\"},{\"@type\":\"Organization\",\"@id\":\"https:\/\/www.pressenza.com\/it\/#organization\",\"name\":\"Pressenza\",\"url\":\"https:\/\/www.pressenza.com\/it\/\",\"logo\":{\"@type\":\"ImageObject\",\"inLanguage\":\"it-IT\",\"@id\":\"https:\/\/www.pressenza.com\/it\/#\/schema\/logo\/image\/\",\"url\":\"https:\/\/www.pressenza.com\/wp-content\/uploads\/2022\/10\/pressenza_logo_200x200.jpg\",\"contentUrl\":\"https:\/\/www.pressenza.com\/wp-content\/uploads\/2022\/10\/pressenza_logo_200x200.jpg\",\"width\":200,\"height\":200,\"caption\":\"Pressenza\"},\"image\":{\"@id\":\"https:\/\/www.pressenza.com\/it\/#\/schema\/logo\/image\/\"},\"sameAs\":[\"https:\/\/www.facebook.com\/PressenzaItalia\",\"https:\/\/x.com\/PressenzaIPA\"]},{\"@type\":\"Person\",\"@id\":\"https:\/\/www.pressenza.com\/it\/#\/schema\/person\/9cc20c0b393c8f74638d87ff7b6f49d4\",\"name\":\"Maria La Bianca\",\"url\":\"https:\/\/www.pressenza.com\/it\/author\/maria-la-bianca\/\"}]}<\/script>\n<!-- \/ Yoast SEO plugin. -->","yoast_head_json":{"title":"\"La Verit\u00e0 per mio figlio\". Madri tunisine davanti al Console di Palermo","description":"\"La verit\u00e0 per mio figlio\". Trema il megafono insieme alla voce. E non \u00e8 necessario conoscere l'arabo per comprendere le parole di una madre che ha perso","robots":{"index":"index","follow":"follow","max-snippet":"max-snippet:-1","max-image-preview":"max-image-preview:large","max-video-preview":"max-video-preview:-1"},"canonical":"https:\/\/www.pressenza.com\/it\/2025\/06\/la-verita-per-mio-figlio-madri-tunisine-davanti-al-console-di-palermo\/","og_locale":"it_IT","og_type":"article","og_title":"\"La Verit\u00e0 per mio figlio\". Madri tunisine davanti al Console di Palermo","og_description":"\"La verit\u00e0 per mio figlio\". Trema il megafono insieme alla voce. E non \u00e8 necessario conoscere l'arabo per comprendere le parole di una madre che ha perso","og_url":"https:\/\/www.pressenza.com\/it\/2025\/06\/la-verita-per-mio-figlio-madri-tunisine-davanti-al-console-di-palermo\/","og_site_name":"Pressenza","article_publisher":"https:\/\/www.facebook.com\/PressenzaItalia","article_published_time":"2025-06-11T11:47:20+00:00","article_modified_time":"2025-06-11T12:00:28+00:00","og_image":[{"width":800,"height":516,"url":"https:\/\/www.pressenza.com\/wp-content\/uploads\/2025\/06\/tunisia-2.jpg","type":"image\/jpeg"}],"author":"Maria La Bianca","twitter_card":"summary_large_image","twitter_creator":"@PressenzaIPA","twitter_site":"@PressenzaIPA","twitter_misc":{"Scritto da":"Maria La Bianca","Tempo di lettura stimato":"7 minuti"},"schema":{"@context":"https:\/\/schema.org","@graph":[{"@type":"Article","@id":"https:\/\/www.pressenza.com\/it\/2025\/06\/la-verita-per-mio-figlio-madri-tunisine-davanti-al-console-di-palermo\/#article","isPartOf":{"@id":"https:\/\/www.pressenza.com\/it\/2025\/06\/la-verita-per-mio-figlio-madri-tunisine-davanti-al-console-di-palermo\/"},"author":{"name":"Maria La Bianca","@id":"https:\/\/www.pressenza.com\/it\/#\/schema\/person\/9cc20c0b393c8f74638d87ff7b6f49d4"},"headline":"&#8220;La Verit\u00e0 per mio figlio&#8221;. Madri tunisine davanti al Console di Palermo","datePublished":"2025-06-11T11:47:20+00:00","dateModified":"2025-06-11T12:00:28+00:00","mainEntityOfPage":{"@id":"https:\/\/www.pressenza.com\/it\/2025\/06\/la-verita-per-mio-figlio-madri-tunisine-davanti-al-console-di-palermo\/"},"wordCount":1246,"publisher":{"@id":"https:\/\/www.pressenza.com\/it\/#organization"},"image":{"@id":"https:\/\/www.pressenza.com\/it\/2025\/06\/la-verita-per-mio-figlio-madri-tunisine-davanti-al-console-di-palermo\/#primaryimage"},"thumbnailUrl":"https:\/\/www.pressenza.com\/wp-content\/uploads\/2025\/06\/tunisia-2.jpg","keywords":["dispersi nel Mediterraneo","migranti in Tunisia","Progetto Mem.Med-Memoria Mediterranea"],"articleSection":["contenuti originali","Migranti"],"inLanguage":"it-IT"},{"@type":"WebPage","@id":"https:\/\/www.pressenza.com\/it\/2025\/06\/la-verita-per-mio-figlio-madri-tunisine-davanti-al-console-di-palermo\/","url":"https:\/\/www.pressenza.com\/it\/2025\/06\/la-verita-per-mio-figlio-madri-tunisine-davanti-al-console-di-palermo\/","name":"\"La Verit\u00e0 per mio figlio\". Madri tunisine davanti al Console di Palermo","isPartOf":{"@id":"https:\/\/www.pressenza.com\/it\/#website"},"primaryImageOfPage":{"@id":"https:\/\/www.pressenza.com\/it\/2025\/06\/la-verita-per-mio-figlio-madri-tunisine-davanti-al-console-di-palermo\/#primaryimage"},"image":{"@id":"https:\/\/www.pressenza.com\/it\/2025\/06\/la-verita-per-mio-figlio-madri-tunisine-davanti-al-console-di-palermo\/#primaryimage"},"thumbnailUrl":"https:\/\/www.pressenza.com\/wp-content\/uploads\/2025\/06\/tunisia-2.jpg","datePublished":"2025-06-11T11:47:20+00:00","dateModified":"2025-06-11T12:00:28+00:00","description":"\"La verit\u00e0 per mio figlio\". Trema il megafono insieme alla voce. E non \u00e8 necessario conoscere l'arabo per comprendere le parole di una madre che ha perso","breadcrumb":{"@id":"https:\/\/www.pressenza.com\/it\/2025\/06\/la-verita-per-mio-figlio-madri-tunisine-davanti-al-console-di-palermo\/#breadcrumb"},"inLanguage":"it-IT","potentialAction":[{"@type":"ReadAction","target":["https:\/\/www.pressenza.com\/it\/2025\/06\/la-verita-per-mio-figlio-madri-tunisine-davanti-al-console-di-palermo\/"]}]},{"@type":"ImageObject","inLanguage":"it-IT","@id":"https:\/\/www.pressenza.com\/it\/2025\/06\/la-verita-per-mio-figlio-madri-tunisine-davanti-al-console-di-palermo\/#primaryimage","url":"https:\/\/www.pressenza.com\/wp-content\/uploads\/2025\/06\/tunisia-2.jpg","contentUrl":"https:\/\/www.pressenza.com\/wp-content\/uploads\/2025\/06\/tunisia-2.jpg","width":800,"height":516},{"@type":"BreadcrumbList","@id":"https:\/\/www.pressenza.com\/it\/2025\/06\/la-verita-per-mio-figlio-madri-tunisine-davanti-al-console-di-palermo\/#breadcrumb","itemListElement":[{"@type":"ListItem","position":1,"name":"Accueil","item":"https:\/\/www.pressenza.com\/it\/"},{"@type":"ListItem","position":2,"name":"&#8220;La Verit\u00e0 per mio figlio&#8221;. Madri tunisine davanti al Console di Palermo"}]},{"@type":"WebSite","@id":"https:\/\/www.pressenza.com\/it\/#website","url":"https:\/\/www.pressenza.com\/it\/","name":"Pressenza","description":"Agenzia di Stampa Internazionale","publisher":{"@id":"https:\/\/www.pressenza.com\/it\/#organization"},"potentialAction":[{"@type":"SearchAction","target":{"@type":"EntryPoint","urlTemplate":"https:\/\/www.pressenza.com\/it\/?s={search_term_string}"},"query-input":{"@type":"PropertyValueSpecification","valueRequired":true,"valueName":"search_term_string"}}],"inLanguage":"it-IT"},{"@type":"Organization","@id":"https:\/\/www.pressenza.com\/it\/#organization","name":"Pressenza","url":"https:\/\/www.pressenza.com\/it\/","logo":{"@type":"ImageObject","inLanguage":"it-IT","@id":"https:\/\/www.pressenza.com\/it\/#\/schema\/logo\/image\/","url":"https:\/\/www.pressenza.com\/wp-content\/uploads\/2022\/10\/pressenza_logo_200x200.jpg","contentUrl":"https:\/\/www.pressenza.com\/wp-content\/uploads\/2022\/10\/pressenza_logo_200x200.jpg","width":200,"height":200,"caption":"Pressenza"},"image":{"@id":"https:\/\/www.pressenza.com\/it\/#\/schema\/logo\/image\/"},"sameAs":["https:\/\/www.facebook.com\/PressenzaItalia","https:\/\/x.com\/PressenzaIPA"]},{"@type":"Person","@id":"https:\/\/www.pressenza.com\/it\/#\/schema\/person\/9cc20c0b393c8f74638d87ff7b6f49d4","name":"Maria La Bianca","url":"https:\/\/www.pressenza.com\/it\/author\/maria-la-bianca\/"}]}},"place":"Daniela Musumeci","original_article_url":"","_links":{"self":[{"href":"https:\/\/www.pressenza.com\/it\/wp-json\/wp\/v2\/posts\/2610720","targetHints":{"allow":["GET"]}}],"collection":[{"href":"https:\/\/www.pressenza.com\/it\/wp-json\/wp\/v2\/posts"}],"about":[{"href":"https:\/\/www.pressenza.com\/it\/wp-json\/wp\/v2\/types\/post"}],"author":[{"embeddable":true,"href":"https:\/\/www.pressenza.com\/it\/wp-json\/wp\/v2\/users\/2373"}],"replies":[{"embeddable":true,"href":"https:\/\/www.pressenza.com\/it\/wp-json\/wp\/v2\/comments?post=2610720"}],"version-history":[{"count":5,"href":"https:\/\/www.pressenza.com\/it\/wp-json\/wp\/v2\/posts\/2610720\/revisions"}],"predecessor-version":[{"id":2610751,"href":"https:\/\/www.pressenza.com\/it\/wp-json\/wp\/v2\/posts\/2610720\/revisions\/2610751"}],"wp:featuredmedia":[{"embeddable":true,"href":"https:\/\/www.pressenza.com\/it\/wp-json\/wp\/v2\/media\/2610736"}],"wp:attachment":[{"href":"https:\/\/www.pressenza.com\/it\/wp-json\/wp\/v2\/media?parent=2610720"}],"wp:term":[{"taxonomy":"category","embeddable":true,"href":"https:\/\/www.pressenza.com\/it\/wp-json\/wp\/v2\/categories?post=2610720"},{"taxonomy":"post_tag","embeddable":true,"href":"https:\/\/www.pressenza.com\/it\/wp-json\/wp\/v2\/tags?post=2610720"}],"curies":[{"name":"wp","href":"https:\/\/api.w.org\/{rel}","templated":true}]}}