{"id":2608915,"date":"2025-06-03T16:55:59","date_gmt":"2025-06-03T15:55:59","guid":{"rendered":"https:\/\/www.pressenza.com\/?p=2608915"},"modified":"2025-06-03T16:58:19","modified_gmt":"2025-06-03T15:58:19","slug":"6-8-giugno-festa-dellanpi-provinciale-di-roma","status":"publish","type":"post","link":"https:\/\/www.pressenza.com\/it\/2025\/06\/6-8-giugno-festa-dellanpi-provinciale-di-roma\/","title":{"rendered":"6-8 giugno, Festa dell\u2019ANPI provinciale di Roma"},"content":{"rendered":"<p>In prossimit\u00e0 dell&#8217;81\u00b0 anniversario della Liberazione di Roma dal nazifascismo (4 giugno 1944) il 6,7 e 8 giugno si svolger\u00e0 a Villa Lazzaroni la 2^ Festa dell&#8217;ANPI provinciale di Roma, con il contributo del VII Municipio e la partecipazione della CGIL di Roma e del Lazio, della libreria Blueroom e dell&#8217;AAMOD.<\/p>\n<p>Lo scopo della festa \u00e8 innanzitutto ragionare con la cittadinanza sui temi e le problematiche di ieri e dell&#8217;oggi attraverso le pratiche e le modalit\u00e0 dell&#8217;antifascismo, con l&#8217;aiuto di ospiti di prestigio.<\/p>\n<p>Il 6 giugno, giornata conclusiva dello straordinario impegno di sostegno e promozione delle sezioni dell&#8217;ANPI provinciale di Roma alla campagna referendaria, la festa provinciale si aprir\u00e0 con un dibattito su &#8220;La centralit\u00e0 del lavoro&#8221; dove si discuter\u00e0 dei temi del lavoro oggetto del referendum. Seguir\u00e0 quindi il dibattito su &#8220;I diritti negati&#8221;, che affronter\u00e0 anche il tema della cittadinanza, oggetto anch&#8217;esso di voto referendario.<\/p>\n<p>Altri temi affrontati saranno di carattere storico e politico, e spazieranno dalla lotta alla societ\u00e0 patriarcale portata avanti da Anna Kuliscioff, alla Resistenza romana, dai manuali di storia all&#8217;epoca del fascismo al neofascismo della prima repubblica; dall&#8217;Europa dei popoli alla questione palestinese, dalla crisi climatica e la disinformazione che vorrebbe negarla ai temi della forma Stato verso un autoritarismo antidemocratico che vorrebbe imporsi con la legislazione sul premierato, sull&#8217;autonomia differenziata, sulla &#8220;sicurezza&#8221;, fino agli attualissimi temi della Pace e del disarmo.<\/p>\n<p>Sar\u00e0 inoltre presentato il Calendario della Resistenza romana a cura del Gruppo Comunicazione dell&#8217;ANPI provinciale di Roma e sar\u00e0 possibile visitare la mostra &#8220;Il secolo resistente&#8221; a cura delle sezioni ANPI Centocelle, Gordiani, Pigneto e Torpignattara.<\/p>\n<p>In chiusura di queste ricche giornate di riflessione e dibattito si svolgeranno i concerti serali come da programma.<\/p>\n<p><strong>6 giugno<\/strong><\/p>\n<p><strong>Ore 16:00 Sala Cultura &#8211;\u00a0Inaugurazione festa<\/strong><br \/>\nMarina Pierlorenzi (presidente ANPI provinciale Roma)<br \/>\nVincenzo Cal\u00f2 (segreteria ANPI nazionale)<br \/>\nFrancesco Laddaga (presidente Municipio VII)<br \/>\nMassimiliano Smeriglio (ass. Cultura Roma Capitale)<br \/>\nRiccardo Sbordoni (ass. Cultura e Memoria Municipio VII)<\/p>\n<p>E\u2019 stato invitato il sindaco di Roma Capitale Roberto Gualtieri<\/p>\n<p>Esterno Sala Cultura<br \/>\nBanda Cecafumo<\/p>\n<p><strong>Sala Cultura &#8211; Inaugurazione della mostra<\/strong>\u00a0<strong>Il Secolo Resistente<\/strong>\u00a0e presentazione del\u00a0<strong>Calendario<\/strong>\u00a0dell\u2019ANPI provinciale di Roma<br \/>\nManuela Paravani e Leo Rinaldi (curatori mostra)<br \/>\nStefano Bonifazi e Dario Cavinato (curatori calendario)<\/p>\n<p><strong>Ore 17:00 Sala Cultura &#8211;<\/strong>\u00a0<strong>La centralit\u00e0 del lavoro<\/strong><br \/>\nMarco Noccioli (presidenza ANPI provinciale Roma)<br \/>\nNatale Di Cola (segr. generale Cgil di Roma e del Lazio)<br \/>\nClaudia Pratelli (ass. Scuola, Formazione e Lavoro Roma Capitale)<br \/>\nLuciano Cerasa (giornalista Rete #Nobavaglio)<\/p>\n<p><strong>Ore 18:30 Sala Cultura &#8211;<\/strong>\u00a0<strong>Oltre il tempo patriarcale. La lungimiranza di Anna Kuliscioff<\/strong><br \/>\nMorena Terraschi (presidenza ANPI provinciale Roma)<br \/>\nFiorenza Taricone (ordinaria Univ. Cassino e Lazio meridionale)<br \/>\nLiviana Gazzetta (studiosa movim. femminili nell\u2019Italia contemp.)<\/p>\n<p><strong>Ore 19:00 Palco &#8211;<\/strong>\u00a0<strong>Diritti negati<\/strong><br \/>\nMarina Pierlorenzi (presidente ANPI provinciale Roma)<br \/>\nOrazio Schifone (Circolo Mario Mieli)<br \/>\nAlessia Crocini (Famiglie Arcobaleno)<br \/>\nMarilena Grassadonia (Coord. Uff. Diritti LGBT+ Roma Capitale)<br \/>\nAntony Gonzales (Seconda Generazione)<br \/>\nGiovanni Anversa (giornalista RAI)<\/p>\n<p><strong>Ore 20:00 Palco &#8211;\u00a0Raccontare la Resistenza romana<\/strong><br \/>\nArianna Camellini (consigliera II Municipio)<br \/>\nDavide Conti (storico, vicepresidente ANPI Roma)<br \/>\nMarco Trasciani (storico)<br \/>\nSilvano Falocco (storico)<br \/>\nMichele Colucci (storico)<br \/>\nStefania Limiti (giornalista Fatto Quotidiano)<\/p>\n<p><strong>Ore 21,30 Palco &#8211;\u00a0Concerti<\/strong><br \/>\nSara e Gabriele Modigliani<br \/>\nRoma Nostra<\/p>\n<p><strong>7 giugno<\/strong><\/p>\n<p><strong>Ore 10:30 Sala Cultura &#8211; \u00a0Guarda che storia<\/strong>\u00a0&#8211; docufilm<br \/>\nMarina Pierlorenzi (presidente ANPI provinciale Roma)<br \/>\nAldo Di Russo (regista)<br \/>\nGiancarlo Burghi (docente Liceo Tasso)<br \/>\nValeria Ricca (responsabile ricerche e redazione testi)<br \/>\nGianfranco Noferi (ANPC)<\/p>\n<p><strong>Ore 12:00 Sala Cultura &#8211; L\u2019ANPI ieri, oggi e domani<\/strong>.<\/p>\n<p>Confronto\/incontro tra i giovani sull\u2019antifascismo oggi organizzato dai dirigenti under 35 dell\u2019ANPI provinciale di Roma. Parteciperanno compagne\/i della presidenza provinciale.<\/p>\n<p><strong>Ore 16:30 Sala Cultura &#8211;\u00a0L\u2019Europa dei Popoli<\/strong><br \/>\nMarco Noccioli (presidenza ANPI provinciale Roma)<br \/>\nGianfranco Pagliarulo (presidente ANPI Nazionale)<br \/>\nEleonora Forenza (attivista, gi\u00e0 eurodeputata)<br \/>\nLuciana Castellina (giornalista, fondatrice de il Manifesto, gi\u00e0 vicepresidente del Parlamento Europeo)<br \/>\nIlaria Sotis (giornalista RAI)<\/p>\n<p><strong>Ore 18:00 Sala Cultura &#8211;<\/strong>\u00a0<strong>La questione palestinese<\/strong><br \/>\nMorena Terraschi (presidenza ANPI provinciale Roma)<br \/>\nLuisa Morgantini (Assopace Palestina, gi\u00e0 vicepresidente Parlamento Europeo)<br \/>\nRiccardo Sbordoni (ass. Cultura e Memoria Municipio VII)<br \/>\nMonica Maurer (regista)<br \/>\nMilena Fiore (AAMOD)<br \/>\nUmberto Masci (coordinamento Emergency Roma Est)<br \/>\nFabrizio De Sanctis (segreteria ANPI Nazionale)<br \/>\nRiccardo Noury (Amnesty International)<br \/>\nCarlotta Angeloni (giornalista RAI)<\/p>\n<p><strong>Ore 19:00 Palco &#8211;<\/strong>\u00a0<strong>Crisi climatica e disinformazione<\/strong><br \/>\nStefano Valentini (presidenza ANPI Roma)<br \/>\nGiacomo Pellini (autore del libro Contro i mercanti del clima)<br \/>\nVincenzo Vita (politico, giornalista e saggista)<br \/>\nAttivista Fridays For Future<br \/>\nGea Scancarello (giornalista LA7)<\/p>\n<p><strong>Ore 20:00 Palco &#8211;\u00a0La Repubblica senza stato<\/strong><br \/>\nMorena Terraschi (presidenza ANPI provinciale Roma)<br \/>\nGiuseppe Filippetta (storico, autore del libro)<br \/>\nGiuseppe Salm\u00e8 (gi\u00e0 magistrato)<br \/>\nSimona Maggiorelli (giornalista, direttrice LEFT)<\/p>\n<p><strong>Ore 21:00 Palco\u00a0Concerti<\/strong><br \/>\nCoro Inni e canti di lotta Giovanna Marini diretto da Sandra Cotronei<br \/>\nTraindeville<\/p>\n<p><strong>8 giugno<\/strong><\/p>\n<p><strong>Ore 10:30 Sala Cultura &#8211;<\/strong>\u00a0<strong>Premierato, decreto sicurezza e autonomia: La Costituzione al tempo della crisi della democrazia<\/strong><br \/>\nMorena Terraschi (presidenza ANPI provinciale Roma)<br \/>\nMarina Pierlorenzi (presidente ANPI provinciale Roma)<br \/>\nMarco Fioravanti (Universit\u00e0 Tor Vergata)<br \/>\nRiccardo Sbordoni (ass. Cultura e Memoria Municipio VII)<\/p>\n<p><strong>Ore 12:00 Sala Cultura &#8211;\u00a0I manuali di storia dell\u2019epoca fascista<\/strong><br \/>\nMorena Terraschi (presidenza ANPI provinciale Roma)<br \/>\nLelio La Porta (storico)<\/p>\n<p><strong>Ore 16:30 Sala Cultura &#8211;<\/strong>\u00a0<strong>Periferie. Tra DDL Sicurezza e Decreto Caivano<\/strong><br \/>\nStefano Bonifazi (presidenza ANPI provinciale di Roma)<br \/>\nattivista Quarticciolo Ribelle<br \/>\nMaristella Urru (consigliera Municipio XIII)<br \/>\nAndrea Costa (Baobab Experience)<br \/>\nAlessandro Luparelli (consigliere Roma Capitale)<br \/>\nMarta Bonafoni (consigliera Regione Lazio)<br \/>\nAndrea Criscenti (giornalista LA7)<\/p>\n<p><strong>Ore 18:00 Sala Cultura &#8211;\u00a0Fascisti contro la democrazi<\/strong>a<br \/>\nDavide Conti (storico, vicepresidente ANPI Roma)<br \/>\nIlaria Moroni (direttrice Archivio Flamigni)<br \/>\nDaniela Preziosi (giornalista Domani)<\/p>\n<p><strong>Ore 19:00 Palco &#8211;\u00a0Pace e disarmo<\/strong><br \/>\nMarina Pierlorenzi (presidente ANPI provinciale Roma)<br \/>\nFrancesco Laddaga (presidente Municipio VII)<br \/>\nLinda Meleo (coordinatrice Movimento 5 Stelle Roma)<br \/>\nMauro Coldagelli (segretario Sinistra Italiana Roma)<br \/>\nEnzo Foschi (segretario Partito Democratico Roma)<br \/>\nElena Mazzoni (segretaria Rifondazione Comunista Roma)<br \/>\nAmedeo Ciaccheri (portavoce Sinistra Civica Ecologista Roma)<br \/>\nDon Mattia Ferrari (Mediterranea)<br \/>\nSimona Maggiorelli (giornalista, direttrice LEFT)<\/p>\n<p><strong>Ore 21:00 Palco\u00a0Concerti<\/strong><br \/>\nBandaJorona<br \/>\nRadici nel cemento (DJ set e Showcase)<\/p>\n<p>&nbsp;<\/p>\n","protected":false},"excerpt":{"rendered":"<p>In prossimit\u00e0 dell&#8217;81\u00b0 anniversario della Liberazione di Roma dal nazifascismo (4 giugno 1944) il 6,7 e 8 giugno si svolger\u00e0 a Villa Lazzaroni la 2^ Festa dell&#8217;ANPI provinciale di Roma, con il contributo del VII Municipio e la partecipazione della&hellip;<\/p>\n","protected":false},"author":1721,"featured_media":2608916,"comment_status":"closed","ping_status":"closed","sticky":false,"template":"","format":"standard","meta":{"footnotes":""},"categories":[150,56,47,55],"tags":[137683,6907,20685,4339],"class_list":["post-2608915","post","type-post","status-publish","format-standard","has-post-thumbnail","hentry","category-comunicati-stampa","category-cultura","category-europa","category-politica","tag-2-festa-dellanpi-provinciale-di-roma","tag-concerti","tag-dibattiti","tag-eventi"],"yoast_head":"<!-- This site is optimized with the Yoast SEO plugin v27.1.1 - https:\/\/yoast.com\/product\/yoast-seo-wordpress\/ -->\n<title>6-8 giugno, Festa dell\u2019ANPI provinciale di Roma<\/title>\n<meta name=\"description\" content=\"In prossimit\u00e0 dell&#039;81\u00b0 anniversario della Liberazione di Roma dal nazifascismo (4 giugno 1944) il 6,7 e 8 giugno si svolger\u00e0 a Villa Lazzaroni la 2^ Festa\" \/>\n<meta name=\"robots\" content=\"index, follow, max-snippet:-1, max-image-preview:large, max-video-preview:-1\" \/>\n<link rel=\"canonical\" href=\"https:\/\/www.pressenza.com\/it\/2025\/06\/6-8-giugno-festa-dellanpi-provinciale-di-roma\/\" \/>\n<meta property=\"og:locale\" content=\"it_IT\" \/>\n<meta property=\"og:type\" content=\"article\" \/>\n<meta property=\"og:title\" content=\"6-8 giugno, Festa dell\u2019ANPI provinciale di Roma\" \/>\n<meta property=\"og:description\" content=\"In prossimit\u00e0 dell&#039;81\u00b0 anniversario della Liberazione di Roma dal nazifascismo (4 giugno 1944) il 6,7 e 8 giugno si svolger\u00e0 a Villa Lazzaroni la 2^ Festa\" \/>\n<meta property=\"og:url\" content=\"https:\/\/www.pressenza.com\/it\/2025\/06\/6-8-giugno-festa-dellanpi-provinciale-di-roma\/\" \/>\n<meta property=\"og:site_name\" content=\"Pressenza\" \/>\n<meta property=\"article:publisher\" content=\"https:\/\/www.facebook.com\/PressenzaItalia\" \/>\n<meta property=\"article:published_time\" content=\"2025-06-03T15:55:59+00:00\" \/>\n<meta property=\"article:modified_time\" content=\"2025-06-03T15:58:19+00:00\" \/>\n<meta property=\"og:image\" content=\"https:\/\/www.pressenza.com\/wp-content\/uploads\/2025\/06\/evento-facebook-Anpi-Roma.jpg\" \/>\n\t<meta property=\"og:image:width\" content=\"1920\" \/>\n\t<meta property=\"og:image:height\" content=\"1080\" \/>\n\t<meta property=\"og:image:type\" content=\"image\/jpeg\" \/>\n<meta name=\"author\" content=\"Redazione Roma\" \/>\n<meta name=\"twitter:card\" content=\"summary_large_image\" \/>\n<meta name=\"twitter:creator\" content=\"@PressenzaIPA\" \/>\n<meta name=\"twitter:site\" content=\"@PressenzaIPA\" \/>\n<meta name=\"twitter:label1\" content=\"Scritto da\" \/>\n\t<meta name=\"twitter:data1\" content=\"Redazione Roma\" \/>\n\t<meta name=\"twitter:label2\" content=\"Tempo di lettura stimato\" \/>\n\t<meta name=\"twitter:data2\" content=\"6 minuti\" \/>\n<script type=\"application\/ld+json\" class=\"yoast-schema-graph\">{\"@context\":\"https:\/\/schema.org\",\"@graph\":[{\"@type\":\"Article\",\"@id\":\"https:\/\/www.pressenza.com\/it\/2025\/06\/6-8-giugno-festa-dellanpi-provinciale-di-roma\/#article\",\"isPartOf\":{\"@id\":\"https:\/\/www.pressenza.com\/it\/2025\/06\/6-8-giugno-festa-dellanpi-provinciale-di-roma\/\"},\"author\":{\"name\":\"Redazione Roma\",\"@id\":\"https:\/\/www.pressenza.com\/it\/#\/schema\/person\/81d9a9d9c8aeb2bd63972258ed525d7e\"},\"headline\":\"6-8 giugno, Festa dell\u2019ANPI provinciale di Roma\",\"datePublished\":\"2025-06-03T15:55:59+00:00\",\"dateModified\":\"2025-06-03T15:58:19+00:00\",\"mainEntityOfPage\":{\"@id\":\"https:\/\/www.pressenza.com\/it\/2025\/06\/6-8-giugno-festa-dellanpi-provinciale-di-roma\/\"},\"wordCount\":973,\"publisher\":{\"@id\":\"https:\/\/www.pressenza.com\/it\/#organization\"},\"image\":{\"@id\":\"https:\/\/www.pressenza.com\/it\/2025\/06\/6-8-giugno-festa-dellanpi-provinciale-di-roma\/#primaryimage\"},\"thumbnailUrl\":\"https:\/\/www.pressenza.com\/wp-content\/uploads\/2025\/06\/evento-facebook-Anpi-Roma.jpg\",\"keywords\":[\"2^ Festa dell'ANPI provinciale di Roma\",\"concerti\",\"dibattiti\",\"eventi\"],\"articleSection\":[\"Comunicati Stampa\",\"Cultura e Media\",\"Europa\",\"Politica\"],\"inLanguage\":\"it-IT\"},{\"@type\":\"WebPage\",\"@id\":\"https:\/\/www.pressenza.com\/it\/2025\/06\/6-8-giugno-festa-dellanpi-provinciale-di-roma\/\",\"url\":\"https:\/\/www.pressenza.com\/it\/2025\/06\/6-8-giugno-festa-dellanpi-provinciale-di-roma\/\",\"name\":\"6-8 giugno, Festa dell\u2019ANPI provinciale di Roma\",\"isPartOf\":{\"@id\":\"https:\/\/www.pressenza.com\/it\/#website\"},\"primaryImageOfPage\":{\"@id\":\"https:\/\/www.pressenza.com\/it\/2025\/06\/6-8-giugno-festa-dellanpi-provinciale-di-roma\/#primaryimage\"},\"image\":{\"@id\":\"https:\/\/www.pressenza.com\/it\/2025\/06\/6-8-giugno-festa-dellanpi-provinciale-di-roma\/#primaryimage\"},\"thumbnailUrl\":\"https:\/\/www.pressenza.com\/wp-content\/uploads\/2025\/06\/evento-facebook-Anpi-Roma.jpg\",\"datePublished\":\"2025-06-03T15:55:59+00:00\",\"dateModified\":\"2025-06-03T15:58:19+00:00\",\"description\":\"In prossimit\u00e0 dell'81\u00b0 anniversario della Liberazione di Roma dal nazifascismo (4 giugno 1944) il 6,7 e 8 giugno si svolger\u00e0 a Villa Lazzaroni la 2^ Festa\",\"breadcrumb\":{\"@id\":\"https:\/\/www.pressenza.com\/it\/2025\/06\/6-8-giugno-festa-dellanpi-provinciale-di-roma\/#breadcrumb\"},\"inLanguage\":\"it-IT\",\"potentialAction\":[{\"@type\":\"ReadAction\",\"target\":[\"https:\/\/www.pressenza.com\/it\/2025\/06\/6-8-giugno-festa-dellanpi-provinciale-di-roma\/\"]}]},{\"@type\":\"ImageObject\",\"inLanguage\":\"it-IT\",\"@id\":\"https:\/\/www.pressenza.com\/it\/2025\/06\/6-8-giugno-festa-dellanpi-provinciale-di-roma\/#primaryimage\",\"url\":\"https:\/\/www.pressenza.com\/wp-content\/uploads\/2025\/06\/evento-facebook-Anpi-Roma.jpg\",\"contentUrl\":\"https:\/\/www.pressenza.com\/wp-content\/uploads\/2025\/06\/evento-facebook-Anpi-Roma.jpg\",\"width\":1920,\"height\":1080},{\"@type\":\"BreadcrumbList\",\"@id\":\"https:\/\/www.pressenza.com\/it\/2025\/06\/6-8-giugno-festa-dellanpi-provinciale-di-roma\/#breadcrumb\",\"itemListElement\":[{\"@type\":\"ListItem\",\"position\":1,\"name\":\"Accueil\",\"item\":\"https:\/\/www.pressenza.com\/it\/\"},{\"@type\":\"ListItem\",\"position\":2,\"name\":\"6-8 giugno, Festa dell\u2019ANPI provinciale di Roma\"}]},{\"@type\":\"WebSite\",\"@id\":\"https:\/\/www.pressenza.com\/it\/#website\",\"url\":\"https:\/\/www.pressenza.com\/it\/\",\"name\":\"Pressenza\",\"description\":\"Agenzia di Stampa Internazionale\",\"publisher\":{\"@id\":\"https:\/\/www.pressenza.com\/it\/#organization\"},\"potentialAction\":[{\"@type\":\"SearchAction\",\"target\":{\"@type\":\"EntryPoint\",\"urlTemplate\":\"https:\/\/www.pressenza.com\/it\/?s={search_term_string}\"},\"query-input\":{\"@type\":\"PropertyValueSpecification\",\"valueRequired\":true,\"valueName\":\"search_term_string\"}}],\"inLanguage\":\"it-IT\"},{\"@type\":\"Organization\",\"@id\":\"https:\/\/www.pressenza.com\/it\/#organization\",\"name\":\"Pressenza\",\"url\":\"https:\/\/www.pressenza.com\/it\/\",\"logo\":{\"@type\":\"ImageObject\",\"inLanguage\":\"it-IT\",\"@id\":\"https:\/\/www.pressenza.com\/it\/#\/schema\/logo\/image\/\",\"url\":\"https:\/\/www.pressenza.com\/wp-content\/uploads\/2022\/10\/pressenza_logo_200x200.jpg\",\"contentUrl\":\"https:\/\/www.pressenza.com\/wp-content\/uploads\/2022\/10\/pressenza_logo_200x200.jpg\",\"width\":200,\"height\":200,\"caption\":\"Pressenza\"},\"image\":{\"@id\":\"https:\/\/www.pressenza.com\/it\/#\/schema\/logo\/image\/\"},\"sameAs\":[\"https:\/\/www.facebook.com\/PressenzaItalia\",\"https:\/\/x.com\/PressenzaIPA\"]},{\"@type\":\"Person\",\"@id\":\"https:\/\/www.pressenza.com\/it\/#\/schema\/person\/81d9a9d9c8aeb2bd63972258ed525d7e\",\"name\":\"Redazione Roma\",\"description\":\"News from the Pressenza Bureau in Rome, Italy\",\"url\":\"https:\/\/www.pressenza.com\/it\/author\/redazione-roma\/\"}]}<\/script>\n<!-- \/ Yoast SEO plugin. -->","yoast_head_json":{"title":"6-8 giugno, Festa dell\u2019ANPI provinciale di Roma","description":"In prossimit\u00e0 dell'81\u00b0 anniversario della Liberazione di Roma dal nazifascismo (4 giugno 1944) il 6,7 e 8 giugno si svolger\u00e0 a Villa Lazzaroni la 2^ Festa","robots":{"index":"index","follow":"follow","max-snippet":"max-snippet:-1","max-image-preview":"max-image-preview:large","max-video-preview":"max-video-preview:-1"},"canonical":"https:\/\/www.pressenza.com\/it\/2025\/06\/6-8-giugno-festa-dellanpi-provinciale-di-roma\/","og_locale":"it_IT","og_type":"article","og_title":"6-8 giugno, Festa dell\u2019ANPI provinciale di Roma","og_description":"In prossimit\u00e0 dell'81\u00b0 anniversario della Liberazione di Roma dal nazifascismo (4 giugno 1944) il 6,7 e 8 giugno si svolger\u00e0 a Villa Lazzaroni la 2^ Festa","og_url":"https:\/\/www.pressenza.com\/it\/2025\/06\/6-8-giugno-festa-dellanpi-provinciale-di-roma\/","og_site_name":"Pressenza","article_publisher":"https:\/\/www.facebook.com\/PressenzaItalia","article_published_time":"2025-06-03T15:55:59+00:00","article_modified_time":"2025-06-03T15:58:19+00:00","og_image":[{"width":1920,"height":1080,"url":"https:\/\/www.pressenza.com\/wp-content\/uploads\/2025\/06\/evento-facebook-Anpi-Roma.jpg","type":"image\/jpeg"}],"author":"Redazione Roma","twitter_card":"summary_large_image","twitter_creator":"@PressenzaIPA","twitter_site":"@PressenzaIPA","twitter_misc":{"Scritto da":"Redazione Roma","Tempo di lettura stimato":"6 minuti"},"schema":{"@context":"https:\/\/schema.org","@graph":[{"@type":"Article","@id":"https:\/\/www.pressenza.com\/it\/2025\/06\/6-8-giugno-festa-dellanpi-provinciale-di-roma\/#article","isPartOf":{"@id":"https:\/\/www.pressenza.com\/it\/2025\/06\/6-8-giugno-festa-dellanpi-provinciale-di-roma\/"},"author":{"name":"Redazione Roma","@id":"https:\/\/www.pressenza.com\/it\/#\/schema\/person\/81d9a9d9c8aeb2bd63972258ed525d7e"},"headline":"6-8 giugno, Festa dell\u2019ANPI provinciale di Roma","datePublished":"2025-06-03T15:55:59+00:00","dateModified":"2025-06-03T15:58:19+00:00","mainEntityOfPage":{"@id":"https:\/\/www.pressenza.com\/it\/2025\/06\/6-8-giugno-festa-dellanpi-provinciale-di-roma\/"},"wordCount":973,"publisher":{"@id":"https:\/\/www.pressenza.com\/it\/#organization"},"image":{"@id":"https:\/\/www.pressenza.com\/it\/2025\/06\/6-8-giugno-festa-dellanpi-provinciale-di-roma\/#primaryimage"},"thumbnailUrl":"https:\/\/www.pressenza.com\/wp-content\/uploads\/2025\/06\/evento-facebook-Anpi-Roma.jpg","keywords":["2^ Festa dell'ANPI provinciale di Roma","concerti","dibattiti","eventi"],"articleSection":["Comunicati Stampa","Cultura e Media","Europa","Politica"],"inLanguage":"it-IT"},{"@type":"WebPage","@id":"https:\/\/www.pressenza.com\/it\/2025\/06\/6-8-giugno-festa-dellanpi-provinciale-di-roma\/","url":"https:\/\/www.pressenza.com\/it\/2025\/06\/6-8-giugno-festa-dellanpi-provinciale-di-roma\/","name":"6-8 giugno, Festa dell\u2019ANPI provinciale di Roma","isPartOf":{"@id":"https:\/\/www.pressenza.com\/it\/#website"},"primaryImageOfPage":{"@id":"https:\/\/www.pressenza.com\/it\/2025\/06\/6-8-giugno-festa-dellanpi-provinciale-di-roma\/#primaryimage"},"image":{"@id":"https:\/\/www.pressenza.com\/it\/2025\/06\/6-8-giugno-festa-dellanpi-provinciale-di-roma\/#primaryimage"},"thumbnailUrl":"https:\/\/www.pressenza.com\/wp-content\/uploads\/2025\/06\/evento-facebook-Anpi-Roma.jpg","datePublished":"2025-06-03T15:55:59+00:00","dateModified":"2025-06-03T15:58:19+00:00","description":"In prossimit\u00e0 dell'81\u00b0 anniversario della Liberazione di Roma dal nazifascismo (4 giugno 1944) il 6,7 e 8 giugno si svolger\u00e0 a Villa Lazzaroni la 2^ Festa","breadcrumb":{"@id":"https:\/\/www.pressenza.com\/it\/2025\/06\/6-8-giugno-festa-dellanpi-provinciale-di-roma\/#breadcrumb"},"inLanguage":"it-IT","potentialAction":[{"@type":"ReadAction","target":["https:\/\/www.pressenza.com\/it\/2025\/06\/6-8-giugno-festa-dellanpi-provinciale-di-roma\/"]}]},{"@type":"ImageObject","inLanguage":"it-IT","@id":"https:\/\/www.pressenza.com\/it\/2025\/06\/6-8-giugno-festa-dellanpi-provinciale-di-roma\/#primaryimage","url":"https:\/\/www.pressenza.com\/wp-content\/uploads\/2025\/06\/evento-facebook-Anpi-Roma.jpg","contentUrl":"https:\/\/www.pressenza.com\/wp-content\/uploads\/2025\/06\/evento-facebook-Anpi-Roma.jpg","width":1920,"height":1080},{"@type":"BreadcrumbList","@id":"https:\/\/www.pressenza.com\/it\/2025\/06\/6-8-giugno-festa-dellanpi-provinciale-di-roma\/#breadcrumb","itemListElement":[{"@type":"ListItem","position":1,"name":"Accueil","item":"https:\/\/www.pressenza.com\/it\/"},{"@type":"ListItem","position":2,"name":"6-8 giugno, Festa dell\u2019ANPI provinciale di Roma"}]},{"@type":"WebSite","@id":"https:\/\/www.pressenza.com\/it\/#website","url":"https:\/\/www.pressenza.com\/it\/","name":"Pressenza","description":"Agenzia di Stampa Internazionale","publisher":{"@id":"https:\/\/www.pressenza.com\/it\/#organization"},"potentialAction":[{"@type":"SearchAction","target":{"@type":"EntryPoint","urlTemplate":"https:\/\/www.pressenza.com\/it\/?s={search_term_string}"},"query-input":{"@type":"PropertyValueSpecification","valueRequired":true,"valueName":"search_term_string"}}],"inLanguage":"it-IT"},{"@type":"Organization","@id":"https:\/\/www.pressenza.com\/it\/#organization","name":"Pressenza","url":"https:\/\/www.pressenza.com\/it\/","logo":{"@type":"ImageObject","inLanguage":"it-IT","@id":"https:\/\/www.pressenza.com\/it\/#\/schema\/logo\/image\/","url":"https:\/\/www.pressenza.com\/wp-content\/uploads\/2022\/10\/pressenza_logo_200x200.jpg","contentUrl":"https:\/\/www.pressenza.com\/wp-content\/uploads\/2022\/10\/pressenza_logo_200x200.jpg","width":200,"height":200,"caption":"Pressenza"},"image":{"@id":"https:\/\/www.pressenza.com\/it\/#\/schema\/logo\/image\/"},"sameAs":["https:\/\/www.facebook.com\/PressenzaItalia","https:\/\/x.com\/PressenzaIPA"]},{"@type":"Person","@id":"https:\/\/www.pressenza.com\/it\/#\/schema\/person\/81d9a9d9c8aeb2bd63972258ed525d7e","name":"Redazione Roma","description":"News from the Pressenza Bureau in Rome, Italy","url":"https:\/\/www.pressenza.com\/it\/author\/redazione-roma\/"}]}},"place":"","original_article_url":"","_links":{"self":[{"href":"https:\/\/www.pressenza.com\/it\/wp-json\/wp\/v2\/posts\/2608915","targetHints":{"allow":["GET"]}}],"collection":[{"href":"https:\/\/www.pressenza.com\/it\/wp-json\/wp\/v2\/posts"}],"about":[{"href":"https:\/\/www.pressenza.com\/it\/wp-json\/wp\/v2\/types\/post"}],"author":[{"embeddable":true,"href":"https:\/\/www.pressenza.com\/it\/wp-json\/wp\/v2\/users\/1721"}],"replies":[{"embeddable":true,"href":"https:\/\/www.pressenza.com\/it\/wp-json\/wp\/v2\/comments?post=2608915"}],"version-history":[{"count":3,"href":"https:\/\/www.pressenza.com\/it\/wp-json\/wp\/v2\/posts\/2608915\/revisions"}],"predecessor-version":[{"id":2608919,"href":"https:\/\/www.pressenza.com\/it\/wp-json\/wp\/v2\/posts\/2608915\/revisions\/2608919"}],"wp:featuredmedia":[{"embeddable":true,"href":"https:\/\/www.pressenza.com\/it\/wp-json\/wp\/v2\/media\/2608916"}],"wp:attachment":[{"href":"https:\/\/www.pressenza.com\/it\/wp-json\/wp\/v2\/media?parent=2608915"}],"wp:term":[{"taxonomy":"category","embeddable":true,"href":"https:\/\/www.pressenza.com\/it\/wp-json\/wp\/v2\/categories?post=2608915"},{"taxonomy":"post_tag","embeddable":true,"href":"https:\/\/www.pressenza.com\/it\/wp-json\/wp\/v2\/tags?post=2608915"}],"curies":[{"name":"wp","href":"https:\/\/api.w.org\/{rel}","templated":true}]}}