{"id":2608775,"date":"2025-06-03T07:01:34","date_gmt":"2025-06-03T06:01:34","guid":{"rendered":"https:\/\/www.pressenza.com\/?p=2608775"},"modified":"2025-06-03T07:01:34","modified_gmt":"2025-06-03T06:01:34","slug":"2-giugno-parata-militare-e-popolo-assente","status":"publish","type":"post","link":"https:\/\/www.pressenza.com\/it\/2025\/06\/2-giugno-parata-militare-e-popolo-assente\/","title":{"rendered":"2 Giugno, parata militare e popolo assente"},"content":{"rendered":"<p>Mentre le Forze Armate sfilavano a Trapani, come ogni 2 giugno, in piazza Vittorio Veneto per celebrare la nascita della Repubblica Italiana, il collettivo\u00a0<em>Sinistra Libertaria<\/em>\u00a0ha organizzato un presidio di protesta. Al centro della contestazione:\u00a0<strong>la presenza esclusiva dei militari nelle cerimonie ufficiali e la scelta del governo di continuare a finanziare la guerra<\/strong>.<\/p>\n<p>\u00abOggi in piazza non c\u2019era il Popolo. Solo militari e autorit\u00e0. Ma\u00a0<strong><a title=\"Trapani, 2 giugno: Un presidio contro le guerre e la Nato\" href=\"https:\/\/www.sinistralibertaria.it\/trapani-2-giugno-presidio-contro-guerre-nato\/\">la Repubblica l\u2019ha scelta il Popolo col voto del 1946<\/a><\/strong>\u00bb ha dichiarato Natale Salvo, portavoce del collettivo. \u00abNon sfilano mai i medici, gli insegnanti, gli operai, i contadini. Non sfilano quelli che mandano avanti davvero l\u2019Italia\u00bb.<\/p>\n<p>Nei pressi dello striscione esposto dal collettivo, c\u2019erano anche alcune\u00a0<strong>bandiere palestinesi<\/strong>. Una piccola delegazione di\u00a0<em>Rifondazione Comunista<\/em>, arrivata da Marsala, e docenti del sindacato\u00a0<em>Cub Scuola<\/em>\u00a0hanno voluto ricordare<strong>\u00a0il genocidio in corso a Gaza<\/strong>\u00a0e denunciare<strong>\u00a0le spese militari crescenti mentre la scuola, la sanit\u00e0 e il lavoro vengono lasciati indietro.<\/strong><\/p>\n<p>\u00abMentre il governo invia armi all\u2019Ucraina e a Israele \u2013 ha aggiunto Salvo \u2013 noi ricordiamo che\u00a0<strong>l\u2019articolo 11 della Costituzione<\/strong>\u00a0dice che\u00a0<em>\u201cl\u2019Italia ripudia la guerra come mezzo di risoluzione delle controversie internazionali\u201d<\/em>. Questo principio oggi viene ignorato\u00bb.<\/p>\n<h2 class=\"wp-block-heading\"><strong>2 giugno, Sinistra Libertaria: No eserciti, no armi, no Nato<\/strong><\/h2>\n<p>Il presidio ha voluto anche lanciare un messaggio chiaro contro\u00a0<strong><a title=\"lo spreco di denaro pubblico in armamenti\" href=\"https:\/\/www.fronteampio.it\/riarmo-ue-su-dati-gonfiati-cosa-non-torna-nel-piano-von-der-leyen\/\">lo spreco di denaro pubblico in armamenti<\/a><\/strong>, in un Paese dove:<\/p>\n<ul class=\"wp-block-list\">\n<li><strong>pi\u00f9 di 150.000 insegnanti sono ancora precari<\/strong>,<\/li>\n<li><strong>milioni di lavoratori ricevono\u00a0<a title=\"meno di 10 euro l\u2019ora per la propria opera\" href=\"https:\/\/www.fronteampio.it\/salario-minimo-la-finta-guerra-tra-destra-e-finta-sinistra\/\">meno di 10 euro l\u2019ora per la propria opera<\/a><\/strong>,<\/li>\n<li><strong>le liste d\u2019attesa per una visita medica diventano sempre pi\u00f9 lunghe<\/strong>.<\/li>\n<\/ul>\n<p>Sul quotidiano\u00a0<em>Domani<\/em>, l\u2019antropologo torinese\u00a0<strong>Marco Aime<\/strong>\u00a0ha criticato il tono della celebrazione ufficiale: \u00abUn conto \u00e8 prevedere un corpo di difesa, un altro \u00e8 celebrarlo come centralit\u00e0 della Repubblica, come si pu\u00f2 evincere dalla manifestazione del 2 giugno. Una centralit\u00e0 e una dichiarazione di superiorit\u00e0 rispetto alle altre categorie\u00bb\u00a0<strong>[1].<\/strong><\/p>\n<p>Aime ha poi proposto: \u00ab<strong>Facciamo sfilare i militari, s\u00ec, anche loro, ma disarmati. Con la bandiera della pace.\u00a0<\/strong>La troppa ufficialit\u00e0 relega la commemorazione a un affare di stato e\u00a0<strong>la presenza di soli corpi militari non avvicina certo quello Stato alla gente<\/strong>\u00bb.<\/p>\n<p>In molti, al presidio, hanno condiviso queste parole. Esprimevano rabbia per le priorit\u00e0 del governo: carri armati e missili, strumenti di morte, mentre mancano i soldi per i servizi pubblici, strumenti di vita.<\/p>\n<p>Il\u00a0<strong>Presidente della Repubblica Sergio Mattarella<\/strong>, come a rispondere negativamente all\u2019appello di Marco Aime, ha celebrato il 2 giugno con due deludenti messaggi ufficiali. Il primo rivolto alle Forze Armate, per il loro \u00abcontributo alla cornice di sicurezza in Italia\u00bb<strong>\u00a0[2]<\/strong>; il secondo al ministro della Difesa, per \u00abl\u2019immagine offerta dai reparti nella tradizionale rassegna militare\u00bb<strong>\u00a0[3]<\/strong>. \u00abNessuna parola \u00e8 stata rivolta ai cittadini e ai lavoratori, a testimoniare<strong>\u00a0la lontananza dello Stato dal Popolo<\/strong>\u00bb, chiosa Natale Salvo.<\/p>\n<p>\u2014<\/p>\n<h2 class=\"wp-block-heading\"><strong>Fonti e Note:<\/strong><\/h2>\n<p><strong>[1]<\/strong>\u00a0<a href=\"https:\/\/www.editorialedomani.it\/politica\/italia\/non-solo-militari-il-2-giugno-sfilino-anche-medici-insegnanti-e-operai-wn9hrzva\"><strong>Domani<\/strong><\/a>, 30 maggio 2025, \u201cNon solo militari. Il 2 giugno sfilino anche medici, insegnanti e operai\u201d.<\/p>\n<p><strong>[2]\u00a0<\/strong><a href=\"https:\/\/www.quirinale.it\/elementi\/133299\"><strong>Quirinale<\/strong><\/a>, 2 giugno 2025, \u201cMessaggio del Presidente Mattarella alle Forze Armate in occasione del 79\u00b0 anniversario della Repubblica Italiana\u201d.<\/p>\n<p><strong>[3]\u00a0<\/strong><a href=\"https:\/\/www.quirinale.it\/elementi\/133306\"><strong>Quirinale<\/strong><\/a>, 2 giugno 2025, \u201cMessaggio del Presidente Mattarella al Ministro della Difesa Crosetto al termine della Rivista Militare\u201d.<\/p>\n","protected":false},"excerpt":{"rendered":"<p>Mentre le Forze Armate sfilavano a Trapani, come ogni 2 giugno, in piazza Vittorio Veneto per celebrare la nascita della Repubblica Italiana, il collettivo\u00a0Sinistra Libertaria\u00a0ha organizzato un presidio di protesta. Al centro della contestazione:\u00a0la presenza esclusiva dei militari nelle cerimonie&hellip;<\/p>\n","protected":false},"author":2309,"featured_media":2608777,"comment_status":"closed","ping_status":"closed","sticky":false,"template":"","format":"standard","meta":{"footnotes":""},"categories":[150,1263],"tags":[],"class_list":["post-2608775","post","type-post","status-publish","format-standard","has-post-thumbnail","hentry","category-comunicati-stampa","category-pace-disarmo"],"yoast_head":"<!-- This site is optimized with the Yoast SEO plugin v27.1.1 - https:\/\/yoast.com\/product\/yoast-seo-wordpress\/ -->\n<title>2 Giugno, parata militare e popolo assente<\/title>\n<meta name=\"description\" content=\"Mentre le Forze Armate sfilavano a Trapani, come ogni 2 giugno, in piazza Vittorio Veneto per celebrare la nascita della Repubblica Italiana, il\" \/>\n<meta name=\"robots\" content=\"index, follow, max-snippet:-1, max-image-preview:large, max-video-preview:-1\" \/>\n<link rel=\"canonical\" href=\"https:\/\/www.pressenza.com\/it\/2025\/06\/2-giugno-parata-militare-e-popolo-assente\/\" \/>\n<meta property=\"og:locale\" content=\"it_IT\" \/>\n<meta property=\"og:type\" content=\"article\" \/>\n<meta property=\"og:title\" content=\"2 Giugno, parata militare e popolo assente\" \/>\n<meta property=\"og:description\" content=\"Mentre le Forze Armate sfilavano a Trapani, come ogni 2 giugno, in piazza Vittorio Veneto per celebrare la nascita della Repubblica Italiana, il\" \/>\n<meta property=\"og:url\" content=\"https:\/\/www.pressenza.com\/it\/2025\/06\/2-giugno-parata-militare-e-popolo-assente\/\" \/>\n<meta property=\"og:site_name\" content=\"Pressenza\" \/>\n<meta property=\"article:publisher\" content=\"https:\/\/www.facebook.com\/PressenzaItalia\" \/>\n<meta property=\"article:published_time\" content=\"2025-06-03T06:01:34+00:00\" \/>\n<meta property=\"og:image\" content=\"https:\/\/www.pressenza.com\/wp-content\/uploads\/2025\/06\/Manifestazione-2-giugno.jpg\" \/>\n\t<meta property=\"og:image:width\" content=\"1000\" \/>\n\t<meta property=\"og:image:height\" content=\"897\" \/>\n\t<meta property=\"og:image:type\" content=\"image\/jpeg\" \/>\n<meta name=\"author\" content=\"Redazione Trapani\" \/>\n<meta name=\"twitter:card\" content=\"summary_large_image\" \/>\n<meta name=\"twitter:creator\" content=\"@PressenzaIPA\" \/>\n<meta name=\"twitter:site\" content=\"@PressenzaIPA\" \/>\n<meta name=\"twitter:label1\" content=\"Scritto da\" \/>\n\t<meta name=\"twitter:data1\" content=\"Redazione Trapani\" \/>\n\t<meta name=\"twitter:label2\" content=\"Tempo di lettura stimato\" \/>\n\t<meta name=\"twitter:data2\" content=\"3 minuti\" \/>\n<script type=\"application\/ld+json\" class=\"yoast-schema-graph\">{\"@context\":\"https:\/\/schema.org\",\"@graph\":[{\"@type\":\"Article\",\"@id\":\"https:\/\/www.pressenza.com\/it\/2025\/06\/2-giugno-parata-militare-e-popolo-assente\/#article\",\"isPartOf\":{\"@id\":\"https:\/\/www.pressenza.com\/it\/2025\/06\/2-giugno-parata-militare-e-popolo-assente\/\"},\"author\":{\"name\":\"Redazione Trapani\",\"@id\":\"https:\/\/www.pressenza.com\/it\/#\/schema\/person\/8c49b38d40b9a93d4fc737dc63a1232b\"},\"headline\":\"2 Giugno, parata militare e popolo assente\",\"datePublished\":\"2025-06-03T06:01:34+00:00\",\"mainEntityOfPage\":{\"@id\":\"https:\/\/www.pressenza.com\/it\/2025\/06\/2-giugno-parata-militare-e-popolo-assente\/\"},\"wordCount\":512,\"publisher\":{\"@id\":\"https:\/\/www.pressenza.com\/it\/#organization\"},\"image\":{\"@id\":\"https:\/\/www.pressenza.com\/it\/2025\/06\/2-giugno-parata-militare-e-popolo-assente\/#primaryimage\"},\"thumbnailUrl\":\"https:\/\/www.pressenza.com\/wp-content\/uploads\/2025\/06\/Manifestazione-2-giugno.jpg\",\"articleSection\":[\"Comunicati Stampa\",\"Pace e Disarmo\"],\"inLanguage\":\"it-IT\"},{\"@type\":\"WebPage\",\"@id\":\"https:\/\/www.pressenza.com\/it\/2025\/06\/2-giugno-parata-militare-e-popolo-assente\/\",\"url\":\"https:\/\/www.pressenza.com\/it\/2025\/06\/2-giugno-parata-militare-e-popolo-assente\/\",\"name\":\"2 Giugno, parata militare e popolo assente\",\"isPartOf\":{\"@id\":\"https:\/\/www.pressenza.com\/it\/#website\"},\"primaryImageOfPage\":{\"@id\":\"https:\/\/www.pressenza.com\/it\/2025\/06\/2-giugno-parata-militare-e-popolo-assente\/#primaryimage\"},\"image\":{\"@id\":\"https:\/\/www.pressenza.com\/it\/2025\/06\/2-giugno-parata-militare-e-popolo-assente\/#primaryimage\"},\"thumbnailUrl\":\"https:\/\/www.pressenza.com\/wp-content\/uploads\/2025\/06\/Manifestazione-2-giugno.jpg\",\"datePublished\":\"2025-06-03T06:01:34+00:00\",\"description\":\"Mentre le Forze Armate sfilavano a Trapani, come ogni 2 giugno, in piazza Vittorio Veneto per celebrare la nascita della Repubblica Italiana, il\",\"breadcrumb\":{\"@id\":\"https:\/\/www.pressenza.com\/it\/2025\/06\/2-giugno-parata-militare-e-popolo-assente\/#breadcrumb\"},\"inLanguage\":\"it-IT\",\"potentialAction\":[{\"@type\":\"ReadAction\",\"target\":[\"https:\/\/www.pressenza.com\/it\/2025\/06\/2-giugno-parata-militare-e-popolo-assente\/\"]}]},{\"@type\":\"ImageObject\",\"inLanguage\":\"it-IT\",\"@id\":\"https:\/\/www.pressenza.com\/it\/2025\/06\/2-giugno-parata-militare-e-popolo-assente\/#primaryimage\",\"url\":\"https:\/\/www.pressenza.com\/wp-content\/uploads\/2025\/06\/Manifestazione-2-giugno.jpg\",\"contentUrl\":\"https:\/\/www.pressenza.com\/wp-content\/uploads\/2025\/06\/Manifestazione-2-giugno.jpg\",\"width\":1000,\"height\":897,\"caption\":\"Manifestazione 2 giugno\"},{\"@type\":\"BreadcrumbList\",\"@id\":\"https:\/\/www.pressenza.com\/it\/2025\/06\/2-giugno-parata-militare-e-popolo-assente\/#breadcrumb\",\"itemListElement\":[{\"@type\":\"ListItem\",\"position\":1,\"name\":\"Accueil\",\"item\":\"https:\/\/www.pressenza.com\/it\/\"},{\"@type\":\"ListItem\",\"position\":2,\"name\":\"2 Giugno, parata militare e popolo assente\"}]},{\"@type\":\"WebSite\",\"@id\":\"https:\/\/www.pressenza.com\/it\/#website\",\"url\":\"https:\/\/www.pressenza.com\/it\/\",\"name\":\"Pressenza\",\"description\":\"Agenzia di Stampa Internazionale\",\"publisher\":{\"@id\":\"https:\/\/www.pressenza.com\/it\/#organization\"},\"potentialAction\":[{\"@type\":\"SearchAction\",\"target\":{\"@type\":\"EntryPoint\",\"urlTemplate\":\"https:\/\/www.pressenza.com\/it\/?s={search_term_string}\"},\"query-input\":{\"@type\":\"PropertyValueSpecification\",\"valueRequired\":true,\"valueName\":\"search_term_string\"}}],\"inLanguage\":\"it-IT\"},{\"@type\":\"Organization\",\"@id\":\"https:\/\/www.pressenza.com\/it\/#organization\",\"name\":\"Pressenza\",\"url\":\"https:\/\/www.pressenza.com\/it\/\",\"logo\":{\"@type\":\"ImageObject\",\"inLanguage\":\"it-IT\",\"@id\":\"https:\/\/www.pressenza.com\/it\/#\/schema\/logo\/image\/\",\"url\":\"https:\/\/www.pressenza.com\/wp-content\/uploads\/2022\/10\/pressenza_logo_200x200.jpg\",\"contentUrl\":\"https:\/\/www.pressenza.com\/wp-content\/uploads\/2022\/10\/pressenza_logo_200x200.jpg\",\"width\":200,\"height\":200,\"caption\":\"Pressenza\"},\"image\":{\"@id\":\"https:\/\/www.pressenza.com\/it\/#\/schema\/logo\/image\/\"},\"sameAs\":[\"https:\/\/www.facebook.com\/PressenzaItalia\",\"https:\/\/x.com\/PressenzaIPA\"]},{\"@type\":\"Person\",\"@id\":\"https:\/\/www.pressenza.com\/it\/#\/schema\/person\/8c49b38d40b9a93d4fc737dc63a1232b\",\"name\":\"Redazione Trapani\",\"description\":\"News from the Pressenza Bureau in Trapani, Italy\",\"url\":\"https:\/\/www.pressenza.com\/it\/author\/redazione-trapani\/\"}]}<\/script>\n<!-- \/ Yoast SEO plugin. -->","yoast_head_json":{"title":"2 Giugno, parata militare e popolo assente","description":"Mentre le Forze Armate sfilavano a Trapani, come ogni 2 giugno, in piazza Vittorio Veneto per celebrare la nascita della Repubblica Italiana, il","robots":{"index":"index","follow":"follow","max-snippet":"max-snippet:-1","max-image-preview":"max-image-preview:large","max-video-preview":"max-video-preview:-1"},"canonical":"https:\/\/www.pressenza.com\/it\/2025\/06\/2-giugno-parata-militare-e-popolo-assente\/","og_locale":"it_IT","og_type":"article","og_title":"2 Giugno, parata militare e popolo assente","og_description":"Mentre le Forze Armate sfilavano a Trapani, come ogni 2 giugno, in piazza Vittorio Veneto per celebrare la nascita della Repubblica Italiana, il","og_url":"https:\/\/www.pressenza.com\/it\/2025\/06\/2-giugno-parata-militare-e-popolo-assente\/","og_site_name":"Pressenza","article_publisher":"https:\/\/www.facebook.com\/PressenzaItalia","article_published_time":"2025-06-03T06:01:34+00:00","og_image":[{"width":1000,"height":897,"url":"https:\/\/www.pressenza.com\/wp-content\/uploads\/2025\/06\/Manifestazione-2-giugno.jpg","type":"image\/jpeg"}],"author":"Redazione Trapani","twitter_card":"summary_large_image","twitter_creator":"@PressenzaIPA","twitter_site":"@PressenzaIPA","twitter_misc":{"Scritto da":"Redazione Trapani","Tempo di lettura stimato":"3 minuti"},"schema":{"@context":"https:\/\/schema.org","@graph":[{"@type":"Article","@id":"https:\/\/www.pressenza.com\/it\/2025\/06\/2-giugno-parata-militare-e-popolo-assente\/#article","isPartOf":{"@id":"https:\/\/www.pressenza.com\/it\/2025\/06\/2-giugno-parata-militare-e-popolo-assente\/"},"author":{"name":"Redazione Trapani","@id":"https:\/\/www.pressenza.com\/it\/#\/schema\/person\/8c49b38d40b9a93d4fc737dc63a1232b"},"headline":"2 Giugno, parata militare e popolo assente","datePublished":"2025-06-03T06:01:34+00:00","mainEntityOfPage":{"@id":"https:\/\/www.pressenza.com\/it\/2025\/06\/2-giugno-parata-militare-e-popolo-assente\/"},"wordCount":512,"publisher":{"@id":"https:\/\/www.pressenza.com\/it\/#organization"},"image":{"@id":"https:\/\/www.pressenza.com\/it\/2025\/06\/2-giugno-parata-militare-e-popolo-assente\/#primaryimage"},"thumbnailUrl":"https:\/\/www.pressenza.com\/wp-content\/uploads\/2025\/06\/Manifestazione-2-giugno.jpg","articleSection":["Comunicati Stampa","Pace e Disarmo"],"inLanguage":"it-IT"},{"@type":"WebPage","@id":"https:\/\/www.pressenza.com\/it\/2025\/06\/2-giugno-parata-militare-e-popolo-assente\/","url":"https:\/\/www.pressenza.com\/it\/2025\/06\/2-giugno-parata-militare-e-popolo-assente\/","name":"2 Giugno, parata militare e popolo assente","isPartOf":{"@id":"https:\/\/www.pressenza.com\/it\/#website"},"primaryImageOfPage":{"@id":"https:\/\/www.pressenza.com\/it\/2025\/06\/2-giugno-parata-militare-e-popolo-assente\/#primaryimage"},"image":{"@id":"https:\/\/www.pressenza.com\/it\/2025\/06\/2-giugno-parata-militare-e-popolo-assente\/#primaryimage"},"thumbnailUrl":"https:\/\/www.pressenza.com\/wp-content\/uploads\/2025\/06\/Manifestazione-2-giugno.jpg","datePublished":"2025-06-03T06:01:34+00:00","description":"Mentre le Forze Armate sfilavano a Trapani, come ogni 2 giugno, in piazza Vittorio Veneto per celebrare la nascita della Repubblica Italiana, il","breadcrumb":{"@id":"https:\/\/www.pressenza.com\/it\/2025\/06\/2-giugno-parata-militare-e-popolo-assente\/#breadcrumb"},"inLanguage":"it-IT","potentialAction":[{"@type":"ReadAction","target":["https:\/\/www.pressenza.com\/it\/2025\/06\/2-giugno-parata-militare-e-popolo-assente\/"]}]},{"@type":"ImageObject","inLanguage":"it-IT","@id":"https:\/\/www.pressenza.com\/it\/2025\/06\/2-giugno-parata-militare-e-popolo-assente\/#primaryimage","url":"https:\/\/www.pressenza.com\/wp-content\/uploads\/2025\/06\/Manifestazione-2-giugno.jpg","contentUrl":"https:\/\/www.pressenza.com\/wp-content\/uploads\/2025\/06\/Manifestazione-2-giugno.jpg","width":1000,"height":897,"caption":"Manifestazione 2 giugno"},{"@type":"BreadcrumbList","@id":"https:\/\/www.pressenza.com\/it\/2025\/06\/2-giugno-parata-militare-e-popolo-assente\/#breadcrumb","itemListElement":[{"@type":"ListItem","position":1,"name":"Accueil","item":"https:\/\/www.pressenza.com\/it\/"},{"@type":"ListItem","position":2,"name":"2 Giugno, parata militare e popolo assente"}]},{"@type":"WebSite","@id":"https:\/\/www.pressenza.com\/it\/#website","url":"https:\/\/www.pressenza.com\/it\/","name":"Pressenza","description":"Agenzia di Stampa Internazionale","publisher":{"@id":"https:\/\/www.pressenza.com\/it\/#organization"},"potentialAction":[{"@type":"SearchAction","target":{"@type":"EntryPoint","urlTemplate":"https:\/\/www.pressenza.com\/it\/?s={search_term_string}"},"query-input":{"@type":"PropertyValueSpecification","valueRequired":true,"valueName":"search_term_string"}}],"inLanguage":"it-IT"},{"@type":"Organization","@id":"https:\/\/www.pressenza.com\/it\/#organization","name":"Pressenza","url":"https:\/\/www.pressenza.com\/it\/","logo":{"@type":"ImageObject","inLanguage":"it-IT","@id":"https:\/\/www.pressenza.com\/it\/#\/schema\/logo\/image\/","url":"https:\/\/www.pressenza.com\/wp-content\/uploads\/2022\/10\/pressenza_logo_200x200.jpg","contentUrl":"https:\/\/www.pressenza.com\/wp-content\/uploads\/2022\/10\/pressenza_logo_200x200.jpg","width":200,"height":200,"caption":"Pressenza"},"image":{"@id":"https:\/\/www.pressenza.com\/it\/#\/schema\/logo\/image\/"},"sameAs":["https:\/\/www.facebook.com\/PressenzaItalia","https:\/\/x.com\/PressenzaIPA"]},{"@type":"Person","@id":"https:\/\/www.pressenza.com\/it\/#\/schema\/person\/8c49b38d40b9a93d4fc737dc63a1232b","name":"Redazione Trapani","description":"News from the Pressenza Bureau in Trapani, Italy","url":"https:\/\/www.pressenza.com\/it\/author\/redazione-trapani\/"}]}},"place":"Trapani","original_article_url":"https:\/\/www.sinistralibertaria.it\/2-giugno-parata-militare-popolo-assente\/","_links":{"self":[{"href":"https:\/\/www.pressenza.com\/it\/wp-json\/wp\/v2\/posts\/2608775","targetHints":{"allow":["GET"]}}],"collection":[{"href":"https:\/\/www.pressenza.com\/it\/wp-json\/wp\/v2\/posts"}],"about":[{"href":"https:\/\/www.pressenza.com\/it\/wp-json\/wp\/v2\/types\/post"}],"author":[{"embeddable":true,"href":"https:\/\/www.pressenza.com\/it\/wp-json\/wp\/v2\/users\/2309"}],"replies":[{"embeddable":true,"href":"https:\/\/www.pressenza.com\/it\/wp-json\/wp\/v2\/comments?post=2608775"}],"version-history":[{"count":1,"href":"https:\/\/www.pressenza.com\/it\/wp-json\/wp\/v2\/posts\/2608775\/revisions"}],"predecessor-version":[{"id":2608778,"href":"https:\/\/www.pressenza.com\/it\/wp-json\/wp\/v2\/posts\/2608775\/revisions\/2608778"}],"wp:featuredmedia":[{"embeddable":true,"href":"https:\/\/www.pressenza.com\/it\/wp-json\/wp\/v2\/media\/2608777"}],"wp:attachment":[{"href":"https:\/\/www.pressenza.com\/it\/wp-json\/wp\/v2\/media?parent=2608775"}],"wp:term":[{"taxonomy":"category","embeddable":true,"href":"https:\/\/www.pressenza.com\/it\/wp-json\/wp\/v2\/categories?post=2608775"},{"taxonomy":"post_tag","embeddable":true,"href":"https:\/\/www.pressenza.com\/it\/wp-json\/wp\/v2\/tags?post=2608775"}],"curies":[{"name":"wp","href":"https:\/\/api.w.org\/{rel}","templated":true}]}}