{"id":2607091,"date":"2025-05-25T16:08:02","date_gmt":"2025-05-25T15:08:02","guid":{"rendered":"https:\/\/www.pressenza.com\/?p=2607091"},"modified":"2025-05-26T07:31:58","modified_gmt":"2025-05-26T06:31:58","slug":"il-24-maggio-50-000-sudari-per-gaza-palermo-si-veste-di-bianco","status":"publish","type":"post","link":"https:\/\/www.pressenza.com\/it\/2025\/05\/il-24-maggio-50-000-sudari-per-gaza-palermo-si-veste-di-bianco\/","title":{"rendered":"\u201cIl 24 maggio, 50.000 sudari per Gaza&#8221;: Palermo si veste di bianco"},"content":{"rendered":"<p>Ieri 24 maggio anche Piazza Politeama si \u00e8 vestita di bianco, rispondendo all\u2019appello \u201cIl 24 maggio, 50.000 sudari per Gaza&#8221; con cui Tomaso Montanari, rettore dell\u2019Universit\u00e0 per stranieri di Siena, e Paola Caridi, giornalista, hanno invitato \u201cogni citt\u00e0, paese, contrada d\u2019Italia\u201d a esporre nella giornata del sabato, 24 maggio, su finestre e balconi, un sudario, simbolo di morte, ma anche \u201cgesto estremo di cura, di pietas\u201d, per ricordare i morti di Gaza, \u201ci corpi che il mondo non vuole vedere\u201d, affinch\u00e9 non vengano dimenticati, obliati dal silenzio colpevole dei governi, degli stessi partiti, dei media e possano dunque avere voce grazie alle parole e ai gesti di ogni singolo individuo e alla memoria agita come atto di denuncia civile.<\/p>\n<p>\u201c\u00c8 un piccolo segno &#8211; spiega Montanari &#8211; che chiunque pu\u00f2 fare, anche chi non pu\u00f2 uscire di casa&#8230; A cosa serve? A prendere la parola in pubblico, a far sentire un peso crescente sulla coscienza di chi ci governa. Perch\u00e9 chi ci governa con il suo silenzio ha le mani sporche di sangue\u201d.<\/p>\n<p>Questo gesto simbolico, evocativo, potente, \u00e8 stato fatto proprio dal Presidio donne per la pace di Palermo, nell\u2019ambito delle proprie iniziative, organizzate mensilmente dal 24 febbraio 2022, contro tutte le guerre, e dallo stesso rilanciato nel documento di adesione all\u2019appello, inteso come \u201c un atto di memoria e di lutto collettivo, per trasformare il silenzio dell&#8217;indifferenza in un coro di voci che onorano le vittime; una denuncia radicale del genocidio, per rendere visibile l&#8217;orrore che si tenta di nascondere e smascherare la complicit\u00e0 e l&#8217;inerzia dei potenti; un impegno per la nonviolenza e la pace, per affermare con forza che la vita deve prevalere sulla morte, la cura sulla distruzione\u201d.<\/p>\n<p>Piazza Politeama, cuore pulsante e luogo di incontro di Palermo, ha cos\u00ec accolto molte centinaia di cittadine e cittadini che hanno risposto sentitamente alla chiamata, convergendo in piazza, come una marea placida e silenziosa, una comunit\u00e0 partecipe nel silenzio del dolore per la tragedia immane che si sta consumando e fortemente determinata a lasciare traccia di s\u00e9 sul selciato della piazza con un proprio drappo bianco, un fiore, o le parole vergate su un foglio, in un mosaico di tessere lattee che ha tracciato i confini di uno spazio improvvisamente divenuto sacro.<\/p>\n<p>L\u2019eco dell\u2019orrore che si sta consumando a Gaza riecheggia negli interventi di coloro che si alternano al microfono con dolore, rabbia, sgomento, determinazione; viene data voce ai versi vivi e vibranti del poeta Refaat Alareer, scrittore e professore universitario palestinese, ucciso dai bombardamenti israeliani, che chiede nella sua ultima struggente poesia, quasi un testamento spirituale, di essere raccontato dopo la sua morte per portare la speranza; altri interventi evocano contesti, volti e storie di coloro le cui vite \u201cnon valgono pi\u00f9 niente, nella conta approssimativa dei morti\u201d, volti ormai anonimi, privati delle loro storie, come quelle ferocemente interrotte di migliaia di bambini, a cui \u00e8 doveroso restituire nome e dignit\u00e0.<\/p>\n<p>A sottolinearlo con forza nel suo triste rosario di nomi ed eventi, a essi collegati, \u00e8 Evelina Santangelo, protagonista dell\u2019iniziativa nazionale \u201cUltimo giorno per Gaza\u201d , insieme con Paola Caridi, Claudia Durastanti, Micaela Frulli, Giuseppe Mazza, Tomaso Montanari, Francesco Pallante: un \u201cpiccolo gruppo\u201d volutamente creato per promuovere una mobilitazione della societ\u00e0 civile attraverso tutti i canali a disposizione, e per reagire, cos\u00ec, all\u2019orrore in atto, trasformando il lutto in atto civile di condanna e di non complicit\u00e0.<\/p>\n<p>Ancora accenti intensi e drammatici nella testimonianza, letta da Daniela Dioguardi, di Mariam Khateeb sulla condizione delle donne e dei loro corpi a Gaza: una storia di corpi invasi, negati, prosciugati, sanguinanti, annientati perch\u00e9 \u201cin guerra il corpo perde i suoi diritti, soprattutto il corpo femminile\u201d.<\/p>\n<p>E poi il ricordo va all\u2019informazione silenziata nel sangue: 220 giornalisti uccisi nella Striscia di Gaza dal 7 ottobre 2023, e, attraverso le parole di Mimma Grillo e di Fausta Ferruzza, in particolare alla fotoreporter palestinese, Fatima Hassouna, di 33 anni, vera voce pi\u00f9 che testimone, conosciuta per il suo coraggioso impegno nel documentare i bombardamenti, \u201ci massacri con il suo obiettivo, tra le esplosioni e le sparatorie, catturando il dolore e le urla della gente nelle sue fotografie\u201d.<\/p>\n<p>\u201cSe muoio, voglio una morte che faccia rumore\u201d, aveva scritto Fatima Hassouna, che rifiutava di poter essere \u201csolo una notizia dell\u2019ultima ora o un numero qualsiasi\u201d, desiderando, altres\u00ec, che il mondo potesse parlare della sua morte, e che la sua voce venisse udita dal mondo.<\/p>\n<p>La piazza segue con attenzione e partecipazione, applaude con commozione all\u2019intervento di una voce giovanissima che nel porre domande agli adulti su un tema inconcepibile ai suoi occhi, come la guerra, \u00e8 costretta ad arrendersi, a trovare la risposta nella cinica evidenza della realt\u00e0 raccontata e agita dagli adulti.<\/p>\n<p>Alle 18,00 la piazza si raccoglie nel silenzio, molti si adagiano sui lenzuoli, in un empatico e simbolico contatto, cinque minuti penetranti per accendere le coscienze, cinque minuti accompagnati dal sintonico rintocco delle campane di una chiesa, prossima alla piazza, cinque minuti di profonda e autentica umanit\u00e0.<\/p>\n<p>I momenti finali dell\u2019iniziativa sono corollati dalle suggestioni musicali dei canti di resistenza della Palestina, intonati da alcune donne della comunit\u00e0 palestinese di Palermo, che ricordano il legame con la terra, le radici storiche e culturali, la geografia dei luoghi; un omaggio di amore che esprime il senso di perdita per la terra perduta e il desiderio della rinascita e del ritorno.<\/p>\n<p>Quanto avvenuto ieri a Palermo, grazie all\u2019impegno di diverse soggettivit\u00e0 ( Presidio donne per la pace, CISS, Osservatorio contro la militarizzazione delle scuole e delle universit\u00e0 di Palermo), e in tante altre citt\u00e0 italiane, pu\u00f2 rappresentare l\u2019avvio di un orizzonte diverso \u201cper non restare complici\u201d, di un nuovo spazio pubblico di parola, di uno spazio libero per immaginare un mondo altro e capovolto nelle logiche e nelle visioni?<\/p>\n<p>\u201cIl sussurro ora \u00e8 diventato voce\u201d, scrive Paola Caridi, e dalle sue parole sembra emergere chiara la volont\u00e0 da parte delle promotrici e dei promotori di continuare con il sostegno di tutte le realt\u00e0 che hanno aderito e che si stanno ulteriormente aggregando, con l\u2019obiettivo immediato di \u201cchiedere attenzione e strappare uno spazio allo smarrimento e all&#8217;indifferenza\u201d e quello finale di fermare il genocidio.<\/p>\n<p><a href=\"https:\/\/www.facebook.com\/100066766611409\/videos\/pcb.1032676168967927\/1870281773820469\">video <\/a>di un momento dell&#8217;evento realizzato dalla Biblioteca delle Donne Udi Palermo<\/p>\n<p><a href=\"https:\/\/www.facebook.com\/watch\/?v=595449189719337&amp;rdid=kx4UY64oaBzGpTCn\">e video\u00a0 del canto di resistenza palestinese<\/a><\/p>\n<div class=\"post-gallery\">\n\t\t\t<figure class=\"post-gallery-item\">\n\t\t\t\t<img decoding=\"async\" src=\"https:\/\/www.pressenza.com\/wp-content\/uploads\/2025\/05\/anna-zinnanti-1-768x1024.jpg\" loading=\"lazy\">\n\t\t\t\t<figcaption>\n\t\t\t\t\t\n\t\t\t\t<\/figcaption>\n\t\t\t<\/figure>\n\t\t\t<figure class=\"post-gallery-item\">\n\t\t\t\t<img decoding=\"async\" src=\"https:\/\/www.pressenza.com\/wp-content\/uploads\/2025\/05\/anna-zinnanti-2-820x615.jpg\" loading=\"lazy\">\n\t\t\t\t<figcaption>\n\t\t\t\t\t\n\t\t\t\t<\/figcaption>\n\t\t\t<\/figure>\n\t\t\t<figure class=\"post-gallery-item\">\n\t\t\t\t<img decoding=\"async\" src=\"https:\/\/www.pressenza.com\/wp-content\/uploads\/2025\/05\/anna-zinnanti-3-768x1024.jpg\" loading=\"lazy\">\n\t\t\t\t<figcaption>\n\t\t\t\t\t\n\t\t\t\t<\/figcaption>\n\t\t\t<\/figure>\n\t\t\t<figure class=\"post-gallery-item\">\n\t\t\t\t<img decoding=\"async\" src=\"https:\/\/www.pressenza.com\/wp-content\/uploads\/2025\/05\/anna-zinnanti-4-768x1024.jpg\" loading=\"lazy\">\n\t\t\t\t<figcaption>\n\t\t\t\t\t\n\t\t\t\t<\/figcaption>\n\t\t\t<\/figure>\n\t\t\t<figure class=\"post-gallery-item\">\n\t\t\t\t<img decoding=\"async\" src=\"https:\/\/www.pressenza.com\/wp-content\/uploads\/2025\/05\/anna-zinnanti-5--820x615.jpg\" loading=\"lazy\">\n\t\t\t\t<figcaption>\n\t\t\t\t\t\n\t\t\t\t<\/figcaption>\n\t\t\t<\/figure>\n\t\t\t<figure class=\"post-gallery-item\">\n\t\t\t\t<img decoding=\"async\" src=\"https:\/\/www.pressenza.com\/wp-content\/uploads\/2025\/05\/anna-zinnanti-6-820x615.jpg\" loading=\"lazy\">\n\t\t\t\t<figcaption>\n\t\t\t\t\t\n\t\t\t\t<\/figcaption>\n\t\t\t<\/figure>\n\t\t\t<figure class=\"post-gallery-item\">\n\t\t\t\t<img decoding=\"async\" src=\"https:\/\/www.pressenza.com\/wp-content\/uploads\/2025\/05\/fausta-ferruzza-1-820x615.jpg\" loading=\"lazy\">\n\t\t\t\t<figcaption>\n\t\t\t\t\t\n\t\t\t\t<\/figcaption>\n\t\t\t<\/figure>\n\t\t\t<figure class=\"post-gallery-item\">\n\t\t\t\t<img decoding=\"async\" src=\"https:\/\/www.pressenza.com\/wp-content\/uploads\/2025\/05\/fausta-ferruzza-2-820x615.jpg\" loading=\"lazy\">\n\t\t\t\t<figcaption>\n\t\t\t\t\t\n\t\t\t\t<\/figcaption>\n\t\t\t<\/figure>\n\t\t\t<figure class=\"post-gallery-item\">\n\t\t\t\t<img decoding=\"async\" src=\"https:\/\/www.pressenza.com\/wp-content\/uploads\/2025\/05\/fausta-ferruzza-3-768x1024.jpg\" loading=\"lazy\">\n\t\t\t\t<figcaption>\n\t\t\t\t\t\n\t\t\t\t<\/figcaption>\n\t\t\t<\/figure>\n\t\t\t<figure class=\"post-gallery-item\">\n\t\t\t\t<img decoding=\"async\" src=\"https:\/\/www.pressenza.com\/wp-content\/uploads\/2025\/05\/liliana-geraci-1-620x1024.jpg\" loading=\"lazy\">\n\t\t\t\t<figcaption>\n\t\t\t\t\t\n\t\t\t\t<\/figcaption>\n\t\t\t<\/figure>\n\t\t\t<figure class=\"post-gallery-item\">\n\t\t\t\t<img decoding=\"async\" src=\"https:\/\/www.pressenza.com\/wp-content\/uploads\/2025\/05\/liliana-geraci-2-820x957.jpg\" loading=\"lazy\">\n\t\t\t\t<figcaption>\n\t\t\t\t\t\n\t\t\t\t<\/figcaption>\n\t\t\t<\/figure>\n\t\t\t<figure class=\"post-gallery-item\">\n\t\t\t\t<img decoding=\"async\" src=\"https:\/\/www.pressenza.com\/wp-content\/uploads\/2025\/05\/liliiana-geraci-3-768x1024.jpg\" loading=\"lazy\">\n\t\t\t\t<figcaption>\n\t\t\t\t\t\n\t\t\t\t<\/figcaption>\n\t\t\t<\/figure>\n\t\t\t<figure class=\"post-gallery-item\">\n\t\t\t\t<img decoding=\"async\" src=\"https:\/\/www.pressenza.com\/wp-content\/uploads\/2025\/05\/lliliana-geraci-4-768x1024.jpg\" loading=\"lazy\">\n\t\t\t\t<figcaption>\n\t\t\t\t\t\n\t\t\t\t<\/figcaption>\n\t\t\t<\/figure><\/div>\n","protected":false},"excerpt":{"rendered":"<p>Ieri 24 maggio anche Piazza Politeama si \u00e8 vestita di bianco, rispondendo all\u2019appello \u201cIl 24 maggio, 50.000 sudari per Gaza&#8221; con cui Tomaso Montanari, rettore dell\u2019Universit\u00e0 per stranieri di Siena, e Paola Caridi, giornalista, hanno invitato \u201cogni citt\u00e0, paese, contrada&hellip;<\/p>\n","protected":false},"author":1860,"featured_media":2607092,"comment_status":"closed","ping_status":"closed","sticky":false,"template":"","format":"standard","meta":{"footnotes":""},"categories":[11388,60,5677,1262,1263,27065],"tags":[137290],"class_list":["post-2607091","post","type-post","status-publish","format-standard","has-post-thumbnail","hentry","category-contenuti-originali","category-diritti-umani","category-fotoreportages","category-nonviolenza-argomento","category-pace-disarmo","category-video-it","tag-50-000-sudari-per-gaza-a-palermo"],"yoast_head":"<!-- This site is optimized with the Yoast SEO plugin v27.1.1 - https:\/\/yoast.com\/product\/yoast-seo-wordpress\/ -->\n<title>\u201cIl 24 maggio, 50.000 sudari per Gaza&quot;: Palermo si veste di bianco<\/title>\n<meta name=\"description\" content=\"Ieri 24 maggio anche Piazza Politeama si \u00e8 vestita di bianco, rispondendo all\u2019appello \u201cIl 24 maggio, 50.000 sudari per Gaza&quot; con cui Tomaso Montanari,\" \/>\n<meta name=\"robots\" content=\"index, follow, max-snippet:-1, max-image-preview:large, max-video-preview:-1\" \/>\n<link rel=\"canonical\" href=\"https:\/\/www.pressenza.com\/it\/2025\/05\/il-24-maggio-50-000-sudari-per-gaza-palermo-si-veste-di-bianco\/\" \/>\n<meta property=\"og:locale\" content=\"it_IT\" \/>\n<meta property=\"og:type\" content=\"article\" \/>\n<meta property=\"og:title\" content=\"\u201cIl 24 maggio, 50.000 sudari per Gaza&quot;: Palermo si veste di bianco\" \/>\n<meta property=\"og:description\" content=\"Ieri 24 maggio anche Piazza Politeama si \u00e8 vestita di bianco, rispondendo all\u2019appello \u201cIl 24 maggio, 50.000 sudari per Gaza&quot; con cui Tomaso Montanari,\" \/>\n<meta property=\"og:url\" content=\"https:\/\/www.pressenza.com\/it\/2025\/05\/il-24-maggio-50-000-sudari-per-gaza-palermo-si-veste-di-bianco\/\" \/>\n<meta property=\"og:site_name\" content=\"Pressenza\" \/>\n<meta property=\"article:publisher\" content=\"https:\/\/www.facebook.com\/PressenzaItalia\" \/>\n<meta property=\"article:published_time\" content=\"2025-05-25T15:08:02+00:00\" \/>\n<meta property=\"article:modified_time\" content=\"2025-05-26T06:31:58+00:00\" \/>\n<meta property=\"og:image\" content=\"https:\/\/www.pressenza.com\/wp-content\/uploads\/2025\/05\/per-gaza-e1748185520308.jpg\" \/>\n\t<meta property=\"og:image:width\" content=\"640\" \/>\n\t<meta property=\"og:image:height\" content=\"800\" \/>\n\t<meta property=\"og:image:type\" content=\"image\/jpeg\" \/>\n<meta name=\"author\" content=\"Redazione Palermo\" \/>\n<meta name=\"twitter:card\" content=\"summary_large_image\" \/>\n<meta name=\"twitter:creator\" content=\"@PressenzaIPA\" \/>\n<meta name=\"twitter:site\" content=\"@PressenzaIPA\" \/>\n<meta name=\"twitter:label1\" content=\"Scritto da\" \/>\n\t<meta name=\"twitter:data1\" content=\"Redazione Palermo\" \/>\n\t<meta name=\"twitter:label2\" content=\"Tempo di lettura stimato\" \/>\n\t<meta name=\"twitter:data2\" content=\"6 minuti\" \/>\n<script type=\"application\/ld+json\" class=\"yoast-schema-graph\">{\"@context\":\"https:\/\/schema.org\",\"@graph\":[{\"@type\":\"Article\",\"@id\":\"https:\/\/www.pressenza.com\/it\/2025\/05\/il-24-maggio-50-000-sudari-per-gaza-palermo-si-veste-di-bianco\/#article\",\"isPartOf\":{\"@id\":\"https:\/\/www.pressenza.com\/it\/2025\/05\/il-24-maggio-50-000-sudari-per-gaza-palermo-si-veste-di-bianco\/\"},\"author\":{\"name\":\"Redazione Palermo\",\"@id\":\"https:\/\/www.pressenza.com\/it\/#\/schema\/person\/dd233b73788fa2d4f797777f9b6c1100\"},\"headline\":\"\u201cIl 24 maggio, 50.000 sudari per Gaza&#8221;: Palermo si veste di bianco\",\"datePublished\":\"2025-05-25T15:08:02+00:00\",\"dateModified\":\"2025-05-26T06:31:58+00:00\",\"mainEntityOfPage\":{\"@id\":\"https:\/\/www.pressenza.com\/it\/2025\/05\/il-24-maggio-50-000-sudari-per-gaza-palermo-si-veste-di-bianco\/\"},\"wordCount\":1053,\"publisher\":{\"@id\":\"https:\/\/www.pressenza.com\/it\/#organization\"},\"image\":{\"@id\":\"https:\/\/www.pressenza.com\/it\/2025\/05\/il-24-maggio-50-000-sudari-per-gaza-palermo-si-veste-di-bianco\/#primaryimage\"},\"thumbnailUrl\":\"https:\/\/www.pressenza.com\/wp-content\/uploads\/2025\/05\/per-gaza-e1748185520308.jpg\",\"keywords\":[\"50.000 sudari per Gaza a Palermo\"],\"articleSection\":[\"contenuti originali\",\"Diritti Umani\",\"Fotoreportages\",\"Nonviolenza\",\"Pace e Disarmo\",\"Video\"],\"inLanguage\":\"it-IT\"},{\"@type\":\"WebPage\",\"@id\":\"https:\/\/www.pressenza.com\/it\/2025\/05\/il-24-maggio-50-000-sudari-per-gaza-palermo-si-veste-di-bianco\/\",\"url\":\"https:\/\/www.pressenza.com\/it\/2025\/05\/il-24-maggio-50-000-sudari-per-gaza-palermo-si-veste-di-bianco\/\",\"name\":\"\u201cIl 24 maggio, 50.000 sudari per Gaza\\\": Palermo si veste di bianco\",\"isPartOf\":{\"@id\":\"https:\/\/www.pressenza.com\/it\/#website\"},\"primaryImageOfPage\":{\"@id\":\"https:\/\/www.pressenza.com\/it\/2025\/05\/il-24-maggio-50-000-sudari-per-gaza-palermo-si-veste-di-bianco\/#primaryimage\"},\"image\":{\"@id\":\"https:\/\/www.pressenza.com\/it\/2025\/05\/il-24-maggio-50-000-sudari-per-gaza-palermo-si-veste-di-bianco\/#primaryimage\"},\"thumbnailUrl\":\"https:\/\/www.pressenza.com\/wp-content\/uploads\/2025\/05\/per-gaza-e1748185520308.jpg\",\"datePublished\":\"2025-05-25T15:08:02+00:00\",\"dateModified\":\"2025-05-26T06:31:58+00:00\",\"description\":\"Ieri 24 maggio anche Piazza Politeama si \u00e8 vestita di bianco, rispondendo all\u2019appello \u201cIl 24 maggio, 50.000 sudari per Gaza\\\" con cui Tomaso Montanari,\",\"breadcrumb\":{\"@id\":\"https:\/\/www.pressenza.com\/it\/2025\/05\/il-24-maggio-50-000-sudari-per-gaza-palermo-si-veste-di-bianco\/#breadcrumb\"},\"inLanguage\":\"it-IT\",\"potentialAction\":[{\"@type\":\"ReadAction\",\"target\":[\"https:\/\/www.pressenza.com\/it\/2025\/05\/il-24-maggio-50-000-sudari-per-gaza-palermo-si-veste-di-bianco\/\"]}]},{\"@type\":\"ImageObject\",\"inLanguage\":\"it-IT\",\"@id\":\"https:\/\/www.pressenza.com\/it\/2025\/05\/il-24-maggio-50-000-sudari-per-gaza-palermo-si-veste-di-bianco\/#primaryimage\",\"url\":\"https:\/\/www.pressenza.com\/wp-content\/uploads\/2025\/05\/per-gaza-e1748185520308.jpg\",\"contentUrl\":\"https:\/\/www.pressenza.com\/wp-content\/uploads\/2025\/05\/per-gaza-e1748185520308.jpg\",\"width\":640,\"height\":800},{\"@type\":\"BreadcrumbList\",\"@id\":\"https:\/\/www.pressenza.com\/it\/2025\/05\/il-24-maggio-50-000-sudari-per-gaza-palermo-si-veste-di-bianco\/#breadcrumb\",\"itemListElement\":[{\"@type\":\"ListItem\",\"position\":1,\"name\":\"Accueil\",\"item\":\"https:\/\/www.pressenza.com\/it\/\"},{\"@type\":\"ListItem\",\"position\":2,\"name\":\"\u201cIl 24 maggio, 50.000 sudari per Gaza&#8221;: Palermo si veste di bianco\"}]},{\"@type\":\"WebSite\",\"@id\":\"https:\/\/www.pressenza.com\/it\/#website\",\"url\":\"https:\/\/www.pressenza.com\/it\/\",\"name\":\"Pressenza\",\"description\":\"Agenzia di Stampa Internazionale\",\"publisher\":{\"@id\":\"https:\/\/www.pressenza.com\/it\/#organization\"},\"potentialAction\":[{\"@type\":\"SearchAction\",\"target\":{\"@type\":\"EntryPoint\",\"urlTemplate\":\"https:\/\/www.pressenza.com\/it\/?s={search_term_string}\"},\"query-input\":{\"@type\":\"PropertyValueSpecification\",\"valueRequired\":true,\"valueName\":\"search_term_string\"}}],\"inLanguage\":\"it-IT\"},{\"@type\":\"Organization\",\"@id\":\"https:\/\/www.pressenza.com\/it\/#organization\",\"name\":\"Pressenza\",\"url\":\"https:\/\/www.pressenza.com\/it\/\",\"logo\":{\"@type\":\"ImageObject\",\"inLanguage\":\"it-IT\",\"@id\":\"https:\/\/www.pressenza.com\/it\/#\/schema\/logo\/image\/\",\"url\":\"https:\/\/www.pressenza.com\/wp-content\/uploads\/2022\/10\/pressenza_logo_200x200.jpg\",\"contentUrl\":\"https:\/\/www.pressenza.com\/wp-content\/uploads\/2022\/10\/pressenza_logo_200x200.jpg\",\"width\":200,\"height\":200,\"caption\":\"Pressenza\"},\"image\":{\"@id\":\"https:\/\/www.pressenza.com\/it\/#\/schema\/logo\/image\/\"},\"sameAs\":[\"https:\/\/www.facebook.com\/PressenzaItalia\",\"https:\/\/x.com\/PressenzaIPA\"]},{\"@type\":\"Person\",\"@id\":\"https:\/\/www.pressenza.com\/it\/#\/schema\/person\/dd233b73788fa2d4f797777f9b6c1100\",\"name\":\"Redazione Palermo\",\"description\":\"News from the Pressenza Bureau in Palermo, Italy\",\"url\":\"https:\/\/www.pressenza.com\/it\/author\/redazione-palermo\/\"}]}<\/script>\n<!-- \/ Yoast SEO plugin. -->","yoast_head_json":{"title":"\u201cIl 24 maggio, 50.000 sudari per Gaza\": Palermo si veste di bianco","description":"Ieri 24 maggio anche Piazza Politeama si \u00e8 vestita di bianco, rispondendo all\u2019appello \u201cIl 24 maggio, 50.000 sudari per Gaza\" con cui Tomaso Montanari,","robots":{"index":"index","follow":"follow","max-snippet":"max-snippet:-1","max-image-preview":"max-image-preview:large","max-video-preview":"max-video-preview:-1"},"canonical":"https:\/\/www.pressenza.com\/it\/2025\/05\/il-24-maggio-50-000-sudari-per-gaza-palermo-si-veste-di-bianco\/","og_locale":"it_IT","og_type":"article","og_title":"\u201cIl 24 maggio, 50.000 sudari per Gaza\": Palermo si veste di bianco","og_description":"Ieri 24 maggio anche Piazza Politeama si \u00e8 vestita di bianco, rispondendo all\u2019appello \u201cIl 24 maggio, 50.000 sudari per Gaza\" con cui Tomaso Montanari,","og_url":"https:\/\/www.pressenza.com\/it\/2025\/05\/il-24-maggio-50-000-sudari-per-gaza-palermo-si-veste-di-bianco\/","og_site_name":"Pressenza","article_publisher":"https:\/\/www.facebook.com\/PressenzaItalia","article_published_time":"2025-05-25T15:08:02+00:00","article_modified_time":"2025-05-26T06:31:58+00:00","og_image":[{"width":640,"height":800,"url":"https:\/\/www.pressenza.com\/wp-content\/uploads\/2025\/05\/per-gaza-e1748185520308.jpg","type":"image\/jpeg"}],"author":"Redazione Palermo","twitter_card":"summary_large_image","twitter_creator":"@PressenzaIPA","twitter_site":"@PressenzaIPA","twitter_misc":{"Scritto da":"Redazione Palermo","Tempo di lettura stimato":"6 minuti"},"schema":{"@context":"https:\/\/schema.org","@graph":[{"@type":"Article","@id":"https:\/\/www.pressenza.com\/it\/2025\/05\/il-24-maggio-50-000-sudari-per-gaza-palermo-si-veste-di-bianco\/#article","isPartOf":{"@id":"https:\/\/www.pressenza.com\/it\/2025\/05\/il-24-maggio-50-000-sudari-per-gaza-palermo-si-veste-di-bianco\/"},"author":{"name":"Redazione Palermo","@id":"https:\/\/www.pressenza.com\/it\/#\/schema\/person\/dd233b73788fa2d4f797777f9b6c1100"},"headline":"\u201cIl 24 maggio, 50.000 sudari per Gaza&#8221;: Palermo si veste di bianco","datePublished":"2025-05-25T15:08:02+00:00","dateModified":"2025-05-26T06:31:58+00:00","mainEntityOfPage":{"@id":"https:\/\/www.pressenza.com\/it\/2025\/05\/il-24-maggio-50-000-sudari-per-gaza-palermo-si-veste-di-bianco\/"},"wordCount":1053,"publisher":{"@id":"https:\/\/www.pressenza.com\/it\/#organization"},"image":{"@id":"https:\/\/www.pressenza.com\/it\/2025\/05\/il-24-maggio-50-000-sudari-per-gaza-palermo-si-veste-di-bianco\/#primaryimage"},"thumbnailUrl":"https:\/\/www.pressenza.com\/wp-content\/uploads\/2025\/05\/per-gaza-e1748185520308.jpg","keywords":["50.000 sudari per Gaza a Palermo"],"articleSection":["contenuti originali","Diritti Umani","Fotoreportages","Nonviolenza","Pace e Disarmo","Video"],"inLanguage":"it-IT"},{"@type":"WebPage","@id":"https:\/\/www.pressenza.com\/it\/2025\/05\/il-24-maggio-50-000-sudari-per-gaza-palermo-si-veste-di-bianco\/","url":"https:\/\/www.pressenza.com\/it\/2025\/05\/il-24-maggio-50-000-sudari-per-gaza-palermo-si-veste-di-bianco\/","name":"\u201cIl 24 maggio, 50.000 sudari per Gaza\": Palermo si veste di bianco","isPartOf":{"@id":"https:\/\/www.pressenza.com\/it\/#website"},"primaryImageOfPage":{"@id":"https:\/\/www.pressenza.com\/it\/2025\/05\/il-24-maggio-50-000-sudari-per-gaza-palermo-si-veste-di-bianco\/#primaryimage"},"image":{"@id":"https:\/\/www.pressenza.com\/it\/2025\/05\/il-24-maggio-50-000-sudari-per-gaza-palermo-si-veste-di-bianco\/#primaryimage"},"thumbnailUrl":"https:\/\/www.pressenza.com\/wp-content\/uploads\/2025\/05\/per-gaza-e1748185520308.jpg","datePublished":"2025-05-25T15:08:02+00:00","dateModified":"2025-05-26T06:31:58+00:00","description":"Ieri 24 maggio anche Piazza Politeama si \u00e8 vestita di bianco, rispondendo all\u2019appello \u201cIl 24 maggio, 50.000 sudari per Gaza\" con cui Tomaso Montanari,","breadcrumb":{"@id":"https:\/\/www.pressenza.com\/it\/2025\/05\/il-24-maggio-50-000-sudari-per-gaza-palermo-si-veste-di-bianco\/#breadcrumb"},"inLanguage":"it-IT","potentialAction":[{"@type":"ReadAction","target":["https:\/\/www.pressenza.com\/it\/2025\/05\/il-24-maggio-50-000-sudari-per-gaza-palermo-si-veste-di-bianco\/"]}]},{"@type":"ImageObject","inLanguage":"it-IT","@id":"https:\/\/www.pressenza.com\/it\/2025\/05\/il-24-maggio-50-000-sudari-per-gaza-palermo-si-veste-di-bianco\/#primaryimage","url":"https:\/\/www.pressenza.com\/wp-content\/uploads\/2025\/05\/per-gaza-e1748185520308.jpg","contentUrl":"https:\/\/www.pressenza.com\/wp-content\/uploads\/2025\/05\/per-gaza-e1748185520308.jpg","width":640,"height":800},{"@type":"BreadcrumbList","@id":"https:\/\/www.pressenza.com\/it\/2025\/05\/il-24-maggio-50-000-sudari-per-gaza-palermo-si-veste-di-bianco\/#breadcrumb","itemListElement":[{"@type":"ListItem","position":1,"name":"Accueil","item":"https:\/\/www.pressenza.com\/it\/"},{"@type":"ListItem","position":2,"name":"\u201cIl 24 maggio, 50.000 sudari per Gaza&#8221;: Palermo si veste di bianco"}]},{"@type":"WebSite","@id":"https:\/\/www.pressenza.com\/it\/#website","url":"https:\/\/www.pressenza.com\/it\/","name":"Pressenza","description":"Agenzia di Stampa Internazionale","publisher":{"@id":"https:\/\/www.pressenza.com\/it\/#organization"},"potentialAction":[{"@type":"SearchAction","target":{"@type":"EntryPoint","urlTemplate":"https:\/\/www.pressenza.com\/it\/?s={search_term_string}"},"query-input":{"@type":"PropertyValueSpecification","valueRequired":true,"valueName":"search_term_string"}}],"inLanguage":"it-IT"},{"@type":"Organization","@id":"https:\/\/www.pressenza.com\/it\/#organization","name":"Pressenza","url":"https:\/\/www.pressenza.com\/it\/","logo":{"@type":"ImageObject","inLanguage":"it-IT","@id":"https:\/\/www.pressenza.com\/it\/#\/schema\/logo\/image\/","url":"https:\/\/www.pressenza.com\/wp-content\/uploads\/2022\/10\/pressenza_logo_200x200.jpg","contentUrl":"https:\/\/www.pressenza.com\/wp-content\/uploads\/2022\/10\/pressenza_logo_200x200.jpg","width":200,"height":200,"caption":"Pressenza"},"image":{"@id":"https:\/\/www.pressenza.com\/it\/#\/schema\/logo\/image\/"},"sameAs":["https:\/\/www.facebook.com\/PressenzaItalia","https:\/\/x.com\/PressenzaIPA"]},{"@type":"Person","@id":"https:\/\/www.pressenza.com\/it\/#\/schema\/person\/dd233b73788fa2d4f797777f9b6c1100","name":"Redazione Palermo","description":"News from the Pressenza Bureau in Palermo, Italy","url":"https:\/\/www.pressenza.com\/it\/author\/redazione-palermo\/"}]}},"place":"Finella Giordano","original_article_url":"","_links":{"self":[{"href":"https:\/\/www.pressenza.com\/it\/wp-json\/wp\/v2\/posts\/2607091","targetHints":{"allow":["GET"]}}],"collection":[{"href":"https:\/\/www.pressenza.com\/it\/wp-json\/wp\/v2\/posts"}],"about":[{"href":"https:\/\/www.pressenza.com\/it\/wp-json\/wp\/v2\/types\/post"}],"author":[{"embeddable":true,"href":"https:\/\/www.pressenza.com\/it\/wp-json\/wp\/v2\/users\/1860"}],"replies":[{"embeddable":true,"href":"https:\/\/www.pressenza.com\/it\/wp-json\/wp\/v2\/comments?post=2607091"}],"version-history":[{"count":0,"href":"https:\/\/www.pressenza.com\/it\/wp-json\/wp\/v2\/posts\/2607091\/revisions"}],"wp:featuredmedia":[{"embeddable":true,"href":"https:\/\/www.pressenza.com\/it\/wp-json\/wp\/v2\/media\/2607092"}],"wp:attachment":[{"href":"https:\/\/www.pressenza.com\/it\/wp-json\/wp\/v2\/media?parent=2607091"}],"wp:term":[{"taxonomy":"category","embeddable":true,"href":"https:\/\/www.pressenza.com\/it\/wp-json\/wp\/v2\/categories?post=2607091"},{"taxonomy":"post_tag","embeddable":true,"href":"https:\/\/www.pressenza.com\/it\/wp-json\/wp\/v2\/tags?post=2607091"}],"curies":[{"name":"wp","href":"https:\/\/api.w.org\/{rel}","templated":true}]}}