{"id":2606591,"date":"2025-05-22T14:17:21","date_gmt":"2025-05-22T13:17:21","guid":{"rendered":"https:\/\/www.pressenza.com\/?p=2606591"},"modified":"2025-05-22T14:17:21","modified_gmt":"2025-05-22T13:17:21","slug":"ungheria-appello-per-lasciar-sfilare-il-budapest-pride","status":"publish","type":"post","link":"https:\/\/www.pressenza.com\/it\/2025\/05\/ungheria-appello-per-lasciar-sfilare-il-budapest-pride\/","title":{"rendered":"Ungheria, appello per lasciar sfilare il Budapest Pride"},"content":{"rendered":"<p>Per 30 anni, il Budapest Pride \u00e8 stato un momento di visibilit\u00e0, solidariet\u00e0 e libert\u00e0 in uno stato, l\u2019Ungheria, dove le persone Lgbtqia+ venivano progressivamente emarginate.<\/p>\n<p>Da quando Victor Orb\u00e1n \u00e8 salito al potere, la prima volta a cavallo dei due secoli per poi rimanerci stabilmente dal 2010, gli spazi di libert\u00e0 sono stati via via erosi e il Budapest Pride \u00e8 diventato un luogo condiviso di resistenza all\u2019autoritarismo.<\/p>\n<p>Non \u00e8 un caso, dunque, che il 18 marzo \u2013 24 ore dopo la sua presentazione &#8211; il Parlamento ungherese abbia approvato un emendamento costituzionale che colpisce ulteriormente la libert\u00e0 di espressione. Con un linguaggio generico che ricorda le disposizioni della legge sulla \u201cpropaganda gay\u201d adottata dalla Russia nel 2023, il testo vieta ogni raduno ritenuto \u201ccontrario allo sviluppo morale dei minorenni\u201d.<\/p>\n<p>La legge, adottata con 136 voti a favore, consente l\u2019uso della tecnologia per il riconoscimento facciale per identificare le persone che prendono parte a iniziative ora vietate, nonch\u00e9 una multa di 500 euro (il salario minimo in Ungheria \u00e8 di poco superiore ai 700 euro e l\u2019inflazione \u00e8 una delle pi\u00f9 alte in Europa) per chi vi partecipa.<\/p>\n<p>Chi organizza eventi vietati rischia fino a un anno di carcere. Infine, la legge amplia il numero dei casi in cui le forze di polizia possono disperdere manifestazioni di cui era stata data notifica.<\/p>\n<p>\u00c8 dal 2020 che il governo ungherese si accanisce contro i diritti delle persone Lgbtqia+: ha vietato il riconoscimento legale delle persone trans, ha cancellato da gran parte della dimensione pubblica compresa le scuole e la programmazione televisiva diurna \u00a0le minoranze sessuali e di genere, ha impedito le adozioni alle coppie omosessuali e ha emendato la Costituzione in modo tale da definire la famiglia \u201cunione di un uomo e di una donna\u201d.<\/p>\n<p>Quello di Orb\u00e1n \u00e8 un misto di ideologia e cinico calcolo politico: additando come capri espiatori le persone Lgbtqia+, il governo devia l\u2019attenzione dalla crisi economica e riduce il dissenso al silenzio.<\/p>\n<p>I mezzi d\u2019informazione pro-Orb\u00e1n, praticamente quasi tutti, definiscono il Pride \u201cuna provocazione illegale\u201d che ha l\u2019obiettivo di \u201ccorrompere i giovani\u201d.<\/p>\n<p>Ma il 28 giugno le persone Lgbtqia+, i movimenti per i diritti umani e quella parte della societ\u00e0 civile non ancora \u201corbanizzata\u201d, intendono scendere in piazza. Nel rispetto delle attuali disposizioni, un mese prima, il 28 maggio, l\u2019organizzazione del Budapest Pride chieder\u00e0 l\u2019autorizzazione e la polizia avr\u00e0 48 ore di tempo per rispondere. Qui l&#8217;appello di Amnesty International a sostegno della richiesta: <a href=\"https:\/\/www.amnesty.it\/appelli\/ungheria-lasciar-sfilare-il-pride\/?fbclid=IwZXh0bgNhZW0CMTAAYnJpZBExNVhlRExLTzljcWlSakgxdQEeoJgPKur_ZwQliLZtRgSVRjnXkGWYUd5ThDa9HMF2jX1dLM1nwZk8N5aLOuI_aem_pGhgAF3w4bX-my_QfrsUTQ\"><strong>https:\/\/www.amnesty.it\/&#8230;\/ungheria-lasciar-sfilare-il&#8230;\/<\/strong><\/a><\/p>\n<p>L\u2019Unione Europea intender\u00e0 sostenere questa elementare rivendicazione dei diritti alla libert\u00e0 di espressione e di manifestazione pacifica?<\/p>\n<p><strong><a href=\"https:\/\/www.amnesty.it\/appelli\/ungheria-lasciar-sfilare-il-pride\/?fbclid=IwZXh0bgNhZW0CMTEAYnJpZBExNVhlRExLTzljcWlSakgxdQEe9JSc3OZhv5Mk2YUA2WXCKPeUnGrrJGPYC0xSjLOHbbU6PlGhUSKYMDbTUV4_aem_IKl6iEqxH5dpEcHcjRM9rg\"><\/p>\n<p><\/a><\/strong><\/p>\n<p>&nbsp;<\/p>\n","protected":false},"excerpt":{"rendered":"<p>Per 30 anni, il Budapest Pride \u00e8 stato un momento di visibilit\u00e0, solidariet\u00e0 e libert\u00e0 in uno stato, l\u2019Ungheria, dove le persone Lgbtqia+ venivano progressivamente emarginate. Da quando Victor Orb\u00e1n \u00e8 salito al potere, la prima volta a cavallo dei&hellip;<\/p>\n","protected":false},"author":1334,"featured_media":2606592,"comment_status":"closed","ping_status":"closed","sticky":false,"template":"","format":"standard","meta":{"footnotes":""},"categories":[47,1261,55],"tags":[1120,947,137202,55078,18069,137203],"class_list":["post-2606591","post","type-post","status-publish","format-standard","has-post-thumbnail","hentry","category-europa","category-diversita","category-politica","tag-amnesty-international-2","tag-appello","tag-budapest-pride","tag-persone-lgbtqia","tag-ungheria","tag-victor-orban-it"],"yoast_head":"<!-- This site is optimized with the Yoast SEO plugin v27.1.1 - https:\/\/yoast.com\/product\/yoast-seo-wordpress\/ -->\n<title>Ungheria, appello per lasciar sfilare il Budapest Pride<\/title>\n<meta name=\"description\" content=\"Per 30 anni, il Budapest Pride \u00e8 stato un momento di visibilit\u00e0, solidariet\u00e0 e libert\u00e0 in uno stato, l\u2019Ungheria, dove le persone Lgbtqia+ venivano\" \/>\n<meta name=\"robots\" content=\"index, follow, max-snippet:-1, max-image-preview:large, max-video-preview:-1\" \/>\n<link rel=\"canonical\" href=\"https:\/\/www.pressenza.com\/it\/2025\/05\/ungheria-appello-per-lasciar-sfilare-il-budapest-pride\/\" \/>\n<meta property=\"og:locale\" content=\"it_IT\" \/>\n<meta property=\"og:type\" content=\"article\" \/>\n<meta property=\"og:title\" content=\"Ungheria, appello per lasciar sfilare il Budapest Pride\" \/>\n<meta property=\"og:description\" content=\"Per 30 anni, il Budapest Pride \u00e8 stato un momento di visibilit\u00e0, solidariet\u00e0 e libert\u00e0 in uno stato, l\u2019Ungheria, dove le persone Lgbtqia+ venivano\" \/>\n<meta property=\"og:url\" content=\"https:\/\/www.pressenza.com\/it\/2025\/05\/ungheria-appello-per-lasciar-sfilare-il-budapest-pride\/\" \/>\n<meta property=\"og:site_name\" content=\"Pressenza\" \/>\n<meta property=\"article:publisher\" content=\"https:\/\/www.facebook.com\/PressenzaItalia\" \/>\n<meta property=\"article:author\" content=\"https:\/\/www.facebook.com\/p\/Riccardo-Noury-100041166531808\/\" \/>\n<meta property=\"article:published_time\" content=\"2025-05-22T13:17:21+00:00\" \/>\n<meta property=\"og:image\" content=\"https:\/\/www.pressenza.com\/wp-content\/uploads\/2025\/05\/Pride-Budapest.jpeg\" \/>\n\t<meta property=\"og:image:width\" content=\"500\" \/>\n\t<meta property=\"og:image:height\" content=\"261\" \/>\n\t<meta property=\"og:image:type\" content=\"image\/jpeg\" \/>\n<meta name=\"author\" content=\"Riccardo Noury\" \/>\n<meta name=\"twitter:card\" content=\"summary_large_image\" \/>\n<meta name=\"twitter:creator\" content=\"@riccardonoury\" \/>\n<meta name=\"twitter:site\" content=\"@PressenzaIPA\" \/>\n<meta name=\"twitter:label1\" content=\"Scritto da\" \/>\n\t<meta name=\"twitter:data1\" content=\"Riccardo Noury\" \/>\n\t<meta name=\"twitter:label2\" content=\"Tempo di lettura stimato\" \/>\n\t<meta name=\"twitter:data2\" content=\"3 minuti\" \/>\n<script type=\"application\/ld+json\" class=\"yoast-schema-graph\">{\"@context\":\"https:\/\/schema.org\",\"@graph\":[{\"@type\":\"Article\",\"@id\":\"https:\/\/www.pressenza.com\/it\/2025\/05\/ungheria-appello-per-lasciar-sfilare-il-budapest-pride\/#article\",\"isPartOf\":{\"@id\":\"https:\/\/www.pressenza.com\/it\/2025\/05\/ungheria-appello-per-lasciar-sfilare-il-budapest-pride\/\"},\"author\":{\"name\":\"Riccardo Noury\",\"@id\":\"https:\/\/www.pressenza.com\/it\/#\/schema\/person\/8f342cd59f9d5aae911255240684f81e\"},\"headline\":\"Ungheria, appello per lasciar sfilare il Budapest Pride\",\"datePublished\":\"2025-05-22T13:17:21+00:00\",\"mainEntityOfPage\":{\"@id\":\"https:\/\/www.pressenza.com\/it\/2025\/05\/ungheria-appello-per-lasciar-sfilare-il-budapest-pride\/\"},\"wordCount\":433,\"publisher\":{\"@id\":\"https:\/\/www.pressenza.com\/it\/#organization\"},\"image\":{\"@id\":\"https:\/\/www.pressenza.com\/it\/2025\/05\/ungheria-appello-per-lasciar-sfilare-il-budapest-pride\/#primaryimage\"},\"thumbnailUrl\":\"https:\/\/www.pressenza.com\/wp-content\/uploads\/2025\/05\/Pride-Budapest.jpeg\",\"keywords\":[\"Amnesty International\",\"appello\",\"Budapest Pride\",\"persone LGBTQIA\",\"Ungheria\",\"Victor Orban\"],\"articleSection\":[\"Europa\",\"Non discriminazione\",\"Politica\"],\"inLanguage\":\"it-IT\"},{\"@type\":\"WebPage\",\"@id\":\"https:\/\/www.pressenza.com\/it\/2025\/05\/ungheria-appello-per-lasciar-sfilare-il-budapest-pride\/\",\"url\":\"https:\/\/www.pressenza.com\/it\/2025\/05\/ungheria-appello-per-lasciar-sfilare-il-budapest-pride\/\",\"name\":\"Ungheria, appello per lasciar sfilare il Budapest Pride\",\"isPartOf\":{\"@id\":\"https:\/\/www.pressenza.com\/it\/#website\"},\"primaryImageOfPage\":{\"@id\":\"https:\/\/www.pressenza.com\/it\/2025\/05\/ungheria-appello-per-lasciar-sfilare-il-budapest-pride\/#primaryimage\"},\"image\":{\"@id\":\"https:\/\/www.pressenza.com\/it\/2025\/05\/ungheria-appello-per-lasciar-sfilare-il-budapest-pride\/#primaryimage\"},\"thumbnailUrl\":\"https:\/\/www.pressenza.com\/wp-content\/uploads\/2025\/05\/Pride-Budapest.jpeg\",\"datePublished\":\"2025-05-22T13:17:21+00:00\",\"description\":\"Per 30 anni, il Budapest Pride \u00e8 stato un momento di visibilit\u00e0, solidariet\u00e0 e libert\u00e0 in uno stato, l\u2019Ungheria, dove le persone Lgbtqia+ venivano\",\"breadcrumb\":{\"@id\":\"https:\/\/www.pressenza.com\/it\/2025\/05\/ungheria-appello-per-lasciar-sfilare-il-budapest-pride\/#breadcrumb\"},\"inLanguage\":\"it-IT\",\"potentialAction\":[{\"@type\":\"ReadAction\",\"target\":[\"https:\/\/www.pressenza.com\/it\/2025\/05\/ungheria-appello-per-lasciar-sfilare-il-budapest-pride\/\"]}]},{\"@type\":\"ImageObject\",\"inLanguage\":\"it-IT\",\"@id\":\"https:\/\/www.pressenza.com\/it\/2025\/05\/ungheria-appello-per-lasciar-sfilare-il-budapest-pride\/#primaryimage\",\"url\":\"https:\/\/www.pressenza.com\/wp-content\/uploads\/2025\/05\/Pride-Budapest.jpeg\",\"contentUrl\":\"https:\/\/www.pressenza.com\/wp-content\/uploads\/2025\/05\/Pride-Budapest.jpeg\",\"width\":500,\"height\":261},{\"@type\":\"BreadcrumbList\",\"@id\":\"https:\/\/www.pressenza.com\/it\/2025\/05\/ungheria-appello-per-lasciar-sfilare-il-budapest-pride\/#breadcrumb\",\"itemListElement\":[{\"@type\":\"ListItem\",\"position\":1,\"name\":\"Accueil\",\"item\":\"https:\/\/www.pressenza.com\/it\/\"},{\"@type\":\"ListItem\",\"position\":2,\"name\":\"Ungheria, appello per lasciar sfilare il Budapest Pride\"}]},{\"@type\":\"WebSite\",\"@id\":\"https:\/\/www.pressenza.com\/it\/#website\",\"url\":\"https:\/\/www.pressenza.com\/it\/\",\"name\":\"Pressenza\",\"description\":\"Agenzia di Stampa Internazionale\",\"publisher\":{\"@id\":\"https:\/\/www.pressenza.com\/it\/#organization\"},\"potentialAction\":[{\"@type\":\"SearchAction\",\"target\":{\"@type\":\"EntryPoint\",\"urlTemplate\":\"https:\/\/www.pressenza.com\/it\/?s={search_term_string}\"},\"query-input\":{\"@type\":\"PropertyValueSpecification\",\"valueRequired\":true,\"valueName\":\"search_term_string\"}}],\"inLanguage\":\"it-IT\"},{\"@type\":\"Organization\",\"@id\":\"https:\/\/www.pressenza.com\/it\/#organization\",\"name\":\"Pressenza\",\"url\":\"https:\/\/www.pressenza.com\/it\/\",\"logo\":{\"@type\":\"ImageObject\",\"inLanguage\":\"it-IT\",\"@id\":\"https:\/\/www.pressenza.com\/it\/#\/schema\/logo\/image\/\",\"url\":\"https:\/\/www.pressenza.com\/wp-content\/uploads\/2022\/10\/pressenza_logo_200x200.jpg\",\"contentUrl\":\"https:\/\/www.pressenza.com\/wp-content\/uploads\/2022\/10\/pressenza_logo_200x200.jpg\",\"width\":200,\"height\":200,\"caption\":\"Pressenza\"},\"image\":{\"@id\":\"https:\/\/www.pressenza.com\/it\/#\/schema\/logo\/image\/\"},\"sameAs\":[\"https:\/\/www.facebook.com\/PressenzaItalia\",\"https:\/\/x.com\/PressenzaIPA\"]},{\"@type\":\"Person\",\"@id\":\"https:\/\/www.pressenza.com\/it\/#\/schema\/person\/8f342cd59f9d5aae911255240684f81e\",\"name\":\"Riccardo Noury\",\"sameAs\":[\"http:\/\/www.amnesty.it\/\",\"https:\/\/www.facebook.com\/p\/Riccardo-Noury-100041166531808\/\",\"https:\/\/www.instagram.com\/riccardonoury9241\",\"https:\/\/x.com\/riccardonoury\"],\"url\":\"https:\/\/www.pressenza.com\/it\/author\/riccardo-noury\/\"}]}<\/script>\n<!-- \/ Yoast SEO plugin. -->","yoast_head_json":{"title":"Ungheria, appello per lasciar sfilare il Budapest Pride","description":"Per 30 anni, il Budapest Pride \u00e8 stato un momento di visibilit\u00e0, solidariet\u00e0 e libert\u00e0 in uno stato, l\u2019Ungheria, dove le persone Lgbtqia+ venivano","robots":{"index":"index","follow":"follow","max-snippet":"max-snippet:-1","max-image-preview":"max-image-preview:large","max-video-preview":"max-video-preview:-1"},"canonical":"https:\/\/www.pressenza.com\/it\/2025\/05\/ungheria-appello-per-lasciar-sfilare-il-budapest-pride\/","og_locale":"it_IT","og_type":"article","og_title":"Ungheria, appello per lasciar sfilare il Budapest Pride","og_description":"Per 30 anni, il Budapest Pride \u00e8 stato un momento di visibilit\u00e0, solidariet\u00e0 e libert\u00e0 in uno stato, l\u2019Ungheria, dove le persone Lgbtqia+ venivano","og_url":"https:\/\/www.pressenza.com\/it\/2025\/05\/ungheria-appello-per-lasciar-sfilare-il-budapest-pride\/","og_site_name":"Pressenza","article_publisher":"https:\/\/www.facebook.com\/PressenzaItalia","article_author":"https:\/\/www.facebook.com\/p\/Riccardo-Noury-100041166531808\/","article_published_time":"2025-05-22T13:17:21+00:00","og_image":[{"width":500,"height":261,"url":"https:\/\/www.pressenza.com\/wp-content\/uploads\/2025\/05\/Pride-Budapest.jpeg","type":"image\/jpeg"}],"author":"Riccardo Noury","twitter_card":"summary_large_image","twitter_creator":"@riccardonoury","twitter_site":"@PressenzaIPA","twitter_misc":{"Scritto da":"Riccardo Noury","Tempo di lettura stimato":"3 minuti"},"schema":{"@context":"https:\/\/schema.org","@graph":[{"@type":"Article","@id":"https:\/\/www.pressenza.com\/it\/2025\/05\/ungheria-appello-per-lasciar-sfilare-il-budapest-pride\/#article","isPartOf":{"@id":"https:\/\/www.pressenza.com\/it\/2025\/05\/ungheria-appello-per-lasciar-sfilare-il-budapest-pride\/"},"author":{"name":"Riccardo Noury","@id":"https:\/\/www.pressenza.com\/it\/#\/schema\/person\/8f342cd59f9d5aae911255240684f81e"},"headline":"Ungheria, appello per lasciar sfilare il Budapest Pride","datePublished":"2025-05-22T13:17:21+00:00","mainEntityOfPage":{"@id":"https:\/\/www.pressenza.com\/it\/2025\/05\/ungheria-appello-per-lasciar-sfilare-il-budapest-pride\/"},"wordCount":433,"publisher":{"@id":"https:\/\/www.pressenza.com\/it\/#organization"},"image":{"@id":"https:\/\/www.pressenza.com\/it\/2025\/05\/ungheria-appello-per-lasciar-sfilare-il-budapest-pride\/#primaryimage"},"thumbnailUrl":"https:\/\/www.pressenza.com\/wp-content\/uploads\/2025\/05\/Pride-Budapest.jpeg","keywords":["Amnesty International","appello","Budapest Pride","persone LGBTQIA","Ungheria","Victor Orban"],"articleSection":["Europa","Non discriminazione","Politica"],"inLanguage":"it-IT"},{"@type":"WebPage","@id":"https:\/\/www.pressenza.com\/it\/2025\/05\/ungheria-appello-per-lasciar-sfilare-il-budapest-pride\/","url":"https:\/\/www.pressenza.com\/it\/2025\/05\/ungheria-appello-per-lasciar-sfilare-il-budapest-pride\/","name":"Ungheria, appello per lasciar sfilare il Budapest Pride","isPartOf":{"@id":"https:\/\/www.pressenza.com\/it\/#website"},"primaryImageOfPage":{"@id":"https:\/\/www.pressenza.com\/it\/2025\/05\/ungheria-appello-per-lasciar-sfilare-il-budapest-pride\/#primaryimage"},"image":{"@id":"https:\/\/www.pressenza.com\/it\/2025\/05\/ungheria-appello-per-lasciar-sfilare-il-budapest-pride\/#primaryimage"},"thumbnailUrl":"https:\/\/www.pressenza.com\/wp-content\/uploads\/2025\/05\/Pride-Budapest.jpeg","datePublished":"2025-05-22T13:17:21+00:00","description":"Per 30 anni, il Budapest Pride \u00e8 stato un momento di visibilit\u00e0, solidariet\u00e0 e libert\u00e0 in uno stato, l\u2019Ungheria, dove le persone Lgbtqia+ venivano","breadcrumb":{"@id":"https:\/\/www.pressenza.com\/it\/2025\/05\/ungheria-appello-per-lasciar-sfilare-il-budapest-pride\/#breadcrumb"},"inLanguage":"it-IT","potentialAction":[{"@type":"ReadAction","target":["https:\/\/www.pressenza.com\/it\/2025\/05\/ungheria-appello-per-lasciar-sfilare-il-budapest-pride\/"]}]},{"@type":"ImageObject","inLanguage":"it-IT","@id":"https:\/\/www.pressenza.com\/it\/2025\/05\/ungheria-appello-per-lasciar-sfilare-il-budapest-pride\/#primaryimage","url":"https:\/\/www.pressenza.com\/wp-content\/uploads\/2025\/05\/Pride-Budapest.jpeg","contentUrl":"https:\/\/www.pressenza.com\/wp-content\/uploads\/2025\/05\/Pride-Budapest.jpeg","width":500,"height":261},{"@type":"BreadcrumbList","@id":"https:\/\/www.pressenza.com\/it\/2025\/05\/ungheria-appello-per-lasciar-sfilare-il-budapest-pride\/#breadcrumb","itemListElement":[{"@type":"ListItem","position":1,"name":"Accueil","item":"https:\/\/www.pressenza.com\/it\/"},{"@type":"ListItem","position":2,"name":"Ungheria, appello per lasciar sfilare il Budapest Pride"}]},{"@type":"WebSite","@id":"https:\/\/www.pressenza.com\/it\/#website","url":"https:\/\/www.pressenza.com\/it\/","name":"Pressenza","description":"Agenzia di Stampa Internazionale","publisher":{"@id":"https:\/\/www.pressenza.com\/it\/#organization"},"potentialAction":[{"@type":"SearchAction","target":{"@type":"EntryPoint","urlTemplate":"https:\/\/www.pressenza.com\/it\/?s={search_term_string}"},"query-input":{"@type":"PropertyValueSpecification","valueRequired":true,"valueName":"search_term_string"}}],"inLanguage":"it-IT"},{"@type":"Organization","@id":"https:\/\/www.pressenza.com\/it\/#organization","name":"Pressenza","url":"https:\/\/www.pressenza.com\/it\/","logo":{"@type":"ImageObject","inLanguage":"it-IT","@id":"https:\/\/www.pressenza.com\/it\/#\/schema\/logo\/image\/","url":"https:\/\/www.pressenza.com\/wp-content\/uploads\/2022\/10\/pressenza_logo_200x200.jpg","contentUrl":"https:\/\/www.pressenza.com\/wp-content\/uploads\/2022\/10\/pressenza_logo_200x200.jpg","width":200,"height":200,"caption":"Pressenza"},"image":{"@id":"https:\/\/www.pressenza.com\/it\/#\/schema\/logo\/image\/"},"sameAs":["https:\/\/www.facebook.com\/PressenzaItalia","https:\/\/x.com\/PressenzaIPA"]},{"@type":"Person","@id":"https:\/\/www.pressenza.com\/it\/#\/schema\/person\/8f342cd59f9d5aae911255240684f81e","name":"Riccardo Noury","sameAs":["http:\/\/www.amnesty.it\/","https:\/\/www.facebook.com\/p\/Riccardo-Noury-100041166531808\/","https:\/\/www.instagram.com\/riccardonoury9241","https:\/\/x.com\/riccardonoury"],"url":"https:\/\/www.pressenza.com\/it\/author\/riccardo-noury\/"}]}},"place":"","original_article_url":"","_links":{"self":[{"href":"https:\/\/www.pressenza.com\/it\/wp-json\/wp\/v2\/posts\/2606591","targetHints":{"allow":["GET"]}}],"collection":[{"href":"https:\/\/www.pressenza.com\/it\/wp-json\/wp\/v2\/posts"}],"about":[{"href":"https:\/\/www.pressenza.com\/it\/wp-json\/wp\/v2\/types\/post"}],"author":[{"embeddable":true,"href":"https:\/\/www.pressenza.com\/it\/wp-json\/wp\/v2\/users\/1334"}],"replies":[{"embeddable":true,"href":"https:\/\/www.pressenza.com\/it\/wp-json\/wp\/v2\/comments?post=2606591"}],"version-history":[{"count":0,"href":"https:\/\/www.pressenza.com\/it\/wp-json\/wp\/v2\/posts\/2606591\/revisions"}],"wp:featuredmedia":[{"embeddable":true,"href":"https:\/\/www.pressenza.com\/it\/wp-json\/wp\/v2\/media\/2606592"}],"wp:attachment":[{"href":"https:\/\/www.pressenza.com\/it\/wp-json\/wp\/v2\/media?parent=2606591"}],"wp:term":[{"taxonomy":"category","embeddable":true,"href":"https:\/\/www.pressenza.com\/it\/wp-json\/wp\/v2\/categories?post=2606591"},{"taxonomy":"post_tag","embeddable":true,"href":"https:\/\/www.pressenza.com\/it\/wp-json\/wp\/v2\/tags?post=2606591"}],"curies":[{"name":"wp","href":"https:\/\/api.w.org\/{rel}","templated":true}]}}