{"id":2605186,"date":"2025-05-15T20:40:02","date_gmt":"2025-05-15T19:40:02","guid":{"rendered":"https:\/\/www.pressenza.com\/?p=2605186"},"modified":"2025-05-15T20:40:02","modified_gmt":"2025-05-15T19:40:02","slug":"il-bisogno-indotto-della-guerra","status":"publish","type":"post","link":"https:\/\/www.pressenza.com\/it\/2025\/05\/il-bisogno-indotto-della-guerra\/","title":{"rendered":"Il bisogno indotto della guerra"},"content":{"rendered":"<p>Analizzare i modi attraverso cui l\u2019industria automobilistica, e in Italia dire auto nel XX secolo \u00e8 dire FIAT, si \u00e8 imposta a partire dagli inizi del \u2018900 \u00e8 emblematico rispetto alle modalit\u00e0 di affermazione del sistema capitalista. Il paesaggio modellato con le infrastrutture necessarie allo sviluppo del settore (strade, autostrade, ecc.), solidi legami col potere politico (meglio se di destra ma con capacit\u00e0 di adattarsi ai differenti schemi politici), attivit\u00e0 di lobbying, creazione del bisogno in modo tale da renderlo insopprimibile, l\u2019affermazione di una immagine di modernit\u00e0 in contrasto con la mobilit\u00e0 del passato basata su treni e tramvie.<\/p>\n<p>Spostiamo ora l\u2019attenzione sull\u2019ambito trainante dell\u2019economia capitalista del XXI secolo: l\u2019industria delle armi. Il complesso militare-industriale \u00e8 legato a filo doppio a un\u2019economia di guerra. E\u2019 tutto sommato l\u2019applicazione del modello consumista, la guerra \u00e8 la situazione in cui le armi si usano e si consumano incentivando sempre pi\u00f9 massicce produzioni. Pensiamo che l\u2019impulso al sistema industriale delle armi sia data da un fatto ineluttabile, ovvero la presenza dei conflitti armati in giro per il mondo, conflitti dovuti al nazionalismo, conflitti religiosi, etnici, politici. In realt\u00e0 occorre invertire il nesso causale.<\/p>\n<p>Le guerre ci sono poich\u00e9 indotte dal sistema industriale militare. In una logica capitalista che guarda al profitto e all\u2019accumulo di dividendi al di l\u00e0 di qualsiasi valutazione etica \u00e8 nella natura delle cose favorire situazioni di instabilit\u00e0 che portino poi a conflitti armati. Non \u00e8 poi cos\u00ec difficile farlo per il potentissimo sistema industriale di produzione di armi. Gli addentellati con la politica sono evidenti, le possibilit\u00e0 di giocare a tutto campo sugli scenari mondiali sconfinate. E\u2019 quanto \u00e8 avvenuto solo per fare un esempio di drammatica attualit\u00e0 in Ucraina.<\/p>\n<p>Tendiamo a vedere solo ci\u00f2 che \u00e8 palese ma chi ha favorito l\u2019instabilit\u00e0 e la drammatica apertura di conflitti armati \u00e8 chi pu\u00f2 fornire a dismisura armamenti guadagnando somme che si misurano nell\u2019ordine delle migliaia di miliardi. E dove sperimentare al meglio i nuovi sistemi d\u2019arma se non sul campo\u2026di battaglia. Le vittime civili e militari e la distruzione di beni materiali come test di innovativi \u201cprodotti\u201d. E non ci sono solo missili, artiglieria pesante, armi convenzionali. Gi\u00e0 hanno fatto irruzione da qualche anno i droni che permettono di far strage senza rischio alcuno. Ma ora la nuova frontiera \u00e8 fatta di iper-tech, intelligenza artificiale, armi cyber, big data, e questo lo avevano detto ad esempio Taiani e Crosetto. Avevano invitato a tener conto del fatto che attrezzarsi per la difesa non significava solo missili e cannoni ma appunto un bel po\u2019 di innovazioni immateriali.<\/p>\n<p>Ah, ora stiamo meglio! Il complesso militare-industriale influenza le politiche di investimento dei governi e la stessa percezione dei bisogni e dei rischi della popolazione. Interviene a tutto campo. E\u2019 capace di far passare la \u201cpubblicit\u00e0\u201d di una Russia che sta per attaccarci e da cui occorre difenderci investendo 800 miliardi in armi, indicendo quindi nella popolazione un bisogno che \u00e8 percepito come reale anche se ci\u00f2 \u00e8 solo negli interessi economici di qualcuno. Ma fa breccia e la fa persino tra le forze progressiste che non si sottraggono alle sirene del riarmo. E\u2019 in grado grazie al legame a doppio filo con gli eserciti di azioni pervasive anche a livello educativo. Sono diventate normali oramai le \u201clezioni\u201d dei militari nelle scuole, le visite didattiche alle forze armate e via dicendo. E fanno passare l\u2019imprescindibile difesa del Paese per difesa dei confini (minacciati in realt\u00e0 solo dai poveri cristi che arrivano da sud e da est) mentre la vera difesa dovrebbe essere a favore della salute, della scuola, dell\u2019ambiente.<\/p>\n<p>Naturalmente pi\u00f9 soldi per le armi significa meno investimenti in sanit\u00e0, scuola, ambiente , lavoro. Ma tutto sommato un popolo meno sano, pi\u00f9 povero, pi\u00f9 depresso, meno istruito, che viva in un ambiente degradato, si manipola meglio. Sarebbe sbagliato per\u00f2 pensare di invertire la rotta considerando il sistema industriale militare come un problema a s\u00e9. Creazione del bisogno, interconnessione del sistema economico con quello politico, attivit\u00e0 lobbistica, consumismo, sono pilastri del sistema capitalista per cui \u00e8 quello che va rovesciato.<\/p>\n<p>L\u2019obiettivo non pu\u00f2 che essere il comunismo. Non ovviamente quello burocratico e autoritario di sovietica memoria. Ma piuttosto il comunismo dei beni comuni, della decrescita e del marxismo ecologista teorizzato dal filosofo Sito Kohei. In ballo questa volta non ci sono solo le sorti del proletariato ma la sopravvivenza stessa dell\u2019umanit\u00e0.<\/p>\n","protected":false},"excerpt":{"rendered":"<p>Analizzare i modi attraverso cui l\u2019industria automobilistica, e in Italia dire auto nel XX secolo \u00e8 dire FIAT, si \u00e8 imposta a partire dagli inizi del \u2018900 \u00e8 emblematico rispetto alle modalit\u00e0 di affermazione del sistema capitalista. Il paesaggio modellato&hellip;<\/p>\n","protected":false},"author":2408,"featured_media":2605185,"comment_status":"closed","ping_status":"closed","sticky":false,"template":"","format":"standard","meta":{"footnotes":""},"categories":[11388,162,1263,57,496],"tags":[918,671,365,136956],"class_list":["post-2605186","post","type-post","status-publish","format-standard","has-post-thumbnail","hentry","category-contenuti-originali","category-opinioni","category-pace-disarmo","category-affari-esteri","category-scienza-tecnologia","tag-capitalismo","tag-decrescita","tag-guerra","tag-sito-kohei"],"yoast_head":"<!-- This site is optimized with the Yoast SEO plugin v27.1.1 - https:\/\/yoast.com\/product\/yoast-seo-wordpress\/ -->\n<title>Il bisogno indotto della guerra<\/title>\n<meta name=\"description\" content=\"Analizzare i modi attraverso cui l\u2019industria automobilistica, e in Italia dire auto nel XX secolo \u00e8 dire FIAT, si \u00e8 imposta a partire dagli inizi del \u2018900\" \/>\n<meta name=\"robots\" content=\"index, follow, max-snippet:-1, max-image-preview:large, max-video-preview:-1\" \/>\n<link rel=\"canonical\" href=\"https:\/\/www.pressenza.com\/it\/2025\/05\/il-bisogno-indotto-della-guerra\/\" \/>\n<meta property=\"og:locale\" content=\"it_IT\" \/>\n<meta property=\"og:type\" content=\"article\" \/>\n<meta property=\"og:title\" content=\"Il bisogno indotto della guerra\" \/>\n<meta property=\"og:description\" content=\"Analizzare i modi attraverso cui l\u2019industria automobilistica, e in Italia dire auto nel XX secolo \u00e8 dire FIAT, si \u00e8 imposta a partire dagli inizi del \u2018900\" \/>\n<meta property=\"og:url\" content=\"https:\/\/www.pressenza.com\/it\/2025\/05\/il-bisogno-indotto-della-guerra\/\" \/>\n<meta property=\"og:site_name\" content=\"Pressenza\" \/>\n<meta property=\"article:publisher\" content=\"https:\/\/www.facebook.com\/PressenzaItalia\" \/>\n<meta property=\"article:published_time\" content=\"2025-05-15T19:40:02+00:00\" \/>\n<meta property=\"og:image\" content=\"https:\/\/www.pressenza.com\/wp-content\/uploads\/2025\/05\/512px-The_Only_Sustainable_Growth_is_Degrowth.jpg\" \/>\n\t<meta property=\"og:image:width\" content=\"512\" \/>\n\t<meta property=\"og:image:height\" content=\"341\" \/>\n\t<meta property=\"og:image:type\" content=\"image\/jpeg\" \/>\n<meta name=\"author\" content=\"Giuseppe Paschetto\" \/>\n<meta name=\"twitter:card\" content=\"summary_large_image\" \/>\n<meta name=\"twitter:creator\" content=\"@PressenzaIPA\" \/>\n<meta name=\"twitter:site\" content=\"@PressenzaIPA\" \/>\n<meta name=\"twitter:label1\" content=\"Scritto da\" \/>\n\t<meta name=\"twitter:data1\" content=\"Giuseppe Paschetto\" \/>\n\t<meta name=\"twitter:label2\" content=\"Tempo di lettura stimato\" \/>\n\t<meta name=\"twitter:data2\" content=\"4 minuti\" \/>\n<script type=\"application\/ld+json\" class=\"yoast-schema-graph\">{\"@context\":\"https:\/\/schema.org\",\"@graph\":[{\"@type\":\"Article\",\"@id\":\"https:\/\/www.pressenza.com\/it\/2025\/05\/il-bisogno-indotto-della-guerra\/#article\",\"isPartOf\":{\"@id\":\"https:\/\/www.pressenza.com\/it\/2025\/05\/il-bisogno-indotto-della-guerra\/\"},\"author\":{\"name\":\"Giuseppe Paschetto\",\"@id\":\"https:\/\/www.pressenza.com\/it\/#\/schema\/person\/38543cd8aa34ae1bdab070ea588f807b\"},\"headline\":\"Il bisogno indotto della guerra\",\"datePublished\":\"2025-05-15T19:40:02+00:00\",\"mainEntityOfPage\":{\"@id\":\"https:\/\/www.pressenza.com\/it\/2025\/05\/il-bisogno-indotto-della-guerra\/\"},\"wordCount\":732,\"publisher\":{\"@id\":\"https:\/\/www.pressenza.com\/it\/#organization\"},\"image\":{\"@id\":\"https:\/\/www.pressenza.com\/it\/2025\/05\/il-bisogno-indotto-della-guerra\/#primaryimage\"},\"thumbnailUrl\":\"https:\/\/www.pressenza.com\/wp-content\/uploads\/2025\/05\/512px-The_Only_Sustainable_Growth_is_Degrowth.jpg\",\"keywords\":[\"capitalismo\",\"decrescita\",\"guerra\",\"Sito Kohei\"],\"articleSection\":[\"contenuti originali\",\"Opinioni\",\"Pace e Disarmo\",\"Questioni internazionali\",\"Scienza e Tecnologia\"],\"inLanguage\":\"it-IT\"},{\"@type\":\"WebPage\",\"@id\":\"https:\/\/www.pressenza.com\/it\/2025\/05\/il-bisogno-indotto-della-guerra\/\",\"url\":\"https:\/\/www.pressenza.com\/it\/2025\/05\/il-bisogno-indotto-della-guerra\/\",\"name\":\"Il bisogno indotto della guerra\",\"isPartOf\":{\"@id\":\"https:\/\/www.pressenza.com\/it\/#website\"},\"primaryImageOfPage\":{\"@id\":\"https:\/\/www.pressenza.com\/it\/2025\/05\/il-bisogno-indotto-della-guerra\/#primaryimage\"},\"image\":{\"@id\":\"https:\/\/www.pressenza.com\/it\/2025\/05\/il-bisogno-indotto-della-guerra\/#primaryimage\"},\"thumbnailUrl\":\"https:\/\/www.pressenza.com\/wp-content\/uploads\/2025\/05\/512px-The_Only_Sustainable_Growth_is_Degrowth.jpg\",\"datePublished\":\"2025-05-15T19:40:02+00:00\",\"description\":\"Analizzare i modi attraverso cui l\u2019industria automobilistica, e in Italia dire auto nel XX secolo \u00e8 dire FIAT, si \u00e8 imposta a partire dagli inizi del \u2018900\",\"breadcrumb\":{\"@id\":\"https:\/\/www.pressenza.com\/it\/2025\/05\/il-bisogno-indotto-della-guerra\/#breadcrumb\"},\"inLanguage\":\"it-IT\",\"potentialAction\":[{\"@type\":\"ReadAction\",\"target\":[\"https:\/\/www.pressenza.com\/it\/2025\/05\/il-bisogno-indotto-della-guerra\/\"]}]},{\"@type\":\"ImageObject\",\"inLanguage\":\"it-IT\",\"@id\":\"https:\/\/www.pressenza.com\/it\/2025\/05\/il-bisogno-indotto-della-guerra\/#primaryimage\",\"url\":\"https:\/\/www.pressenza.com\/wp-content\/uploads\/2025\/05\/512px-The_Only_Sustainable_Growth_is_Degrowth.jpg\",\"contentUrl\":\"https:\/\/www.pressenza.com\/wp-content\/uploads\/2025\/05\/512px-The_Only_Sustainable_Growth_is_Degrowth.jpg\",\"width\":512,\"height\":341,\"caption\":\"di Paul Sableman\"},{\"@type\":\"BreadcrumbList\",\"@id\":\"https:\/\/www.pressenza.com\/it\/2025\/05\/il-bisogno-indotto-della-guerra\/#breadcrumb\",\"itemListElement\":[{\"@type\":\"ListItem\",\"position\":1,\"name\":\"Accueil\",\"item\":\"https:\/\/www.pressenza.com\/it\/\"},{\"@type\":\"ListItem\",\"position\":2,\"name\":\"Il bisogno indotto della guerra\"}]},{\"@type\":\"WebSite\",\"@id\":\"https:\/\/www.pressenza.com\/it\/#website\",\"url\":\"https:\/\/www.pressenza.com\/it\/\",\"name\":\"Pressenza\",\"description\":\"Agenzia di Stampa Internazionale\",\"publisher\":{\"@id\":\"https:\/\/www.pressenza.com\/it\/#organization\"},\"potentialAction\":[{\"@type\":\"SearchAction\",\"target\":{\"@type\":\"EntryPoint\",\"urlTemplate\":\"https:\/\/www.pressenza.com\/it\/?s={search_term_string}\"},\"query-input\":{\"@type\":\"PropertyValueSpecification\",\"valueRequired\":true,\"valueName\":\"search_term_string\"}}],\"inLanguage\":\"it-IT\"},{\"@type\":\"Organization\",\"@id\":\"https:\/\/www.pressenza.com\/it\/#organization\",\"name\":\"Pressenza\",\"url\":\"https:\/\/www.pressenza.com\/it\/\",\"logo\":{\"@type\":\"ImageObject\",\"inLanguage\":\"it-IT\",\"@id\":\"https:\/\/www.pressenza.com\/it\/#\/schema\/logo\/image\/\",\"url\":\"https:\/\/www.pressenza.com\/wp-content\/uploads\/2022\/10\/pressenza_logo_200x200.jpg\",\"contentUrl\":\"https:\/\/www.pressenza.com\/wp-content\/uploads\/2022\/10\/pressenza_logo_200x200.jpg\",\"width\":200,\"height\":200,\"caption\":\"Pressenza\"},\"image\":{\"@id\":\"https:\/\/www.pressenza.com\/it\/#\/schema\/logo\/image\/\"},\"sameAs\":[\"https:\/\/www.facebook.com\/PressenzaItalia\",\"https:\/\/x.com\/PressenzaIPA\"]},{\"@type\":\"Person\",\"@id\":\"https:\/\/www.pressenza.com\/it\/#\/schema\/person\/38543cd8aa34ae1bdab070ea588f807b\",\"name\":\"Giuseppe Paschetto\",\"url\":\"https:\/\/www.pressenza.com\/it\/author\/giuseppe-paschetto\/\"}]}<\/script>\n<!-- \/ Yoast SEO plugin. -->","yoast_head_json":{"title":"Il bisogno indotto della guerra","description":"Analizzare i modi attraverso cui l\u2019industria automobilistica, e in Italia dire auto nel XX secolo \u00e8 dire FIAT, si \u00e8 imposta a partire dagli inizi del \u2018900","robots":{"index":"index","follow":"follow","max-snippet":"max-snippet:-1","max-image-preview":"max-image-preview:large","max-video-preview":"max-video-preview:-1"},"canonical":"https:\/\/www.pressenza.com\/it\/2025\/05\/il-bisogno-indotto-della-guerra\/","og_locale":"it_IT","og_type":"article","og_title":"Il bisogno indotto della guerra","og_description":"Analizzare i modi attraverso cui l\u2019industria automobilistica, e in Italia dire auto nel XX secolo \u00e8 dire FIAT, si \u00e8 imposta a partire dagli inizi del \u2018900","og_url":"https:\/\/www.pressenza.com\/it\/2025\/05\/il-bisogno-indotto-della-guerra\/","og_site_name":"Pressenza","article_publisher":"https:\/\/www.facebook.com\/PressenzaItalia","article_published_time":"2025-05-15T19:40:02+00:00","og_image":[{"width":512,"height":341,"url":"https:\/\/www.pressenza.com\/wp-content\/uploads\/2025\/05\/512px-The_Only_Sustainable_Growth_is_Degrowth.jpg","type":"image\/jpeg"}],"author":"Giuseppe Paschetto","twitter_card":"summary_large_image","twitter_creator":"@PressenzaIPA","twitter_site":"@PressenzaIPA","twitter_misc":{"Scritto da":"Giuseppe Paschetto","Tempo di lettura stimato":"4 minuti"},"schema":{"@context":"https:\/\/schema.org","@graph":[{"@type":"Article","@id":"https:\/\/www.pressenza.com\/it\/2025\/05\/il-bisogno-indotto-della-guerra\/#article","isPartOf":{"@id":"https:\/\/www.pressenza.com\/it\/2025\/05\/il-bisogno-indotto-della-guerra\/"},"author":{"name":"Giuseppe Paschetto","@id":"https:\/\/www.pressenza.com\/it\/#\/schema\/person\/38543cd8aa34ae1bdab070ea588f807b"},"headline":"Il bisogno indotto della guerra","datePublished":"2025-05-15T19:40:02+00:00","mainEntityOfPage":{"@id":"https:\/\/www.pressenza.com\/it\/2025\/05\/il-bisogno-indotto-della-guerra\/"},"wordCount":732,"publisher":{"@id":"https:\/\/www.pressenza.com\/it\/#organization"},"image":{"@id":"https:\/\/www.pressenza.com\/it\/2025\/05\/il-bisogno-indotto-della-guerra\/#primaryimage"},"thumbnailUrl":"https:\/\/www.pressenza.com\/wp-content\/uploads\/2025\/05\/512px-The_Only_Sustainable_Growth_is_Degrowth.jpg","keywords":["capitalismo","decrescita","guerra","Sito Kohei"],"articleSection":["contenuti originali","Opinioni","Pace e Disarmo","Questioni internazionali","Scienza e Tecnologia"],"inLanguage":"it-IT"},{"@type":"WebPage","@id":"https:\/\/www.pressenza.com\/it\/2025\/05\/il-bisogno-indotto-della-guerra\/","url":"https:\/\/www.pressenza.com\/it\/2025\/05\/il-bisogno-indotto-della-guerra\/","name":"Il bisogno indotto della guerra","isPartOf":{"@id":"https:\/\/www.pressenza.com\/it\/#website"},"primaryImageOfPage":{"@id":"https:\/\/www.pressenza.com\/it\/2025\/05\/il-bisogno-indotto-della-guerra\/#primaryimage"},"image":{"@id":"https:\/\/www.pressenza.com\/it\/2025\/05\/il-bisogno-indotto-della-guerra\/#primaryimage"},"thumbnailUrl":"https:\/\/www.pressenza.com\/wp-content\/uploads\/2025\/05\/512px-The_Only_Sustainable_Growth_is_Degrowth.jpg","datePublished":"2025-05-15T19:40:02+00:00","description":"Analizzare i modi attraverso cui l\u2019industria automobilistica, e in Italia dire auto nel XX secolo \u00e8 dire FIAT, si \u00e8 imposta a partire dagli inizi del \u2018900","breadcrumb":{"@id":"https:\/\/www.pressenza.com\/it\/2025\/05\/il-bisogno-indotto-della-guerra\/#breadcrumb"},"inLanguage":"it-IT","potentialAction":[{"@type":"ReadAction","target":["https:\/\/www.pressenza.com\/it\/2025\/05\/il-bisogno-indotto-della-guerra\/"]}]},{"@type":"ImageObject","inLanguage":"it-IT","@id":"https:\/\/www.pressenza.com\/it\/2025\/05\/il-bisogno-indotto-della-guerra\/#primaryimage","url":"https:\/\/www.pressenza.com\/wp-content\/uploads\/2025\/05\/512px-The_Only_Sustainable_Growth_is_Degrowth.jpg","contentUrl":"https:\/\/www.pressenza.com\/wp-content\/uploads\/2025\/05\/512px-The_Only_Sustainable_Growth_is_Degrowth.jpg","width":512,"height":341,"caption":"di Paul Sableman"},{"@type":"BreadcrumbList","@id":"https:\/\/www.pressenza.com\/it\/2025\/05\/il-bisogno-indotto-della-guerra\/#breadcrumb","itemListElement":[{"@type":"ListItem","position":1,"name":"Accueil","item":"https:\/\/www.pressenza.com\/it\/"},{"@type":"ListItem","position":2,"name":"Il bisogno indotto della guerra"}]},{"@type":"WebSite","@id":"https:\/\/www.pressenza.com\/it\/#website","url":"https:\/\/www.pressenza.com\/it\/","name":"Pressenza","description":"Agenzia di Stampa Internazionale","publisher":{"@id":"https:\/\/www.pressenza.com\/it\/#organization"},"potentialAction":[{"@type":"SearchAction","target":{"@type":"EntryPoint","urlTemplate":"https:\/\/www.pressenza.com\/it\/?s={search_term_string}"},"query-input":{"@type":"PropertyValueSpecification","valueRequired":true,"valueName":"search_term_string"}}],"inLanguage":"it-IT"},{"@type":"Organization","@id":"https:\/\/www.pressenza.com\/it\/#organization","name":"Pressenza","url":"https:\/\/www.pressenza.com\/it\/","logo":{"@type":"ImageObject","inLanguage":"it-IT","@id":"https:\/\/www.pressenza.com\/it\/#\/schema\/logo\/image\/","url":"https:\/\/www.pressenza.com\/wp-content\/uploads\/2022\/10\/pressenza_logo_200x200.jpg","contentUrl":"https:\/\/www.pressenza.com\/wp-content\/uploads\/2022\/10\/pressenza_logo_200x200.jpg","width":200,"height":200,"caption":"Pressenza"},"image":{"@id":"https:\/\/www.pressenza.com\/it\/#\/schema\/logo\/image\/"},"sameAs":["https:\/\/www.facebook.com\/PressenzaItalia","https:\/\/x.com\/PressenzaIPA"]},{"@type":"Person","@id":"https:\/\/www.pressenza.com\/it\/#\/schema\/person\/38543cd8aa34ae1bdab070ea588f807b","name":"Giuseppe Paschetto","url":"https:\/\/www.pressenza.com\/it\/author\/giuseppe-paschetto\/"}]}},"place":"","original_article_url":"","_links":{"self":[{"href":"https:\/\/www.pressenza.com\/it\/wp-json\/wp\/v2\/posts\/2605186","targetHints":{"allow":["GET"]}}],"collection":[{"href":"https:\/\/www.pressenza.com\/it\/wp-json\/wp\/v2\/posts"}],"about":[{"href":"https:\/\/www.pressenza.com\/it\/wp-json\/wp\/v2\/types\/post"}],"author":[{"embeddable":true,"href":"https:\/\/www.pressenza.com\/it\/wp-json\/wp\/v2\/users\/2408"}],"replies":[{"embeddable":true,"href":"https:\/\/www.pressenza.com\/it\/wp-json\/wp\/v2\/comments?post=2605186"}],"version-history":[{"count":0,"href":"https:\/\/www.pressenza.com\/it\/wp-json\/wp\/v2\/posts\/2605186\/revisions"}],"wp:featuredmedia":[{"embeddable":true,"href":"https:\/\/www.pressenza.com\/it\/wp-json\/wp\/v2\/media\/2605185"}],"wp:attachment":[{"href":"https:\/\/www.pressenza.com\/it\/wp-json\/wp\/v2\/media?parent=2605186"}],"wp:term":[{"taxonomy":"category","embeddable":true,"href":"https:\/\/www.pressenza.com\/it\/wp-json\/wp\/v2\/categories?post=2605186"},{"taxonomy":"post_tag","embeddable":true,"href":"https:\/\/www.pressenza.com\/it\/wp-json\/wp\/v2\/tags?post=2605186"}],"curies":[{"name":"wp","href":"https:\/\/api.w.org\/{rel}","templated":true}]}}