{"id":2605107,"date":"2025-05-15T11:09:47","date_gmt":"2025-05-15T10:09:47","guid":{"rendered":"https:\/\/www.pressenza.com\/?p=2605107"},"modified":"2025-05-15T11:10:53","modified_gmt":"2025-05-15T10:10:53","slug":"convegno-e-assemblea-nazionale-dellosservatorio-contro-la-militarizzazione-delle-scuole-e-delle-universita","status":"publish","type":"post","link":"https:\/\/www.pressenza.com\/it\/2025\/05\/convegno-e-assemblea-nazionale-dellosservatorio-contro-la-militarizzazione-delle-scuole-e-delle-universita\/","title":{"rendered":"Convegno e Assemblea Nazionale dell\u2019Osservatorio contro la militarizzazione delle scuole e delle universit\u00e0"},"content":{"rendered":"<p><strong>16 maggio 2025<\/strong><\/p>\n<p><strong>Spin Time<\/strong><\/p>\n<p><strong>Via di Santa Croce di Gerusalemme 55, Roma<\/strong><\/p>\n<p>Dopo l\u2019esperienza positiva dello scorso anno (<a href=\"https:\/\/osservatorionomilscuola.com\/tag\/convegno-nazionale-roma\/\" data-type=\"post_tag\" data-id=\"766535687\"><strong>clicca qui per tutti i riferimenti<\/strong><\/a>), l\u2019<strong><em>Associazione Nazionale \u201cPer la Scuola della Repubblica<\/em><\/strong><em>\u201c-\u00a0<\/em><strong><em>OdV<\/em><\/strong>, (soggetto accreditato alla formazione Decreto MIUR 5.7.2013 Elenco Enti Accreditati\/Qualificati 23.11.2016) insieme all\u2019<em><strong>Osservatorio contro la militarizzazione delle scuole e delle universit\u00e0<\/strong><\/em>\u00a0hanno organizzato a\u00a0<strong>Roma\u00a0<\/strong>per il 16 maggio 2025 un\u00a0<strong>Convegno nazionale<\/strong>\u00a0in presenza e online sul processo di militarizzazione dei luoghi della formazione e sulla necessit\u00e0 di costruire percorsi di pace all\u2019interno di un quadro europeo e mondiale che vira inesorabilmente verso un conflitto globale.<\/p>\n<p>Il corso, aperto a tutta la cittadinanza e gratuito, rientra nell\u2019ambito della Formazione docente; tutto il personale scolastico \u00e8 esonerato per tutta la giornata dal servizio, ai sensi del CCNL vigente. Per iscrizione del personale a tempo indeterminato\u00a0<strong>Codice SOFIA 98693<\/strong>\u00a0(<a href=\"https:\/\/sofia.istruzione.it\/\"><strong>clicca qui per aprire la piattaforma SOFIA<\/strong><\/a>, accedi con SPID e cerca il corso con il codice\u00a0<strong>9<\/strong>8693). Al convegno si potr\u00e0 partecipare anche da remoto con il link\u00a0<a href=\"https:\/\/us02web.zoom.us\/j\/84347922587?pwd=poPvxORKgLQxohsaP3YT8rJOMUWHuq.1\"><strong>https:\/\/us02web.zoom.us\/j\/84347922587?pwd=poPvxORKgLQxohsaP3YT8rJOMUWHuq.1<\/strong><\/a>\u00a0su piattaforma ZOOM:<\/p>\n<p>Coloro che volessero informazioni e il personale a tempo determinato possono inviare un messaggio o telefonare al n. 347-9421408<strong>\u00a0(Cosimo Forleo<\/strong>). Prenotazioni fino ad esaurimento posti.<\/p>\n<p><em>\u00abIl 6 marzo scorso, a Bruxelles, il Consiglio europeo dei capi di Stato e di governo ha approvato ufficialmente<\/em><strong><em>\u00a0ReArm Europe<\/em><\/strong><em>, il piano per il riarmo europeo da 800 miliardi di euro per potenziare la difesa comune. 800 miliardi che saranno sottratti alle spese sociali (sanit\u00e0, scuola, trasporti\u2026), nonostante le difficolt\u00e0 economiche che oggi attraversano le maggiori potenze continentali. Di pi\u00f9, il riarmo \u00e8 indicato anche come un credibile volano, grazie alla cooperazione fra capitale pubblico e privato, per lo sviluppo economico europeo. [\u2026] Come negli anni che precedettero la prima guerra mondiale, tanti, troppi, intellettuali stanno assecondando questa escalation bellica. C\u2019\u00e8 chi ribadisce la superiorit\u00e0 intellettuale\/culturale del mondo occidentale (roba da far impallidire persino le teorizzazioni del Darwinismo sociale) e chi si rammarica nel vedere una giovent\u00f9 europea incline alle \u201cmollezze\u201d e, quindi, poco disponibile alla guerra. [\u2026] Impediamo che ragazze e ragazzi siano quotidianamente oggetto della propaganda militare, facciamo vivere nei processi didattici la bellezza dell\u2019educazione alla pace, perch\u00e9 la nostra Costituzione ripudia la guerra. Ma, soprattutto, perch\u00e9 solo degli irresponsabili verso l\u2019intera umanit\u00e0, possono essere tanto indifferenti di fronte ai conflitti da auspicarli e prepararli\u00bb\u2026 dal\u00a0<a href=\"https:\/\/osservatorionomilscuola.com\/2025\/04\/16\/bollettino-osservatorio-3-aprile-2025-stampalo-diffondilo-scuola\/\"><strong>Bollettino n. 3 dell\u2019Osservatorio contro la militarizzazione delle scuole e delle universit\u00e0.<\/strong><\/a><\/em><\/p>\n<p><strong>PROGRAMMA 16 MAGGIO 2025<\/strong><\/p>\n<p><strong>MATTINO (9.00-13.00)<\/strong><\/p>\n<p>8.30 Accoglienza e registrazione dei partecipanti<br \/>\n<strong>Moderatrice\u00a0Alessandra Alberti<\/strong><\/p>\n<p><em><strong>Scuole e Universit\u00e0 di Pace. Fermiamo la follia della guerra<\/strong><\/em><strong><em><br \/>\n<\/em><\/strong><strong>Ludovico Chianese<\/strong>, Presidente\u00a0<em>Osservatorio contro la militarizzazione delle scuole e delle universit\u00e0<\/em><\/p>\n<p><em><strong>La scuola del ReArm Europe: insegnare le competenze di guerra<\/strong><\/em><strong><em><br \/>\n<\/em><\/strong><strong>Anna Angelucci<\/strong>, Presidente\u00a0<em>Associazione Nazionale Per la Scuola della Repubblica OdV<\/em><\/p>\n<p><em><strong>Il sistema guerra. Ideologia e pratica dello sterminio nell\u2019et\u00e0 del turbocapitalismo<\/strong><\/em><strong><em><br \/>\n<\/em><\/strong><strong>Angelo d\u2019Orsi<\/strong>, Gi\u00e0 Ordinario di Storia del pensiero politico, Universit\u00e0 degli Studi di Torino<\/p>\n<p><em><strong>Il commercio di armi mondiale e il ruolo dell\u2019Italia<\/strong><\/em><strong><em><br \/>\n<\/em><\/strong><strong>Futura D\u2019Aprile<\/strong>, Giornalista freelance \u2013 I<em>l Fatto Quotidiano, Domani, Altraeconomia<\/em><\/p>\n<p>Pausa caff\u00e8<\/p>\n<p><strong>Moderatrice\u00a0Maria Teresa Silvestrini<\/strong><\/p>\n<p><em><strong>La costruzione sociale della guerra. Una prospettiva di analisi<\/strong><\/em><strong><em><br \/>\n<\/em><\/strong><strong>Maria Perino,<\/strong>\u00a0Gi\u00e0 docente di Analisi dei Processi Migratori all\u2019Universit\u00e0 del Piemonte Orientale<\/p>\n<p><em><strong>Sull\u2019orlo dell\u2019abisso: nonviolenza o non-esistenza<\/strong><\/em><br \/>\n<strong>Alex Zanotelli,<\/strong>\u00a0Missionario comboniano, Direttore Mosaico di Pace<\/p>\n<p><strong>POMERIGGIO (14.30-18.00)<\/strong><\/p>\n<p><strong>Moderatore\u00a0Michele Lucivero<\/strong><\/p>\n<p><em><strong>Il ritorno della leva e l\u2019impatto sulla scuola<\/strong><\/em><strong><em><br \/>\n<\/em><\/strong><strong>Serena Tusini<\/strong>, Docente\u00a0<em>Osservatorio contro la militarizzazione delle scuole e delle universit\u00e0<\/em><\/p>\n<p><strong>Militarismo e antimilitarismo in Turchia e Israele<\/strong><strong><br \/>\nMurat Cinar<\/strong>, Giornalista freelance<\/p>\n<p><strong>Umanit\u00e0 violata. La pace e il diritto internazionale<\/strong><strong><br \/>\nRoberta de Monticelli,<\/strong>\u00a0Gi\u00e0 docente di Filosofia all\u2019Universit\u00e0 di Ginevra e all\u2019Universit\u00e0 San Raffaele di Milano<\/p>\n<p>Previsto intervento di rappresentanti di associazioni studentesche e dibattito<\/p>\n<p><strong>Conclusioni<\/strong>:\u00a0<em><strong>Pace e diritti, decolonizzare il pensiero per costruire nuovi percorsi didattico-educativi<\/strong><\/em><br \/>\n<strong>Antonino De Cristofaro<\/strong>, Docente\u00a0<em>Osservatorio contro la militarizzazione delle scuole e delle universit\u00e0<\/em><\/p>\n<p><strong>17 maggio 2025<\/strong><\/p>\n<p><strong>Assemblea Nazionale Osservatorio contro la militarizzazione delle scuole e delle universit\u00e0<\/strong><\/p>\n<h4>Ore 9.00-18.00<\/h4>\n<h4>Sede nazionale\u00a0UAAR (Unione degli Atei e degli Agnostici Razionalisti), via Francesco Negri 67\/69, ROMA<\/h4>\n<p><strong>\u00a0<\/strong><\/p>\n","protected":false},"excerpt":{"rendered":"<p>16 maggio 2025 Spin Time Via di Santa Croce di Gerusalemme 55, Roma Dopo l\u2019esperienza positiva dello scorso anno (clicca qui per tutti i riferimenti), l\u2019Associazione Nazionale \u201cPer la Scuola della Repubblica\u201c-\u00a0OdV, (soggetto accreditato alla formazione Decreto MIUR 5.7.2013 Elenco&hellip;<\/p>\n","protected":false},"author":2442,"featured_media":1529655,"comment_status":"closed","ping_status":"closed","sticky":false,"template":"","format":"standard","meta":{"footnotes":""},"categories":[150,1258,47,1263],"tags":[2504,1800,116011,37719],"class_list":["post-2605107","post","type-post","status-publish","format-standard","has-post-thumbnail","hentry","category-comunicati-stampa","category-educazione","category-europa","category-pace-disarmo","tag-assemblea","tag-convegno","tag-osservatorio-contro-la-militarizzazione-delle-scuole-e-delle-universita","tag-riarmo"],"yoast_head":"<!-- This site is optimized with the Yoast SEO plugin v27.1.1 - https:\/\/yoast.com\/product\/yoast-seo-wordpress\/ -->\n<title>Convegno e Assemblea Nazionale dell\u2019Osservatorio contro la militarizzazione delle scuole e delle universit\u00e0<\/title>\n<meta name=\"description\" content=\"16 maggio 2025 Spin Time Via di Santa Croce di Gerusalemme 55, Roma Dopo l\u2019esperienza positiva dello scorso anno (clicca qui per tutti i riferimenti),\" \/>\n<meta name=\"robots\" content=\"index, follow, max-snippet:-1, max-image-preview:large, max-video-preview:-1\" \/>\n<link rel=\"canonical\" href=\"https:\/\/www.pressenza.com\/it\/2025\/05\/convegno-e-assemblea-nazionale-dellosservatorio-contro-la-militarizzazione-delle-scuole-e-delle-universita\/\" \/>\n<meta property=\"og:locale\" content=\"it_IT\" \/>\n<meta property=\"og:type\" content=\"article\" \/>\n<meta property=\"og:title\" content=\"Convegno e Assemblea Nazionale dell\u2019Osservatorio contro la militarizzazione delle scuole e delle universit\u00e0\" \/>\n<meta property=\"og:description\" content=\"16 maggio 2025 Spin Time Via di Santa Croce di Gerusalemme 55, Roma Dopo l\u2019esperienza positiva dello scorso anno (clicca qui per tutti i riferimenti),\" \/>\n<meta property=\"og:url\" content=\"https:\/\/www.pressenza.com\/it\/2025\/05\/convegno-e-assemblea-nazionale-dellosservatorio-contro-la-militarizzazione-delle-scuole-e-delle-universita\/\" \/>\n<meta property=\"og:site_name\" content=\"Pressenza\" \/>\n<meta property=\"article:publisher\" content=\"https:\/\/www.facebook.com\/PressenzaItalia\" \/>\n<meta property=\"article:author\" content=\"https:\/\/www.facebook.com\/OsservatorioNOMS\" \/>\n<meta property=\"article:published_time\" content=\"2025-05-15T10:09:47+00:00\" \/>\n<meta property=\"article:modified_time\" content=\"2025-05-15T10:10:53+00:00\" \/>\n<meta property=\"og:image\" content=\"https:\/\/www.pressenza.com\/wp-content\/uploads\/2022\/02\/Milano-contro-la-guerra-4.jpg\" \/>\n\t<meta property=\"og:image:width\" content=\"820\" \/>\n\t<meta property=\"og:image:height\" content=\"540\" \/>\n\t<meta property=\"og:image:type\" content=\"image\/jpeg\" \/>\n<meta name=\"author\" content=\"Osservatorio contro la militarizzazione delle scuole e delle universit\u00e0\" \/>\n<meta name=\"twitter:card\" content=\"summary_large_image\" \/>\n<meta name=\"twitter:creator\" content=\"@ossnomiliscuole\" \/>\n<meta name=\"twitter:site\" content=\"@PressenzaIPA\" \/>\n<meta name=\"twitter:label1\" content=\"Scritto da\" \/>\n\t<meta name=\"twitter:data1\" content=\"Osservatorio contro la militarizzazione delle scuole e delle universit\u00e0\" \/>\n\t<meta name=\"twitter:label2\" content=\"Tempo di lettura stimato\" \/>\n\t<meta name=\"twitter:data2\" content=\"4 minuti\" \/>\n<script type=\"application\/ld+json\" class=\"yoast-schema-graph\">{\"@context\":\"https:\/\/schema.org\",\"@graph\":[{\"@type\":\"Article\",\"@id\":\"https:\/\/www.pressenza.com\/it\/2025\/05\/convegno-e-assemblea-nazionale-dellosservatorio-contro-la-militarizzazione-delle-scuole-e-delle-universita\/#article\",\"isPartOf\":{\"@id\":\"https:\/\/www.pressenza.com\/it\/2025\/05\/convegno-e-assemblea-nazionale-dellosservatorio-contro-la-militarizzazione-delle-scuole-e-delle-universita\/\"},\"author\":{\"name\":\"Osservatorio contro la militarizzazione delle scuole e delle universit\u00e0\",\"@id\":\"https:\/\/www.pressenza.com\/it\/#\/schema\/person\/fdf1ddd63c086a63e7faf4c9680c82e8\"},\"headline\":\"Convegno e Assemblea Nazionale dell\u2019Osservatorio contro la militarizzazione delle scuole e delle universit\u00e0\",\"datePublished\":\"2025-05-15T10:09:47+00:00\",\"dateModified\":\"2025-05-15T10:10:53+00:00\",\"mainEntityOfPage\":{\"@id\":\"https:\/\/www.pressenza.com\/it\/2025\/05\/convegno-e-assemblea-nazionale-dellosservatorio-contro-la-militarizzazione-delle-scuole-e-delle-universita\/\"},\"wordCount\":689,\"publisher\":{\"@id\":\"https:\/\/www.pressenza.com\/it\/#organization\"},\"image\":{\"@id\":\"https:\/\/www.pressenza.com\/it\/2025\/05\/convegno-e-assemblea-nazionale-dellosservatorio-contro-la-militarizzazione-delle-scuole-e-delle-universita\/#primaryimage\"},\"thumbnailUrl\":\"https:\/\/www.pressenza.com\/wp-content\/uploads\/2022\/02\/Milano-contro-la-guerra-4.jpg\",\"keywords\":[\"assemblea\",\"convegno\",\"Osservatorio contro la militarizzazione delle scuole e delle universit\u00e0\",\"riarmo\"],\"articleSection\":[\"Comunicati Stampa\",\"Educazione\",\"Europa\",\"Pace e Disarmo\"],\"inLanguage\":\"it-IT\"},{\"@type\":\"WebPage\",\"@id\":\"https:\/\/www.pressenza.com\/it\/2025\/05\/convegno-e-assemblea-nazionale-dellosservatorio-contro-la-militarizzazione-delle-scuole-e-delle-universita\/\",\"url\":\"https:\/\/www.pressenza.com\/it\/2025\/05\/convegno-e-assemblea-nazionale-dellosservatorio-contro-la-militarizzazione-delle-scuole-e-delle-universita\/\",\"name\":\"Convegno e Assemblea Nazionale dell\u2019Osservatorio contro la militarizzazione delle scuole e delle universit\u00e0\",\"isPartOf\":{\"@id\":\"https:\/\/www.pressenza.com\/it\/#website\"},\"primaryImageOfPage\":{\"@id\":\"https:\/\/www.pressenza.com\/it\/2025\/05\/convegno-e-assemblea-nazionale-dellosservatorio-contro-la-militarizzazione-delle-scuole-e-delle-universita\/#primaryimage\"},\"image\":{\"@id\":\"https:\/\/www.pressenza.com\/it\/2025\/05\/convegno-e-assemblea-nazionale-dellosservatorio-contro-la-militarizzazione-delle-scuole-e-delle-universita\/#primaryimage\"},\"thumbnailUrl\":\"https:\/\/www.pressenza.com\/wp-content\/uploads\/2022\/02\/Milano-contro-la-guerra-4.jpg\",\"datePublished\":\"2025-05-15T10:09:47+00:00\",\"dateModified\":\"2025-05-15T10:10:53+00:00\",\"description\":\"16 maggio 2025 Spin Time Via di Santa Croce di Gerusalemme 55, Roma Dopo l\u2019esperienza positiva dello scorso anno (clicca qui per tutti i riferimenti),\",\"breadcrumb\":{\"@id\":\"https:\/\/www.pressenza.com\/it\/2025\/05\/convegno-e-assemblea-nazionale-dellosservatorio-contro-la-militarizzazione-delle-scuole-e-delle-universita\/#breadcrumb\"},\"inLanguage\":\"it-IT\",\"potentialAction\":[{\"@type\":\"ReadAction\",\"target\":[\"https:\/\/www.pressenza.com\/it\/2025\/05\/convegno-e-assemblea-nazionale-dellosservatorio-contro-la-militarizzazione-delle-scuole-e-delle-universita\/\"]}]},{\"@type\":\"ImageObject\",\"inLanguage\":\"it-IT\",\"@id\":\"https:\/\/www.pressenza.com\/it\/2025\/05\/convegno-e-assemblea-nazionale-dellosservatorio-contro-la-militarizzazione-delle-scuole-e-delle-universita\/#primaryimage\",\"url\":\"https:\/\/www.pressenza.com\/wp-content\/uploads\/2022\/02\/Milano-contro-la-guerra-4.jpg\",\"contentUrl\":\"https:\/\/www.pressenza.com\/wp-content\/uploads\/2022\/02\/Milano-contro-la-guerra-4.jpg\",\"width\":820,\"height\":540},{\"@type\":\"BreadcrumbList\",\"@id\":\"https:\/\/www.pressenza.com\/it\/2025\/05\/convegno-e-assemblea-nazionale-dellosservatorio-contro-la-militarizzazione-delle-scuole-e-delle-universita\/#breadcrumb\",\"itemListElement\":[{\"@type\":\"ListItem\",\"position\":1,\"name\":\"Accueil\",\"item\":\"https:\/\/www.pressenza.com\/it\/\"},{\"@type\":\"ListItem\",\"position\":2,\"name\":\"Convegno e Assemblea Nazionale dell\u2019Osservatorio contro la militarizzazione delle scuole e delle universit\u00e0\"}]},{\"@type\":\"WebSite\",\"@id\":\"https:\/\/www.pressenza.com\/it\/#website\",\"url\":\"https:\/\/www.pressenza.com\/it\/\",\"name\":\"Pressenza\",\"description\":\"Agenzia di Stampa Internazionale\",\"publisher\":{\"@id\":\"https:\/\/www.pressenza.com\/it\/#organization\"},\"potentialAction\":[{\"@type\":\"SearchAction\",\"target\":{\"@type\":\"EntryPoint\",\"urlTemplate\":\"https:\/\/www.pressenza.com\/it\/?s={search_term_string}\"},\"query-input\":{\"@type\":\"PropertyValueSpecification\",\"valueRequired\":true,\"valueName\":\"search_term_string\"}}],\"inLanguage\":\"it-IT\"},{\"@type\":\"Organization\",\"@id\":\"https:\/\/www.pressenza.com\/it\/#organization\",\"name\":\"Pressenza\",\"url\":\"https:\/\/www.pressenza.com\/it\/\",\"logo\":{\"@type\":\"ImageObject\",\"inLanguage\":\"it-IT\",\"@id\":\"https:\/\/www.pressenza.com\/it\/#\/schema\/logo\/image\/\",\"url\":\"https:\/\/www.pressenza.com\/wp-content\/uploads\/2022\/10\/pressenza_logo_200x200.jpg\",\"contentUrl\":\"https:\/\/www.pressenza.com\/wp-content\/uploads\/2022\/10\/pressenza_logo_200x200.jpg\",\"width\":200,\"height\":200,\"caption\":\"Pressenza\"},\"image\":{\"@id\":\"https:\/\/www.pressenza.com\/it\/#\/schema\/logo\/image\/\"},\"sameAs\":[\"https:\/\/www.facebook.com\/PressenzaItalia\",\"https:\/\/x.com\/PressenzaIPA\"]},{\"@type\":\"Person\",\"@id\":\"https:\/\/www.pressenza.com\/it\/#\/schema\/person\/fdf1ddd63c086a63e7faf4c9680c82e8\",\"name\":\"Osservatorio contro la militarizzazione delle scuole e delle universit\u00e0\",\"description\":\"L\u2019Osservatorio contro la militarizzazione delle scuole e delle universit\u00e0 nasce per monitorare e denunciare l\u2019attivit\u00e0 di militarizzazione nelle scuole e, in un secondo momento, anche delle universit\u00e0. L\u2019iniziativa \u00e8 nata in seguito ad una serie di convegni promossi dal CESP (Centro Studi per la Scuola Pubblica), finalizzati a denunciare il costante incremento delle spese militari e della circolazione di armi in un contesto internazionale nel quale la guerra nucleare pi\u00f9 che mai si profila purtroppo come possibile nefasto orizzonte. Fanno parte dell\u2019Osservatorio contro la militarizzazione delle scuole e delle universit\u00e0 numerose associazioni e singole persone.\",\"sameAs\":[\"https:\/\/osservatorionomilscuola.com\/\",\"https:\/\/www.facebook.com\/OsservatorioNOMS\",\"https:\/\/www.instagram.com\/osservatorionomili\/\",\"https:\/\/x.com\/ossnomiliscuole\"],\"url\":\"https:\/\/www.pressenza.com\/it\/author\/oss_mil_scuole\/\"}]}<\/script>\n<!-- \/ Yoast SEO plugin. -->","yoast_head_json":{"title":"Convegno e Assemblea Nazionale dell\u2019Osservatorio contro la militarizzazione delle scuole e delle universit\u00e0","description":"16 maggio 2025 Spin Time Via di Santa Croce di Gerusalemme 55, Roma Dopo l\u2019esperienza positiva dello scorso anno (clicca qui per tutti i riferimenti),","robots":{"index":"index","follow":"follow","max-snippet":"max-snippet:-1","max-image-preview":"max-image-preview:large","max-video-preview":"max-video-preview:-1"},"canonical":"https:\/\/www.pressenza.com\/it\/2025\/05\/convegno-e-assemblea-nazionale-dellosservatorio-contro-la-militarizzazione-delle-scuole-e-delle-universita\/","og_locale":"it_IT","og_type":"article","og_title":"Convegno e Assemblea Nazionale dell\u2019Osservatorio contro la militarizzazione delle scuole e delle universit\u00e0","og_description":"16 maggio 2025 Spin Time Via di Santa Croce di Gerusalemme 55, Roma Dopo l\u2019esperienza positiva dello scorso anno (clicca qui per tutti i riferimenti),","og_url":"https:\/\/www.pressenza.com\/it\/2025\/05\/convegno-e-assemblea-nazionale-dellosservatorio-contro-la-militarizzazione-delle-scuole-e-delle-universita\/","og_site_name":"Pressenza","article_publisher":"https:\/\/www.facebook.com\/PressenzaItalia","article_author":"https:\/\/www.facebook.com\/OsservatorioNOMS","article_published_time":"2025-05-15T10:09:47+00:00","article_modified_time":"2025-05-15T10:10:53+00:00","og_image":[{"width":820,"height":540,"url":"https:\/\/www.pressenza.com\/wp-content\/uploads\/2022\/02\/Milano-contro-la-guerra-4.jpg","type":"image\/jpeg"}],"author":"Osservatorio contro la militarizzazione delle scuole e delle universit\u00e0","twitter_card":"summary_large_image","twitter_creator":"@ossnomiliscuole","twitter_site":"@PressenzaIPA","twitter_misc":{"Scritto da":"Osservatorio contro la militarizzazione delle scuole e delle universit\u00e0","Tempo di lettura stimato":"4 minuti"},"schema":{"@context":"https:\/\/schema.org","@graph":[{"@type":"Article","@id":"https:\/\/www.pressenza.com\/it\/2025\/05\/convegno-e-assemblea-nazionale-dellosservatorio-contro-la-militarizzazione-delle-scuole-e-delle-universita\/#article","isPartOf":{"@id":"https:\/\/www.pressenza.com\/it\/2025\/05\/convegno-e-assemblea-nazionale-dellosservatorio-contro-la-militarizzazione-delle-scuole-e-delle-universita\/"},"author":{"name":"Osservatorio contro la militarizzazione delle scuole e delle universit\u00e0","@id":"https:\/\/www.pressenza.com\/it\/#\/schema\/person\/fdf1ddd63c086a63e7faf4c9680c82e8"},"headline":"Convegno e Assemblea Nazionale dell\u2019Osservatorio contro la militarizzazione delle scuole e delle universit\u00e0","datePublished":"2025-05-15T10:09:47+00:00","dateModified":"2025-05-15T10:10:53+00:00","mainEntityOfPage":{"@id":"https:\/\/www.pressenza.com\/it\/2025\/05\/convegno-e-assemblea-nazionale-dellosservatorio-contro-la-militarizzazione-delle-scuole-e-delle-universita\/"},"wordCount":689,"publisher":{"@id":"https:\/\/www.pressenza.com\/it\/#organization"},"image":{"@id":"https:\/\/www.pressenza.com\/it\/2025\/05\/convegno-e-assemblea-nazionale-dellosservatorio-contro-la-militarizzazione-delle-scuole-e-delle-universita\/#primaryimage"},"thumbnailUrl":"https:\/\/www.pressenza.com\/wp-content\/uploads\/2022\/02\/Milano-contro-la-guerra-4.jpg","keywords":["assemblea","convegno","Osservatorio contro la militarizzazione delle scuole e delle universit\u00e0","riarmo"],"articleSection":["Comunicati Stampa","Educazione","Europa","Pace e Disarmo"],"inLanguage":"it-IT"},{"@type":"WebPage","@id":"https:\/\/www.pressenza.com\/it\/2025\/05\/convegno-e-assemblea-nazionale-dellosservatorio-contro-la-militarizzazione-delle-scuole-e-delle-universita\/","url":"https:\/\/www.pressenza.com\/it\/2025\/05\/convegno-e-assemblea-nazionale-dellosservatorio-contro-la-militarizzazione-delle-scuole-e-delle-universita\/","name":"Convegno e Assemblea Nazionale dell\u2019Osservatorio contro la militarizzazione delle scuole e delle universit\u00e0","isPartOf":{"@id":"https:\/\/www.pressenza.com\/it\/#website"},"primaryImageOfPage":{"@id":"https:\/\/www.pressenza.com\/it\/2025\/05\/convegno-e-assemblea-nazionale-dellosservatorio-contro-la-militarizzazione-delle-scuole-e-delle-universita\/#primaryimage"},"image":{"@id":"https:\/\/www.pressenza.com\/it\/2025\/05\/convegno-e-assemblea-nazionale-dellosservatorio-contro-la-militarizzazione-delle-scuole-e-delle-universita\/#primaryimage"},"thumbnailUrl":"https:\/\/www.pressenza.com\/wp-content\/uploads\/2022\/02\/Milano-contro-la-guerra-4.jpg","datePublished":"2025-05-15T10:09:47+00:00","dateModified":"2025-05-15T10:10:53+00:00","description":"16 maggio 2025 Spin Time Via di Santa Croce di Gerusalemme 55, Roma Dopo l\u2019esperienza positiva dello scorso anno (clicca qui per tutti i riferimenti),","breadcrumb":{"@id":"https:\/\/www.pressenza.com\/it\/2025\/05\/convegno-e-assemblea-nazionale-dellosservatorio-contro-la-militarizzazione-delle-scuole-e-delle-universita\/#breadcrumb"},"inLanguage":"it-IT","potentialAction":[{"@type":"ReadAction","target":["https:\/\/www.pressenza.com\/it\/2025\/05\/convegno-e-assemblea-nazionale-dellosservatorio-contro-la-militarizzazione-delle-scuole-e-delle-universita\/"]}]},{"@type":"ImageObject","inLanguage":"it-IT","@id":"https:\/\/www.pressenza.com\/it\/2025\/05\/convegno-e-assemblea-nazionale-dellosservatorio-contro-la-militarizzazione-delle-scuole-e-delle-universita\/#primaryimage","url":"https:\/\/www.pressenza.com\/wp-content\/uploads\/2022\/02\/Milano-contro-la-guerra-4.jpg","contentUrl":"https:\/\/www.pressenza.com\/wp-content\/uploads\/2022\/02\/Milano-contro-la-guerra-4.jpg","width":820,"height":540},{"@type":"BreadcrumbList","@id":"https:\/\/www.pressenza.com\/it\/2025\/05\/convegno-e-assemblea-nazionale-dellosservatorio-contro-la-militarizzazione-delle-scuole-e-delle-universita\/#breadcrumb","itemListElement":[{"@type":"ListItem","position":1,"name":"Accueil","item":"https:\/\/www.pressenza.com\/it\/"},{"@type":"ListItem","position":2,"name":"Convegno e Assemblea Nazionale dell\u2019Osservatorio contro la militarizzazione delle scuole e delle universit\u00e0"}]},{"@type":"WebSite","@id":"https:\/\/www.pressenza.com\/it\/#website","url":"https:\/\/www.pressenza.com\/it\/","name":"Pressenza","description":"Agenzia di Stampa Internazionale","publisher":{"@id":"https:\/\/www.pressenza.com\/it\/#organization"},"potentialAction":[{"@type":"SearchAction","target":{"@type":"EntryPoint","urlTemplate":"https:\/\/www.pressenza.com\/it\/?s={search_term_string}"},"query-input":{"@type":"PropertyValueSpecification","valueRequired":true,"valueName":"search_term_string"}}],"inLanguage":"it-IT"},{"@type":"Organization","@id":"https:\/\/www.pressenza.com\/it\/#organization","name":"Pressenza","url":"https:\/\/www.pressenza.com\/it\/","logo":{"@type":"ImageObject","inLanguage":"it-IT","@id":"https:\/\/www.pressenza.com\/it\/#\/schema\/logo\/image\/","url":"https:\/\/www.pressenza.com\/wp-content\/uploads\/2022\/10\/pressenza_logo_200x200.jpg","contentUrl":"https:\/\/www.pressenza.com\/wp-content\/uploads\/2022\/10\/pressenza_logo_200x200.jpg","width":200,"height":200,"caption":"Pressenza"},"image":{"@id":"https:\/\/www.pressenza.com\/it\/#\/schema\/logo\/image\/"},"sameAs":["https:\/\/www.facebook.com\/PressenzaItalia","https:\/\/x.com\/PressenzaIPA"]},{"@type":"Person","@id":"https:\/\/www.pressenza.com\/it\/#\/schema\/person\/fdf1ddd63c086a63e7faf4c9680c82e8","name":"Osservatorio contro la militarizzazione delle scuole e delle universit\u00e0","description":"L\u2019Osservatorio contro la militarizzazione delle scuole e delle universit\u00e0 nasce per monitorare e denunciare l\u2019attivit\u00e0 di militarizzazione nelle scuole e, in un secondo momento, anche delle universit\u00e0. L\u2019iniziativa \u00e8 nata in seguito ad una serie di convegni promossi dal CESP (Centro Studi per la Scuola Pubblica), finalizzati a denunciare il costante incremento delle spese militari e della circolazione di armi in un contesto internazionale nel quale la guerra nucleare pi\u00f9 che mai si profila purtroppo come possibile nefasto orizzonte. Fanno parte dell\u2019Osservatorio contro la militarizzazione delle scuole e delle universit\u00e0 numerose associazioni e singole persone.","sameAs":["https:\/\/osservatorionomilscuola.com\/","https:\/\/www.facebook.com\/OsservatorioNOMS","https:\/\/www.instagram.com\/osservatorionomili\/","https:\/\/x.com\/ossnomiliscuole"],"url":"https:\/\/www.pressenza.com\/it\/author\/oss_mil_scuole\/"}]}},"place":"Roma","original_article_url":"","_links":{"self":[{"href":"https:\/\/www.pressenza.com\/it\/wp-json\/wp\/v2\/posts\/2605107","targetHints":{"allow":["GET"]}}],"collection":[{"href":"https:\/\/www.pressenza.com\/it\/wp-json\/wp\/v2\/posts"}],"about":[{"href":"https:\/\/www.pressenza.com\/it\/wp-json\/wp\/v2\/types\/post"}],"author":[{"embeddable":true,"href":"https:\/\/www.pressenza.com\/it\/wp-json\/wp\/v2\/users\/2442"}],"replies":[{"embeddable":true,"href":"https:\/\/www.pressenza.com\/it\/wp-json\/wp\/v2\/comments?post=2605107"}],"version-history":[{"count":0,"href":"https:\/\/www.pressenza.com\/it\/wp-json\/wp\/v2\/posts\/2605107\/revisions"}],"wp:featuredmedia":[{"embeddable":true,"href":"https:\/\/www.pressenza.com\/it\/wp-json\/wp\/v2\/media\/1529655"}],"wp:attachment":[{"href":"https:\/\/www.pressenza.com\/it\/wp-json\/wp\/v2\/media?parent=2605107"}],"wp:term":[{"taxonomy":"category","embeddable":true,"href":"https:\/\/www.pressenza.com\/it\/wp-json\/wp\/v2\/categories?post=2605107"},{"taxonomy":"post_tag","embeddable":true,"href":"https:\/\/www.pressenza.com\/it\/wp-json\/wp\/v2\/tags?post=2605107"}],"curies":[{"name":"wp","href":"https:\/\/api.w.org\/{rel}","templated":true}]}}