{"id":2604276,"date":"2025-05-12T10:00:26","date_gmt":"2025-05-12T09:00:26","guid":{"rendered":"https:\/\/www.pressenza.com\/?p=2604276"},"modified":"2025-05-12T10:00:26","modified_gmt":"2025-05-12T09:00:26","slug":"milano-civil-week-leuropa-siamo-anche-noi","status":"publish","type":"post","link":"https:\/\/www.pressenza.com\/it\/2025\/05\/milano-civil-week-leuropa-siamo-anche-noi\/","title":{"rendered":"Milano Civil Week: l&#8217;Europa siamo anche noi!"},"content":{"rendered":"<p>Nelle giornate tra l&#8217;8 e l&#8217;11 maggio si \u00e8 tenuta a Milano\u00a0presso il palazzo Giureconsulti di Piazza Mercanti l&#8217;Edizione 2025 della\u00a0<strong>Civil Week,<\/strong>\u00a0con la partecipazione di personalit\u00e0 come Mario Monti, Raffaele Fitto, il Sindaco Sala, Pina Picerno, Enrico Letta, Liliana Segre, Roberta Metsola e tanti altri personaggi. Il tema di fondo era \u201cL\u2019Europa siamo noi\u201d, associato alla settimana del volontariato milanese del terzo settore.<\/p>\n<p>C\u2019eravamo anche noi, del CLN Resistenza di Milano, \u201cpersonaggi\u201d che non sono passati inosservati, presenti dall\u2019inizio alla fine, per tre lunghi giorni consecutivi, con volantini e cartelloni.<\/p>\n<p><img loading=\"lazy\" decoding=\"async\" class=\"alignnone wp-image-2604279 size-full\" src=\"https:\/\/www.pressenza.com\/wp-content\/uploads\/2025\/05\/cartellone-Europa.jpeg\" alt=\"\" width=\"1600\" height=\"721\" srcset=\"https:\/\/www.pressenza.com\/wp-content\/uploads\/2025\/05\/cartellone-Europa.jpeg 1600w, https:\/\/www.pressenza.com\/wp-content\/uploads\/2025\/05\/cartellone-Europa-300x135.jpeg 300w, https:\/\/www.pressenza.com\/wp-content\/uploads\/2025\/05\/cartellone-Europa-820x370.jpeg 820w\" sizes=\"auto, (max-width: 1600px) 100vw, 1600px\" \/><\/p>\n<p>Come guardiani della soglia, ai lati della porta d\u2019ingresso, abbiamo distribuito a ogni partecipante, invitato e relatore, organizzatori e collaboratori, oltre che ai tanti passanti, il nostro \u201clasciapassare\u201d costituito da ben due volantini.<\/p>\n<p>In un volantino era espressa una prospettiva divergente rispetto al tema proposto dagli organizzatori: \u201cQuesta Europa non siamo noi\u201d come gi\u00e0 avevamo argomentato\u00a0<a href=\"https:\/\/www.pressenza.com\/it\/2025\/05\/questa-europa-non-siamo-noi\/\">su questa testata qualche giorno fa<\/a>. Nell\u2019altro la buona notizia, che neppure l\u2019organizzazione di questa manifestazione (fra cui il Corriere della Sera, che pure avrebbe un inserto settimanale e relativa redazione in tema di \u201cBuone Notizie\u201d) ha dato e cio\u00e8 quella del\u00a0<strong>People\u2019s Peace Summit<\/strong> che si \u00e8 svolto in contemporanea alla Civil Week, nel cuore di Gerusalemme (innumerevoli articoli su Pressenza, di cui l\u2019ultimo della serie\u00a0<a href=\"https:\/\/www.pressenza.com\/it\/2025\/05\/in-tantissimi-israeliani-e-palestinesi-insieme-per-dire-la-pace-ora\/\">qui<\/a>).<\/p>\n<p><img loading=\"lazy\" decoding=\"async\" class=\"alignnone wp-image-2604277 size-full\" src=\"https:\/\/www.pressenza.com\/wp-content\/uploads\/2025\/05\/cartelloni-summit-Gerusalemme.jpeg\" alt=\"\" width=\"1600\" height=\"721\" srcset=\"https:\/\/www.pressenza.com\/wp-content\/uploads\/2025\/05\/cartelloni-summit-Gerusalemme.jpeg 1600w, https:\/\/www.pressenza.com\/wp-content\/uploads\/2025\/05\/cartelloni-summit-Gerusalemme-300x135.jpeg 300w, https:\/\/www.pressenza.com\/wp-content\/uploads\/2025\/05\/cartelloni-summit-Gerusalemme-820x370.jpeg 820w\" sizes=\"auto, (max-width: 1600px) 100vw, 1600px\" \/><\/p>\n<p><img loading=\"lazy\" decoding=\"async\" class=\"alignnone wp-image-2604278 size-full\" src=\"https:\/\/www.pressenza.com\/wp-content\/uploads\/2025\/05\/cartelloni-summit-1.jpeg\" alt=\"\" width=\"1600\" height=\"721\" srcset=\"https:\/\/www.pressenza.com\/wp-content\/uploads\/2025\/05\/cartelloni-summit-1.jpeg 1600w, https:\/\/www.pressenza.com\/wp-content\/uploads\/2025\/05\/cartelloni-summit-1-300x135.jpeg 300w, https:\/\/www.pressenza.com\/wp-content\/uploads\/2025\/05\/cartelloni-summit-1-820x370.jpeg 820w\" sizes=\"auto, (max-width: 1600px) 100vw, 1600px\" \/><\/p>\n<p>In totale sono stati distribuiti 2.000 volantini, l\u2019ultimo dei quali con grande soddisfazione alle 19,50 di sabato 10 maggio. Soddisfazione per la riuscita di questa piccola iniziativa nata in continuit\u00e0 con l\u2019attenzione portata dal gruppo da circa due anni al tema della censura, della propaganda e della manipolazione delle informazioni del mainstream.<\/p>\n<p>La manifestazione, per come \u00e8 stata proposta, ci \u00e8 apparsa subito un\u2019ulteriore operazione di propaganda che dai mezzi di informazione, che ogni giorno di pi\u00f9 stanno perdendo lettori e spettatori oltre che credibilit\u00e0, si \u00e8 trasferita direttamente e fisicamente a contatto con i cittadini.<\/p>\n<p>Il volantino ricorda infatti anche le varie e precedenti manifestazioni e mostre diffuse sul suolo cittadino che, attraverso accattivanti temi e altisonanti collaborazioni, luoghi suggestivi, contesti normalmente non accessibili al pubblico, personaggi famosi del mondo della cultura, dello spettacolo e della societ\u00e0 civile (il tutto naturalmente in modo assolutamente gratuito), hanno cercato di far passare messaggi e costruire un pensiero che rischia di diventare acritico, basato sulla fiducia.<\/p>\n<p>Ma fiducia in chi e cosa? Fiducia nelle fonti di sapere istituzionale; fiducia nell\u2019operato di chi ci governa anche quando non possiamo essere d\u2019accordo; fiducia nei valori e obbiettivi dell\u2019Unione Europea. Ci\u00f2 che accade \u00e8 sotto gli occhi di tutti: una realt\u00e0 distorta e distopica, risultato dell\u2019ottundimento delle coscienze generato da una grande manipolazione che a livelli diversi di consapevolezza e per differenti ragioni opera ormai ovunque. E come risultato guerre, povert\u00e0, inquinamento, genocidio, censura\u2026ma noi dovremmo avere fiducia.<\/p>\n<p>Inutile dire che la nostra presenza ha enormemente disturbato gli organizzatori, che ci hanno dapprima sopportato non potendo fare altro e poi incalzato dicendo che non avevamo capito nulla di ci\u00f2 che si stava svolgendo all\u2019interno e che stavamo rovinando tutto con la nostra presenza.<\/p>\n<p>Punti di vista diversi e legittimi che abbiamo discusso con le molte persone con cui siamo entrati in contatto: insegnanti, giovani, stranieri incuriositi, invitati sorpresi, organizzatori disgustati, passanti casuali.<\/p>\n<p>Fra i tanti incontri una passante si \u00e8 dichiarata &#8220;Rappresentante in Italia della Commissione Europea&#8221; e ha \u201cminacciato\u201d di segnalare i nostri volantini agli uffici di Bruxelles per una possibile azione nei nostri confronti. Vedremo cosa succeder\u00e0.<\/p>\n<p>Il contatto con le persone \u00e8 fondamentale e questo \u00e8 stato ben compreso, dovr\u00e0 esserlo sempre pi\u00f9 anche per le voci dissenzienti. Noi siamo fiduciosi che le tante piccole fiammelle che gi\u00e0 ci sono e operano diventeranno presto una grande luce diffusa che illuminer\u00e0 la realt\u00e0. Che potr\u00e0 non essere piacevole, ma almeno sapremo con chi abbiamo a che fare e finalmente ci organizzeremo. Intanto anche dei semplici volantini e qualche manifesto possono fare molto!<\/p>\n<p>&nbsp;<\/p>\n<p>&nbsp;<\/p>\n","protected":false},"excerpt":{"rendered":"<p>Nelle giornate tra l&#8217;8 e l&#8217;11 maggio si \u00e8 tenuta a Milano\u00a0presso il palazzo Giureconsulti di Piazza Mercanti l&#8217;Edizione 2025 della\u00a0Civil Week,\u00a0con la partecipazione di personalit\u00e0 come Mario Monti, Raffaele Fitto, il Sindaco Sala, Pina Picerno, Enrico Letta, Liliana Segre,&hellip;<\/p>\n","protected":false},"author":2473,"featured_media":2604280,"comment_status":"closed","ping_status":"closed","sticky":false,"template":"","format":"standard","meta":{"footnotes":""},"categories":[11388,107392,47,52,1263],"tags":[136813,136633,135914],"class_list":["post-2604276","post","type-post","status-publish","format-standard","has-post-thumbnail","hentry","category-contenuti-originali","category-noticia-it","category-europa","category-medio-oriente","category-pace-disarmo","tag-cln-resistenza-di-milano","tag-milano-civil-week","tag-peoples-peace-summit-di-gerusalemme"],"yoast_head":"<!-- This site is optimized with the Yoast SEO plugin v27.1.1 - https:\/\/yoast.com\/product\/yoast-seo-wordpress\/ -->\n<title>Milano Civil Week: l&#039;Europa siamo anche noi!<\/title>\n<meta name=\"description\" content=\"Nelle giornate tra l&#039;8 e l&#039;11 maggio si \u00e8 tenuta a Milano\u00a0presso il palazzo Giureconsulti di Piazza Mercanti l&#039;Edizione 2025 della\u00a0Civil Week,\u00a0con la\" \/>\n<meta name=\"robots\" content=\"index, follow, max-snippet:-1, max-image-preview:large, max-video-preview:-1\" \/>\n<link rel=\"canonical\" href=\"https:\/\/www.pressenza.com\/it\/2025\/05\/milano-civil-week-leuropa-siamo-anche-noi\/\" \/>\n<meta property=\"og:locale\" content=\"it_IT\" \/>\n<meta property=\"og:type\" content=\"article\" \/>\n<meta property=\"og:title\" content=\"Milano Civil Week: l&#039;Europa siamo anche noi!\" \/>\n<meta property=\"og:description\" content=\"Nelle giornate tra l&#039;8 e l&#039;11 maggio si \u00e8 tenuta a Milano\u00a0presso il palazzo Giureconsulti di Piazza Mercanti l&#039;Edizione 2025 della\u00a0Civil Week,\u00a0con la\" \/>\n<meta property=\"og:url\" content=\"https:\/\/www.pressenza.com\/it\/2025\/05\/milano-civil-week-leuropa-siamo-anche-noi\/\" \/>\n<meta property=\"og:site_name\" content=\"Pressenza\" \/>\n<meta property=\"article:publisher\" content=\"https:\/\/www.facebook.com\/PressenzaItalia\" \/>\n<meta property=\"article:published_time\" content=\"2025-05-12T09:00:26+00:00\" \/>\n<meta property=\"og:image\" content=\"https:\/\/www.pressenza.com\/wp-content\/uploads\/2025\/05\/gruppo-Europa-rit.jpg\" \/>\n\t<meta property=\"og:image:width\" content=\"948\" \/>\n\t<meta property=\"og:image:height\" content=\"685\" \/>\n\t<meta property=\"og:image:type\" content=\"image\/jpeg\" \/>\n<meta name=\"author\" content=\"Loretta Cremasco\" \/>\n<meta name=\"twitter:card\" content=\"summary_large_image\" \/>\n<meta name=\"twitter:creator\" content=\"@PressenzaIPA\" \/>\n<meta name=\"twitter:site\" content=\"@PressenzaIPA\" \/>\n<meta name=\"twitter:label1\" content=\"Scritto da\" \/>\n\t<meta name=\"twitter:data1\" content=\"Loretta Cremasco\" \/>\n\t<meta name=\"twitter:label2\" content=\"Tempo di lettura stimato\" \/>\n\t<meta name=\"twitter:data2\" content=\"5 minuti\" \/>\n<script type=\"application\/ld+json\" class=\"yoast-schema-graph\">{\"@context\":\"https:\/\/schema.org\",\"@graph\":[{\"@type\":\"Article\",\"@id\":\"https:\/\/www.pressenza.com\/it\/2025\/05\/milano-civil-week-leuropa-siamo-anche-noi\/#article\",\"isPartOf\":{\"@id\":\"https:\/\/www.pressenza.com\/it\/2025\/05\/milano-civil-week-leuropa-siamo-anche-noi\/\"},\"author\":{\"name\":\"Loretta Cremasco\",\"@id\":\"https:\/\/www.pressenza.com\/it\/#\/schema\/person\/b38936c0a469e4854e8b3cbe302aeaf7\"},\"headline\":\"Milano Civil Week: l&#8217;Europa siamo anche noi!\",\"datePublished\":\"2025-05-12T09:00:26+00:00\",\"mainEntityOfPage\":{\"@id\":\"https:\/\/www.pressenza.com\/it\/2025\/05\/milano-civil-week-leuropa-siamo-anche-noi\/\"},\"wordCount\":661,\"publisher\":{\"@id\":\"https:\/\/www.pressenza.com\/it\/#organization\"},\"image\":{\"@id\":\"https:\/\/www.pressenza.com\/it\/2025\/05\/milano-civil-week-leuropa-siamo-anche-noi\/#primaryimage\"},\"thumbnailUrl\":\"https:\/\/www.pressenza.com\/wp-content\/uploads\/2025\/05\/gruppo-Europa-rit.jpg\",\"keywords\":[\"CLN Resistenza di Milano\",\"Milano Civil Week\",\"People\u2019s Peace Summit di Gerusalemme\"],\"articleSection\":[\"contenuti originali\",\"Cronaca\",\"Europa\",\"Medio Oriente\",\"Pace e Disarmo\"],\"inLanguage\":\"it-IT\"},{\"@type\":\"WebPage\",\"@id\":\"https:\/\/www.pressenza.com\/it\/2025\/05\/milano-civil-week-leuropa-siamo-anche-noi\/\",\"url\":\"https:\/\/www.pressenza.com\/it\/2025\/05\/milano-civil-week-leuropa-siamo-anche-noi\/\",\"name\":\"Milano Civil Week: l'Europa siamo anche noi!\",\"isPartOf\":{\"@id\":\"https:\/\/www.pressenza.com\/it\/#website\"},\"primaryImageOfPage\":{\"@id\":\"https:\/\/www.pressenza.com\/it\/2025\/05\/milano-civil-week-leuropa-siamo-anche-noi\/#primaryimage\"},\"image\":{\"@id\":\"https:\/\/www.pressenza.com\/it\/2025\/05\/milano-civil-week-leuropa-siamo-anche-noi\/#primaryimage\"},\"thumbnailUrl\":\"https:\/\/www.pressenza.com\/wp-content\/uploads\/2025\/05\/gruppo-Europa-rit.jpg\",\"datePublished\":\"2025-05-12T09:00:26+00:00\",\"description\":\"Nelle giornate tra l'8 e l'11 maggio si \u00e8 tenuta a Milano\u00a0presso il palazzo Giureconsulti di Piazza Mercanti l'Edizione 2025 della\u00a0Civil Week,\u00a0con la\",\"breadcrumb\":{\"@id\":\"https:\/\/www.pressenza.com\/it\/2025\/05\/milano-civil-week-leuropa-siamo-anche-noi\/#breadcrumb\"},\"inLanguage\":\"it-IT\",\"potentialAction\":[{\"@type\":\"ReadAction\",\"target\":[\"https:\/\/www.pressenza.com\/it\/2025\/05\/milano-civil-week-leuropa-siamo-anche-noi\/\"]}]},{\"@type\":\"ImageObject\",\"inLanguage\":\"it-IT\",\"@id\":\"https:\/\/www.pressenza.com\/it\/2025\/05\/milano-civil-week-leuropa-siamo-anche-noi\/#primaryimage\",\"url\":\"https:\/\/www.pressenza.com\/wp-content\/uploads\/2025\/05\/gruppo-Europa-rit.jpg\",\"contentUrl\":\"https:\/\/www.pressenza.com\/wp-content\/uploads\/2025\/05\/gruppo-Europa-rit.jpg\",\"width\":948,\"height\":685},{\"@type\":\"BreadcrumbList\",\"@id\":\"https:\/\/www.pressenza.com\/it\/2025\/05\/milano-civil-week-leuropa-siamo-anche-noi\/#breadcrumb\",\"itemListElement\":[{\"@type\":\"ListItem\",\"position\":1,\"name\":\"Accueil\",\"item\":\"https:\/\/www.pressenza.com\/it\/\"},{\"@type\":\"ListItem\",\"position\":2,\"name\":\"Milano Civil Week: l&#8217;Europa siamo anche noi!\"}]},{\"@type\":\"WebSite\",\"@id\":\"https:\/\/www.pressenza.com\/it\/#website\",\"url\":\"https:\/\/www.pressenza.com\/it\/\",\"name\":\"Pressenza\",\"description\":\"Agenzia di Stampa Internazionale\",\"publisher\":{\"@id\":\"https:\/\/www.pressenza.com\/it\/#organization\"},\"potentialAction\":[{\"@type\":\"SearchAction\",\"target\":{\"@type\":\"EntryPoint\",\"urlTemplate\":\"https:\/\/www.pressenza.com\/it\/?s={search_term_string}\"},\"query-input\":{\"@type\":\"PropertyValueSpecification\",\"valueRequired\":true,\"valueName\":\"search_term_string\"}}],\"inLanguage\":\"it-IT\"},{\"@type\":\"Organization\",\"@id\":\"https:\/\/www.pressenza.com\/it\/#organization\",\"name\":\"Pressenza\",\"url\":\"https:\/\/www.pressenza.com\/it\/\",\"logo\":{\"@type\":\"ImageObject\",\"inLanguage\":\"it-IT\",\"@id\":\"https:\/\/www.pressenza.com\/it\/#\/schema\/logo\/image\/\",\"url\":\"https:\/\/www.pressenza.com\/wp-content\/uploads\/2022\/10\/pressenza_logo_200x200.jpg\",\"contentUrl\":\"https:\/\/www.pressenza.com\/wp-content\/uploads\/2022\/10\/pressenza_logo_200x200.jpg\",\"width\":200,\"height\":200,\"caption\":\"Pressenza\"},\"image\":{\"@id\":\"https:\/\/www.pressenza.com\/it\/#\/schema\/logo\/image\/\"},\"sameAs\":[\"https:\/\/www.facebook.com\/PressenzaItalia\",\"https:\/\/x.com\/PressenzaIPA\"]},{\"@type\":\"Person\",\"@id\":\"https:\/\/www.pressenza.com\/it\/#\/schema\/person\/b38936c0a469e4854e8b3cbe302aeaf7\",\"name\":\"Loretta Cremasco\",\"url\":\"https:\/\/www.pressenza.com\/it\/author\/loretta-cremasco\/\"}]}<\/script>\n<!-- \/ Yoast SEO plugin. -->","yoast_head_json":{"title":"Milano Civil Week: l'Europa siamo anche noi!","description":"Nelle giornate tra l'8 e l'11 maggio si \u00e8 tenuta a Milano\u00a0presso il palazzo Giureconsulti di Piazza Mercanti l'Edizione 2025 della\u00a0Civil Week,\u00a0con la","robots":{"index":"index","follow":"follow","max-snippet":"max-snippet:-1","max-image-preview":"max-image-preview:large","max-video-preview":"max-video-preview:-1"},"canonical":"https:\/\/www.pressenza.com\/it\/2025\/05\/milano-civil-week-leuropa-siamo-anche-noi\/","og_locale":"it_IT","og_type":"article","og_title":"Milano Civil Week: l'Europa siamo anche noi!","og_description":"Nelle giornate tra l'8 e l'11 maggio si \u00e8 tenuta a Milano\u00a0presso il palazzo Giureconsulti di Piazza Mercanti l'Edizione 2025 della\u00a0Civil Week,\u00a0con la","og_url":"https:\/\/www.pressenza.com\/it\/2025\/05\/milano-civil-week-leuropa-siamo-anche-noi\/","og_site_name":"Pressenza","article_publisher":"https:\/\/www.facebook.com\/PressenzaItalia","article_published_time":"2025-05-12T09:00:26+00:00","og_image":[{"width":948,"height":685,"url":"https:\/\/www.pressenza.com\/wp-content\/uploads\/2025\/05\/gruppo-Europa-rit.jpg","type":"image\/jpeg"}],"author":"Loretta Cremasco","twitter_card":"summary_large_image","twitter_creator":"@PressenzaIPA","twitter_site":"@PressenzaIPA","twitter_misc":{"Scritto da":"Loretta Cremasco","Tempo di lettura stimato":"5 minuti"},"schema":{"@context":"https:\/\/schema.org","@graph":[{"@type":"Article","@id":"https:\/\/www.pressenza.com\/it\/2025\/05\/milano-civil-week-leuropa-siamo-anche-noi\/#article","isPartOf":{"@id":"https:\/\/www.pressenza.com\/it\/2025\/05\/milano-civil-week-leuropa-siamo-anche-noi\/"},"author":{"name":"Loretta Cremasco","@id":"https:\/\/www.pressenza.com\/it\/#\/schema\/person\/b38936c0a469e4854e8b3cbe302aeaf7"},"headline":"Milano Civil Week: l&#8217;Europa siamo anche noi!","datePublished":"2025-05-12T09:00:26+00:00","mainEntityOfPage":{"@id":"https:\/\/www.pressenza.com\/it\/2025\/05\/milano-civil-week-leuropa-siamo-anche-noi\/"},"wordCount":661,"publisher":{"@id":"https:\/\/www.pressenza.com\/it\/#organization"},"image":{"@id":"https:\/\/www.pressenza.com\/it\/2025\/05\/milano-civil-week-leuropa-siamo-anche-noi\/#primaryimage"},"thumbnailUrl":"https:\/\/www.pressenza.com\/wp-content\/uploads\/2025\/05\/gruppo-Europa-rit.jpg","keywords":["CLN Resistenza di Milano","Milano Civil Week","People\u2019s Peace Summit di Gerusalemme"],"articleSection":["contenuti originali","Cronaca","Europa","Medio Oriente","Pace e Disarmo"],"inLanguage":"it-IT"},{"@type":"WebPage","@id":"https:\/\/www.pressenza.com\/it\/2025\/05\/milano-civil-week-leuropa-siamo-anche-noi\/","url":"https:\/\/www.pressenza.com\/it\/2025\/05\/milano-civil-week-leuropa-siamo-anche-noi\/","name":"Milano Civil Week: l'Europa siamo anche noi!","isPartOf":{"@id":"https:\/\/www.pressenza.com\/it\/#website"},"primaryImageOfPage":{"@id":"https:\/\/www.pressenza.com\/it\/2025\/05\/milano-civil-week-leuropa-siamo-anche-noi\/#primaryimage"},"image":{"@id":"https:\/\/www.pressenza.com\/it\/2025\/05\/milano-civil-week-leuropa-siamo-anche-noi\/#primaryimage"},"thumbnailUrl":"https:\/\/www.pressenza.com\/wp-content\/uploads\/2025\/05\/gruppo-Europa-rit.jpg","datePublished":"2025-05-12T09:00:26+00:00","description":"Nelle giornate tra l'8 e l'11 maggio si \u00e8 tenuta a Milano\u00a0presso il palazzo Giureconsulti di Piazza Mercanti l'Edizione 2025 della\u00a0Civil Week,\u00a0con la","breadcrumb":{"@id":"https:\/\/www.pressenza.com\/it\/2025\/05\/milano-civil-week-leuropa-siamo-anche-noi\/#breadcrumb"},"inLanguage":"it-IT","potentialAction":[{"@type":"ReadAction","target":["https:\/\/www.pressenza.com\/it\/2025\/05\/milano-civil-week-leuropa-siamo-anche-noi\/"]}]},{"@type":"ImageObject","inLanguage":"it-IT","@id":"https:\/\/www.pressenza.com\/it\/2025\/05\/milano-civil-week-leuropa-siamo-anche-noi\/#primaryimage","url":"https:\/\/www.pressenza.com\/wp-content\/uploads\/2025\/05\/gruppo-Europa-rit.jpg","contentUrl":"https:\/\/www.pressenza.com\/wp-content\/uploads\/2025\/05\/gruppo-Europa-rit.jpg","width":948,"height":685},{"@type":"BreadcrumbList","@id":"https:\/\/www.pressenza.com\/it\/2025\/05\/milano-civil-week-leuropa-siamo-anche-noi\/#breadcrumb","itemListElement":[{"@type":"ListItem","position":1,"name":"Accueil","item":"https:\/\/www.pressenza.com\/it\/"},{"@type":"ListItem","position":2,"name":"Milano Civil Week: l&#8217;Europa siamo anche noi!"}]},{"@type":"WebSite","@id":"https:\/\/www.pressenza.com\/it\/#website","url":"https:\/\/www.pressenza.com\/it\/","name":"Pressenza","description":"Agenzia di Stampa Internazionale","publisher":{"@id":"https:\/\/www.pressenza.com\/it\/#organization"},"potentialAction":[{"@type":"SearchAction","target":{"@type":"EntryPoint","urlTemplate":"https:\/\/www.pressenza.com\/it\/?s={search_term_string}"},"query-input":{"@type":"PropertyValueSpecification","valueRequired":true,"valueName":"search_term_string"}}],"inLanguage":"it-IT"},{"@type":"Organization","@id":"https:\/\/www.pressenza.com\/it\/#organization","name":"Pressenza","url":"https:\/\/www.pressenza.com\/it\/","logo":{"@type":"ImageObject","inLanguage":"it-IT","@id":"https:\/\/www.pressenza.com\/it\/#\/schema\/logo\/image\/","url":"https:\/\/www.pressenza.com\/wp-content\/uploads\/2022\/10\/pressenza_logo_200x200.jpg","contentUrl":"https:\/\/www.pressenza.com\/wp-content\/uploads\/2022\/10\/pressenza_logo_200x200.jpg","width":200,"height":200,"caption":"Pressenza"},"image":{"@id":"https:\/\/www.pressenza.com\/it\/#\/schema\/logo\/image\/"},"sameAs":["https:\/\/www.facebook.com\/PressenzaItalia","https:\/\/x.com\/PressenzaIPA"]},{"@type":"Person","@id":"https:\/\/www.pressenza.com\/it\/#\/schema\/person\/b38936c0a469e4854e8b3cbe302aeaf7","name":"Loretta Cremasco","url":"https:\/\/www.pressenza.com\/it\/author\/loretta-cremasco\/"}]}},"place":"","original_article_url":"","_links":{"self":[{"href":"https:\/\/www.pressenza.com\/it\/wp-json\/wp\/v2\/posts\/2604276","targetHints":{"allow":["GET"]}}],"collection":[{"href":"https:\/\/www.pressenza.com\/it\/wp-json\/wp\/v2\/posts"}],"about":[{"href":"https:\/\/www.pressenza.com\/it\/wp-json\/wp\/v2\/types\/post"}],"author":[{"embeddable":true,"href":"https:\/\/www.pressenza.com\/it\/wp-json\/wp\/v2\/users\/2473"}],"replies":[{"embeddable":true,"href":"https:\/\/www.pressenza.com\/it\/wp-json\/wp\/v2\/comments?post=2604276"}],"version-history":[{"count":0,"href":"https:\/\/www.pressenza.com\/it\/wp-json\/wp\/v2\/posts\/2604276\/revisions"}],"wp:featuredmedia":[{"embeddable":true,"href":"https:\/\/www.pressenza.com\/it\/wp-json\/wp\/v2\/media\/2604280"}],"wp:attachment":[{"href":"https:\/\/www.pressenza.com\/it\/wp-json\/wp\/v2\/media?parent=2604276"}],"wp:term":[{"taxonomy":"category","embeddable":true,"href":"https:\/\/www.pressenza.com\/it\/wp-json\/wp\/v2\/categories?post=2604276"},{"taxonomy":"post_tag","embeddable":true,"href":"https:\/\/www.pressenza.com\/it\/wp-json\/wp\/v2\/tags?post=2604276"}],"curies":[{"name":"wp","href":"https:\/\/api.w.org\/{rel}","templated":true}]}}