{"id":2603443,"date":"2025-05-09T08:53:23","date_gmt":"2025-05-09T07:53:23","guid":{"rendered":"https:\/\/www.pressenza.com\/?p=2603443"},"modified":"2025-05-09T11:13:15","modified_gmt":"2025-05-09T10:13:15","slug":"porticciolo-di-ognina-responsabilita-istituzionali-nella-privatizzazione-del-mare","status":"publish","type":"post","link":"https:\/\/www.pressenza.com\/it\/2025\/05\/porticciolo-di-ognina-responsabilita-istituzionali-nella-privatizzazione-del-mare\/","title":{"rendered":"Porticciolo di Ognina, responsabilit\u00e0 istituzionali nella privatizzazione del mare"},"content":{"rendered":"<p><img loading=\"lazy\" decoding=\"async\" class=\" wp-image-2603450 alignleft\" src=\"https:\/\/www.pressenza.com\/wp-content\/uploads\/2025\/05\/argo_3-1.png\" alt=\"\" width=\"55\" height=\"68\" \/>Se ne \u00e8 parlato poco, eppure \u00e8 un atto che merita attenzione e che ci dice molte cose sulla nostra citt\u00e0 e sulle nostre istituzioni.\u00a0Ci riferiamo alla\u00a0<a href=\"https:\/\/app.box.com\/s\/7rskd3aqt8c8b6cv51d6lfmwn9s4me29\" target=\"_blank\" rel=\"noreferrer noopener\">sentenza con cui il Tar di Catania ha rigettato<\/a>\u00a0il ricorso presentato dal Circolo Canottieri Jonica contro l\u2019<a href=\"https:\/\/app.box.com\/s\/3n8xxt7xxyzw6fxwf5kqappmw7qu0qsn\" target=\"_blank\" rel=\"noreferrer noopener\">ampliamento della concessione rilasciata dall\u2019Assessorato Territorio e Ambiente a La Tortuga<\/a>\u00a0nel Porticciolo di Ognina.<\/p>\n<p>La sentenza \u00e8 recente, porta la data del 17 aprile e rappresenta una sconfitta non solo per la Canottieri Ionica e per Legambiente, intervenuta in giudizio\u00a0<em>ad adiuvandum<\/em>, ma per tutti i cittadini che si sono mobilitati in difesa di un\u2019area che la citt\u00e0 frequenta assiduamente e sente propria. E alla quale dovrebbe rinunciare per favorire gli interessi di un privato.<\/p>\n<p>Di cosa comporti questo ampliamento abbiamo gi\u00e0 parlato, prevede non solo la concessione di ulteriori 1650 mq di specchio acqueo e la posa di un pontile galleggiante, ma anche la recinzione dell\u2019area e il taglio (di un metro e venti) del molo di ponente, il vecchio molo storico del porticciolo.<\/p>\n<p>Per chiederne il ritiro\u00a0<a href=\"https:\/\/www.argocatania.it\/2024\/11\/24\/porticciolo-di-ognina-una-partita-ancora-aperta-il-sindaco-chieda-formalmente-la-revoca-della-concessione\/\" target=\"_blank\" rel=\"noreferrer noopener\">sono scesi in piazza cittadini, associazioni, partiti di opposizione<\/a>\u00a0e sembrava\u00a0<a href=\"https:\/\/www.comune.catania.it\/informazioni\/cstampa\/default.aspx?cs=94448\" target=\"_blank\" rel=\"noreferrer noopener\">fosse sceso in campo anche il sindaco Trantino<\/a>\u00a0per \u201cgarantire il preminente interesse pubblico\u201d e non interrompere il percorso iniziato con il concorso di progettazione per riqualificare e valorizzare il Borgo Marinaro, \u201ccon probabile demolizione del cavalcavia\u201d.<\/p>\n<p>Come sappiamo, infatti, per riqualificare il Borgo di Ognina sono stati stanziati 15 milioni di fondi comunitari e il sindaco ha messo la faccia su questo intervento, anche se adesso la sta perdendo con la sua ambiguit\u00e0 sul destino del Porticciolo.<\/p>\n<p>Quando, infatti, ha chiesto alla Regione di ritirare il provvedimento, il sindaco non poteva non sapere che il Comune non si era presentato alla conferenza dei servizi decisoria del 31 maggio 2023 e che questa assenza aveva fatto scattare una sorta di silenzio-assenzo nei confronti della concessione.<\/p>\n<p>La notizia di questa mancata partecipazione alla conferenza dei servizi decisoria si conosceva gi\u00e0, tanto che il consigliere Bonaccorsi del M5S aveva presentato in proposito una interrogazione urgente in Consiglio comunale, senza ottenere nessuna spiegazione che giustificasse l\u2019assenza.<\/p>\n<p>Il modo in cui si \u00e8 arrivati alla concessione dell\u2019ampliamento da parte della Regione e il ruolo che ha avuto l\u2019assenza del Comune alla Conferenza dei servizi del 31 maggio, viene ben descritto e spiegato all\u2019interno della\u00a0<a href=\"https:\/\/app.box.com\/file\/1855516528068?s=7rskd3aqt8c8b6cv51d6lfmwn9s4me29\" target=\"_blank\" rel=\"noreferrer noopener\">sentenza di cui ci stiamo occupando<\/a>.<\/p>\n<p>Partiamo dal settembre 2022, data in cui si svolge una prima Conferenza dei servzi alla quale il Comune \u00e8 presente ed esprime un parere favorevole alla concessione. Favorevole ma condizionato, sia pure in modo blando. Chiede soltanto che il gazebo previsto dal progetto sia \u201csu ruote, asportabile e facilmente amovibile, non ancorato al suolo definitivamente\u201d. Nulla di essenziale se non, forse, il tentativo di legittimare la realizzazione del gazebo in un\u2019area in cui il piano regolatore esclude l\u2019aumento della consistenza edilizia, anche con costruzioni a carattere precario<\/p>\n<p>La concessione viene approvata, ma\u00a0<a href=\"https:\/\/www.argocatania.it\/2023\/05\/17\/porticciolo-di-ognina-stop-allampliamento-della-concessione-richiesta-da-la-tortuga-la-mobilitazione-dei-cittadini-ha-pagato\/\" target=\"_blank\" rel=\"noreferrer noopener\">l\u2019Assessorato, per non precisati vizi formali, la annulla in autotutela,<\/a>\u00a0facendo cos\u00ec decadere il parere di tutti gli enti presenti alla Conferenza dei servizi, Comune compreso. Un annullamento che, scrivono i giudici del Tar, costituisce una cesura netta, come se quel parere non ci fosse mai stato.<\/p>\n<p>Visto che La Tortuga non demorde, si riparte con una nuova Conferenza dei servizi, anch\u2019essa decisoria e in modalit\u00e0 sincrona, tenuta il 31 maggio 2023, quella alla quale \u2013 come dicevamo in apertura \u2013 il Comune non partecipa. Una assenza non giustificata.\u00a0Secondo quanto stabilito dalla normativa, il Comune avrebbe dovuto comunicare la propria assenza \u201calmeno tre giorni prima della data fissata\u201d, motivandola e \u201cindicando le proprie determinazioni\u201d. Si limita, invece, nella stessa data della conferenza, a chiedere un rinvio per poter espletare adempimenti relativi alle elezioni amministrative appena concluse. Troppo tardi. L\u2019assenza del Comune, non preannunciata, viene considerata \u2013 da regolamento \u2013 come un assenso senza condizioni.<\/p>\n<p>Se il sindaco ne \u00e8 al corrente, e non pu\u00f2 non esserlo, perch\u00e9 nel mese di novembre 2024 chiede ufficialmente alla Regione l\u2019annullamento del provvedimento di concessione? Forse solo per \u2018apparire\u2019 solidale con le posizioni prese dalla cittadinanza e non perderne il consenso?<\/p>\n<p>Ma c\u2019\u00e8 di pi\u00f9. L\u2019Assessorato, dopo la Conferenza dei servizi da cui il Comune \u00e8 stato assente, offre al Comune stesso un\u2019altra chance. Gli chiede se sia interessato a quell\u2019area. Il Comune poteva offrirsi di prenderla in concessione, probabilmente per una cifra irrisoria, ma non lo fa. Risponde in modo ambiguo e non solo perde l\u2019occasione di mantenere il Porticciolo in mani pubbliche, ma crea una situazione poco chiara che induce l\u2019Assessorato a sostenere di non avere avuto risposta.<\/p>\n<p>In verit\u00e0 il Comune ha risposto, sia pure in modo ambiguo, ma quando viene diffusa la notizia (l\u2019abbiamo data anche noi) di questa mancata risposta, il sindaco non ne approfitta per impugnare il provvedimento di concessione per vizio di forma. Tace, e rivela, in sostanza, di\u00a0non avere una reale intenzione di farsi carico della gestione del Porticciolo restituendolo alla citt\u00e0. Le sue responsabilit\u00e0 sono, quindi, innegabili.<\/p>\n<p>Ma ci sono responsabilit\u00e0 manifeste anche da parte di altre istituzioni che non hanno svolto con coscienza il loro ruolo<\/p>\n<p>Nell\u2019esprimere i prorio giudizio favorevole a La Tortuga, la corte sottolinea come nessuna delle amministrazioni presenti alla Conferenza dei servizi decisoria avesse espresso un parere decisamente negativo sull\u2019ampliamento della concessione.<\/p>\n<p>Non lo aveva fatto neanche la\u00a0Capitaneria di Porto, l\u2019unica che \u2013 nel 2022, nel corso della prima Conferenza dei servizi \u2013 avesse evidenziato la drastica riduzione degli spazi di ormeggio pubblico libero che la nuova concessione avrebbe determinato, oltre a segnalare alcune criticit\u00e0 connesse alla sicurezza della navigazione.<\/p>\n<p>Nella nuova Conferenza, del maggio 2023, la posizione della Capitaneria si \u00e8 fatta pi\u00f9 morbida, le \u201cosservazioni\u201d del parere precedente sono diventate \u201csuggerimenti\u201d, una sorta di invito a riservare un\u2019adeguata percentuale di spazio agli aventi diritto all\u2019ormeggio. Un invito cos\u00ec generico che i giudici finiranno per considerare \u201ccongruo\u201d il numero di 6 posti barca riservati ai pescatori, un numero in verit\u00e0 del tutto inadeguato se paragonato alle 65 piccole imbarcazioni da diporto che attualmente in quel porticciolo fruiscono di libero ormeggio, tra cui anche quelle dei soci del Circolo Canottieri.<\/p>\n<p>Ancora pi\u00f9 grave ci appare\u00a0la posizione assunta dalla Soprintendenza\u00a0che, dopo aver ribadito il valore non solo paesaggistico del Porticciolo, ha poi espresso parere positivo all\u2019ampliamento della concessione senza neanche fare cenno al taglio di una porzione del molo di ponente. Un intervento invasivo e drastico, dal quale non si potr\u00e0 tornare indietro e che \u2013 come notano i ricorrenti \u2013 non permetter\u00e0 che si attui \u201cl\u2019integrale ripristino dello stato dei luoghi alla scadenza della concessione\u201d (sentenza, pag 5).<\/p>\n<p>Su questo la Soprintendenza tace, limitandosi a porre soltanto delle condizioni che evitino il \u201cdisagio visivo del contesto in esame\u201d. Chiede che, a lavori ultimati, si pervenga \u201cad un armonico inserimento delle opere previste in progetto\u201d, e che si rispettino alcune prescrizioni relative alla dimensioni delle navi, ai colori e al materiale utilizzati, che \u201cdevono ottemperare a criteri di minimizzazione visiva\u201d per non disturbare il paesaggio. Prescrizioni non attuabili (chi misurer\u00e0 l\u2019altezza delle imbarcazioni o controller\u00e0 il loro colore?) e assolutamente irrilevanti che non fanno altro che spostare l\u2019attenzione su aspetti secondari, senza intervenire su quelli essenziali.<\/p>\n<p>Le responsabilit\u00e0, quindi, sono plurime, ma la questione potrebbe non essere definitivamente chiusa.\u00a0Il Circolo Canottieri ha fatto sapere che ricorrer\u00e0 in appello, Legambiente deve decidere. Ma la citt\u00e0 ha gi\u00e0 avuto elementi sufficienti per valutare l\u2019affidabilit\u00e0 delle proprie istituzioni.<\/p>\n<p>Nel frattempo, noi cittadini, profani di competenze giuridiche non possiamo non osservare alcune\u00a0macroscopiche contraddizioni. Mentre era in corso l\u2019iter per l\u2019approvazione della nuova concessione di ampliamento, \u00e8 \u2013 infatti \u2013 accaduto un altro fatto clamoroso.<\/p>\n<p><a href=\"https:\/\/www.argocatania.it\/2024\/02\/02\/ognina-arriva-la-sentenza-che-annulla-i-titoli-edilizi-rilasciati-a-latortuga\/\" target=\"_blank\" rel=\"noreferrer noopener\">In data 31 gennaio 2024, si \u00e8 concluso un contenzioso durato 16 anni<\/a>, aperto da quattro residenti che hanno avuto il coraggio e la determinazione di sfidare Comune, Genio Civile, Soprintendenza, Assessorato, Capitaneria, Demanio, presentando un ricorso contro la concessione originaria rilasciata a La Tortuga nel 2007. Si \u00e8 concluso con\u00a0<a href=\"https:\/\/app.box.com\/file\/1433190565244?s=rs4j4qbp5u6kvmaxsnyr8u18uyclw14i\" target=\"_blank\" rel=\"noreferrer noopener\">una sentenza del Tar di Catania che\u00a0ha annullato tutti i titoli edilizi rilasciati dal Comune\u00a0alla societ\u00e0 La Tortuga<\/a>\u00a0perch\u00e9 illegittimi, aprendo la strada alla demolizione di tutte le edificazioni realizzate da La Tortuga nel Porticciolo.<\/p>\n<p>Durante questi 16 anni, il ricorso si \u00e8 arricchito di \u201cmotivi aggiuntivi\u201d via via che, all\u2019originaria concessione edilizia, si aggiungevano altri provvedimenti emessi da differenti uffici.\u00a0<a href=\"https:\/\/www.argocatania.it\/2014\/06\/16\/i-giudici-tortuga-ha-violato-le-norme-urbanistiche\/\" target=\"_blank\" rel=\"noreferrer noopener\">Tra sequestri, revoche e nuove autorizzazioni, la vicenda ha avuto un iter complesso<\/a>\u00a0e persino un\u00a0<a href=\"https:\/\/app.box.com\/file\/18129741078?s=03yz4h67rsqvgcxr6xb8\" target=\"_blank\" rel=\"noreferrer noopener\">risvolto penale con una condanna<\/a>, confermata\u00a0<a href=\"https:\/\/app.box.com\/file\/18129753894?s=9p4i3y6xj37uwujn2ops\" target=\"_blank\" rel=\"noreferrer noopener\">in appello<\/a>, per alcuni membri della famiglia Testa, proprietari de La Tortuga, e per un funzionario comunale compiacente che aveva firmato un\u2019autorizzazione illegittima. L\u2019intervenuta prescrizione e la morte che ha portato via quasi tutti i protagonisti, hanno chiuso la vicenda dal punto di vista penale.\u00a0<a href=\"https:\/\/app.box.com\/file\/1433190565244?s=rs4j4qbp5u6kvmaxsnyr8u18uyclw14i\" target=\"_blank\" rel=\"noreferrer noopener\">La sentenza del Tar che annulla tutti i titoli edilizi<\/a>\u00a0rilasciati dal Comune a La Tortuga perch\u00e9 illegittimi, chiude l\u2019aspetto amministrativo.<\/p>\n<p>Noi cittadini digiuni di competenze giuridiche non possiamo \u2013 tuttavia \u2013 non chiederci come si possano conciliare il riconoscimento che le costruzioni realizzate dalla Tortuga siano illegittime (e da demolire) e l\u2019ampliamento della concessione appena concesso.<\/p>\n<p>Va bene che si tratta di due procedimenti diversi, va bene che l\u2019ampliamento riguarda soprattutto lo specchio acqueo, ma c\u2019\u00e8 comunque qualcosa che non quadra.<\/p>\n<p>Come ha fatto l\u2019Assessorato a concedere l\u2019ampliamento sapendo che era in discussione una scabrosa questione di illegittimit\u00e0 delle opere a terra? Questa ed altre domande simili incombono sulla coerenza di molte di queste decisioni.<\/p>\n<p>Siamo davanti ad un paradosso. Constatiamo, tuttavia, che si apre un nuovo spazio per l\u2019intervento del\u00a0Comune, che dovrebbe demolire\u00a0tutte le costruzioni realizzate da La Toruga nel Porticciolo. Sarebbe un\u2019occasione per ritrovare un poco di credibilit\u00e0. Non sappiamo se lo far\u00e0 e confessiamo di dubitarne. Ma ce lo auguriamo, per il bene della citt\u00e0.<\/p>\n<p>&nbsp;<\/p>\n<p><img loading=\"lazy\" decoding=\"async\" class=\" wp-image-2603449 alignleft\" src=\"https:\/\/www.pressenza.com\/wp-content\/uploads\/2025\/05\/argo_2-3-300x56.png\" alt=\"\" width=\"129\" height=\"24\" srcset=\"https:\/\/www.pressenza.com\/wp-content\/uploads\/2025\/05\/argo_2-3-300x56.png 300w, https:\/\/www.pressenza.com\/wp-content\/uploads\/2025\/05\/argo_2-3.png 728w\" sizes=\"auto, (max-width: 129px) 100vw, 129px\" \/><\/p>\n<blockquote class=\"wp-embedded-content\" data-secret=\"jGeF47hl6m\"><p><a href=\"https:\/\/www.argocatania.it\/2025\/05\/08\/porticciolo-di-ognina-le-responsabilita-delle-istituzioni-nella-privatizzazione-del-mare\/\">Porticciolo di Ognina, le responsabilit\u00e0 delle istituzioni nella privatizzazione del mare<\/a><\/p><\/blockquote>\n<p><iframe loading=\"lazy\" class=\"wp-embedded-content\" sandbox=\"allow-scripts\" security=\"restricted\" style=\"position: absolute; visibility: hidden;\" title=\"&#8220;Porticciolo di Ognina, le responsabilit\u00e0 delle istituzioni nella privatizzazione del mare&#8221; &#8212; ARGO - Cento occhi su Catania\" src=\"https:\/\/www.argocatania.it\/2025\/05\/08\/porticciolo-di-ognina-le-responsabilita-delle-istituzioni-nella-privatizzazione-del-mare\/embed\/#?secret=3BeyPfoyAh#?secret=jGeF47hl6m\" data-secret=\"jGeF47hl6m\" width=\"500\" height=\"282\" frameborder=\"0\" marginwidth=\"0\" marginheight=\"0\" scrolling=\"no\"><\/iframe><\/p>\n<p>&nbsp;<\/p>\n","protected":false},"excerpt":{"rendered":"<p>Se ne \u00e8 parlato poco, eppure \u00e8 un atto che merita attenzione e che ci dice molte cose sulla nostra citt\u00e0 e sulle nostre istituzioni.\u00a0Ci riferiamo alla\u00a0sentenza con cui il Tar di Catania ha rigettato\u00a0il ricorso presentato dal Circolo Canottieri&hellip;<\/p>\n","protected":false},"author":2344,"featured_media":2603463,"comment_status":"closed","ping_status":"closed","sticky":false,"template":"","format":"standard","meta":{"footnotes":""},"categories":[107392,56,59,47],"tags":[110543,136654,921,125745,136655,126871],"class_list":["post-2603443","post","type-post","status-publish","format-standard","has-post-thumbnail","hentry","category-noticia-it","category-cultura","category-ambiente-ecologia","category-europa","tag-argo-catania","tag-canottieri-ionica","tag-legambiente","tag-regione-siciliana","tag-sindaco-trantino","tag-tar-sicilia"],"yoast_head":"<!-- This site is optimized with the Yoast SEO plugin v27.1.1 - https:\/\/yoast.com\/product\/yoast-seo-wordpress\/ -->\n<title>Porticciolo di Ognina, responsabilit\u00e0 istituzionali nella privatizzazione del mare<\/title>\n<meta name=\"description\" content=\"Se ne \u00e8 parlato poco, eppure \u00e8 un atto che merita attenzione e che ci dice molte cose sulla nostra citt\u00e0 e sulle nostre istituzioni.\u00a0Ci riferiamo\" \/>\n<meta name=\"robots\" content=\"index, follow, max-snippet:-1, max-image-preview:large, max-video-preview:-1\" \/>\n<link rel=\"canonical\" href=\"https:\/\/www.pressenza.com\/it\/2025\/05\/porticciolo-di-ognina-responsabilita-istituzionali-nella-privatizzazione-del-mare\/\" \/>\n<meta property=\"og:locale\" content=\"it_IT\" \/>\n<meta property=\"og:type\" content=\"article\" \/>\n<meta property=\"og:title\" content=\"Porticciolo di Ognina, responsabilit\u00e0 istituzionali nella privatizzazione del mare\" \/>\n<meta property=\"og:description\" content=\"Se ne \u00e8 parlato poco, eppure \u00e8 un atto che merita attenzione e che ci dice molte cose sulla nostra citt\u00e0 e sulle nostre istituzioni.\u00a0Ci riferiamo\" \/>\n<meta property=\"og:url\" content=\"https:\/\/www.pressenza.com\/it\/2025\/05\/porticciolo-di-ognina-responsabilita-istituzionali-nella-privatizzazione-del-mare\/\" \/>\n<meta property=\"og:site_name\" content=\"Pressenza\" \/>\n<meta property=\"article:publisher\" content=\"https:\/\/www.facebook.com\/PressenzaItalia\" \/>\n<meta property=\"article:published_time\" content=\"2025-05-09T07:53:23+00:00\" \/>\n<meta property=\"article:modified_time\" content=\"2025-05-09T10:13:15+00:00\" \/>\n<meta property=\"og:image\" content=\"https:\/\/www.pressenza.com\/wp-content\/uploads\/2025\/05\/Porticciolo-da-Fb_rid.jpg\" \/>\n\t<meta property=\"og:image:width\" content=\"800\" \/>\n\t<meta property=\"og:image:height\" content=\"445\" \/>\n\t<meta property=\"og:image:type\" content=\"image\/jpeg\" \/>\n<meta name=\"author\" content=\"Redazione Sicilia\" \/>\n<meta name=\"twitter:card\" content=\"summary_large_image\" \/>\n<meta name=\"twitter:creator\" content=\"@PressenzaIPA\" \/>\n<meta name=\"twitter:site\" content=\"@PressenzaIPA\" \/>\n<meta name=\"twitter:label1\" content=\"Scritto da\" \/>\n\t<meta name=\"twitter:data1\" content=\"Redazione Sicilia\" \/>\n\t<meta name=\"twitter:label2\" content=\"Tempo di lettura stimato\" \/>\n\t<meta name=\"twitter:data2\" content=\"9 minuti\" \/>\n<script type=\"application\/ld+json\" class=\"yoast-schema-graph\">{\"@context\":\"https:\/\/schema.org\",\"@graph\":[{\"@type\":\"Article\",\"@id\":\"https:\/\/www.pressenza.com\/it\/2025\/05\/porticciolo-di-ognina-responsabilita-istituzionali-nella-privatizzazione-del-mare\/#article\",\"isPartOf\":{\"@id\":\"https:\/\/www.pressenza.com\/it\/2025\/05\/porticciolo-di-ognina-responsabilita-istituzionali-nella-privatizzazione-del-mare\/\"},\"author\":{\"name\":\"Redazione Sicilia\",\"@id\":\"https:\/\/www.pressenza.com\/it\/#\/schema\/person\/e4c592b12199144875652a3cd0ca7929\"},\"headline\":\"Porticciolo di Ognina, responsabilit\u00e0 istituzionali nella privatizzazione del mare\",\"datePublished\":\"2025-05-09T07:53:23+00:00\",\"dateModified\":\"2025-05-09T10:13:15+00:00\",\"mainEntityOfPage\":{\"@id\":\"https:\/\/www.pressenza.com\/it\/2025\/05\/porticciolo-di-ognina-responsabilita-istituzionali-nella-privatizzazione-del-mare\/\"},\"wordCount\":1653,\"publisher\":{\"@id\":\"https:\/\/www.pressenza.com\/it\/#organization\"},\"image\":{\"@id\":\"https:\/\/www.pressenza.com\/it\/2025\/05\/porticciolo-di-ognina-responsabilita-istituzionali-nella-privatizzazione-del-mare\/#primaryimage\"},\"thumbnailUrl\":\"https:\/\/www.pressenza.com\/wp-content\/uploads\/2025\/05\/Porticciolo-da-Fb_rid.jpg\",\"keywords\":[\"Argo Catania\",\"Canottieri Ionica\",\"Legambiente\",\"Regione siciliana\",\"sindaco Trantino\",\"TAR Sicilia\"],\"articleSection\":[\"Cronaca\",\"Cultura e Media\",\"Ecologia ed Ambiente\",\"Europa\"],\"inLanguage\":\"it-IT\"},{\"@type\":\"WebPage\",\"@id\":\"https:\/\/www.pressenza.com\/it\/2025\/05\/porticciolo-di-ognina-responsabilita-istituzionali-nella-privatizzazione-del-mare\/\",\"url\":\"https:\/\/www.pressenza.com\/it\/2025\/05\/porticciolo-di-ognina-responsabilita-istituzionali-nella-privatizzazione-del-mare\/\",\"name\":\"Porticciolo di Ognina, responsabilit\u00e0 istituzionali nella privatizzazione del mare\",\"isPartOf\":{\"@id\":\"https:\/\/www.pressenza.com\/it\/#website\"},\"primaryImageOfPage\":{\"@id\":\"https:\/\/www.pressenza.com\/it\/2025\/05\/porticciolo-di-ognina-responsabilita-istituzionali-nella-privatizzazione-del-mare\/#primaryimage\"},\"image\":{\"@id\":\"https:\/\/www.pressenza.com\/it\/2025\/05\/porticciolo-di-ognina-responsabilita-istituzionali-nella-privatizzazione-del-mare\/#primaryimage\"},\"thumbnailUrl\":\"https:\/\/www.pressenza.com\/wp-content\/uploads\/2025\/05\/Porticciolo-da-Fb_rid.jpg\",\"datePublished\":\"2025-05-09T07:53:23+00:00\",\"dateModified\":\"2025-05-09T10:13:15+00:00\",\"description\":\"Se ne \u00e8 parlato poco, eppure \u00e8 un atto che merita attenzione e che ci dice molte cose sulla nostra citt\u00e0 e sulle nostre istituzioni.\u00a0Ci riferiamo\",\"breadcrumb\":{\"@id\":\"https:\/\/www.pressenza.com\/it\/2025\/05\/porticciolo-di-ognina-responsabilita-istituzionali-nella-privatizzazione-del-mare\/#breadcrumb\"},\"inLanguage\":\"it-IT\",\"potentialAction\":[{\"@type\":\"ReadAction\",\"target\":[\"https:\/\/www.pressenza.com\/it\/2025\/05\/porticciolo-di-ognina-responsabilita-istituzionali-nella-privatizzazione-del-mare\/\"]}]},{\"@type\":\"ImageObject\",\"inLanguage\":\"it-IT\",\"@id\":\"https:\/\/www.pressenza.com\/it\/2025\/05\/porticciolo-di-ognina-responsabilita-istituzionali-nella-privatizzazione-del-mare\/#primaryimage\",\"url\":\"https:\/\/www.pressenza.com\/wp-content\/uploads\/2025\/05\/Porticciolo-da-Fb_rid.jpg\",\"contentUrl\":\"https:\/\/www.pressenza.com\/wp-content\/uploads\/2025\/05\/Porticciolo-da-Fb_rid.jpg\",\"width\":800,\"height\":445},{\"@type\":\"BreadcrumbList\",\"@id\":\"https:\/\/www.pressenza.com\/it\/2025\/05\/porticciolo-di-ognina-responsabilita-istituzionali-nella-privatizzazione-del-mare\/#breadcrumb\",\"itemListElement\":[{\"@type\":\"ListItem\",\"position\":1,\"name\":\"Accueil\",\"item\":\"https:\/\/www.pressenza.com\/it\/\"},{\"@type\":\"ListItem\",\"position\":2,\"name\":\"Porticciolo di Ognina, responsabilit\u00e0 istituzionali nella privatizzazione del mare\"}]},{\"@type\":\"WebSite\",\"@id\":\"https:\/\/www.pressenza.com\/it\/#website\",\"url\":\"https:\/\/www.pressenza.com\/it\/\",\"name\":\"Pressenza\",\"description\":\"Agenzia di Stampa Internazionale\",\"publisher\":{\"@id\":\"https:\/\/www.pressenza.com\/it\/#organization\"},\"potentialAction\":[{\"@type\":\"SearchAction\",\"target\":{\"@type\":\"EntryPoint\",\"urlTemplate\":\"https:\/\/www.pressenza.com\/it\/?s={search_term_string}\"},\"query-input\":{\"@type\":\"PropertyValueSpecification\",\"valueRequired\":true,\"valueName\":\"search_term_string\"}}],\"inLanguage\":\"it-IT\"},{\"@type\":\"Organization\",\"@id\":\"https:\/\/www.pressenza.com\/it\/#organization\",\"name\":\"Pressenza\",\"url\":\"https:\/\/www.pressenza.com\/it\/\",\"logo\":{\"@type\":\"ImageObject\",\"inLanguage\":\"it-IT\",\"@id\":\"https:\/\/www.pressenza.com\/it\/#\/schema\/logo\/image\/\",\"url\":\"https:\/\/www.pressenza.com\/wp-content\/uploads\/2022\/10\/pressenza_logo_200x200.jpg\",\"contentUrl\":\"https:\/\/www.pressenza.com\/wp-content\/uploads\/2022\/10\/pressenza_logo_200x200.jpg\",\"width\":200,\"height\":200,\"caption\":\"Pressenza\"},\"image\":{\"@id\":\"https:\/\/www.pressenza.com\/it\/#\/schema\/logo\/image\/\"},\"sameAs\":[\"https:\/\/www.facebook.com\/PressenzaItalia\",\"https:\/\/x.com\/PressenzaIPA\"]},{\"@type\":\"Person\",\"@id\":\"https:\/\/www.pressenza.com\/it\/#\/schema\/person\/e4c592b12199144875652a3cd0ca7929\",\"name\":\"Redazione Sicilia\",\"description\":\"News from the Pressenza Bureau in Sicily, Italy\",\"url\":\"https:\/\/www.pressenza.com\/it\/author\/redazione-sicilia\/\"}]}<\/script>\n<!-- \/ Yoast SEO plugin. -->","yoast_head_json":{"title":"Porticciolo di Ognina, responsabilit\u00e0 istituzionali nella privatizzazione del mare","description":"Se ne \u00e8 parlato poco, eppure \u00e8 un atto che merita attenzione e che ci dice molte cose sulla nostra citt\u00e0 e sulle nostre istituzioni.\u00a0Ci riferiamo","robots":{"index":"index","follow":"follow","max-snippet":"max-snippet:-1","max-image-preview":"max-image-preview:large","max-video-preview":"max-video-preview:-1"},"canonical":"https:\/\/www.pressenza.com\/it\/2025\/05\/porticciolo-di-ognina-responsabilita-istituzionali-nella-privatizzazione-del-mare\/","og_locale":"it_IT","og_type":"article","og_title":"Porticciolo di Ognina, responsabilit\u00e0 istituzionali nella privatizzazione del mare","og_description":"Se ne \u00e8 parlato poco, eppure \u00e8 un atto che merita attenzione e che ci dice molte cose sulla nostra citt\u00e0 e sulle nostre istituzioni.\u00a0Ci riferiamo","og_url":"https:\/\/www.pressenza.com\/it\/2025\/05\/porticciolo-di-ognina-responsabilita-istituzionali-nella-privatizzazione-del-mare\/","og_site_name":"Pressenza","article_publisher":"https:\/\/www.facebook.com\/PressenzaItalia","article_published_time":"2025-05-09T07:53:23+00:00","article_modified_time":"2025-05-09T10:13:15+00:00","og_image":[{"width":800,"height":445,"url":"https:\/\/www.pressenza.com\/wp-content\/uploads\/2025\/05\/Porticciolo-da-Fb_rid.jpg","type":"image\/jpeg"}],"author":"Redazione Sicilia","twitter_card":"summary_large_image","twitter_creator":"@PressenzaIPA","twitter_site":"@PressenzaIPA","twitter_misc":{"Scritto da":"Redazione Sicilia","Tempo di lettura stimato":"9 minuti"},"schema":{"@context":"https:\/\/schema.org","@graph":[{"@type":"Article","@id":"https:\/\/www.pressenza.com\/it\/2025\/05\/porticciolo-di-ognina-responsabilita-istituzionali-nella-privatizzazione-del-mare\/#article","isPartOf":{"@id":"https:\/\/www.pressenza.com\/it\/2025\/05\/porticciolo-di-ognina-responsabilita-istituzionali-nella-privatizzazione-del-mare\/"},"author":{"name":"Redazione Sicilia","@id":"https:\/\/www.pressenza.com\/it\/#\/schema\/person\/e4c592b12199144875652a3cd0ca7929"},"headline":"Porticciolo di Ognina, responsabilit\u00e0 istituzionali nella privatizzazione del mare","datePublished":"2025-05-09T07:53:23+00:00","dateModified":"2025-05-09T10:13:15+00:00","mainEntityOfPage":{"@id":"https:\/\/www.pressenza.com\/it\/2025\/05\/porticciolo-di-ognina-responsabilita-istituzionali-nella-privatizzazione-del-mare\/"},"wordCount":1653,"publisher":{"@id":"https:\/\/www.pressenza.com\/it\/#organization"},"image":{"@id":"https:\/\/www.pressenza.com\/it\/2025\/05\/porticciolo-di-ognina-responsabilita-istituzionali-nella-privatizzazione-del-mare\/#primaryimage"},"thumbnailUrl":"https:\/\/www.pressenza.com\/wp-content\/uploads\/2025\/05\/Porticciolo-da-Fb_rid.jpg","keywords":["Argo Catania","Canottieri Ionica","Legambiente","Regione siciliana","sindaco Trantino","TAR Sicilia"],"articleSection":["Cronaca","Cultura e Media","Ecologia ed Ambiente","Europa"],"inLanguage":"it-IT"},{"@type":"WebPage","@id":"https:\/\/www.pressenza.com\/it\/2025\/05\/porticciolo-di-ognina-responsabilita-istituzionali-nella-privatizzazione-del-mare\/","url":"https:\/\/www.pressenza.com\/it\/2025\/05\/porticciolo-di-ognina-responsabilita-istituzionali-nella-privatizzazione-del-mare\/","name":"Porticciolo di Ognina, responsabilit\u00e0 istituzionali nella privatizzazione del mare","isPartOf":{"@id":"https:\/\/www.pressenza.com\/it\/#website"},"primaryImageOfPage":{"@id":"https:\/\/www.pressenza.com\/it\/2025\/05\/porticciolo-di-ognina-responsabilita-istituzionali-nella-privatizzazione-del-mare\/#primaryimage"},"image":{"@id":"https:\/\/www.pressenza.com\/it\/2025\/05\/porticciolo-di-ognina-responsabilita-istituzionali-nella-privatizzazione-del-mare\/#primaryimage"},"thumbnailUrl":"https:\/\/www.pressenza.com\/wp-content\/uploads\/2025\/05\/Porticciolo-da-Fb_rid.jpg","datePublished":"2025-05-09T07:53:23+00:00","dateModified":"2025-05-09T10:13:15+00:00","description":"Se ne \u00e8 parlato poco, eppure \u00e8 un atto che merita attenzione e che ci dice molte cose sulla nostra citt\u00e0 e sulle nostre istituzioni.\u00a0Ci riferiamo","breadcrumb":{"@id":"https:\/\/www.pressenza.com\/it\/2025\/05\/porticciolo-di-ognina-responsabilita-istituzionali-nella-privatizzazione-del-mare\/#breadcrumb"},"inLanguage":"it-IT","potentialAction":[{"@type":"ReadAction","target":["https:\/\/www.pressenza.com\/it\/2025\/05\/porticciolo-di-ognina-responsabilita-istituzionali-nella-privatizzazione-del-mare\/"]}]},{"@type":"ImageObject","inLanguage":"it-IT","@id":"https:\/\/www.pressenza.com\/it\/2025\/05\/porticciolo-di-ognina-responsabilita-istituzionali-nella-privatizzazione-del-mare\/#primaryimage","url":"https:\/\/www.pressenza.com\/wp-content\/uploads\/2025\/05\/Porticciolo-da-Fb_rid.jpg","contentUrl":"https:\/\/www.pressenza.com\/wp-content\/uploads\/2025\/05\/Porticciolo-da-Fb_rid.jpg","width":800,"height":445},{"@type":"BreadcrumbList","@id":"https:\/\/www.pressenza.com\/it\/2025\/05\/porticciolo-di-ognina-responsabilita-istituzionali-nella-privatizzazione-del-mare\/#breadcrumb","itemListElement":[{"@type":"ListItem","position":1,"name":"Accueil","item":"https:\/\/www.pressenza.com\/it\/"},{"@type":"ListItem","position":2,"name":"Porticciolo di Ognina, responsabilit\u00e0 istituzionali nella privatizzazione del mare"}]},{"@type":"WebSite","@id":"https:\/\/www.pressenza.com\/it\/#website","url":"https:\/\/www.pressenza.com\/it\/","name":"Pressenza","description":"Agenzia di Stampa Internazionale","publisher":{"@id":"https:\/\/www.pressenza.com\/it\/#organization"},"potentialAction":[{"@type":"SearchAction","target":{"@type":"EntryPoint","urlTemplate":"https:\/\/www.pressenza.com\/it\/?s={search_term_string}"},"query-input":{"@type":"PropertyValueSpecification","valueRequired":true,"valueName":"search_term_string"}}],"inLanguage":"it-IT"},{"@type":"Organization","@id":"https:\/\/www.pressenza.com\/it\/#organization","name":"Pressenza","url":"https:\/\/www.pressenza.com\/it\/","logo":{"@type":"ImageObject","inLanguage":"it-IT","@id":"https:\/\/www.pressenza.com\/it\/#\/schema\/logo\/image\/","url":"https:\/\/www.pressenza.com\/wp-content\/uploads\/2022\/10\/pressenza_logo_200x200.jpg","contentUrl":"https:\/\/www.pressenza.com\/wp-content\/uploads\/2022\/10\/pressenza_logo_200x200.jpg","width":200,"height":200,"caption":"Pressenza"},"image":{"@id":"https:\/\/www.pressenza.com\/it\/#\/schema\/logo\/image\/"},"sameAs":["https:\/\/www.facebook.com\/PressenzaItalia","https:\/\/x.com\/PressenzaIPA"]},{"@type":"Person","@id":"https:\/\/www.pressenza.com\/it\/#\/schema\/person\/e4c592b12199144875652a3cd0ca7929","name":"Redazione Sicilia","description":"News from the Pressenza Bureau in Sicily, Italy","url":"https:\/\/www.pressenza.com\/it\/author\/redazione-sicilia\/"}]}},"place":"Argo Catania","original_article_url":"","_links":{"self":[{"href":"https:\/\/www.pressenza.com\/it\/wp-json\/wp\/v2\/posts\/2603443","targetHints":{"allow":["GET"]}}],"collection":[{"href":"https:\/\/www.pressenza.com\/it\/wp-json\/wp\/v2\/posts"}],"about":[{"href":"https:\/\/www.pressenza.com\/it\/wp-json\/wp\/v2\/types\/post"}],"author":[{"embeddable":true,"href":"https:\/\/www.pressenza.com\/it\/wp-json\/wp\/v2\/users\/2344"}],"replies":[{"embeddable":true,"href":"https:\/\/www.pressenza.com\/it\/wp-json\/wp\/v2\/comments?post=2603443"}],"version-history":[{"count":0,"href":"https:\/\/www.pressenza.com\/it\/wp-json\/wp\/v2\/posts\/2603443\/revisions"}],"wp:featuredmedia":[{"embeddable":true,"href":"https:\/\/www.pressenza.com\/it\/wp-json\/wp\/v2\/media\/2603463"}],"wp:attachment":[{"href":"https:\/\/www.pressenza.com\/it\/wp-json\/wp\/v2\/media?parent=2603443"}],"wp:term":[{"taxonomy":"category","embeddable":true,"href":"https:\/\/www.pressenza.com\/it\/wp-json\/wp\/v2\/categories?post=2603443"},{"taxonomy":"post_tag","embeddable":true,"href":"https:\/\/www.pressenza.com\/it\/wp-json\/wp\/v2\/tags?post=2603443"}],"curies":[{"name":"wp","href":"https:\/\/api.w.org\/{rel}","templated":true}]}}