{"id":2601059,"date":"2025-04-29T08:51:16","date_gmt":"2025-04-29T07:51:16","guid":{"rendered":"https:\/\/www.pressenza.com\/?p=2601059"},"modified":"2025-04-29T08:51:16","modified_gmt":"2025-04-29T07:51:16","slug":"linfatuazione-delle-marche-per-le-industrie-belliche-e-il-taglio-della-spesa-pubblica","status":"publish","type":"post","link":"https:\/\/www.pressenza.com\/it\/2025\/04\/linfatuazione-delle-marche-per-le-industrie-belliche-e-il-taglio-della-spesa-pubblica\/","title":{"rendered":"L\u2019infatuazione delle Marche per le industrie belliche e il taglio della spesa pubblica"},"content":{"rendered":"<p>\u201cRipudiare la guerra non significa essere vigliacchi\u201d; \u201cNoi abbiamo l\u2019obbligo di far vedere agli altri che possiamo difenderci con le unghie e coi denti\u201d; \u201c\u00c8 attraverso questa disposizione d\u2019animo e gli strumenti d\u2019indagine da essa prodotti che la cultura occidentale \u00e8 stata in grado di farsi innanzi tutto intellettualmente padrona del mondo, di conoscerlo, di conquistarlo per secoli e di modellarlo\u201d. Queste sono alcune delle frasi \u00a0pronunciate dal palco della manifestazione del 15 marzo su iniziativa di Michele Serra, oppure prese dal programma del partito di governo, frasi che anche se di provenienza politica diversa riflettono un clima culturale simile che serpeggia ormai da tempo nel dibattito pubblico.<\/p>\n<p>Il suprematismo europeo e la sensazione che il suo eccezionalismo sia sotto attacco sia culturalmente sia fisicamente per mano di soggetti esterni, che siano essi pericolosi migranti, o leader sanguinari, sono due elementi che accomunano quasi tutte le forze politiche parlamentari presenti in questo Paese in modo lievemente differente. Nel mondo gli equilibri stanno cambiando e quello che emerge da destra a sinistra \u00e8 che non \u00e8 possibile non contare pi\u00f9 nulla nel gioco a perdere della geopolitica: \u00e8 necessario armarsi e farlo in fretta, la minaccia \u00e8 esistenziale.<\/p>\n<p>Il sentimento di impotenza, dilagante dallo scoppio della guerra in Ucraina e reso ancora pi\u00f9 potente dall\u2019insediamento di Donald Trump, di fronte al riassetto mondiale ha ricadute concrete immediate. Ursula Von der Leyen propone il <strong>piano ReArm Europe\/Preparati per il 2030<\/strong>, che mira a rafforzare le capacit\u00e0 militari dei singoli Paesi europei utilizzando le risorse del fondo di coesione, e il <strong>Libro bianco sulla difesa europea,<\/strong> che delinea un nuovo approccio alla difesa e individua il fabbisogno di investimenti, mentre una parte (quella che si autodefinisce pi\u00f9 a sinistra) dei socialisti europei e in generale della sinistra in Italia spinge per una difesa comune da realizzare per mezzo dell\u2019emissione di titoli di debito comune. Le configurazioni cambiano ma, nonostante tutti si autodefiniscano pacifisti, la premessa \u00e8 la stessa: siamo sotto attacco e bisogna spendere in armi, decidiamo solamente come.<\/p>\n<p>Le Marche nel Parlamento europeo non si sono fatte cogliere impreparate e i due europarlamentari marchigiani Matteo Ricci del Partito Democratico, papabile anche come candidato presidente di regione alle prossime elezioni, e Carlo Ciccioli, di Fratelli d\u2019Italia, hanno confermato una visione comune sulla realt\u00e0 che viviamo. Alla votazione consultiva sul piano di riarmo europeo del 12 marzo il primo si \u00e8 astenuto, dopo essersi debitamente assicurato che la met\u00e0 dei suoi compagni di partito votassero a favore, mentre il secondo non ha esitato e si \u00e8 espresso a favore.<\/p>\n<p>\u00c8 quindi necessario chiedersi in che modo il riarmo europeo votato dai nostri parlamentari, che sia esso in forma di difesa comune o di potenziamento degli eserciti nazionali, impatter\u00e0 sul contesto specifico delle Marche: chi guadagna dalla situazione presente? Che tipo di mondo si immaginano coloro che pensano che l\u2019Europa vada rafforzata militarmente?<\/p>\n<p>Fincantieri \u00e8 una delle pi\u00f9 grandi aziende di cantieristica del mondo, massicciamente attiva anche nel settore militare, e nelle Marche \u00e8 sicuramente una delle pi\u00f9 grandi industrie private che operano nel territorio. Negli ultimi anni, Fincantieri ha intensificato significativamente le sue attivit\u00e0 di lobbying presso le istituzioni europee, con l&#8217;obiettivo di scalare le classifiche all&#8217;interno del crescente mercato della difesa dell&#8217;Unione Europea. Secondo le indagini recenti<a href=\"#sdfootnote1sym\"><sup>1<\/sup><\/a>, il budget complessivo per le attivit\u00e0 di lobbying delle principali aziende europee della difesa, tra cui Fincantieri, \u00e8 aumentato del 40% tra il 2022 e il 2023, passando da una spesa cumulativa compresa tra 3,95 e 5,1 milioni di euro nel 2022 a una tra 5,5 e 6,7 milioni di euro nel 2023; Fincantieri nello specifico ha mantenuto una spesa dichiarata che va dai 300.000 ai 399.999 euro per le attivit\u00e0 di lobbying a Bruxelles<a href=\"#sdfootnote2sym\"><sup>2<\/sup><\/a>, e di 905.000 dollari per quelle negli Stati Uniti<a href=\"#sdfootnote3sym\"><sup>3<\/sup><\/a>.<\/p>\n<p>Fincantieri ha beneficiato dei fondi europei per la difesa, come il programma SEA Defence finanziato dall\u2019EDIDP<a href=\"#sdfootnote4sym\"><sup>4<\/sup><\/a>, rafforzando il proprio ruolo nell\u2019industria militare continentale. La crescente domanda di fregate, corvette e sottomarini \u2014 stimata in 20 miliardi di euro tra il 2023 e il 2027<a href=\"#sdfootnote5sym\"><sup>5<\/sup><\/a> \u2014 riflette non solo esigenze operative reali, ma anche una logica di finanziarizzazione della guerra: aumentare la flotta serve a proiettare deterrenza e capacit\u00e0 militare percepita, attirando investimenti e influenza nei nuovi equilibri geopolitici.<\/p>\n<p>Mentre quindi Fincantieri si prepara a incassare profitti record grazie al nuovo piano di riarmo europeo, nei cantieri come quello di Ancona la realt\u00e0 per i lavoratori \u00e8 ben diversa. Pur non essendo direttamente coinvolto nella costruzione di navi da guerra, il sito di Ancona fa parte di un sistema industriale integrato che beneficia pienamente dei nuovi investimenti militari, eppure i dipendenti diretti sono solamente quasi 200, mentre una costellazione di societ\u00e0 in appalto che garantiscono forza-lavoro a costi bassissimi e con paghe orarie spesso al limite della dignit\u00e0 garantisce quasi 4.000 lavoratori. Gli utili salgono, ma a pagarne il prezzo sono coloro che verranno colpiti dai cannoni montati su una nave militare, o chi le produce.<\/p>\n<p>Fincantieri, tuttavia, non \u00e8 l\u2019unica azienda presente nelle Marche che trarrebbe profitto dal riarmo europeo: GEM Elettronica, ad esempio, recentemente acquisita da Leonardo, \u00e8 presente con tre stabilimenti ad Ascoli Piceno e produce tecnologie radar e software dedicati alla navigazione nel settore militare e sicuramente si trova in una posizione favorevole a livello economico.<\/p>\n<p>Un soggetto importante in questo contesto \u00e8 anche l\u2019Universit\u00e0 Politecnica delle Marche (UNIVPM), coinvolta in varie forme con aziende che producono sistemi dual-use (sistemi che possono essere utilizzati sia in ambito civile che militare). La SAB Aerospace, ad esempio, con sede a Benevento, ha avviato attivit\u00e0 di ricerca e sviluppo che mirano a ottimizzare e far progredire la produzione di sistemi e sottosistemi spaziali e aeronautici con l\u2019appoggio dell\u2019UNIVPM<a href=\"#sdfootnote6sym\"><sup>6<\/sup><\/a>, mentre \u00e8 presente un vero e proprio spin-off universitario, Janux, che si occupa di aerodinamica, termo-fluidodinamica computazionale e progettazione di droni che, come si legge dalla loro pagina<a href=\"#sdfootnote7sym\"><sup>7<\/sup><\/a>, realizzano per il mercato sempre pi\u00f9 in crescita della sicurezza.<\/p>\n<p>Il crescente militarismo e la spinta al riarmo europeo, sostenuti da potenti gruppi industriali come Fincantieri, si inseriscono in un contesto pi\u00f9 ampio di politiche neoliberiste che anche nelle Marche hanno accelerato la scomparsa dello Stato da settori fondamentali come la sanit\u00e0 e l&#8217;istruzione. Mentre le risorse pubbliche vengono destinate al potenziamento dell&#8217;apparato militare, l&#8217;accesso ai servizi essenziali per i cittadini, come la sanit\u00e0 e l&#8217;istruzione, subisce tagli impressionanti. Le politiche di privatizzazione e di razionalizzazione, che hanno impoverito i servizi pubblici e accresciuto le disuguaglianze sociali, restituiscono un modello in cui le priorit\u00e0 statali sono indirizzate verso gli interessi delle industrie belliche a scapito dei diritti primari dei cittadini. Cos\u00ec, mentre il comparto militare-industriale prospera con l&#8217;aiuto di fondi pubblici, le fasce popolari sono costrette a fare i conti con una sanit\u00e0 che non funziona e con un sistema educativo sempre pi\u00f9 inadeguato, creando una realt\u00e0 in cui la militarizzazione e il profitto privato sembrano prevalere sul diritto alla salute e all&#8217;istruzione.<\/p>\n<p>Negli ultimi quindici anni la sanit\u00e0 pubblica nelle Marche \u00e8 stata smantellata, seguendo una precisa traiettoria: tagli, declassamento e, infine, cessione al privato. Dal 2012, complici la legge Balduzzi e il decreto Lorenzin, il sistema sanitario nazionale \u00e8 stato strangolato da vincoli di bilancio che hanno imposto drastiche riduzioni di personale, posti letto e servizi. Nelle Marche, la giunta Ceriscioli del Partito Democratico ha accelerato questa deriva, chiudendo in soli tre anni e mezzo ben 13 ospedali di rete, come quelli di Recanati, Tolentino, Matelica, Cingoli, Treia e Loreto, trasformati in &#8220;case della salute&#8221; svuotate di funzione, preludio alla svendita ai privati. Emblematico \u00e8 il caso dell\u2019ospedale Lanciarini di Sassocorvaro: una volta declassato, \u00e8 stato poi riqualificato e affidato alla gestione privata della KOS Care (gruppo CIR di De Benedetti), con il ripristino proprio di quei servizi cancellati quando la struttura era pubblica<a href=\"#sdfootnote8sym\"><sup>8<\/sup><\/a>. Il paradosso \u00e8 lampante: ci\u00f2 che non era considerato sicuro per i cittadini sotto gestione pubblica, improvvisamente diventa accettabile se gestito dal privato. Nel frattempo, la Regione si \u00e8 impegnata per 5,5 miliardi di euro in 30 anni per costruire sei nuovi ospedali unici provinciali tramite project financing, ancora una volta sotto la regia di grandi gruppi privati. La logica \u00e8 chiara: si demolisce il pubblico per creare spazi di mercato garantiti ai privati, ipotecando per sempre il diritto alla salute.<\/p>\n<p>Nelle Marche il neoliberismo sanitario ha avuto complici da fronti diversi e il prezzo lo stanno pagando i cittadini pi\u00f9 deboli. La recente amministrazione Acquaroli, di Fratelli d\u2019Italia, ha aggravato la situazione, seguendo tuttavia la stessa agenda politica: nel 2024 sono stati tagliati 148 milioni di euro alle aziende sanitarie locali, congelando fondi vitali nel Fondo di Gestione Sanitaria Accentrata (GSA), aumentando le liste d\u2019attesa e spingendo ulteriormente verso la sanit\u00e0 privata. Sar\u00e0 cos\u00ec che ad esempio l\u2019ospedale di Torrette subir\u00e0 un taglio di 19 milioni, il 13% del suo bilancio di gestione<a href=\"#sdfootnote9sym\"><sup>9<\/sup><\/a>.<\/p>\n<p>I tagli alla sanit\u00e0 pubblica nelle Marche, sia a livello nazionale che regionale, hanno avuto inoltre un impatto significativo sul diritto all&#8217;aborto: le politiche di razionalizzazione e i tagli ai servizi sanitari hanno ridotto la disponibilit\u00e0 di reparti di ginecologia, con conseguenti lunghe liste d&#8217;attesa e difficolt\u00e0 di accesso all&#8217;interruzione volontaria di gravidanza (IVG); l&#8217;aumento degli obiettori di coscienza tra i medici ha poi limitato ulteriormente le opzioni disponibili per le donne. L&#8217;amministrazione regionale di Fratelli d\u2019Italia ha adottato politiche che hanno reso ancora pi\u00f9 difficile l&#8217;accesso all&#8217;IVG, con riduzioni di risorse per i servizi e il sostegno a iniziative pro-vita, ostacolando cos\u00ec l&#8217;esercizio del diritto all&#8217;aborto nella regione e costringendo le donne a cambiare regione per esercitare un diritto fondamentale.<\/p>\n<p>La situazione non cambia se si osserva il mondo della scuola nella regione Marche. A partire dal 2009, durante il governo di Gian Mario Spacca, di centrosinistra, la regione ha visto riduzioni sostanziali nel numero di insegnanti e dipendenti amministrativi, con oltre 900 posti eliminati, principalmente nelle scuole primarie e secondarie. I tagli si sono intensificati negli anni successivi e le politiche di dimensionamento scolastico hanno accelerato il processo di accorpamento delle scuole, in particolare nelle province di Pesaro e Urbino, portando a un impoverimento dei servizi educativi nelle zone interne e spopolate. L\u2019introduzione di nuove misure, come l\u2019innalzamento della soglia minima di alunni per l\u2019autonomia scolastica da 600 a 900, ha causato la chiusura di numerosi istituti, mentre le universit\u00e0 delle Marche hanno visto, nel 2024 con al governo il centrodestra, un taglio del finanziamento ordinario del 3%, aggravando ulteriormente la situazione. L\u2019intero sistema educativo regionale ne risente, con la continua marginalizzazione di alcune aree e la compromissione del diritto allo studio.<\/p>\n<p>Il dibattito sul riarmo e sulla militarizzazione non pu\u00f2 e non deve prescindere dalla riflessione pi\u00f9 ampia sul tipo di societ\u00e0 che si vuole costruire. \u00c8 indispensabile in questo contesto tornare a mettere al centro gli interessi popolari, ponendo la giustizia sociale e la cooperazione internazionale come obiettivi primari, piuttosto che accettare il gioco della guerra come unico modello di protezione. La vera sicurezza non si pu\u00f2 costruire sui cannoni e sugli armamenti, ma sulla solidariet\u00e0, sulla difesa dei beni comuni e sull\u2019investimento nelle risorse per le fasce popolari.<\/p>\n<p><a href=\"#sdfootnote1anc\">1<\/a><a href=\"https:\/\/www.politico.eu\/article\/eu-defense-industry-goes-big-on-lobbying-in-brussels\/\">https:\/\/www.politico.eu\/article\/eu-defense-industry-goes-big-on-lobbying-in-brussels\/<\/a>; <a href=\"https:\/\/www.ilfattoquotidiano.it\/2025\/03\/07\/lassalto-allunione-europea-dei-lobbisti-della-difesa-18-incontri-con-i-commissari-in-tre-mesi-e-budget-aumentato-del-40-in-un-anno\/7902726\/\">https:\/\/www.ilfattoquotidiano.it\/2025\/03\/07\/lassalto-allunione-europea-dei-lobbisti-della-difesa-18-incontri-con-i-commissari-in-tre-mesi-e-budget-aumentato-del-40-in-un-anno\/7902726\/<\/a>.<\/p>\n<p><a href=\"#sdfootnote2anc\">2<\/a><a href=\"https:\/\/transparency-register.europa.eu\/searchregister-or-update\/organisation-detail_it?id=095079912436-63\">https:\/\/transparency-register.europa.eu\/searchregister-or-update\/organisation-detail_it?id=095079912436-63<\/a>.<\/p>\n<p><a href=\"#sdfootnote3anc\">3<\/a>Nel 2021 le spese erano pari a 540.000 dollari. <a href=\"https:\/\/www.opensecrets.org\/federal-lobbying\/clients\/summary?cycle=2024&amp;id=D000045968\">https:\/\/www.opensecrets.org\/federal-lobbying\/clients\/summary?cycle=2024&amp;id=D000045968<\/a>.<\/p>\n<p><a href=\"#sdfootnote4anc\">4<\/a><a href=\"https:\/\/www.fincantieri.com\/it\/media\/comunicati-stampa-e-news\/2021\/fincantieri-prende-parte-ufficialmente-al-progetto-sea-defence\/\">https:\/\/www.fincantieri.com\/it\/media\/comunicati-stampa-e-news\/2021\/fincantieri-prende-parte-ufficialmente-al-progetto-sea-defence\/<\/a>.<\/p>\n<p><a href=\"#sdfootnote5anc\">5<\/a><a href=\"https:\/\/www.defensenews.com\/global\/europe\/2022\/12\/16\/fincantieri-expects-huge-shipbuilding-kick-from-fatter-defense-budgets\/#:~:text=ROME%20\">https:\/\/www.defensenews.com\/global\/europe\/2022\/12\/16\/fincantieri-expects-huge-shipbuilding-kick-from-fatter-defense-budgets\/#:~:text=ROME%20<\/a>\u2014%20Fincantieri%20is%20set%20to,recently%20appointed%20CEO%20said%20Friday.<\/p>\n<p><a href=\"#sdfootnote6anc\">6<\/a><a href=\"https:\/\/www.sabaerospace.com\/it\/ricerca-e-sviluppo\/\">https:\/\/www.sabaerospace.com\/it\/ricerca-e-sviluppo\/<\/a>.<\/p>\n<p><a href=\"#sdfootnote7anc\">7<\/a><a href=\"https:\/\/www.janux.it\/monitoraggio-con-droni\/\">https:\/\/www.janux.it\/monitoraggio-con-droni\/<\/a>.<\/p>\n<p><a href=\"#sdfootnote8anc\">8<\/a><a href=\"https:\/\/www.larucola.org\/2019\/06\/17\/il-giochetto-della-chiusura-degli-ospedali-pubblici-nelle-marche\/\">https:\/\/www.larucola.org\/2019\/06\/17\/il-giochetto-della-chiusura-degli-ospedali-pubblici-nelle-marche\/<\/a>.<\/p>\n<p><a href=\"#sdfootnote9anc\">9<\/a><a href=\"https:\/\/www.ilrestodelcarlino.it\/ancona\/cronaca\/marche-mannaia-sulla-sanita-scattano-tagli-per-148-milioni-0a3be4c0\">https:\/\/www.ilrestodelcarlino.it\/ancona\/cronaca\/marche-mannaia-sulla-sanita-scattano-tagli-per-148-milioni-0a3be4c0<\/a><\/p>\n","protected":false},"excerpt":{"rendered":"<p>\u201cRipudiare la guerra non significa essere vigliacchi\u201d; \u201cNoi abbiamo l\u2019obbligo di far vedere agli altri che possiamo difenderci con le unghie e coi denti\u201d; \u201c\u00c8 attraverso questa disposizione d\u2019animo e gli strumenti d\u2019indagine da essa prodotti che la cultura occidentale&hellip;<\/p>\n","protected":false},"author":2479,"featured_media":2601061,"comment_status":"closed","ping_status":"closed","sticky":false,"template":"","format":"standard","meta":{"footnotes":""},"categories":[11388,1258,47,1263,1259],"tags":[23405,123518,75632,134422,52427,1588,1634,186],"class_list":["post-2601059","post","type-post","status-publish","format-standard","has-post-thumbnail","hentry","category-contenuti-originali","category-educazione","category-europa","category-pace-disarmo","category-salute-argomento","tag-fincantieri","tag-industrie-belliche","tag-marche-it","tag-riarmo-europeo","tag-sanita-pubblica","tag-scuole","tag-solidarieta","tag-tagli"],"yoast_head":"<!-- This site is optimized with the Yoast SEO plugin v27.1.1 - https:\/\/yoast.com\/product\/yoast-seo-wordpress\/ -->\n<title>L\u2019infatuazione delle Marche per le industrie belliche e il taglio della spesa pubblica<\/title>\n<meta name=\"description\" content=\"\u201cRipudiare la guerra non significa essere vigliacchi\u201d; \u201cNoi abbiamo l\u2019obbligo di far vedere agli altri che possiamo difenderci con le unghie e coi denti\u201d;\" \/>\n<meta name=\"robots\" content=\"index, follow, max-snippet:-1, max-image-preview:large, max-video-preview:-1\" \/>\n<link rel=\"canonical\" href=\"https:\/\/www.pressenza.com\/it\/2025\/04\/linfatuazione-delle-marche-per-le-industrie-belliche-e-il-taglio-della-spesa-pubblica\/\" \/>\n<meta property=\"og:locale\" content=\"it_IT\" \/>\n<meta property=\"og:type\" content=\"article\" \/>\n<meta property=\"og:title\" content=\"L\u2019infatuazione delle Marche per le industrie belliche e il taglio della spesa pubblica\" \/>\n<meta property=\"og:description\" content=\"\u201cRipudiare la guerra non significa essere vigliacchi\u201d; \u201cNoi abbiamo l\u2019obbligo di far vedere agli altri che possiamo difenderci con le unghie e coi denti\u201d;\" \/>\n<meta property=\"og:url\" content=\"https:\/\/www.pressenza.com\/it\/2025\/04\/linfatuazione-delle-marche-per-le-industrie-belliche-e-il-taglio-della-spesa-pubblica\/\" \/>\n<meta property=\"og:site_name\" content=\"Pressenza\" \/>\n<meta property=\"article:publisher\" content=\"https:\/\/www.facebook.com\/PressenzaItalia\" \/>\n<meta property=\"article:published_time\" content=\"2025-04-29T07:51:16+00:00\" \/>\n<meta property=\"og:image\" content=\"https:\/\/www.pressenza.com\/wp-content\/uploads\/2025\/04\/Cantiere_Fincantieri_di_Ancona.jpg\" \/>\n\t<meta property=\"og:image:width\" content=\"1600\" \/>\n\t<meta property=\"og:image:height\" content=\"1200\" \/>\n\t<meta property=\"og:image:type\" content=\"image\/jpeg\" \/>\n<meta name=\"author\" content=\"Emiliano Palpacelli\" \/>\n<meta name=\"twitter:card\" content=\"summary_large_image\" \/>\n<meta name=\"twitter:creator\" content=\"@PressenzaIPA\" \/>\n<meta name=\"twitter:site\" content=\"@PressenzaIPA\" \/>\n<meta name=\"twitter:label1\" content=\"Scritto da\" \/>\n\t<meta name=\"twitter:data1\" content=\"Emiliano Palpacelli\" \/>\n\t<meta name=\"twitter:label2\" content=\"Tempo di lettura stimato\" \/>\n\t<meta name=\"twitter:data2\" content=\"10 minuti\" \/>\n<script type=\"application\/ld+json\" class=\"yoast-schema-graph\">{\"@context\":\"https:\/\/schema.org\",\"@graph\":[{\"@type\":\"Article\",\"@id\":\"https:\/\/www.pressenza.com\/it\/2025\/04\/linfatuazione-delle-marche-per-le-industrie-belliche-e-il-taglio-della-spesa-pubblica\/#article\",\"isPartOf\":{\"@id\":\"https:\/\/www.pressenza.com\/it\/2025\/04\/linfatuazione-delle-marche-per-le-industrie-belliche-e-il-taglio-della-spesa-pubblica\/\"},\"author\":{\"name\":\"Emiliano Palpacelli\",\"@id\":\"https:\/\/www.pressenza.com\/it\/#\/schema\/person\/0a31b197c8a2052bf4fb036b83de8cb1\"},\"headline\":\"L\u2019infatuazione delle Marche per le industrie belliche e il taglio della spesa pubblica\",\"datePublished\":\"2025-04-29T07:51:16+00:00\",\"mainEntityOfPage\":{\"@id\":\"https:\/\/www.pressenza.com\/it\/2025\/04\/linfatuazione-delle-marche-per-le-industrie-belliche-e-il-taglio-della-spesa-pubblica\/\"},\"wordCount\":1924,\"publisher\":{\"@id\":\"https:\/\/www.pressenza.com\/it\/#organization\"},\"image\":{\"@id\":\"https:\/\/www.pressenza.com\/it\/2025\/04\/linfatuazione-delle-marche-per-le-industrie-belliche-e-il-taglio-della-spesa-pubblica\/#primaryimage\"},\"thumbnailUrl\":\"https:\/\/www.pressenza.com\/wp-content\/uploads\/2025\/04\/Cantiere_Fincantieri_di_Ancona.jpg\",\"keywords\":[\"Fincantieri\",\"industrie belliche\",\"marche\",\"riarmo europeo\",\"sanit\u00e0 pubblica\",\"scuole\",\"solidariet\u00e0\",\"tagli\"],\"articleSection\":[\"contenuti originali\",\"Educazione\",\"Europa\",\"Pace e Disarmo\",\"Salute\"],\"inLanguage\":\"it-IT\"},{\"@type\":\"WebPage\",\"@id\":\"https:\/\/www.pressenza.com\/it\/2025\/04\/linfatuazione-delle-marche-per-le-industrie-belliche-e-il-taglio-della-spesa-pubblica\/\",\"url\":\"https:\/\/www.pressenza.com\/it\/2025\/04\/linfatuazione-delle-marche-per-le-industrie-belliche-e-il-taglio-della-spesa-pubblica\/\",\"name\":\"L\u2019infatuazione delle Marche per le industrie belliche e il taglio della spesa pubblica\",\"isPartOf\":{\"@id\":\"https:\/\/www.pressenza.com\/it\/#website\"},\"primaryImageOfPage\":{\"@id\":\"https:\/\/www.pressenza.com\/it\/2025\/04\/linfatuazione-delle-marche-per-le-industrie-belliche-e-il-taglio-della-spesa-pubblica\/#primaryimage\"},\"image\":{\"@id\":\"https:\/\/www.pressenza.com\/it\/2025\/04\/linfatuazione-delle-marche-per-le-industrie-belliche-e-il-taglio-della-spesa-pubblica\/#primaryimage\"},\"thumbnailUrl\":\"https:\/\/www.pressenza.com\/wp-content\/uploads\/2025\/04\/Cantiere_Fincantieri_di_Ancona.jpg\",\"datePublished\":\"2025-04-29T07:51:16+00:00\",\"description\":\"\u201cRipudiare la guerra non significa essere vigliacchi\u201d; \u201cNoi abbiamo l\u2019obbligo di far vedere agli altri che possiamo difenderci con le unghie e coi denti\u201d;\",\"breadcrumb\":{\"@id\":\"https:\/\/www.pressenza.com\/it\/2025\/04\/linfatuazione-delle-marche-per-le-industrie-belliche-e-il-taglio-della-spesa-pubblica\/#breadcrumb\"},\"inLanguage\":\"it-IT\",\"potentialAction\":[{\"@type\":\"ReadAction\",\"target\":[\"https:\/\/www.pressenza.com\/it\/2025\/04\/linfatuazione-delle-marche-per-le-industrie-belliche-e-il-taglio-della-spesa-pubblica\/\"]}]},{\"@type\":\"ImageObject\",\"inLanguage\":\"it-IT\",\"@id\":\"https:\/\/www.pressenza.com\/it\/2025\/04\/linfatuazione-delle-marche-per-le-industrie-belliche-e-il-taglio-della-spesa-pubblica\/#primaryimage\",\"url\":\"https:\/\/www.pressenza.com\/wp-content\/uploads\/2025\/04\/Cantiere_Fincantieri_di_Ancona.jpg\",\"contentUrl\":\"https:\/\/www.pressenza.com\/wp-content\/uploads\/2025\/04\/Cantiere_Fincantieri_di_Ancona.jpg\",\"width\":1600,\"height\":1200},{\"@type\":\"BreadcrumbList\",\"@id\":\"https:\/\/www.pressenza.com\/it\/2025\/04\/linfatuazione-delle-marche-per-le-industrie-belliche-e-il-taglio-della-spesa-pubblica\/#breadcrumb\",\"itemListElement\":[{\"@type\":\"ListItem\",\"position\":1,\"name\":\"Accueil\",\"item\":\"https:\/\/www.pressenza.com\/it\/\"},{\"@type\":\"ListItem\",\"position\":2,\"name\":\"L\u2019infatuazione delle Marche per le industrie belliche e il taglio della spesa pubblica\"}]},{\"@type\":\"WebSite\",\"@id\":\"https:\/\/www.pressenza.com\/it\/#website\",\"url\":\"https:\/\/www.pressenza.com\/it\/\",\"name\":\"Pressenza\",\"description\":\"Agenzia di Stampa Internazionale\",\"publisher\":{\"@id\":\"https:\/\/www.pressenza.com\/it\/#organization\"},\"potentialAction\":[{\"@type\":\"SearchAction\",\"target\":{\"@type\":\"EntryPoint\",\"urlTemplate\":\"https:\/\/www.pressenza.com\/it\/?s={search_term_string}\"},\"query-input\":{\"@type\":\"PropertyValueSpecification\",\"valueRequired\":true,\"valueName\":\"search_term_string\"}}],\"inLanguage\":\"it-IT\"},{\"@type\":\"Organization\",\"@id\":\"https:\/\/www.pressenza.com\/it\/#organization\",\"name\":\"Pressenza\",\"url\":\"https:\/\/www.pressenza.com\/it\/\",\"logo\":{\"@type\":\"ImageObject\",\"inLanguage\":\"it-IT\",\"@id\":\"https:\/\/www.pressenza.com\/it\/#\/schema\/logo\/image\/\",\"url\":\"https:\/\/www.pressenza.com\/wp-content\/uploads\/2022\/10\/pressenza_logo_200x200.jpg\",\"contentUrl\":\"https:\/\/www.pressenza.com\/wp-content\/uploads\/2022\/10\/pressenza_logo_200x200.jpg\",\"width\":200,\"height\":200,\"caption\":\"Pressenza\"},\"image\":{\"@id\":\"https:\/\/www.pressenza.com\/it\/#\/schema\/logo\/image\/\"},\"sameAs\":[\"https:\/\/www.facebook.com\/PressenzaItalia\",\"https:\/\/x.com\/PressenzaIPA\"]},{\"@type\":\"Person\",\"@id\":\"https:\/\/www.pressenza.com\/it\/#\/schema\/person\/0a31b197c8a2052bf4fb036b83de8cb1\",\"name\":\"Emiliano Palpacelli\",\"sameAs\":[\"https:\/\/www.instagram.com\/_palpfiction_?igsh=cHdoa3V1emZ0dHkz\"],\"url\":\"https:\/\/www.pressenza.com\/it\/author\/emiliano-palpacelli\/\"}]}<\/script>\n<!-- \/ Yoast SEO plugin. -->","yoast_head_json":{"title":"L\u2019infatuazione delle Marche per le industrie belliche e il taglio della spesa pubblica","description":"\u201cRipudiare la guerra non significa essere vigliacchi\u201d; \u201cNoi abbiamo l\u2019obbligo di far vedere agli altri che possiamo difenderci con le unghie e coi denti\u201d;","robots":{"index":"index","follow":"follow","max-snippet":"max-snippet:-1","max-image-preview":"max-image-preview:large","max-video-preview":"max-video-preview:-1"},"canonical":"https:\/\/www.pressenza.com\/it\/2025\/04\/linfatuazione-delle-marche-per-le-industrie-belliche-e-il-taglio-della-spesa-pubblica\/","og_locale":"it_IT","og_type":"article","og_title":"L\u2019infatuazione delle Marche per le industrie belliche e il taglio della spesa pubblica","og_description":"\u201cRipudiare la guerra non significa essere vigliacchi\u201d; \u201cNoi abbiamo l\u2019obbligo di far vedere agli altri che possiamo difenderci con le unghie e coi denti\u201d;","og_url":"https:\/\/www.pressenza.com\/it\/2025\/04\/linfatuazione-delle-marche-per-le-industrie-belliche-e-il-taglio-della-spesa-pubblica\/","og_site_name":"Pressenza","article_publisher":"https:\/\/www.facebook.com\/PressenzaItalia","article_published_time":"2025-04-29T07:51:16+00:00","og_image":[{"width":1600,"height":1200,"url":"https:\/\/www.pressenza.com\/wp-content\/uploads\/2025\/04\/Cantiere_Fincantieri_di_Ancona.jpg","type":"image\/jpeg"}],"author":"Emiliano Palpacelli","twitter_card":"summary_large_image","twitter_creator":"@PressenzaIPA","twitter_site":"@PressenzaIPA","twitter_misc":{"Scritto da":"Emiliano Palpacelli","Tempo di lettura stimato":"10 minuti"},"schema":{"@context":"https:\/\/schema.org","@graph":[{"@type":"Article","@id":"https:\/\/www.pressenza.com\/it\/2025\/04\/linfatuazione-delle-marche-per-le-industrie-belliche-e-il-taglio-della-spesa-pubblica\/#article","isPartOf":{"@id":"https:\/\/www.pressenza.com\/it\/2025\/04\/linfatuazione-delle-marche-per-le-industrie-belliche-e-il-taglio-della-spesa-pubblica\/"},"author":{"name":"Emiliano Palpacelli","@id":"https:\/\/www.pressenza.com\/it\/#\/schema\/person\/0a31b197c8a2052bf4fb036b83de8cb1"},"headline":"L\u2019infatuazione delle Marche per le industrie belliche e il taglio della spesa pubblica","datePublished":"2025-04-29T07:51:16+00:00","mainEntityOfPage":{"@id":"https:\/\/www.pressenza.com\/it\/2025\/04\/linfatuazione-delle-marche-per-le-industrie-belliche-e-il-taglio-della-spesa-pubblica\/"},"wordCount":1924,"publisher":{"@id":"https:\/\/www.pressenza.com\/it\/#organization"},"image":{"@id":"https:\/\/www.pressenza.com\/it\/2025\/04\/linfatuazione-delle-marche-per-le-industrie-belliche-e-il-taglio-della-spesa-pubblica\/#primaryimage"},"thumbnailUrl":"https:\/\/www.pressenza.com\/wp-content\/uploads\/2025\/04\/Cantiere_Fincantieri_di_Ancona.jpg","keywords":["Fincantieri","industrie belliche","marche","riarmo europeo","sanit\u00e0 pubblica","scuole","solidariet\u00e0","tagli"],"articleSection":["contenuti originali","Educazione","Europa","Pace e Disarmo","Salute"],"inLanguage":"it-IT"},{"@type":"WebPage","@id":"https:\/\/www.pressenza.com\/it\/2025\/04\/linfatuazione-delle-marche-per-le-industrie-belliche-e-il-taglio-della-spesa-pubblica\/","url":"https:\/\/www.pressenza.com\/it\/2025\/04\/linfatuazione-delle-marche-per-le-industrie-belliche-e-il-taglio-della-spesa-pubblica\/","name":"L\u2019infatuazione delle Marche per le industrie belliche e il taglio della spesa pubblica","isPartOf":{"@id":"https:\/\/www.pressenza.com\/it\/#website"},"primaryImageOfPage":{"@id":"https:\/\/www.pressenza.com\/it\/2025\/04\/linfatuazione-delle-marche-per-le-industrie-belliche-e-il-taglio-della-spesa-pubblica\/#primaryimage"},"image":{"@id":"https:\/\/www.pressenza.com\/it\/2025\/04\/linfatuazione-delle-marche-per-le-industrie-belliche-e-il-taglio-della-spesa-pubblica\/#primaryimage"},"thumbnailUrl":"https:\/\/www.pressenza.com\/wp-content\/uploads\/2025\/04\/Cantiere_Fincantieri_di_Ancona.jpg","datePublished":"2025-04-29T07:51:16+00:00","description":"\u201cRipudiare la guerra non significa essere vigliacchi\u201d; \u201cNoi abbiamo l\u2019obbligo di far vedere agli altri che possiamo difenderci con le unghie e coi denti\u201d;","breadcrumb":{"@id":"https:\/\/www.pressenza.com\/it\/2025\/04\/linfatuazione-delle-marche-per-le-industrie-belliche-e-il-taglio-della-spesa-pubblica\/#breadcrumb"},"inLanguage":"it-IT","potentialAction":[{"@type":"ReadAction","target":["https:\/\/www.pressenza.com\/it\/2025\/04\/linfatuazione-delle-marche-per-le-industrie-belliche-e-il-taglio-della-spesa-pubblica\/"]}]},{"@type":"ImageObject","inLanguage":"it-IT","@id":"https:\/\/www.pressenza.com\/it\/2025\/04\/linfatuazione-delle-marche-per-le-industrie-belliche-e-il-taglio-della-spesa-pubblica\/#primaryimage","url":"https:\/\/www.pressenza.com\/wp-content\/uploads\/2025\/04\/Cantiere_Fincantieri_di_Ancona.jpg","contentUrl":"https:\/\/www.pressenza.com\/wp-content\/uploads\/2025\/04\/Cantiere_Fincantieri_di_Ancona.jpg","width":1600,"height":1200},{"@type":"BreadcrumbList","@id":"https:\/\/www.pressenza.com\/it\/2025\/04\/linfatuazione-delle-marche-per-le-industrie-belliche-e-il-taglio-della-spesa-pubblica\/#breadcrumb","itemListElement":[{"@type":"ListItem","position":1,"name":"Accueil","item":"https:\/\/www.pressenza.com\/it\/"},{"@type":"ListItem","position":2,"name":"L\u2019infatuazione delle Marche per le industrie belliche e il taglio della spesa pubblica"}]},{"@type":"WebSite","@id":"https:\/\/www.pressenza.com\/it\/#website","url":"https:\/\/www.pressenza.com\/it\/","name":"Pressenza","description":"Agenzia di Stampa Internazionale","publisher":{"@id":"https:\/\/www.pressenza.com\/it\/#organization"},"potentialAction":[{"@type":"SearchAction","target":{"@type":"EntryPoint","urlTemplate":"https:\/\/www.pressenza.com\/it\/?s={search_term_string}"},"query-input":{"@type":"PropertyValueSpecification","valueRequired":true,"valueName":"search_term_string"}}],"inLanguage":"it-IT"},{"@type":"Organization","@id":"https:\/\/www.pressenza.com\/it\/#organization","name":"Pressenza","url":"https:\/\/www.pressenza.com\/it\/","logo":{"@type":"ImageObject","inLanguage":"it-IT","@id":"https:\/\/www.pressenza.com\/it\/#\/schema\/logo\/image\/","url":"https:\/\/www.pressenza.com\/wp-content\/uploads\/2022\/10\/pressenza_logo_200x200.jpg","contentUrl":"https:\/\/www.pressenza.com\/wp-content\/uploads\/2022\/10\/pressenza_logo_200x200.jpg","width":200,"height":200,"caption":"Pressenza"},"image":{"@id":"https:\/\/www.pressenza.com\/it\/#\/schema\/logo\/image\/"},"sameAs":["https:\/\/www.facebook.com\/PressenzaItalia","https:\/\/x.com\/PressenzaIPA"]},{"@type":"Person","@id":"https:\/\/www.pressenza.com\/it\/#\/schema\/person\/0a31b197c8a2052bf4fb036b83de8cb1","name":"Emiliano Palpacelli","sameAs":["https:\/\/www.instagram.com\/_palpfiction_?igsh=cHdoa3V1emZ0dHkz"],"url":"https:\/\/www.pressenza.com\/it\/author\/emiliano-palpacelli\/"}]}},"place":"","original_article_url":"","_links":{"self":[{"href":"https:\/\/www.pressenza.com\/it\/wp-json\/wp\/v2\/posts\/2601059","targetHints":{"allow":["GET"]}}],"collection":[{"href":"https:\/\/www.pressenza.com\/it\/wp-json\/wp\/v2\/posts"}],"about":[{"href":"https:\/\/www.pressenza.com\/it\/wp-json\/wp\/v2\/types\/post"}],"author":[{"embeddable":true,"href":"https:\/\/www.pressenza.com\/it\/wp-json\/wp\/v2\/users\/2479"}],"replies":[{"embeddable":true,"href":"https:\/\/www.pressenza.com\/it\/wp-json\/wp\/v2\/comments?post=2601059"}],"version-history":[{"count":0,"href":"https:\/\/www.pressenza.com\/it\/wp-json\/wp\/v2\/posts\/2601059\/revisions"}],"wp:featuredmedia":[{"embeddable":true,"href":"https:\/\/www.pressenza.com\/it\/wp-json\/wp\/v2\/media\/2601061"}],"wp:attachment":[{"href":"https:\/\/www.pressenza.com\/it\/wp-json\/wp\/v2\/media?parent=2601059"}],"wp:term":[{"taxonomy":"category","embeddable":true,"href":"https:\/\/www.pressenza.com\/it\/wp-json\/wp\/v2\/categories?post=2601059"},{"taxonomy":"post_tag","embeddable":true,"href":"https:\/\/www.pressenza.com\/it\/wp-json\/wp\/v2\/tags?post=2601059"}],"curies":[{"name":"wp","href":"https:\/\/api.w.org\/{rel}","templated":true}]}}