{"id":2600439,"date":"2025-04-26T20:17:18","date_gmt":"2025-04-26T19:17:18","guid":{"rendered":"https:\/\/www.pressenza.com\/?p=2600439"},"modified":"2025-04-26T20:26:44","modified_gmt":"2025-04-26T19:26:44","slug":"pensieri-per-aprile-2025","status":"publish","type":"post","link":"https:\/\/www.pressenza.com\/it\/2025\/04\/pensieri-per-aprile-2025\/","title":{"rendered":"Pensieri per aprile 2025"},"content":{"rendered":"<p dir=\"auto\">Una bella iniziativa, bellissimi interventi. Cose che avremmo perso se avessimo dovuto seguire le indicazioni del Governo per festeggiare gli 80 anni della Liberazione dal nazifascismo. Seguire le indicazioni poi di chi non ci ha aiutato a liberarci. Indicazioni che servivano ad altro e inopportune a ricordare Papa Francesco che ha esortato la sua gente a \u201cagitarsi\u201d e ribellarsi. Lui diceva: bisogna assumere la storia per non riprodurla.<\/p>\n<p dir=\"auto\">In queste settimane nelle tante e utili iniziative organizzate per l\u201980\u00b0della Liberazione sono emerse alcune relazioni tra la situazione di allora e quella attuale. Ne elenco tre.<\/p>\n<p dir=\"auto\">1.\u00a0 \u00a0 \u00a0Il regime fascista decise di raccogliere un ingente finanziamento per costruire e comprare armi. La campagna oro per cannoni dove raccolsero gli averi della gente per recuperare risorse economiche.\u00a0 Era il 1935, pochi anni dopo quelle armi vennero usate. Oggi l\u2019Unione Europea chiede di raccogliere 800 miliardi per comprare e costruire armi. E una parte delle risorse sta discutendo di prenderle dai risparmi delle persone. Non c\u2019\u00e8 il rischio reale di una invasione russa a giustificarlo, esiste invece il rischio, come dicono diversi economisti europei, che una spesa cos\u00ec elevata in armi sar\u00e0 efficiente solo se poi quello che si \u00e8 prodotto viene utilizzato.<\/p>\n<p dir=\"auto\">2.\u00a0 \u00a0 \u00a0La seconda relazione sono le condizioni di vita in peggioramento e le prospettive di futuro chiuse. L\u2019Italia su 35 paesi europei nella misurazione della qualit\u00e0 della sanit\u00e0 \u00e8 al 20\u00b0 posto, ben lontana dai paesi sviluppati. Siamo gli ultimi, in fondo alla lista, per la spesa per l\u2019istruzione. Siamo l\u2019unico paese europeo dove il potere d\u2019acquisto delle retribuzioni e delle pensioni \u00e8 rimasto fermo a 17 anni fa. Siamo ultimi in Europa come percentuale di persone che hanno un lavoro, siamo al 67%, la media europea \u00e8 del 75%. Settimana scorsa l\u2019INPS ha dichiarato che il condono di Salvini e Meloni ha provocato un danno di 15 miliardi nel suo bilancio, per pagare le pensioni mancheranno 6 miliardi e mezzo che lo Stato dovr\u00e0 fornire. Soldi delle tasse che per\u00f2 serviranno per le armi. Ora la minaccia e l\u2019applicazione dei dazi statunitensi ridurr\u00e0 il numero delle persone che lavorano e aumenter\u00e0 il prezzo di prodotti indispensabili. Siamo il paese che ha ricevuto dall\u2019ONU due avvisi con l\u2019invito ad abrogare il recente decreto sicurezza perch\u00e9 include disposizioni non in linea con il diritto internazionale in materia di diritti umani.<\/p>\n<p dir=\"auto\">3.\u00a0 \u00a0 \u00a0Il terzo richiamo parte dalle parole, recentemente ricordate, di Giovanni Bianchi sulla Resistenza a Sesto. Qua la Resistenza fu possibile per la formazione di un fortissimo\u00a0 sentimento popolare di ostilit\u00e0 al nazifascismo e alla guerra, non ci fu solo la Resistenza armata ma ci fu anche il peso di una diffusa contrariet\u00e0 al potere e alla situazione di allora e il contributo di una vigorosa e estesa solidariet\u00e0 con chi si opponeva al regime. Le tante attivit\u00e0 della Resistenza senza fucile. Anche oggi c\u2019\u00e8 questo sentimento, recenti indagini confermano che esiste un diffuso e importante giudizio popolare di ostilit\u00e0 alla guerra e all\u2019aumento delle spese militari.<\/p>\n<p dir=\"auto\">Ci stanno preparando alla guerra.<\/p>\n<p dir=\"auto\">Pensate a quello a cui hanno tentato di abituarci.<\/p>\n<p dir=\"auto\">Iniziano tempo fa con la costruzione del nemico esterno: i migranti.<\/p>\n<p dir=\"auto\">C\u2019\u00e8 la normalizzazione della violenza contro di loro, del programmare per loro soprusi e morte.<\/p>\n<p dir=\"auto\">C\u2019\u00e8 la desiderata guerra in Ucraina che diventa lo strumento per l\u2019impoverimento dell\u2019Europa, il potenziamento del legame con gli USA, lo svuotamento di arsenali obsoleti\u00a0 e la necessit\u00e0 di riempirli nuovamente con armi nuove, la propagazione della paura dell\u2019invasore e la costruzione dell\u2019eroe in divisa invincibile e immortale.<\/p>\n<p dir=\"auto\">C\u2019\u00e8 la guerra di Israele in Palestina e Medio Oriente. Con l\u2019evidente mancato rispetto dei diritti umani e del diritto internazionale, la sfacciata esibizione della violenza e della sopraffazione, la descrizione di crimini ingiustificabili e la visione dell\u2019orrore. Abbiamo esaurito le parole, comprese quelle pi\u00f9 estreme e significative, per esprimere l\u2019insopportabilit\u00e0, l\u2019indignazione e la condanna per quello che sta facendo Israele. L\u2019Europa e gli Stati Uniti continuano a evitare di fermarlo.\u00a0 Su questo raccolgono la misura della nostra reazione per capire se sono diventate normalit\u00e0.<\/p>\n<p dir=\"auto\">C\u2019\u00e8 la costruzione della normale distrazione sulle altre guerre, ad esempio quella tremenda in Sudan.<\/p>\n<p dir=\"auto\">C\u2019\u00e8 la sperimentazione di crudelt\u00e0, di armi e tecnologie nuove, di metodi decisionali nuovi per compiere stragi. Servono armi, servono soldi per questo, un cappio economico che ci strozzer\u00e0.<\/p>\n<p dir=\"auto\">Per andare in guerra e per instaurare un regime repressivo servono condizioni di vita difficili e serve consenso. Le condizioni di vita difficili le hanno create. Per ora il consenso popolare non ce l\u2019hanno. Le persone e la societ\u00e0 civile per ora tengono, restano ostili alla possibilit\u00e0 di una guerra estesa e alla corsa al riarmo a discapito dei servizi sociali.<\/p>\n<p dir=\"auto\">Resistiamo. Resistiamo oggi come allora.<\/p>\n<p dir=\"auto\">Abbiamo perso un forte e autorevole compagno di cammino su questo tema, una voce che raccoglieva e portava un passo pi\u00f9 avanti le nostre, spesso la sola che lo faceva, che gli dava risonanza e spessore. Una persona che sentivamo a fianco, dichiarante sulla Pace senza ambiguit\u00e0. Abbiamo perso Papa Francesco. A maggior ragione dobbiamo resistere.<\/p>\n<p dir=\"auto\">Come scrive la Rete Pace e Disarmo: la Resistenza oggi passa dalla non violenza e la liberazione dal disarmo.<\/p>\n<p dir=\"auto\"><em><strong>Roberto Zanotto, Presidio Pace Sesto San Giovanni<\/strong><\/em><\/p>\n","protected":false},"excerpt":{"rendered":"<p>Una bella iniziativa, bellissimi interventi. Cose che avremmo perso se avessimo dovuto seguire le indicazioni del Governo per festeggiare gli 80 anni della Liberazione dal nazifascismo. Seguire le indicazioni poi di chi non ci ha aiutato a liberarci. Indicazioni che&hellip;<\/p>\n","protected":false},"author":594,"featured_media":2600471,"comment_status":"closed","ping_status":"closed","sticky":false,"template":"","format":"standard","meta":{"footnotes":""},"categories":[47,162,1263],"tags":[4668,365,4000],"class_list":["post-2600439","post","type-post","status-publish","format-standard","has-post-thumbnail","hentry","category-europa","category-opinioni","category-pace-disarmo","tag-25-aprile","tag-guerra","tag-resistenza"],"yoast_head":"<!-- This site is optimized with the Yoast SEO plugin v27.1.1 - https:\/\/yoast.com\/product\/yoast-seo-wordpress\/ -->\n<title>Pensieri per aprile 2025<\/title>\n<meta name=\"description\" content=\"Una bella iniziativa, bellissimi interventi. Cose che avremmo perso se avessimo dovuto seguire le indicazioni del Governo per festeggiare gli 80 anni della Liberazione dal nazifascismo. Seguire le indicazioni poi di chi non ci ha aiutato a liberarci\" \/>\n<meta name=\"robots\" content=\"index, follow, max-snippet:-1, max-image-preview:large, max-video-preview:-1\" \/>\n<link rel=\"canonical\" href=\"https:\/\/www.pressenza.com\/it\/2025\/04\/pensieri-per-aprile-2025\/\" \/>\n<meta property=\"og:locale\" content=\"it_IT\" \/>\n<meta property=\"og:type\" content=\"article\" \/>\n<meta property=\"og:title\" content=\"Pensieri per aprile 2025\" \/>\n<meta property=\"og:description\" content=\"Una bella iniziativa, bellissimi interventi. Cose che avremmo perso se avessimo dovuto seguire le indicazioni del Governo per festeggiare gli 80 anni della Liberazione dal nazifascismo. Seguire le indicazioni poi di chi non ci ha aiutato a liberarci\" \/>\n<meta property=\"og:url\" content=\"https:\/\/www.pressenza.com\/it\/2025\/04\/pensieri-per-aprile-2025\/\" \/>\n<meta property=\"og:site_name\" content=\"Pressenza\" \/>\n<meta property=\"article:publisher\" content=\"https:\/\/www.facebook.com\/PressenzaItalia\" \/>\n<meta property=\"article:author\" content=\"https:\/\/www.facebook.com\/PressenzaItalia\" \/>\n<meta property=\"article:published_time\" content=\"2025-04-26T19:17:18+00:00\" \/>\n<meta property=\"article:modified_time\" content=\"2025-04-26T19:26:44+00:00\" \/>\n<meta property=\"og:image\" content=\"https:\/\/www.pressenza.com\/wp-content\/uploads\/2025\/04\/Presidio-Pace-Sesto-SG.jpg\" \/>\n\t<meta property=\"og:image:width\" content=\"820\" \/>\n\t<meta property=\"og:image:height\" content=\"540\" \/>\n\t<meta property=\"og:image:type\" content=\"image\/jpeg\" \/>\n<meta name=\"author\" content=\"Redazione Italia\" \/>\n<meta name=\"twitter:card\" content=\"summary_large_image\" \/>\n<meta name=\"twitter:creator\" content=\"@pressenza_it\" \/>\n<meta name=\"twitter:site\" content=\"@PressenzaIPA\" \/>\n<meta name=\"twitter:label1\" content=\"Scritto da\" \/>\n\t<meta name=\"twitter:data1\" content=\"Redazione Italia\" \/>\n\t<meta name=\"twitter:label2\" content=\"Tempo di lettura stimato\" \/>\n\t<meta name=\"twitter:data2\" content=\"5 minuti\" \/>\n<script type=\"application\/ld+json\" class=\"yoast-schema-graph\">{\"@context\":\"https:\/\/schema.org\",\"@graph\":[{\"@type\":\"Article\",\"@id\":\"https:\/\/www.pressenza.com\/it\/2025\/04\/pensieri-per-aprile-2025\/#article\",\"isPartOf\":{\"@id\":\"https:\/\/www.pressenza.com\/it\/2025\/04\/pensieri-per-aprile-2025\/\"},\"author\":{\"name\":\"Redazione Italia\",\"@id\":\"https:\/\/www.pressenza.com\/it\/#\/schema\/person\/d983e81827ae24f2c7b1a2123d197f8d\"},\"headline\":\"Pensieri per aprile 2025\",\"datePublished\":\"2025-04-26T19:17:18+00:00\",\"dateModified\":\"2025-04-26T19:26:44+00:00\",\"mainEntityOfPage\":{\"@id\":\"https:\/\/www.pressenza.com\/it\/2025\/04\/pensieri-per-aprile-2025\/\"},\"wordCount\":868,\"publisher\":{\"@id\":\"https:\/\/www.pressenza.com\/it\/#organization\"},\"image\":{\"@id\":\"https:\/\/www.pressenza.com\/it\/2025\/04\/pensieri-per-aprile-2025\/#primaryimage\"},\"thumbnailUrl\":\"https:\/\/www.pressenza.com\/wp-content\/uploads\/2025\/04\/Presidio-Pace-Sesto-SG.jpg\",\"keywords\":[\"25 aprile\",\"guerra\",\"Resistenza\"],\"articleSection\":[\"Europa\",\"Opinioni\",\"Pace e Disarmo\"],\"inLanguage\":\"it-IT\"},{\"@type\":\"WebPage\",\"@id\":\"https:\/\/www.pressenza.com\/it\/2025\/04\/pensieri-per-aprile-2025\/\",\"url\":\"https:\/\/www.pressenza.com\/it\/2025\/04\/pensieri-per-aprile-2025\/\",\"name\":\"Pensieri per aprile 2025\",\"isPartOf\":{\"@id\":\"https:\/\/www.pressenza.com\/it\/#website\"},\"primaryImageOfPage\":{\"@id\":\"https:\/\/www.pressenza.com\/it\/2025\/04\/pensieri-per-aprile-2025\/#primaryimage\"},\"image\":{\"@id\":\"https:\/\/www.pressenza.com\/it\/2025\/04\/pensieri-per-aprile-2025\/#primaryimage\"},\"thumbnailUrl\":\"https:\/\/www.pressenza.com\/wp-content\/uploads\/2025\/04\/Presidio-Pace-Sesto-SG.jpg\",\"datePublished\":\"2025-04-26T19:17:18+00:00\",\"dateModified\":\"2025-04-26T19:26:44+00:00\",\"description\":\"Una bella iniziativa, bellissimi interventi. Cose che avremmo perso se avessimo dovuto seguire le indicazioni del Governo per festeggiare gli 80 anni della Liberazione dal nazifascismo. Seguire le indicazioni poi di chi non ci ha aiutato a liberarci\",\"breadcrumb\":{\"@id\":\"https:\/\/www.pressenza.com\/it\/2025\/04\/pensieri-per-aprile-2025\/#breadcrumb\"},\"inLanguage\":\"it-IT\",\"potentialAction\":[{\"@type\":\"ReadAction\",\"target\":[\"https:\/\/www.pressenza.com\/it\/2025\/04\/pensieri-per-aprile-2025\/\"]}]},{\"@type\":\"ImageObject\",\"inLanguage\":\"it-IT\",\"@id\":\"https:\/\/www.pressenza.com\/it\/2025\/04\/pensieri-per-aprile-2025\/#primaryimage\",\"url\":\"https:\/\/www.pressenza.com\/wp-content\/uploads\/2025\/04\/Presidio-Pace-Sesto-SG.jpg\",\"contentUrl\":\"https:\/\/www.pressenza.com\/wp-content\/uploads\/2025\/04\/Presidio-Pace-Sesto-SG.jpg\",\"width\":820,\"height\":540},{\"@type\":\"BreadcrumbList\",\"@id\":\"https:\/\/www.pressenza.com\/it\/2025\/04\/pensieri-per-aprile-2025\/#breadcrumb\",\"itemListElement\":[{\"@type\":\"ListItem\",\"position\":1,\"name\":\"Accueil\",\"item\":\"https:\/\/www.pressenza.com\/it\/\"},{\"@type\":\"ListItem\",\"position\":2,\"name\":\"Pensieri per aprile 2025\"}]},{\"@type\":\"WebSite\",\"@id\":\"https:\/\/www.pressenza.com\/it\/#website\",\"url\":\"https:\/\/www.pressenza.com\/it\/\",\"name\":\"Pressenza\",\"description\":\"Agenzia di Stampa Internazionale\",\"publisher\":{\"@id\":\"https:\/\/www.pressenza.com\/it\/#organization\"},\"potentialAction\":[{\"@type\":\"SearchAction\",\"target\":{\"@type\":\"EntryPoint\",\"urlTemplate\":\"https:\/\/www.pressenza.com\/it\/?s={search_term_string}\"},\"query-input\":{\"@type\":\"PropertyValueSpecification\",\"valueRequired\":true,\"valueName\":\"search_term_string\"}}],\"inLanguage\":\"it-IT\"},{\"@type\":\"Organization\",\"@id\":\"https:\/\/www.pressenza.com\/it\/#organization\",\"name\":\"Pressenza\",\"url\":\"https:\/\/www.pressenza.com\/it\/\",\"logo\":{\"@type\":\"ImageObject\",\"inLanguage\":\"it-IT\",\"@id\":\"https:\/\/www.pressenza.com\/it\/#\/schema\/logo\/image\/\",\"url\":\"https:\/\/www.pressenza.com\/wp-content\/uploads\/2022\/10\/pressenza_logo_200x200.jpg\",\"contentUrl\":\"https:\/\/www.pressenza.com\/wp-content\/uploads\/2022\/10\/pressenza_logo_200x200.jpg\",\"width\":200,\"height\":200,\"caption\":\"Pressenza\"},\"image\":{\"@id\":\"https:\/\/www.pressenza.com\/it\/#\/schema\/logo\/image\/\"},\"sameAs\":[\"https:\/\/www.facebook.com\/PressenzaItalia\",\"https:\/\/x.com\/PressenzaIPA\"]},{\"@type\":\"Person\",\"@id\":\"https:\/\/www.pressenza.com\/it\/#\/schema\/person\/d983e81827ae24f2c7b1a2123d197f8d\",\"name\":\"Redazione Italia\",\"description\":\"News from the Pressenza Bureau in Italy\",\"sameAs\":[\"https:\/\/www.pressenza.com\/it\/author\/redazione-italia\/\",\"https:\/\/www.facebook.com\/PressenzaItalia\",\"https:\/\/www.instagram.com\/pressenza_italia\/\",\"https:\/\/x.com\/pressenza_it\",\"https:\/\/www.youtube.com\/channel\/UCSalEIWjE1RSxkwjfftFuqg\"],\"url\":\"https:\/\/www.pressenza.com\/it\/author\/redazione-italia\/\"}]}<\/script>\n<!-- \/ Yoast SEO plugin. -->","yoast_head_json":{"title":"Pensieri per aprile 2025","description":"Una bella iniziativa, bellissimi interventi. Cose che avremmo perso se avessimo dovuto seguire le indicazioni del Governo per festeggiare gli 80 anni della Liberazione dal nazifascismo. Seguire le indicazioni poi di chi non ci ha aiutato a liberarci","robots":{"index":"index","follow":"follow","max-snippet":"max-snippet:-1","max-image-preview":"max-image-preview:large","max-video-preview":"max-video-preview:-1"},"canonical":"https:\/\/www.pressenza.com\/it\/2025\/04\/pensieri-per-aprile-2025\/","og_locale":"it_IT","og_type":"article","og_title":"Pensieri per aprile 2025","og_description":"Una bella iniziativa, bellissimi interventi. Cose che avremmo perso se avessimo dovuto seguire le indicazioni del Governo per festeggiare gli 80 anni della Liberazione dal nazifascismo. Seguire le indicazioni poi di chi non ci ha aiutato a liberarci","og_url":"https:\/\/www.pressenza.com\/it\/2025\/04\/pensieri-per-aprile-2025\/","og_site_name":"Pressenza","article_publisher":"https:\/\/www.facebook.com\/PressenzaItalia","article_author":"https:\/\/www.facebook.com\/PressenzaItalia","article_published_time":"2025-04-26T19:17:18+00:00","article_modified_time":"2025-04-26T19:26:44+00:00","og_image":[{"width":820,"height":540,"url":"https:\/\/www.pressenza.com\/wp-content\/uploads\/2025\/04\/Presidio-Pace-Sesto-SG.jpg","type":"image\/jpeg"}],"author":"Redazione Italia","twitter_card":"summary_large_image","twitter_creator":"@pressenza_it","twitter_site":"@PressenzaIPA","twitter_misc":{"Scritto da":"Redazione Italia","Tempo di lettura stimato":"5 minuti"},"schema":{"@context":"https:\/\/schema.org","@graph":[{"@type":"Article","@id":"https:\/\/www.pressenza.com\/it\/2025\/04\/pensieri-per-aprile-2025\/#article","isPartOf":{"@id":"https:\/\/www.pressenza.com\/it\/2025\/04\/pensieri-per-aprile-2025\/"},"author":{"name":"Redazione Italia","@id":"https:\/\/www.pressenza.com\/it\/#\/schema\/person\/d983e81827ae24f2c7b1a2123d197f8d"},"headline":"Pensieri per aprile 2025","datePublished":"2025-04-26T19:17:18+00:00","dateModified":"2025-04-26T19:26:44+00:00","mainEntityOfPage":{"@id":"https:\/\/www.pressenza.com\/it\/2025\/04\/pensieri-per-aprile-2025\/"},"wordCount":868,"publisher":{"@id":"https:\/\/www.pressenza.com\/it\/#organization"},"image":{"@id":"https:\/\/www.pressenza.com\/it\/2025\/04\/pensieri-per-aprile-2025\/#primaryimage"},"thumbnailUrl":"https:\/\/www.pressenza.com\/wp-content\/uploads\/2025\/04\/Presidio-Pace-Sesto-SG.jpg","keywords":["25 aprile","guerra","Resistenza"],"articleSection":["Europa","Opinioni","Pace e Disarmo"],"inLanguage":"it-IT"},{"@type":"WebPage","@id":"https:\/\/www.pressenza.com\/it\/2025\/04\/pensieri-per-aprile-2025\/","url":"https:\/\/www.pressenza.com\/it\/2025\/04\/pensieri-per-aprile-2025\/","name":"Pensieri per aprile 2025","isPartOf":{"@id":"https:\/\/www.pressenza.com\/it\/#website"},"primaryImageOfPage":{"@id":"https:\/\/www.pressenza.com\/it\/2025\/04\/pensieri-per-aprile-2025\/#primaryimage"},"image":{"@id":"https:\/\/www.pressenza.com\/it\/2025\/04\/pensieri-per-aprile-2025\/#primaryimage"},"thumbnailUrl":"https:\/\/www.pressenza.com\/wp-content\/uploads\/2025\/04\/Presidio-Pace-Sesto-SG.jpg","datePublished":"2025-04-26T19:17:18+00:00","dateModified":"2025-04-26T19:26:44+00:00","description":"Una bella iniziativa, bellissimi interventi. Cose che avremmo perso se avessimo dovuto seguire le indicazioni del Governo per festeggiare gli 80 anni della Liberazione dal nazifascismo. Seguire le indicazioni poi di chi non ci ha aiutato a liberarci","breadcrumb":{"@id":"https:\/\/www.pressenza.com\/it\/2025\/04\/pensieri-per-aprile-2025\/#breadcrumb"},"inLanguage":"it-IT","potentialAction":[{"@type":"ReadAction","target":["https:\/\/www.pressenza.com\/it\/2025\/04\/pensieri-per-aprile-2025\/"]}]},{"@type":"ImageObject","inLanguage":"it-IT","@id":"https:\/\/www.pressenza.com\/it\/2025\/04\/pensieri-per-aprile-2025\/#primaryimage","url":"https:\/\/www.pressenza.com\/wp-content\/uploads\/2025\/04\/Presidio-Pace-Sesto-SG.jpg","contentUrl":"https:\/\/www.pressenza.com\/wp-content\/uploads\/2025\/04\/Presidio-Pace-Sesto-SG.jpg","width":820,"height":540},{"@type":"BreadcrumbList","@id":"https:\/\/www.pressenza.com\/it\/2025\/04\/pensieri-per-aprile-2025\/#breadcrumb","itemListElement":[{"@type":"ListItem","position":1,"name":"Accueil","item":"https:\/\/www.pressenza.com\/it\/"},{"@type":"ListItem","position":2,"name":"Pensieri per aprile 2025"}]},{"@type":"WebSite","@id":"https:\/\/www.pressenza.com\/it\/#website","url":"https:\/\/www.pressenza.com\/it\/","name":"Pressenza","description":"Agenzia di Stampa Internazionale","publisher":{"@id":"https:\/\/www.pressenza.com\/it\/#organization"},"potentialAction":[{"@type":"SearchAction","target":{"@type":"EntryPoint","urlTemplate":"https:\/\/www.pressenza.com\/it\/?s={search_term_string}"},"query-input":{"@type":"PropertyValueSpecification","valueRequired":true,"valueName":"search_term_string"}}],"inLanguage":"it-IT"},{"@type":"Organization","@id":"https:\/\/www.pressenza.com\/it\/#organization","name":"Pressenza","url":"https:\/\/www.pressenza.com\/it\/","logo":{"@type":"ImageObject","inLanguage":"it-IT","@id":"https:\/\/www.pressenza.com\/it\/#\/schema\/logo\/image\/","url":"https:\/\/www.pressenza.com\/wp-content\/uploads\/2022\/10\/pressenza_logo_200x200.jpg","contentUrl":"https:\/\/www.pressenza.com\/wp-content\/uploads\/2022\/10\/pressenza_logo_200x200.jpg","width":200,"height":200,"caption":"Pressenza"},"image":{"@id":"https:\/\/www.pressenza.com\/it\/#\/schema\/logo\/image\/"},"sameAs":["https:\/\/www.facebook.com\/PressenzaItalia","https:\/\/x.com\/PressenzaIPA"]},{"@type":"Person","@id":"https:\/\/www.pressenza.com\/it\/#\/schema\/person\/d983e81827ae24f2c7b1a2123d197f8d","name":"Redazione Italia","description":"News from the Pressenza Bureau in Italy","sameAs":["https:\/\/www.pressenza.com\/it\/author\/redazione-italia\/","https:\/\/www.facebook.com\/PressenzaItalia","https:\/\/www.instagram.com\/pressenza_italia\/","https:\/\/x.com\/pressenza_it","https:\/\/www.youtube.com\/channel\/UCSalEIWjE1RSxkwjfftFuqg"],"url":"https:\/\/www.pressenza.com\/it\/author\/redazione-italia\/"}]}},"place":"","original_article_url":"","_links":{"self":[{"href":"https:\/\/www.pressenza.com\/it\/wp-json\/wp\/v2\/posts\/2600439","targetHints":{"allow":["GET"]}}],"collection":[{"href":"https:\/\/www.pressenza.com\/it\/wp-json\/wp\/v2\/posts"}],"about":[{"href":"https:\/\/www.pressenza.com\/it\/wp-json\/wp\/v2\/types\/post"}],"author":[{"embeddable":true,"href":"https:\/\/www.pressenza.com\/it\/wp-json\/wp\/v2\/users\/594"}],"replies":[{"embeddable":true,"href":"https:\/\/www.pressenza.com\/it\/wp-json\/wp\/v2\/comments?post=2600439"}],"version-history":[{"count":0,"href":"https:\/\/www.pressenza.com\/it\/wp-json\/wp\/v2\/posts\/2600439\/revisions"}],"wp:featuredmedia":[{"embeddable":true,"href":"https:\/\/www.pressenza.com\/it\/wp-json\/wp\/v2\/media\/2600471"}],"wp:attachment":[{"href":"https:\/\/www.pressenza.com\/it\/wp-json\/wp\/v2\/media?parent=2600439"}],"wp:term":[{"taxonomy":"category","embeddable":true,"href":"https:\/\/www.pressenza.com\/it\/wp-json\/wp\/v2\/categories?post=2600439"},{"taxonomy":"post_tag","embeddable":true,"href":"https:\/\/www.pressenza.com\/it\/wp-json\/wp\/v2\/tags?post=2600439"}],"curies":[{"name":"wp","href":"https:\/\/api.w.org\/{rel}","templated":true}]}}