{"id":2599401,"date":"2025-04-22T13:42:01","date_gmt":"2025-04-22T12:42:01","guid":{"rendered":"https:\/\/www.pressenza.com\/?p=2599401"},"modified":"2025-04-22T13:42:01","modified_gmt":"2025-04-22T12:42:01","slug":"unione-induista-italiana-esprime-cordoglio-per-la-scomparsa-di-papa-francesco","status":"publish","type":"post","link":"https:\/\/www.pressenza.com\/it\/2025\/04\/unione-induista-italiana-esprime-cordoglio-per-la-scomparsa-di-papa-francesco\/","title":{"rendered":"Unione Induista Italiana esprime cordoglio per la scomparsa di Papa Francesco"},"content":{"rendered":"<p>L\u2019Unione Induista Italiana \u2013 Sanatana Dharma Samgha esprime cordoglio per la scomparsa del Santo Padre, Papa Francesco, e si unisce al dolore e alla preghiera di tutte le sorelle e i fratelli cattolici.<\/p>\n<p>Papa Francesco \u00e8 tornato alla casa del Padre in questa giornata cos\u00ec sacra e santa. Ci lascia un grande vuoto, ma anche la responsabilit\u00e0 a proseguire nella direzione da Lui indicata e continuare a camminare nel dialogo tra le fedi, tra le culture, come \u201cartigiani di pace\u201d e custodi di nostra Madre Terra.<\/p>\n<p>Negli anni del Suo Pontificato, l\u2019Unione Induista Italiana ha avuto l\u2019onore e la gioia di poterLo incontrare in molte udienze generali e private, condividendo gli ideali di Pace, di giustizia sociale e di grande rispetto per tutte le diversit\u00e0.<\/p>\n<p>Ne ricordiamo la Sua grande umilt\u00e0, bont\u00e0 e sapienza. \u00c8 stata una luce nel mondo per ogni credente per la sua umanit\u00e0. per l\u2019attenzione e l\u2019ascolto dei pi\u00f9 deboli, degli ultimi, sempre mosso \u201cdal centro alla periferia e dalla periferia al centro\u201d.<\/p>\n<p>Lo ricordiamo con le sue stesse parole:<\/p>\n<p><em>\u201c\u00abDio e\u0300 amore; chi rimane nell\u2019amore rimane in Dio e Dio rimane in lui\u00bb (1 Gv 4,16). In questo modo e\u0300 stato un padre fecondo che ha suscitato il sogno di una societa\u0300 fraterna, perche\u0301 \u00absolo l\u2019uomo che accetta di avvicinarsi alle altre persone nel loro stesso movimento, non per trattenerle nel proprio, ma per aiutarle a essere maggiormente se\u0301 stesse, si fa realmente padre.\u00bb\u201d<\/em>.<\/p>\n<p>Possa Egli riposare in pace!<\/p>\n<p>&nbsp;<\/p>\n<p><strong>Unione Induista Italiana \u2013 Sanatana Dharma Samgha <\/strong><\/p>\n","protected":false},"excerpt":{"rendered":"<p>L\u2019Unione Induista Italiana \u2013 Sanatana Dharma Samgha esprime cordoglio per la scomparsa del Santo Padre, Papa Francesco, e si unisce al dolore e alla preghiera di tutte le sorelle e i fratelli cattolici. Papa Francesco \u00e8 tornato alla casa del&hellip;<\/p>\n","protected":false},"author":594,"featured_media":2599402,"comment_status":"closed","ping_status":"closed","sticky":false,"template":"","format":"standard","meta":{"footnotes":""},"categories":[46,150,56,59,1261,1262,1263,57,1260],"tags":[135929,77388,4202,135928,12959,294,4724,135927],"class_list":["post-2599401","post","type-post","status-publish","format-standard","has-post-thumbnail","hentry","category-asia-it","category-comunicati-stampa","category-cultura","category-ambiente-ecologia","category-diversita","category-nonviolenza-argomento","category-pace-disarmo","category-affari-esteri","category-umanesimo-spiritualita","tag-artigiani-di-pace","tag-culture-and-media-it","tag-dialogo-it","tag-fedi","tag-madre-terra","tag-pace","tag-papa-francesco","tag-unione-induista-italiana"],"yoast_head":"<!-- This site is optimized with the Yoast SEO plugin v27.1.1 - https:\/\/yoast.com\/product\/yoast-seo-wordpress\/ -->\n<title>Unione Induista Italiana esprime cordoglio per la scomparsa di Papa Francesco<\/title>\n<meta name=\"description\" content=\"L\u2019Unione Induista Italiana \u2013 Sanatana Dharma Samgha esprime cordoglio per la scomparsa del Santo Padre, Papa Francesco, e si unisce al dolore e alla\" \/>\n<meta name=\"robots\" content=\"index, follow, max-snippet:-1, max-image-preview:large, max-video-preview:-1\" \/>\n<link rel=\"canonical\" href=\"https:\/\/www.pressenza.com\/it\/2025\/04\/unione-induista-italiana-esprime-cordoglio-per-la-scomparsa-di-papa-francesco\/\" \/>\n<meta property=\"og:locale\" content=\"it_IT\" \/>\n<meta property=\"og:type\" content=\"article\" \/>\n<meta property=\"og:title\" content=\"Unione Induista Italiana esprime cordoglio per la scomparsa di Papa Francesco\" \/>\n<meta property=\"og:description\" content=\"L\u2019Unione Induista Italiana \u2013 Sanatana Dharma Samgha esprime cordoglio per la scomparsa del Santo Padre, Papa Francesco, e si unisce al dolore e alla\" \/>\n<meta property=\"og:url\" content=\"https:\/\/www.pressenza.com\/it\/2025\/04\/unione-induista-italiana-esprime-cordoglio-per-la-scomparsa-di-papa-francesco\/\" \/>\n<meta property=\"og:site_name\" content=\"Pressenza\" \/>\n<meta property=\"article:publisher\" content=\"https:\/\/www.facebook.com\/PressenzaItalia\" \/>\n<meta property=\"article:author\" content=\"https:\/\/www.facebook.com\/PressenzaItalia\" \/>\n<meta property=\"article:published_time\" content=\"2025-04-22T12:42:01+00:00\" \/>\n<meta property=\"og:image\" content=\"https:\/\/www.pressenza.com\/wp-content\/uploads\/2025\/04\/Unione-Induista-Italiana.jpg\" \/>\n\t<meta property=\"og:image:width\" content=\"1080\" \/>\n\t<meta property=\"og:image:height\" content=\"610\" \/>\n\t<meta property=\"og:image:type\" content=\"image\/jpeg\" \/>\n<meta name=\"author\" content=\"Redazione Italia\" \/>\n<meta name=\"twitter:card\" content=\"summary_large_image\" \/>\n<meta name=\"twitter:creator\" content=\"@pressenza_it\" \/>\n<meta name=\"twitter:site\" content=\"@PressenzaIPA\" \/>\n<meta name=\"twitter:label1\" content=\"Scritto da\" \/>\n\t<meta name=\"twitter:data1\" content=\"Redazione Italia\" \/>\n\t<meta name=\"twitter:label2\" content=\"Tempo di lettura stimato\" \/>\n\t<meta name=\"twitter:data2\" content=\"2 minuti\" \/>\n<script type=\"application\/ld+json\" class=\"yoast-schema-graph\">{\"@context\":\"https:\/\/schema.org\",\"@graph\":[{\"@type\":\"Article\",\"@id\":\"https:\/\/www.pressenza.com\/it\/2025\/04\/unione-induista-italiana-esprime-cordoglio-per-la-scomparsa-di-papa-francesco\/#article\",\"isPartOf\":{\"@id\":\"https:\/\/www.pressenza.com\/it\/2025\/04\/unione-induista-italiana-esprime-cordoglio-per-la-scomparsa-di-papa-francesco\/\"},\"author\":{\"name\":\"Redazione Italia\",\"@id\":\"https:\/\/www.pressenza.com\/it\/#\/schema\/person\/d983e81827ae24f2c7b1a2123d197f8d\"},\"headline\":\"Unione Induista Italiana esprime cordoglio per la scomparsa di Papa Francesco\",\"datePublished\":\"2025-04-22T12:42:01+00:00\",\"mainEntityOfPage\":{\"@id\":\"https:\/\/www.pressenza.com\/it\/2025\/04\/unione-induista-italiana-esprime-cordoglio-per-la-scomparsa-di-papa-francesco\/\"},\"wordCount\":264,\"publisher\":{\"@id\":\"https:\/\/www.pressenza.com\/it\/#organization\"},\"image\":{\"@id\":\"https:\/\/www.pressenza.com\/it\/2025\/04\/unione-induista-italiana-esprime-cordoglio-per-la-scomparsa-di-papa-francesco\/#primaryimage\"},\"thumbnailUrl\":\"https:\/\/www.pressenza.com\/wp-content\/uploads\/2025\/04\/Unione-Induista-Italiana.jpg\",\"keywords\":[\"\u201cartigiani di pace\u201d\",\"Culture and Media\",\"dialogo\",\"fedi\",\"Madre Terra\",\"Pace\",\"Papa Francesco\",\"Unione Induista Italiana\"],\"articleSection\":[\"Asia\",\"Comunicati Stampa\",\"Cultura e Media\",\"Ecologia ed Ambiente\",\"Non discriminazione\",\"Nonviolenza\",\"Pace e Disarmo\",\"Questioni internazionali\",\"Umanesimo e Spiritualit\u00e0\"],\"inLanguage\":\"it-IT\"},{\"@type\":\"WebPage\",\"@id\":\"https:\/\/www.pressenza.com\/it\/2025\/04\/unione-induista-italiana-esprime-cordoglio-per-la-scomparsa-di-papa-francesco\/\",\"url\":\"https:\/\/www.pressenza.com\/it\/2025\/04\/unione-induista-italiana-esprime-cordoglio-per-la-scomparsa-di-papa-francesco\/\",\"name\":\"Unione Induista Italiana esprime cordoglio per la scomparsa di Papa Francesco\",\"isPartOf\":{\"@id\":\"https:\/\/www.pressenza.com\/it\/#website\"},\"primaryImageOfPage\":{\"@id\":\"https:\/\/www.pressenza.com\/it\/2025\/04\/unione-induista-italiana-esprime-cordoglio-per-la-scomparsa-di-papa-francesco\/#primaryimage\"},\"image\":{\"@id\":\"https:\/\/www.pressenza.com\/it\/2025\/04\/unione-induista-italiana-esprime-cordoglio-per-la-scomparsa-di-papa-francesco\/#primaryimage\"},\"thumbnailUrl\":\"https:\/\/www.pressenza.com\/wp-content\/uploads\/2025\/04\/Unione-Induista-Italiana.jpg\",\"datePublished\":\"2025-04-22T12:42:01+00:00\",\"description\":\"L\u2019Unione Induista Italiana \u2013 Sanatana Dharma Samgha esprime cordoglio per la scomparsa del Santo Padre, Papa Francesco, e si unisce al dolore e alla\",\"breadcrumb\":{\"@id\":\"https:\/\/www.pressenza.com\/it\/2025\/04\/unione-induista-italiana-esprime-cordoglio-per-la-scomparsa-di-papa-francesco\/#breadcrumb\"},\"inLanguage\":\"it-IT\",\"potentialAction\":[{\"@type\":\"ReadAction\",\"target\":[\"https:\/\/www.pressenza.com\/it\/2025\/04\/unione-induista-italiana-esprime-cordoglio-per-la-scomparsa-di-papa-francesco\/\"]}]},{\"@type\":\"ImageObject\",\"inLanguage\":\"it-IT\",\"@id\":\"https:\/\/www.pressenza.com\/it\/2025\/04\/unione-induista-italiana-esprime-cordoglio-per-la-scomparsa-di-papa-francesco\/#primaryimage\",\"url\":\"https:\/\/www.pressenza.com\/wp-content\/uploads\/2025\/04\/Unione-Induista-Italiana.jpg\",\"contentUrl\":\"https:\/\/www.pressenza.com\/wp-content\/uploads\/2025\/04\/Unione-Induista-Italiana.jpg\",\"width\":1080,\"height\":610},{\"@type\":\"BreadcrumbList\",\"@id\":\"https:\/\/www.pressenza.com\/it\/2025\/04\/unione-induista-italiana-esprime-cordoglio-per-la-scomparsa-di-papa-francesco\/#breadcrumb\",\"itemListElement\":[{\"@type\":\"ListItem\",\"position\":1,\"name\":\"Accueil\",\"item\":\"https:\/\/www.pressenza.com\/it\/\"},{\"@type\":\"ListItem\",\"position\":2,\"name\":\"Unione Induista Italiana esprime cordoglio per la scomparsa di Papa Francesco\"}]},{\"@type\":\"WebSite\",\"@id\":\"https:\/\/www.pressenza.com\/it\/#website\",\"url\":\"https:\/\/www.pressenza.com\/it\/\",\"name\":\"Pressenza\",\"description\":\"Agenzia di Stampa Internazionale\",\"publisher\":{\"@id\":\"https:\/\/www.pressenza.com\/it\/#organization\"},\"potentialAction\":[{\"@type\":\"SearchAction\",\"target\":{\"@type\":\"EntryPoint\",\"urlTemplate\":\"https:\/\/www.pressenza.com\/it\/?s={search_term_string}\"},\"query-input\":{\"@type\":\"PropertyValueSpecification\",\"valueRequired\":true,\"valueName\":\"search_term_string\"}}],\"inLanguage\":\"it-IT\"},{\"@type\":\"Organization\",\"@id\":\"https:\/\/www.pressenza.com\/it\/#organization\",\"name\":\"Pressenza\",\"url\":\"https:\/\/www.pressenza.com\/it\/\",\"logo\":{\"@type\":\"ImageObject\",\"inLanguage\":\"it-IT\",\"@id\":\"https:\/\/www.pressenza.com\/it\/#\/schema\/logo\/image\/\",\"url\":\"https:\/\/www.pressenza.com\/wp-content\/uploads\/2022\/10\/pressenza_logo_200x200.jpg\",\"contentUrl\":\"https:\/\/www.pressenza.com\/wp-content\/uploads\/2022\/10\/pressenza_logo_200x200.jpg\",\"width\":200,\"height\":200,\"caption\":\"Pressenza\"},\"image\":{\"@id\":\"https:\/\/www.pressenza.com\/it\/#\/schema\/logo\/image\/\"},\"sameAs\":[\"https:\/\/www.facebook.com\/PressenzaItalia\",\"https:\/\/x.com\/PressenzaIPA\"]},{\"@type\":\"Person\",\"@id\":\"https:\/\/www.pressenza.com\/it\/#\/schema\/person\/d983e81827ae24f2c7b1a2123d197f8d\",\"name\":\"Redazione Italia\",\"description\":\"News from the Pressenza Bureau in Italy\",\"sameAs\":[\"https:\/\/www.pressenza.com\/it\/author\/redazione-italia\/\",\"https:\/\/www.facebook.com\/PressenzaItalia\",\"https:\/\/www.instagram.com\/pressenza_italia\/\",\"https:\/\/x.com\/pressenza_it\",\"https:\/\/www.youtube.com\/channel\/UCSalEIWjE1RSxkwjfftFuqg\"],\"url\":\"https:\/\/www.pressenza.com\/it\/author\/redazione-italia\/\"}]}<\/script>\n<!-- \/ Yoast SEO plugin. -->","yoast_head_json":{"title":"Unione Induista Italiana esprime cordoglio per la scomparsa di Papa Francesco","description":"L\u2019Unione Induista Italiana \u2013 Sanatana Dharma Samgha esprime cordoglio per la scomparsa del Santo Padre, Papa Francesco, e si unisce al dolore e alla","robots":{"index":"index","follow":"follow","max-snippet":"max-snippet:-1","max-image-preview":"max-image-preview:large","max-video-preview":"max-video-preview:-1"},"canonical":"https:\/\/www.pressenza.com\/it\/2025\/04\/unione-induista-italiana-esprime-cordoglio-per-la-scomparsa-di-papa-francesco\/","og_locale":"it_IT","og_type":"article","og_title":"Unione Induista Italiana esprime cordoglio per la scomparsa di Papa Francesco","og_description":"L\u2019Unione Induista Italiana \u2013 Sanatana Dharma Samgha esprime cordoglio per la scomparsa del Santo Padre, Papa Francesco, e si unisce al dolore e alla","og_url":"https:\/\/www.pressenza.com\/it\/2025\/04\/unione-induista-italiana-esprime-cordoglio-per-la-scomparsa-di-papa-francesco\/","og_site_name":"Pressenza","article_publisher":"https:\/\/www.facebook.com\/PressenzaItalia","article_author":"https:\/\/www.facebook.com\/PressenzaItalia","article_published_time":"2025-04-22T12:42:01+00:00","og_image":[{"width":1080,"height":610,"url":"https:\/\/www.pressenza.com\/wp-content\/uploads\/2025\/04\/Unione-Induista-Italiana.jpg","type":"image\/jpeg"}],"author":"Redazione Italia","twitter_card":"summary_large_image","twitter_creator":"@pressenza_it","twitter_site":"@PressenzaIPA","twitter_misc":{"Scritto da":"Redazione Italia","Tempo di lettura stimato":"2 minuti"},"schema":{"@context":"https:\/\/schema.org","@graph":[{"@type":"Article","@id":"https:\/\/www.pressenza.com\/it\/2025\/04\/unione-induista-italiana-esprime-cordoglio-per-la-scomparsa-di-papa-francesco\/#article","isPartOf":{"@id":"https:\/\/www.pressenza.com\/it\/2025\/04\/unione-induista-italiana-esprime-cordoglio-per-la-scomparsa-di-papa-francesco\/"},"author":{"name":"Redazione Italia","@id":"https:\/\/www.pressenza.com\/it\/#\/schema\/person\/d983e81827ae24f2c7b1a2123d197f8d"},"headline":"Unione Induista Italiana esprime cordoglio per la scomparsa di Papa Francesco","datePublished":"2025-04-22T12:42:01+00:00","mainEntityOfPage":{"@id":"https:\/\/www.pressenza.com\/it\/2025\/04\/unione-induista-italiana-esprime-cordoglio-per-la-scomparsa-di-papa-francesco\/"},"wordCount":264,"publisher":{"@id":"https:\/\/www.pressenza.com\/it\/#organization"},"image":{"@id":"https:\/\/www.pressenza.com\/it\/2025\/04\/unione-induista-italiana-esprime-cordoglio-per-la-scomparsa-di-papa-francesco\/#primaryimage"},"thumbnailUrl":"https:\/\/www.pressenza.com\/wp-content\/uploads\/2025\/04\/Unione-Induista-Italiana.jpg","keywords":["\u201cartigiani di pace\u201d","Culture and Media","dialogo","fedi","Madre Terra","Pace","Papa Francesco","Unione Induista Italiana"],"articleSection":["Asia","Comunicati Stampa","Cultura e Media","Ecologia ed Ambiente","Non discriminazione","Nonviolenza","Pace e Disarmo","Questioni internazionali","Umanesimo e Spiritualit\u00e0"],"inLanguage":"it-IT"},{"@type":"WebPage","@id":"https:\/\/www.pressenza.com\/it\/2025\/04\/unione-induista-italiana-esprime-cordoglio-per-la-scomparsa-di-papa-francesco\/","url":"https:\/\/www.pressenza.com\/it\/2025\/04\/unione-induista-italiana-esprime-cordoglio-per-la-scomparsa-di-papa-francesco\/","name":"Unione Induista Italiana esprime cordoglio per la scomparsa di Papa Francesco","isPartOf":{"@id":"https:\/\/www.pressenza.com\/it\/#website"},"primaryImageOfPage":{"@id":"https:\/\/www.pressenza.com\/it\/2025\/04\/unione-induista-italiana-esprime-cordoglio-per-la-scomparsa-di-papa-francesco\/#primaryimage"},"image":{"@id":"https:\/\/www.pressenza.com\/it\/2025\/04\/unione-induista-italiana-esprime-cordoglio-per-la-scomparsa-di-papa-francesco\/#primaryimage"},"thumbnailUrl":"https:\/\/www.pressenza.com\/wp-content\/uploads\/2025\/04\/Unione-Induista-Italiana.jpg","datePublished":"2025-04-22T12:42:01+00:00","description":"L\u2019Unione Induista Italiana \u2013 Sanatana Dharma Samgha esprime cordoglio per la scomparsa del Santo Padre, Papa Francesco, e si unisce al dolore e alla","breadcrumb":{"@id":"https:\/\/www.pressenza.com\/it\/2025\/04\/unione-induista-italiana-esprime-cordoglio-per-la-scomparsa-di-papa-francesco\/#breadcrumb"},"inLanguage":"it-IT","potentialAction":[{"@type":"ReadAction","target":["https:\/\/www.pressenza.com\/it\/2025\/04\/unione-induista-italiana-esprime-cordoglio-per-la-scomparsa-di-papa-francesco\/"]}]},{"@type":"ImageObject","inLanguage":"it-IT","@id":"https:\/\/www.pressenza.com\/it\/2025\/04\/unione-induista-italiana-esprime-cordoglio-per-la-scomparsa-di-papa-francesco\/#primaryimage","url":"https:\/\/www.pressenza.com\/wp-content\/uploads\/2025\/04\/Unione-Induista-Italiana.jpg","contentUrl":"https:\/\/www.pressenza.com\/wp-content\/uploads\/2025\/04\/Unione-Induista-Italiana.jpg","width":1080,"height":610},{"@type":"BreadcrumbList","@id":"https:\/\/www.pressenza.com\/it\/2025\/04\/unione-induista-italiana-esprime-cordoglio-per-la-scomparsa-di-papa-francesco\/#breadcrumb","itemListElement":[{"@type":"ListItem","position":1,"name":"Accueil","item":"https:\/\/www.pressenza.com\/it\/"},{"@type":"ListItem","position":2,"name":"Unione Induista Italiana esprime cordoglio per la scomparsa di Papa Francesco"}]},{"@type":"WebSite","@id":"https:\/\/www.pressenza.com\/it\/#website","url":"https:\/\/www.pressenza.com\/it\/","name":"Pressenza","description":"Agenzia di Stampa Internazionale","publisher":{"@id":"https:\/\/www.pressenza.com\/it\/#organization"},"potentialAction":[{"@type":"SearchAction","target":{"@type":"EntryPoint","urlTemplate":"https:\/\/www.pressenza.com\/it\/?s={search_term_string}"},"query-input":{"@type":"PropertyValueSpecification","valueRequired":true,"valueName":"search_term_string"}}],"inLanguage":"it-IT"},{"@type":"Organization","@id":"https:\/\/www.pressenza.com\/it\/#organization","name":"Pressenza","url":"https:\/\/www.pressenza.com\/it\/","logo":{"@type":"ImageObject","inLanguage":"it-IT","@id":"https:\/\/www.pressenza.com\/it\/#\/schema\/logo\/image\/","url":"https:\/\/www.pressenza.com\/wp-content\/uploads\/2022\/10\/pressenza_logo_200x200.jpg","contentUrl":"https:\/\/www.pressenza.com\/wp-content\/uploads\/2022\/10\/pressenza_logo_200x200.jpg","width":200,"height":200,"caption":"Pressenza"},"image":{"@id":"https:\/\/www.pressenza.com\/it\/#\/schema\/logo\/image\/"},"sameAs":["https:\/\/www.facebook.com\/PressenzaItalia","https:\/\/x.com\/PressenzaIPA"]},{"@type":"Person","@id":"https:\/\/www.pressenza.com\/it\/#\/schema\/person\/d983e81827ae24f2c7b1a2123d197f8d","name":"Redazione Italia","description":"News from the Pressenza Bureau in Italy","sameAs":["https:\/\/www.pressenza.com\/it\/author\/redazione-italia\/","https:\/\/www.facebook.com\/PressenzaItalia","https:\/\/www.instagram.com\/pressenza_italia\/","https:\/\/x.com\/pressenza_it","https:\/\/www.youtube.com\/channel\/UCSalEIWjE1RSxkwjfftFuqg"],"url":"https:\/\/www.pressenza.com\/it\/author\/redazione-italia\/"}]}},"place":"","original_article_url":"","_links":{"self":[{"href":"https:\/\/www.pressenza.com\/it\/wp-json\/wp\/v2\/posts\/2599401","targetHints":{"allow":["GET"]}}],"collection":[{"href":"https:\/\/www.pressenza.com\/it\/wp-json\/wp\/v2\/posts"}],"about":[{"href":"https:\/\/www.pressenza.com\/it\/wp-json\/wp\/v2\/types\/post"}],"author":[{"embeddable":true,"href":"https:\/\/www.pressenza.com\/it\/wp-json\/wp\/v2\/users\/594"}],"replies":[{"embeddable":true,"href":"https:\/\/www.pressenza.com\/it\/wp-json\/wp\/v2\/comments?post=2599401"}],"version-history":[{"count":0,"href":"https:\/\/www.pressenza.com\/it\/wp-json\/wp\/v2\/posts\/2599401\/revisions"}],"wp:featuredmedia":[{"embeddable":true,"href":"https:\/\/www.pressenza.com\/it\/wp-json\/wp\/v2\/media\/2599402"}],"wp:attachment":[{"href":"https:\/\/www.pressenza.com\/it\/wp-json\/wp\/v2\/media?parent=2599401"}],"wp:term":[{"taxonomy":"category","embeddable":true,"href":"https:\/\/www.pressenza.com\/it\/wp-json\/wp\/v2\/categories?post=2599401"},{"taxonomy":"post_tag","embeddable":true,"href":"https:\/\/www.pressenza.com\/it\/wp-json\/wp\/v2\/tags?post=2599401"}],"curies":[{"name":"wp","href":"https:\/\/api.w.org\/{rel}","templated":true}]}}