{"id":2599357,"date":"2025-04-22T09:50:32","date_gmt":"2025-04-22T08:50:32","guid":{"rendered":"https:\/\/www.pressenza.com\/?p=2599357"},"modified":"2025-04-22T09:50:32","modified_gmt":"2025-04-22T08:50:32","slug":"notizie-dal-mondo-arabo-2","status":"publish","type":"post","link":"https:\/\/www.pressenza.com\/it\/2025\/04\/notizie-dal-mondo-arabo-2\/","title":{"rendered":"Notizie dal mondo arabo"},"content":{"rendered":"<p>Riposa in pace, Francesco!<\/p>\n<p>Addio al Papa che ha rivoluzionato la chiesa. Ieri 21 aprile Papa Francesco ci ha lasciati. Un uomo di Pace e fratellanza che non ha mai voltato la faccia dall\u2019altra parte sui problemi che attanagliano il mondo, stando vicino agli ultimi, in particolare a fianco dei migranti. Si \u00e8 battuto contro le guerre, tutte. In Ucraina come in Palestina. ascolta<\/p>\n<p>Tutto il mondo lo sta ricordando con simpatia e nostalgia per la Giustizia, l\u2019Uguaglianza e la Pace. Anche coloro che hanno combattuto le sue idee e non hanno lesinato critiche alle sue coraggiose battaglie e le sue aperture al dialogo tra le fedi. <\/p>\n<p>Coloro che lo avevano attaccato per la sua domanda di indagare sulle accuse di genocidio a Gaza, compiuto dall\u2019esercito israeliano, adesso dichiarano che li ha accomunati a lui l\u2019amore per la pace.<\/p>\n<p>Genocidio a Gaza<\/p>\n<p>Dall\u2019alba di oggi, 30 civili palestinesi sono stati assassinati dai caccia e artiglieria israeliane, che hanno bombardato ininterrottamente tutto il territorio di Gaza. A Beit Lahia una persona \u00e8 stata uccisa da un razzo lanciato da un drone. 5 uccisi a est di Khan Younis, 3 a Nawassi e 7 a Gaza citt\u00e0. Gli altri in diverse localit\u00e0 del centro e sud della Striscia.<\/p>\n<p>Il rapporto giornaliero del ministero della sanit\u00e0 di Hamas informa dell\u2019arrivo negli ospedali nella giornata di ieri fino a mezzogiorno di 39 uccisi e 62 feriti.<\/p>\n<p>I soldati israeliani hanno occupato una scuola dell\u2019ONU a Rafah e l\u2019hanno trasformata in una caserma, devastandola. <\/p>\n<p>L\u2019esercito israeliana utilizza registrazioni di richieste di aiuto trasmesse dai droni per attirare le persone, che ingannate, accorrono in soccorso fuori dalle case o dai ruderi, per colpirli con le pallottole lanciate dagli stessi droni. Le registrazioni sono riproduzioni di voci di bambini che dicono in arabo: \u201cvoglio la mamma\u201d oppure voci di donne che chiedono di essere salvate perch\u00e9 ferite.<\/p>\n<p>Situazione umanitaria<\/p>\n<p>Oxfam ha lanciato l&#8217;allarme: la maggior parte dei bambini di Gaza sopravvive con meno di un pasto al giorno, sottolineando che la carestia \u00e8 pi\u00f9 grave degli attacchi aerei. Circa 424.000 persone sono state nuovamente costrette a sfollare a causa degli ordini di esodo forzato emanati da Israele, il che ostacola la raccolta di dati accurati sulla fame.<\/p>\n<p>Anche il Programma Alimentare Mondiale ha invitato le diplomazie internazionali a dare priorit\u00e0 alle esigenze dei civili, sottolineando che le famiglie non sanno da dove arriver\u00e0 il loro prossimo pasto.<\/p>\n<p>Cisgiordania<\/p>\n<p>Tre giovani palestinesi sono stati uccisi dalle truppe israeliane di occupazione. Due a Tulkarem e uno a Jenin. Tulkarem l\u2019esercito ha usato i carri armati per penetrare nel campo profughi e si \u00e8 aperto la strada demolendo case e deportando le famiglie.<\/p>\n<p>Giordania<\/p>\n<p>Le autorit\u00e0 di sicurezza di Amman hanno arrestato il leader della Fratellanza Musulmana, Aref Hamdan. \u00c8 un membro del Consiglio Shura del movimento. Non sono chiare le accuse nei suoi confronti, ma si potrebbe collegare l\u2019ondata di arresti tra i capi della confraternita con la scoperta della cellula che deteneva armi, droni e una officina per la fabbricazione di razzi artigianali. La scorsa settimana infatti sono stati arrestati 16 persone appartenenti al partito islamista, accusati di minare la sicurezza dello Stato. Le indagini adesso sono orientate a individuare le fonti di finanziamenti. 4 giorni fa era stato arrestato infatti il tesoriere della Fratellanza. Nelle elezioni politiche dello scorso settembre, il partito islamista ha trionfato conquistando un terzo dei seggi del Paramento.<\/p>\n<p>Siria<\/p>\n<p>Le truppe israeliane stanno avanzando nelle zone rurali delle province siriane meridionali di Daraa e Quneitra. \u00c8 una zona dove non esiste una presenza militare siriana e Israele sta affrontando con violenza la popolazione civile. 20 auto militari sono penetrate, con un centinaio di soldati a bordo, in diversi villaggi, imponendo posti di blocco e controllando documenti dei cittadini e ispezionando i loro telefonini. Le operazioni sono state condotte con la copertura dell\u2019aviazione.<\/p>\n<p>Yemen<\/p>\n<p>Mille raids USA sulle citt\u00e0 yemenite in 5 settimane. Ieri sono stati compiuti 30 attacchi aerei e di missili balistici contro obiettivi militari e civili dello Yemen sotto il controllo delle milizie Houthi. Da tre giorni \u00e8 in fiamme la raffineria di Abu Issa, nella provincia di Hodeida. Le milizie Houthi hanno dichiarato di aver abbattuto altri due droni del tipo QM-9 capaci di trasportare e lanciar missili. In una settimana ne avrebbero abbattuto 6. La guerra di Trump contro lo Yemen degli Houthi non ha liberato la navigazione nel mar Rosso e i lanci dimostrativi di missili sul territorio israeliano, ma hanno la funzione di un segnale di minaccia a Teheran. La prossima mossa \u00e8 uno sbarco di truppe israelo-statunitensi per ridurre in silenzio l\u2019ultima voce del \u201cFronte della Resistenza\u201d.<\/p>\n<p>Sudan<\/p>\n<p>30 civili sono rimasti uccisi ieri dai bombardamenti delle milizie contro la citt\u00e0 assediata di el-Fasher, capoluogo del Darfur settentrionale. L\u2019offensiva delle milizie mira alla caduta della citt\u00e0 nelle loro mani per completare il controllo su tutto il Darfur e assicurare le linee di rifornimenti dalla Libia. Secondo fonti locali, sono oltre 450 mila gli sfollati che hanno lasciato la citt\u00e0 e si sono diretti verso il confine con il Ciad.  <\/p>\n<p>Tunisia<\/p>\n<p>La polizia ha arrestato l\u2019avvocato Ahmad Sawwab, a causa delle sue critiche rivolte alle condanne pesanti emesse dal tribunale anti-terrorismo di Tunisi nei confronti di circa 40 politici, giornalisti ed imprenditori nel processo denominato \u201ccomplotto contro la sicurezza dello Stato. Sawwab fa parte dello collegio di difesa e subito dopo la lettura della sentenza ha criticato la decisione dei giudici avvenuta senza ascoltare le dichiarazioni degli imputati.<\/p>\n","protected":false},"excerpt":{"rendered":"<p>Riposa in pace, Francesco! Addio al Papa che ha rivoluzionato la chiesa. Ieri 21 aprile Papa Francesco ci ha lasciati. Un uomo di Pace e fratellanza che non ha mai voltato la faccia dall\u2019altra parte sui problemi che attanagliano il&hellip;<\/p>\n","protected":false},"author":2080,"featured_media":2597191,"comment_status":"closed","ping_status":"closed","sticky":false,"template":"","format":"standard","meta":{"footnotes":""},"categories":[45,60,52,55],"tags":[1005,1226,135121,3761,1784],"class_list":["post-2599357","post","type-post","status-publish","format-standard","has-post-thumbnail","hentry","category-africa-it","category-diritti-umani","category-medio-oriente","category-politica","tag-gaza","tag-giordania","tag-guerra-in-sudan","tag-sudan","tag-tunisia"],"yoast_head":"<!-- This site is optimized with the Yoast SEO plugin v27.1.1 - https:\/\/yoast.com\/product\/yoast-seo-wordpress\/ -->\n<title>Notizie dal mondo arabo<\/title>\n<meta name=\"description\" content=\"Riposa in pace, Francesco! Addio al Papa che ha rivoluzionato la chiesa. Ieri 21 aprile Papa Francesco ci ha lasciati. Un uomo di Pace e fratellanza che\" \/>\n<meta name=\"robots\" content=\"index, follow, max-snippet:-1, max-image-preview:large, max-video-preview:-1\" \/>\n<link rel=\"canonical\" href=\"https:\/\/www.pressenza.com\/it\/2025\/04\/notizie-dal-mondo-arabo-2\/\" \/>\n<meta property=\"og:locale\" content=\"it_IT\" \/>\n<meta property=\"og:type\" content=\"article\" \/>\n<meta property=\"og:title\" content=\"Notizie dal mondo arabo\" \/>\n<meta property=\"og:description\" content=\"Riposa in pace, Francesco! Addio al Papa che ha rivoluzionato la chiesa. Ieri 21 aprile Papa Francesco ci ha lasciati. Un uomo di Pace e fratellanza che\" \/>\n<meta property=\"og:url\" content=\"https:\/\/www.pressenza.com\/it\/2025\/04\/notizie-dal-mondo-arabo-2\/\" \/>\n<meta property=\"og:site_name\" content=\"Pressenza\" \/>\n<meta property=\"article:publisher\" content=\"https:\/\/www.facebook.com\/PressenzaItalia\" \/>\n<meta property=\"article:published_time\" content=\"2025-04-22T08:50:32+00:00\" \/>\n<meta property=\"og:image\" content=\"https:\/\/www.pressenza.com\/wp-content\/uploads\/2025\/04\/macerie-Gaza-rit.jpg\" \/>\n\t<meta property=\"og:image:width\" content=\"994\" \/>\n\t<meta property=\"og:image:height\" content=\"759\" \/>\n\t<meta property=\"og:image:type\" content=\"image\/jpeg\" \/>\n<meta name=\"author\" content=\"ANBAMED\" \/>\n<meta name=\"twitter:card\" content=\"summary_large_image\" \/>\n<meta name=\"twitter:creator\" content=\"@PressenzaIPA\" \/>\n<meta name=\"twitter:site\" content=\"@PressenzaIPA\" \/>\n<meta name=\"twitter:label1\" content=\"Scritto da\" \/>\n\t<meta name=\"twitter:data1\" content=\"ANBAMED\" \/>\n<script type=\"application\/ld+json\" class=\"yoast-schema-graph\">{\"@context\":\"https:\/\/schema.org\",\"@graph\":[{\"@type\":\"Article\",\"@id\":\"https:\/\/www.pressenza.com\/it\/2025\/04\/notizie-dal-mondo-arabo-2\/#article\",\"isPartOf\":{\"@id\":\"https:\/\/www.pressenza.com\/it\/2025\/04\/notizie-dal-mondo-arabo-2\/\"},\"author\":{\"name\":\"ANBAMED\",\"@id\":\"https:\/\/www.pressenza.com\/it\/#\/schema\/person\/9f05db79ca2872d8e94cb459a93831e4\"},\"headline\":\"Notizie dal mondo arabo\",\"datePublished\":\"2025-04-22T08:50:32+00:00\",\"mainEntityOfPage\":{\"@id\":\"https:\/\/www.pressenza.com\/it\/2025\/04\/notizie-dal-mondo-arabo-2\/\"},\"wordCount\":906,\"publisher\":{\"@id\":\"https:\/\/www.pressenza.com\/it\/#organization\"},\"image\":{\"@id\":\"https:\/\/www.pressenza.com\/it\/2025\/04\/notizie-dal-mondo-arabo-2\/#primaryimage\"},\"thumbnailUrl\":\"https:\/\/www.pressenza.com\/wp-content\/uploads\/2025\/04\/macerie-Gaza-rit.jpg\",\"keywords\":[\"Gaza\",\"Giordania\",\"guerra in Sudan\",\"Sudan\",\"Tunisia\"],\"articleSection\":[\"Africa\",\"Diritti Umani\",\"Medio Oriente\",\"Politica\"],\"inLanguage\":\"it-IT\"},{\"@type\":\"WebPage\",\"@id\":\"https:\/\/www.pressenza.com\/it\/2025\/04\/notizie-dal-mondo-arabo-2\/\",\"url\":\"https:\/\/www.pressenza.com\/it\/2025\/04\/notizie-dal-mondo-arabo-2\/\",\"name\":\"Notizie dal mondo arabo\",\"isPartOf\":{\"@id\":\"https:\/\/www.pressenza.com\/it\/#website\"},\"primaryImageOfPage\":{\"@id\":\"https:\/\/www.pressenza.com\/it\/2025\/04\/notizie-dal-mondo-arabo-2\/#primaryimage\"},\"image\":{\"@id\":\"https:\/\/www.pressenza.com\/it\/2025\/04\/notizie-dal-mondo-arabo-2\/#primaryimage\"},\"thumbnailUrl\":\"https:\/\/www.pressenza.com\/wp-content\/uploads\/2025\/04\/macerie-Gaza-rit.jpg\",\"datePublished\":\"2025-04-22T08:50:32+00:00\",\"description\":\"Riposa in pace, Francesco! Addio al Papa che ha rivoluzionato la chiesa. Ieri 21 aprile Papa Francesco ci ha lasciati. Un uomo di Pace e fratellanza che\",\"breadcrumb\":{\"@id\":\"https:\/\/www.pressenza.com\/it\/2025\/04\/notizie-dal-mondo-arabo-2\/#breadcrumb\"},\"inLanguage\":\"it-IT\",\"potentialAction\":[{\"@type\":\"ReadAction\",\"target\":[\"https:\/\/www.pressenza.com\/it\/2025\/04\/notizie-dal-mondo-arabo-2\/\"]}]},{\"@type\":\"ImageObject\",\"inLanguage\":\"it-IT\",\"@id\":\"https:\/\/www.pressenza.com\/it\/2025\/04\/notizie-dal-mondo-arabo-2\/#primaryimage\",\"url\":\"https:\/\/www.pressenza.com\/wp-content\/uploads\/2025\/04\/macerie-Gaza-rit.jpg\",\"contentUrl\":\"https:\/\/www.pressenza.com\/wp-content\/uploads\/2025\/04\/macerie-Gaza-rit.jpg\",\"width\":994,\"height\":759},{\"@type\":\"BreadcrumbList\",\"@id\":\"https:\/\/www.pressenza.com\/it\/2025\/04\/notizie-dal-mondo-arabo-2\/#breadcrumb\",\"itemListElement\":[{\"@type\":\"ListItem\",\"position\":1,\"name\":\"Accueil\",\"item\":\"https:\/\/www.pressenza.com\/it\/\"},{\"@type\":\"ListItem\",\"position\":2,\"name\":\"Notizie dal mondo arabo\"}]},{\"@type\":\"WebSite\",\"@id\":\"https:\/\/www.pressenza.com\/it\/#website\",\"url\":\"https:\/\/www.pressenza.com\/it\/\",\"name\":\"Pressenza\",\"description\":\"Agenzia di Stampa Internazionale\",\"publisher\":{\"@id\":\"https:\/\/www.pressenza.com\/it\/#organization\"},\"potentialAction\":[{\"@type\":\"SearchAction\",\"target\":{\"@type\":\"EntryPoint\",\"urlTemplate\":\"https:\/\/www.pressenza.com\/it\/?s={search_term_string}\"},\"query-input\":{\"@type\":\"PropertyValueSpecification\",\"valueRequired\":true,\"valueName\":\"search_term_string\"}}],\"inLanguage\":\"it-IT\"},{\"@type\":\"Organization\",\"@id\":\"https:\/\/www.pressenza.com\/it\/#organization\",\"name\":\"Pressenza\",\"url\":\"https:\/\/www.pressenza.com\/it\/\",\"logo\":{\"@type\":\"ImageObject\",\"inLanguage\":\"it-IT\",\"@id\":\"https:\/\/www.pressenza.com\/it\/#\/schema\/logo\/image\/\",\"url\":\"https:\/\/www.pressenza.com\/wp-content\/uploads\/2022\/10\/pressenza_logo_200x200.jpg\",\"contentUrl\":\"https:\/\/www.pressenza.com\/wp-content\/uploads\/2022\/10\/pressenza_logo_200x200.jpg\",\"width\":200,\"height\":200,\"caption\":\"Pressenza\"},\"image\":{\"@id\":\"https:\/\/www.pressenza.com\/it\/#\/schema\/logo\/image\/\"},\"sameAs\":[\"https:\/\/www.facebook.com\/PressenzaItalia\",\"https:\/\/x.com\/PressenzaIPA\"]},{\"@type\":\"Person\",\"@id\":\"https:\/\/www.pressenza.com\/it\/#\/schema\/person\/9f05db79ca2872d8e94cb459a93831e4\",\"name\":\"ANBAMED\",\"description\":\"Notizie dal Sud Est del Mediterraneo\",\"sameAs\":[\"https:\/\/www.anbamed.it\/\"],\"url\":\"https:\/\/www.pressenza.com\/it\/author\/anbamed\/\"}]}<\/script>\n<!-- \/ Yoast SEO plugin. -->","yoast_head_json":{"title":"Notizie dal mondo arabo","description":"Riposa in pace, Francesco! Addio al Papa che ha rivoluzionato la chiesa. Ieri 21 aprile Papa Francesco ci ha lasciati. Un uomo di Pace e fratellanza che","robots":{"index":"index","follow":"follow","max-snippet":"max-snippet:-1","max-image-preview":"max-image-preview:large","max-video-preview":"max-video-preview:-1"},"canonical":"https:\/\/www.pressenza.com\/it\/2025\/04\/notizie-dal-mondo-arabo-2\/","og_locale":"it_IT","og_type":"article","og_title":"Notizie dal mondo arabo","og_description":"Riposa in pace, Francesco! Addio al Papa che ha rivoluzionato la chiesa. Ieri 21 aprile Papa Francesco ci ha lasciati. Un uomo di Pace e fratellanza che","og_url":"https:\/\/www.pressenza.com\/it\/2025\/04\/notizie-dal-mondo-arabo-2\/","og_site_name":"Pressenza","article_publisher":"https:\/\/www.facebook.com\/PressenzaItalia","article_published_time":"2025-04-22T08:50:32+00:00","og_image":[{"width":994,"height":759,"url":"https:\/\/www.pressenza.com\/wp-content\/uploads\/2025\/04\/macerie-Gaza-rit.jpg","type":"image\/jpeg"}],"author":"ANBAMED","twitter_card":"summary_large_image","twitter_creator":"@PressenzaIPA","twitter_site":"@PressenzaIPA","twitter_misc":{"Scritto da":"ANBAMED"},"schema":{"@context":"https:\/\/schema.org","@graph":[{"@type":"Article","@id":"https:\/\/www.pressenza.com\/it\/2025\/04\/notizie-dal-mondo-arabo-2\/#article","isPartOf":{"@id":"https:\/\/www.pressenza.com\/it\/2025\/04\/notizie-dal-mondo-arabo-2\/"},"author":{"name":"ANBAMED","@id":"https:\/\/www.pressenza.com\/it\/#\/schema\/person\/9f05db79ca2872d8e94cb459a93831e4"},"headline":"Notizie dal mondo arabo","datePublished":"2025-04-22T08:50:32+00:00","mainEntityOfPage":{"@id":"https:\/\/www.pressenza.com\/it\/2025\/04\/notizie-dal-mondo-arabo-2\/"},"wordCount":906,"publisher":{"@id":"https:\/\/www.pressenza.com\/it\/#organization"},"image":{"@id":"https:\/\/www.pressenza.com\/it\/2025\/04\/notizie-dal-mondo-arabo-2\/#primaryimage"},"thumbnailUrl":"https:\/\/www.pressenza.com\/wp-content\/uploads\/2025\/04\/macerie-Gaza-rit.jpg","keywords":["Gaza","Giordania","guerra in Sudan","Sudan","Tunisia"],"articleSection":["Africa","Diritti Umani","Medio Oriente","Politica"],"inLanguage":"it-IT"},{"@type":"WebPage","@id":"https:\/\/www.pressenza.com\/it\/2025\/04\/notizie-dal-mondo-arabo-2\/","url":"https:\/\/www.pressenza.com\/it\/2025\/04\/notizie-dal-mondo-arabo-2\/","name":"Notizie dal mondo arabo","isPartOf":{"@id":"https:\/\/www.pressenza.com\/it\/#website"},"primaryImageOfPage":{"@id":"https:\/\/www.pressenza.com\/it\/2025\/04\/notizie-dal-mondo-arabo-2\/#primaryimage"},"image":{"@id":"https:\/\/www.pressenza.com\/it\/2025\/04\/notizie-dal-mondo-arabo-2\/#primaryimage"},"thumbnailUrl":"https:\/\/www.pressenza.com\/wp-content\/uploads\/2025\/04\/macerie-Gaza-rit.jpg","datePublished":"2025-04-22T08:50:32+00:00","description":"Riposa in pace, Francesco! Addio al Papa che ha rivoluzionato la chiesa. Ieri 21 aprile Papa Francesco ci ha lasciati. Un uomo di Pace e fratellanza che","breadcrumb":{"@id":"https:\/\/www.pressenza.com\/it\/2025\/04\/notizie-dal-mondo-arabo-2\/#breadcrumb"},"inLanguage":"it-IT","potentialAction":[{"@type":"ReadAction","target":["https:\/\/www.pressenza.com\/it\/2025\/04\/notizie-dal-mondo-arabo-2\/"]}]},{"@type":"ImageObject","inLanguage":"it-IT","@id":"https:\/\/www.pressenza.com\/it\/2025\/04\/notizie-dal-mondo-arabo-2\/#primaryimage","url":"https:\/\/www.pressenza.com\/wp-content\/uploads\/2025\/04\/macerie-Gaza-rit.jpg","contentUrl":"https:\/\/www.pressenza.com\/wp-content\/uploads\/2025\/04\/macerie-Gaza-rit.jpg","width":994,"height":759},{"@type":"BreadcrumbList","@id":"https:\/\/www.pressenza.com\/it\/2025\/04\/notizie-dal-mondo-arabo-2\/#breadcrumb","itemListElement":[{"@type":"ListItem","position":1,"name":"Accueil","item":"https:\/\/www.pressenza.com\/it\/"},{"@type":"ListItem","position":2,"name":"Notizie dal mondo arabo"}]},{"@type":"WebSite","@id":"https:\/\/www.pressenza.com\/it\/#website","url":"https:\/\/www.pressenza.com\/it\/","name":"Pressenza","description":"Agenzia di Stampa Internazionale","publisher":{"@id":"https:\/\/www.pressenza.com\/it\/#organization"},"potentialAction":[{"@type":"SearchAction","target":{"@type":"EntryPoint","urlTemplate":"https:\/\/www.pressenza.com\/it\/?s={search_term_string}"},"query-input":{"@type":"PropertyValueSpecification","valueRequired":true,"valueName":"search_term_string"}}],"inLanguage":"it-IT"},{"@type":"Organization","@id":"https:\/\/www.pressenza.com\/it\/#organization","name":"Pressenza","url":"https:\/\/www.pressenza.com\/it\/","logo":{"@type":"ImageObject","inLanguage":"it-IT","@id":"https:\/\/www.pressenza.com\/it\/#\/schema\/logo\/image\/","url":"https:\/\/www.pressenza.com\/wp-content\/uploads\/2022\/10\/pressenza_logo_200x200.jpg","contentUrl":"https:\/\/www.pressenza.com\/wp-content\/uploads\/2022\/10\/pressenza_logo_200x200.jpg","width":200,"height":200,"caption":"Pressenza"},"image":{"@id":"https:\/\/www.pressenza.com\/it\/#\/schema\/logo\/image\/"},"sameAs":["https:\/\/www.facebook.com\/PressenzaItalia","https:\/\/x.com\/PressenzaIPA"]},{"@type":"Person","@id":"https:\/\/www.pressenza.com\/it\/#\/schema\/person\/9f05db79ca2872d8e94cb459a93831e4","name":"ANBAMED","description":"Notizie dal Sud Est del Mediterraneo","sameAs":["https:\/\/www.anbamed.it\/"],"url":"https:\/\/www.pressenza.com\/it\/author\/anbamed\/"}]}},"place":"","original_article_url":"","_links":{"self":[{"href":"https:\/\/www.pressenza.com\/it\/wp-json\/wp\/v2\/posts\/2599357","targetHints":{"allow":["GET"]}}],"collection":[{"href":"https:\/\/www.pressenza.com\/it\/wp-json\/wp\/v2\/posts"}],"about":[{"href":"https:\/\/www.pressenza.com\/it\/wp-json\/wp\/v2\/types\/post"}],"author":[{"embeddable":true,"href":"https:\/\/www.pressenza.com\/it\/wp-json\/wp\/v2\/users\/2080"}],"replies":[{"embeddable":true,"href":"https:\/\/www.pressenza.com\/it\/wp-json\/wp\/v2\/comments?post=2599357"}],"version-history":[{"count":0,"href":"https:\/\/www.pressenza.com\/it\/wp-json\/wp\/v2\/posts\/2599357\/revisions"}],"wp:featuredmedia":[{"embeddable":true,"href":"https:\/\/www.pressenza.com\/it\/wp-json\/wp\/v2\/media\/2597191"}],"wp:attachment":[{"href":"https:\/\/www.pressenza.com\/it\/wp-json\/wp\/v2\/media?parent=2599357"}],"wp:term":[{"taxonomy":"category","embeddable":true,"href":"https:\/\/www.pressenza.com\/it\/wp-json\/wp\/v2\/categories?post=2599357"},{"taxonomy":"post_tag","embeddable":true,"href":"https:\/\/www.pressenza.com\/it\/wp-json\/wp\/v2\/tags?post=2599357"}],"curies":[{"name":"wp","href":"https:\/\/api.w.org\/{rel}","templated":true}]}}