{"id":2598808,"date":"2025-04-19T13:41:35","date_gmt":"2025-04-19T12:41:35","guid":{"rendered":"https:\/\/www.pressenza.com\/?p=2598808"},"modified":"2025-04-19T13:41:35","modified_gmt":"2025-04-19T12:41:35","slug":"combattenti-per-la-pace-29-aprile-2025-20a-cerimonia-commemorativa-congiunta-israelo-palestinese","status":"publish","type":"post","link":"https:\/\/www.pressenza.com\/it\/2025\/04\/combattenti-per-la-pace-29-aprile-2025-20a-cerimonia-commemorativa-congiunta-israelo-palestinese\/","title":{"rendered":"Combattenti per la Pace, 29 aprile 2025, 20\u00aa cerimonia commemorativa congiunta israelo-palestinese"},"content":{"rendered":"<p>Il 29 aprile, alla vigilia dello <strong>Yom HaZikaron <\/strong>(Giorno del ricordo), ci riuniremo ancora una volta per onorare tutte le vite perse nel conflitto. Invece di aumentare le divisioni, scegliamo di unirci nel lutto. Non permettiamo che il nostro dolore alimenti l&#8217;odio: scegliamo di trasformarlo in una forza per la pace.<\/p>\n<p>Giunta alla sua ventesima edizione la <strong>Cerimonia commemorativa congiunta<\/strong> sar\u00e0 organizzata quest&#8217;anno dai palestinesi e dagli israeliani affiliati al movimento dei <strong>Combattenti per la Pace<\/strong> e dei <strong>Parents Circle &#8211; Families Forum.<\/strong> Si tratta di un coraggioso atto di sfida contro il ciclo infinito della violenza e contro coloro che scelgono di alimentarlo. La cerimonia prevede testimonianze delle famiglie in lutto, momenti musicali e messaggi di speranza da parte di attivisti impegnati sul fronte dei diritti umani, tutti uniti nella convinzione che la vera guarigione possa iniziare solo <strong>nel reciproco riconoscimento della<\/strong> <strong>sofferenza.<\/strong><\/p>\n<p><strong>Quest&#8217;anno il dolore \u00e8 pi\u00f9 pesante che mai<\/strong>. Dopo gli orrori del 7 ottobre e la devastante guerra a Gaza, troppe famiglie &#8211; israeliane e palestinesi &#8211; sono state distrutte da insopportabili perdite; nonostante il dolore sia straziante, ci rifiutiamo di lasciare che indurisca i nostri cuori. Invece di permettere che anche il dolore venga manipolato e trasformato in odio, invece di accettare la vendetta come giustizia, <strong>scegliamo una strada ben diversa.<\/strong><\/p>\n<p><strong>La nostra cerimonia non intende equiparare le perdite n\u00e9 confrontare il dolore<\/strong>. E\u2019 piuttosto nata con l\u2019obiettivo di umanizzare tutti, di riconoscere che ogni persona la cui vita \u00e8 stata strappata via dal conflitto era una persona con dei sogni, una famiglia e un futuro che le sono stati rubati.<\/p>\n<p><strong>Questo non \u00e8 solo un evento<\/strong>, \u00e8 una dichiarazione di coraggio e una dimostrazione di ci\u00f2 che \u00e8 possibile quando la speranza supera l&#8217;immensa tragedia personale. Ci rifiutiamo di lasciare che le nostre perdite personali e collettive portino a ulteriori spargimenti di sangue. <strong>Esiste un&#8217;altra strada<\/strong>!<\/p>\n<p>Scegliamo di onorare ogni vita perduta, <strong>sia israeliana che palestinese,<\/strong> perch\u00e9 solo nel reciproco riconoscimento del dolore possiamo ritrovare la nostra umanit\u00e0 e iniziare a guarire.<\/p>\n<p>Previsto in un teatro a inviti per ragioni di sicurezza,<strong> l&#8217;evento sar\u00e0 trasmesso in diretta <\/strong>in diverse postazioni in tutto il mondo.<\/p>\n<p>Registrati qui per ricevere il link che ti verr\u00e0 inviato il giorno stesso<strong>: <\/strong><a href=\"https:\/\/form.jotform.com\/250713298885065\">https:\/\/form.jotform.com\/250713298885065<\/a><\/p>\n<p>La cerimonia \u00e8 interamente finanziata da donazioni private <strong>e quest&#8217;anno pi\u00f9 che mai il vostro sostegno \u00e8 fondamentale.<\/strong> La vostra donazione contribuir\u00e0 all&#8217;organizzazione, alla logistica e alla sicurezza di tutte le persone coinvolte nella realizzazione della Cerimonia Commemorativa Congiunta.<\/p>\n<p><strong>Donate oggi<\/strong>: aiutateci a portare questo messaggio di speranza a centinaia di migliaia di persone in Israele, Palestina e in tutto il mondo.<\/p>\n<p>Donate in GBP &#8211; <a href=\"https:\/\/drove.com\/.2NRn\">https:\/\/drove.com\/.2NRn<\/a><\/p>\n<p>Dona in USD &#8211; <a href=\"https:\/\/drove.com\/.2NRg\">https:\/\/drove.com\/.2NRg<\/a><\/p>\n<p>Dona in EUR &#8211; <a href=\"https:\/\/drove.com\/.2NR5\">https:\/\/drove.com\/.2NR5<\/a><\/p>\n<p>Dona in NIS &#8211; <a href=\"https:\/\/drove.com\/.2NQP\">https:\/\/drove.com\/.2NQP<\/a><\/p>\n<p><strong>Rifiutare la vendetta. Onorare ogni vita.<\/strong><br \/>\n<strong>Scegliere l&#8217;umanit\u00e0, scegliere la speranza<\/strong><br \/>\n<strong>Sostieni la 20\u00aa cerimonia commemorativa congiunta israelo-palestinese<\/strong><\/p>\n<p><img loading=\"lazy\" decoding=\"async\" class=\"alignnone wp-image-2598810 size-full\" src=\"https:\/\/www.pressenza.com\/wp-content\/uploads\/2025\/04\/immagini-cerimonia-commemorativa-2024.jpg\" alt=\"\" width=\"1920\" height=\"1080\" srcset=\"https:\/\/www.pressenza.com\/wp-content\/uploads\/2025\/04\/immagini-cerimonia-commemorativa-2024.jpg 1920w, https:\/\/www.pressenza.com\/wp-content\/uploads\/2025\/04\/immagini-cerimonia-commemorativa-2024-300x169.jpg 300w, https:\/\/www.pressenza.com\/wp-content\/uploads\/2025\/04\/immagini-cerimonia-commemorativa-2024-820x461.jpg 820w\" sizes=\"auto, (max-width: 1920px) 100vw, 1920px\" \/><\/p>\n<p><em>Alcuni momenti della Memorial Ceremony dell\u2019anno scorso, in particolare la testimonianza di Yonatan Zeigen, figlio della pacifista israelo-canadese Vivian Silver, vittima del massacro del 7 ottobre.<\/em><\/p>\n","protected":false},"excerpt":{"rendered":"<p>Il 29 aprile, alla vigilia dello Yom HaZikaron (Giorno del ricordo), ci riuniremo ancora una volta per onorare tutte le vite perse nel conflitto. Invece di aumentare le divisioni, scegliamo di unirci nel lutto. Non permettiamo che il nostro dolore&hellip;<\/p>\n","protected":false},"author":594,"featured_media":2598809,"comment_status":"closed","ping_status":"closed","sticky":false,"template":"","format":"standard","meta":{"footnotes":""},"categories":[150,52,1262],"tags":[135804,122909,1005,127857],"class_list":["post-2598808","post","type-post","status-publish","format-standard","has-post-thumbnail","hentry","category-comunicati-stampa","category-medio-oriente","category-nonviolenza-argomento","tag-20a-cerimonia-commemorativa-congiunta","tag-combattenti-per-la-pace","tag-gaza","tag-israele-palestina"],"yoast_head":"<!-- This site is optimized with the Yoast SEO plugin v27.1.1 - https:\/\/yoast.com\/product\/yoast-seo-wordpress\/ -->\n<title>Combattenti per la Pace, 29 aprile 2025, 20\u00aa cerimonia commemorativa congiunta israelo-palestinese<\/title>\n<meta name=\"description\" content=\"Il 29 aprile, alla vigilia dello Yom HaZikaron (Giorno del ricordo), ci riuniremo ancora una volta per onorare tutte le vite perse nel conflitto. Invece\" \/>\n<meta name=\"robots\" content=\"index, follow, max-snippet:-1, max-image-preview:large, max-video-preview:-1\" \/>\n<link rel=\"canonical\" href=\"https:\/\/www.pressenza.com\/it\/2025\/04\/combattenti-per-la-pace-29-aprile-2025-20a-cerimonia-commemorativa-congiunta-israelo-palestinese\/\" \/>\n<meta property=\"og:locale\" content=\"it_IT\" \/>\n<meta property=\"og:type\" content=\"article\" \/>\n<meta property=\"og:title\" content=\"Combattenti per la Pace, 29 aprile 2025, 20\u00aa cerimonia commemorativa congiunta israelo-palestinese\" \/>\n<meta property=\"og:description\" content=\"Il 29 aprile, alla vigilia dello Yom HaZikaron (Giorno del ricordo), ci riuniremo ancora una volta per onorare tutte le vite perse nel conflitto. Invece\" \/>\n<meta property=\"og:url\" content=\"https:\/\/www.pressenza.com\/it\/2025\/04\/combattenti-per-la-pace-29-aprile-2025-20a-cerimonia-commemorativa-congiunta-israelo-palestinese\/\" \/>\n<meta property=\"og:site_name\" content=\"Pressenza\" \/>\n<meta property=\"article:publisher\" content=\"https:\/\/www.facebook.com\/PressenzaItalia\" \/>\n<meta property=\"article:author\" content=\"https:\/\/www.facebook.com\/PressenzaItalia\" \/>\n<meta property=\"article:published_time\" content=\"2025-04-19T12:41:35+00:00\" \/>\n<meta property=\"og:image\" content=\"https:\/\/www.pressenza.com\/wp-content\/uploads\/2025\/04\/Joint-Memorial-Ceremony-2025.jpg\" \/>\n\t<meta property=\"og:image:width\" content=\"991\" \/>\n\t<meta property=\"og:image:height\" content=\"571\" \/>\n\t<meta property=\"og:image:type\" content=\"image\/jpeg\" \/>\n<meta name=\"author\" content=\"Redazione Italia\" \/>\n<meta name=\"twitter:card\" content=\"summary_large_image\" \/>\n<meta name=\"twitter:creator\" content=\"@pressenza_it\" \/>\n<meta name=\"twitter:site\" content=\"@PressenzaIPA\" \/>\n<meta name=\"twitter:label1\" content=\"Scritto da\" \/>\n\t<meta name=\"twitter:data1\" content=\"Redazione Italia\" \/>\n\t<meta name=\"twitter:label2\" content=\"Tempo di lettura stimato\" \/>\n\t<meta name=\"twitter:data2\" content=\"3 minuti\" \/>\n<script type=\"application\/ld+json\" class=\"yoast-schema-graph\">{\"@context\":\"https:\/\/schema.org\",\"@graph\":[{\"@type\":\"Article\",\"@id\":\"https:\/\/www.pressenza.com\/it\/2025\/04\/combattenti-per-la-pace-29-aprile-2025-20a-cerimonia-commemorativa-congiunta-israelo-palestinese\/#article\",\"isPartOf\":{\"@id\":\"https:\/\/www.pressenza.com\/it\/2025\/04\/combattenti-per-la-pace-29-aprile-2025-20a-cerimonia-commemorativa-congiunta-israelo-palestinese\/\"},\"author\":{\"name\":\"Redazione Italia\",\"@id\":\"https:\/\/www.pressenza.com\/it\/#\/schema\/person\/d983e81827ae24f2c7b1a2123d197f8d\"},\"headline\":\"Combattenti per la Pace, 29 aprile 2025, 20\u00aa cerimonia commemorativa congiunta israelo-palestinese\",\"datePublished\":\"2025-04-19T12:41:35+00:00\",\"mainEntityOfPage\":{\"@id\":\"https:\/\/www.pressenza.com\/it\/2025\/04\/combattenti-per-la-pace-29-aprile-2025-20a-cerimonia-commemorativa-congiunta-israelo-palestinese\/\"},\"wordCount\":524,\"publisher\":{\"@id\":\"https:\/\/www.pressenza.com\/it\/#organization\"},\"image\":{\"@id\":\"https:\/\/www.pressenza.com\/it\/2025\/04\/combattenti-per-la-pace-29-aprile-2025-20a-cerimonia-commemorativa-congiunta-israelo-palestinese\/#primaryimage\"},\"thumbnailUrl\":\"https:\/\/www.pressenza.com\/wp-content\/uploads\/2025\/04\/Joint-Memorial-Ceremony-2025.jpg\",\"keywords\":[\"20\u00aa cerimonia commemorativa congiunta\",\"Combattenti per la Pace\",\"Gaza\",\"Israele-Palestina\"],\"articleSection\":[\"Comunicati Stampa\",\"Medio Oriente\",\"Nonviolenza\"],\"inLanguage\":\"it-IT\"},{\"@type\":\"WebPage\",\"@id\":\"https:\/\/www.pressenza.com\/it\/2025\/04\/combattenti-per-la-pace-29-aprile-2025-20a-cerimonia-commemorativa-congiunta-israelo-palestinese\/\",\"url\":\"https:\/\/www.pressenza.com\/it\/2025\/04\/combattenti-per-la-pace-29-aprile-2025-20a-cerimonia-commemorativa-congiunta-israelo-palestinese\/\",\"name\":\"Combattenti per la Pace, 29 aprile 2025, 20\u00aa cerimonia commemorativa congiunta israelo-palestinese\",\"isPartOf\":{\"@id\":\"https:\/\/www.pressenza.com\/it\/#website\"},\"primaryImageOfPage\":{\"@id\":\"https:\/\/www.pressenza.com\/it\/2025\/04\/combattenti-per-la-pace-29-aprile-2025-20a-cerimonia-commemorativa-congiunta-israelo-palestinese\/#primaryimage\"},\"image\":{\"@id\":\"https:\/\/www.pressenza.com\/it\/2025\/04\/combattenti-per-la-pace-29-aprile-2025-20a-cerimonia-commemorativa-congiunta-israelo-palestinese\/#primaryimage\"},\"thumbnailUrl\":\"https:\/\/www.pressenza.com\/wp-content\/uploads\/2025\/04\/Joint-Memorial-Ceremony-2025.jpg\",\"datePublished\":\"2025-04-19T12:41:35+00:00\",\"description\":\"Il 29 aprile, alla vigilia dello Yom HaZikaron (Giorno del ricordo), ci riuniremo ancora una volta per onorare tutte le vite perse nel conflitto. Invece\",\"breadcrumb\":{\"@id\":\"https:\/\/www.pressenza.com\/it\/2025\/04\/combattenti-per-la-pace-29-aprile-2025-20a-cerimonia-commemorativa-congiunta-israelo-palestinese\/#breadcrumb\"},\"inLanguage\":\"it-IT\",\"potentialAction\":[{\"@type\":\"ReadAction\",\"target\":[\"https:\/\/www.pressenza.com\/it\/2025\/04\/combattenti-per-la-pace-29-aprile-2025-20a-cerimonia-commemorativa-congiunta-israelo-palestinese\/\"]}]},{\"@type\":\"ImageObject\",\"inLanguage\":\"it-IT\",\"@id\":\"https:\/\/www.pressenza.com\/it\/2025\/04\/combattenti-per-la-pace-29-aprile-2025-20a-cerimonia-commemorativa-congiunta-israelo-palestinese\/#primaryimage\",\"url\":\"https:\/\/www.pressenza.com\/wp-content\/uploads\/2025\/04\/Joint-Memorial-Ceremony-2025.jpg\",\"contentUrl\":\"https:\/\/www.pressenza.com\/wp-content\/uploads\/2025\/04\/Joint-Memorial-Ceremony-2025.jpg\",\"width\":991,\"height\":571},{\"@type\":\"BreadcrumbList\",\"@id\":\"https:\/\/www.pressenza.com\/it\/2025\/04\/combattenti-per-la-pace-29-aprile-2025-20a-cerimonia-commemorativa-congiunta-israelo-palestinese\/#breadcrumb\",\"itemListElement\":[{\"@type\":\"ListItem\",\"position\":1,\"name\":\"Accueil\",\"item\":\"https:\/\/www.pressenza.com\/it\/\"},{\"@type\":\"ListItem\",\"position\":2,\"name\":\"Combattenti per la Pace, 29 aprile 2025, 20\u00aa cerimonia commemorativa congiunta israelo-palestinese\"}]},{\"@type\":\"WebSite\",\"@id\":\"https:\/\/www.pressenza.com\/it\/#website\",\"url\":\"https:\/\/www.pressenza.com\/it\/\",\"name\":\"Pressenza\",\"description\":\"Agenzia di Stampa Internazionale\",\"publisher\":{\"@id\":\"https:\/\/www.pressenza.com\/it\/#organization\"},\"potentialAction\":[{\"@type\":\"SearchAction\",\"target\":{\"@type\":\"EntryPoint\",\"urlTemplate\":\"https:\/\/www.pressenza.com\/it\/?s={search_term_string}\"},\"query-input\":{\"@type\":\"PropertyValueSpecification\",\"valueRequired\":true,\"valueName\":\"search_term_string\"}}],\"inLanguage\":\"it-IT\"},{\"@type\":\"Organization\",\"@id\":\"https:\/\/www.pressenza.com\/it\/#organization\",\"name\":\"Pressenza\",\"url\":\"https:\/\/www.pressenza.com\/it\/\",\"logo\":{\"@type\":\"ImageObject\",\"inLanguage\":\"it-IT\",\"@id\":\"https:\/\/www.pressenza.com\/it\/#\/schema\/logo\/image\/\",\"url\":\"https:\/\/www.pressenza.com\/wp-content\/uploads\/2022\/10\/pressenza_logo_200x200.jpg\",\"contentUrl\":\"https:\/\/www.pressenza.com\/wp-content\/uploads\/2022\/10\/pressenza_logo_200x200.jpg\",\"width\":200,\"height\":200,\"caption\":\"Pressenza\"},\"image\":{\"@id\":\"https:\/\/www.pressenza.com\/it\/#\/schema\/logo\/image\/\"},\"sameAs\":[\"https:\/\/www.facebook.com\/PressenzaItalia\",\"https:\/\/x.com\/PressenzaIPA\"]},{\"@type\":\"Person\",\"@id\":\"https:\/\/www.pressenza.com\/it\/#\/schema\/person\/d983e81827ae24f2c7b1a2123d197f8d\",\"name\":\"Redazione Italia\",\"description\":\"News from the Pressenza Bureau in Italy\",\"sameAs\":[\"https:\/\/www.pressenza.com\/it\/author\/redazione-italia\/\",\"https:\/\/www.facebook.com\/PressenzaItalia\",\"https:\/\/www.instagram.com\/pressenza_italia\/\",\"https:\/\/x.com\/pressenza_it\",\"https:\/\/www.youtube.com\/channel\/UCSalEIWjE1RSxkwjfftFuqg\"],\"url\":\"https:\/\/www.pressenza.com\/it\/author\/redazione-italia\/\"}]}<\/script>\n<!-- \/ Yoast SEO plugin. -->","yoast_head_json":{"title":"Combattenti per la Pace, 29 aprile 2025, 20\u00aa cerimonia commemorativa congiunta israelo-palestinese","description":"Il 29 aprile, alla vigilia dello Yom HaZikaron (Giorno del ricordo), ci riuniremo ancora una volta per onorare tutte le vite perse nel conflitto. Invece","robots":{"index":"index","follow":"follow","max-snippet":"max-snippet:-1","max-image-preview":"max-image-preview:large","max-video-preview":"max-video-preview:-1"},"canonical":"https:\/\/www.pressenza.com\/it\/2025\/04\/combattenti-per-la-pace-29-aprile-2025-20a-cerimonia-commemorativa-congiunta-israelo-palestinese\/","og_locale":"it_IT","og_type":"article","og_title":"Combattenti per la Pace, 29 aprile 2025, 20\u00aa cerimonia commemorativa congiunta israelo-palestinese","og_description":"Il 29 aprile, alla vigilia dello Yom HaZikaron (Giorno del ricordo), ci riuniremo ancora una volta per onorare tutte le vite perse nel conflitto. Invece","og_url":"https:\/\/www.pressenza.com\/it\/2025\/04\/combattenti-per-la-pace-29-aprile-2025-20a-cerimonia-commemorativa-congiunta-israelo-palestinese\/","og_site_name":"Pressenza","article_publisher":"https:\/\/www.facebook.com\/PressenzaItalia","article_author":"https:\/\/www.facebook.com\/PressenzaItalia","article_published_time":"2025-04-19T12:41:35+00:00","og_image":[{"width":991,"height":571,"url":"https:\/\/www.pressenza.com\/wp-content\/uploads\/2025\/04\/Joint-Memorial-Ceremony-2025.jpg","type":"image\/jpeg"}],"author":"Redazione Italia","twitter_card":"summary_large_image","twitter_creator":"@pressenza_it","twitter_site":"@PressenzaIPA","twitter_misc":{"Scritto da":"Redazione Italia","Tempo di lettura stimato":"3 minuti"},"schema":{"@context":"https:\/\/schema.org","@graph":[{"@type":"Article","@id":"https:\/\/www.pressenza.com\/it\/2025\/04\/combattenti-per-la-pace-29-aprile-2025-20a-cerimonia-commemorativa-congiunta-israelo-palestinese\/#article","isPartOf":{"@id":"https:\/\/www.pressenza.com\/it\/2025\/04\/combattenti-per-la-pace-29-aprile-2025-20a-cerimonia-commemorativa-congiunta-israelo-palestinese\/"},"author":{"name":"Redazione Italia","@id":"https:\/\/www.pressenza.com\/it\/#\/schema\/person\/d983e81827ae24f2c7b1a2123d197f8d"},"headline":"Combattenti per la Pace, 29 aprile 2025, 20\u00aa cerimonia commemorativa congiunta israelo-palestinese","datePublished":"2025-04-19T12:41:35+00:00","mainEntityOfPage":{"@id":"https:\/\/www.pressenza.com\/it\/2025\/04\/combattenti-per-la-pace-29-aprile-2025-20a-cerimonia-commemorativa-congiunta-israelo-palestinese\/"},"wordCount":524,"publisher":{"@id":"https:\/\/www.pressenza.com\/it\/#organization"},"image":{"@id":"https:\/\/www.pressenza.com\/it\/2025\/04\/combattenti-per-la-pace-29-aprile-2025-20a-cerimonia-commemorativa-congiunta-israelo-palestinese\/#primaryimage"},"thumbnailUrl":"https:\/\/www.pressenza.com\/wp-content\/uploads\/2025\/04\/Joint-Memorial-Ceremony-2025.jpg","keywords":["20\u00aa cerimonia commemorativa congiunta","Combattenti per la Pace","Gaza","Israele-Palestina"],"articleSection":["Comunicati Stampa","Medio Oriente","Nonviolenza"],"inLanguage":"it-IT"},{"@type":"WebPage","@id":"https:\/\/www.pressenza.com\/it\/2025\/04\/combattenti-per-la-pace-29-aprile-2025-20a-cerimonia-commemorativa-congiunta-israelo-palestinese\/","url":"https:\/\/www.pressenza.com\/it\/2025\/04\/combattenti-per-la-pace-29-aprile-2025-20a-cerimonia-commemorativa-congiunta-israelo-palestinese\/","name":"Combattenti per la Pace, 29 aprile 2025, 20\u00aa cerimonia commemorativa congiunta israelo-palestinese","isPartOf":{"@id":"https:\/\/www.pressenza.com\/it\/#website"},"primaryImageOfPage":{"@id":"https:\/\/www.pressenza.com\/it\/2025\/04\/combattenti-per-la-pace-29-aprile-2025-20a-cerimonia-commemorativa-congiunta-israelo-palestinese\/#primaryimage"},"image":{"@id":"https:\/\/www.pressenza.com\/it\/2025\/04\/combattenti-per-la-pace-29-aprile-2025-20a-cerimonia-commemorativa-congiunta-israelo-palestinese\/#primaryimage"},"thumbnailUrl":"https:\/\/www.pressenza.com\/wp-content\/uploads\/2025\/04\/Joint-Memorial-Ceremony-2025.jpg","datePublished":"2025-04-19T12:41:35+00:00","description":"Il 29 aprile, alla vigilia dello Yom HaZikaron (Giorno del ricordo), ci riuniremo ancora una volta per onorare tutte le vite perse nel conflitto. Invece","breadcrumb":{"@id":"https:\/\/www.pressenza.com\/it\/2025\/04\/combattenti-per-la-pace-29-aprile-2025-20a-cerimonia-commemorativa-congiunta-israelo-palestinese\/#breadcrumb"},"inLanguage":"it-IT","potentialAction":[{"@type":"ReadAction","target":["https:\/\/www.pressenza.com\/it\/2025\/04\/combattenti-per-la-pace-29-aprile-2025-20a-cerimonia-commemorativa-congiunta-israelo-palestinese\/"]}]},{"@type":"ImageObject","inLanguage":"it-IT","@id":"https:\/\/www.pressenza.com\/it\/2025\/04\/combattenti-per-la-pace-29-aprile-2025-20a-cerimonia-commemorativa-congiunta-israelo-palestinese\/#primaryimage","url":"https:\/\/www.pressenza.com\/wp-content\/uploads\/2025\/04\/Joint-Memorial-Ceremony-2025.jpg","contentUrl":"https:\/\/www.pressenza.com\/wp-content\/uploads\/2025\/04\/Joint-Memorial-Ceremony-2025.jpg","width":991,"height":571},{"@type":"BreadcrumbList","@id":"https:\/\/www.pressenza.com\/it\/2025\/04\/combattenti-per-la-pace-29-aprile-2025-20a-cerimonia-commemorativa-congiunta-israelo-palestinese\/#breadcrumb","itemListElement":[{"@type":"ListItem","position":1,"name":"Accueil","item":"https:\/\/www.pressenza.com\/it\/"},{"@type":"ListItem","position":2,"name":"Combattenti per la Pace, 29 aprile 2025, 20\u00aa cerimonia commemorativa congiunta israelo-palestinese"}]},{"@type":"WebSite","@id":"https:\/\/www.pressenza.com\/it\/#website","url":"https:\/\/www.pressenza.com\/it\/","name":"Pressenza","description":"Agenzia di Stampa Internazionale","publisher":{"@id":"https:\/\/www.pressenza.com\/it\/#organization"},"potentialAction":[{"@type":"SearchAction","target":{"@type":"EntryPoint","urlTemplate":"https:\/\/www.pressenza.com\/it\/?s={search_term_string}"},"query-input":{"@type":"PropertyValueSpecification","valueRequired":true,"valueName":"search_term_string"}}],"inLanguage":"it-IT"},{"@type":"Organization","@id":"https:\/\/www.pressenza.com\/it\/#organization","name":"Pressenza","url":"https:\/\/www.pressenza.com\/it\/","logo":{"@type":"ImageObject","inLanguage":"it-IT","@id":"https:\/\/www.pressenza.com\/it\/#\/schema\/logo\/image\/","url":"https:\/\/www.pressenza.com\/wp-content\/uploads\/2022\/10\/pressenza_logo_200x200.jpg","contentUrl":"https:\/\/www.pressenza.com\/wp-content\/uploads\/2022\/10\/pressenza_logo_200x200.jpg","width":200,"height":200,"caption":"Pressenza"},"image":{"@id":"https:\/\/www.pressenza.com\/it\/#\/schema\/logo\/image\/"},"sameAs":["https:\/\/www.facebook.com\/PressenzaItalia","https:\/\/x.com\/PressenzaIPA"]},{"@type":"Person","@id":"https:\/\/www.pressenza.com\/it\/#\/schema\/person\/d983e81827ae24f2c7b1a2123d197f8d","name":"Redazione Italia","description":"News from the Pressenza Bureau in Italy","sameAs":["https:\/\/www.pressenza.com\/it\/author\/redazione-italia\/","https:\/\/www.facebook.com\/PressenzaItalia","https:\/\/www.instagram.com\/pressenza_italia\/","https:\/\/x.com\/pressenza_it","https:\/\/www.youtube.com\/channel\/UCSalEIWjE1RSxkwjfftFuqg"],"url":"https:\/\/www.pressenza.com\/it\/author\/redazione-italia\/"}]}},"place":"Combattenti per la Pace","original_article_url":"","_links":{"self":[{"href":"https:\/\/www.pressenza.com\/it\/wp-json\/wp\/v2\/posts\/2598808","targetHints":{"allow":["GET"]}}],"collection":[{"href":"https:\/\/www.pressenza.com\/it\/wp-json\/wp\/v2\/posts"}],"about":[{"href":"https:\/\/www.pressenza.com\/it\/wp-json\/wp\/v2\/types\/post"}],"author":[{"embeddable":true,"href":"https:\/\/www.pressenza.com\/it\/wp-json\/wp\/v2\/users\/594"}],"replies":[{"embeddable":true,"href":"https:\/\/www.pressenza.com\/it\/wp-json\/wp\/v2\/comments?post=2598808"}],"version-history":[{"count":0,"href":"https:\/\/www.pressenza.com\/it\/wp-json\/wp\/v2\/posts\/2598808\/revisions"}],"wp:featuredmedia":[{"embeddable":true,"href":"https:\/\/www.pressenza.com\/it\/wp-json\/wp\/v2\/media\/2598809"}],"wp:attachment":[{"href":"https:\/\/www.pressenza.com\/it\/wp-json\/wp\/v2\/media?parent=2598808"}],"wp:term":[{"taxonomy":"category","embeddable":true,"href":"https:\/\/www.pressenza.com\/it\/wp-json\/wp\/v2\/categories?post=2598808"},{"taxonomy":"post_tag","embeddable":true,"href":"https:\/\/www.pressenza.com\/it\/wp-json\/wp\/v2\/tags?post=2598808"}],"curies":[{"name":"wp","href":"https:\/\/api.w.org\/{rel}","templated":true}]}}