{"id":2598267,"date":"2025-04-16T23:04:07","date_gmt":"2025-04-16T22:04:07","guid":{"rendered":"https:\/\/www.pressenza.com\/?p=2598267"},"modified":"2025-04-16T23:04:07","modified_gmt":"2025-04-16T22:04:07","slug":"per-un-diritto-internazionale-come-spazio-di-protezione-piu-generoso-ed-efficace","status":"publish","type":"post","link":"https:\/\/www.pressenza.com\/it\/2025\/04\/per-un-diritto-internazionale-come-spazio-di-protezione-piu-generoso-ed-efficace\/","title":{"rendered":"Per un diritto internazionale come spazio di protezione pi\u00f9 generoso ed efficace"},"content":{"rendered":"<p align=\"justify\"><i>Diritto internazionale e diritti umani nelle Americhe: la situazione secondo <\/i><i>l\u2019avvocata Viviana Krsticevic, a cui il 18 aprile la Societ\u00e0 Americana di Diritto Internazionale conferir\u00e0 il premio \u201cProminent Woman in International Law\u201d.<\/i><\/p>\n<p>Il \u201cProminent Woman in International Law\u201d (<i>Premio Donna di Spicco nel Diritto Internazionale<\/i>, ndr), \u00e8 un premio prestigioso conferito nell\u2019ambito del diritto internazionale e dei diritti umani dalla <u><a href=\"https:\/\/www.asil.org\/\">Societ\u00e0 Americana di Diritto Internazionale<\/a><\/u>. Istituito nel 1993, negli anni ha dato visibilit\u00e0 a professioniste che spesso operavano in contesti delicati. Nel 2022 ad esempio \u00e8 stato concesso a <u><a href=\"https:\/\/it.wikipedia.org\/wiki\/Fatou_Bensouda\">Fatou Bensouda<\/a><\/u>, ex Procuratrice della Corte Penale Internazionale, e nel 2021 a <u><a href=\"https:\/\/en.wikipedia.org\/wiki\/Gabrielle_Kirk_McDonald\">Gabrielle Kirk McDonald<\/a><\/u>, giudice ai tribunali per l\u2019ex-Jugoslavia. Venerd\u00ec 18 aprile si celebrer\u00e0 la premiazione di quest\u2019anno, con l\u2019avvocata Viviana Krsticevic, direttrice esecutiva del <u><a href=\"https:\/\/cejil.org\/\">Centro per la Giustizia e il Diritto Internazionale<\/a><\/u> (CEJIL) come protagonista.<\/p>\n<p><b>Cosa significa per lei ricevere questo premio?<\/b><\/p>\n<p>\u00c8 un onore e una gioia, perch\u00e9 \u00e8 un riconoscimento non solo della mia carriera professionale, ma anche del lavoro che abbiamo realizzato insieme a molte persone per garantire che il diritto internazionale dei diritti umani sia uno spazio di protezione pi\u00f9 generoso ed efficace.<\/p>\n<p><b>Quali casi hanno avuto un impatto profondo sulla sua prospettiva dei diritti umani nelle Americhe? <\/b><\/p>\n<p>I casi che mi hanno influenzata di pi\u00f9 sono stati quelli con cui ho iniziato la mia carriera, legati a crimini contro l\u2019umanit\u00e0 e a sparizioni forzate. I casi legati alle amnistie in Per\u00f9 ad esempio sono stati una vera scuola per comprendere il potere trasformativo e di impulso che pu\u00f2 avere il diritto internazionale nella ricerca della verit\u00e0 e della giustizia a fronte di gravi violazioni dei diritti umani. L\u2019impatto di questi casi \u2014 insieme ad altri che si sono intrecciati con i processi sociali di rivendicazione in Argentina, Bolivia, Guatemala, Colombia, Cile, Brasile e molti altri Paesi \u2014 ha reso possibile che la ricerca della verit\u00e0 da parte delle famiglie delle vittime di sparizione forzata diventasse un vero e proprio diritto. Da quei casi ho imparato l\u2019amore, la perseveranza e la dignit\u00e0 che spingono le famiglie ad andare avanti, anche quando tutto sembra inutile.<\/p>\n<p><b>Come valuta l\u2019attuale situazione dei diritti umani nelle Americhe? <\/b><\/p>\n<p>Stiamo attraversando una fase critica. Mi preoccupa la persistente violenza fisica, giuridica e online contro attivisti e attiviste, e la crescente tendenza in diversi paesi a chiudere gli spazi di partecipazione civica e limitare la libert\u00e0 di associazione. Le donne e i giovani sono stati in prima linea in molte delle rivendicazioni e, in risposta, hanno sub\u00ecto forme specifiche di repressione. Alcuni esempi sono le mie colleghe <u><a href=\"file:\/\/\/C:\/Users\/User\/Downloads\/s-condannati-a-50-anni-gli-assassini-di-berta-caceres-ma-non-basta\">Berta Caceres<\/a><\/u> e <u><a href=\"https:\/\/www.amnesty.org\/en\/latest\/news\/2022\/01\/dignified-justice-women-human-rights-defenders-mexico\/\">Digna Ochoa<\/a><\/u> uccise per il loro lavoro, le minacce rivolte a persone come la giornalista <u><a href=\"https:\/\/en.wikipedia.org\/wiki\/Jineth_Bedoya_Lima\">Jineth Bedoya<\/a><\/u>, il bambino <u><a href=\"https:\/\/it.wikipedia.org\/wiki\/Francisco_Vera\">Francisco Vera<\/a><\/u>, l\u2019attivista <u><a href=\"https:\/\/en.wikipedia.org\/wiki\/Vilma_N%C3%BA%C3%B1ez\">Vilma Nu\u00f1ez<\/a><\/u> e il <u><a href=\"https:\/\/www.cenidh.org\/\">CENIDH<\/a><\/u>.<\/p>\n<p><b>Quali ritiene siano le sfide principali?<\/b><\/p>\n<p>Nel nostro continente la democrazia \u00e8 sotto scacco con battute d\u2019arresto significative che hanno portato ad autoritarismi o pratiche autoritarie persistenti in diversi Paesi. Tuttavia c&#8217;\u00e8 un impegno da parte di molti settori sociali, aziendali e istituzionali affinch\u00e9 le Americhe rimangano un bastione della democrazia. Anche l\u2019emergenza climatica mette in scacco i diritti individuali e collettivi di milioni di persone nel continente, ed \u00e8 un tema fondamentale.<\/p>\n<p><b>Questo \u00e8 un premio che incoraggia e riconosce la partecipazione delle donne nel diritto internazionale. Qual \u00e8 stata l\u2019evoluzione? <\/b><\/p>\n<p>\u00c8 progredita con pi\u00f9 leadership visibili negli organi decisionali e un\u2019agenda importante per quanto riguarda i diritti. Anche in passato le donne erano presenti in molti degli spazi del diritto internazionale e, in particolare, del sistema interamericano. Sono state protagoniste di rivendicazioni, promotrici di convenzioni e di sviluppi giuridici e istituzionali, ma anche vittime, avvocate, direttrici legali, ecc.<\/p>\n<p><b>Quali sono gli ostacoli alla partecipazione delle donne negli spazi internazionali?<\/b><\/p>\n<p>Le barriere strutturali persistono sia per quanto riguarda il pieno godimento dei diritti che l\u2019accesso alla rappresentanza. Con la <u><a href=\"https:\/\/gqualcampaign.org\/\">campagna Gqual<\/a><\/u> abbiamo promosso misure molto concrete per garantirlo in maniera inclusiva ed equa, per perfezionare i sistemi di selezione, voto, e le condizioni per l\u2019esercizio dei mandati. In generale, negli ultimi dieci anni sono stati compiuti progressi sostanziali; speriamo che un prossimo passo significativo sia una Segretaria Generale alle Nazioni Unite.<\/p>\n<p><b>Il diritto internazionale \u00e8 un campo in continua evoluzione. C&#8217;\u00e8 stato qualche recente cambiamento nella giurisprudenza internazionale che ritiene rilevante?<\/b><\/p>\n<p>Forse uno dei progressi pi\u00f9 notevoli legati alle donne e agli spazi decisionali \u00e8 l\u2019adozione della <u><a href=\"https:\/\/www.ohchr.org\/en\/documents\/general-comments-and-recommendations\/general-recommendation-no-40-equal-and-inclusive\">Raccomandazione Generale 40<\/a><\/u> (GR40) da parte del Comitato per l\u2019Eliminazione della Discriminazione contro le Donne (<u><a href=\"https:\/\/it.wikipedia.org\/wiki\/Convenzione_sull%27eliminazione_di_ogni_forma_di_discriminazione_della_donna\">CEDAW<\/a><\/u>). Questo documento segna un cambio di paradigma, stabilendo la parit\u00e0 di genere 50:50 come metro d\u2019uguaglianza negli spazi collettivi applicabile a tutti i livelli del processo decisionale, compresi gli spazi internazionali. Le sue conseguenze sono profonde e significative. Tra le sfide pi\u00f9 affascinanti credo che spicchi anche l\u2019evoluzione dei temi dei diritti umani e del diritto internazionale legati al cambiamento climatico. Le conseguenze legali e le possibili risposte all\u2019emergenza climatica ci chiedono di rivedere vari aspetti, come ad esempio l\u2019ambito della responsabilit\u00e0 internazionale e le norme di attribuzione della responsabilit\u00e0. \u00c8 un esercizio profondamente creativo e per forza di cose interdisciplinare, con dimensioni locali e globali.<\/p>\n<p><b>Siamo quindi in un momento particolare per i diritti umani.<\/b><\/p>\n<p>Oggi l\u2019entit\u00e0 delle sfide che ci troviamo a fronteggiare richiede di creare reti e alleanze che vadano oltre gli specifici settori. Ci vuole una prospettiva che comprenda in maniera pi\u00f9 profonda le sfide da affrontare e il loro impatto. La lotta per l\u2019uguaglianza, per un mondo in pace, giusto e sostenibile \u00e8 una lotta per il mondo in cui vogliamo vivere.<\/p>\n<p style=\"text-align: right;\"><i>Novella Benedetti<\/i><\/p>\n","protected":false},"excerpt":{"rendered":"<p>Diritto internazionale e diritti umani nelle Americhe: la situazione secondo l\u2019avvocata Viviana Krsticevic, a cui il 18 aprile la Societ\u00e0 Americana di Diritto Internazionale conferir\u00e0 il premio \u201cProminent Woman in International Law\u201d. Il \u201cProminent Woman in International Law\u201d (Premio Donna&hellip;<\/p>\n","protected":false},"author":594,"featured_media":2598268,"comment_status":"closed","ping_status":"closed","sticky":false,"template":"","format":"standard","meta":{"footnotes":""},"categories":[60,157,57],"tags":[135673,897,135671,135672],"class_list":["post-2598267","post","type-post","status-publish","format-standard","has-post-thumbnail","hentry","category-diritti-umani","category-interviste","category-affari-esteri","tag-americhe","tag-diritti-umani","tag-societa-americana-di-diritto-internazionale","tag-viviana-krsticevic"],"yoast_head":"<!-- This site is optimized with the Yoast SEO plugin v27.1.1 - https:\/\/yoast.com\/product\/yoast-seo-wordpress\/ -->\n<title>Per un diritto internazionale come spazio di protezione pi\u00f9 generoso ed efficace<\/title>\n<meta name=\"description\" content=\"Diritto internazionale e diritti umani nelle Americhe: la situazione secondo l\u2019avvocata Viviana Krsticevic, a cui il 18 aprile la Societ\u00e0 Americana di\" \/>\n<meta name=\"robots\" content=\"index, follow, max-snippet:-1, max-image-preview:large, max-video-preview:-1\" \/>\n<link rel=\"canonical\" href=\"https:\/\/www.pressenza.com\/it\/2025\/04\/per-un-diritto-internazionale-come-spazio-di-protezione-piu-generoso-ed-efficace\/\" \/>\n<meta property=\"og:locale\" content=\"it_IT\" \/>\n<meta property=\"og:type\" content=\"article\" \/>\n<meta property=\"og:title\" content=\"Per un diritto internazionale come spazio di protezione pi\u00f9 generoso ed efficace\" \/>\n<meta property=\"og:description\" content=\"Diritto internazionale e diritti umani nelle Americhe: la situazione secondo l\u2019avvocata Viviana Krsticevic, a cui il 18 aprile la Societ\u00e0 Americana di\" \/>\n<meta property=\"og:url\" content=\"https:\/\/www.pressenza.com\/it\/2025\/04\/per-un-diritto-internazionale-come-spazio-di-protezione-piu-generoso-ed-efficace\/\" \/>\n<meta property=\"og:site_name\" content=\"Pressenza\" \/>\n<meta property=\"article:publisher\" content=\"https:\/\/www.facebook.com\/PressenzaItalia\" \/>\n<meta property=\"article:author\" content=\"https:\/\/www.facebook.com\/PressenzaItalia\" \/>\n<meta property=\"article:published_time\" content=\"2025-04-16T22:04:07+00:00\" \/>\n<meta property=\"og:image\" content=\"https:\/\/www.pressenza.com\/wp-content\/uploads\/2025\/04\/Viviana-krstevic-ASIL.jpg\" \/>\n\t<meta property=\"og:image:width\" content=\"850\" \/>\n\t<meta property=\"og:image:height\" content=\"628\" \/>\n\t<meta property=\"og:image:type\" content=\"image\/jpeg\" \/>\n<meta name=\"author\" content=\"Redazione Italia\" \/>\n<meta name=\"twitter:card\" content=\"summary_large_image\" \/>\n<meta name=\"twitter:creator\" content=\"@pressenza_it\" \/>\n<meta name=\"twitter:site\" content=\"@PressenzaIPA\" \/>\n<meta name=\"twitter:label1\" content=\"Scritto da\" \/>\n\t<meta name=\"twitter:data1\" content=\"Redazione Italia\" \/>\n\t<meta name=\"twitter:label2\" content=\"Tempo di lettura stimato\" \/>\n\t<meta name=\"twitter:data2\" content=\"5 minuti\" \/>\n<script type=\"application\/ld+json\" class=\"yoast-schema-graph\">{\"@context\":\"https:\/\/schema.org\",\"@graph\":[{\"@type\":\"Article\",\"@id\":\"https:\/\/www.pressenza.com\/it\/2025\/04\/per-un-diritto-internazionale-come-spazio-di-protezione-piu-generoso-ed-efficace\/#article\",\"isPartOf\":{\"@id\":\"https:\/\/www.pressenza.com\/it\/2025\/04\/per-un-diritto-internazionale-come-spazio-di-protezione-piu-generoso-ed-efficace\/\"},\"author\":{\"name\":\"Redazione Italia\",\"@id\":\"https:\/\/www.pressenza.com\/it\/#\/schema\/person\/d983e81827ae24f2c7b1a2123d197f8d\"},\"headline\":\"Per un diritto internazionale come spazio di protezione pi\u00f9 generoso ed efficace\",\"datePublished\":\"2025-04-16T22:04:07+00:00\",\"mainEntityOfPage\":{\"@id\":\"https:\/\/www.pressenza.com\/it\/2025\/04\/per-un-diritto-internazionale-come-spazio-di-protezione-piu-generoso-ed-efficace\/\"},\"wordCount\":934,\"publisher\":{\"@id\":\"https:\/\/www.pressenza.com\/it\/#organization\"},\"image\":{\"@id\":\"https:\/\/www.pressenza.com\/it\/2025\/04\/per-un-diritto-internazionale-come-spazio-di-protezione-piu-generoso-ed-efficace\/#primaryimage\"},\"thumbnailUrl\":\"https:\/\/www.pressenza.com\/wp-content\/uploads\/2025\/04\/Viviana-krstevic-ASIL.jpg\",\"keywords\":[\"Americhe\",\"diritti umani\",\"Societ\u00e0 Americana di Diritto Internazionale\",\"Viviana Krsticevic\"],\"articleSection\":[\"Diritti Umani\",\"Interviste\",\"Questioni internazionali\"],\"inLanguage\":\"it-IT\"},{\"@type\":\"WebPage\",\"@id\":\"https:\/\/www.pressenza.com\/it\/2025\/04\/per-un-diritto-internazionale-come-spazio-di-protezione-piu-generoso-ed-efficace\/\",\"url\":\"https:\/\/www.pressenza.com\/it\/2025\/04\/per-un-diritto-internazionale-come-spazio-di-protezione-piu-generoso-ed-efficace\/\",\"name\":\"Per un diritto internazionale come spazio di protezione pi\u00f9 generoso ed efficace\",\"isPartOf\":{\"@id\":\"https:\/\/www.pressenza.com\/it\/#website\"},\"primaryImageOfPage\":{\"@id\":\"https:\/\/www.pressenza.com\/it\/2025\/04\/per-un-diritto-internazionale-come-spazio-di-protezione-piu-generoso-ed-efficace\/#primaryimage\"},\"image\":{\"@id\":\"https:\/\/www.pressenza.com\/it\/2025\/04\/per-un-diritto-internazionale-come-spazio-di-protezione-piu-generoso-ed-efficace\/#primaryimage\"},\"thumbnailUrl\":\"https:\/\/www.pressenza.com\/wp-content\/uploads\/2025\/04\/Viviana-krstevic-ASIL.jpg\",\"datePublished\":\"2025-04-16T22:04:07+00:00\",\"description\":\"Diritto internazionale e diritti umani nelle Americhe: la situazione secondo l\u2019avvocata Viviana Krsticevic, a cui il 18 aprile la Societ\u00e0 Americana di\",\"breadcrumb\":{\"@id\":\"https:\/\/www.pressenza.com\/it\/2025\/04\/per-un-diritto-internazionale-come-spazio-di-protezione-piu-generoso-ed-efficace\/#breadcrumb\"},\"inLanguage\":\"it-IT\",\"potentialAction\":[{\"@type\":\"ReadAction\",\"target\":[\"https:\/\/www.pressenza.com\/it\/2025\/04\/per-un-diritto-internazionale-come-spazio-di-protezione-piu-generoso-ed-efficace\/\"]}]},{\"@type\":\"ImageObject\",\"inLanguage\":\"it-IT\",\"@id\":\"https:\/\/www.pressenza.com\/it\/2025\/04\/per-un-diritto-internazionale-come-spazio-di-protezione-piu-generoso-ed-efficace\/#primaryimage\",\"url\":\"https:\/\/www.pressenza.com\/wp-content\/uploads\/2025\/04\/Viviana-krstevic-ASIL.jpg\",\"contentUrl\":\"https:\/\/www.pressenza.com\/wp-content\/uploads\/2025\/04\/Viviana-krstevic-ASIL.jpg\",\"width\":850,\"height\":628},{\"@type\":\"BreadcrumbList\",\"@id\":\"https:\/\/www.pressenza.com\/it\/2025\/04\/per-un-diritto-internazionale-come-spazio-di-protezione-piu-generoso-ed-efficace\/#breadcrumb\",\"itemListElement\":[{\"@type\":\"ListItem\",\"position\":1,\"name\":\"Accueil\",\"item\":\"https:\/\/www.pressenza.com\/it\/\"},{\"@type\":\"ListItem\",\"position\":2,\"name\":\"Per un diritto internazionale come spazio di protezione pi\u00f9 generoso ed efficace\"}]},{\"@type\":\"WebSite\",\"@id\":\"https:\/\/www.pressenza.com\/it\/#website\",\"url\":\"https:\/\/www.pressenza.com\/it\/\",\"name\":\"Pressenza\",\"description\":\"Agenzia di Stampa Internazionale\",\"publisher\":{\"@id\":\"https:\/\/www.pressenza.com\/it\/#organization\"},\"potentialAction\":[{\"@type\":\"SearchAction\",\"target\":{\"@type\":\"EntryPoint\",\"urlTemplate\":\"https:\/\/www.pressenza.com\/it\/?s={search_term_string}\"},\"query-input\":{\"@type\":\"PropertyValueSpecification\",\"valueRequired\":true,\"valueName\":\"search_term_string\"}}],\"inLanguage\":\"it-IT\"},{\"@type\":\"Organization\",\"@id\":\"https:\/\/www.pressenza.com\/it\/#organization\",\"name\":\"Pressenza\",\"url\":\"https:\/\/www.pressenza.com\/it\/\",\"logo\":{\"@type\":\"ImageObject\",\"inLanguage\":\"it-IT\",\"@id\":\"https:\/\/www.pressenza.com\/it\/#\/schema\/logo\/image\/\",\"url\":\"https:\/\/www.pressenza.com\/wp-content\/uploads\/2022\/10\/pressenza_logo_200x200.jpg\",\"contentUrl\":\"https:\/\/www.pressenza.com\/wp-content\/uploads\/2022\/10\/pressenza_logo_200x200.jpg\",\"width\":200,\"height\":200,\"caption\":\"Pressenza\"},\"image\":{\"@id\":\"https:\/\/www.pressenza.com\/it\/#\/schema\/logo\/image\/\"},\"sameAs\":[\"https:\/\/www.facebook.com\/PressenzaItalia\",\"https:\/\/x.com\/PressenzaIPA\"]},{\"@type\":\"Person\",\"@id\":\"https:\/\/www.pressenza.com\/it\/#\/schema\/person\/d983e81827ae24f2c7b1a2123d197f8d\",\"name\":\"Redazione Italia\",\"description\":\"News from the Pressenza Bureau in Italy\",\"sameAs\":[\"https:\/\/www.pressenza.com\/it\/author\/redazione-italia\/\",\"https:\/\/www.facebook.com\/PressenzaItalia\",\"https:\/\/www.instagram.com\/pressenza_italia\/\",\"https:\/\/x.com\/pressenza_it\",\"https:\/\/www.youtube.com\/channel\/UCSalEIWjE1RSxkwjfftFuqg\"],\"url\":\"https:\/\/www.pressenza.com\/it\/author\/redazione-italia\/\"}]}<\/script>\n<!-- \/ Yoast SEO plugin. -->","yoast_head_json":{"title":"Per un diritto internazionale come spazio di protezione pi\u00f9 generoso ed efficace","description":"Diritto internazionale e diritti umani nelle Americhe: la situazione secondo l\u2019avvocata Viviana Krsticevic, a cui il 18 aprile la Societ\u00e0 Americana di","robots":{"index":"index","follow":"follow","max-snippet":"max-snippet:-1","max-image-preview":"max-image-preview:large","max-video-preview":"max-video-preview:-1"},"canonical":"https:\/\/www.pressenza.com\/it\/2025\/04\/per-un-diritto-internazionale-come-spazio-di-protezione-piu-generoso-ed-efficace\/","og_locale":"it_IT","og_type":"article","og_title":"Per un diritto internazionale come spazio di protezione pi\u00f9 generoso ed efficace","og_description":"Diritto internazionale e diritti umani nelle Americhe: la situazione secondo l\u2019avvocata Viviana Krsticevic, a cui il 18 aprile la Societ\u00e0 Americana di","og_url":"https:\/\/www.pressenza.com\/it\/2025\/04\/per-un-diritto-internazionale-come-spazio-di-protezione-piu-generoso-ed-efficace\/","og_site_name":"Pressenza","article_publisher":"https:\/\/www.facebook.com\/PressenzaItalia","article_author":"https:\/\/www.facebook.com\/PressenzaItalia","article_published_time":"2025-04-16T22:04:07+00:00","og_image":[{"width":850,"height":628,"url":"https:\/\/www.pressenza.com\/wp-content\/uploads\/2025\/04\/Viviana-krstevic-ASIL.jpg","type":"image\/jpeg"}],"author":"Redazione Italia","twitter_card":"summary_large_image","twitter_creator":"@pressenza_it","twitter_site":"@PressenzaIPA","twitter_misc":{"Scritto da":"Redazione Italia","Tempo di lettura stimato":"5 minuti"},"schema":{"@context":"https:\/\/schema.org","@graph":[{"@type":"Article","@id":"https:\/\/www.pressenza.com\/it\/2025\/04\/per-un-diritto-internazionale-come-spazio-di-protezione-piu-generoso-ed-efficace\/#article","isPartOf":{"@id":"https:\/\/www.pressenza.com\/it\/2025\/04\/per-un-diritto-internazionale-come-spazio-di-protezione-piu-generoso-ed-efficace\/"},"author":{"name":"Redazione Italia","@id":"https:\/\/www.pressenza.com\/it\/#\/schema\/person\/d983e81827ae24f2c7b1a2123d197f8d"},"headline":"Per un diritto internazionale come spazio di protezione pi\u00f9 generoso ed efficace","datePublished":"2025-04-16T22:04:07+00:00","mainEntityOfPage":{"@id":"https:\/\/www.pressenza.com\/it\/2025\/04\/per-un-diritto-internazionale-come-spazio-di-protezione-piu-generoso-ed-efficace\/"},"wordCount":934,"publisher":{"@id":"https:\/\/www.pressenza.com\/it\/#organization"},"image":{"@id":"https:\/\/www.pressenza.com\/it\/2025\/04\/per-un-diritto-internazionale-come-spazio-di-protezione-piu-generoso-ed-efficace\/#primaryimage"},"thumbnailUrl":"https:\/\/www.pressenza.com\/wp-content\/uploads\/2025\/04\/Viviana-krstevic-ASIL.jpg","keywords":["Americhe","diritti umani","Societ\u00e0 Americana di Diritto Internazionale","Viviana Krsticevic"],"articleSection":["Diritti Umani","Interviste","Questioni internazionali"],"inLanguage":"it-IT"},{"@type":"WebPage","@id":"https:\/\/www.pressenza.com\/it\/2025\/04\/per-un-diritto-internazionale-come-spazio-di-protezione-piu-generoso-ed-efficace\/","url":"https:\/\/www.pressenza.com\/it\/2025\/04\/per-un-diritto-internazionale-come-spazio-di-protezione-piu-generoso-ed-efficace\/","name":"Per un diritto internazionale come spazio di protezione pi\u00f9 generoso ed efficace","isPartOf":{"@id":"https:\/\/www.pressenza.com\/it\/#website"},"primaryImageOfPage":{"@id":"https:\/\/www.pressenza.com\/it\/2025\/04\/per-un-diritto-internazionale-come-spazio-di-protezione-piu-generoso-ed-efficace\/#primaryimage"},"image":{"@id":"https:\/\/www.pressenza.com\/it\/2025\/04\/per-un-diritto-internazionale-come-spazio-di-protezione-piu-generoso-ed-efficace\/#primaryimage"},"thumbnailUrl":"https:\/\/www.pressenza.com\/wp-content\/uploads\/2025\/04\/Viviana-krstevic-ASIL.jpg","datePublished":"2025-04-16T22:04:07+00:00","description":"Diritto internazionale e diritti umani nelle Americhe: la situazione secondo l\u2019avvocata Viviana Krsticevic, a cui il 18 aprile la Societ\u00e0 Americana di","breadcrumb":{"@id":"https:\/\/www.pressenza.com\/it\/2025\/04\/per-un-diritto-internazionale-come-spazio-di-protezione-piu-generoso-ed-efficace\/#breadcrumb"},"inLanguage":"it-IT","potentialAction":[{"@type":"ReadAction","target":["https:\/\/www.pressenza.com\/it\/2025\/04\/per-un-diritto-internazionale-come-spazio-di-protezione-piu-generoso-ed-efficace\/"]}]},{"@type":"ImageObject","inLanguage":"it-IT","@id":"https:\/\/www.pressenza.com\/it\/2025\/04\/per-un-diritto-internazionale-come-spazio-di-protezione-piu-generoso-ed-efficace\/#primaryimage","url":"https:\/\/www.pressenza.com\/wp-content\/uploads\/2025\/04\/Viviana-krstevic-ASIL.jpg","contentUrl":"https:\/\/www.pressenza.com\/wp-content\/uploads\/2025\/04\/Viviana-krstevic-ASIL.jpg","width":850,"height":628},{"@type":"BreadcrumbList","@id":"https:\/\/www.pressenza.com\/it\/2025\/04\/per-un-diritto-internazionale-come-spazio-di-protezione-piu-generoso-ed-efficace\/#breadcrumb","itemListElement":[{"@type":"ListItem","position":1,"name":"Accueil","item":"https:\/\/www.pressenza.com\/it\/"},{"@type":"ListItem","position":2,"name":"Per un diritto internazionale come spazio di protezione pi\u00f9 generoso ed efficace"}]},{"@type":"WebSite","@id":"https:\/\/www.pressenza.com\/it\/#website","url":"https:\/\/www.pressenza.com\/it\/","name":"Pressenza","description":"Agenzia di Stampa Internazionale","publisher":{"@id":"https:\/\/www.pressenza.com\/it\/#organization"},"potentialAction":[{"@type":"SearchAction","target":{"@type":"EntryPoint","urlTemplate":"https:\/\/www.pressenza.com\/it\/?s={search_term_string}"},"query-input":{"@type":"PropertyValueSpecification","valueRequired":true,"valueName":"search_term_string"}}],"inLanguage":"it-IT"},{"@type":"Organization","@id":"https:\/\/www.pressenza.com\/it\/#organization","name":"Pressenza","url":"https:\/\/www.pressenza.com\/it\/","logo":{"@type":"ImageObject","inLanguage":"it-IT","@id":"https:\/\/www.pressenza.com\/it\/#\/schema\/logo\/image\/","url":"https:\/\/www.pressenza.com\/wp-content\/uploads\/2022\/10\/pressenza_logo_200x200.jpg","contentUrl":"https:\/\/www.pressenza.com\/wp-content\/uploads\/2022\/10\/pressenza_logo_200x200.jpg","width":200,"height":200,"caption":"Pressenza"},"image":{"@id":"https:\/\/www.pressenza.com\/it\/#\/schema\/logo\/image\/"},"sameAs":["https:\/\/www.facebook.com\/PressenzaItalia","https:\/\/x.com\/PressenzaIPA"]},{"@type":"Person","@id":"https:\/\/www.pressenza.com\/it\/#\/schema\/person\/d983e81827ae24f2c7b1a2123d197f8d","name":"Redazione Italia","description":"News from the Pressenza Bureau in Italy","sameAs":["https:\/\/www.pressenza.com\/it\/author\/redazione-italia\/","https:\/\/www.facebook.com\/PressenzaItalia","https:\/\/www.instagram.com\/pressenza_italia\/","https:\/\/x.com\/pressenza_it","https:\/\/www.youtube.com\/channel\/UCSalEIWjE1RSxkwjfftFuqg"],"url":"https:\/\/www.pressenza.com\/it\/author\/redazione-italia\/"}]}},"place":"Novella Benedetti","original_article_url":"https:\/\/www.unimondo.org\/Notizie\/Per-un-diritto-internazionale-come-spazio-di-protezione-piu-generoso-ed-efficace-263115","_links":{"self":[{"href":"https:\/\/www.pressenza.com\/it\/wp-json\/wp\/v2\/posts\/2598267","targetHints":{"allow":["GET"]}}],"collection":[{"href":"https:\/\/www.pressenza.com\/it\/wp-json\/wp\/v2\/posts"}],"about":[{"href":"https:\/\/www.pressenza.com\/it\/wp-json\/wp\/v2\/types\/post"}],"author":[{"embeddable":true,"href":"https:\/\/www.pressenza.com\/it\/wp-json\/wp\/v2\/users\/594"}],"replies":[{"embeddable":true,"href":"https:\/\/www.pressenza.com\/it\/wp-json\/wp\/v2\/comments?post=2598267"}],"version-history":[{"count":0,"href":"https:\/\/www.pressenza.com\/it\/wp-json\/wp\/v2\/posts\/2598267\/revisions"}],"wp:featuredmedia":[{"embeddable":true,"href":"https:\/\/www.pressenza.com\/it\/wp-json\/wp\/v2\/media\/2598268"}],"wp:attachment":[{"href":"https:\/\/www.pressenza.com\/it\/wp-json\/wp\/v2\/media?parent=2598267"}],"wp:term":[{"taxonomy":"category","embeddable":true,"href":"https:\/\/www.pressenza.com\/it\/wp-json\/wp\/v2\/categories?post=2598267"},{"taxonomy":"post_tag","embeddable":true,"href":"https:\/\/www.pressenza.com\/it\/wp-json\/wp\/v2\/tags?post=2598267"}],"curies":[{"name":"wp","href":"https:\/\/api.w.org\/{rel}","templated":true}]}}