{"id":2597864,"date":"2025-04-15T10:57:58","date_gmt":"2025-04-15T09:57:58","guid":{"rendered":"https:\/\/www.pressenza.com\/?p=2597864"},"modified":"2025-04-15T10:57:58","modified_gmt":"2025-04-15T09:57:58","slug":"bosnia-come-capire-la-strategia-del-separatismo-di-dodik","status":"publish","type":"post","link":"https:\/\/www.pressenza.com\/it\/2025\/04\/bosnia-come-capire-la-strategia-del-separatismo-di-dodik\/","title":{"rendered":"Bosnia. Come capire la strategia del separatismo di Dodik"},"content":{"rendered":"<p>E\u2019 passato un mese e mezzo dalla sentenza di primo grado per Milorad Dodik, che ha da allora scatenato una crisi politica e costituzionale. <\/p>\n<p><strong>Cosa ci dice questa crisi della salute della Bosnia Erzegovina?<\/strong> <\/p>\n<p>Ne hanno discusso Sead Tur\u010dalo, rettore della facolt\u00e0 di scienze politiche dell\u2019Universit\u00e0 di Sarajevo, Tanja Topi\u0107, analista dell\u2019ufficio FES Banja Luka, e Jasmin Hasanovi\u0107, professore associato dell\u2019universit\u00e0 di Sarajevo, in un seminario online organizzato in collaborazione con l\u2019Universit\u00e9 Libre de Bruxelles.<\/p>\n<p><strong>Dodik punta a soffocare e svuotare la sovranit\u00e0 della Bosnia Erzegovina <\/strong><\/p>\n<p>\u201cLa sentenza di primo grado per Dodik \u00e8 stato l\u2019innesco ma non la causa\u201d della crisi, secondo Sead Tur\u010dalo. \u201cSi tratta di una escalation deliberata, e presentata come una reazione. Da vent\u2019anni, Dodik usa ogni crisi per diminuire la sovranit\u00e0 dello stato bosniaco, mettere alla prova la comunit\u00e0 internazionale, ed estrarre concessioni politiche altrimenti irraggiungibili.\u201d<\/p>\n<p>Dopo la sentenza, Dodik ha lanciato una campagna di provocazioni istituzionali, adottando leggi incostituzionali e mettendo al bando l\u2019operato delle autorit\u00e0 statali di giustizia e polizia nella sua entit\u00e0. \u201cCi\u00f2 che conta non \u00e8 l\u2019assurdita legale di questi atti, ma la loro razionalit\u00e0 politica.\u201d<br \/>\nDodik punta non a una rottura ma a \u201cun lento e silenzioso soffocamento della sovranit\u00e0 della Bosnia Erzegovina\u201d \u2013 un \u201csecessionismo ibrido\u201d, non dichiarato, secondo Tur\u010dalo, con la progressiva costruzione di uno stato-nello-stato tramite ostruzione e sabotaggio.<\/p>\n<p>\u201cCome gi\u00e0 nel 2007, nel 2011, nel 2021: le azioni dello Stato o dell\u2019OHR sono prese a pretesto dalla Republika Srpska per rispondere alzando la posta e richiedere, sotto ricatto, la rinegoziazione e lo smantellamento delle istituzioni statali.<br \/>\nMa l\u2019offerta di negoziati \u00e8 parte stessa dell\u2019escalation, volta a creare l\u2019illusione del dialogo, legittimando il presupposto che le competenze dello Stato siano negoziabili, normalizzando il relativismo costituzionale e svuotando la sovranit\u00e0 dello Stato.\u201d<\/p>\n<p>Il rischio, secondo Tur\u010dalo, \u00e8 che la comunit\u00e0 internazionale cada nella trappola.<br \/>\n\u201cLa mera gestione della crisi non garantisce la preservazione dello Stato.<br \/>\nSiamo in una crisi della deterrenza. Ci devono essere consequenze per chi sabota le istituzioni.<br \/>\nPer mantenere la propria sovranit\u00e0, lo Stato deve smettere di negoziare il proprio stesso smantellamento.\u201d<\/p>\n<p>La soluzione \u00e8 contro-intuitiva, afferma Tur\u010dalo.<br \/>\n \u201cOggi le riforme richieste dall\u2019integrazione europea rischiano di indebolire le istituzioni statali, che non riescono a metterle in atto, dimostrandosi deboli e vulnerabili agli attacchi di Dodik.<br \/>\nDobbiamo invece mettere in pausa l\u2019integrazione europea, focalizzarci sul rafforzare le istituzioni, e riprendere e accelerare pi\u00f9 avanti\u201d il percorso verso l\u2019Europa.<\/p>\n<p><strong>La sfida di Dodik ai poteri dello stato<\/strong><\/p>\n<p>Dodik conduce da decenni una politica del ricatto, secondo Tanja Topi\u0107.<br \/>\n\u201cE\u2019 una secessione giuridica. Dodik ha usurpato i poteri dello Stato, ad esempio con la decisione di espellere una ministra tedesca in visita a Banja Luka.<br \/>\nE\u2019 un autocrate che afferma che l\u2019UE sta cadendo a pezzi.<br \/>\nStiamo pagando caro l\u2019approccio dell\u2019UE alla stabilocrazia.<br \/>\nDa vent\u2019anni Dodik si basa sul separatismo, sulla narrativa Sarajevo, per i serbi, \u00e8 terra straniera.\u201d<\/p>\n<p>Tre sono gli scenari possibili, secondo Topi\u0107.<br \/>\nNel primo, Dodik viene arrestato, dimostrando la forze delle istituzioni statali e dello stato di diritto.<br \/>\n\u201cMa non sono cos\u00ec ottimista, le nostre istituzioni restano sotto il controllo dei partiti politici etnonazionalisti.\u201d<br \/>\nNel secondo scenario, Dodik lascia il paese e si rifugia all\u2019estero.<br \/>\nNel terzo scenario, i mandati d\u2019arresto non vengono attuati, e si apre un dialogo politico che arriva ad alcune concessioni verso Dodik, col sostegno di Serbia, Ungheria, Russia e amministrazione Trump.<br \/>\n\u201cSe cos\u00ec fosse, la Bosnia Erzegovina ne uscir\u00e0 sconfitta, e Dodik proseguir\u00e0 verso la secessione\u201d, conclude Topi\u0107.<\/p>\n<p><strong>Una strategia di nazionalismo postmoderno<\/strong><\/p>\n<p>Il caso di Dodik non \u00e8 isolato, secondo Jasmin Hasanovi\u0107. Si tratta dei risultati della disfunzione del sistema politico bosniaco.<br \/>\n\u201cAlcune fazioni bosgnacche stanno euforicamente chiedendo che si torni alla Costituzione pre-bellica del 1992, e proponendo che lo stato risponda come l\u2019Azerbaigian verso il Nagorno Kabarakh, attaccando la Republika Srpska per farla tornare sotto la sovranit\u00e0 dello Stato.\u201d<br \/>\nMa ci\u00f2 sarebbe altamente controproducente, secondo Hasanovi\u0107: \u201csi convaliderebbe la narrazione di Dodik secondo cui \u00e8 Sarajevo a causare l\u2019escalation, mentre Dodik propone una \u2018separazione pacifica\u2019 che sa di non poter raggiungere senza un conflitto.\u201d<\/p>\n<p>Per Hasanovi\u0107, Dodik sta riuscendo nel suo intento.<br \/>\nLaddove le forze di polizia affermano che sia \u2018troppo rischioso\u2019 arrestare Dodik, \u00e8 chiaro che il monopolio della forza \u00e8 rotto.<br \/>\n\u201cI seri problemi di sovranit\u00e0 interna della Bosnia Erzegovina si allineano con la strategia di Dodik di ottenere una indipendenza di fatto della Republika Srpska all\u2019interno dello Stato.\u201d<\/p>\n<p>Non un separatismo classico n\u00e9 una riunificazione tout court con la Serbia (entrambe impraticabili), quanto \u201cla creazione graduale e capillare di legami speciali che espandono le strutture di uno Stato sul territorio di un altro Stato,\u201d tramite iniziative quali l\u2019Assemblea Pan-Serba, la Giornata dell\u2019Unit\u00e0 dei Serbi, la Dichiarazione sulla protezione dei diritti del popolo serbo, tutte volte a impedire l\u2019integrazione dei serbo-bosniaci nello Stato.<\/p>\n<p>\u201cSi tratta di un nazionalismo alternativo e postmoderno, non incentrato solo sul territorio, ma volto a unire le persone oltre i confini, indebolendo lo Stato.<br \/>\nCi\u00f2 avviene tramite strutture di governance informali, parallele alle istituzioni ufficiali, e che le soppiantano nei territori sotto il proprio controllo,\u201d conclude Hasanovi\u0107.<\/p>\n<p>Nel frattempo, il silenzio dell\u2019Unione europea \u00e8 assordante, secondo Hasanovi\u0107.<br \/>\n\u201cOrban sostiene Dodik e la Croazia non vuole imporre sanzioni.<br \/>\nVon der Leyen tratta Vu\u010di\u0107 come un partner e mediatore con Putin.<br \/>\nL\u2019UE non ha dato il suo sostegno nemmeno alle proteste degli studenti serbi.<br \/>\nLe istituzioni UE sostengono i leader forti a scapito della democrazia, erodendo la fiducia dei cittadini [dei Balcani] nell\u2019UE.\u201d<\/p>\n","protected":false},"excerpt":{"rendered":"<p>E\u2019 passato un mese e mezzo dalla sentenza di primo grado per Milorad Dodik, che ha da allora scatenato una crisi politica e costituzionale. Cosa ci dice questa crisi della salute della Bosnia Erzegovina? Ne hanno discusso Sead Tur\u010dalo, rettore&hellip;<\/p>\n","protected":false},"author":1438,"featured_media":1162828,"comment_status":"closed","ping_status":"closed","sticky":false,"template":"","format":"standard","meta":{"footnotes":""},"categories":[47,55,57],"tags":[4910,103217,4469],"class_list":["post-2597864","post","type-post","status-publish","format-standard","has-post-thumbnail","hentry","category-europa","category-politica","category-affari-esteri","tag-bosnia","tag-dodik","tag-serbia"],"yoast_head":"<!-- This site is optimized with the Yoast SEO plugin v27.1.1 - https:\/\/yoast.com\/product\/yoast-seo-wordpress\/ -->\n<title>Bosnia. Come capire la strategia del separatismo di Dodik<\/title>\n<meta name=\"description\" content=\"E\u2019 passato un mese e mezzo dalla sentenza di primo grado per Milorad Dodik, che ha da allora scatenato una crisi politica e costituzionale. Cosa ci dice\" \/>\n<meta name=\"robots\" content=\"index, follow, max-snippet:-1, max-image-preview:large, max-video-preview:-1\" \/>\n<link rel=\"canonical\" href=\"https:\/\/www.pressenza.com\/it\/2025\/04\/bosnia-come-capire-la-strategia-del-separatismo-di-dodik\/\" \/>\n<meta property=\"og:locale\" content=\"it_IT\" \/>\n<meta property=\"og:type\" content=\"article\" \/>\n<meta property=\"og:title\" content=\"Bosnia. Come capire la strategia del separatismo di Dodik\" \/>\n<meta property=\"og:description\" content=\"E\u2019 passato un mese e mezzo dalla sentenza di primo grado per Milorad Dodik, che ha da allora scatenato una crisi politica e costituzionale. Cosa ci dice\" \/>\n<meta property=\"og:url\" content=\"https:\/\/www.pressenza.com\/it\/2025\/04\/bosnia-come-capire-la-strategia-del-separatismo-di-dodik\/\" \/>\n<meta property=\"og:site_name\" content=\"Pressenza\" \/>\n<meta property=\"article:publisher\" content=\"https:\/\/www.facebook.com\/PressenzaItalia\" \/>\n<meta property=\"article:author\" content=\"https:\/\/www.facebook.com\/EaST-Journal-114874678534254\/\" \/>\n<meta property=\"article:published_time\" content=\"2025-04-15T09:57:58+00:00\" \/>\n<meta property=\"og:image\" content=\"https:\/\/www.pressenza.com\/wp-content\/uploads\/2020\/07\/bosnia_mappa.jpg\" \/>\n\t<meta property=\"og:image:width\" content=\"750\" \/>\n\t<meta property=\"og:image:height\" content=\"721\" \/>\n\t<meta property=\"og:image:type\" content=\"image\/jpeg\" \/>\n<meta name=\"author\" content=\"East Journal\" \/>\n<meta name=\"twitter:card\" content=\"summary_large_image\" \/>\n<meta name=\"twitter:creator\" content=\"@PressenzaIPA\" \/>\n<meta name=\"twitter:site\" content=\"@PressenzaIPA\" \/>\n<meta name=\"twitter:label1\" content=\"Scritto da\" \/>\n\t<meta name=\"twitter:data1\" content=\"East Journal\" \/>\n<script type=\"application\/ld+json\" class=\"yoast-schema-graph\">{\"@context\":\"https:\/\/schema.org\",\"@graph\":[{\"@type\":\"Article\",\"@id\":\"https:\/\/www.pressenza.com\/it\/2025\/04\/bosnia-come-capire-la-strategia-del-separatismo-di-dodik\/#article\",\"isPartOf\":{\"@id\":\"https:\/\/www.pressenza.com\/it\/2025\/04\/bosnia-come-capire-la-strategia-del-separatismo-di-dodik\/\"},\"author\":{\"name\":\"East Journal\",\"@id\":\"https:\/\/www.pressenza.com\/it\/#\/schema\/person\/ac0b6e21874c411b7ae3f1183e5b7a5a\"},\"headline\":\"Bosnia. Come capire la strategia del separatismo di Dodik\",\"datePublished\":\"2025-04-15T09:57:58+00:00\",\"mainEntityOfPage\":{\"@id\":\"https:\/\/www.pressenza.com\/it\/2025\/04\/bosnia-come-capire-la-strategia-del-separatismo-di-dodik\/\"},\"wordCount\":939,\"publisher\":{\"@id\":\"https:\/\/www.pressenza.com\/it\/#organization\"},\"image\":{\"@id\":\"https:\/\/www.pressenza.com\/it\/2025\/04\/bosnia-come-capire-la-strategia-del-separatismo-di-dodik\/#primaryimage\"},\"thumbnailUrl\":\"https:\/\/www.pressenza.com\/wp-content\/uploads\/2020\/07\/bosnia_mappa.jpg\",\"keywords\":[\"Bosnia\",\"dodik\",\"Serbia\"],\"articleSection\":[\"Europa\",\"Politica\",\"Questioni internazionali\"],\"inLanguage\":\"it-IT\"},{\"@type\":\"WebPage\",\"@id\":\"https:\/\/www.pressenza.com\/it\/2025\/04\/bosnia-come-capire-la-strategia-del-separatismo-di-dodik\/\",\"url\":\"https:\/\/www.pressenza.com\/it\/2025\/04\/bosnia-come-capire-la-strategia-del-separatismo-di-dodik\/\",\"name\":\"Bosnia. Come capire la strategia del separatismo di Dodik\",\"isPartOf\":{\"@id\":\"https:\/\/www.pressenza.com\/it\/#website\"},\"primaryImageOfPage\":{\"@id\":\"https:\/\/www.pressenza.com\/it\/2025\/04\/bosnia-come-capire-la-strategia-del-separatismo-di-dodik\/#primaryimage\"},\"image\":{\"@id\":\"https:\/\/www.pressenza.com\/it\/2025\/04\/bosnia-come-capire-la-strategia-del-separatismo-di-dodik\/#primaryimage\"},\"thumbnailUrl\":\"https:\/\/www.pressenza.com\/wp-content\/uploads\/2020\/07\/bosnia_mappa.jpg\",\"datePublished\":\"2025-04-15T09:57:58+00:00\",\"description\":\"E\u2019 passato un mese e mezzo dalla sentenza di primo grado per Milorad Dodik, che ha da allora scatenato una crisi politica e costituzionale. Cosa ci dice\",\"breadcrumb\":{\"@id\":\"https:\/\/www.pressenza.com\/it\/2025\/04\/bosnia-come-capire-la-strategia-del-separatismo-di-dodik\/#breadcrumb\"},\"inLanguage\":\"it-IT\",\"potentialAction\":[{\"@type\":\"ReadAction\",\"target\":[\"https:\/\/www.pressenza.com\/it\/2025\/04\/bosnia-come-capire-la-strategia-del-separatismo-di-dodik\/\"]}]},{\"@type\":\"ImageObject\",\"inLanguage\":\"it-IT\",\"@id\":\"https:\/\/www.pressenza.com\/it\/2025\/04\/bosnia-come-capire-la-strategia-del-separatismo-di-dodik\/#primaryimage\",\"url\":\"https:\/\/www.pressenza.com\/wp-content\/uploads\/2020\/07\/bosnia_mappa.jpg\",\"contentUrl\":\"https:\/\/www.pressenza.com\/wp-content\/uploads\/2020\/07\/bosnia_mappa.jpg\",\"width\":750,\"height\":721},{\"@type\":\"BreadcrumbList\",\"@id\":\"https:\/\/www.pressenza.com\/it\/2025\/04\/bosnia-come-capire-la-strategia-del-separatismo-di-dodik\/#breadcrumb\",\"itemListElement\":[{\"@type\":\"ListItem\",\"position\":1,\"name\":\"Accueil\",\"item\":\"https:\/\/www.pressenza.com\/it\/\"},{\"@type\":\"ListItem\",\"position\":2,\"name\":\"Bosnia. Come capire la strategia del separatismo di Dodik\"}]},{\"@type\":\"WebSite\",\"@id\":\"https:\/\/www.pressenza.com\/it\/#website\",\"url\":\"https:\/\/www.pressenza.com\/it\/\",\"name\":\"Pressenza\",\"description\":\"Agenzia di Stampa Internazionale\",\"publisher\":{\"@id\":\"https:\/\/www.pressenza.com\/it\/#organization\"},\"potentialAction\":[{\"@type\":\"SearchAction\",\"target\":{\"@type\":\"EntryPoint\",\"urlTemplate\":\"https:\/\/www.pressenza.com\/it\/?s={search_term_string}\"},\"query-input\":{\"@type\":\"PropertyValueSpecification\",\"valueRequired\":true,\"valueName\":\"search_term_string\"}}],\"inLanguage\":\"it-IT\"},{\"@type\":\"Organization\",\"@id\":\"https:\/\/www.pressenza.com\/it\/#organization\",\"name\":\"Pressenza\",\"url\":\"https:\/\/www.pressenza.com\/it\/\",\"logo\":{\"@type\":\"ImageObject\",\"inLanguage\":\"it-IT\",\"@id\":\"https:\/\/www.pressenza.com\/it\/#\/schema\/logo\/image\/\",\"url\":\"https:\/\/www.pressenza.com\/wp-content\/uploads\/2022\/10\/pressenza_logo_200x200.jpg\",\"contentUrl\":\"https:\/\/www.pressenza.com\/wp-content\/uploads\/2022\/10\/pressenza_logo_200x200.jpg\",\"width\":200,\"height\":200,\"caption\":\"Pressenza\"},\"image\":{\"@id\":\"https:\/\/www.pressenza.com\/it\/#\/schema\/logo\/image\/\"},\"sameAs\":[\"https:\/\/www.facebook.com\/PressenzaItalia\",\"https:\/\/x.com\/PressenzaIPA\"]},{\"@type\":\"Person\",\"@id\":\"https:\/\/www.pressenza.com\/it\/#\/schema\/person\/ac0b6e21874c411b7ae3f1183e5b7a5a\",\"name\":\"East Journal\",\"sameAs\":[\"http:\/\/www.eastjournal.net\/\",\"https:\/\/www.facebook.com\/EaST-Journal-114874678534254\/\"],\"url\":\"https:\/\/www.pressenza.com\/it\/author\/east-journal\/\"}]}<\/script>\n<!-- \/ Yoast SEO plugin. -->","yoast_head_json":{"title":"Bosnia. Come capire la strategia del separatismo di Dodik","description":"E\u2019 passato un mese e mezzo dalla sentenza di primo grado per Milorad Dodik, che ha da allora scatenato una crisi politica e costituzionale. Cosa ci dice","robots":{"index":"index","follow":"follow","max-snippet":"max-snippet:-1","max-image-preview":"max-image-preview:large","max-video-preview":"max-video-preview:-1"},"canonical":"https:\/\/www.pressenza.com\/it\/2025\/04\/bosnia-come-capire-la-strategia-del-separatismo-di-dodik\/","og_locale":"it_IT","og_type":"article","og_title":"Bosnia. Come capire la strategia del separatismo di Dodik","og_description":"E\u2019 passato un mese e mezzo dalla sentenza di primo grado per Milorad Dodik, che ha da allora scatenato una crisi politica e costituzionale. Cosa ci dice","og_url":"https:\/\/www.pressenza.com\/it\/2025\/04\/bosnia-come-capire-la-strategia-del-separatismo-di-dodik\/","og_site_name":"Pressenza","article_publisher":"https:\/\/www.facebook.com\/PressenzaItalia","article_author":"https:\/\/www.facebook.com\/EaST-Journal-114874678534254\/","article_published_time":"2025-04-15T09:57:58+00:00","og_image":[{"width":750,"height":721,"url":"https:\/\/www.pressenza.com\/wp-content\/uploads\/2020\/07\/bosnia_mappa.jpg","type":"image\/jpeg"}],"author":"East Journal","twitter_card":"summary_large_image","twitter_creator":"@PressenzaIPA","twitter_site":"@PressenzaIPA","twitter_misc":{"Scritto da":"East Journal"},"schema":{"@context":"https:\/\/schema.org","@graph":[{"@type":"Article","@id":"https:\/\/www.pressenza.com\/it\/2025\/04\/bosnia-come-capire-la-strategia-del-separatismo-di-dodik\/#article","isPartOf":{"@id":"https:\/\/www.pressenza.com\/it\/2025\/04\/bosnia-come-capire-la-strategia-del-separatismo-di-dodik\/"},"author":{"name":"East Journal","@id":"https:\/\/www.pressenza.com\/it\/#\/schema\/person\/ac0b6e21874c411b7ae3f1183e5b7a5a"},"headline":"Bosnia. Come capire la strategia del separatismo di Dodik","datePublished":"2025-04-15T09:57:58+00:00","mainEntityOfPage":{"@id":"https:\/\/www.pressenza.com\/it\/2025\/04\/bosnia-come-capire-la-strategia-del-separatismo-di-dodik\/"},"wordCount":939,"publisher":{"@id":"https:\/\/www.pressenza.com\/it\/#organization"},"image":{"@id":"https:\/\/www.pressenza.com\/it\/2025\/04\/bosnia-come-capire-la-strategia-del-separatismo-di-dodik\/#primaryimage"},"thumbnailUrl":"https:\/\/www.pressenza.com\/wp-content\/uploads\/2020\/07\/bosnia_mappa.jpg","keywords":["Bosnia","dodik","Serbia"],"articleSection":["Europa","Politica","Questioni internazionali"],"inLanguage":"it-IT"},{"@type":"WebPage","@id":"https:\/\/www.pressenza.com\/it\/2025\/04\/bosnia-come-capire-la-strategia-del-separatismo-di-dodik\/","url":"https:\/\/www.pressenza.com\/it\/2025\/04\/bosnia-come-capire-la-strategia-del-separatismo-di-dodik\/","name":"Bosnia. Come capire la strategia del separatismo di Dodik","isPartOf":{"@id":"https:\/\/www.pressenza.com\/it\/#website"},"primaryImageOfPage":{"@id":"https:\/\/www.pressenza.com\/it\/2025\/04\/bosnia-come-capire-la-strategia-del-separatismo-di-dodik\/#primaryimage"},"image":{"@id":"https:\/\/www.pressenza.com\/it\/2025\/04\/bosnia-come-capire-la-strategia-del-separatismo-di-dodik\/#primaryimage"},"thumbnailUrl":"https:\/\/www.pressenza.com\/wp-content\/uploads\/2020\/07\/bosnia_mappa.jpg","datePublished":"2025-04-15T09:57:58+00:00","description":"E\u2019 passato un mese e mezzo dalla sentenza di primo grado per Milorad Dodik, che ha da allora scatenato una crisi politica e costituzionale. Cosa ci dice","breadcrumb":{"@id":"https:\/\/www.pressenza.com\/it\/2025\/04\/bosnia-come-capire-la-strategia-del-separatismo-di-dodik\/#breadcrumb"},"inLanguage":"it-IT","potentialAction":[{"@type":"ReadAction","target":["https:\/\/www.pressenza.com\/it\/2025\/04\/bosnia-come-capire-la-strategia-del-separatismo-di-dodik\/"]}]},{"@type":"ImageObject","inLanguage":"it-IT","@id":"https:\/\/www.pressenza.com\/it\/2025\/04\/bosnia-come-capire-la-strategia-del-separatismo-di-dodik\/#primaryimage","url":"https:\/\/www.pressenza.com\/wp-content\/uploads\/2020\/07\/bosnia_mappa.jpg","contentUrl":"https:\/\/www.pressenza.com\/wp-content\/uploads\/2020\/07\/bosnia_mappa.jpg","width":750,"height":721},{"@type":"BreadcrumbList","@id":"https:\/\/www.pressenza.com\/it\/2025\/04\/bosnia-come-capire-la-strategia-del-separatismo-di-dodik\/#breadcrumb","itemListElement":[{"@type":"ListItem","position":1,"name":"Accueil","item":"https:\/\/www.pressenza.com\/it\/"},{"@type":"ListItem","position":2,"name":"Bosnia. Come capire la strategia del separatismo di Dodik"}]},{"@type":"WebSite","@id":"https:\/\/www.pressenza.com\/it\/#website","url":"https:\/\/www.pressenza.com\/it\/","name":"Pressenza","description":"Agenzia di Stampa Internazionale","publisher":{"@id":"https:\/\/www.pressenza.com\/it\/#organization"},"potentialAction":[{"@type":"SearchAction","target":{"@type":"EntryPoint","urlTemplate":"https:\/\/www.pressenza.com\/it\/?s={search_term_string}"},"query-input":{"@type":"PropertyValueSpecification","valueRequired":true,"valueName":"search_term_string"}}],"inLanguage":"it-IT"},{"@type":"Organization","@id":"https:\/\/www.pressenza.com\/it\/#organization","name":"Pressenza","url":"https:\/\/www.pressenza.com\/it\/","logo":{"@type":"ImageObject","inLanguage":"it-IT","@id":"https:\/\/www.pressenza.com\/it\/#\/schema\/logo\/image\/","url":"https:\/\/www.pressenza.com\/wp-content\/uploads\/2022\/10\/pressenza_logo_200x200.jpg","contentUrl":"https:\/\/www.pressenza.com\/wp-content\/uploads\/2022\/10\/pressenza_logo_200x200.jpg","width":200,"height":200,"caption":"Pressenza"},"image":{"@id":"https:\/\/www.pressenza.com\/it\/#\/schema\/logo\/image\/"},"sameAs":["https:\/\/www.facebook.com\/PressenzaItalia","https:\/\/x.com\/PressenzaIPA"]},{"@type":"Person","@id":"https:\/\/www.pressenza.com\/it\/#\/schema\/person\/ac0b6e21874c411b7ae3f1183e5b7a5a","name":"East Journal","sameAs":["http:\/\/www.eastjournal.net\/","https:\/\/www.facebook.com\/EaST-Journal-114874678534254\/"],"url":"https:\/\/www.pressenza.com\/it\/author\/east-journal\/"}]}},"place":"","original_article_url":"","_links":{"self":[{"href":"https:\/\/www.pressenza.com\/it\/wp-json\/wp\/v2\/posts\/2597864","targetHints":{"allow":["GET"]}}],"collection":[{"href":"https:\/\/www.pressenza.com\/it\/wp-json\/wp\/v2\/posts"}],"about":[{"href":"https:\/\/www.pressenza.com\/it\/wp-json\/wp\/v2\/types\/post"}],"author":[{"embeddable":true,"href":"https:\/\/www.pressenza.com\/it\/wp-json\/wp\/v2\/users\/1438"}],"replies":[{"embeddable":true,"href":"https:\/\/www.pressenza.com\/it\/wp-json\/wp\/v2\/comments?post=2597864"}],"version-history":[{"count":0,"href":"https:\/\/www.pressenza.com\/it\/wp-json\/wp\/v2\/posts\/2597864\/revisions"}],"wp:featuredmedia":[{"embeddable":true,"href":"https:\/\/www.pressenza.com\/it\/wp-json\/wp\/v2\/media\/1162828"}],"wp:attachment":[{"href":"https:\/\/www.pressenza.com\/it\/wp-json\/wp\/v2\/media?parent=2597864"}],"wp:term":[{"taxonomy":"category","embeddable":true,"href":"https:\/\/www.pressenza.com\/it\/wp-json\/wp\/v2\/categories?post=2597864"},{"taxonomy":"post_tag","embeddable":true,"href":"https:\/\/www.pressenza.com\/it\/wp-json\/wp\/v2\/tags?post=2597864"}],"curies":[{"name":"wp","href":"https:\/\/api.w.org\/{rel}","templated":true}]}}