{"id":2597580,"date":"2025-04-14T10:29:04","date_gmt":"2025-04-14T09:29:04","guid":{"rendered":"https:\/\/www.pressenza.com\/?p=2597580"},"modified":"2025-04-14T10:29:04","modified_gmt":"2025-04-14T09:29:04","slug":"25-aprile-cancellato-il-sindaco-di-maclodio-si-dimetta","status":"publish","type":"post","link":"https:\/\/www.pressenza.com\/it\/2025\/04\/25-aprile-cancellato-il-sindaco-di-maclodio-si-dimetta\/","title":{"rendered":"25 aprile cancellato. Il sindaco di Maclodio si dimetta!"},"content":{"rendered":"<p>Per l&#8217;ennesima volta il comune di Maclodio ha deciso di non celebrare la festa nazionale della Liberazione.<\/p>\n<p>Il sindaco di Fratelli d&#8217;Italia, guardacaso, opta per una generica celebrazione &#8220;dei caduti di guerra&#8221; da tenersi il giorno 27.<\/p>\n<p>In tale circostanza \u00e8 stata pure respinta la richiesta di intervento dell&#8217;opposizione perch\u00e9 &#8220;non sussiste alcuna necessit\u00e0&#8221; che intervenga qualcun altro oltre al sindaco. Quindi parler\u00e0 solo lui, supponiamo da un balcone.<\/p>\n<p>La Costituzione su cui il sindaco ha giurato nasce dalla resistenza. La nostra Repubblica dalla liberazione e le nostre istituzioni dal sangue delle donne e degli uomini che si opposero al fascismo e al nazismo.<br \/>\nSe Simone Zanetti non condivide le fondamenta su cui poggia la nostra Repubblica si dimetta e si trasferisca in Ungheria dove trover\u00e0 terreno fertile per le sue idee reazionarie.<\/p>\n<p>Nel frattempo gli suggeriamo di non violare la legge che il 25 aprile prevede la celebrazione istituzionale della Liberazione.<\/p>\n<p>Perch\u00e9 la storia non la riscrive certo il sindaco di Maclodio.<\/p>\n<p>&nbsp;<\/p>\n<p><strong>Luca Trentini<\/strong><br \/>\n<strong>Segretario provinciale Sinistra italiana Brescia<\/strong><\/p>\n","protected":false},"excerpt":{"rendered":"<p>Per l&#8217;ennesima volta il comune di Maclodio ha deciso di non celebrare la festa nazionale della Liberazione. Il sindaco di Fratelli d&#8217;Italia, guardacaso, opta per una generica celebrazione &#8220;dei caduti di guerra&#8221; da tenersi il giorno 27. In tale circostanza&hellip;<\/p>\n","protected":false},"author":1969,"featured_media":2597581,"comment_status":"closed","ping_status":"closed","sticky":false,"template":"","format":"standard","meta":{"footnotes":""},"categories":[150,56],"tags":[135538,6022,132372,135539,26280],"class_list":["post-2597580","post","type-post","status-publish","format-standard","has-post-thumbnail","hentry","category-comunicati-stampa","category-cultura","tag-25-aprile-cancellato","tag-brescia","tag-luca-trentini","tag-sindaco-di-maclodio-si-dimetta","tag-sinistra-italiana"],"yoast_head":"<!-- This site is optimized with the Yoast SEO plugin v27.1.1 - https:\/\/yoast.com\/product\/yoast-seo-wordpress\/ -->\n<title>25 aprile cancellato. Il sindaco di Maclodio si dimetta!<\/title>\n<meta name=\"description\" content=\"Per l&#039;ennesima volta il comune di Maclodio ha deciso di non celebrare la festa nazionale della Liberazione. Il sindaco di Fratelli d&#039;Italia, guardacaso,\" \/>\n<meta name=\"robots\" content=\"index, follow, max-snippet:-1, max-image-preview:large, max-video-preview:-1\" \/>\n<link rel=\"canonical\" href=\"https:\/\/www.pressenza.com\/it\/2025\/04\/25-aprile-cancellato-il-sindaco-di-maclodio-si-dimetta\/\" \/>\n<meta property=\"og:locale\" content=\"it_IT\" \/>\n<meta property=\"og:type\" content=\"article\" \/>\n<meta property=\"og:title\" content=\"25 aprile cancellato. Il sindaco di Maclodio si dimetta!\" \/>\n<meta property=\"og:description\" content=\"Per l&#039;ennesima volta il comune di Maclodio ha deciso di non celebrare la festa nazionale della Liberazione. Il sindaco di Fratelli d&#039;Italia, guardacaso,\" \/>\n<meta property=\"og:url\" content=\"https:\/\/www.pressenza.com\/it\/2025\/04\/25-aprile-cancellato-il-sindaco-di-maclodio-si-dimetta\/\" \/>\n<meta property=\"og:site_name\" content=\"Pressenza\" \/>\n<meta property=\"article:publisher\" content=\"https:\/\/www.facebook.com\/PressenzaItalia\" \/>\n<meta property=\"article:published_time\" content=\"2025-04-14T09:29:04+00:00\" \/>\n<meta property=\"og:image\" content=\"https:\/\/www.pressenza.com\/wp-content\/uploads\/2025\/04\/Il-25-aprile-e-divisivo-se-sei-fascista-ARCI.png\" \/>\n\t<meta property=\"og:image:width\" content=\"2756\" \/>\n\t<meta property=\"og:image:height\" content=\"1548\" \/>\n\t<meta property=\"og:image:type\" content=\"image\/png\" \/>\n<meta name=\"author\" content=\"Redazione Sebino Franciacorta\" \/>\n<meta name=\"twitter:card\" content=\"summary_large_image\" \/>\n<meta name=\"twitter:creator\" content=\"@PressenzaIPA\" \/>\n<meta name=\"twitter:site\" content=\"@PressenzaIPA\" \/>\n<meta name=\"twitter:label1\" content=\"Scritto da\" \/>\n\t<meta name=\"twitter:data1\" content=\"Redazione Sebino Franciacorta\" \/>\n\t<meta name=\"twitter:label2\" content=\"Tempo di lettura stimato\" \/>\n\t<meta name=\"twitter:data2\" content=\"1 minuto\" \/>\n<script type=\"application\/ld+json\" class=\"yoast-schema-graph\">{\"@context\":\"https:\/\/schema.org\",\"@graph\":[{\"@type\":\"Article\",\"@id\":\"https:\/\/www.pressenza.com\/it\/2025\/04\/25-aprile-cancellato-il-sindaco-di-maclodio-si-dimetta\/#article\",\"isPartOf\":{\"@id\":\"https:\/\/www.pressenza.com\/it\/2025\/04\/25-aprile-cancellato-il-sindaco-di-maclodio-si-dimetta\/\"},\"author\":{\"name\":\"Redazione Sebino Franciacorta\",\"@id\":\"https:\/\/www.pressenza.com\/it\/#\/schema\/person\/9ec653259bb79d6ea2255fd80043dc9c\"},\"headline\":\"25 aprile cancellato. Il sindaco di Maclodio si dimetta!\",\"datePublished\":\"2025-04-14T09:29:04+00:00\",\"mainEntityOfPage\":{\"@id\":\"https:\/\/www.pressenza.com\/it\/2025\/04\/25-aprile-cancellato-il-sindaco-di-maclodio-si-dimetta\/\"},\"wordCount\":179,\"publisher\":{\"@id\":\"https:\/\/www.pressenza.com\/it\/#organization\"},\"image\":{\"@id\":\"https:\/\/www.pressenza.com\/it\/2025\/04\/25-aprile-cancellato-il-sindaco-di-maclodio-si-dimetta\/#primaryimage\"},\"thumbnailUrl\":\"https:\/\/www.pressenza.com\/wp-content\/uploads\/2025\/04\/Il-25-aprile-e-divisivo-se-sei-fascista-ARCI.png\",\"keywords\":[\"25 aprile cancellato\",\"Brescia\",\"Luca Trentini\",\"sindaco di Maclodio si dimetta\",\"Sinistra Italiana\"],\"articleSection\":[\"Comunicati Stampa\",\"Cultura e Media\"],\"inLanguage\":\"it-IT\"},{\"@type\":\"WebPage\",\"@id\":\"https:\/\/www.pressenza.com\/it\/2025\/04\/25-aprile-cancellato-il-sindaco-di-maclodio-si-dimetta\/\",\"url\":\"https:\/\/www.pressenza.com\/it\/2025\/04\/25-aprile-cancellato-il-sindaco-di-maclodio-si-dimetta\/\",\"name\":\"25 aprile cancellato. Il sindaco di Maclodio si dimetta!\",\"isPartOf\":{\"@id\":\"https:\/\/www.pressenza.com\/it\/#website\"},\"primaryImageOfPage\":{\"@id\":\"https:\/\/www.pressenza.com\/it\/2025\/04\/25-aprile-cancellato-il-sindaco-di-maclodio-si-dimetta\/#primaryimage\"},\"image\":{\"@id\":\"https:\/\/www.pressenza.com\/it\/2025\/04\/25-aprile-cancellato-il-sindaco-di-maclodio-si-dimetta\/#primaryimage\"},\"thumbnailUrl\":\"https:\/\/www.pressenza.com\/wp-content\/uploads\/2025\/04\/Il-25-aprile-e-divisivo-se-sei-fascista-ARCI.png\",\"datePublished\":\"2025-04-14T09:29:04+00:00\",\"description\":\"Per l'ennesima volta il comune di Maclodio ha deciso di non celebrare la festa nazionale della Liberazione. Il sindaco di Fratelli d'Italia, guardacaso,\",\"breadcrumb\":{\"@id\":\"https:\/\/www.pressenza.com\/it\/2025\/04\/25-aprile-cancellato-il-sindaco-di-maclodio-si-dimetta\/#breadcrumb\"},\"inLanguage\":\"it-IT\",\"potentialAction\":[{\"@type\":\"ReadAction\",\"target\":[\"https:\/\/www.pressenza.com\/it\/2025\/04\/25-aprile-cancellato-il-sindaco-di-maclodio-si-dimetta\/\"]}]},{\"@type\":\"ImageObject\",\"inLanguage\":\"it-IT\",\"@id\":\"https:\/\/www.pressenza.com\/it\/2025\/04\/25-aprile-cancellato-il-sindaco-di-maclodio-si-dimetta\/#primaryimage\",\"url\":\"https:\/\/www.pressenza.com\/wp-content\/uploads\/2025\/04\/Il-25-aprile-e-divisivo-se-sei-fascista-ARCI.png\",\"contentUrl\":\"https:\/\/www.pressenza.com\/wp-content\/uploads\/2025\/04\/Il-25-aprile-e-divisivo-se-sei-fascista-ARCI.png\",\"width\":2756,\"height\":1548},{\"@type\":\"BreadcrumbList\",\"@id\":\"https:\/\/www.pressenza.com\/it\/2025\/04\/25-aprile-cancellato-il-sindaco-di-maclodio-si-dimetta\/#breadcrumb\",\"itemListElement\":[{\"@type\":\"ListItem\",\"position\":1,\"name\":\"Accueil\",\"item\":\"https:\/\/www.pressenza.com\/it\/\"},{\"@type\":\"ListItem\",\"position\":2,\"name\":\"25 aprile cancellato. Il sindaco di Maclodio si dimetta!\"}]},{\"@type\":\"WebSite\",\"@id\":\"https:\/\/www.pressenza.com\/it\/#website\",\"url\":\"https:\/\/www.pressenza.com\/it\/\",\"name\":\"Pressenza\",\"description\":\"Agenzia di Stampa Internazionale\",\"publisher\":{\"@id\":\"https:\/\/www.pressenza.com\/it\/#organization\"},\"potentialAction\":[{\"@type\":\"SearchAction\",\"target\":{\"@type\":\"EntryPoint\",\"urlTemplate\":\"https:\/\/www.pressenza.com\/it\/?s={search_term_string}\"},\"query-input\":{\"@type\":\"PropertyValueSpecification\",\"valueRequired\":true,\"valueName\":\"search_term_string\"}}],\"inLanguage\":\"it-IT\"},{\"@type\":\"Organization\",\"@id\":\"https:\/\/www.pressenza.com\/it\/#organization\",\"name\":\"Pressenza\",\"url\":\"https:\/\/www.pressenza.com\/it\/\",\"logo\":{\"@type\":\"ImageObject\",\"inLanguage\":\"it-IT\",\"@id\":\"https:\/\/www.pressenza.com\/it\/#\/schema\/logo\/image\/\",\"url\":\"https:\/\/www.pressenza.com\/wp-content\/uploads\/2022\/10\/pressenza_logo_200x200.jpg\",\"contentUrl\":\"https:\/\/www.pressenza.com\/wp-content\/uploads\/2022\/10\/pressenza_logo_200x200.jpg\",\"width\":200,\"height\":200,\"caption\":\"Pressenza\"},\"image\":{\"@id\":\"https:\/\/www.pressenza.com\/it\/#\/schema\/logo\/image\/\"},\"sameAs\":[\"https:\/\/www.facebook.com\/PressenzaItalia\",\"https:\/\/x.com\/PressenzaIPA\"]},{\"@type\":\"Person\",\"@id\":\"https:\/\/www.pressenza.com\/it\/#\/schema\/person\/9ec653259bb79d6ea2255fd80043dc9c\",\"name\":\"Redazione Sebino Franciacorta\",\"url\":\"https:\/\/www.pressenza.com\/it\/author\/redazione-sebino-franciacorta\/\"}]}<\/script>\n<!-- \/ Yoast SEO plugin. -->","yoast_head_json":{"title":"25 aprile cancellato. Il sindaco di Maclodio si dimetta!","description":"Per l'ennesima volta il comune di Maclodio ha deciso di non celebrare la festa nazionale della Liberazione. Il sindaco di Fratelli d'Italia, guardacaso,","robots":{"index":"index","follow":"follow","max-snippet":"max-snippet:-1","max-image-preview":"max-image-preview:large","max-video-preview":"max-video-preview:-1"},"canonical":"https:\/\/www.pressenza.com\/it\/2025\/04\/25-aprile-cancellato-il-sindaco-di-maclodio-si-dimetta\/","og_locale":"it_IT","og_type":"article","og_title":"25 aprile cancellato. Il sindaco di Maclodio si dimetta!","og_description":"Per l'ennesima volta il comune di Maclodio ha deciso di non celebrare la festa nazionale della Liberazione. Il sindaco di Fratelli d'Italia, guardacaso,","og_url":"https:\/\/www.pressenza.com\/it\/2025\/04\/25-aprile-cancellato-il-sindaco-di-maclodio-si-dimetta\/","og_site_name":"Pressenza","article_publisher":"https:\/\/www.facebook.com\/PressenzaItalia","article_published_time":"2025-04-14T09:29:04+00:00","og_image":[{"width":2756,"height":1548,"url":"https:\/\/www.pressenza.com\/wp-content\/uploads\/2025\/04\/Il-25-aprile-e-divisivo-se-sei-fascista-ARCI.png","type":"image\/png"}],"author":"Redazione Sebino Franciacorta","twitter_card":"summary_large_image","twitter_creator":"@PressenzaIPA","twitter_site":"@PressenzaIPA","twitter_misc":{"Scritto da":"Redazione Sebino Franciacorta","Tempo di lettura stimato":"1 minuto"},"schema":{"@context":"https:\/\/schema.org","@graph":[{"@type":"Article","@id":"https:\/\/www.pressenza.com\/it\/2025\/04\/25-aprile-cancellato-il-sindaco-di-maclodio-si-dimetta\/#article","isPartOf":{"@id":"https:\/\/www.pressenza.com\/it\/2025\/04\/25-aprile-cancellato-il-sindaco-di-maclodio-si-dimetta\/"},"author":{"name":"Redazione Sebino Franciacorta","@id":"https:\/\/www.pressenza.com\/it\/#\/schema\/person\/9ec653259bb79d6ea2255fd80043dc9c"},"headline":"25 aprile cancellato. Il sindaco di Maclodio si dimetta!","datePublished":"2025-04-14T09:29:04+00:00","mainEntityOfPage":{"@id":"https:\/\/www.pressenza.com\/it\/2025\/04\/25-aprile-cancellato-il-sindaco-di-maclodio-si-dimetta\/"},"wordCount":179,"publisher":{"@id":"https:\/\/www.pressenza.com\/it\/#organization"},"image":{"@id":"https:\/\/www.pressenza.com\/it\/2025\/04\/25-aprile-cancellato-il-sindaco-di-maclodio-si-dimetta\/#primaryimage"},"thumbnailUrl":"https:\/\/www.pressenza.com\/wp-content\/uploads\/2025\/04\/Il-25-aprile-e-divisivo-se-sei-fascista-ARCI.png","keywords":["25 aprile cancellato","Brescia","Luca Trentini","sindaco di Maclodio si dimetta","Sinistra Italiana"],"articleSection":["Comunicati Stampa","Cultura e Media"],"inLanguage":"it-IT"},{"@type":"WebPage","@id":"https:\/\/www.pressenza.com\/it\/2025\/04\/25-aprile-cancellato-il-sindaco-di-maclodio-si-dimetta\/","url":"https:\/\/www.pressenza.com\/it\/2025\/04\/25-aprile-cancellato-il-sindaco-di-maclodio-si-dimetta\/","name":"25 aprile cancellato. Il sindaco di Maclodio si dimetta!","isPartOf":{"@id":"https:\/\/www.pressenza.com\/it\/#website"},"primaryImageOfPage":{"@id":"https:\/\/www.pressenza.com\/it\/2025\/04\/25-aprile-cancellato-il-sindaco-di-maclodio-si-dimetta\/#primaryimage"},"image":{"@id":"https:\/\/www.pressenza.com\/it\/2025\/04\/25-aprile-cancellato-il-sindaco-di-maclodio-si-dimetta\/#primaryimage"},"thumbnailUrl":"https:\/\/www.pressenza.com\/wp-content\/uploads\/2025\/04\/Il-25-aprile-e-divisivo-se-sei-fascista-ARCI.png","datePublished":"2025-04-14T09:29:04+00:00","description":"Per l'ennesima volta il comune di Maclodio ha deciso di non celebrare la festa nazionale della Liberazione. Il sindaco di Fratelli d'Italia, guardacaso,","breadcrumb":{"@id":"https:\/\/www.pressenza.com\/it\/2025\/04\/25-aprile-cancellato-il-sindaco-di-maclodio-si-dimetta\/#breadcrumb"},"inLanguage":"it-IT","potentialAction":[{"@type":"ReadAction","target":["https:\/\/www.pressenza.com\/it\/2025\/04\/25-aprile-cancellato-il-sindaco-di-maclodio-si-dimetta\/"]}]},{"@type":"ImageObject","inLanguage":"it-IT","@id":"https:\/\/www.pressenza.com\/it\/2025\/04\/25-aprile-cancellato-il-sindaco-di-maclodio-si-dimetta\/#primaryimage","url":"https:\/\/www.pressenza.com\/wp-content\/uploads\/2025\/04\/Il-25-aprile-e-divisivo-se-sei-fascista-ARCI.png","contentUrl":"https:\/\/www.pressenza.com\/wp-content\/uploads\/2025\/04\/Il-25-aprile-e-divisivo-se-sei-fascista-ARCI.png","width":2756,"height":1548},{"@type":"BreadcrumbList","@id":"https:\/\/www.pressenza.com\/it\/2025\/04\/25-aprile-cancellato-il-sindaco-di-maclodio-si-dimetta\/#breadcrumb","itemListElement":[{"@type":"ListItem","position":1,"name":"Accueil","item":"https:\/\/www.pressenza.com\/it\/"},{"@type":"ListItem","position":2,"name":"25 aprile cancellato. Il sindaco di Maclodio si dimetta!"}]},{"@type":"WebSite","@id":"https:\/\/www.pressenza.com\/it\/#website","url":"https:\/\/www.pressenza.com\/it\/","name":"Pressenza","description":"Agenzia di Stampa Internazionale","publisher":{"@id":"https:\/\/www.pressenza.com\/it\/#organization"},"potentialAction":[{"@type":"SearchAction","target":{"@type":"EntryPoint","urlTemplate":"https:\/\/www.pressenza.com\/it\/?s={search_term_string}"},"query-input":{"@type":"PropertyValueSpecification","valueRequired":true,"valueName":"search_term_string"}}],"inLanguage":"it-IT"},{"@type":"Organization","@id":"https:\/\/www.pressenza.com\/it\/#organization","name":"Pressenza","url":"https:\/\/www.pressenza.com\/it\/","logo":{"@type":"ImageObject","inLanguage":"it-IT","@id":"https:\/\/www.pressenza.com\/it\/#\/schema\/logo\/image\/","url":"https:\/\/www.pressenza.com\/wp-content\/uploads\/2022\/10\/pressenza_logo_200x200.jpg","contentUrl":"https:\/\/www.pressenza.com\/wp-content\/uploads\/2022\/10\/pressenza_logo_200x200.jpg","width":200,"height":200,"caption":"Pressenza"},"image":{"@id":"https:\/\/www.pressenza.com\/it\/#\/schema\/logo\/image\/"},"sameAs":["https:\/\/www.facebook.com\/PressenzaItalia","https:\/\/x.com\/PressenzaIPA"]},{"@type":"Person","@id":"https:\/\/www.pressenza.com\/it\/#\/schema\/person\/9ec653259bb79d6ea2255fd80043dc9c","name":"Redazione Sebino Franciacorta","url":"https:\/\/www.pressenza.com\/it\/author\/redazione-sebino-franciacorta\/"}]}},"place":"","original_article_url":"","_links":{"self":[{"href":"https:\/\/www.pressenza.com\/it\/wp-json\/wp\/v2\/posts\/2597580","targetHints":{"allow":["GET"]}}],"collection":[{"href":"https:\/\/www.pressenza.com\/it\/wp-json\/wp\/v2\/posts"}],"about":[{"href":"https:\/\/www.pressenza.com\/it\/wp-json\/wp\/v2\/types\/post"}],"author":[{"embeddable":true,"href":"https:\/\/www.pressenza.com\/it\/wp-json\/wp\/v2\/users\/1969"}],"replies":[{"embeddable":true,"href":"https:\/\/www.pressenza.com\/it\/wp-json\/wp\/v2\/comments?post=2597580"}],"version-history":[{"count":0,"href":"https:\/\/www.pressenza.com\/it\/wp-json\/wp\/v2\/posts\/2597580\/revisions"}],"wp:featuredmedia":[{"embeddable":true,"href":"https:\/\/www.pressenza.com\/it\/wp-json\/wp\/v2\/media\/2597581"}],"wp:attachment":[{"href":"https:\/\/www.pressenza.com\/it\/wp-json\/wp\/v2\/media?parent=2597580"}],"wp:term":[{"taxonomy":"category","embeddable":true,"href":"https:\/\/www.pressenza.com\/it\/wp-json\/wp\/v2\/categories?post=2597580"},{"taxonomy":"post_tag","embeddable":true,"href":"https:\/\/www.pressenza.com\/it\/wp-json\/wp\/v2\/tags?post=2597580"}],"curies":[{"name":"wp","href":"https:\/\/api.w.org\/{rel}","templated":true}]}}