{"id":2595532,"date":"2025-04-06T15:30:51","date_gmt":"2025-04-06T14:30:51","guid":{"rendered":"https:\/\/www.pressenza.com\/?p=2595532"},"modified":"2025-04-06T15:30:51","modified_gmt":"2025-04-06T14:30:51","slug":"georgia-e-serbia-un-ponte-di-speranza-e-sinergie-nel-cuore-delleuropa-oltre-lue","status":"publish","type":"post","link":"https:\/\/www.pressenza.com\/it\/2025\/04\/georgia-e-serbia-un-ponte-di-speranza-e-sinergie-nel-cuore-delleuropa-oltre-lue\/","title":{"rendered":"Georgia e Serbia: un ponte di speranza e sinergie nel cuore dell\u2019\u00abEuropa oltre l\u2019UE\u00bb"},"content":{"rendered":"<p align=\"justify\"><span lang=\"it-IT\">Lo scorso 30 marzo, i principali gruppi della diaspora georgiana hanno convocato ancora una volta i manifestanti davanti al Parlamento europeo a Bruxelles, facendo eco alle <\/span><span style=\"color: #467886;\"><u><a href=\"https:\/\/www.pressenza.com\/it\/2024\/12\/le-tensioni-post-elettorali-in-georgia-e-le-proteste-su-scala-globale-da-berlino-a-bruxelles\/\"><span lang=\"it-IT\">proteste che da oltre 5 mesi scuotono Tbilisi<\/span><\/a><\/u><\/span><span lang=\"it-IT\"> contro il regime sempre pi\u00f9 autoritario incarnato dal partito \u00abGeorgian Dream\u00bb (Sogno Georgiano). In maniera crescente nel corso dell\u2019autunno e del rigidissimo inverno georgiano, il viale Rustaveli di Tbilisi e gli spazi pubblici raggiungibili dalla popolazione in ogni angolo del paese e ben oltre i confini caucasici, come nel caso delle capitali continentali, sono diventati potenti simboli di resistenza e di appello popolare all\u2019appartenenza europea e al rafforzamento del sostegno internazionale, anche e soprattutto grazie alle reti diasporiche che svolgono un costante e potente ruolo di amplificazione per le lotte in corso a partire dal contestato processo elettorale dello scorso 26 ottobre.<\/span><\/p>\n<p align=\"justify\"><span lang=\"it-IT\">\u00ab<\/span><span lang=\"it-IT\"><i>Stiamo combattendo contro il regime russo e a favore della democrazia, non solo per la Georgia, ma per tutta l\u2019Europa<\/i><\/span><span lang=\"it-IT\">\u00bb, ha dichiarato con forza Kristina, una delle manifestanti, sottolineando quanto l\u2019influenza del governo di Putin e delle oligarchie visibilmente presenti anche in Georgia si estenda in tutta Europa, da Tbilisi a Belgrado, da Berlino a Bruxelles.<\/span><\/p>\n<p align=\"justify\"><span lang=\"it-IT\">Tra le voci che si levano in place du Luxembourg, riemerge anche la storia del giovane <\/span><span lang=\"it-IT\"><b>Giorgi Antsukhelidze<\/b><\/span><span lang=\"it-IT\">, torturato e ucciso durante la guerra russo-georgiana del 2008. Da allora, la sua memoria continua a ispirare i manifestanti che ricordano il suo nome sugli striscioni nelle piazze odierne e sono spesso motivo di fermo e di arresto da parte della polizia data l\u2019eredit\u00e0 contesa della sua figura. Negli ultimi cinque mesi, oltre 500 manifestanti sono stati arrestati in Georgia, molti dei quali denunciano atti di tortura e violenze. Il governo in carica ricorre sempre pi\u00f9 sistematicamente a metodi brutali e repressivi, cercando di mettere a tacere i partiti di opposizione, arrivando negli ultimi giorni persino a proporre modifiche legislative per vietare la creazione di nuovi gruppi di opposizione. Dall\u2019inizio del 2025, decine di persone, tra cui molti giornalisti, sono state arrestate. Diverse organizzazioni per la difesa dei diritti umani hanno documentato e denunciato questi arresti, segnalando casi di violenze fisiche e verbali nei confronti dei detenuti.<\/span><\/p>\n<p align=\"justify\"><span lang=\"it-IT\">Nel frattempo, i manifestanti georgiani in esilio restano determinati a mantenere viva l\u2019attenzione dell\u2019opinione pubblica europea su questa situazione soprattutto dopo le elezioni dell\u2019ottobre 2024. Mentre il governo rafforza la propria deriva autoritaria e si allontana dai partner europei, le poste in gioco continuano a crescere. Il 28 novembre 2024, il Primo ministro georgiano Irakli Kobakhidze ha annunciato la sospensione dei rapporti con le istituzioni europee nei negoziati di adesione all\u2019UE fino alla fine del 2028, accusando l\u2019Unione europea di \u00abricatto\u00bb, mentre l\u2019influenza russa diventa sempre pi\u00f9 evidente.<\/span><\/p>\n<p align=\"justify\"><span lang=\"it-IT\">In questo contesto, la manifestazione di domenica scorsa a Bruxelles \u00e8 stata segnata da una nuova sinergia e da un profondo sentimento di solidariet\u00e0, espresso questa volta anche insieme ai rappresentanti della diaspora serba che si stanno mobilitando in centinaia di citt\u00e0 in tutto il mondo dopo il crollo della pensilina della stazione ferroviaria di Novi Sad, il 1\u00b0 novembre 2024. Questo episodio, e le vicende legate alla corruzione nelle opere pubbliche e in tanti altri settori, ha immediatamente scatenato un\u2019ondata di proteste di massa, guidate principalmente dai movimenti studenteschi, che chiedono giustizia alle autorit\u00e0 e in particolare al governo di Aleksandar Vu\u010di\u0107.<\/span><\/p>\n<p align=\"justify\"><span lang=\"it-IT\">All\u2019inizio del suo intervento, Ivan, a nome del movimento della diaspora serba, e in particolare del gruppo \u00ab<\/span><span style=\"color: #467886;\"><u><a href=\"https:\/\/www.instagram.com\/palac_gore_brisel__\/\"><span lang=\"it-IT\">Palac Gore Brisel<\/span><\/a><\/u><\/span><span lang=\"it-IT\">\u00bb, ha ricordato che il numero delle vittime era purtroppo salito a 16 persone, dopo la morte in ospedale, lo scorso 21 marzo, di uno studente di 19 anni rimasto gravemente ferito durante la tragedia di Novi Sad dello scorso novembre. Mentre gli studenti serbi continuano a conquistare le prime pagine dei media internazionali e le loro manifestazioni si arricchiscono costantemente di nuovi elementi creativi \u2013 soprattutto dopo le imponenti marce che hanno invaso le strade di Belgrado il 15 marzo \u2013 la speranza che incarnano travalica i confini e le lingue. <\/span><\/p>\n<p align=\"justify\"><span lang=\"it-IT\">Le <\/span><span style=\"color: #467886;\"><u><a href=\"https:\/\/www.pressenza.com\/it\/2025\/02\/la-serbia-in-rivolta-tra-mobilitazioni-di-massa-locali-e-rilancio-europeo\/\"><span lang=\"it-IT\">manifestazioni serbe<\/span><\/a><\/u><\/span><span lang=\"it-IT\">, in particolare quelle che si tengono regolarmente a Bruxelles, in Place de l\u2019Albertine, iniziano solitamente con un potente flash mob silenzioso: 15 minuti di silenzio collettivo in memoria delle vittime del disastro ferroviario di Novi Sad, alle 11:52 precise, l\u2019ora del crollo, accompagnati dal lancio di palloncini rossi in cielo. I manifestanti alzano le mani dipinte di rosso, mani nude che sfidano l\u2019ambiguit\u00e0 e l\u2019autoritarismo del potere governativo, mani simbolicamente macchiate di sangue, in lutto per chi ha perso la vita a causa della negligenza del governo e dei suoi alleati.<\/span><\/p>\n<p align=\"justify\"><span lang=\"it-IT\">A questi momenti di raccoglimento seguono canti intonati in coro, spesso ripresi anche da persone non serbofone, sostenute dalla folla in un unico slancio di solidariet\u00e0. I manifestanti leggono poi ad alta voce le loro richieste rivolte alle istituzioni internazionali, chiedendo democrazia e trasparenza a livello nazionale, rivendicazioni portate avanti dai leader studenteschi e ricordate sugli striscioni: \u00ab<\/span><span lang=\"it-IT\"><b>Korupcija ubija<\/b><\/span><span lang=\"it-IT\">\u00bb (La corruzione uccide) e \u00ab<\/span><span lang=\"it-IT\"><b>Zlo\u010din, a ne tragedija<\/b><\/span><span lang=\"it-IT\">\u00bb (\u00c8 stato un crimine, non una tragedia), con riferimento a quanto accaduto a Novi Sad. Come ricorda Ivan alla folla presente a Bruxelles, il movimento avviato dai giovani in Serbia sta diventando fonte di ispirazione per generazioni e comunit\u00e0 ben oltre i Balcani, ricordando che le immagini di resistenza, coraggio e azione collettiva parlano un linguaggio che trascende confini e generazioni: \u00ab<\/span><span lang=\"it-IT\"><i>Donne di oltre settant\u2019anni, che vivono con pensioni inferiori a 200 euro, preparano pasti per gli studenti, aprono le loro case e nutrono la rivoluzione con zuppe, pane\u2026 e un amore silenzioso. Non perch\u00e9 qualcuno glielo abbia chiesto, ma perch\u00e9 sanno cosa significa credere di nuovo in qualcosa che conta. E posso dirvi con certezza che nessun rappresentante politico, nessun oligarca, nessun opinionista in televisione\u2026 potr\u00e0 fermare questa energia e questa umanit\u00e0<\/i><\/span><span lang=\"it-IT\">.\u00bb<\/span><\/p>\n<p align=\"justify\"><span lang=\"it-IT\">Dalle dimore private della popolazione nelle aree rurali alle piazze animate dalla diaspora, settimana dopo settimana, le manifestazioni studentesche in Serbia sono diventate un faro di creativit\u00e0 e coraggio, affrontando instancabilmente la corruzione e la repressione, ispirando altri movimenti nei Balcani e ben oltre. Da oltre 100 giorni, infatti, la cittadinanza in Serbia e in Georgia, cos\u00ec come le relative diaspore, e georgiani manifestano in strada con una determinazione incrollabile e una straordinaria chiarezza di obiettivi. Mentre a Tbilisi le folle continuano a sfidare le nuove leggi che minacciano le organizzazioni della societ\u00e0 civile e i media, in questo momento gli studenti e le studentesse partite dalla Serbia stanno attraversano il continente europeo in bicicletta diretti\/e a Strasburgo nell\u2019ambito della loro manifestazione itinerante \u00ab<\/span><span style=\"color: #467886;\"><u><a href=\"https:\/\/tourdestrasbourg.com\/\"><span lang=\"it-IT\">Tura do Strazbura<\/span><\/a><\/u><\/span><span lang=\"it-IT\">\u00bb. La loro prossima mobilitazione a Bruxelles \u00e8 prevista per domenica 6 aprile alle ore 11:30 in Place de l\u2019Albertine, vicino alla Gare Centrale, per prepararsi a raggiungere il ciclopercorso all\u2019arrivo a Strasburgo nei giorni successivi. <\/span><\/p>\n<p align=\"justify\"><span lang=\"it-IT\">Da Tbilisi a Belgrado, le mobilitazioni ricorrenti e i grandi numeri, lungi dal limitarsi alla dimensione nazionale e agli interessi di breve periodo, sono un monito per la popolazione globale e la responsabilit\u00e0 di lottare per la democrazia affinch\u00e9 tale termine non resti n\u00e9 diventi un\u2019astrazione o possa essere percepito come un traguardo acquisito a tempo indeterminato. La sua conquista e la difesa dei principi e delle prassi che incarna sono, invece, in continuo divenire, fronteggiando correnti avverse e regressioni costanti, come gli studenti e le studentesse in bicicletta descrivono con lucidit\u00e0 parlando di \u201c<\/span><span lang=\"it-IT\"><i>un viaggio molto pi\u00f9 importante della meta<\/i><\/span><span lang=\"it-IT\">\u201d e riferendosi ai dialoghi avviati lungo il percorso, cosi come durante le lunghe marce a piedi attraverso le quali dimostrano come la democrazia possa essere vissuta fino in fondo, conquistata e difesa ben oltre i confini nazionali, attraverso lotte condivise che risuonano nelle strade e nelle piazze d\u2019Europa.<\/span><\/p>\n<p align=\"justify\">\n","protected":false},"excerpt":{"rendered":"<p>Lo scorso 30 marzo, i principali gruppi della diaspora georgiana hanno convocato ancora una volta i manifestanti davanti al Parlamento europeo a Bruxelles, facendo eco alle proteste che da oltre 5 mesi scuotono Tbilisi contro il regime sempre pi\u00f9 autoritario&hellip;<\/p>\n","protected":false},"author":1948,"featured_media":2595534,"comment_status":"closed","ping_status":"closed","sticky":false,"template":"","format":"standard","meta":{"footnotes":""},"categories":[11388,55],"tags":[7740,7029,135159],"class_list":["post-2595532","post","type-post","status-publish","format-standard","has-post-thumbnail","hentry","category-contenuti-originali","category-politica","tag-bruxelles-it","tag-georgia","tag-irakli-kobakhidze"],"yoast_head":"<!-- This site is optimized with the Yoast SEO plugin v27.1.1 - https:\/\/yoast.com\/product\/yoast-seo-wordpress\/ -->\n<title>Georgia e Serbia: un ponte di speranza e sinergie nel cuore dell\u2019\u00abEuropa oltre l\u2019UE\u00bb<\/title>\n<meta name=\"description\" content=\"Lo scorso 30 marzo, i principali gruppi della diaspora georgiana hanno convocato ancora una volta i manifestanti davanti al Parlamento europeo a\" \/>\n<meta name=\"robots\" content=\"index, follow, max-snippet:-1, max-image-preview:large, max-video-preview:-1\" \/>\n<link rel=\"canonical\" href=\"https:\/\/www.pressenza.com\/it\/2025\/04\/georgia-e-serbia-un-ponte-di-speranza-e-sinergie-nel-cuore-delleuropa-oltre-lue\/\" \/>\n<meta property=\"og:locale\" content=\"it_IT\" \/>\n<meta property=\"og:type\" content=\"article\" \/>\n<meta property=\"og:title\" content=\"Georgia e Serbia: un ponte di speranza e sinergie nel cuore dell\u2019\u00abEuropa oltre l\u2019UE\u00bb\" \/>\n<meta property=\"og:description\" content=\"Lo scorso 30 marzo, i principali gruppi della diaspora georgiana hanno convocato ancora una volta i manifestanti davanti al Parlamento europeo a\" \/>\n<meta property=\"og:url\" content=\"https:\/\/www.pressenza.com\/it\/2025\/04\/georgia-e-serbia-un-ponte-di-speranza-e-sinergie-nel-cuore-delleuropa-oltre-lue\/\" \/>\n<meta property=\"og:site_name\" content=\"Pressenza\" \/>\n<meta property=\"article:publisher\" content=\"https:\/\/www.facebook.com\/PressenzaItalia\" \/>\n<meta property=\"article:published_time\" content=\"2025-04-06T14:30:51+00:00\" \/>\n<meta property=\"og:image\" content=\"https:\/\/www.pressenza.com\/wp-content\/uploads\/2025\/04\/PROMOTE-GEORGIA-SPEAKING-30.03.jpg\" \/>\n\t<meta property=\"og:image:width\" content=\"850\" \/>\n\t<meta property=\"og:image:height\" content=\"578\" \/>\n\t<meta property=\"og:image:type\" content=\"image\/jpeg\" \/>\n<meta name=\"author\" content=\"Anna Lodeserto\" \/>\n<meta name=\"twitter:card\" content=\"summary_large_image\" \/>\n<meta name=\"twitter:creator\" content=\"@PressenzaIPA\" \/>\n<meta name=\"twitter:site\" content=\"@PressenzaIPA\" \/>\n<meta name=\"twitter:label1\" content=\"Scritto da\" \/>\n\t<meta name=\"twitter:data1\" content=\"Anna Lodeserto\" \/>\n\t<meta name=\"twitter:label2\" content=\"Tempo di lettura stimato\" \/>\n\t<meta name=\"twitter:data2\" content=\"7 minuti\" \/>\n<script type=\"application\/ld+json\" class=\"yoast-schema-graph\">{\"@context\":\"https:\/\/schema.org\",\"@graph\":[{\"@type\":\"Article\",\"@id\":\"https:\/\/www.pressenza.com\/it\/2025\/04\/georgia-e-serbia-un-ponte-di-speranza-e-sinergie-nel-cuore-delleuropa-oltre-lue\/#article\",\"isPartOf\":{\"@id\":\"https:\/\/www.pressenza.com\/it\/2025\/04\/georgia-e-serbia-un-ponte-di-speranza-e-sinergie-nel-cuore-delleuropa-oltre-lue\/\"},\"author\":{\"name\":\"Anna Lodeserto\",\"@id\":\"https:\/\/www.pressenza.com\/it\/#\/schema\/person\/3f383c7db303a1e1f80501ecf5638dff\"},\"headline\":\"Georgia e Serbia: un ponte di speranza e sinergie nel cuore dell\u2019\u00abEuropa oltre l\u2019UE\u00bb\",\"datePublished\":\"2025-04-06T14:30:51+00:00\",\"mainEntityOfPage\":{\"@id\":\"https:\/\/www.pressenza.com\/it\/2025\/04\/georgia-e-serbia-un-ponte-di-speranza-e-sinergie-nel-cuore-delleuropa-oltre-lue\/\"},\"wordCount\":1279,\"publisher\":{\"@id\":\"https:\/\/www.pressenza.com\/it\/#organization\"},\"image\":{\"@id\":\"https:\/\/www.pressenza.com\/it\/2025\/04\/georgia-e-serbia-un-ponte-di-speranza-e-sinergie-nel-cuore-delleuropa-oltre-lue\/#primaryimage\"},\"thumbnailUrl\":\"https:\/\/www.pressenza.com\/wp-content\/uploads\/2025\/04\/PROMOTE-GEORGIA-SPEAKING-30.03.jpg\",\"keywords\":[\"Bruxelles\",\"Georgia\",\"Irakli Kobakhidze\"],\"articleSection\":[\"contenuti originali\",\"Politica\"],\"inLanguage\":\"it-IT\"},{\"@type\":\"WebPage\",\"@id\":\"https:\/\/www.pressenza.com\/it\/2025\/04\/georgia-e-serbia-un-ponte-di-speranza-e-sinergie-nel-cuore-delleuropa-oltre-lue\/\",\"url\":\"https:\/\/www.pressenza.com\/it\/2025\/04\/georgia-e-serbia-un-ponte-di-speranza-e-sinergie-nel-cuore-delleuropa-oltre-lue\/\",\"name\":\"Georgia e Serbia: un ponte di speranza e sinergie nel cuore dell\u2019\u00abEuropa oltre l\u2019UE\u00bb\",\"isPartOf\":{\"@id\":\"https:\/\/www.pressenza.com\/it\/#website\"},\"primaryImageOfPage\":{\"@id\":\"https:\/\/www.pressenza.com\/it\/2025\/04\/georgia-e-serbia-un-ponte-di-speranza-e-sinergie-nel-cuore-delleuropa-oltre-lue\/#primaryimage\"},\"image\":{\"@id\":\"https:\/\/www.pressenza.com\/it\/2025\/04\/georgia-e-serbia-un-ponte-di-speranza-e-sinergie-nel-cuore-delleuropa-oltre-lue\/#primaryimage\"},\"thumbnailUrl\":\"https:\/\/www.pressenza.com\/wp-content\/uploads\/2025\/04\/PROMOTE-GEORGIA-SPEAKING-30.03.jpg\",\"datePublished\":\"2025-04-06T14:30:51+00:00\",\"description\":\"Lo scorso 30 marzo, i principali gruppi della diaspora georgiana hanno convocato ancora una volta i manifestanti davanti al Parlamento europeo a\",\"breadcrumb\":{\"@id\":\"https:\/\/www.pressenza.com\/it\/2025\/04\/georgia-e-serbia-un-ponte-di-speranza-e-sinergie-nel-cuore-delleuropa-oltre-lue\/#breadcrumb\"},\"inLanguage\":\"it-IT\",\"potentialAction\":[{\"@type\":\"ReadAction\",\"target\":[\"https:\/\/www.pressenza.com\/it\/2025\/04\/georgia-e-serbia-un-ponte-di-speranza-e-sinergie-nel-cuore-delleuropa-oltre-lue\/\"]}]},{\"@type\":\"ImageObject\",\"inLanguage\":\"it-IT\",\"@id\":\"https:\/\/www.pressenza.com\/it\/2025\/04\/georgia-e-serbia-un-ponte-di-speranza-e-sinergie-nel-cuore-delleuropa-oltre-lue\/#primaryimage\",\"url\":\"https:\/\/www.pressenza.com\/wp-content\/uploads\/2025\/04\/PROMOTE-GEORGIA-SPEAKING-30.03.jpg\",\"contentUrl\":\"https:\/\/www.pressenza.com\/wp-content\/uploads\/2025\/04\/PROMOTE-GEORGIA-SPEAKING-30.03.jpg\",\"width\":850,\"height\":578},{\"@type\":\"BreadcrumbList\",\"@id\":\"https:\/\/www.pressenza.com\/it\/2025\/04\/georgia-e-serbia-un-ponte-di-speranza-e-sinergie-nel-cuore-delleuropa-oltre-lue\/#breadcrumb\",\"itemListElement\":[{\"@type\":\"ListItem\",\"position\":1,\"name\":\"Accueil\",\"item\":\"https:\/\/www.pressenza.com\/it\/\"},{\"@type\":\"ListItem\",\"position\":2,\"name\":\"Georgia e Serbia: un ponte di speranza e sinergie nel cuore dell\u2019\u00abEuropa oltre l\u2019UE\u00bb\"}]},{\"@type\":\"WebSite\",\"@id\":\"https:\/\/www.pressenza.com\/it\/#website\",\"url\":\"https:\/\/www.pressenza.com\/it\/\",\"name\":\"Pressenza\",\"description\":\"Agenzia di Stampa Internazionale\",\"publisher\":{\"@id\":\"https:\/\/www.pressenza.com\/it\/#organization\"},\"potentialAction\":[{\"@type\":\"SearchAction\",\"target\":{\"@type\":\"EntryPoint\",\"urlTemplate\":\"https:\/\/www.pressenza.com\/it\/?s={search_term_string}\"},\"query-input\":{\"@type\":\"PropertyValueSpecification\",\"valueRequired\":true,\"valueName\":\"search_term_string\"}}],\"inLanguage\":\"it-IT\"},{\"@type\":\"Organization\",\"@id\":\"https:\/\/www.pressenza.com\/it\/#organization\",\"name\":\"Pressenza\",\"url\":\"https:\/\/www.pressenza.com\/it\/\",\"logo\":{\"@type\":\"ImageObject\",\"inLanguage\":\"it-IT\",\"@id\":\"https:\/\/www.pressenza.com\/it\/#\/schema\/logo\/image\/\",\"url\":\"https:\/\/www.pressenza.com\/wp-content\/uploads\/2022\/10\/pressenza_logo_200x200.jpg\",\"contentUrl\":\"https:\/\/www.pressenza.com\/wp-content\/uploads\/2022\/10\/pressenza_logo_200x200.jpg\",\"width\":200,\"height\":200,\"caption\":\"Pressenza\"},\"image\":{\"@id\":\"https:\/\/www.pressenza.com\/it\/#\/schema\/logo\/image\/\"},\"sameAs\":[\"https:\/\/www.facebook.com\/PressenzaItalia\",\"https:\/\/x.com\/PressenzaIPA\"]},{\"@type\":\"Person\",\"@id\":\"https:\/\/www.pressenza.com\/it\/#\/schema\/person\/3f383c7db303a1e1f80501ecf5638dff\",\"name\":\"Anna Lodeserto\",\"url\":\"https:\/\/www.pressenza.com\/it\/author\/anna-lodeserto\/\"}]}<\/script>\n<!-- \/ Yoast SEO plugin. -->","yoast_head_json":{"title":"Georgia e Serbia: un ponte di speranza e sinergie nel cuore dell\u2019\u00abEuropa oltre l\u2019UE\u00bb","description":"Lo scorso 30 marzo, i principali gruppi della diaspora georgiana hanno convocato ancora una volta i manifestanti davanti al Parlamento europeo a","robots":{"index":"index","follow":"follow","max-snippet":"max-snippet:-1","max-image-preview":"max-image-preview:large","max-video-preview":"max-video-preview:-1"},"canonical":"https:\/\/www.pressenza.com\/it\/2025\/04\/georgia-e-serbia-un-ponte-di-speranza-e-sinergie-nel-cuore-delleuropa-oltre-lue\/","og_locale":"it_IT","og_type":"article","og_title":"Georgia e Serbia: un ponte di speranza e sinergie nel cuore dell\u2019\u00abEuropa oltre l\u2019UE\u00bb","og_description":"Lo scorso 30 marzo, i principali gruppi della diaspora georgiana hanno convocato ancora una volta i manifestanti davanti al Parlamento europeo a","og_url":"https:\/\/www.pressenza.com\/it\/2025\/04\/georgia-e-serbia-un-ponte-di-speranza-e-sinergie-nel-cuore-delleuropa-oltre-lue\/","og_site_name":"Pressenza","article_publisher":"https:\/\/www.facebook.com\/PressenzaItalia","article_published_time":"2025-04-06T14:30:51+00:00","og_image":[{"width":850,"height":578,"url":"https:\/\/www.pressenza.com\/wp-content\/uploads\/2025\/04\/PROMOTE-GEORGIA-SPEAKING-30.03.jpg","type":"image\/jpeg"}],"author":"Anna Lodeserto","twitter_card":"summary_large_image","twitter_creator":"@PressenzaIPA","twitter_site":"@PressenzaIPA","twitter_misc":{"Scritto da":"Anna Lodeserto","Tempo di lettura stimato":"7 minuti"},"schema":{"@context":"https:\/\/schema.org","@graph":[{"@type":"Article","@id":"https:\/\/www.pressenza.com\/it\/2025\/04\/georgia-e-serbia-un-ponte-di-speranza-e-sinergie-nel-cuore-delleuropa-oltre-lue\/#article","isPartOf":{"@id":"https:\/\/www.pressenza.com\/it\/2025\/04\/georgia-e-serbia-un-ponte-di-speranza-e-sinergie-nel-cuore-delleuropa-oltre-lue\/"},"author":{"name":"Anna Lodeserto","@id":"https:\/\/www.pressenza.com\/it\/#\/schema\/person\/3f383c7db303a1e1f80501ecf5638dff"},"headline":"Georgia e Serbia: un ponte di speranza e sinergie nel cuore dell\u2019\u00abEuropa oltre l\u2019UE\u00bb","datePublished":"2025-04-06T14:30:51+00:00","mainEntityOfPage":{"@id":"https:\/\/www.pressenza.com\/it\/2025\/04\/georgia-e-serbia-un-ponte-di-speranza-e-sinergie-nel-cuore-delleuropa-oltre-lue\/"},"wordCount":1279,"publisher":{"@id":"https:\/\/www.pressenza.com\/it\/#organization"},"image":{"@id":"https:\/\/www.pressenza.com\/it\/2025\/04\/georgia-e-serbia-un-ponte-di-speranza-e-sinergie-nel-cuore-delleuropa-oltre-lue\/#primaryimage"},"thumbnailUrl":"https:\/\/www.pressenza.com\/wp-content\/uploads\/2025\/04\/PROMOTE-GEORGIA-SPEAKING-30.03.jpg","keywords":["Bruxelles","Georgia","Irakli Kobakhidze"],"articleSection":["contenuti originali","Politica"],"inLanguage":"it-IT"},{"@type":"WebPage","@id":"https:\/\/www.pressenza.com\/it\/2025\/04\/georgia-e-serbia-un-ponte-di-speranza-e-sinergie-nel-cuore-delleuropa-oltre-lue\/","url":"https:\/\/www.pressenza.com\/it\/2025\/04\/georgia-e-serbia-un-ponte-di-speranza-e-sinergie-nel-cuore-delleuropa-oltre-lue\/","name":"Georgia e Serbia: un ponte di speranza e sinergie nel cuore dell\u2019\u00abEuropa oltre l\u2019UE\u00bb","isPartOf":{"@id":"https:\/\/www.pressenza.com\/it\/#website"},"primaryImageOfPage":{"@id":"https:\/\/www.pressenza.com\/it\/2025\/04\/georgia-e-serbia-un-ponte-di-speranza-e-sinergie-nel-cuore-delleuropa-oltre-lue\/#primaryimage"},"image":{"@id":"https:\/\/www.pressenza.com\/it\/2025\/04\/georgia-e-serbia-un-ponte-di-speranza-e-sinergie-nel-cuore-delleuropa-oltre-lue\/#primaryimage"},"thumbnailUrl":"https:\/\/www.pressenza.com\/wp-content\/uploads\/2025\/04\/PROMOTE-GEORGIA-SPEAKING-30.03.jpg","datePublished":"2025-04-06T14:30:51+00:00","description":"Lo scorso 30 marzo, i principali gruppi della diaspora georgiana hanno convocato ancora una volta i manifestanti davanti al Parlamento europeo a","breadcrumb":{"@id":"https:\/\/www.pressenza.com\/it\/2025\/04\/georgia-e-serbia-un-ponte-di-speranza-e-sinergie-nel-cuore-delleuropa-oltre-lue\/#breadcrumb"},"inLanguage":"it-IT","potentialAction":[{"@type":"ReadAction","target":["https:\/\/www.pressenza.com\/it\/2025\/04\/georgia-e-serbia-un-ponte-di-speranza-e-sinergie-nel-cuore-delleuropa-oltre-lue\/"]}]},{"@type":"ImageObject","inLanguage":"it-IT","@id":"https:\/\/www.pressenza.com\/it\/2025\/04\/georgia-e-serbia-un-ponte-di-speranza-e-sinergie-nel-cuore-delleuropa-oltre-lue\/#primaryimage","url":"https:\/\/www.pressenza.com\/wp-content\/uploads\/2025\/04\/PROMOTE-GEORGIA-SPEAKING-30.03.jpg","contentUrl":"https:\/\/www.pressenza.com\/wp-content\/uploads\/2025\/04\/PROMOTE-GEORGIA-SPEAKING-30.03.jpg","width":850,"height":578},{"@type":"BreadcrumbList","@id":"https:\/\/www.pressenza.com\/it\/2025\/04\/georgia-e-serbia-un-ponte-di-speranza-e-sinergie-nel-cuore-delleuropa-oltre-lue\/#breadcrumb","itemListElement":[{"@type":"ListItem","position":1,"name":"Accueil","item":"https:\/\/www.pressenza.com\/it\/"},{"@type":"ListItem","position":2,"name":"Georgia e Serbia: un ponte di speranza e sinergie nel cuore dell\u2019\u00abEuropa oltre l\u2019UE\u00bb"}]},{"@type":"WebSite","@id":"https:\/\/www.pressenza.com\/it\/#website","url":"https:\/\/www.pressenza.com\/it\/","name":"Pressenza","description":"Agenzia di Stampa Internazionale","publisher":{"@id":"https:\/\/www.pressenza.com\/it\/#organization"},"potentialAction":[{"@type":"SearchAction","target":{"@type":"EntryPoint","urlTemplate":"https:\/\/www.pressenza.com\/it\/?s={search_term_string}"},"query-input":{"@type":"PropertyValueSpecification","valueRequired":true,"valueName":"search_term_string"}}],"inLanguage":"it-IT"},{"@type":"Organization","@id":"https:\/\/www.pressenza.com\/it\/#organization","name":"Pressenza","url":"https:\/\/www.pressenza.com\/it\/","logo":{"@type":"ImageObject","inLanguage":"it-IT","@id":"https:\/\/www.pressenza.com\/it\/#\/schema\/logo\/image\/","url":"https:\/\/www.pressenza.com\/wp-content\/uploads\/2022\/10\/pressenza_logo_200x200.jpg","contentUrl":"https:\/\/www.pressenza.com\/wp-content\/uploads\/2022\/10\/pressenza_logo_200x200.jpg","width":200,"height":200,"caption":"Pressenza"},"image":{"@id":"https:\/\/www.pressenza.com\/it\/#\/schema\/logo\/image\/"},"sameAs":["https:\/\/www.facebook.com\/PressenzaItalia","https:\/\/x.com\/PressenzaIPA"]},{"@type":"Person","@id":"https:\/\/www.pressenza.com\/it\/#\/schema\/person\/3f383c7db303a1e1f80501ecf5638dff","name":"Anna Lodeserto","url":"https:\/\/www.pressenza.com\/it\/author\/anna-lodeserto\/"}]}},"place":"","original_article_url":"","_links":{"self":[{"href":"https:\/\/www.pressenza.com\/it\/wp-json\/wp\/v2\/posts\/2595532","targetHints":{"allow":["GET"]}}],"collection":[{"href":"https:\/\/www.pressenza.com\/it\/wp-json\/wp\/v2\/posts"}],"about":[{"href":"https:\/\/www.pressenza.com\/it\/wp-json\/wp\/v2\/types\/post"}],"author":[{"embeddable":true,"href":"https:\/\/www.pressenza.com\/it\/wp-json\/wp\/v2\/users\/1948"}],"replies":[{"embeddable":true,"href":"https:\/\/www.pressenza.com\/it\/wp-json\/wp\/v2\/comments?post=2595532"}],"version-history":[{"count":0,"href":"https:\/\/www.pressenza.com\/it\/wp-json\/wp\/v2\/posts\/2595532\/revisions"}],"wp:featuredmedia":[{"embeddable":true,"href":"https:\/\/www.pressenza.com\/it\/wp-json\/wp\/v2\/media\/2595534"}],"wp:attachment":[{"href":"https:\/\/www.pressenza.com\/it\/wp-json\/wp\/v2\/media?parent=2595532"}],"wp:term":[{"taxonomy":"category","embeddable":true,"href":"https:\/\/www.pressenza.com\/it\/wp-json\/wp\/v2\/categories?post=2595532"},{"taxonomy":"post_tag","embeddable":true,"href":"https:\/\/www.pressenza.com\/it\/wp-json\/wp\/v2\/tags?post=2595532"}],"curies":[{"name":"wp","href":"https:\/\/api.w.org\/{rel}","templated":true}]}}