{"id":2595454,"date":"2025-04-06T10:18:15","date_gmt":"2025-04-06T09:18:15","guid":{"rendered":"https:\/\/www.pressenza.com\/?p=2595454"},"modified":"2025-04-06T10:20:09","modified_gmt":"2025-04-06T09:20:09","slug":"basta-silenzio-per-sara-per-ilaria-per-tutt3","status":"publish","type":"post","link":"https:\/\/www.pressenza.com\/it\/2025\/04\/basta-silenzio-per-sara-per-ilaria-per-tutt3\/","title":{"rendered":"Basta silenzio! Per Sara, per Ilaria, per tutt3&#8230;"},"content":{"rendered":"<p>Mentre a Roma sfilavano centomila persone per dire no al riarmo e a tutte le guerre, in piazza Politeama a Palermo sabato pomeriggio si \u00e8 svolto un sit-in contro la violenza di genere e i femminicidi, interpretati come esito esiziale del sistema di sfruttamento e dominio patriarcale e capitalistico.<\/p>\n<p>All\u2019appello hanno risposto le donne della CGIL, della sinistra radicale, ma soprattutto tanti gruppi autorganizzati: le femministe \u201cstoriche\u201d, dell\u2019uguaglianza e della differenza, ma anche le giovani transfemministe ed \u00e8 stato bello vederle tutte insieme alternarsi al microfono in una prospettiva comune.<\/p>\n<p>Del resto erano presenti tre generazioni di donne, anche adolescenti e bambine, e moltissimi ragazzi e uomini consapevoli dei privilegi obsoleti e delle responsabilit\u00e0 attualissime del proprio sesso a fronte di una libert\u00e0 femminile per troppi ancora inaccettabile.<\/p>\n<p>La convocazione suonava cos\u00ec: \u201cBasta silenzio! Per Sara, per Ilaria, per tutt3\u201d, mentre lo slogan pi\u00f9 ripetuto era \u201cDi tutte quelle donne che pi\u00f9 non hanno voce \/ siamo il grido altissimo e feroce\u201d che si accompagnava a quello ormai collaudato di Non Una Di Meno \u201cL\u2019uomo violento non \u00e8 malato \/ \u00e8 figlio sano del patriarcato\u201d.<\/p>\n<p>Lo striscione del collettivo transfemminista Angela Davis recitava \u201cContro lo Stato femminicida \/ saremo noi la voce che grida\u201d. E si \u00e8 fatto, come sempre, molto \u201crumore\u201d con le chiavi, con i fischietti.<\/p>\n<p>In tante portavano cartelloni: \u00c8 il bravo ragazzo della vostra societ\u00e0, Vogliamo crescere libere, Basta con la normalit\u00e0 della barbarie: scateniamo la nostra doppia ribellione (contro il patriarcato e contro il capitalismo, ndr).<\/p>\n<p>I prossimi appuntamenti saranno luned\u00ec 7 aprile con il collettivo Scirocco presso l\u2019edificio 19 dell\u2019Universit\u00e0 in via delle Scienze alle 17.30 e marted\u00ec 8 alle 18.30 nei locali di Stato Brado in piazzetta Resuttano 4 per \u201cuna assemblea e una passeggiata arrabbiata\u201d con NUDM che propone \u201cCi vogliamo viv3\u201d.<\/p>\n<div class=\"post-gallery\">\n\t\t\t<figure class=\"post-gallery-item\">\n\t\t\t\t<img decoding=\"async\" src=\"https:\/\/www.pressenza.com\/wp-content\/uploads\/2025\/04\/488886331_10213218170846298_3885277402858551482_n-Copia.jpg\" loading=\"lazy\">\n\t\t\t\t<figcaption>\n\t\t\t\t\t\n\t\t\t\t<\/figcaption>\n\t\t\t<\/figure>\n\t\t\t<figure class=\"post-gallery-item\">\n\t\t\t\t<img decoding=\"async\" src=\"https:\/\/www.pressenza.com\/wp-content\/uploads\/2025\/04\/488597980_10213218228167731_2533600832341385890_n-Copia.jpg\" loading=\"lazy\">\n\t\t\t\t<figcaption>\n\t\t\t\t\t\n\t\t\t\t<\/figcaption>\n\t\t\t<\/figure>\n\t\t\t<figure class=\"post-gallery-item\">\n\t\t\t\t<img decoding=\"async\" src=\"https:\/\/www.pressenza.com\/wp-content\/uploads\/2025\/04\/488715055_10213218170366286_7370253896508655846_n-Copia.jpg\" loading=\"lazy\">\n\t\t\t\t<figcaption>\n\t\t\t\t\t\n\t\t\t\t<\/figcaption>\n\t\t\t<\/figure>\n\t\t\t<figure class=\"post-gallery-item\">\n\t\t\t\t<img decoding=\"async\" src=\"https:\/\/www.pressenza.com\/wp-content\/uploads\/2025\/04\/488881674_10213218213287359_2359781729539290592_n-Copia.jpg\" loading=\"lazy\">\n\t\t\t\t<figcaption>\n\t\t\t\t\t\n\t\t\t\t<\/figcaption>\n\t\t\t<\/figure>\n\t\t\t<figure class=\"post-gallery-item\">\n\t\t\t\t<img decoding=\"async\" src=\"https:\/\/www.pressenza.com\/wp-content\/uploads\/2025\/04\/488884780_10213218180406537_4111123141300428863_n-Copia.jpg\" loading=\"lazy\">\n\t\t\t\t<figcaption>\n\t\t\t\t\t\n\t\t\t\t<\/figcaption>\n\t\t\t<\/figure>\n\t\t\t<figure class=\"post-gallery-item\">\n\t\t\t\t<img decoding=\"async\" src=\"https:\/\/www.pressenza.com\/wp-content\/uploads\/2025\/04\/488885702_10213218169766271_3895830038250620288_n-Copia.jpg\" loading=\"lazy\">\n\t\t\t\t<figcaption>\n\t\t\t\t\t\n\t\t\t\t<\/figcaption>\n\t\t\t<\/figure>\n\t\t\t<figure class=\"post-gallery-item\">\n\t\t\t\t<img decoding=\"async\" src=\"https:\/\/www.pressenza.com\/wp-content\/uploads\/2025\/04\/488587890_10213218172886349_5214071296610328879_n.jpg\" loading=\"lazy\">\n\t\t\t\t<figcaption>\n\t\t\t\t\t\n\t\t\t\t<\/figcaption>\n\t\t\t<\/figure>\n\t\t\t<figure class=\"post-gallery-item\">\n\t\t\t\t<img decoding=\"async\" src=\"https:\/\/www.pressenza.com\/wp-content\/uploads\/2025\/04\/488886413_10213218168006227_4087302528024290326_n.jpg\" loading=\"lazy\">\n\t\t\t\t<figcaption>\n\t\t\t\t\t\n\t\t\t\t<\/figcaption>\n\t\t\t<\/figure>\n\t\t\t<figure class=\"post-gallery-item\">\n\t\t\t\t<img decoding=\"async\" src=\"https:\/\/www.pressenza.com\/wp-content\/uploads\/2025\/04\/488905813_10213218211367311_7339718937027677959_n.jpg\" loading=\"lazy\">\n\t\t\t\t<figcaption>\n\t\t\t\t\t\n\t\t\t\t<\/figcaption>\n\t\t\t<\/figure>\n\t\t\t<figure class=\"post-gallery-item\">\n\t\t\t\t<img decoding=\"async\" src=\"https:\/\/www.pressenza.com\/wp-content\/uploads\/2025\/04\/488907186_10213218189006752_7970335312066594964_n.jpg\" loading=\"lazy\">\n\t\t\t\t<figcaption>\n\t\t\t\t\t\n\t\t\t\t<\/figcaption>\n\t\t\t<\/figure>\n\t\t\t<figure class=\"post-gallery-item\">\n\t\t\t\t<img decoding=\"async\" src=\"https:\/\/www.pressenza.com\/wp-content\/uploads\/2025\/04\/489068695_10213218194246883_3466628542764722265_n.jpg\" loading=\"lazy\">\n\t\t\t\t<figcaption>\n\t\t\t\t\t\n\t\t\t\t<\/figcaption>\n\t\t\t<\/figure>\n\t\t\t<figure class=\"post-gallery-item\">\n\t\t\t\t<img decoding=\"async\" src=\"https:\/\/www.pressenza.com\/wp-content\/uploads\/2025\/04\/489145481_10213218164926150_3916236120128217683_n.jpg\" loading=\"lazy\">\n\t\t\t\t<figcaption>\n\t\t\t\t\tsit in a Palermo 5 aprile 2025\n\t\t\t\t<\/figcaption>\n\t\t\t<\/figure>\n\t\t\t<figure class=\"post-gallery-item\">\n\t\t\t\t<img decoding=\"async\" src=\"https:\/\/www.pressenza.com\/wp-content\/uploads\/2025\/04\/489235157_10213218243728120_4017673606904756203_n.jpg\" loading=\"lazy\">\n\t\t\t\t<figcaption>\n\t\t\t\t\t\n\t\t\t\t<\/figcaption>\n\t\t\t<\/figure><\/div>\n<p>&nbsp;<\/p>\n<p>&nbsp;<\/p>\n","protected":false},"excerpt":{"rendered":"<p>Mentre a Roma sfilavano centomila persone per dire no al riarmo e a tutte le guerre, in piazza Politeama a Palermo sabato pomeriggio si \u00e8 svolto un sit-in contro la violenza di genere e i femminicidi, interpretati come esito esiziale&hellip;<\/p>\n","protected":false},"author":2071,"featured_media":2595466,"comment_status":"closed","ping_status":"closed","sticky":false,"template":"","format":"standard","meta":{"footnotes":""},"categories":[11388,5677,54513,46975,1262],"tags":[9455,135148,128898,33023,71780],"class_list":["post-2595454","post","type-post","status-publish","format-standard","has-post-thumbnail","hentry","category-contenuti-originali","category-fotoreportages","category-genere-e-femminismi","category-giovani","category-nonviolenza-argomento","tag-femminicidi","tag-femminismo-delluguaglianza","tag-femminismo-della-differenza","tag-non-una-di-meno","tag-transfemminismo"],"yoast_head":"<!-- This site is optimized with the Yoast SEO plugin v27.1.1 - https:\/\/yoast.com\/product\/yoast-seo-wordpress\/ -->\n<title>Basta silenzio! Per Sara, per Ilaria, per tutt3...<\/title>\n<meta name=\"description\" content=\"Mentre a Roma sfilavano centomila persone per dire no al riarmo e a tutte le guerre, in piazza Politeama a Palermo sabato pomeriggio si \u00e8 svolto un sit-in\" \/>\n<meta name=\"robots\" content=\"index, follow, max-snippet:-1, max-image-preview:large, max-video-preview:-1\" \/>\n<link rel=\"canonical\" href=\"https:\/\/www.pressenza.com\/it\/2025\/04\/basta-silenzio-per-sara-per-ilaria-per-tutt3\/\" \/>\n<meta property=\"og:locale\" content=\"it_IT\" \/>\n<meta property=\"og:type\" content=\"article\" \/>\n<meta property=\"og:title\" content=\"Basta silenzio! Per Sara, per Ilaria, per tutt3...\" \/>\n<meta property=\"og:description\" content=\"Mentre a Roma sfilavano centomila persone per dire no al riarmo e a tutte le guerre, in piazza Politeama a Palermo sabato pomeriggio si \u00e8 svolto un sit-in\" \/>\n<meta property=\"og:url\" content=\"https:\/\/www.pressenza.com\/it\/2025\/04\/basta-silenzio-per-sara-per-ilaria-per-tutt3\/\" \/>\n<meta property=\"og:site_name\" content=\"Pressenza\" \/>\n<meta property=\"article:publisher\" content=\"https:\/\/www.facebook.com\/PressenzaItalia\" \/>\n<meta property=\"article:published_time\" content=\"2025-04-06T09:18:15+00:00\" \/>\n<meta property=\"article:modified_time\" content=\"2025-04-06T09:20:09+00:00\" \/>\n<meta property=\"og:image\" content=\"https:\/\/www.pressenza.com\/wp-content\/uploads\/2025\/04\/489145481_10213218164926150_3916236120128217683_n.jpg\" \/>\n\t<meta property=\"og:image:width\" content=\"800\" \/>\n\t<meta property=\"og:image:height\" content=\"533\" \/>\n\t<meta property=\"og:image:type\" content=\"image\/jpeg\" \/>\n<meta name=\"author\" content=\"Daniela Musumeci\" \/>\n<meta name=\"twitter:card\" content=\"summary_large_image\" \/>\n<meta name=\"twitter:creator\" content=\"@PressenzaIPA\" \/>\n<meta name=\"twitter:site\" content=\"@PressenzaIPA\" \/>\n<meta name=\"twitter:label1\" content=\"Scritto da\" \/>\n\t<meta name=\"twitter:data1\" content=\"Daniela Musumeci\" \/>\n\t<meta name=\"twitter:label2\" content=\"Tempo di lettura stimato\" \/>\n\t<meta name=\"twitter:data2\" content=\"2 minuti\" \/>\n<script type=\"application\/ld+json\" class=\"yoast-schema-graph\">{\"@context\":\"https:\/\/schema.org\",\"@graph\":[{\"@type\":\"Article\",\"@id\":\"https:\/\/www.pressenza.com\/it\/2025\/04\/basta-silenzio-per-sara-per-ilaria-per-tutt3\/#article\",\"isPartOf\":{\"@id\":\"https:\/\/www.pressenza.com\/it\/2025\/04\/basta-silenzio-per-sara-per-ilaria-per-tutt3\/\"},\"author\":{\"name\":\"Daniela Musumeci\",\"@id\":\"https:\/\/www.pressenza.com\/it\/#\/schema\/person\/0572f6ebe44be483ac92970960e293ad\"},\"headline\":\"Basta silenzio! Per Sara, per Ilaria, per tutt3&#8230;\",\"datePublished\":\"2025-04-06T09:18:15+00:00\",\"dateModified\":\"2025-04-06T09:20:09+00:00\",\"mainEntityOfPage\":{\"@id\":\"https:\/\/www.pressenza.com\/it\/2025\/04\/basta-silenzio-per-sara-per-ilaria-per-tutt3\/\"},\"wordCount\":302,\"publisher\":{\"@id\":\"https:\/\/www.pressenza.com\/it\/#organization\"},\"image\":{\"@id\":\"https:\/\/www.pressenza.com\/it\/2025\/04\/basta-silenzio-per-sara-per-ilaria-per-tutt3\/#primaryimage\"},\"thumbnailUrl\":\"https:\/\/www.pressenza.com\/wp-content\/uploads\/2025\/04\/489145481_10213218164926150_3916236120128217683_n.jpg\",\"keywords\":[\"femminicidi\",\"femminismo dell'uguaglianza\",\"femminismo della differenza\",\"Non una di meno\",\"Transfemminismo\"],\"articleSection\":[\"contenuti originali\",\"Fotoreportages\",\"Genere e femminismi\",\"Giovani\",\"Nonviolenza\"],\"inLanguage\":\"it-IT\"},{\"@type\":\"WebPage\",\"@id\":\"https:\/\/www.pressenza.com\/it\/2025\/04\/basta-silenzio-per-sara-per-ilaria-per-tutt3\/\",\"url\":\"https:\/\/www.pressenza.com\/it\/2025\/04\/basta-silenzio-per-sara-per-ilaria-per-tutt3\/\",\"name\":\"Basta silenzio! Per Sara, per Ilaria, per tutt3...\",\"isPartOf\":{\"@id\":\"https:\/\/www.pressenza.com\/it\/#website\"},\"primaryImageOfPage\":{\"@id\":\"https:\/\/www.pressenza.com\/it\/2025\/04\/basta-silenzio-per-sara-per-ilaria-per-tutt3\/#primaryimage\"},\"image\":{\"@id\":\"https:\/\/www.pressenza.com\/it\/2025\/04\/basta-silenzio-per-sara-per-ilaria-per-tutt3\/#primaryimage\"},\"thumbnailUrl\":\"https:\/\/www.pressenza.com\/wp-content\/uploads\/2025\/04\/489145481_10213218164926150_3916236120128217683_n.jpg\",\"datePublished\":\"2025-04-06T09:18:15+00:00\",\"dateModified\":\"2025-04-06T09:20:09+00:00\",\"description\":\"Mentre a Roma sfilavano centomila persone per dire no al riarmo e a tutte le guerre, in piazza Politeama a Palermo sabato pomeriggio si \u00e8 svolto un sit-in\",\"breadcrumb\":{\"@id\":\"https:\/\/www.pressenza.com\/it\/2025\/04\/basta-silenzio-per-sara-per-ilaria-per-tutt3\/#breadcrumb\"},\"inLanguage\":\"it-IT\",\"potentialAction\":[{\"@type\":\"ReadAction\",\"target\":[\"https:\/\/www.pressenza.com\/it\/2025\/04\/basta-silenzio-per-sara-per-ilaria-per-tutt3\/\"]}]},{\"@type\":\"ImageObject\",\"inLanguage\":\"it-IT\",\"@id\":\"https:\/\/www.pressenza.com\/it\/2025\/04\/basta-silenzio-per-sara-per-ilaria-per-tutt3\/#primaryimage\",\"url\":\"https:\/\/www.pressenza.com\/wp-content\/uploads\/2025\/04\/489145481_10213218164926150_3916236120128217683_n.jpg\",\"contentUrl\":\"https:\/\/www.pressenza.com\/wp-content\/uploads\/2025\/04\/489145481_10213218164926150_3916236120128217683_n.jpg\",\"width\":800,\"height\":533,\"caption\":\"sit in a Palermo 5 aprile 2025\"},{\"@type\":\"BreadcrumbList\",\"@id\":\"https:\/\/www.pressenza.com\/it\/2025\/04\/basta-silenzio-per-sara-per-ilaria-per-tutt3\/#breadcrumb\",\"itemListElement\":[{\"@type\":\"ListItem\",\"position\":1,\"name\":\"Accueil\",\"item\":\"https:\/\/www.pressenza.com\/it\/\"},{\"@type\":\"ListItem\",\"position\":2,\"name\":\"Basta silenzio! Per Sara, per Ilaria, per tutt3&#8230;\"}]},{\"@type\":\"WebSite\",\"@id\":\"https:\/\/www.pressenza.com\/it\/#website\",\"url\":\"https:\/\/www.pressenza.com\/it\/\",\"name\":\"Pressenza\",\"description\":\"Agenzia di Stampa Internazionale\",\"publisher\":{\"@id\":\"https:\/\/www.pressenza.com\/it\/#organization\"},\"potentialAction\":[{\"@type\":\"SearchAction\",\"target\":{\"@type\":\"EntryPoint\",\"urlTemplate\":\"https:\/\/www.pressenza.com\/it\/?s={search_term_string}\"},\"query-input\":{\"@type\":\"PropertyValueSpecification\",\"valueRequired\":true,\"valueName\":\"search_term_string\"}}],\"inLanguage\":\"it-IT\"},{\"@type\":\"Organization\",\"@id\":\"https:\/\/www.pressenza.com\/it\/#organization\",\"name\":\"Pressenza\",\"url\":\"https:\/\/www.pressenza.com\/it\/\",\"logo\":{\"@type\":\"ImageObject\",\"inLanguage\":\"it-IT\",\"@id\":\"https:\/\/www.pressenza.com\/it\/#\/schema\/logo\/image\/\",\"url\":\"https:\/\/www.pressenza.com\/wp-content\/uploads\/2022\/10\/pressenza_logo_200x200.jpg\",\"contentUrl\":\"https:\/\/www.pressenza.com\/wp-content\/uploads\/2022\/10\/pressenza_logo_200x200.jpg\",\"width\":200,\"height\":200,\"caption\":\"Pressenza\"},\"image\":{\"@id\":\"https:\/\/www.pressenza.com\/it\/#\/schema\/logo\/image\/\"},\"sameAs\":[\"https:\/\/www.facebook.com\/PressenzaItalia\",\"https:\/\/x.com\/PressenzaIPA\"]},{\"@type\":\"Person\",\"@id\":\"https:\/\/www.pressenza.com\/it\/#\/schema\/person\/0572f6ebe44be483ac92970960e293ad\",\"name\":\"Daniela Musumeci\",\"description\":\"Daniela Musumeci \u00e8 nata nel 1953 a Palermo, dove ha insegnato filosofia e storia nei licei, scientifico e classico, occupandosi tra l\u2019altro di educazione alla interculturalit\u00e0, didattica antimafia e pedagogia della differenza. Ha pubblicato diverse raccolte di poesie e collaborato con la rivista \u201cMezzocielo\u201d e l\u2019associazione \u201cLuminaria\u201d. Attualmente partecipa alle attivit\u00e0 del No Mafia Memorial, del Caff\u00e8 Filosofico \u201cB. Bonetti\u201d e alla redazione di Palermo di Pressenza. \u00c8 volontaria di Refugees Welcome Italia. Ha curato con altre autrici un\u2019antologia di scrittrici e scrittori siciliani di ogni tempo.\",\"url\":\"https:\/\/www.pressenza.com\/it\/author\/daniela-musumeci\/\"}]}<\/script>\n<!-- \/ Yoast SEO plugin. -->","yoast_head_json":{"title":"Basta silenzio! Per Sara, per Ilaria, per tutt3...","description":"Mentre a Roma sfilavano centomila persone per dire no al riarmo e a tutte le guerre, in piazza Politeama a Palermo sabato pomeriggio si \u00e8 svolto un sit-in","robots":{"index":"index","follow":"follow","max-snippet":"max-snippet:-1","max-image-preview":"max-image-preview:large","max-video-preview":"max-video-preview:-1"},"canonical":"https:\/\/www.pressenza.com\/it\/2025\/04\/basta-silenzio-per-sara-per-ilaria-per-tutt3\/","og_locale":"it_IT","og_type":"article","og_title":"Basta silenzio! Per Sara, per Ilaria, per tutt3...","og_description":"Mentre a Roma sfilavano centomila persone per dire no al riarmo e a tutte le guerre, in piazza Politeama a Palermo sabato pomeriggio si \u00e8 svolto un sit-in","og_url":"https:\/\/www.pressenza.com\/it\/2025\/04\/basta-silenzio-per-sara-per-ilaria-per-tutt3\/","og_site_name":"Pressenza","article_publisher":"https:\/\/www.facebook.com\/PressenzaItalia","article_published_time":"2025-04-06T09:18:15+00:00","article_modified_time":"2025-04-06T09:20:09+00:00","og_image":[{"width":800,"height":533,"url":"https:\/\/www.pressenza.com\/wp-content\/uploads\/2025\/04\/489145481_10213218164926150_3916236120128217683_n.jpg","type":"image\/jpeg"}],"author":"Daniela Musumeci","twitter_card":"summary_large_image","twitter_creator":"@PressenzaIPA","twitter_site":"@PressenzaIPA","twitter_misc":{"Scritto da":"Daniela Musumeci","Tempo di lettura stimato":"2 minuti"},"schema":{"@context":"https:\/\/schema.org","@graph":[{"@type":"Article","@id":"https:\/\/www.pressenza.com\/it\/2025\/04\/basta-silenzio-per-sara-per-ilaria-per-tutt3\/#article","isPartOf":{"@id":"https:\/\/www.pressenza.com\/it\/2025\/04\/basta-silenzio-per-sara-per-ilaria-per-tutt3\/"},"author":{"name":"Daniela Musumeci","@id":"https:\/\/www.pressenza.com\/it\/#\/schema\/person\/0572f6ebe44be483ac92970960e293ad"},"headline":"Basta silenzio! Per Sara, per Ilaria, per tutt3&#8230;","datePublished":"2025-04-06T09:18:15+00:00","dateModified":"2025-04-06T09:20:09+00:00","mainEntityOfPage":{"@id":"https:\/\/www.pressenza.com\/it\/2025\/04\/basta-silenzio-per-sara-per-ilaria-per-tutt3\/"},"wordCount":302,"publisher":{"@id":"https:\/\/www.pressenza.com\/it\/#organization"},"image":{"@id":"https:\/\/www.pressenza.com\/it\/2025\/04\/basta-silenzio-per-sara-per-ilaria-per-tutt3\/#primaryimage"},"thumbnailUrl":"https:\/\/www.pressenza.com\/wp-content\/uploads\/2025\/04\/489145481_10213218164926150_3916236120128217683_n.jpg","keywords":["femminicidi","femminismo dell'uguaglianza","femminismo della differenza","Non una di meno","Transfemminismo"],"articleSection":["contenuti originali","Fotoreportages","Genere e femminismi","Giovani","Nonviolenza"],"inLanguage":"it-IT"},{"@type":"WebPage","@id":"https:\/\/www.pressenza.com\/it\/2025\/04\/basta-silenzio-per-sara-per-ilaria-per-tutt3\/","url":"https:\/\/www.pressenza.com\/it\/2025\/04\/basta-silenzio-per-sara-per-ilaria-per-tutt3\/","name":"Basta silenzio! Per Sara, per Ilaria, per tutt3...","isPartOf":{"@id":"https:\/\/www.pressenza.com\/it\/#website"},"primaryImageOfPage":{"@id":"https:\/\/www.pressenza.com\/it\/2025\/04\/basta-silenzio-per-sara-per-ilaria-per-tutt3\/#primaryimage"},"image":{"@id":"https:\/\/www.pressenza.com\/it\/2025\/04\/basta-silenzio-per-sara-per-ilaria-per-tutt3\/#primaryimage"},"thumbnailUrl":"https:\/\/www.pressenza.com\/wp-content\/uploads\/2025\/04\/489145481_10213218164926150_3916236120128217683_n.jpg","datePublished":"2025-04-06T09:18:15+00:00","dateModified":"2025-04-06T09:20:09+00:00","description":"Mentre a Roma sfilavano centomila persone per dire no al riarmo e a tutte le guerre, in piazza Politeama a Palermo sabato pomeriggio si \u00e8 svolto un sit-in","breadcrumb":{"@id":"https:\/\/www.pressenza.com\/it\/2025\/04\/basta-silenzio-per-sara-per-ilaria-per-tutt3\/#breadcrumb"},"inLanguage":"it-IT","potentialAction":[{"@type":"ReadAction","target":["https:\/\/www.pressenza.com\/it\/2025\/04\/basta-silenzio-per-sara-per-ilaria-per-tutt3\/"]}]},{"@type":"ImageObject","inLanguage":"it-IT","@id":"https:\/\/www.pressenza.com\/it\/2025\/04\/basta-silenzio-per-sara-per-ilaria-per-tutt3\/#primaryimage","url":"https:\/\/www.pressenza.com\/wp-content\/uploads\/2025\/04\/489145481_10213218164926150_3916236120128217683_n.jpg","contentUrl":"https:\/\/www.pressenza.com\/wp-content\/uploads\/2025\/04\/489145481_10213218164926150_3916236120128217683_n.jpg","width":800,"height":533,"caption":"sit in a Palermo 5 aprile 2025"},{"@type":"BreadcrumbList","@id":"https:\/\/www.pressenza.com\/it\/2025\/04\/basta-silenzio-per-sara-per-ilaria-per-tutt3\/#breadcrumb","itemListElement":[{"@type":"ListItem","position":1,"name":"Accueil","item":"https:\/\/www.pressenza.com\/it\/"},{"@type":"ListItem","position":2,"name":"Basta silenzio! Per Sara, per Ilaria, per tutt3&#8230;"}]},{"@type":"WebSite","@id":"https:\/\/www.pressenza.com\/it\/#website","url":"https:\/\/www.pressenza.com\/it\/","name":"Pressenza","description":"Agenzia di Stampa Internazionale","publisher":{"@id":"https:\/\/www.pressenza.com\/it\/#organization"},"potentialAction":[{"@type":"SearchAction","target":{"@type":"EntryPoint","urlTemplate":"https:\/\/www.pressenza.com\/it\/?s={search_term_string}"},"query-input":{"@type":"PropertyValueSpecification","valueRequired":true,"valueName":"search_term_string"}}],"inLanguage":"it-IT"},{"@type":"Organization","@id":"https:\/\/www.pressenza.com\/it\/#organization","name":"Pressenza","url":"https:\/\/www.pressenza.com\/it\/","logo":{"@type":"ImageObject","inLanguage":"it-IT","@id":"https:\/\/www.pressenza.com\/it\/#\/schema\/logo\/image\/","url":"https:\/\/www.pressenza.com\/wp-content\/uploads\/2022\/10\/pressenza_logo_200x200.jpg","contentUrl":"https:\/\/www.pressenza.com\/wp-content\/uploads\/2022\/10\/pressenza_logo_200x200.jpg","width":200,"height":200,"caption":"Pressenza"},"image":{"@id":"https:\/\/www.pressenza.com\/it\/#\/schema\/logo\/image\/"},"sameAs":["https:\/\/www.facebook.com\/PressenzaItalia","https:\/\/x.com\/PressenzaIPA"]},{"@type":"Person","@id":"https:\/\/www.pressenza.com\/it\/#\/schema\/person\/0572f6ebe44be483ac92970960e293ad","name":"Daniela Musumeci","description":"Daniela Musumeci \u00e8 nata nel 1953 a Palermo, dove ha insegnato filosofia e storia nei licei, scientifico e classico, occupandosi tra l\u2019altro di educazione alla interculturalit\u00e0, didattica antimafia e pedagogia della differenza. Ha pubblicato diverse raccolte di poesie e collaborato con la rivista \u201cMezzocielo\u201d e l\u2019associazione \u201cLuminaria\u201d. Attualmente partecipa alle attivit\u00e0 del No Mafia Memorial, del Caff\u00e8 Filosofico \u201cB. Bonetti\u201d e alla redazione di Palermo di Pressenza. \u00c8 volontaria di Refugees Welcome Italia. Ha curato con altre autrici un\u2019antologia di scrittrici e scrittori siciliani di ogni tempo.","url":"https:\/\/www.pressenza.com\/it\/author\/daniela-musumeci\/"}]}},"place":"","original_article_url":"","_links":{"self":[{"href":"https:\/\/www.pressenza.com\/it\/wp-json\/wp\/v2\/posts\/2595454","targetHints":{"allow":["GET"]}}],"collection":[{"href":"https:\/\/www.pressenza.com\/it\/wp-json\/wp\/v2\/posts"}],"about":[{"href":"https:\/\/www.pressenza.com\/it\/wp-json\/wp\/v2\/types\/post"}],"author":[{"embeddable":true,"href":"https:\/\/www.pressenza.com\/it\/wp-json\/wp\/v2\/users\/2071"}],"replies":[{"embeddable":true,"href":"https:\/\/www.pressenza.com\/it\/wp-json\/wp\/v2\/comments?post=2595454"}],"version-history":[{"count":0,"href":"https:\/\/www.pressenza.com\/it\/wp-json\/wp\/v2\/posts\/2595454\/revisions"}],"wp:featuredmedia":[{"embeddable":true,"href":"https:\/\/www.pressenza.com\/it\/wp-json\/wp\/v2\/media\/2595466"}],"wp:attachment":[{"href":"https:\/\/www.pressenza.com\/it\/wp-json\/wp\/v2\/media?parent=2595454"}],"wp:term":[{"taxonomy":"category","embeddable":true,"href":"https:\/\/www.pressenza.com\/it\/wp-json\/wp\/v2\/categories?post=2595454"},{"taxonomy":"post_tag","embeddable":true,"href":"https:\/\/www.pressenza.com\/it\/wp-json\/wp\/v2\/tags?post=2595454"}],"curies":[{"name":"wp","href":"https:\/\/api.w.org\/{rel}","templated":true}]}}