{"id":2593836,"date":"2025-03-30T12:34:16","date_gmt":"2025-03-30T11:34:16","guid":{"rendered":"https:\/\/www.pressenza.com\/?p=2593836"},"modified":"2025-03-30T12:34:16","modified_gmt":"2025-03-30T11:34:16","slug":"le-cinque-italie-della-disuguaglianza","status":"publish","type":"post","link":"https:\/\/www.pressenza.com\/it\/2025\/03\/le-cinque-italie-della-disuguaglianza\/","title":{"rendered":"Le \u201cCinque Italie\u201d della disuguaglianza"},"content":{"rendered":"<p><span style=\"font-weight: 400;\">L\u2019Italia \u00e8 storicamente caratterizzata da un forte divario tra Nord e Sud, con quest\u2019ultimo che resta in costante ritardo nei confronti delle regioni settentrionali. Le disparit\u00e0 territoriali in termini di reddito e occupazione sono profonde e persistenti in tutta Europa. In diversi Stati membri dell\u2019Unione Europea si registrano infatti crescenti disuguaglianze regionali, ma la <\/span><i><span style=\"font-weight: 400;\">performance<\/span><\/i><span style=\"font-weight: 400;\"> risulta particolarmente negativa. Negli ultimi vent\u2019anni, le regioni italiane, e in particolare quelle economicamente meno avanzate, non hanno mostrato alcun processo di convergenza verso la media dell\u2019<\/span><b>Unione Europea<\/b><span style=\"font-weight: 400;\">. Tuttavia, negli ultimi anni qualcosa \u00e8 cambiato nelle dinamiche socioeconomiche territoriali ed \u00e8 cresciuta nel tempo la consapevolezza che non siamo pi\u00f9 di fronte ad un\u2019Italia settentrionale monolitica e ad un Mezzogiorno omogeneamente arretrato. Gi\u00e0 nel 2021, grazie ad un primo studio della sede italiana della <\/span><b>Friedrich-Ebert-Stiftung<\/b><span style=\"font-weight: 400;\">, dal titolo \u201c<\/span><b>Italia diseguale<\/b><span style=\"font-weight: 400;\">\u201d e messo a punto da <\/span><b>Francesco Prota<\/b><span style=\"font-weight: 400;\">, si erano definite \u201c<\/span><i><span style=\"font-weight: 400;\">Quattro Italie<\/span><\/i><span style=\"font-weight: 400;\">\u201d con differenti livelli di sviluppo e all\u2019interno del Sud \u201c<\/span><i><span style=\"font-weight: 400;\">Tre Mezzogiorni<\/span><\/i><span style=\"font-weight: 400;\">\u201d con diverse potenzialit\u00e0 inespresse. Quel lavoro di ricerca aveva evidenziato come diversi territori del Nord Italia presentassero molte sfaccettature e talune diversit\u00e0 strutturali, che li rendevano <\/span><i><span style=\"font-weight: 400;\">\u201csimili<\/span><\/i><span style=\"font-weight: 400;\">\u201d a zone del Centro e del Sud. Nel contempo,\u00a0 aveva sottolineato quanto diversi fossero i livelli di industrializzazione, innovazione, squilibri demografici e investimenti, a seconda del <\/span><i><span style=\"font-weight: 400;\">cluster<\/span><\/i><span style=\"font-weight: 400;\"> di riferimento. La <\/span><b>Fondazione Friedrich-Ebert-Stiftung<\/b><span style=\"font-weight: 400;\"> (<\/span><a href=\"https:\/\/italia.fes.de\/it\/index.html\"><span style=\"font-weight: 400;\">https:\/\/italia.fes.de\/it\/index.html<\/span><\/a><span style=\"font-weight: 400;\">) ha ora commissionato a <\/span><b>Francesco Prota<\/b><span style=\"font-weight: 400;\"> e a <\/span><b>Lorenzo Cicatiello<\/b><span style=\"font-weight: 400;\"> un nuovo rapporto, dal titolo <\/span><b><i>\u201cItalia (ancora) diseguale<\/i><\/b><span style=\"font-weight: 400;\">\u201d che offre un\u2019analisi dettagliata delle disparit\u00e0 territoriali a scala subregionale e identifica ben \u201c<\/span><i><span style=\"font-weight: 400;\">Cinque Italie<\/span><\/i><span style=\"font-weight: 400;\">\u201d, ognuna con caratteristiche economiche e sociali peculiari.<\/span><\/p>\n<p><b>Le province incluse nel primo <\/b><b><i>cluster<\/i><\/b><span style=\"font-weight: 400;\"> sono quelle con le migliori condizioni socioeconomiche: le province con le grandi citt\u00e0 del Centro-Nord (Bologna, Firenze, Milano, Roma, Torino), e quelle con poli industriali e innovativi di antica tradizione (Modena, Parma, Pisa, Pordenone, Reggio Emilia, Rimini). La maggior parte delle variabili sono al di sopra della media nazionale: il tasso di occupazione medio arriva quasi al 70%, i salari sono molto elevati e c\u2019\u00e8 una forte tendenza all\u2019innovazione, come testimoniato dalla elevata propensione alla brevettazione. \u201c<\/span><i><span style=\"font-weight: 400;\">Questa Italia<\/span><\/i><span style=\"font-weight: 400;\">\u201d mostra anche valori elevati per offerta e patrimonio culturale, oltre che grande capitale civico e partecipazione. Il saldo migratorio nettamente al di sopra della media nazionale suggerisce che le province incluse in questo cluster sono attratti ve per i residenti in altre regioni. Tuttavia, questa dinamica comporta una pressione sul mercato immobiliare (i prezzi delle case sono i pi\u00f9 alti osservati) e sulla disponibilit\u00e0 di medici. <\/span><b>Il secondo <\/b><b><i>cluster<\/i><\/b><span style=\"font-weight: 400;\"> include province del Nord (principalmente in Lombardia, Veneto e Trentino-Alto Adige) a forte vocazione industriale e manufatturiera. In queste province il tasso di occupazione \u00e8 molto alto, cos\u00ec come gli stipendi e l\u2019innovativit\u00e0 della produzione. Tuttavia, a differenza del primo <\/span><i><span style=\"font-weight: 400;\">cluster<\/span><\/i><span style=\"font-weight: 400;\">, questa innovazione non sembra essere supportata da fondamenta particolarmente solide dal punto di vista del patrimonio culturale: il numero di librerie \u00e8 il pi\u00f9 basso tra tutti i <\/span><i><span style=\"font-weight: 400;\">cluster<\/span><\/i><span style=\"font-weight: 400;\">, il patrimonio museale e l\u2019offerta culturale sono al di sotto della media nazionale. Il valore del differenziale di genere suggerisce una dinamica piuttosto conservatrice anche sul mercato del lavoro. <\/span><b>Il terzo <\/b><b><i>cluster<\/i><\/b><span style=\"font-weight: 400;\"> include le province di Liguria, Umbria, Marche, Val d\u2019Aosta, nonch\u00e9 alcune province della Romagna, del Piemonte e della Toscana. In pi\u00f9, include Pescara e Cagliari. Le province in questo <\/span><i><span style=\"font-weight: 400;\">cluster<\/span><\/i><span style=\"font-weight: 400;\"> esprimono va lori vicino alla media nazionale per i principali indicatori economici e del mercato del lavoro: i salari sono poco distanti dalla media nazionale, il tasso di occupazione \u00e8 pi\u00f9 elevato e ci sono meno NEET rispetto alla media nazionale. <\/span><b>Il quarto <\/b><b><i>cluster<\/i><\/b><span style=\"font-weight: 400;\"> include le province di Lazio (Roma esclusa), Abruzzo (Pescara esclusa), Molise, Basilicata, e le province di Benevento, Avellino, Bari, Brindisi, Lecce, Catanzaro, Ragusa, Oristano, Nuoro e Sassari. Queste province sono collocate per lo pi\u00f9 al Centro-Sud, in aree geografiche che potenzialmente fungono da \u201cponte\u201d tra panorami socioeconomici diversi. L<\/span><b>\u2019ultima Italia<\/b><span style=\"font-weight: 400;\"> include le province di Caserta, Napoli, Salerno, Barletta-Andria-Trani, Foggia, Taranto, le province calabresi eccetto Catanzaro, quelle siciliane all\u2019infuori di Ragusa, e la provincia del Sud Sardegna. Alcune di queste province sono storicamente tra le pi\u00f9 povere in Italia. Anche la fotografia proposta dall\u2019analisi suggerisce che queste aree si caratterizzano per una spiccata povert\u00e0 reddituale. Il tasso di occupazione \u00e8 ben al di sotto della media nazionale, caratteristica che si accompagna a un alto tasso di NEET.<\/span><\/p>\n<p><span style=\"font-weight: 400;\">\u201c<\/span><i><span style=\"font-weight: 400;\">In sintesi, le Cinque Italie che emergono dalla nostra analisi<\/span><\/i><span style=\"font-weight: 400;\">, scrivono <\/span><b>Prota<\/b><span style=\"font-weight: 400;\"> e <\/span><b>Cicatiello<\/b><span style=\"font-weight: 400;\"> nel rapporto di ricerca, <\/span><i><span style=\"font-weight: 400;\">ci restituiscono, plasticamente, l\u2019immagine di un Paese profondamente diseguale al suo interno. \u00c8, quindi, fondamentale che il tema delle disuguaglianze territoriali riceva un\u2019attenzione molto maggiore da parte delle forze politiche progressiste, se si vogliono contrastare i movimenti populisti di destra e ricucire un rapporto, che si \u00e8 spezzato, con quei cittadini che sperimentano disuguaglianze nei diritti o che percepiscono una disuguaglianza di riconoscimento delle proprie esigenze<\/span><\/i><span style=\"font-weight: 400;\">.\u201d<\/span><\/p>\n<p><b>Qui<\/b><span style=\"font-weight: 400;\"> la pubblicazione della <\/span><b>Fondazione Friedrich-Ebert-Stiftung<\/b><span style=\"font-weight: 400;\">: <\/span><a href=\"https:\/\/italia.fes.de\/it\/news\/italia-ancora-diseguale-nuova-pubblicazione.html\"><span style=\"font-weight: 400;\">https:\/\/italia.fes.de\/it\/news\/italia-ancora-diseguale-nuova-pubblicazione.html<\/span><\/a><span style=\"font-weight: 400;\">.\u00a0<\/span><\/p>\n<p>&nbsp;<\/p>\n","protected":false},"excerpt":{"rendered":"<p>L\u2019Italia \u00e8 storicamente caratterizzata da un forte divario tra Nord e Sud, con quest\u2019ultimo che resta in costante ritardo nei confronti delle regioni settentrionali. Le disparit\u00e0 territoriali in termini di reddito e occupazione sono profonde e persistenti in tutta Europa.&hellip;<\/p>\n","protected":false},"author":2106,"featured_media":2593837,"comment_status":"closed","ping_status":"closed","sticky":false,"template":"","format":"standard","meta":{"footnotes":""},"categories":[11388,62,55],"tags":[10575,106715,134835],"class_list":["post-2593836","post","type-post","status-publish","format-standard","has-post-thumbnail","hentry","category-contenuti-originali","category-economia","category-politica","tag-disuguaglianza","tag-divario-nord-sud","tag-fondazione-friedrich-ebert-stiftung"],"yoast_head":"<!-- This site is optimized with the Yoast SEO plugin v27.1.1 - https:\/\/yoast.com\/product\/yoast-seo-wordpress\/ -->\n<title>Le \u201cCinque Italie\u201d della disuguaglianza<\/title>\n<meta name=\"description\" content=\"L\u2019Italia \u00e8 storicamente caratterizzata da un forte divario tra Nord e Sud, con quest\u2019ultimo che resta in costante ritardo nei confronti delle regioni\" \/>\n<meta name=\"robots\" content=\"index, follow, max-snippet:-1, max-image-preview:large, max-video-preview:-1\" \/>\n<link rel=\"canonical\" href=\"https:\/\/www.pressenza.com\/it\/2025\/03\/le-cinque-italie-della-disuguaglianza\/\" \/>\n<meta property=\"og:locale\" content=\"it_IT\" \/>\n<meta property=\"og:type\" content=\"article\" \/>\n<meta property=\"og:title\" content=\"Le \u201cCinque Italie\u201d della disuguaglianza\" \/>\n<meta property=\"og:description\" content=\"L\u2019Italia \u00e8 storicamente caratterizzata da un forte divario tra Nord e Sud, con quest\u2019ultimo che resta in costante ritardo nei confronti delle regioni\" \/>\n<meta property=\"og:url\" content=\"https:\/\/www.pressenza.com\/it\/2025\/03\/le-cinque-italie-della-disuguaglianza\/\" \/>\n<meta property=\"og:site_name\" content=\"Pressenza\" \/>\n<meta property=\"article:publisher\" content=\"https:\/\/www.facebook.com\/PressenzaItalia\" \/>\n<meta property=\"article:published_time\" content=\"2025-03-30T11:34:16+00:00\" \/>\n<meta property=\"og:image\" content=\"https:\/\/www.pressenza.com\/wp-content\/uploads\/2025\/03\/Italia-a-pezzi-CGIL-Roma-e-Lazio.jpg\" \/>\n\t<meta property=\"og:image:width\" content=\"828\" \/>\n\t<meta property=\"og:image:height\" content=\"551\" \/>\n\t<meta property=\"og:image:type\" content=\"image\/jpeg\" \/>\n<meta name=\"author\" content=\"Giovanni Caprio\" \/>\n<meta name=\"twitter:card\" content=\"summary_large_image\" \/>\n<meta name=\"twitter:creator\" content=\"@PressenzaIPA\" \/>\n<meta name=\"twitter:site\" content=\"@PressenzaIPA\" \/>\n<meta name=\"twitter:label1\" content=\"Scritto da\" \/>\n\t<meta name=\"twitter:data1\" content=\"Giovanni Caprio\" \/>\n\t<meta name=\"twitter:label2\" content=\"Tempo di lettura stimato\" \/>\n\t<meta name=\"twitter:data2\" content=\"5 minuti\" \/>\n<script type=\"application\/ld+json\" class=\"yoast-schema-graph\">{\"@context\":\"https:\/\/schema.org\",\"@graph\":[{\"@type\":\"Article\",\"@id\":\"https:\/\/www.pressenza.com\/it\/2025\/03\/le-cinque-italie-della-disuguaglianza\/#article\",\"isPartOf\":{\"@id\":\"https:\/\/www.pressenza.com\/it\/2025\/03\/le-cinque-italie-della-disuguaglianza\/\"},\"author\":{\"name\":\"Giovanni Caprio\",\"@id\":\"https:\/\/www.pressenza.com\/it\/#\/schema\/person\/841c36a613f4f6e80f5fbc9c1f8c32c8\"},\"headline\":\"Le \u201cCinque Italie\u201d della disuguaglianza\",\"datePublished\":\"2025-03-30T11:34:16+00:00\",\"mainEntityOfPage\":{\"@id\":\"https:\/\/www.pressenza.com\/it\/2025\/03\/le-cinque-italie-della-disuguaglianza\/\"},\"wordCount\":828,\"publisher\":{\"@id\":\"https:\/\/www.pressenza.com\/it\/#organization\"},\"image\":{\"@id\":\"https:\/\/www.pressenza.com\/it\/2025\/03\/le-cinque-italie-della-disuguaglianza\/#primaryimage\"},\"thumbnailUrl\":\"https:\/\/www.pressenza.com\/wp-content\/uploads\/2025\/03\/Italia-a-pezzi-CGIL-Roma-e-Lazio.jpg\",\"keywords\":[\"disuguaglianza\",\"divario nord sud\",\"Fondazione Friedrich-Ebert-Stiftung\"],\"articleSection\":[\"contenuti originali\",\"Economia\",\"Politica\"],\"inLanguage\":\"it-IT\"},{\"@type\":\"WebPage\",\"@id\":\"https:\/\/www.pressenza.com\/it\/2025\/03\/le-cinque-italie-della-disuguaglianza\/\",\"url\":\"https:\/\/www.pressenza.com\/it\/2025\/03\/le-cinque-italie-della-disuguaglianza\/\",\"name\":\"Le \u201cCinque Italie\u201d della disuguaglianza\",\"isPartOf\":{\"@id\":\"https:\/\/www.pressenza.com\/it\/#website\"},\"primaryImageOfPage\":{\"@id\":\"https:\/\/www.pressenza.com\/it\/2025\/03\/le-cinque-italie-della-disuguaglianza\/#primaryimage\"},\"image\":{\"@id\":\"https:\/\/www.pressenza.com\/it\/2025\/03\/le-cinque-italie-della-disuguaglianza\/#primaryimage\"},\"thumbnailUrl\":\"https:\/\/www.pressenza.com\/wp-content\/uploads\/2025\/03\/Italia-a-pezzi-CGIL-Roma-e-Lazio.jpg\",\"datePublished\":\"2025-03-30T11:34:16+00:00\",\"description\":\"L\u2019Italia \u00e8 storicamente caratterizzata da un forte divario tra Nord e Sud, con quest\u2019ultimo che resta in costante ritardo nei confronti delle regioni\",\"breadcrumb\":{\"@id\":\"https:\/\/www.pressenza.com\/it\/2025\/03\/le-cinque-italie-della-disuguaglianza\/#breadcrumb\"},\"inLanguage\":\"it-IT\",\"potentialAction\":[{\"@type\":\"ReadAction\",\"target\":[\"https:\/\/www.pressenza.com\/it\/2025\/03\/le-cinque-italie-della-disuguaglianza\/\"]}]},{\"@type\":\"ImageObject\",\"inLanguage\":\"it-IT\",\"@id\":\"https:\/\/www.pressenza.com\/it\/2025\/03\/le-cinque-italie-della-disuguaglianza\/#primaryimage\",\"url\":\"https:\/\/www.pressenza.com\/wp-content\/uploads\/2025\/03\/Italia-a-pezzi-CGIL-Roma-e-Lazio.jpg\",\"contentUrl\":\"https:\/\/www.pressenza.com\/wp-content\/uploads\/2025\/03\/Italia-a-pezzi-CGIL-Roma-e-Lazio.jpg\",\"width\":828,\"height\":551},{\"@type\":\"BreadcrumbList\",\"@id\":\"https:\/\/www.pressenza.com\/it\/2025\/03\/le-cinque-italie-della-disuguaglianza\/#breadcrumb\",\"itemListElement\":[{\"@type\":\"ListItem\",\"position\":1,\"name\":\"Accueil\",\"item\":\"https:\/\/www.pressenza.com\/it\/\"},{\"@type\":\"ListItem\",\"position\":2,\"name\":\"Le \u201cCinque Italie\u201d della disuguaglianza\"}]},{\"@type\":\"WebSite\",\"@id\":\"https:\/\/www.pressenza.com\/it\/#website\",\"url\":\"https:\/\/www.pressenza.com\/it\/\",\"name\":\"Pressenza\",\"description\":\"Agenzia di Stampa Internazionale\",\"publisher\":{\"@id\":\"https:\/\/www.pressenza.com\/it\/#organization\"},\"potentialAction\":[{\"@type\":\"SearchAction\",\"target\":{\"@type\":\"EntryPoint\",\"urlTemplate\":\"https:\/\/www.pressenza.com\/it\/?s={search_term_string}\"},\"query-input\":{\"@type\":\"PropertyValueSpecification\",\"valueRequired\":true,\"valueName\":\"search_term_string\"}}],\"inLanguage\":\"it-IT\"},{\"@type\":\"Organization\",\"@id\":\"https:\/\/www.pressenza.com\/it\/#organization\",\"name\":\"Pressenza\",\"url\":\"https:\/\/www.pressenza.com\/it\/\",\"logo\":{\"@type\":\"ImageObject\",\"inLanguage\":\"it-IT\",\"@id\":\"https:\/\/www.pressenza.com\/it\/#\/schema\/logo\/image\/\",\"url\":\"https:\/\/www.pressenza.com\/wp-content\/uploads\/2022\/10\/pressenza_logo_200x200.jpg\",\"contentUrl\":\"https:\/\/www.pressenza.com\/wp-content\/uploads\/2022\/10\/pressenza_logo_200x200.jpg\",\"width\":200,\"height\":200,\"caption\":\"Pressenza\"},\"image\":{\"@id\":\"https:\/\/www.pressenza.com\/it\/#\/schema\/logo\/image\/\"},\"sameAs\":[\"https:\/\/www.facebook.com\/PressenzaItalia\",\"https:\/\/x.com\/PressenzaIPA\"]},{\"@type\":\"Person\",\"@id\":\"https:\/\/www.pressenza.com\/it\/#\/schema\/person\/841c36a613f4f6e80f5fbc9c1f8c32c8\",\"name\":\"Giovanni Caprio\",\"description\":\"Pubblicista, gi\u00e0 dirigente di istituzioni pubbliche e di fondazioni private. Si occupa di beni comuni, partecipazione e governo del territorio.\",\"url\":\"https:\/\/www.pressenza.com\/it\/author\/giovanni-caprio\/\"}]}<\/script>\n<!-- \/ Yoast SEO plugin. -->","yoast_head_json":{"title":"Le \u201cCinque Italie\u201d della disuguaglianza","description":"L\u2019Italia \u00e8 storicamente caratterizzata da un forte divario tra Nord e Sud, con quest\u2019ultimo che resta in costante ritardo nei confronti delle regioni","robots":{"index":"index","follow":"follow","max-snippet":"max-snippet:-1","max-image-preview":"max-image-preview:large","max-video-preview":"max-video-preview:-1"},"canonical":"https:\/\/www.pressenza.com\/it\/2025\/03\/le-cinque-italie-della-disuguaglianza\/","og_locale":"it_IT","og_type":"article","og_title":"Le \u201cCinque Italie\u201d della disuguaglianza","og_description":"L\u2019Italia \u00e8 storicamente caratterizzata da un forte divario tra Nord e Sud, con quest\u2019ultimo che resta in costante ritardo nei confronti delle regioni","og_url":"https:\/\/www.pressenza.com\/it\/2025\/03\/le-cinque-italie-della-disuguaglianza\/","og_site_name":"Pressenza","article_publisher":"https:\/\/www.facebook.com\/PressenzaItalia","article_published_time":"2025-03-30T11:34:16+00:00","og_image":[{"width":828,"height":551,"url":"https:\/\/www.pressenza.com\/wp-content\/uploads\/2025\/03\/Italia-a-pezzi-CGIL-Roma-e-Lazio.jpg","type":"image\/jpeg"}],"author":"Giovanni Caprio","twitter_card":"summary_large_image","twitter_creator":"@PressenzaIPA","twitter_site":"@PressenzaIPA","twitter_misc":{"Scritto da":"Giovanni Caprio","Tempo di lettura stimato":"5 minuti"},"schema":{"@context":"https:\/\/schema.org","@graph":[{"@type":"Article","@id":"https:\/\/www.pressenza.com\/it\/2025\/03\/le-cinque-italie-della-disuguaglianza\/#article","isPartOf":{"@id":"https:\/\/www.pressenza.com\/it\/2025\/03\/le-cinque-italie-della-disuguaglianza\/"},"author":{"name":"Giovanni Caprio","@id":"https:\/\/www.pressenza.com\/it\/#\/schema\/person\/841c36a613f4f6e80f5fbc9c1f8c32c8"},"headline":"Le \u201cCinque Italie\u201d della disuguaglianza","datePublished":"2025-03-30T11:34:16+00:00","mainEntityOfPage":{"@id":"https:\/\/www.pressenza.com\/it\/2025\/03\/le-cinque-italie-della-disuguaglianza\/"},"wordCount":828,"publisher":{"@id":"https:\/\/www.pressenza.com\/it\/#organization"},"image":{"@id":"https:\/\/www.pressenza.com\/it\/2025\/03\/le-cinque-italie-della-disuguaglianza\/#primaryimage"},"thumbnailUrl":"https:\/\/www.pressenza.com\/wp-content\/uploads\/2025\/03\/Italia-a-pezzi-CGIL-Roma-e-Lazio.jpg","keywords":["disuguaglianza","divario nord sud","Fondazione Friedrich-Ebert-Stiftung"],"articleSection":["contenuti originali","Economia","Politica"],"inLanguage":"it-IT"},{"@type":"WebPage","@id":"https:\/\/www.pressenza.com\/it\/2025\/03\/le-cinque-italie-della-disuguaglianza\/","url":"https:\/\/www.pressenza.com\/it\/2025\/03\/le-cinque-italie-della-disuguaglianza\/","name":"Le \u201cCinque Italie\u201d della disuguaglianza","isPartOf":{"@id":"https:\/\/www.pressenza.com\/it\/#website"},"primaryImageOfPage":{"@id":"https:\/\/www.pressenza.com\/it\/2025\/03\/le-cinque-italie-della-disuguaglianza\/#primaryimage"},"image":{"@id":"https:\/\/www.pressenza.com\/it\/2025\/03\/le-cinque-italie-della-disuguaglianza\/#primaryimage"},"thumbnailUrl":"https:\/\/www.pressenza.com\/wp-content\/uploads\/2025\/03\/Italia-a-pezzi-CGIL-Roma-e-Lazio.jpg","datePublished":"2025-03-30T11:34:16+00:00","description":"L\u2019Italia \u00e8 storicamente caratterizzata da un forte divario tra Nord e Sud, con quest\u2019ultimo che resta in costante ritardo nei confronti delle regioni","breadcrumb":{"@id":"https:\/\/www.pressenza.com\/it\/2025\/03\/le-cinque-italie-della-disuguaglianza\/#breadcrumb"},"inLanguage":"it-IT","potentialAction":[{"@type":"ReadAction","target":["https:\/\/www.pressenza.com\/it\/2025\/03\/le-cinque-italie-della-disuguaglianza\/"]}]},{"@type":"ImageObject","inLanguage":"it-IT","@id":"https:\/\/www.pressenza.com\/it\/2025\/03\/le-cinque-italie-della-disuguaglianza\/#primaryimage","url":"https:\/\/www.pressenza.com\/wp-content\/uploads\/2025\/03\/Italia-a-pezzi-CGIL-Roma-e-Lazio.jpg","contentUrl":"https:\/\/www.pressenza.com\/wp-content\/uploads\/2025\/03\/Italia-a-pezzi-CGIL-Roma-e-Lazio.jpg","width":828,"height":551},{"@type":"BreadcrumbList","@id":"https:\/\/www.pressenza.com\/it\/2025\/03\/le-cinque-italie-della-disuguaglianza\/#breadcrumb","itemListElement":[{"@type":"ListItem","position":1,"name":"Accueil","item":"https:\/\/www.pressenza.com\/it\/"},{"@type":"ListItem","position":2,"name":"Le \u201cCinque Italie\u201d della disuguaglianza"}]},{"@type":"WebSite","@id":"https:\/\/www.pressenza.com\/it\/#website","url":"https:\/\/www.pressenza.com\/it\/","name":"Pressenza","description":"Agenzia di Stampa Internazionale","publisher":{"@id":"https:\/\/www.pressenza.com\/it\/#organization"},"potentialAction":[{"@type":"SearchAction","target":{"@type":"EntryPoint","urlTemplate":"https:\/\/www.pressenza.com\/it\/?s={search_term_string}"},"query-input":{"@type":"PropertyValueSpecification","valueRequired":true,"valueName":"search_term_string"}}],"inLanguage":"it-IT"},{"@type":"Organization","@id":"https:\/\/www.pressenza.com\/it\/#organization","name":"Pressenza","url":"https:\/\/www.pressenza.com\/it\/","logo":{"@type":"ImageObject","inLanguage":"it-IT","@id":"https:\/\/www.pressenza.com\/it\/#\/schema\/logo\/image\/","url":"https:\/\/www.pressenza.com\/wp-content\/uploads\/2022\/10\/pressenza_logo_200x200.jpg","contentUrl":"https:\/\/www.pressenza.com\/wp-content\/uploads\/2022\/10\/pressenza_logo_200x200.jpg","width":200,"height":200,"caption":"Pressenza"},"image":{"@id":"https:\/\/www.pressenza.com\/it\/#\/schema\/logo\/image\/"},"sameAs":["https:\/\/www.facebook.com\/PressenzaItalia","https:\/\/x.com\/PressenzaIPA"]},{"@type":"Person","@id":"https:\/\/www.pressenza.com\/it\/#\/schema\/person\/841c36a613f4f6e80f5fbc9c1f8c32c8","name":"Giovanni Caprio","description":"Pubblicista, gi\u00e0 dirigente di istituzioni pubbliche e di fondazioni private. Si occupa di beni comuni, partecipazione e governo del territorio.","url":"https:\/\/www.pressenza.com\/it\/author\/giovanni-caprio\/"}]}},"place":"","original_article_url":"","_links":{"self":[{"href":"https:\/\/www.pressenza.com\/it\/wp-json\/wp\/v2\/posts\/2593836","targetHints":{"allow":["GET"]}}],"collection":[{"href":"https:\/\/www.pressenza.com\/it\/wp-json\/wp\/v2\/posts"}],"about":[{"href":"https:\/\/www.pressenza.com\/it\/wp-json\/wp\/v2\/types\/post"}],"author":[{"embeddable":true,"href":"https:\/\/www.pressenza.com\/it\/wp-json\/wp\/v2\/users\/2106"}],"replies":[{"embeddable":true,"href":"https:\/\/www.pressenza.com\/it\/wp-json\/wp\/v2\/comments?post=2593836"}],"version-history":[{"count":0,"href":"https:\/\/www.pressenza.com\/it\/wp-json\/wp\/v2\/posts\/2593836\/revisions"}],"wp:featuredmedia":[{"embeddable":true,"href":"https:\/\/www.pressenza.com\/it\/wp-json\/wp\/v2\/media\/2593837"}],"wp:attachment":[{"href":"https:\/\/www.pressenza.com\/it\/wp-json\/wp\/v2\/media?parent=2593836"}],"wp:term":[{"taxonomy":"category","embeddable":true,"href":"https:\/\/www.pressenza.com\/it\/wp-json\/wp\/v2\/categories?post=2593836"},{"taxonomy":"post_tag","embeddable":true,"href":"https:\/\/www.pressenza.com\/it\/wp-json\/wp\/v2\/tags?post=2593836"}],"curies":[{"name":"wp","href":"https:\/\/api.w.org\/{rel}","templated":true}]}}