{"id":2593384,"date":"2025-03-28T13:22:26","date_gmt":"2025-03-28T13:22:26","guid":{"rendered":"https:\/\/www.pressenza.com\/?p=2593384"},"modified":"2025-03-28T13:22:26","modified_gmt":"2025-03-28T13:22:26","slug":"municipio-roma-x-m5s-la-maggioranza-boccia-la-mozione-sul-parco-del-mare-un-altro-passo-indietro-per-la-tutela-ambientale-del-nostro-litorale","status":"publish","type":"post","link":"https:\/\/www.pressenza.com\/it\/2025\/03\/municipio-roma-x-m5s-la-maggioranza-boccia-la-mozione-sul-parco-del-mare-un-altro-passo-indietro-per-la-tutela-ambientale-del-nostro-litorale\/","title":{"rendered":"Municipio Roma X, M5S: &#8220;La maggioranza boccia la mozione sul Parco del Mare, un altro passo indietro per la tutela ambientale del nostro litorale&#8221;"},"content":{"rendered":"<div>\n<p class=\"xmprfx_MsoNormal\">&#8220;Il 28 febbraio 2025, durante la commissione congiunta Litorale e PNRR del Municipio Roma X, \u00e8 stato presentato il progetto \u201cParco del Mare\u201d da parte della societ\u00e0 Risorse per Roma S.p.A., un\u2019iniziativa che si inserisce in una pi\u00f9 ampia Strategia Territoriale per la rigenerazione urbana del litorale romano. Tuttavia, ci\u00f2 che \u00e8 emerso con maggiore forza durante la seduta \u00e8 la preoccupante proposta di realizzare nuovi parcheggi a raso in aree verdi di alto valore ambientale, naturalistico e paesaggistico, fondamentali per la biodiversit\u00e0 locale.<\/p>\n<p class=\"xmprfx_MsoNormal\">Le aree interessate, situate tra Via Benino e Via dei Sandolini (circa 8.000 mq) e tra Via De Angelis e Via Ugolino Vivaldi (circa 7.000 mq), costituiscono habitat cruciali per la fauna del nostro litorale. Nonostante le giustificate preoccupazioni espresse in merito, e la necessit\u00e0 di rivedere il progetto per salvaguardare queste aree verdi, la maggioranza politica che attualmente governa il Municipio Roma X ha deciso di bocciare la mozione presentata dal Movimento 5 Stelle. Un atto che, a nostro avviso, non solo sfiora l\u2019irresponsabilit\u00e0, ma mette in evidenza una preoccupante indifferenza verso la tutela dell\u2019ambiente e il futuro del nostro territorio.<\/p>\n<p class=\"xmprfx_MsoNormal\">L\u2019atteggiamento della maggioranza, che si \u00e8 astenuta dal sostenere la nostra proposta, \u00e8 tanto sorprendente quanto incomprensibile. Invece di lavorare per la conservazione dei beni comuni e del paesaggio naturale, questa amministrazione ha preferito non prendere una posizione chiara contro un progetto che rischia di danneggiare irreparabilmente il nostro litorale. Le motivazioni addotte dalla maggioranza per il loro voto di astensione non reggono, e il nostro gruppo consiliare \u00e8 rimasto sbigottito di fronte a tale comportamento, che appare pi\u00f9 come un tentativo strumentale di evitare una posizione netta su un tema cos\u00ec delicato.<\/p>\n<p class=\"xmprfx_MsoNormal\">Non volendo rimanere inermi di fronte a questo atteggiamento dilatorio e privo di senso, il Movimento 5 Stelle del Municipio Roma X ha deciso di agire formalmente. Abbiamo quindi richiesto, oggi stesso, a Risorse per Roma, e informato il Presidente della Regione, il Sindaco e il Presidente del Municipio, lo stralcio delle suddette aree verdi dal progetto \u201cParco del Mare\u201d, chiedendo che non vengano destinate a parcheggi a raso per auto, motocicli e biciclette. In aggiunta, sollecitiamo l\u2019adozione di misure adeguate a preservare l\u2019integrit\u00e0 ecologica di queste zone, evitando qualsiasi intervento di cementificazione che possa comprometterne l\u2019equilibrio ambientale.<\/p>\n<p class=\"xmprfx_MsoNormal\">La tutela dell\u2019ambiente non \u00e8 una questione che si pu\u00f2 risolvere con parole vuote. \u00c8 un impegno concreto che il Movimento 5 Stelle porta avanti con determinazione, a difesa dei cittadini e delle future generazioni. \u00c8 un atto di responsabilit\u00e0 verso la preservazione degli habitat naturali e la salvaguardia della biodiversit\u00e0 del nostro territorio. Nonostante l\u2019inerzia e le mancate azioni della maggioranza, continueremo a combattere per il nostro litorale e per il benessere dei romani.&#8221;<\/p>\n<p class=\"\" data-end=\"21\" data-start=\"0\">\n<p class=\"xmprfx_MsoNormal\">Lo dichiarando i consiglieri del Municipio Roma X, Alessandro Ieva, Giuliano Di Pillo e Silvia Paoletti.<\/p>\n<\/div>\n<div><\/div>\n<div data-signature-id=\"1\">\n<div class=\"xam_msg_class\">\n<p class=\"xmprfx_MsoNormal\">Cordiali saluti<\/p>\n<p class=\"xmprfx_MsoNormal\">Alessandro Ieva<\/p>\n<p class=\"xmprfx_MsoNormal\">Capogruppo M5S Municipio Roma X<\/p>\n<\/div>\n<\/div>\n","protected":false},"excerpt":{"rendered":"<p>&#8220;Il 28 febbraio 2025, durante la commissione congiunta Litorale e PNRR del Municipio Roma X, \u00e8 stato presentato il progetto \u201cParco del Mare\u201d da parte della societ\u00e0 Risorse per Roma S.p.A., un\u2019iniziativa che si inserisce in una pi\u00f9 ampia Strategia&hellip;<\/p>\n","protected":false},"author":1721,"featured_media":2593385,"comment_status":"closed","ping_status":"closed","sticky":false,"template":"","format":"standard","meta":{"footnotes":""},"categories":[150,59],"tags":[4550,134730,134729,134728,134732,134731,16918],"class_list":["post-2593384","post","type-post","status-publish","format-standard","has-post-thumbnail","hentry","category-comunicati-stampa","category-ambiente-ecologia","tag-m5s","tag-maggioranza-boccia","tag-mozione-sul-parco-del-mare","tag-municipio-roma-x","tag-nostro-litorale","tag-passo-indietro","tag-tutela-ambientale"],"yoast_head":"<!-- This site is optimized with the Yoast SEO plugin v27.1.1 - https:\/\/yoast.com\/product\/yoast-seo-wordpress\/ -->\n<title>Municipio Roma X, M5S: &quot;La maggioranza boccia la mozione sul Parco del Mare, un altro passo indietro per la tutela ambientale del nostro litorale&quot;<\/title>\n<meta name=\"description\" content=\"&quot;Il 28 febbraio 2025, durante la commissione congiunta Litorale e PNRR del Municipio Roma X, \u00e8 stato presentato il progetto \u201cParco del Mare\u201d da parte\" \/>\n<meta name=\"robots\" content=\"index, follow, max-snippet:-1, max-image-preview:large, max-video-preview:-1\" \/>\n<link rel=\"canonical\" href=\"https:\/\/www.pressenza.com\/it\/2025\/03\/municipio-roma-x-m5s-la-maggioranza-boccia-la-mozione-sul-parco-del-mare-un-altro-passo-indietro-per-la-tutela-ambientale-del-nostro-litorale\/\" \/>\n<meta property=\"og:locale\" content=\"it_IT\" \/>\n<meta property=\"og:type\" content=\"article\" \/>\n<meta property=\"og:title\" content=\"Municipio Roma X, M5S: &quot;La maggioranza boccia la mozione sul Parco del Mare, un altro passo indietro per la tutela ambientale del nostro litorale&quot;\" \/>\n<meta property=\"og:description\" content=\"&quot;Il 28 febbraio 2025, durante la commissione congiunta Litorale e PNRR del Municipio Roma X, \u00e8 stato presentato il progetto \u201cParco del Mare\u201d da parte\" \/>\n<meta property=\"og:url\" content=\"https:\/\/www.pressenza.com\/it\/2025\/03\/municipio-roma-x-m5s-la-maggioranza-boccia-la-mozione-sul-parco-del-mare-un-altro-passo-indietro-per-la-tutela-ambientale-del-nostro-litorale\/\" \/>\n<meta property=\"og:site_name\" content=\"Pressenza\" \/>\n<meta property=\"article:publisher\" content=\"https:\/\/www.facebook.com\/PressenzaItalia\" \/>\n<meta property=\"article:published_time\" content=\"2025-03-28T13:22:26+00:00\" \/>\n<meta property=\"og:image\" content=\"https:\/\/www.pressenza.com\/wp-content\/uploads\/2025\/03\/movimento-cinque-stelle-8-2-3.jpg\" \/>\n\t<meta property=\"og:image:width\" content=\"600\" \/>\n\t<meta property=\"og:image:height\" content=\"338\" \/>\n\t<meta property=\"og:image:type\" content=\"image\/jpeg\" \/>\n<meta name=\"author\" content=\"Redazione Roma\" \/>\n<meta name=\"twitter:card\" content=\"summary_large_image\" \/>\n<meta name=\"twitter:creator\" content=\"@PressenzaIPA\" \/>\n<meta name=\"twitter:site\" content=\"@PressenzaIPA\" \/>\n<meta name=\"twitter:label1\" content=\"Scritto da\" \/>\n\t<meta name=\"twitter:data1\" content=\"Redazione Roma\" \/>\n\t<meta name=\"twitter:label2\" content=\"Tempo di lettura stimato\" \/>\n\t<meta name=\"twitter:data2\" content=\"3 minuti\" \/>\n<script type=\"application\/ld+json\" class=\"yoast-schema-graph\">{\"@context\":\"https:\/\/schema.org\",\"@graph\":[{\"@type\":\"Article\",\"@id\":\"https:\/\/www.pressenza.com\/it\/2025\/03\/municipio-roma-x-m5s-la-maggioranza-boccia-la-mozione-sul-parco-del-mare-un-altro-passo-indietro-per-la-tutela-ambientale-del-nostro-litorale\/#article\",\"isPartOf\":{\"@id\":\"https:\/\/www.pressenza.com\/it\/2025\/03\/municipio-roma-x-m5s-la-maggioranza-boccia-la-mozione-sul-parco-del-mare-un-altro-passo-indietro-per-la-tutela-ambientale-del-nostro-litorale\/\"},\"author\":{\"name\":\"Redazione Roma\",\"@id\":\"https:\/\/www.pressenza.com\/it\/#\/schema\/person\/81d9a9d9c8aeb2bd63972258ed525d7e\"},\"headline\":\"Municipio Roma X, M5S: &#8220;La maggioranza boccia la mozione sul Parco del Mare, un altro passo indietro per la tutela ambientale del nostro litorale&#8221;\",\"datePublished\":\"2025-03-28T13:22:26+00:00\",\"mainEntityOfPage\":{\"@id\":\"https:\/\/www.pressenza.com\/it\/2025\/03\/municipio-roma-x-m5s-la-maggioranza-boccia-la-mozione-sul-parco-del-mare-un-altro-passo-indietro-per-la-tutela-ambientale-del-nostro-litorale\/\"},\"wordCount\":498,\"publisher\":{\"@id\":\"https:\/\/www.pressenza.com\/it\/#organization\"},\"image\":{\"@id\":\"https:\/\/www.pressenza.com\/it\/2025\/03\/municipio-roma-x-m5s-la-maggioranza-boccia-la-mozione-sul-parco-del-mare-un-altro-passo-indietro-per-la-tutela-ambientale-del-nostro-litorale\/#primaryimage\"},\"thumbnailUrl\":\"https:\/\/www.pressenza.com\/wp-content\/uploads\/2025\/03\/movimento-cinque-stelle-8-2-3.jpg\",\"keywords\":[\"M5S\",\"maggioranza boccia\",\"mozione sul Parco del Mare\",\"Municipio Roma X\",\"nostro litorale\",\"passo indietro\",\"tutela ambientale\"],\"articleSection\":[\"Comunicati Stampa\",\"Ecologia ed Ambiente\"],\"inLanguage\":\"it-IT\"},{\"@type\":\"WebPage\",\"@id\":\"https:\/\/www.pressenza.com\/it\/2025\/03\/municipio-roma-x-m5s-la-maggioranza-boccia-la-mozione-sul-parco-del-mare-un-altro-passo-indietro-per-la-tutela-ambientale-del-nostro-litorale\/\",\"url\":\"https:\/\/www.pressenza.com\/it\/2025\/03\/municipio-roma-x-m5s-la-maggioranza-boccia-la-mozione-sul-parco-del-mare-un-altro-passo-indietro-per-la-tutela-ambientale-del-nostro-litorale\/\",\"name\":\"Municipio Roma X, M5S: \\\"La maggioranza boccia la mozione sul Parco del Mare, un altro passo indietro per la tutela ambientale del nostro litorale\\\"\",\"isPartOf\":{\"@id\":\"https:\/\/www.pressenza.com\/it\/#website\"},\"primaryImageOfPage\":{\"@id\":\"https:\/\/www.pressenza.com\/it\/2025\/03\/municipio-roma-x-m5s-la-maggioranza-boccia-la-mozione-sul-parco-del-mare-un-altro-passo-indietro-per-la-tutela-ambientale-del-nostro-litorale\/#primaryimage\"},\"image\":{\"@id\":\"https:\/\/www.pressenza.com\/it\/2025\/03\/municipio-roma-x-m5s-la-maggioranza-boccia-la-mozione-sul-parco-del-mare-un-altro-passo-indietro-per-la-tutela-ambientale-del-nostro-litorale\/#primaryimage\"},\"thumbnailUrl\":\"https:\/\/www.pressenza.com\/wp-content\/uploads\/2025\/03\/movimento-cinque-stelle-8-2-3.jpg\",\"datePublished\":\"2025-03-28T13:22:26+00:00\",\"description\":\"\\\"Il 28 febbraio 2025, durante la commissione congiunta Litorale e PNRR del Municipio Roma X, \u00e8 stato presentato il progetto \u201cParco del Mare\u201d da parte\",\"breadcrumb\":{\"@id\":\"https:\/\/www.pressenza.com\/it\/2025\/03\/municipio-roma-x-m5s-la-maggioranza-boccia-la-mozione-sul-parco-del-mare-un-altro-passo-indietro-per-la-tutela-ambientale-del-nostro-litorale\/#breadcrumb\"},\"inLanguage\":\"it-IT\",\"potentialAction\":[{\"@type\":\"ReadAction\",\"target\":[\"https:\/\/www.pressenza.com\/it\/2025\/03\/municipio-roma-x-m5s-la-maggioranza-boccia-la-mozione-sul-parco-del-mare-un-altro-passo-indietro-per-la-tutela-ambientale-del-nostro-litorale\/\"]}]},{\"@type\":\"ImageObject\",\"inLanguage\":\"it-IT\",\"@id\":\"https:\/\/www.pressenza.com\/it\/2025\/03\/municipio-roma-x-m5s-la-maggioranza-boccia-la-mozione-sul-parco-del-mare-un-altro-passo-indietro-per-la-tutela-ambientale-del-nostro-litorale\/#primaryimage\",\"url\":\"https:\/\/www.pressenza.com\/wp-content\/uploads\/2025\/03\/movimento-cinque-stelle-8-2-3.jpg\",\"contentUrl\":\"https:\/\/www.pressenza.com\/wp-content\/uploads\/2025\/03\/movimento-cinque-stelle-8-2-3.jpg\",\"width\":600,\"height\":338},{\"@type\":\"BreadcrumbList\",\"@id\":\"https:\/\/www.pressenza.com\/it\/2025\/03\/municipio-roma-x-m5s-la-maggioranza-boccia-la-mozione-sul-parco-del-mare-un-altro-passo-indietro-per-la-tutela-ambientale-del-nostro-litorale\/#breadcrumb\",\"itemListElement\":[{\"@type\":\"ListItem\",\"position\":1,\"name\":\"Accueil\",\"item\":\"https:\/\/www.pressenza.com\/it\/\"},{\"@type\":\"ListItem\",\"position\":2,\"name\":\"Municipio Roma X, M5S: &#8220;La maggioranza boccia la mozione sul Parco del Mare, un altro passo indietro per la tutela ambientale del nostro litorale&#8221;\"}]},{\"@type\":\"WebSite\",\"@id\":\"https:\/\/www.pressenza.com\/it\/#website\",\"url\":\"https:\/\/www.pressenza.com\/it\/\",\"name\":\"Pressenza\",\"description\":\"Agenzia di Stampa Internazionale\",\"publisher\":{\"@id\":\"https:\/\/www.pressenza.com\/it\/#organization\"},\"potentialAction\":[{\"@type\":\"SearchAction\",\"target\":{\"@type\":\"EntryPoint\",\"urlTemplate\":\"https:\/\/www.pressenza.com\/it\/?s={search_term_string}\"},\"query-input\":{\"@type\":\"PropertyValueSpecification\",\"valueRequired\":true,\"valueName\":\"search_term_string\"}}],\"inLanguage\":\"it-IT\"},{\"@type\":\"Organization\",\"@id\":\"https:\/\/www.pressenza.com\/it\/#organization\",\"name\":\"Pressenza\",\"url\":\"https:\/\/www.pressenza.com\/it\/\",\"logo\":{\"@type\":\"ImageObject\",\"inLanguage\":\"it-IT\",\"@id\":\"https:\/\/www.pressenza.com\/it\/#\/schema\/logo\/image\/\",\"url\":\"https:\/\/www.pressenza.com\/wp-content\/uploads\/2022\/10\/pressenza_logo_200x200.jpg\",\"contentUrl\":\"https:\/\/www.pressenza.com\/wp-content\/uploads\/2022\/10\/pressenza_logo_200x200.jpg\",\"width\":200,\"height\":200,\"caption\":\"Pressenza\"},\"image\":{\"@id\":\"https:\/\/www.pressenza.com\/it\/#\/schema\/logo\/image\/\"},\"sameAs\":[\"https:\/\/www.facebook.com\/PressenzaItalia\",\"https:\/\/x.com\/PressenzaIPA\"]},{\"@type\":\"Person\",\"@id\":\"https:\/\/www.pressenza.com\/it\/#\/schema\/person\/81d9a9d9c8aeb2bd63972258ed525d7e\",\"name\":\"Redazione Roma\",\"description\":\"News from the Pressenza Bureau in Rome, Italy\",\"url\":\"https:\/\/www.pressenza.com\/it\/author\/redazione-roma\/\"}]}<\/script>\n<!-- \/ Yoast SEO plugin. -->","yoast_head_json":{"title":"Municipio Roma X, M5S: \"La maggioranza boccia la mozione sul Parco del Mare, un altro passo indietro per la tutela ambientale del nostro litorale\"","description":"\"Il 28 febbraio 2025, durante la commissione congiunta Litorale e PNRR del Municipio Roma X, \u00e8 stato presentato il progetto \u201cParco del Mare\u201d da parte","robots":{"index":"index","follow":"follow","max-snippet":"max-snippet:-1","max-image-preview":"max-image-preview:large","max-video-preview":"max-video-preview:-1"},"canonical":"https:\/\/www.pressenza.com\/it\/2025\/03\/municipio-roma-x-m5s-la-maggioranza-boccia-la-mozione-sul-parco-del-mare-un-altro-passo-indietro-per-la-tutela-ambientale-del-nostro-litorale\/","og_locale":"it_IT","og_type":"article","og_title":"Municipio Roma X, M5S: \"La maggioranza boccia la mozione sul Parco del Mare, un altro passo indietro per la tutela ambientale del nostro litorale\"","og_description":"\"Il 28 febbraio 2025, durante la commissione congiunta Litorale e PNRR del Municipio Roma X, \u00e8 stato presentato il progetto \u201cParco del Mare\u201d da parte","og_url":"https:\/\/www.pressenza.com\/it\/2025\/03\/municipio-roma-x-m5s-la-maggioranza-boccia-la-mozione-sul-parco-del-mare-un-altro-passo-indietro-per-la-tutela-ambientale-del-nostro-litorale\/","og_site_name":"Pressenza","article_publisher":"https:\/\/www.facebook.com\/PressenzaItalia","article_published_time":"2025-03-28T13:22:26+00:00","og_image":[{"width":600,"height":338,"url":"https:\/\/www.pressenza.com\/wp-content\/uploads\/2025\/03\/movimento-cinque-stelle-8-2-3.jpg","type":"image\/jpeg"}],"author":"Redazione Roma","twitter_card":"summary_large_image","twitter_creator":"@PressenzaIPA","twitter_site":"@PressenzaIPA","twitter_misc":{"Scritto da":"Redazione Roma","Tempo di lettura stimato":"3 minuti"},"schema":{"@context":"https:\/\/schema.org","@graph":[{"@type":"Article","@id":"https:\/\/www.pressenza.com\/it\/2025\/03\/municipio-roma-x-m5s-la-maggioranza-boccia-la-mozione-sul-parco-del-mare-un-altro-passo-indietro-per-la-tutela-ambientale-del-nostro-litorale\/#article","isPartOf":{"@id":"https:\/\/www.pressenza.com\/it\/2025\/03\/municipio-roma-x-m5s-la-maggioranza-boccia-la-mozione-sul-parco-del-mare-un-altro-passo-indietro-per-la-tutela-ambientale-del-nostro-litorale\/"},"author":{"name":"Redazione Roma","@id":"https:\/\/www.pressenza.com\/it\/#\/schema\/person\/81d9a9d9c8aeb2bd63972258ed525d7e"},"headline":"Municipio Roma X, M5S: &#8220;La maggioranza boccia la mozione sul Parco del Mare, un altro passo indietro per la tutela ambientale del nostro litorale&#8221;","datePublished":"2025-03-28T13:22:26+00:00","mainEntityOfPage":{"@id":"https:\/\/www.pressenza.com\/it\/2025\/03\/municipio-roma-x-m5s-la-maggioranza-boccia-la-mozione-sul-parco-del-mare-un-altro-passo-indietro-per-la-tutela-ambientale-del-nostro-litorale\/"},"wordCount":498,"publisher":{"@id":"https:\/\/www.pressenza.com\/it\/#organization"},"image":{"@id":"https:\/\/www.pressenza.com\/it\/2025\/03\/municipio-roma-x-m5s-la-maggioranza-boccia-la-mozione-sul-parco-del-mare-un-altro-passo-indietro-per-la-tutela-ambientale-del-nostro-litorale\/#primaryimage"},"thumbnailUrl":"https:\/\/www.pressenza.com\/wp-content\/uploads\/2025\/03\/movimento-cinque-stelle-8-2-3.jpg","keywords":["M5S","maggioranza boccia","mozione sul Parco del Mare","Municipio Roma X","nostro litorale","passo indietro","tutela ambientale"],"articleSection":["Comunicati Stampa","Ecologia ed Ambiente"],"inLanguage":"it-IT"},{"@type":"WebPage","@id":"https:\/\/www.pressenza.com\/it\/2025\/03\/municipio-roma-x-m5s-la-maggioranza-boccia-la-mozione-sul-parco-del-mare-un-altro-passo-indietro-per-la-tutela-ambientale-del-nostro-litorale\/","url":"https:\/\/www.pressenza.com\/it\/2025\/03\/municipio-roma-x-m5s-la-maggioranza-boccia-la-mozione-sul-parco-del-mare-un-altro-passo-indietro-per-la-tutela-ambientale-del-nostro-litorale\/","name":"Municipio Roma X, M5S: \"La maggioranza boccia la mozione sul Parco del Mare, un altro passo indietro per la tutela ambientale del nostro litorale\"","isPartOf":{"@id":"https:\/\/www.pressenza.com\/it\/#website"},"primaryImageOfPage":{"@id":"https:\/\/www.pressenza.com\/it\/2025\/03\/municipio-roma-x-m5s-la-maggioranza-boccia-la-mozione-sul-parco-del-mare-un-altro-passo-indietro-per-la-tutela-ambientale-del-nostro-litorale\/#primaryimage"},"image":{"@id":"https:\/\/www.pressenza.com\/it\/2025\/03\/municipio-roma-x-m5s-la-maggioranza-boccia-la-mozione-sul-parco-del-mare-un-altro-passo-indietro-per-la-tutela-ambientale-del-nostro-litorale\/#primaryimage"},"thumbnailUrl":"https:\/\/www.pressenza.com\/wp-content\/uploads\/2025\/03\/movimento-cinque-stelle-8-2-3.jpg","datePublished":"2025-03-28T13:22:26+00:00","description":"\"Il 28 febbraio 2025, durante la commissione congiunta Litorale e PNRR del Municipio Roma X, \u00e8 stato presentato il progetto \u201cParco del Mare\u201d da parte","breadcrumb":{"@id":"https:\/\/www.pressenza.com\/it\/2025\/03\/municipio-roma-x-m5s-la-maggioranza-boccia-la-mozione-sul-parco-del-mare-un-altro-passo-indietro-per-la-tutela-ambientale-del-nostro-litorale\/#breadcrumb"},"inLanguage":"it-IT","potentialAction":[{"@type":"ReadAction","target":["https:\/\/www.pressenza.com\/it\/2025\/03\/municipio-roma-x-m5s-la-maggioranza-boccia-la-mozione-sul-parco-del-mare-un-altro-passo-indietro-per-la-tutela-ambientale-del-nostro-litorale\/"]}]},{"@type":"ImageObject","inLanguage":"it-IT","@id":"https:\/\/www.pressenza.com\/it\/2025\/03\/municipio-roma-x-m5s-la-maggioranza-boccia-la-mozione-sul-parco-del-mare-un-altro-passo-indietro-per-la-tutela-ambientale-del-nostro-litorale\/#primaryimage","url":"https:\/\/www.pressenza.com\/wp-content\/uploads\/2025\/03\/movimento-cinque-stelle-8-2-3.jpg","contentUrl":"https:\/\/www.pressenza.com\/wp-content\/uploads\/2025\/03\/movimento-cinque-stelle-8-2-3.jpg","width":600,"height":338},{"@type":"BreadcrumbList","@id":"https:\/\/www.pressenza.com\/it\/2025\/03\/municipio-roma-x-m5s-la-maggioranza-boccia-la-mozione-sul-parco-del-mare-un-altro-passo-indietro-per-la-tutela-ambientale-del-nostro-litorale\/#breadcrumb","itemListElement":[{"@type":"ListItem","position":1,"name":"Accueil","item":"https:\/\/www.pressenza.com\/it\/"},{"@type":"ListItem","position":2,"name":"Municipio Roma X, M5S: &#8220;La maggioranza boccia la mozione sul Parco del Mare, un altro passo indietro per la tutela ambientale del nostro litorale&#8221;"}]},{"@type":"WebSite","@id":"https:\/\/www.pressenza.com\/it\/#website","url":"https:\/\/www.pressenza.com\/it\/","name":"Pressenza","description":"Agenzia di Stampa Internazionale","publisher":{"@id":"https:\/\/www.pressenza.com\/it\/#organization"},"potentialAction":[{"@type":"SearchAction","target":{"@type":"EntryPoint","urlTemplate":"https:\/\/www.pressenza.com\/it\/?s={search_term_string}"},"query-input":{"@type":"PropertyValueSpecification","valueRequired":true,"valueName":"search_term_string"}}],"inLanguage":"it-IT"},{"@type":"Organization","@id":"https:\/\/www.pressenza.com\/it\/#organization","name":"Pressenza","url":"https:\/\/www.pressenza.com\/it\/","logo":{"@type":"ImageObject","inLanguage":"it-IT","@id":"https:\/\/www.pressenza.com\/it\/#\/schema\/logo\/image\/","url":"https:\/\/www.pressenza.com\/wp-content\/uploads\/2022\/10\/pressenza_logo_200x200.jpg","contentUrl":"https:\/\/www.pressenza.com\/wp-content\/uploads\/2022\/10\/pressenza_logo_200x200.jpg","width":200,"height":200,"caption":"Pressenza"},"image":{"@id":"https:\/\/www.pressenza.com\/it\/#\/schema\/logo\/image\/"},"sameAs":["https:\/\/www.facebook.com\/PressenzaItalia","https:\/\/x.com\/PressenzaIPA"]},{"@type":"Person","@id":"https:\/\/www.pressenza.com\/it\/#\/schema\/person\/81d9a9d9c8aeb2bd63972258ed525d7e","name":"Redazione Roma","description":"News from the Pressenza Bureau in Rome, Italy","url":"https:\/\/www.pressenza.com\/it\/author\/redazione-roma\/"}]}},"place":"","original_article_url":"","_links":{"self":[{"href":"https:\/\/www.pressenza.com\/it\/wp-json\/wp\/v2\/posts\/2593384","targetHints":{"allow":["GET"]}}],"collection":[{"href":"https:\/\/www.pressenza.com\/it\/wp-json\/wp\/v2\/posts"}],"about":[{"href":"https:\/\/www.pressenza.com\/it\/wp-json\/wp\/v2\/types\/post"}],"author":[{"embeddable":true,"href":"https:\/\/www.pressenza.com\/it\/wp-json\/wp\/v2\/users\/1721"}],"replies":[{"embeddable":true,"href":"https:\/\/www.pressenza.com\/it\/wp-json\/wp\/v2\/comments?post=2593384"}],"version-history":[{"count":0,"href":"https:\/\/www.pressenza.com\/it\/wp-json\/wp\/v2\/posts\/2593384\/revisions"}],"wp:featuredmedia":[{"embeddable":true,"href":"https:\/\/www.pressenza.com\/it\/wp-json\/wp\/v2\/media\/2593385"}],"wp:attachment":[{"href":"https:\/\/www.pressenza.com\/it\/wp-json\/wp\/v2\/media?parent=2593384"}],"wp:term":[{"taxonomy":"category","embeddable":true,"href":"https:\/\/www.pressenza.com\/it\/wp-json\/wp\/v2\/categories?post=2593384"},{"taxonomy":"post_tag","embeddable":true,"href":"https:\/\/www.pressenza.com\/it\/wp-json\/wp\/v2\/tags?post=2593384"}],"curies":[{"name":"wp","href":"https:\/\/api.w.org\/{rel}","templated":true}]}}