{"id":2593351,"date":"2025-03-28T10:37:36","date_gmt":"2025-03-28T10:37:36","guid":{"rendered":"https:\/\/www.pressenza.com\/?p=2593351"},"modified":"2025-03-28T10:37:36","modified_gmt":"2025-03-28T10:37:36","slug":"il-declino-democratico-in-europa-si-aggrava-i-dati-del-rapporto-2025-sullo-stato-di-diritto-di-liberties","status":"publish","type":"post","link":"https:\/\/www.pressenza.com\/it\/2025\/03\/il-declino-democratico-in-europa-si-aggrava-i-dati-del-rapporto-2025-sullo-stato-di-diritto-di-liberties\/","title":{"rendered":"Il declino democratico in Europa si aggrava. I dati del Rapporto 2025 sullo stato di diritto di Liberties"},"content":{"rendered":"<p>Il Rapporto 2025 sullo stato di diritto di Liberties valuta quanto i governi abbiano rispettato lo stato di diritto, documentando i loro sforzi in sei aree tematiche e analizzando l&#8217;implementazione delle raccomandazioni della Commissione europea dell&#8217;anno precedente. Si tratta del pi\u00f9 completo &#8220;rapporto ombra&#8221; di una rete indipendente per le libert\u00e0 civili, compilato da 43 gruppi per i diritti di 21 paesi dell&#8217;UE, che certifica come la recessione democratica in Europa si sia aggravata nel 2024. I paesi considerati delle roccaforti democratiche stanno scivolando verso tendenze autoritarie, con &#8220;l&#8217;anello pi\u00f9 debole&#8221; rappresentato dell\u2019Ungheria, un paese con le peggiori performance da anni, ove \u00e8 stata rilevata una significativa regressione a livello generale, tra cui nuove campagne del &#8220;regime ibrido&#8221; contro l&#8217;indipendenza della magistratura, le organizzazioni della societ\u00e0 civile, la partecipazione pubblica e la libert\u00e0 dei media. Il Governo italiano \u00e8 nel gruppo che il Report classifica come &#8220;Smantellatori&#8221;, insieme a Bulgaria, Croazia, Romania e Slovacchia. Governi che minano sistematicamente e intenzionalmente lo stato di diritto in quasi tutti gli aspetti. \u201cSlider\u201d sono, invece, le democrazie modello come Belgio, Francia, Germania o Svezia che hanno mostrato un declino isolato ma comunque preoccupante in alcuni aspetti, creando il rischio che l&#8217;abbassamento degli standard diventi una tendenza.<\/p>\n<p>I \u201cPaesi stagnanti\u201d come Grecia, Irlanda, Malta, Paesi Bassi e Spagna sono fermi o hanno fatto solo progressi minimi nei loro indicatori relativi allo stato di diritto. I &#8220;Lavoratori instancabili&#8221;, che sono Estonia e Repubblica Ceca mostrano invece segnali di sforzi genuini e sistemici di miglioramento, evidenziando il ruolo positivo della societ\u00e0 civile nel raggiungimento di un cambiamento. Per quanto riguarda la Polonia, dove il nuovo governo ha tentato di ripristinare l&#8217;indipendenza della magistratura e il pluralismo dei media, il Report certifica che non vi sono stati grandi progressi, a dimostrazione che affrontare il problema dell&#8217;indipendenza compromessa delle istituzioni \u00e8 un&#8217;impresa estremamente difficile e fragile. \u201cNel 2024, si legge nel Report, il ciclo di notizie ha rispecchiato il declino della democrazia e la crescente legittimit\u00e0 politica dei partiti e delle politiche di estrema destra. Per coloro che hanno assistito a questo sgretolamento, il nostro senso di impotenza \u00e8 comprensibile. Invece di ascoltare il pubblico, chi \u00e8 al potere agisce sempre di pi\u00f9 nel proprio interesse e gioca secondo le proprie regole. Esistono strutture progettate per impedirlo, dai giornalisti che indagano sui politici che abusano del loro potere, ai tribunali indipendenti che sostengono le protezioni legali e alle ONG come Liberties, che monitorano se i politici rispettano i diritti fondamentali. Ma questi sistemi, che collettivamente creano un quadro di responsabilit\u00e0 democratica noto come &#8220;stato di diritto&#8221;, vengono indeboliti, trascurati o addirittura smantellati.\u201d<\/p>\n<p>Per quanto riguarda la giustizia, il Rapporto evidenzia come in molti paesi la manipolazione politica abbia ostacolato l&#8217;indipendenza della magistratura e, in tutti i paesi dell&#8217;Unione, i sistemi giudiziari sono poco efficienti a causa della mancanza di risorse. In ordine, invece, alla lotta alla corruzione, la fiducia nel governo \u00e8 compromessa dalla scarsa azione giudiziaria nei casi di corruzione di alto profilo, dalle lacune nella protezione dei whistleblower e dall&#8217;inadeguata applicazione delle norme in materia di lobbying. L\u2019area relativa alla libert\u00e0 dei media \u00e8 quella che ha mostrato la maggiore regressione: i media di servizio pubblico sono stati soggetti a continue interferenze con la loro indipendenza e performance, mentre la trasparenza nella propriet\u00e0 dei media e il pluralismo di mercato rimangono bassi. Quanto ai controlli e agli equilibri, l&#8217;abuso della legislazione accelerata \u00e8 continuato in quasi tutti i paesi, mentre le istituzioni nazionali per i diritti umani si stanno indebolendo a causa dell&#8217;interferenza politica e della mancanza di finanziamenti, oltre all&#8217;integrit\u00e0 delle elezioni che \u00e8 compromessa a causa di gruppi emarginati e materiale politico manipolato. Anche lo spazio civico \u00e8 sempre pi\u00f9 compromesso: i governi hanno utilizzato campagne diffamatorie e attacchi verbali per delegittimare il lavoro delle ONG e giustificare restrizioni ai finanziamenti, e il diritto di protestare \u00e8 stato limitato attraverso l&#8217;uso eccessivo della forza da parte della polizia e misure per formalizzare le restrizioni attraverso modifiche alla legge. Infine, i diritti umani stanno subendo limitazioni consistenti: l&#8217;ascesa dell&#8217;ostilit\u00e0 alimentata dalla destra verso i migranti ha avuto ripercussioni in tutto lo spettro politico, con conseguenti politiche migratorie pi\u00f9 severe che mettono a repentaglio i diritti dei migranti e dei richiedenti asilo. Sono aumentati anche i casi di discriminazione e incitamento all&#8217;odio nei confronti delle minoranze etniche e della comunit\u00e0 LGBTQIA+.<\/p>\n<p>Dal Rapporto emerge come i &#8220;modelli&#8221; democratici del vecchio continente mostrino tendenze antidemocratiche e come sia sempre pi\u00f9 necessaria una leadership coraggiosa dell\u2019UE di fronte alla turbolenta situazione geopolitica. L\u2019UE deve rafforzare la barriera critica contro l&#8217;autoritarismo, migliorando le sue attivit\u00e0 di monitoraggio e applicazione dello stato di diritto e collegandole ad altri strumenti dello stato di diritto, in particolare ai procedimenti giudiziari e ai meccanismi di condizionalit\u00e0 dei finanziamenti dell&#8217;UE. E occorre ripristinare la fiducia del pubblico nelle istituzioni UE, promuovere una collaborazione efficace tra gli Stati membri e garantire il rispetto dei valori UE che si basano su un solido stato di diritto. Nonostante la traiettoria generale discendente, ci sono per\u00f2 germogli di speranza. Il Rapporto rivela che il cuscinetto fornito dalla societ\u00e0 civile, dai media liberi, dagli organi giudiziari e dai tribunali indipendenti sta rallentando il ritmo dell&#8217;erosione.<\/p>\n<p>Qui il Rapporto completo: <a href=\"https:\/\/www.liberties.eu\/f\/vdxw3e\">https:\/\/www.liberties.eu\/f\/vdxw3e<\/a>.<\/p>\n","protected":false},"excerpt":{"rendered":"<p>Il Rapporto 2025 sullo stato di diritto di Liberties valuta quanto i governi abbiano rispettato lo stato di diritto, documentando i loro sforzi in sei aree tematiche e analizzando l&#8217;implementazione delle raccomandazioni della Commissione europea dell&#8217;anno precedente. Si tratta del&hellip;<\/p>\n","protected":false},"author":2106,"featured_media":2593352,"comment_status":"closed","ping_status":"closed","sticky":false,"template":"","format":"standard","meta":{"footnotes":""},"categories":[11388,60,54513],"tags":[10283,56868,134712,1684],"class_list":["post-2593351","post","type-post","status-publish","format-standard","has-post-thumbnail","hentry","category-contenuti-originali","category-diritti-umani","category-genere-e-femminismi","tag-estonia","tag-lgbtqia","tag-rapporto-2025-sullo-stato-di-diritto-di-liberties","tag-repubblica-ceca"],"yoast_head":"<!-- This site is optimized with the Yoast SEO plugin v27.1.1 - https:\/\/yoast.com\/product\/yoast-seo-wordpress\/ -->\n<title>Il declino democratico in Europa si aggrava. I dati del Rapporto 2025 sullo stato di diritto di Liberties<\/title>\n<meta name=\"description\" content=\"Il Rapporto 2025 sullo stato di diritto di Liberties valuta quanto i governi abbiano rispettato lo stato di diritto, documentando i loro sforzi in sei\" \/>\n<meta name=\"robots\" content=\"index, follow, max-snippet:-1, max-image-preview:large, max-video-preview:-1\" \/>\n<link rel=\"canonical\" href=\"https:\/\/www.pressenza.com\/it\/2025\/03\/il-declino-democratico-in-europa-si-aggrava-i-dati-del-rapporto-2025-sullo-stato-di-diritto-di-liberties\/\" \/>\n<meta property=\"og:locale\" content=\"it_IT\" \/>\n<meta property=\"og:type\" content=\"article\" \/>\n<meta property=\"og:title\" content=\"Il declino democratico in Europa si aggrava. I dati del Rapporto 2025 sullo stato di diritto di Liberties\" \/>\n<meta property=\"og:description\" content=\"Il Rapporto 2025 sullo stato di diritto di Liberties valuta quanto i governi abbiano rispettato lo stato di diritto, documentando i loro sforzi in sei\" \/>\n<meta property=\"og:url\" content=\"https:\/\/www.pressenza.com\/it\/2025\/03\/il-declino-democratico-in-europa-si-aggrava-i-dati-del-rapporto-2025-sullo-stato-di-diritto-di-liberties\/\" \/>\n<meta property=\"og:site_name\" content=\"Pressenza\" \/>\n<meta property=\"article:publisher\" content=\"https:\/\/www.facebook.com\/PressenzaItalia\" \/>\n<meta property=\"article:published_time\" content=\"2025-03-28T10:37:36+00:00\" \/>\n<meta property=\"og:image\" content=\"https:\/\/www.pressenza.com\/wp-content\/uploads\/2025\/03\/Rule-of-law-Report-2025-890x395_c.jpeg\" \/>\n\t<meta property=\"og:image:width\" content=\"890\" \/>\n\t<meta property=\"og:image:height\" content=\"395\" \/>\n\t<meta property=\"og:image:type\" content=\"image\/jpeg\" \/>\n<meta name=\"author\" content=\"Giovanni Caprio\" \/>\n<meta name=\"twitter:card\" content=\"summary_large_image\" \/>\n<meta name=\"twitter:creator\" content=\"@PressenzaIPA\" \/>\n<meta name=\"twitter:site\" content=\"@PressenzaIPA\" \/>\n<meta name=\"twitter:label1\" content=\"Scritto da\" \/>\n\t<meta name=\"twitter:data1\" content=\"Giovanni Caprio\" \/>\n\t<meta name=\"twitter:label2\" content=\"Tempo di lettura stimato\" \/>\n\t<meta name=\"twitter:data2\" content=\"4 minuti\" \/>\n<script type=\"application\/ld+json\" class=\"yoast-schema-graph\">{\"@context\":\"https:\/\/schema.org\",\"@graph\":[{\"@type\":\"Article\",\"@id\":\"https:\/\/www.pressenza.com\/it\/2025\/03\/il-declino-democratico-in-europa-si-aggrava-i-dati-del-rapporto-2025-sullo-stato-di-diritto-di-liberties\/#article\",\"isPartOf\":{\"@id\":\"https:\/\/www.pressenza.com\/it\/2025\/03\/il-declino-democratico-in-europa-si-aggrava-i-dati-del-rapporto-2025-sullo-stato-di-diritto-di-liberties\/\"},\"author\":{\"name\":\"Giovanni Caprio\",\"@id\":\"https:\/\/www.pressenza.com\/it\/#\/schema\/person\/841c36a613f4f6e80f5fbc9c1f8c32c8\"},\"headline\":\"Il declino democratico in Europa si aggrava. I dati del Rapporto 2025 sullo stato di diritto di Liberties\",\"datePublished\":\"2025-03-28T10:37:36+00:00\",\"mainEntityOfPage\":{\"@id\":\"https:\/\/www.pressenza.com\/it\/2025\/03\/il-declino-democratico-in-europa-si-aggrava-i-dati-del-rapporto-2025-sullo-stato-di-diritto-di-liberties\/\"},\"wordCount\":904,\"publisher\":{\"@id\":\"https:\/\/www.pressenza.com\/it\/#organization\"},\"image\":{\"@id\":\"https:\/\/www.pressenza.com\/it\/2025\/03\/il-declino-democratico-in-europa-si-aggrava-i-dati-del-rapporto-2025-sullo-stato-di-diritto-di-liberties\/#primaryimage\"},\"thumbnailUrl\":\"https:\/\/www.pressenza.com\/wp-content\/uploads\/2025\/03\/Rule-of-law-Report-2025-890x395_c.jpeg\",\"keywords\":[\"Estonia\",\"LGBTQIA+\",\"Rapporto 2025 sullo stato di diritto di Liberties\",\"Repubblica Ceca\"],\"articleSection\":[\"contenuti originali\",\"Diritti Umani\",\"Genere e femminismi\"],\"inLanguage\":\"it-IT\"},{\"@type\":\"WebPage\",\"@id\":\"https:\/\/www.pressenza.com\/it\/2025\/03\/il-declino-democratico-in-europa-si-aggrava-i-dati-del-rapporto-2025-sullo-stato-di-diritto-di-liberties\/\",\"url\":\"https:\/\/www.pressenza.com\/it\/2025\/03\/il-declino-democratico-in-europa-si-aggrava-i-dati-del-rapporto-2025-sullo-stato-di-diritto-di-liberties\/\",\"name\":\"Il declino democratico in Europa si aggrava. I dati del Rapporto 2025 sullo stato di diritto di Liberties\",\"isPartOf\":{\"@id\":\"https:\/\/www.pressenza.com\/it\/#website\"},\"primaryImageOfPage\":{\"@id\":\"https:\/\/www.pressenza.com\/it\/2025\/03\/il-declino-democratico-in-europa-si-aggrava-i-dati-del-rapporto-2025-sullo-stato-di-diritto-di-liberties\/#primaryimage\"},\"image\":{\"@id\":\"https:\/\/www.pressenza.com\/it\/2025\/03\/il-declino-democratico-in-europa-si-aggrava-i-dati-del-rapporto-2025-sullo-stato-di-diritto-di-liberties\/#primaryimage\"},\"thumbnailUrl\":\"https:\/\/www.pressenza.com\/wp-content\/uploads\/2025\/03\/Rule-of-law-Report-2025-890x395_c.jpeg\",\"datePublished\":\"2025-03-28T10:37:36+00:00\",\"description\":\"Il Rapporto 2025 sullo stato di diritto di Liberties valuta quanto i governi abbiano rispettato lo stato di diritto, documentando i loro sforzi in sei\",\"breadcrumb\":{\"@id\":\"https:\/\/www.pressenza.com\/it\/2025\/03\/il-declino-democratico-in-europa-si-aggrava-i-dati-del-rapporto-2025-sullo-stato-di-diritto-di-liberties\/#breadcrumb\"},\"inLanguage\":\"it-IT\",\"potentialAction\":[{\"@type\":\"ReadAction\",\"target\":[\"https:\/\/www.pressenza.com\/it\/2025\/03\/il-declino-democratico-in-europa-si-aggrava-i-dati-del-rapporto-2025-sullo-stato-di-diritto-di-liberties\/\"]}]},{\"@type\":\"ImageObject\",\"inLanguage\":\"it-IT\",\"@id\":\"https:\/\/www.pressenza.com\/it\/2025\/03\/il-declino-democratico-in-europa-si-aggrava-i-dati-del-rapporto-2025-sullo-stato-di-diritto-di-liberties\/#primaryimage\",\"url\":\"https:\/\/www.pressenza.com\/wp-content\/uploads\/2025\/03\/Rule-of-law-Report-2025-890x395_c.jpeg\",\"contentUrl\":\"https:\/\/www.pressenza.com\/wp-content\/uploads\/2025\/03\/Rule-of-law-Report-2025-890x395_c.jpeg\",\"width\":890,\"height\":395},{\"@type\":\"BreadcrumbList\",\"@id\":\"https:\/\/www.pressenza.com\/it\/2025\/03\/il-declino-democratico-in-europa-si-aggrava-i-dati-del-rapporto-2025-sullo-stato-di-diritto-di-liberties\/#breadcrumb\",\"itemListElement\":[{\"@type\":\"ListItem\",\"position\":1,\"name\":\"Accueil\",\"item\":\"https:\/\/www.pressenza.com\/it\/\"},{\"@type\":\"ListItem\",\"position\":2,\"name\":\"Il declino democratico in Europa si aggrava. I dati del Rapporto 2025 sullo stato di diritto di Liberties\"}]},{\"@type\":\"WebSite\",\"@id\":\"https:\/\/www.pressenza.com\/it\/#website\",\"url\":\"https:\/\/www.pressenza.com\/it\/\",\"name\":\"Pressenza\",\"description\":\"Agenzia di Stampa Internazionale\",\"publisher\":{\"@id\":\"https:\/\/www.pressenza.com\/it\/#organization\"},\"potentialAction\":[{\"@type\":\"SearchAction\",\"target\":{\"@type\":\"EntryPoint\",\"urlTemplate\":\"https:\/\/www.pressenza.com\/it\/?s={search_term_string}\"},\"query-input\":{\"@type\":\"PropertyValueSpecification\",\"valueRequired\":true,\"valueName\":\"search_term_string\"}}],\"inLanguage\":\"it-IT\"},{\"@type\":\"Organization\",\"@id\":\"https:\/\/www.pressenza.com\/it\/#organization\",\"name\":\"Pressenza\",\"url\":\"https:\/\/www.pressenza.com\/it\/\",\"logo\":{\"@type\":\"ImageObject\",\"inLanguage\":\"it-IT\",\"@id\":\"https:\/\/www.pressenza.com\/it\/#\/schema\/logo\/image\/\",\"url\":\"https:\/\/www.pressenza.com\/wp-content\/uploads\/2022\/10\/pressenza_logo_200x200.jpg\",\"contentUrl\":\"https:\/\/www.pressenza.com\/wp-content\/uploads\/2022\/10\/pressenza_logo_200x200.jpg\",\"width\":200,\"height\":200,\"caption\":\"Pressenza\"},\"image\":{\"@id\":\"https:\/\/www.pressenza.com\/it\/#\/schema\/logo\/image\/\"},\"sameAs\":[\"https:\/\/www.facebook.com\/PressenzaItalia\",\"https:\/\/x.com\/PressenzaIPA\"]},{\"@type\":\"Person\",\"@id\":\"https:\/\/www.pressenza.com\/it\/#\/schema\/person\/841c36a613f4f6e80f5fbc9c1f8c32c8\",\"name\":\"Giovanni Caprio\",\"description\":\"Pubblicista, gi\u00e0 dirigente di istituzioni pubbliche e di fondazioni private. Si occupa di beni comuni, partecipazione e governo del territorio.\",\"url\":\"https:\/\/www.pressenza.com\/it\/author\/giovanni-caprio\/\"}]}<\/script>\n<!-- \/ Yoast SEO plugin. -->","yoast_head_json":{"title":"Il declino democratico in Europa si aggrava. I dati del Rapporto 2025 sullo stato di diritto di Liberties","description":"Il Rapporto 2025 sullo stato di diritto di Liberties valuta quanto i governi abbiano rispettato lo stato di diritto, documentando i loro sforzi in sei","robots":{"index":"index","follow":"follow","max-snippet":"max-snippet:-1","max-image-preview":"max-image-preview:large","max-video-preview":"max-video-preview:-1"},"canonical":"https:\/\/www.pressenza.com\/it\/2025\/03\/il-declino-democratico-in-europa-si-aggrava-i-dati-del-rapporto-2025-sullo-stato-di-diritto-di-liberties\/","og_locale":"it_IT","og_type":"article","og_title":"Il declino democratico in Europa si aggrava. I dati del Rapporto 2025 sullo stato di diritto di Liberties","og_description":"Il Rapporto 2025 sullo stato di diritto di Liberties valuta quanto i governi abbiano rispettato lo stato di diritto, documentando i loro sforzi in sei","og_url":"https:\/\/www.pressenza.com\/it\/2025\/03\/il-declino-democratico-in-europa-si-aggrava-i-dati-del-rapporto-2025-sullo-stato-di-diritto-di-liberties\/","og_site_name":"Pressenza","article_publisher":"https:\/\/www.facebook.com\/PressenzaItalia","article_published_time":"2025-03-28T10:37:36+00:00","og_image":[{"width":890,"height":395,"url":"https:\/\/www.pressenza.com\/wp-content\/uploads\/2025\/03\/Rule-of-law-Report-2025-890x395_c.jpeg","type":"image\/jpeg"}],"author":"Giovanni Caprio","twitter_card":"summary_large_image","twitter_creator":"@PressenzaIPA","twitter_site":"@PressenzaIPA","twitter_misc":{"Scritto da":"Giovanni Caprio","Tempo di lettura stimato":"4 minuti"},"schema":{"@context":"https:\/\/schema.org","@graph":[{"@type":"Article","@id":"https:\/\/www.pressenza.com\/it\/2025\/03\/il-declino-democratico-in-europa-si-aggrava-i-dati-del-rapporto-2025-sullo-stato-di-diritto-di-liberties\/#article","isPartOf":{"@id":"https:\/\/www.pressenza.com\/it\/2025\/03\/il-declino-democratico-in-europa-si-aggrava-i-dati-del-rapporto-2025-sullo-stato-di-diritto-di-liberties\/"},"author":{"name":"Giovanni Caprio","@id":"https:\/\/www.pressenza.com\/it\/#\/schema\/person\/841c36a613f4f6e80f5fbc9c1f8c32c8"},"headline":"Il declino democratico in Europa si aggrava. I dati del Rapporto 2025 sullo stato di diritto di Liberties","datePublished":"2025-03-28T10:37:36+00:00","mainEntityOfPage":{"@id":"https:\/\/www.pressenza.com\/it\/2025\/03\/il-declino-democratico-in-europa-si-aggrava-i-dati-del-rapporto-2025-sullo-stato-di-diritto-di-liberties\/"},"wordCount":904,"publisher":{"@id":"https:\/\/www.pressenza.com\/it\/#organization"},"image":{"@id":"https:\/\/www.pressenza.com\/it\/2025\/03\/il-declino-democratico-in-europa-si-aggrava-i-dati-del-rapporto-2025-sullo-stato-di-diritto-di-liberties\/#primaryimage"},"thumbnailUrl":"https:\/\/www.pressenza.com\/wp-content\/uploads\/2025\/03\/Rule-of-law-Report-2025-890x395_c.jpeg","keywords":["Estonia","LGBTQIA+","Rapporto 2025 sullo stato di diritto di Liberties","Repubblica Ceca"],"articleSection":["contenuti originali","Diritti Umani","Genere e femminismi"],"inLanguage":"it-IT"},{"@type":"WebPage","@id":"https:\/\/www.pressenza.com\/it\/2025\/03\/il-declino-democratico-in-europa-si-aggrava-i-dati-del-rapporto-2025-sullo-stato-di-diritto-di-liberties\/","url":"https:\/\/www.pressenza.com\/it\/2025\/03\/il-declino-democratico-in-europa-si-aggrava-i-dati-del-rapporto-2025-sullo-stato-di-diritto-di-liberties\/","name":"Il declino democratico in Europa si aggrava. I dati del Rapporto 2025 sullo stato di diritto di Liberties","isPartOf":{"@id":"https:\/\/www.pressenza.com\/it\/#website"},"primaryImageOfPage":{"@id":"https:\/\/www.pressenza.com\/it\/2025\/03\/il-declino-democratico-in-europa-si-aggrava-i-dati-del-rapporto-2025-sullo-stato-di-diritto-di-liberties\/#primaryimage"},"image":{"@id":"https:\/\/www.pressenza.com\/it\/2025\/03\/il-declino-democratico-in-europa-si-aggrava-i-dati-del-rapporto-2025-sullo-stato-di-diritto-di-liberties\/#primaryimage"},"thumbnailUrl":"https:\/\/www.pressenza.com\/wp-content\/uploads\/2025\/03\/Rule-of-law-Report-2025-890x395_c.jpeg","datePublished":"2025-03-28T10:37:36+00:00","description":"Il Rapporto 2025 sullo stato di diritto di Liberties valuta quanto i governi abbiano rispettato lo stato di diritto, documentando i loro sforzi in sei","breadcrumb":{"@id":"https:\/\/www.pressenza.com\/it\/2025\/03\/il-declino-democratico-in-europa-si-aggrava-i-dati-del-rapporto-2025-sullo-stato-di-diritto-di-liberties\/#breadcrumb"},"inLanguage":"it-IT","potentialAction":[{"@type":"ReadAction","target":["https:\/\/www.pressenza.com\/it\/2025\/03\/il-declino-democratico-in-europa-si-aggrava-i-dati-del-rapporto-2025-sullo-stato-di-diritto-di-liberties\/"]}]},{"@type":"ImageObject","inLanguage":"it-IT","@id":"https:\/\/www.pressenza.com\/it\/2025\/03\/il-declino-democratico-in-europa-si-aggrava-i-dati-del-rapporto-2025-sullo-stato-di-diritto-di-liberties\/#primaryimage","url":"https:\/\/www.pressenza.com\/wp-content\/uploads\/2025\/03\/Rule-of-law-Report-2025-890x395_c.jpeg","contentUrl":"https:\/\/www.pressenza.com\/wp-content\/uploads\/2025\/03\/Rule-of-law-Report-2025-890x395_c.jpeg","width":890,"height":395},{"@type":"BreadcrumbList","@id":"https:\/\/www.pressenza.com\/it\/2025\/03\/il-declino-democratico-in-europa-si-aggrava-i-dati-del-rapporto-2025-sullo-stato-di-diritto-di-liberties\/#breadcrumb","itemListElement":[{"@type":"ListItem","position":1,"name":"Accueil","item":"https:\/\/www.pressenza.com\/it\/"},{"@type":"ListItem","position":2,"name":"Il declino democratico in Europa si aggrava. I dati del Rapporto 2025 sullo stato di diritto di Liberties"}]},{"@type":"WebSite","@id":"https:\/\/www.pressenza.com\/it\/#website","url":"https:\/\/www.pressenza.com\/it\/","name":"Pressenza","description":"Agenzia di Stampa Internazionale","publisher":{"@id":"https:\/\/www.pressenza.com\/it\/#organization"},"potentialAction":[{"@type":"SearchAction","target":{"@type":"EntryPoint","urlTemplate":"https:\/\/www.pressenza.com\/it\/?s={search_term_string}"},"query-input":{"@type":"PropertyValueSpecification","valueRequired":true,"valueName":"search_term_string"}}],"inLanguage":"it-IT"},{"@type":"Organization","@id":"https:\/\/www.pressenza.com\/it\/#organization","name":"Pressenza","url":"https:\/\/www.pressenza.com\/it\/","logo":{"@type":"ImageObject","inLanguage":"it-IT","@id":"https:\/\/www.pressenza.com\/it\/#\/schema\/logo\/image\/","url":"https:\/\/www.pressenza.com\/wp-content\/uploads\/2022\/10\/pressenza_logo_200x200.jpg","contentUrl":"https:\/\/www.pressenza.com\/wp-content\/uploads\/2022\/10\/pressenza_logo_200x200.jpg","width":200,"height":200,"caption":"Pressenza"},"image":{"@id":"https:\/\/www.pressenza.com\/it\/#\/schema\/logo\/image\/"},"sameAs":["https:\/\/www.facebook.com\/PressenzaItalia","https:\/\/x.com\/PressenzaIPA"]},{"@type":"Person","@id":"https:\/\/www.pressenza.com\/it\/#\/schema\/person\/841c36a613f4f6e80f5fbc9c1f8c32c8","name":"Giovanni Caprio","description":"Pubblicista, gi\u00e0 dirigente di istituzioni pubbliche e di fondazioni private. Si occupa di beni comuni, partecipazione e governo del territorio.","url":"https:\/\/www.pressenza.com\/it\/author\/giovanni-caprio\/"}]}},"place":"","original_article_url":"","_links":{"self":[{"href":"https:\/\/www.pressenza.com\/it\/wp-json\/wp\/v2\/posts\/2593351","targetHints":{"allow":["GET"]}}],"collection":[{"href":"https:\/\/www.pressenza.com\/it\/wp-json\/wp\/v2\/posts"}],"about":[{"href":"https:\/\/www.pressenza.com\/it\/wp-json\/wp\/v2\/types\/post"}],"author":[{"embeddable":true,"href":"https:\/\/www.pressenza.com\/it\/wp-json\/wp\/v2\/users\/2106"}],"replies":[{"embeddable":true,"href":"https:\/\/www.pressenza.com\/it\/wp-json\/wp\/v2\/comments?post=2593351"}],"version-history":[{"count":0,"href":"https:\/\/www.pressenza.com\/it\/wp-json\/wp\/v2\/posts\/2593351\/revisions"}],"wp:featuredmedia":[{"embeddable":true,"href":"https:\/\/www.pressenza.com\/it\/wp-json\/wp\/v2\/media\/2593352"}],"wp:attachment":[{"href":"https:\/\/www.pressenza.com\/it\/wp-json\/wp\/v2\/media?parent=2593351"}],"wp:term":[{"taxonomy":"category","embeddable":true,"href":"https:\/\/www.pressenza.com\/it\/wp-json\/wp\/v2\/categories?post=2593351"},{"taxonomy":"post_tag","embeddable":true,"href":"https:\/\/www.pressenza.com\/it\/wp-json\/wp\/v2\/tags?post=2593351"}],"curies":[{"name":"wp","href":"https:\/\/api.w.org\/{rel}","templated":true}]}}