{"id":2591976,"date":"2025-03-22T17:11:21","date_gmt":"2025-03-22T17:11:21","guid":{"rendered":"https:\/\/www.pressenza.com\/?p=2591976"},"modified":"2025-03-22T18:18:31","modified_gmt":"2025-03-22T18:18:31","slug":"lunico-luogo-sicuro-e-un-luogo-umano","status":"publish","type":"post","link":"https:\/\/www.pressenza.com\/it\/2025\/03\/lunico-luogo-sicuro-e-un-luogo-umano\/","title":{"rendered":"L&#8217;unico luogo sicuro \u00e8 un luogo umano"},"content":{"rendered":"<p>E&#8217; successo anche questa volta che il mondo pacifista, nonviolento, alternativo si trovi a lottare sull&#8217;agenda costruita da altri.<\/p>\n<p>Su questi <em>altri<\/em> approfondiamo in un altro momento, per\u00f2 constatiamo che l&#8217;agenda la scrivono loro e che noi siamo qua a rincorrergli dietro con mezzi sproporzionatamente inferiori su tutti i piani.<\/p>\n<p>Proviamo dunque almeno a ribaltare la prospettiva. Formiamo tutti i comitati possibili &#8220;No al Riarmo&#8221; (per ora abbiamo aderito con Pressenza a questo <a href=\"https:\/\/stoprearm.org\/\">https:\/\/stoprearm.org\/)<\/a> coordiniamoci il pi\u00f9 possibile con tutte le realt\u00e0 che chiedono la stessa cosa e chi se ne importa se uno lo chiede con un accento su un tema e un altro su un altro: viva le motivazioni di tutti ma facciamolo insieme perch\u00e9 la partita inizia con un punteggio truccato.<\/p>\n<p>Per\u00f2 la domanda che dovremmo farci e a cui rispondere\u00a0 \u00e8: quale paese, quale continente, quale citt\u00e0, quale quartiere \u00e8 un <strong>posto sicuro<\/strong>. Dalla risposta a questa domanda possiamo formulare una proposta e, per quanto questa proposta sia utopica, sar\u00e0 un seme da germogliare, il cammino verso il futuro a cui pensava Galeano quando parlava di utopia,<\/p>\n<p>Se pensiamo in questa direzione sembra evidente che un posto sicuro non sia un posto dove dominano le armi. Basterebbero le periodiche stragi negli Stati Uniti o la situazione nei luoghi di guerra dove l&#8217;unica sicurezza \u00e8 la distruzione e la morte. Basterebbe una gita turistica tra i check point della Cisgiordania. Basterebbe una visita a quei luoghi, sparsi purtroppo per il mondo, dove una mafia o un esercito privato &#8220;regolano&#8221; la vita delle persone.<\/p>\n<p>Qualcuno dir\u00e0 a questo punto che esiste un uso legale delle armi e che, ragionevolmente, forze armate di vario tipo proteggono le nostre case, i nostri confini, le nostre case. Non bande armate ma Forze di Polizia, Eserciti difensivi che appoggiano la loro azione sulla legalit\u00e0.<\/p>\n<p>Va bene, possiamo riconoscere la necessit\u00e0 di forze moderatamente armate per difendersi dal crimine ma gi\u00e0, per esempio per l&#8217;Italia, non comprendiamo perch\u00e9 paghiamo un Esercito per difendere i nostri confini da francesi, svizzeri, sloveni, sanmarinesi e Guardie Svizzere vaticane, in sintesi dai nostri cugini, o forse fratelli. Vorremmo ricordare le funzioni che l&#8217;Esercito svolge senza uso di armi e che\u00a0 sono un contributo alla nostra sicurezza: Protezione Civile, Previsioni del Tempo, ricerche sottomarine, Guardie Forestali (ora per altro in parte smilitarizzate). Ovviamente queste funzioni potrebbero essere perfettamente organizzate in modo civile e dunque non rientrare in nessun piano di riarmo.<\/p>\n<p>Dobbiamo anche chiarire un equivoco (ma sar\u00e0 un equivoco o una manipolazione?) secondo cui alcuni sostengono che il Piano di Riarmo proposto in sede europea non sia per finanziare acquisto di armi ma piuttosto tecnologia di vario tipo. In realt\u00e0 nessuno ha scritto a cosa destinare questi soldi: si sta dicendo di metterli a disposizione perch\u00e9, all&#8217;improvviso, ci vuole pi\u00f9 sicurezza in Europa e si stanno discutendo come trovare questi soldi e come metterli a disposizione di chi vorr\u00e0 spenderli.<\/p>\n<p>Allora sarebbe buono che facessimo, noi pacifisti nonviolenti, antimilitaristi alcune semplici proposte.<\/p>\n<p>Quando penso a queste cose sempre mi salta in mente una frase semplice che disse anni fa Silo, il fondatore del Movimento Umanista: &#8220;l&#8217;unico quartiere sicuro \u00e8 un quartiere umano&#8221;; disse questa frase nel contesto di una grande campagna che negli anni &#8217;90 del secolo scorso gli umanisti fecero in tutti i quartieri del mondo dove fu possibile: era una campagna di ricostruzione del tessuto sociale che si andava distruggendo e che si articolava in numerose attivit\u00e0 di prossimit\u00e0, lotte e attivit\u00e0 sociali, apertura di Centri di Comunicazione Diretta e Giornali di Quartiere e campagne di appoggio al piccolo commercio di prossimit\u00e0 come garanzia di quartieri umani, vivibili e sicuri.<\/p>\n<p>Sappiamo come \u00e8 andata a finire e come quel nobile tentativo sia fallito, come i nostri quartieri siano diventati sempre pi\u00f9 invivibili e pi\u00f9 brutti. Pensiamo forse che con protezione elettronica e truppe alle frontiere i nostri quartieri saranno pi\u00f9 sicuri?<\/p>\n<p>La Sicurezza Sociale in senso amplio \u00e8 la possibilit\u00e0 di vivere una vita degna e umana, con diritti e possibilit\u00e0: investire in sanit\u00e0, istruzione e qualit\u00e0 della vita sono le pi\u00f9 efficienti forme di realizzazione di un luogo sicuro perch\u00e9 umano e, in questo campo, sarebbero da investire ben pi\u00f9 di 800 miliardi. In questo momento poi l&#8217;emergenza climatica costituirebbe una priorit\u00e0 ben maggiore della ridicola possibilit\u00e0 che i Russi ci invadano (che sembra la motivazione sottintesa di tutta questa manovra).<\/p>\n<p>Esiste in realt\u00e0 un movimento sommerso di cittadini che gi\u00e0 si autorganizzano per avere una diversa qualit\u00e0 della vita senza aspettare che arrivi qualcosa dall&#8217;alto: reti di cittadini, ecovillaggi, esperienze ispirate dal <a href=\"https:\/\/transitionitalia.it\/cose-la-transizione-2\/\">Transition Town<\/a>, gruppi di autoaiuto, le <a href=\"https:\/\/humanzone.org\/humanweek\/\">human week<\/a>, gruppi di acquisto solidale, reti di educatori, esperienze di ripopolazione di paesi abbandonati ecc. I nostri partner di <a href=\"https:\/\/www.italiachecambia.org\/\">Italia che Cambia<\/a> ne fanno un eccellente resoconto. Questo per dire che gi\u00e0 esperimenti di un nuovo paradigma sono in marcia.<\/p>\n<p>Ma \u00e8 evidente che dovrebbe essere la politica, sempre pi\u00f9 succube di interessi finanziari, a decidere di cambiare direzione e a farlo con coerenza: perch\u00e9 quel che si propone oggi a chi ci vota non pu\u00f2 essere diverso da quello che si far\u00e0 quando si sar\u00e0 al governo.<\/p>\n<p>Per cui alla politica chiediamo con chiarezza e con coraggio di rispondere sul serio alla domanda &#8220;come rendo un posto sicuro&#8221;? Con le armi? con il controllo elettronico? Con la paura? Con il ricatto? E chiediamo un conseguente cambio radicale di priorit\u00e0.<\/p>\n<p>A ognuno di noi possiamo, con affetto, chiedere &#8220;cosa posso concretamente fare per rendere il mio intorno pi\u00f9 umano, con pi\u00f9 diritti, pi\u00f9 empatia, pi\u00f9 comprensione, pi\u00f9 accoglienza&#8221;? E risponderci, nell&#8217;intimo del cuore, ed agire di conseguenza.<\/p>\n","protected":false},"excerpt":{"rendered":"<p>E&#8217; successo anche questa volta che il mondo pacifista, nonviolento, alternativo si trovi a lottare sull&#8217;agenda costruita da altri. Su questi altri approfondiamo in un altro momento, per\u00f2 constatiamo che l&#8217;agenda la scrivono loro e che noi siamo qua a&hellip;<\/p>\n","protected":false},"author":10,"featured_media":936835,"comment_status":"closed","ping_status":"closed","sticky":false,"template":"","format":"standard","meta":{"footnotes":""},"categories":[11388,60,162,1260],"tags":[134416,4231,134417,2791],"class_list":["post-2591976","post","type-post","status-publish","format-standard","has-post-thumbnail","hentry","category-contenuti-originali","category-diritti-umani","category-opinioni","category-umanesimo-spiritualita","tag-luogo-sicuro","tag-movimento-umanista","tag-rearm-europe","tag-silo-it"],"yoast_head":"<!-- This site is optimized with the Yoast SEO plugin v27.1.1 - https:\/\/yoast.com\/product\/yoast-seo-wordpress\/ -->\n<title>L&#039;unico luogo sicuro \u00e8 un luogo umano<\/title>\n<meta name=\"description\" content=\"E&#039; successo anche questa volta che il mondo pacifista, nonviolento, alternativo si trovi a lottare sull&#039;agenda costruita da altri. Su questi altri\" \/>\n<meta name=\"robots\" content=\"index, follow, max-snippet:-1, max-image-preview:large, max-video-preview:-1\" \/>\n<link rel=\"canonical\" href=\"https:\/\/www.pressenza.com\/it\/2025\/03\/lunico-luogo-sicuro-e-un-luogo-umano\/\" \/>\n<meta property=\"og:locale\" content=\"it_IT\" \/>\n<meta property=\"og:type\" content=\"article\" \/>\n<meta property=\"og:title\" content=\"L&#039;unico luogo sicuro \u00e8 un luogo umano\" \/>\n<meta property=\"og:description\" content=\"E&#039; successo anche questa volta che il mondo pacifista, nonviolento, alternativo si trovi a lottare sull&#039;agenda costruita da altri. Su questi altri\" \/>\n<meta property=\"og:url\" content=\"https:\/\/www.pressenza.com\/it\/2025\/03\/lunico-luogo-sicuro-e-un-luogo-umano\/\" \/>\n<meta property=\"og:site_name\" content=\"Pressenza\" \/>\n<meta property=\"article:publisher\" content=\"https:\/\/www.facebook.com\/PressenzaItalia\" \/>\n<meta property=\"article:published_time\" content=\"2025-03-22T17:11:21+00:00\" \/>\n<meta property=\"article:modified_time\" content=\"2025-03-22T18:18:31+00:00\" \/>\n<meta property=\"og:image\" content=\"https:\/\/www.pressenza.com\/wp-content\/uploads\/2019\/10\/humanweek-milano17.jpg\" \/>\n\t<meta property=\"og:image:width\" content=\"800\" \/>\n\t<meta property=\"og:image:height\" content=\"532\" \/>\n\t<meta property=\"og:image:type\" content=\"image\/jpeg\" \/>\n<meta name=\"author\" content=\"Olivier Turquet\" \/>\n<meta name=\"twitter:card\" content=\"summary_large_image\" \/>\n<meta name=\"twitter:creator\" content=\"@PressenzaIPA\" \/>\n<meta name=\"twitter:site\" content=\"@PressenzaIPA\" \/>\n<meta name=\"twitter:label1\" content=\"Scritto da\" \/>\n\t<meta name=\"twitter:data1\" content=\"Olivier Turquet\" \/>\n\t<meta name=\"twitter:label2\" content=\"Tempo di lettura stimato\" \/>\n\t<meta name=\"twitter:data2\" content=\"5 minuti\" \/>\n<script type=\"application\/ld+json\" class=\"yoast-schema-graph\">{\"@context\":\"https:\/\/schema.org\",\"@graph\":[{\"@type\":\"Article\",\"@id\":\"https:\/\/www.pressenza.com\/it\/2025\/03\/lunico-luogo-sicuro-e-un-luogo-umano\/#article\",\"isPartOf\":{\"@id\":\"https:\/\/www.pressenza.com\/it\/2025\/03\/lunico-luogo-sicuro-e-un-luogo-umano\/\"},\"author\":{\"name\":\"Olivier Turquet\",\"@id\":\"https:\/\/www.pressenza.com\/it\/#\/schema\/person\/636f8feb51f63f34e7378d5fcdd1de53\"},\"headline\":\"L&#8217;unico luogo sicuro \u00e8 un luogo umano\",\"datePublished\":\"2025-03-22T17:11:21+00:00\",\"dateModified\":\"2025-03-22T18:18:31+00:00\",\"mainEntityOfPage\":{\"@id\":\"https:\/\/www.pressenza.com\/it\/2025\/03\/lunico-luogo-sicuro-e-un-luogo-umano\/\"},\"wordCount\":943,\"publisher\":{\"@id\":\"https:\/\/www.pressenza.com\/it\/#organization\"},\"image\":{\"@id\":\"https:\/\/www.pressenza.com\/it\/2025\/03\/lunico-luogo-sicuro-e-un-luogo-umano\/#primaryimage\"},\"thumbnailUrl\":\"https:\/\/www.pressenza.com\/wp-content\/uploads\/2019\/10\/humanweek-milano17.jpg\",\"keywords\":[\"luogo sicuro\",\"Movimento Umanista\",\"Rearm Europe\",\"Silo\"],\"articleSection\":[\"contenuti originali\",\"Diritti Umani\",\"Opinioni\",\"Umanesimo e Spiritualit\u00e0\"],\"inLanguage\":\"it-IT\"},{\"@type\":\"WebPage\",\"@id\":\"https:\/\/www.pressenza.com\/it\/2025\/03\/lunico-luogo-sicuro-e-un-luogo-umano\/\",\"url\":\"https:\/\/www.pressenza.com\/it\/2025\/03\/lunico-luogo-sicuro-e-un-luogo-umano\/\",\"name\":\"L'unico luogo sicuro \u00e8 un luogo umano\",\"isPartOf\":{\"@id\":\"https:\/\/www.pressenza.com\/it\/#website\"},\"primaryImageOfPage\":{\"@id\":\"https:\/\/www.pressenza.com\/it\/2025\/03\/lunico-luogo-sicuro-e-un-luogo-umano\/#primaryimage\"},\"image\":{\"@id\":\"https:\/\/www.pressenza.com\/it\/2025\/03\/lunico-luogo-sicuro-e-un-luogo-umano\/#primaryimage\"},\"thumbnailUrl\":\"https:\/\/www.pressenza.com\/wp-content\/uploads\/2019\/10\/humanweek-milano17.jpg\",\"datePublished\":\"2025-03-22T17:11:21+00:00\",\"dateModified\":\"2025-03-22T18:18:31+00:00\",\"description\":\"E' successo anche questa volta che il mondo pacifista, nonviolento, alternativo si trovi a lottare sull'agenda costruita da altri. Su questi altri\",\"breadcrumb\":{\"@id\":\"https:\/\/www.pressenza.com\/it\/2025\/03\/lunico-luogo-sicuro-e-un-luogo-umano\/#breadcrumb\"},\"inLanguage\":\"it-IT\",\"potentialAction\":[{\"@type\":\"ReadAction\",\"target\":[\"https:\/\/www.pressenza.com\/it\/2025\/03\/lunico-luogo-sicuro-e-un-luogo-umano\/\"]}]},{\"@type\":\"ImageObject\",\"inLanguage\":\"it-IT\",\"@id\":\"https:\/\/www.pressenza.com\/it\/2025\/03\/lunico-luogo-sicuro-e-un-luogo-umano\/#primaryimage\",\"url\":\"https:\/\/www.pressenza.com\/wp-content\/uploads\/2019\/10\/humanweek-milano17.jpg\",\"contentUrl\":\"https:\/\/www.pressenza.com\/wp-content\/uploads\/2019\/10\/humanweek-milano17.jpg\",\"width\":800,\"height\":532},{\"@type\":\"BreadcrumbList\",\"@id\":\"https:\/\/www.pressenza.com\/it\/2025\/03\/lunico-luogo-sicuro-e-un-luogo-umano\/#breadcrumb\",\"itemListElement\":[{\"@type\":\"ListItem\",\"position\":1,\"name\":\"Accueil\",\"item\":\"https:\/\/www.pressenza.com\/it\/\"},{\"@type\":\"ListItem\",\"position\":2,\"name\":\"L&#8217;unico luogo sicuro \u00e8 un luogo umano\"}]},{\"@type\":\"WebSite\",\"@id\":\"https:\/\/www.pressenza.com\/it\/#website\",\"url\":\"https:\/\/www.pressenza.com\/it\/\",\"name\":\"Pressenza\",\"description\":\"Agenzia di Stampa Internazionale\",\"publisher\":{\"@id\":\"https:\/\/www.pressenza.com\/it\/#organization\"},\"potentialAction\":[{\"@type\":\"SearchAction\",\"target\":{\"@type\":\"EntryPoint\",\"urlTemplate\":\"https:\/\/www.pressenza.com\/it\/?s={search_term_string}\"},\"query-input\":{\"@type\":\"PropertyValueSpecification\",\"valueRequired\":true,\"valueName\":\"search_term_string\"}}],\"inLanguage\":\"it-IT\"},{\"@type\":\"Organization\",\"@id\":\"https:\/\/www.pressenza.com\/it\/#organization\",\"name\":\"Pressenza\",\"url\":\"https:\/\/www.pressenza.com\/it\/\",\"logo\":{\"@type\":\"ImageObject\",\"inLanguage\":\"it-IT\",\"@id\":\"https:\/\/www.pressenza.com\/it\/#\/schema\/logo\/image\/\",\"url\":\"https:\/\/www.pressenza.com\/wp-content\/uploads\/2022\/10\/pressenza_logo_200x200.jpg\",\"contentUrl\":\"https:\/\/www.pressenza.com\/wp-content\/uploads\/2022\/10\/pressenza_logo_200x200.jpg\",\"width\":200,\"height\":200,\"caption\":\"Pressenza\"},\"image\":{\"@id\":\"https:\/\/www.pressenza.com\/it\/#\/schema\/logo\/image\/\"},\"sameAs\":[\"https:\/\/www.facebook.com\/PressenzaItalia\",\"https:\/\/x.com\/PressenzaIPA\"]},{\"@type\":\"Person\",\"@id\":\"https:\/\/www.pressenza.com\/it\/#\/schema\/person\/636f8feb51f63f34e7378d5fcdd1de53\",\"name\":\"Olivier Turquet\",\"description\":\"Takes care of writing to tell the reality for about 40 years. He has worked with paper publications, radio and electronic He founded the electronic news agency humanist Good News. He was press secretary to various events such as: the International Humanist, Florence Play, the World March for Peace and Nonviolence. Currently coordinates the Italian team of Pressenza. olivierturquet.wordpress.com\",\"sameAs\":[\"http:\/\/olivierturquet.wordpress.com\"],\"url\":\"https:\/\/www.pressenza.com\/it\/author\/olivier-turquet\/\"}]}<\/script>\n<!-- \/ Yoast SEO plugin. -->","yoast_head_json":{"title":"L'unico luogo sicuro \u00e8 un luogo umano","description":"E' successo anche questa volta che il mondo pacifista, nonviolento, alternativo si trovi a lottare sull'agenda costruita da altri. Su questi altri","robots":{"index":"index","follow":"follow","max-snippet":"max-snippet:-1","max-image-preview":"max-image-preview:large","max-video-preview":"max-video-preview:-1"},"canonical":"https:\/\/www.pressenza.com\/it\/2025\/03\/lunico-luogo-sicuro-e-un-luogo-umano\/","og_locale":"it_IT","og_type":"article","og_title":"L'unico luogo sicuro \u00e8 un luogo umano","og_description":"E' successo anche questa volta che il mondo pacifista, nonviolento, alternativo si trovi a lottare sull'agenda costruita da altri. Su questi altri","og_url":"https:\/\/www.pressenza.com\/it\/2025\/03\/lunico-luogo-sicuro-e-un-luogo-umano\/","og_site_name":"Pressenza","article_publisher":"https:\/\/www.facebook.com\/PressenzaItalia","article_published_time":"2025-03-22T17:11:21+00:00","article_modified_time":"2025-03-22T18:18:31+00:00","og_image":[{"width":800,"height":532,"url":"https:\/\/www.pressenza.com\/wp-content\/uploads\/2019\/10\/humanweek-milano17.jpg","type":"image\/jpeg"}],"author":"Olivier Turquet","twitter_card":"summary_large_image","twitter_creator":"@PressenzaIPA","twitter_site":"@PressenzaIPA","twitter_misc":{"Scritto da":"Olivier Turquet","Tempo di lettura stimato":"5 minuti"},"schema":{"@context":"https:\/\/schema.org","@graph":[{"@type":"Article","@id":"https:\/\/www.pressenza.com\/it\/2025\/03\/lunico-luogo-sicuro-e-un-luogo-umano\/#article","isPartOf":{"@id":"https:\/\/www.pressenza.com\/it\/2025\/03\/lunico-luogo-sicuro-e-un-luogo-umano\/"},"author":{"name":"Olivier Turquet","@id":"https:\/\/www.pressenza.com\/it\/#\/schema\/person\/636f8feb51f63f34e7378d5fcdd1de53"},"headline":"L&#8217;unico luogo sicuro \u00e8 un luogo umano","datePublished":"2025-03-22T17:11:21+00:00","dateModified":"2025-03-22T18:18:31+00:00","mainEntityOfPage":{"@id":"https:\/\/www.pressenza.com\/it\/2025\/03\/lunico-luogo-sicuro-e-un-luogo-umano\/"},"wordCount":943,"publisher":{"@id":"https:\/\/www.pressenza.com\/it\/#organization"},"image":{"@id":"https:\/\/www.pressenza.com\/it\/2025\/03\/lunico-luogo-sicuro-e-un-luogo-umano\/#primaryimage"},"thumbnailUrl":"https:\/\/www.pressenza.com\/wp-content\/uploads\/2019\/10\/humanweek-milano17.jpg","keywords":["luogo sicuro","Movimento Umanista","Rearm Europe","Silo"],"articleSection":["contenuti originali","Diritti Umani","Opinioni","Umanesimo e Spiritualit\u00e0"],"inLanguage":"it-IT"},{"@type":"WebPage","@id":"https:\/\/www.pressenza.com\/it\/2025\/03\/lunico-luogo-sicuro-e-un-luogo-umano\/","url":"https:\/\/www.pressenza.com\/it\/2025\/03\/lunico-luogo-sicuro-e-un-luogo-umano\/","name":"L'unico luogo sicuro \u00e8 un luogo umano","isPartOf":{"@id":"https:\/\/www.pressenza.com\/it\/#website"},"primaryImageOfPage":{"@id":"https:\/\/www.pressenza.com\/it\/2025\/03\/lunico-luogo-sicuro-e-un-luogo-umano\/#primaryimage"},"image":{"@id":"https:\/\/www.pressenza.com\/it\/2025\/03\/lunico-luogo-sicuro-e-un-luogo-umano\/#primaryimage"},"thumbnailUrl":"https:\/\/www.pressenza.com\/wp-content\/uploads\/2019\/10\/humanweek-milano17.jpg","datePublished":"2025-03-22T17:11:21+00:00","dateModified":"2025-03-22T18:18:31+00:00","description":"E' successo anche questa volta che il mondo pacifista, nonviolento, alternativo si trovi a lottare sull'agenda costruita da altri. Su questi altri","breadcrumb":{"@id":"https:\/\/www.pressenza.com\/it\/2025\/03\/lunico-luogo-sicuro-e-un-luogo-umano\/#breadcrumb"},"inLanguage":"it-IT","potentialAction":[{"@type":"ReadAction","target":["https:\/\/www.pressenza.com\/it\/2025\/03\/lunico-luogo-sicuro-e-un-luogo-umano\/"]}]},{"@type":"ImageObject","inLanguage":"it-IT","@id":"https:\/\/www.pressenza.com\/it\/2025\/03\/lunico-luogo-sicuro-e-un-luogo-umano\/#primaryimage","url":"https:\/\/www.pressenza.com\/wp-content\/uploads\/2019\/10\/humanweek-milano17.jpg","contentUrl":"https:\/\/www.pressenza.com\/wp-content\/uploads\/2019\/10\/humanweek-milano17.jpg","width":800,"height":532},{"@type":"BreadcrumbList","@id":"https:\/\/www.pressenza.com\/it\/2025\/03\/lunico-luogo-sicuro-e-un-luogo-umano\/#breadcrumb","itemListElement":[{"@type":"ListItem","position":1,"name":"Accueil","item":"https:\/\/www.pressenza.com\/it\/"},{"@type":"ListItem","position":2,"name":"L&#8217;unico luogo sicuro \u00e8 un luogo umano"}]},{"@type":"WebSite","@id":"https:\/\/www.pressenza.com\/it\/#website","url":"https:\/\/www.pressenza.com\/it\/","name":"Pressenza","description":"Agenzia di Stampa Internazionale","publisher":{"@id":"https:\/\/www.pressenza.com\/it\/#organization"},"potentialAction":[{"@type":"SearchAction","target":{"@type":"EntryPoint","urlTemplate":"https:\/\/www.pressenza.com\/it\/?s={search_term_string}"},"query-input":{"@type":"PropertyValueSpecification","valueRequired":true,"valueName":"search_term_string"}}],"inLanguage":"it-IT"},{"@type":"Organization","@id":"https:\/\/www.pressenza.com\/it\/#organization","name":"Pressenza","url":"https:\/\/www.pressenza.com\/it\/","logo":{"@type":"ImageObject","inLanguage":"it-IT","@id":"https:\/\/www.pressenza.com\/it\/#\/schema\/logo\/image\/","url":"https:\/\/www.pressenza.com\/wp-content\/uploads\/2022\/10\/pressenza_logo_200x200.jpg","contentUrl":"https:\/\/www.pressenza.com\/wp-content\/uploads\/2022\/10\/pressenza_logo_200x200.jpg","width":200,"height":200,"caption":"Pressenza"},"image":{"@id":"https:\/\/www.pressenza.com\/it\/#\/schema\/logo\/image\/"},"sameAs":["https:\/\/www.facebook.com\/PressenzaItalia","https:\/\/x.com\/PressenzaIPA"]},{"@type":"Person","@id":"https:\/\/www.pressenza.com\/it\/#\/schema\/person\/636f8feb51f63f34e7378d5fcdd1de53","name":"Olivier Turquet","description":"Takes care of writing to tell the reality for about 40 years. He has worked with paper publications, radio and electronic He founded the electronic news agency humanist Good News. He was press secretary to various events such as: the International Humanist, Florence Play, the World March for Peace and Nonviolence. Currently coordinates the Italian team of Pressenza. olivierturquet.wordpress.com","sameAs":["http:\/\/olivierturquet.wordpress.com"],"url":"https:\/\/www.pressenza.com\/it\/author\/olivier-turquet\/"}]}},"place":"","original_article_url":"","_links":{"self":[{"href":"https:\/\/www.pressenza.com\/it\/wp-json\/wp\/v2\/posts\/2591976","targetHints":{"allow":["GET"]}}],"collection":[{"href":"https:\/\/www.pressenza.com\/it\/wp-json\/wp\/v2\/posts"}],"about":[{"href":"https:\/\/www.pressenza.com\/it\/wp-json\/wp\/v2\/types\/post"}],"author":[{"embeddable":true,"href":"https:\/\/www.pressenza.com\/it\/wp-json\/wp\/v2\/users\/10"}],"replies":[{"embeddable":true,"href":"https:\/\/www.pressenza.com\/it\/wp-json\/wp\/v2\/comments?post=2591976"}],"version-history":[{"count":0,"href":"https:\/\/www.pressenza.com\/it\/wp-json\/wp\/v2\/posts\/2591976\/revisions"}],"wp:featuredmedia":[{"embeddable":true,"href":"https:\/\/www.pressenza.com\/it\/wp-json\/wp\/v2\/media\/936835"}],"wp:attachment":[{"href":"https:\/\/www.pressenza.com\/it\/wp-json\/wp\/v2\/media?parent=2591976"}],"wp:term":[{"taxonomy":"category","embeddable":true,"href":"https:\/\/www.pressenza.com\/it\/wp-json\/wp\/v2\/categories?post=2591976"},{"taxonomy":"post_tag","embeddable":true,"href":"https:\/\/www.pressenza.com\/it\/wp-json\/wp\/v2\/tags?post=2591976"}],"curies":[{"name":"wp","href":"https:\/\/api.w.org\/{rel}","templated":true}]}}