{"id":259181,"date":"2015-12-17T15:18:30","date_gmt":"2015-12-17T15:18:30","guid":{"rendered":"http:\/\/www.pressenza.com\/it\/?p=259181"},"modified":"2015-12-17T18:45:29","modified_gmt":"2015-12-17T18:45:29","slug":"una-firma-contro-il-fascismo","status":"publish","type":"post","link":"https:\/\/www.pressenza.com\/it\/2015\/12\/una-firma-contro-il-fascismo\/","title":{"rendered":"Una firma contro il fascismo"},"content":{"rendered":"<p>\u00c8 partita la campagna per lo scioglimento delle organizzazioni neofasciste e neonaziste. Da subito \u00e8 dunque possibile\u00a0<a href=\"https:\/\/www.change.org\/p\/diretta-al-presidente-della-repubblica-sergio-mattarella-al-presidente-del-senato-pietro-grasso-alla-presidente-della-camera-laura-boldrini-per-la-messa-fuori-legge-di-tutte-le-organizzazioni-neofasciste-e-neonaziste\">firmare on line la petizione<\/a>\u00a0ospitata sulla piattaforma change.org. La forma \u00e8 quella di una lettera al Presidente della Repubblica e ai Presidenti di Camera e Senato, la sostanza \u00e8 quella di sollevare con forza il problema della sempre pi\u00f9 ampia tolleranza e legittimazione istituzionale di cui godono le tesi e i gruppi nazifascisti nel nostro paese. \u00a0E l\u2019obiettivo immediato \u00e8 quello di superare le 100mila firme entro aprile.<\/p>\n<p>Il comitato promotore della campagna \u00e8 milanese e lombardo e questo non \u00e8 un caso, poich\u00e9 \u00e8 proprio dalle nostre parti che si sente pi\u00f9 intensamente il tentativo dei gruppi nazifascisti di acquisire nuovi spazi e nuova legittimit\u00e0, complici sia la linea fascioleghista di Salvini, che la continua banalizzazione culturale operata dalle istituzioni. Concerti nazi, raduni internazionali con il peggio del razzismo e neofascismo continentale, celebrazioni in stile ventennio dei repubblichini il 25 aprile, sdoganamenti ai massimi livelli e, ovviamente, provocazioni e aggressioni contro migranti, gay e chiunque non la pensi come loro, com\u2019\u00e8 successo solo alcuni giorni fa al liceo Tenca di Milano.<\/p>\n<p>Non pu\u00f2 bastare certamente una raccolta firme per cambiare le cose; ben altro servir\u00e0, a partire da un rinnovato radicamento nel sociale e nella quotidianit\u00e0 dell\u2019antifascismo. N\u00e9 possiamo nutrire alcuna illusione circa l\u2019atteggiamento da parte delle istituzioni, perch\u00e9 in Italia, ahinoi, si \u00e8 chiuso un ciclo e quello che chiamavamo &#8220;antifascismo istituzionale&#8221; oggi semplicemente non esiste pi\u00f9, se non nella retorica da ricorrenza. Ma serve senz&#8217;altro e urgentemente una nuova battaglia culturale contro i fascismi che si diffondono. Una battaglia a viso aperto, chiamando le cose con il loro nome e cercando di parlare all&#8217;insieme dei settori popolari. Ecco perch\u00e9 la campagna per lo scioglimento dei gruppi nazifascisti \u00e8 utile e necessaria.<\/p>\n<p><strong>Ti invito dunque a sostenere la campagna, firmando la petizione e invitando altri e altre a fare altrettanto<\/strong>. La petizione si trova al seguente link:<a href=\"https:\/\/www.change.org\/p\/diretta-al-presidente-della-repubblica-sergio-mattarella-al-presidente-del-senato-pietro-grasso-alla-presidente-della-camera-laura-boldrini-per-la-messa-fuori-legge-di-tutte-le-organizzazioni-neofasciste-e-neonaziste\">Per la messa fuori legge di tutte le organizzazioni neofasciste e neonaziste<\/a>. Per chi volesse, \u00e8 disponibile anche una versione cartacea per la raccolta firme.<\/p>\n<p>Questo \u00e8\u00a0<strong>il testo della petizione<\/strong>:<\/p>\n<p>\u201cAl Presidente della Repubblica Sergio Mattarella<br \/>\nAl Presidente del Senato Pietro Grasso<br \/>\nAlla presidente della Camera Laura Boldrini<\/p>\n<p>Si chiede l\u2019immediato scioglimento di tutte le organizzazioni neofasciste e neonaziste, da Forza nuova a Casa Pound a Lealt\u00e0 azione alla Comunit\u00e0 militante dei dodici raggi e consimili, che traggono ispirazione dal passato ventennio mussoliniano come dal nazismo e che assumono come modelli di riferimento organizzazioni terroristiche e antisemite dello scorso secolo, come la Guardia di Ferro rumena e Le croci frecciate ungheresi.<\/p>\n<p>Diversi esponenti di questi stessi raggruppamenti sono stati in questi anni protagonisti di atti apologetici del fascismo, violenze gravissime, spesso a sfondo razziale, e per queste ragioni condannati dalla giustizia ordinaria.<\/p>\n<p>La volont\u00e0 da parte di dette formazioni di ricostituire nel presente il partito fascista, contravvenendo alla legge, \u00e8 un dato inconfutabile.<\/p>\n<p>La stessa Corte di Cassazione, l\u20198 gennaio 2010 (sentenza 19449 Quinta sezione penale), riguardo Forza nuova, ribadiva la natura \u00abnazifascista\u00bb dell\u2019organizzazione.<\/p>\n<p>Si richiede altres\u00ec da subito il divieto alle organizzazioni citate di poter accedere a spazi pubblici, all\u2019aperto o al chiuso, per manifestazioni, convegni, concerti, raccolta firme o altre attivit\u00e0 a fini propagandistici.\u201d<\/p>\n<p>Il\u00a0<strong>Comitato promotore lombardo<\/strong>\u00a0ad oggi (17.12.2015) \u00e8 composto dalle seguenti realt\u00e0:<\/p>\n<p>ANPI Sondrio, ANPI Dongo, ANPISenago, ANPI \u00a0 Bujanov, ANPI Crescenzago, ARCI Milano, ARCI Lombardia, ARCI Bergamo,\u00a0Coordinamento ARCI Monza Brianza, ARCI Area Carugate, ARCI Scuotivento Monza, ARCI ANPI Il Farina Cassano Valcuvia, FIOM Milano, FIOM Como, FIOM Valle Camonica, Funzione Pubblica CGIL Como, USB Lecco, USB Monza Brianza,\u00a0 Memoria Antifascista, Lista Deportazione Mai Pi\u00f9, Primarosa Pia figlia del superstite Natale Pia \u2013 Mauthausen-Gusene nipote di Vittorio Benzi morto a 17 anni a Mauthausen, Adesso Basta, Amici e Compagni di Luca Rossi, Rosa Piro Mamma di Dax, Davide Brega Presidente Associazione Dax, Associazione Dax16 Marzo 2003, Alternativa libertaria\/FdCa Nord Est, Associazione Amici e Familiari di Fausto e Iaio, Associazione Culturale Punto Rosso, AssociazioneNazionaledi Amicizia Italia \u2013 Cuba, Ass. Naz Libero pensiero Giordano Bruno, Casa Rossa Milano, Casa Rossa40 Lamezia Terme, Centro Culturale Concetto Marchesi, Circolo Anarchico Ponte dellaGhisolfa, Comitato beni comuni Monza e Brianza, Collettivo Badal\u00f9c Vittorio Veneto, Haidi Giuliani, Comitato Carlo Giuliani, Collettivo PN REBEL Pordenone, Comitato mamme Roma Citt\u00e0 Aperta, Comitato Resistenza e Costituzione Brugherio, Coordinamento noi diciamo No ai Neofascisti a Cant\u00f9, Democrazia Atea Italia, Claudia Cernigoi giornalista, La Nuova Alabarda Trieste, Leoncavallo Spazio Pubblico Autogestito, Martesana libera e antifascista, NO MOUS Milano, Osservatorio democratico sulle nuove destre, Osservatorio democratico sulle nuove destre Varese, Osservatorio Antifascista Cremonese, Osservatorio Antifascista Vittoriese, Osservatoriosui fascismiTrentino Alto Adige, Palestra popolare Brugherio, Per non DimenticareVarallieZibecchi, Rete Antifascista Sondrio, Rete Antifascista Alto Milanese, Rete antifascista provincia di Varese, Rete della conoscenza, Ross @, Sentinelli di Milano, Zona 3 per la Costituzione.<\/p>\n","protected":false},"excerpt":{"rendered":"<p>\u00c8 partita la campagna per lo scioglimento delle organizzazioni neofasciste e neonaziste. Da subito \u00e8 dunque possibile\u00a0firmare on line la petizione\u00a0ospitata sulla piattaforma change.org. La forma \u00e8 quella di una lettera al Presidente della Repubblica e ai Presidenti di Camera&hellip;<\/p>\n","protected":false},"author":982,"featured_media":259184,"comment_status":"closed","ping_status":"open","sticky":false,"template":"","format":"standard","meta":{"footnotes":""},"categories":[47,162,55],"tags":[6792,3466,370],"class_list":["post-259181","post","type-post","status-publish","format-standard","has-post-thumbnail","hentry","category-europa","category-opinioni","category-politica","tag-anti-fascismo","tag-fascismo","tag-italia"],"yoast_head":"<!-- This site is optimized with the Yoast SEO plugin v27.1.1 - https:\/\/yoast.com\/product\/yoast-seo-wordpress\/ -->\n<title>Una firma contro il fascismo<\/title>\n<meta name=\"description\" content=\"\u00c8 partita la campagna per lo scioglimento delle organizzazioni neofasciste e neonaziste. Da subito \u00e8 dunque possibile\u00a0firmare on line la\" \/>\n<meta name=\"robots\" content=\"index, follow, max-snippet:-1, max-image-preview:large, max-video-preview:-1\" \/>\n<link rel=\"canonical\" href=\"https:\/\/www.pressenza.com\/it\/2015\/12\/una-firma-contro-il-fascismo\/\" \/>\n<meta property=\"og:locale\" content=\"it_IT\" \/>\n<meta property=\"og:type\" content=\"article\" \/>\n<meta property=\"og:title\" content=\"Una firma contro il fascismo\" \/>\n<meta property=\"og:description\" content=\"\u00c8 partita la campagna per lo scioglimento delle organizzazioni neofasciste e neonaziste. Da subito \u00e8 dunque possibile\u00a0firmare on line la\" \/>\n<meta property=\"og:url\" content=\"https:\/\/www.pressenza.com\/it\/2015\/12\/una-firma-contro-il-fascismo\/\" \/>\n<meta property=\"og:site_name\" content=\"Pressenza\" \/>\n<meta property=\"article:publisher\" content=\"https:\/\/www.facebook.com\/PressenzaItalia\" \/>\n<meta property=\"article:author\" content=\"https:\/\/www.facebook.com\/luciano.muhlbauer\" \/>\n<meta property=\"article:published_time\" content=\"2015-12-17T15:18:30+00:00\" \/>\n<meta property=\"article:modified_time\" content=\"2015-12-17T18:45:29+00:00\" \/>\n<meta property=\"og:image\" content=\"https:\/\/www.pressenza.com\/wp-content\/uploads\/2015\/12\/firma-contro-fascismo.jpg\" \/>\n\t<meta property=\"og:image:width\" content=\"592\" \/>\n\t<meta property=\"og:image:height\" content=\"836\" \/>\n\t<meta property=\"og:image:type\" content=\"image\/jpeg\" \/>\n<meta name=\"author\" content=\"Luciano Muhlbauer\" \/>\n<meta name=\"twitter:card\" content=\"summary_large_image\" \/>\n<meta name=\"twitter:creator\" content=\"@Muhlbauer_\" \/>\n<meta name=\"twitter:site\" content=\"@PressenzaIPA\" \/>\n<meta name=\"twitter:label1\" content=\"Scritto da\" \/>\n\t<meta name=\"twitter:data1\" content=\"Luciano Muhlbauer\" \/>\n\t<meta name=\"twitter:label2\" content=\"Tempo di lettura stimato\" \/>\n\t<meta name=\"twitter:data2\" content=\"4 minuti\" \/>\n<script type=\"application\/ld+json\" class=\"yoast-schema-graph\">{\"@context\":\"https:\/\/schema.org\",\"@graph\":[{\"@type\":\"Article\",\"@id\":\"https:\/\/www.pressenza.com\/it\/2015\/12\/una-firma-contro-il-fascismo\/#article\",\"isPartOf\":{\"@id\":\"https:\/\/www.pressenza.com\/it\/2015\/12\/una-firma-contro-il-fascismo\/\"},\"author\":{\"name\":\"Luciano Muhlbauer\",\"@id\":\"https:\/\/www.pressenza.com\/it\/#\/schema\/person\/39da6bde67055a1b8cddb12c57da5142\"},\"headline\":\"Una firma contro il fascismo\",\"datePublished\":\"2015-12-17T15:18:30+00:00\",\"dateModified\":\"2015-12-17T18:45:29+00:00\",\"mainEntityOfPage\":{\"@id\":\"https:\/\/www.pressenza.com\/it\/2015\/12\/una-firma-contro-il-fascismo\/\"},\"wordCount\":794,\"publisher\":{\"@id\":\"https:\/\/www.pressenza.com\/it\/#organization\"},\"image\":{\"@id\":\"https:\/\/www.pressenza.com\/it\/2015\/12\/una-firma-contro-il-fascismo\/#primaryimage\"},\"thumbnailUrl\":\"https:\/\/www.pressenza.com\/wp-content\/uploads\/2015\/12\/firma-contro-fascismo.jpg\",\"keywords\":[\"anti-fascismo\",\"fascismo\",\"Italia\"],\"articleSection\":[\"Europa\",\"Opinioni\",\"Politica\"],\"inLanguage\":\"it-IT\"},{\"@type\":\"WebPage\",\"@id\":\"https:\/\/www.pressenza.com\/it\/2015\/12\/una-firma-contro-il-fascismo\/\",\"url\":\"https:\/\/www.pressenza.com\/it\/2015\/12\/una-firma-contro-il-fascismo\/\",\"name\":\"Una firma contro il fascismo\",\"isPartOf\":{\"@id\":\"https:\/\/www.pressenza.com\/it\/#website\"},\"primaryImageOfPage\":{\"@id\":\"https:\/\/www.pressenza.com\/it\/2015\/12\/una-firma-contro-il-fascismo\/#primaryimage\"},\"image\":{\"@id\":\"https:\/\/www.pressenza.com\/it\/2015\/12\/una-firma-contro-il-fascismo\/#primaryimage\"},\"thumbnailUrl\":\"https:\/\/www.pressenza.com\/wp-content\/uploads\/2015\/12\/firma-contro-fascismo.jpg\",\"datePublished\":\"2015-12-17T15:18:30+00:00\",\"dateModified\":\"2015-12-17T18:45:29+00:00\",\"description\":\"\u00c8 partita la campagna per lo scioglimento delle organizzazioni neofasciste e neonaziste. Da subito \u00e8 dunque possibile\u00a0firmare on line la\",\"breadcrumb\":{\"@id\":\"https:\/\/www.pressenza.com\/it\/2015\/12\/una-firma-contro-il-fascismo\/#breadcrumb\"},\"inLanguage\":\"it-IT\",\"potentialAction\":[{\"@type\":\"ReadAction\",\"target\":[\"https:\/\/www.pressenza.com\/it\/2015\/12\/una-firma-contro-il-fascismo\/\"]}]},{\"@type\":\"ImageObject\",\"inLanguage\":\"it-IT\",\"@id\":\"https:\/\/www.pressenza.com\/it\/2015\/12\/una-firma-contro-il-fascismo\/#primaryimage\",\"url\":\"https:\/\/www.pressenza.com\/wp-content\/uploads\/2015\/12\/firma-contro-fascismo.jpg\",\"contentUrl\":\"https:\/\/www.pressenza.com\/wp-content\/uploads\/2015\/12\/firma-contro-fascismo.jpg\",\"width\":592,\"height\":836},{\"@type\":\"BreadcrumbList\",\"@id\":\"https:\/\/www.pressenza.com\/it\/2015\/12\/una-firma-contro-il-fascismo\/#breadcrumb\",\"itemListElement\":[{\"@type\":\"ListItem\",\"position\":1,\"name\":\"Accueil\",\"item\":\"https:\/\/www.pressenza.com\/it\/\"},{\"@type\":\"ListItem\",\"position\":2,\"name\":\"Una firma contro il fascismo\"}]},{\"@type\":\"WebSite\",\"@id\":\"https:\/\/www.pressenza.com\/it\/#website\",\"url\":\"https:\/\/www.pressenza.com\/it\/\",\"name\":\"Pressenza\",\"description\":\"Agenzia di Stampa Internazionale\",\"publisher\":{\"@id\":\"https:\/\/www.pressenza.com\/it\/#organization\"},\"potentialAction\":[{\"@type\":\"SearchAction\",\"target\":{\"@type\":\"EntryPoint\",\"urlTemplate\":\"https:\/\/www.pressenza.com\/it\/?s={search_term_string}\"},\"query-input\":{\"@type\":\"PropertyValueSpecification\",\"valueRequired\":true,\"valueName\":\"search_term_string\"}}],\"inLanguage\":\"it-IT\"},{\"@type\":\"Organization\",\"@id\":\"https:\/\/www.pressenza.com\/it\/#organization\",\"name\":\"Pressenza\",\"url\":\"https:\/\/www.pressenza.com\/it\/\",\"logo\":{\"@type\":\"ImageObject\",\"inLanguage\":\"it-IT\",\"@id\":\"https:\/\/www.pressenza.com\/it\/#\/schema\/logo\/image\/\",\"url\":\"https:\/\/www.pressenza.com\/wp-content\/uploads\/2022\/10\/pressenza_logo_200x200.jpg\",\"contentUrl\":\"https:\/\/www.pressenza.com\/wp-content\/uploads\/2022\/10\/pressenza_logo_200x200.jpg\",\"width\":200,\"height\":200,\"caption\":\"Pressenza\"},\"image\":{\"@id\":\"https:\/\/www.pressenza.com\/it\/#\/schema\/logo\/image\/\"},\"sameAs\":[\"https:\/\/www.facebook.com\/PressenzaItalia\",\"https:\/\/x.com\/PressenzaIPA\"]},{\"@type\":\"Person\",\"@id\":\"https:\/\/www.pressenza.com\/it\/#\/schema\/person\/39da6bde67055a1b8cddb12c57da5142\",\"name\":\"Luciano Muhlbauer\",\"description\":\"Collabora con le testate di informazione alternativa on line MilanoX e Milano In Movimento, \u00e8 stato tra i portavoce del Genoa Social Forum nel 2001 e uno dei segretari nazionali del sindacato di base SinCobas fino al 2005. Dal 2005 al 2010 \u00e8 stato consigliere regionale in Lombardia. www.lucianomuhlbauer.it\/blog\/\",\"sameAs\":[\"https:\/\/www.facebook.com\/luciano.muhlbauer\",\"https:\/\/x.com\/Muhlbauer_\"],\"url\":\"https:\/\/www.pressenza.com\/it\/author\/luciano-muhlbauer\/\"}]}<\/script>\n<!-- \/ Yoast SEO plugin. -->","yoast_head_json":{"title":"Una firma contro il fascismo","description":"\u00c8 partita la campagna per lo scioglimento delle organizzazioni neofasciste e neonaziste. Da subito \u00e8 dunque possibile\u00a0firmare on line la","robots":{"index":"index","follow":"follow","max-snippet":"max-snippet:-1","max-image-preview":"max-image-preview:large","max-video-preview":"max-video-preview:-1"},"canonical":"https:\/\/www.pressenza.com\/it\/2015\/12\/una-firma-contro-il-fascismo\/","og_locale":"it_IT","og_type":"article","og_title":"Una firma contro il fascismo","og_description":"\u00c8 partita la campagna per lo scioglimento delle organizzazioni neofasciste e neonaziste. Da subito \u00e8 dunque possibile\u00a0firmare on line la","og_url":"https:\/\/www.pressenza.com\/it\/2015\/12\/una-firma-contro-il-fascismo\/","og_site_name":"Pressenza","article_publisher":"https:\/\/www.facebook.com\/PressenzaItalia","article_author":"https:\/\/www.facebook.com\/luciano.muhlbauer","article_published_time":"2015-12-17T15:18:30+00:00","article_modified_time":"2015-12-17T18:45:29+00:00","og_image":[{"width":592,"height":836,"url":"https:\/\/www.pressenza.com\/wp-content\/uploads\/2015\/12\/firma-contro-fascismo.jpg","type":"image\/jpeg"}],"author":"Luciano Muhlbauer","twitter_card":"summary_large_image","twitter_creator":"@Muhlbauer_","twitter_site":"@PressenzaIPA","twitter_misc":{"Scritto da":"Luciano Muhlbauer","Tempo di lettura stimato":"4 minuti"},"schema":{"@context":"https:\/\/schema.org","@graph":[{"@type":"Article","@id":"https:\/\/www.pressenza.com\/it\/2015\/12\/una-firma-contro-il-fascismo\/#article","isPartOf":{"@id":"https:\/\/www.pressenza.com\/it\/2015\/12\/una-firma-contro-il-fascismo\/"},"author":{"name":"Luciano Muhlbauer","@id":"https:\/\/www.pressenza.com\/it\/#\/schema\/person\/39da6bde67055a1b8cddb12c57da5142"},"headline":"Una firma contro il fascismo","datePublished":"2015-12-17T15:18:30+00:00","dateModified":"2015-12-17T18:45:29+00:00","mainEntityOfPage":{"@id":"https:\/\/www.pressenza.com\/it\/2015\/12\/una-firma-contro-il-fascismo\/"},"wordCount":794,"publisher":{"@id":"https:\/\/www.pressenza.com\/it\/#organization"},"image":{"@id":"https:\/\/www.pressenza.com\/it\/2015\/12\/una-firma-contro-il-fascismo\/#primaryimage"},"thumbnailUrl":"https:\/\/www.pressenza.com\/wp-content\/uploads\/2015\/12\/firma-contro-fascismo.jpg","keywords":["anti-fascismo","fascismo","Italia"],"articleSection":["Europa","Opinioni","Politica"],"inLanguage":"it-IT"},{"@type":"WebPage","@id":"https:\/\/www.pressenza.com\/it\/2015\/12\/una-firma-contro-il-fascismo\/","url":"https:\/\/www.pressenza.com\/it\/2015\/12\/una-firma-contro-il-fascismo\/","name":"Una firma contro il fascismo","isPartOf":{"@id":"https:\/\/www.pressenza.com\/it\/#website"},"primaryImageOfPage":{"@id":"https:\/\/www.pressenza.com\/it\/2015\/12\/una-firma-contro-il-fascismo\/#primaryimage"},"image":{"@id":"https:\/\/www.pressenza.com\/it\/2015\/12\/una-firma-contro-il-fascismo\/#primaryimage"},"thumbnailUrl":"https:\/\/www.pressenza.com\/wp-content\/uploads\/2015\/12\/firma-contro-fascismo.jpg","datePublished":"2015-12-17T15:18:30+00:00","dateModified":"2015-12-17T18:45:29+00:00","description":"\u00c8 partita la campagna per lo scioglimento delle organizzazioni neofasciste e neonaziste. Da subito \u00e8 dunque possibile\u00a0firmare on line la","breadcrumb":{"@id":"https:\/\/www.pressenza.com\/it\/2015\/12\/una-firma-contro-il-fascismo\/#breadcrumb"},"inLanguage":"it-IT","potentialAction":[{"@type":"ReadAction","target":["https:\/\/www.pressenza.com\/it\/2015\/12\/una-firma-contro-il-fascismo\/"]}]},{"@type":"ImageObject","inLanguage":"it-IT","@id":"https:\/\/www.pressenza.com\/it\/2015\/12\/una-firma-contro-il-fascismo\/#primaryimage","url":"https:\/\/www.pressenza.com\/wp-content\/uploads\/2015\/12\/firma-contro-fascismo.jpg","contentUrl":"https:\/\/www.pressenza.com\/wp-content\/uploads\/2015\/12\/firma-contro-fascismo.jpg","width":592,"height":836},{"@type":"BreadcrumbList","@id":"https:\/\/www.pressenza.com\/it\/2015\/12\/una-firma-contro-il-fascismo\/#breadcrumb","itemListElement":[{"@type":"ListItem","position":1,"name":"Accueil","item":"https:\/\/www.pressenza.com\/it\/"},{"@type":"ListItem","position":2,"name":"Una firma contro il fascismo"}]},{"@type":"WebSite","@id":"https:\/\/www.pressenza.com\/it\/#website","url":"https:\/\/www.pressenza.com\/it\/","name":"Pressenza","description":"Agenzia di Stampa Internazionale","publisher":{"@id":"https:\/\/www.pressenza.com\/it\/#organization"},"potentialAction":[{"@type":"SearchAction","target":{"@type":"EntryPoint","urlTemplate":"https:\/\/www.pressenza.com\/it\/?s={search_term_string}"},"query-input":{"@type":"PropertyValueSpecification","valueRequired":true,"valueName":"search_term_string"}}],"inLanguage":"it-IT"},{"@type":"Organization","@id":"https:\/\/www.pressenza.com\/it\/#organization","name":"Pressenza","url":"https:\/\/www.pressenza.com\/it\/","logo":{"@type":"ImageObject","inLanguage":"it-IT","@id":"https:\/\/www.pressenza.com\/it\/#\/schema\/logo\/image\/","url":"https:\/\/www.pressenza.com\/wp-content\/uploads\/2022\/10\/pressenza_logo_200x200.jpg","contentUrl":"https:\/\/www.pressenza.com\/wp-content\/uploads\/2022\/10\/pressenza_logo_200x200.jpg","width":200,"height":200,"caption":"Pressenza"},"image":{"@id":"https:\/\/www.pressenza.com\/it\/#\/schema\/logo\/image\/"},"sameAs":["https:\/\/www.facebook.com\/PressenzaItalia","https:\/\/x.com\/PressenzaIPA"]},{"@type":"Person","@id":"https:\/\/www.pressenza.com\/it\/#\/schema\/person\/39da6bde67055a1b8cddb12c57da5142","name":"Luciano Muhlbauer","description":"Collabora con le testate di informazione alternativa on line MilanoX e Milano In Movimento, \u00e8 stato tra i portavoce del Genoa Social Forum nel 2001 e uno dei segretari nazionali del sindacato di base SinCobas fino al 2005. Dal 2005 al 2010 \u00e8 stato consigliere regionale in Lombardia. www.lucianomuhlbauer.it\/blog\/","sameAs":["https:\/\/www.facebook.com\/luciano.muhlbauer","https:\/\/x.com\/Muhlbauer_"],"url":"https:\/\/www.pressenza.com\/it\/author\/luciano-muhlbauer\/"}]}},"place":"Milano","original_article_url":"","_links":{"self":[{"href":"https:\/\/www.pressenza.com\/it\/wp-json\/wp\/v2\/posts\/259181","targetHints":{"allow":["GET"]}}],"collection":[{"href":"https:\/\/www.pressenza.com\/it\/wp-json\/wp\/v2\/posts"}],"about":[{"href":"https:\/\/www.pressenza.com\/it\/wp-json\/wp\/v2\/types\/post"}],"author":[{"embeddable":true,"href":"https:\/\/www.pressenza.com\/it\/wp-json\/wp\/v2\/users\/982"}],"replies":[{"embeddable":true,"href":"https:\/\/www.pressenza.com\/it\/wp-json\/wp\/v2\/comments?post=259181"}],"version-history":[{"count":0,"href":"https:\/\/www.pressenza.com\/it\/wp-json\/wp\/v2\/posts\/259181\/revisions"}],"wp:featuredmedia":[{"embeddable":true,"href":"https:\/\/www.pressenza.com\/it\/wp-json\/wp\/v2\/media\/259184"}],"wp:attachment":[{"href":"https:\/\/www.pressenza.com\/it\/wp-json\/wp\/v2\/media?parent=259181"}],"wp:term":[{"taxonomy":"category","embeddable":true,"href":"https:\/\/www.pressenza.com\/it\/wp-json\/wp\/v2\/categories?post=259181"},{"taxonomy":"post_tag","embeddable":true,"href":"https:\/\/www.pressenza.com\/it\/wp-json\/wp\/v2\/tags?post=259181"}],"curies":[{"name":"wp","href":"https:\/\/api.w.org\/{rel}","templated":true}]}}