{"id":2591350,"date":"2025-03-20T15:34:04","date_gmt":"2025-03-20T15:34:04","guid":{"rendered":"https:\/\/www.pressenza.com\/?p=2591350"},"modified":"2025-03-20T15:34:04","modified_gmt":"2025-03-20T15:34:04","slug":"la-norma-che-legittima-labuso-i-servizi-segreti-potranno-fare-reati-per-difendere-lo-stato","status":"publish","type":"post","link":"https:\/\/www.pressenza.com\/it\/2025\/03\/la-norma-che-legittima-labuso-i-servizi-segreti-potranno-fare-reati-per-difendere-lo-stato\/","title":{"rendered":"La norma che legittima l\u2019abuso: i servizi segreti potranno fare reati per \u201cdifendere lo Stato\u201d"},"content":{"rendered":"<div id=\"tdi_49\" class=\"tdc-row stretch_row_content td-stretch-content\">\n<div class=\"vc_row tdi_50 wpb_row td-pb-row tdc-element-style\">\n<div class=\"vc_column tdi_52 wpb_column vc_column_container tdc-column td-pb-span12\">\n<div class=\"wpb_wrapper\">\n<div class=\"vc_row_inner tdi_55 vc_row vc_inner wpb_row td-pb-row absolute_inner_1200 absolute_inner\">\n<div class=\"vc_column_inner tdi_57 wpb_column vc_column_container tdc-inner-column td-pb-span12\">\n<div class=\"vc_column-inner\">\n<div class=\"wpb_wrapper\">\n<div class=\"td_block_wrap tdb_title tdi_59 tdb-single-title td-pb-border-top td_block_template_1\" data-td-block-uid=\"tdi_59\">\n<div class=\"tdb-block-inner td-fix-index\"><\/div>\n<\/div>\n<div class=\"td_block_wrap tdb_single_date tdi_61 td-pb-border-top td_block_template_1 tdb-post-meta\" data-td-block-uid=\"tdi_61\">\n<div class=\"tdb-block-inner td-fix-index\">Le commissioni Affari costituzionali e Giustizia del Senato hanno approvato l\u2019articolo 31 del DDL Sicurezza, una norma che concede poteri straordinari ai servizi segreti italiani, riducendo al minimo i controlli e, come molti critici hanno sottolineato, <strong>aprendo la strada a possibili abusi<\/strong>. Questo articolo obbliga le pubbliche amministrazioni, le societ\u00e0 pubbliche e persino universit\u00e0 e ospedali a fornire ai servizi segreti qualsiasi informazione richiesta, anche in deroga alle leggi sulla privacy. Ancora pi\u00f9 significativa appare la legittimazione di reati per il personale dei servizi, che potr\u00e0\u00a0<strong>infiltrare e persino dirigere organizzazioni sovversive senza incorrere in conseguenze penali<\/strong>. La misura ha suscitato la dura protesta di numerose frange della societ\u00e0 civile, tra cui quella del Coordinamento nazionale delle Associazioni dei familiari di vittime delle stragi, che ha denunciato come la norma metta potenzialmente in pericolo le libert\u00e0 e diritti fondamentali dei cittadini.<\/div>\n<\/div>\n<\/div>\n<\/div>\n<\/div>\n<\/div>\n<\/div>\n<\/div>\n<\/div>\n<\/div>\n<div id=\"tdi_63\" class=\"tdc-row stretch_row_1200 td-stretch-content\">\n<div class=\"vc_row tdi_64 wpb_row td-pb-row\">\n<div class=\"vc_column tdi_66 wpb_column vc_column_container tdc-column td-pb-span12\">\n<div class=\"wpb_wrapper\">\n<div class=\"td_block_wrap tdb_single_content tdi_69 td-pb-border-top td_block_template_1 td-post-content tagdiv-type\" data-td-block-uid=\"tdi_69\">\n<div class=\"tdb-block-inner td-fix-index\">\n<p>L\u2019art. 31 del DDL Sicurezza modifica la legge del 2007 sulla riforma dei servizi segreti, ampliando le prerogative dell\u2019AISE (sicurezza esterna) e dell\u2019AISI (sicurezza interna). La\u00a0<a href=\"https:\/\/www.lindipendente.online\/2025\/03\/20\/la-norma-che-legittima-labuso-i-servizi-segreti-potranno-fare-reati-per-difendere-lo-stato\/\" target=\"_blank\" rel=\"noopener\">norma<\/a>\u00a0obbliga le pubbliche amministrazioni, le aziende partecipate e chi eroga servizi di pubblica utilit\u00e0 a<strong>\u00a0collaborare con i servizi segreti senza possibilit\u00e0 di rifiuto<\/strong>. Questo significa che scuole, ospedali, universit\u00e0 e perfino procure dovranno fornire dati personali senza limiti chiari. Il Dipartimento delle informazioni per la sicurezza (DIS) potr\u00e0 inoltre stipulare convenzioni con enti privati e pubblici per definire modalit\u00e0 di collaborazione e gestione delle informazioni. L\u2019aspetto pi\u00f9 critico della norma \u00e8 la possibilit\u00e0 di\u00a0<strong>aggirare i vincoli della riservatezza<\/strong>: le informazioni potranno essere comunicate \u00abin deroga alle normative di settore in materia di riservatezza\u00bb. In pratica, i servizi segreti potranno ottenere dati sensibili senza limiti e senza alcuna tutela per la privacy dei cittadini.<\/p>\n<p>Altro punto assai\u00a0<a href=\"https:\/\/www.lindipendente.online\/2024\/11\/26\/nuovo-ddl-sicurezza-i-servizi-potranno-guidare-gruppi-terroristici-per-il-bene-dello-stato\/\" target=\"_blank\" rel=\"noopener\">controverso<\/a>\u00a0dell\u2019articolo 31 \u00e8 la sua disposizione sulle \u00abcondotte scriminabili\u00bb, ovvero azioni che normalmente sarebbero reati, ma che\u00a0<strong>per gli agenti dei servizi segreti non saranno punibili<\/strong>. Il provvedimento introduce infatti modifiche significative all\u2019attivit\u00e0 dei servizi segreti, consentendo agli operatori di AISI e AISE non solo di infiltrarsi in organizzazioni illegali, ma persino di guidarle. Secondo il dossier del Servizio Studi del Senato, il provvedimento\u00a0<a href=\"https:\/\/www.sistemapenale.it\/pdf_contenuti\/1728683761_-dossier-stud-2402-1428874-439499-vers5-1.pdf\" target=\"_blank\" rel=\"noopener\">legittima<\/a>\u00a0reati come\u00a0<strong>la direzione o l\u2019organizzazione di associazioni terroristiche, la detenzione di materiale con finalit\u00e0 di terrorismo, la fabbricazione e detenzione di esplosivi<\/strong>. Inoltre, rende permanenti disposizioni introdotte nel 2015, autorizzando gli agenti a compiere azioni che altrimenti sarebbero reati, in nome della sicurezza nazionale. Tra queste, l\u2019addestramento a scopi terroristici, il finanziamento di attivit\u00e0 sovversive e l\u2019istigazione alla violenza. Le preoccupazioni sono amplificate dai\u00a0<strong>precedenti storici delle stragi italiane<\/strong>, dagli anni \u201960 agli attentati mafiosi del 1992-93, in cui apparati deviati dello Stato hanno avuto un ruolo nei depistaggi e persino nel\u00a0<a href=\"https:\/\/www.lindipendente.online\/2025\/01\/09\/strage-di-bologna-i-giudici-non-hanno-dubbi-bellini-porto-la-bomba-e-gelli-la-finanzio\/\" target=\"_blank\" rel=\"noopener\">concepimento<\/a>\u00a0e nell\u2019organizzazione degli attentati.<\/p>\n<p>A muoversi compatti contro l\u2019art. 31 del DDL Sicurezza sono stati i membri del Coordinamento nazionale delle Associazioni dei familiari di vittime delle stragi, che hanno subito manifestato il loro \u201cdisappunto\u201d per la mancata audizione del coordinamento, prima della votazione del DDL, alla Camera dei deputati. In un\u00a0<a href=\"https:\/\/www.lindipendente.online\/wp-content\/uploads\/2025\/03\/richiesta-audizione-commissioni-senato-.docx\" target=\"_blank\" rel=\"noopener\">comunicato<\/a>\u00a0diramato lo scorso 5 marzo, il Coordinamento aveva\u00a0<strong>chiesto formalmente di poter essere audito<\/strong>\u00a0dalle Commissioni Giustizia e Affari costituzionali \u00abper un confronto che consenta di poter riportare entro parametri costituzionalmente accettabili il contenuto dei mandati operativi che detto DDL, e in particolare il suo art. 31, intenderebbe delineare\u00bb. La sola risposta arrivata, per\u00f2, \u00abdice che sono trascorsi i termini e non \u00e8 pi\u00f9 possibile essere ricevuti in audizione, di mandare una memoria scritta\u00bb, ha spiegato a\u00a0<em>L\u2019Indipendente<\/em>\u00a0Salvatore Borsellino, componente del Coordinamento, che\u00a0<strong>ha annunciato una protesta contro l\u2019approvazione del provvedimento<\/strong>. \u00abGli ampi margini operativi che verrebbero concessi a ruoli istituzionali dello Stato quali gli stessi Servizi Segreti, per l\u2019ampiezza dei mandati a loro conferiti, si presterebbero, grazie anche alle immunit\u00e0 concesse, a una potenziale gestione \u201cnon consona\u201d, per non dire pericolosa, e che\u00a0<strong>potrebbe mettere a rischio diritti costituzionali nonch\u00e9 le stesse libert\u00e0 e diritti fondamentali dei cittadini<\/strong>\u00a0\u2013 ha scritto il coordinamento nella nota \u2013. Tra le righe di questa legge si intravedono ampi spazi di movimento per possibili depistaggi e dannose omissioni, laddove da parte degli agenti operanti si fosse ispirati e guidati, con il rischio di interferenze anche di \u201cagenti esterni\u201d, da interessi in contrasto con quelli cui si ispira la nostra Costituzione e quelle sue leggi emesse a garanzia di uno Stato democratico\u00bb.<\/p>\n<p>Sulla medesima scia si \u00e8 posto l\u2019avvocato ed ex magistrato Antonio Ingroia, che a\u00a0<em>L\u2019Indipendente<\/em>\u00a0ha evidenziato i profili \u00ab<strong>palesemente autoritari<\/strong>\u00bb del DDL Sicurezza, che, oltre a introdurre nuovi reati e inasprire le pene \u00abmettendo a rischio i diritti costituzionali di riunione e libera manifestazione del pensiero\u00bb, con il pretesto di garantire la sicurezza nazionale, \u00abconferisce poteri straordinari e immunit\u00e0 molto ampie ai Servizi Segreti, il tutto\u00a0<strong>sottratto al controllo parlamentare del Copasir e al controllo di legalit\u00e0 della magistratura<\/strong>\u00bb. Ingroia aggiunge che a far suonare il campanello d\u2019allarme sui potenziali rischi di tale misura sono proprio i passaggi fondamentali della storia della nostra Repubblica, \u00abcondizionata dallo stragismo politico-mafioso e terroristico-eversivo\u00bb, che spiega come \u00absovente le deviazioni degli apparati istituzionali\u00bb abbiano \u00ab<strong>segnato trame criminali torbide<\/strong>\u00a0<strong>e insanguinato il percorso per l\u2019attuazione della Costituzione<\/strong>, ancora oggi incompiuto\u00bb.<\/p>\n<p style=\"text-align: right;\"><strong>Stefano Baudino<\/strong><\/p>\n<\/div>\n<\/div>\n<\/div>\n<\/div>\n<\/div>\n<\/div>\n","protected":false},"excerpt":{"rendered":"<p>Le commissioni Affari costituzionali e Giustizia del Senato hanno approvato l\u2019articolo 31 del DDL Sicurezza, una norma che concede poteri straordinari ai servizi segreti italiani, riducendo al minimo i controlli e, come molti critici hanno sottolineato, aprendo la strada a&hellip;<\/p>\n","protected":false},"author":2207,"featured_media":810417,"comment_status":"closed","ping_status":"closed","sticky":false,"template":"","format":"standard","meta":{"footnotes":""},"categories":[60,55],"tags":[134295,38820,52254,532,3417],"class_list":["post-2591350","post","type-post","status-publish","format-standard","has-post-thumbnail","hentry","category-diritti-umani","category-politica","tag-commisione-giustizia-del-senato","tag-commissione-affari-costituzionali","tag-ddl-sicurezza","tag-senato","tag-servizi-segreti"],"yoast_head":"<!-- This site is optimized with the Yoast SEO plugin v27.1.1 - https:\/\/yoast.com\/product\/yoast-seo-wordpress\/ -->\n<title>La norma che legittima l\u2019abuso: i servizi segreti potranno fare reati per \u201cdifendere lo Stato\u201d<\/title>\n<meta name=\"description\" content=\"Le commissioni Affari costituzionali e Giustizia del Senato hanno approvato l\u2019articolo 31 del DDL Sicurezza, una norma che concede poteri straordinari ai\" \/>\n<meta name=\"robots\" content=\"index, follow, max-snippet:-1, max-image-preview:large, max-video-preview:-1\" \/>\n<link rel=\"canonical\" href=\"https:\/\/www.pressenza.com\/it\/2025\/03\/la-norma-che-legittima-labuso-i-servizi-segreti-potranno-fare-reati-per-difendere-lo-stato\/\" \/>\n<meta property=\"og:locale\" content=\"it_IT\" \/>\n<meta property=\"og:type\" content=\"article\" \/>\n<meta property=\"og:title\" content=\"La norma che legittima l\u2019abuso: i servizi segreti potranno fare reati per \u201cdifendere lo Stato\u201d\" \/>\n<meta property=\"og:description\" content=\"Le commissioni Affari costituzionali e Giustizia del Senato hanno approvato l\u2019articolo 31 del DDL Sicurezza, una norma che concede poteri straordinari ai\" \/>\n<meta property=\"og:url\" content=\"https:\/\/www.pressenza.com\/it\/2025\/03\/la-norma-che-legittima-labuso-i-servizi-segreti-potranno-fare-reati-per-difendere-lo-stato\/\" \/>\n<meta property=\"og:site_name\" content=\"Pressenza\" \/>\n<meta property=\"article:publisher\" content=\"https:\/\/www.facebook.com\/PressenzaItalia\" \/>\n<meta property=\"article:published_time\" content=\"2025-03-20T15:34:04+00:00\" \/>\n<meta property=\"og:image\" content=\"https:\/\/www.pressenza.com\/wp-content\/uploads\/2019\/02\/Aula-del-Senato.jpg\" \/>\n\t<meta property=\"og:image:width\" content=\"835\" \/>\n\t<meta property=\"og:image:height\" content=\"437\" \/>\n\t<meta property=\"og:image:type\" content=\"image\/jpeg\" \/>\n<meta name=\"author\" content=\"L&#039;Indipendente\" \/>\n<meta name=\"twitter:card\" content=\"summary_large_image\" \/>\n<meta name=\"twitter:creator\" content=\"@PressenzaIPA\" \/>\n<meta name=\"twitter:site\" content=\"@PressenzaIPA\" \/>\n<meta name=\"twitter:label1\" content=\"Scritto da\" \/>\n\t<meta name=\"twitter:data1\" content=\"L&#039;Indipendente\" \/>\n\t<meta name=\"twitter:label2\" content=\"Tempo di lettura stimato\" \/>\n\t<meta name=\"twitter:data2\" content=\"5 minuti\" \/>\n<script type=\"application\/ld+json\" class=\"yoast-schema-graph\">{\"@context\":\"https:\/\/schema.org\",\"@graph\":[{\"@type\":\"Article\",\"@id\":\"https:\/\/www.pressenza.com\/it\/2025\/03\/la-norma-che-legittima-labuso-i-servizi-segreti-potranno-fare-reati-per-difendere-lo-stato\/#article\",\"isPartOf\":{\"@id\":\"https:\/\/www.pressenza.com\/it\/2025\/03\/la-norma-che-legittima-labuso-i-servizi-segreti-potranno-fare-reati-per-difendere-lo-stato\/\"},\"author\":{\"name\":\"L'Indipendente\",\"@id\":\"https:\/\/www.pressenza.com\/it\/#\/schema\/person\/310a843582035e4eb98f61c521fd6236\"},\"headline\":\"La norma che legittima l\u2019abuso: i servizi segreti potranno fare reati per \u201cdifendere lo Stato\u201d\",\"datePublished\":\"2025-03-20T15:34:04+00:00\",\"mainEntityOfPage\":{\"@id\":\"https:\/\/www.pressenza.com\/it\/2025\/03\/la-norma-che-legittima-labuso-i-servizi-segreti-potranno-fare-reati-per-difendere-lo-stato\/\"},\"wordCount\":876,\"publisher\":{\"@id\":\"https:\/\/www.pressenza.com\/it\/#organization\"},\"image\":{\"@id\":\"https:\/\/www.pressenza.com\/it\/2025\/03\/la-norma-che-legittima-labuso-i-servizi-segreti-potranno-fare-reati-per-difendere-lo-stato\/#primaryimage\"},\"thumbnailUrl\":\"https:\/\/www.pressenza.com\/wp-content\/uploads\/2019\/02\/Aula-del-Senato.jpg\",\"keywords\":[\"Commisione Giustizia del Senato\",\"Commissione Affari Costituzionali\",\"ddl sicurezza\",\"Senato\",\"servizi segreti\"],\"articleSection\":[\"Diritti Umani\",\"Politica\"],\"inLanguage\":\"it-IT\"},{\"@type\":\"WebPage\",\"@id\":\"https:\/\/www.pressenza.com\/it\/2025\/03\/la-norma-che-legittima-labuso-i-servizi-segreti-potranno-fare-reati-per-difendere-lo-stato\/\",\"url\":\"https:\/\/www.pressenza.com\/it\/2025\/03\/la-norma-che-legittima-labuso-i-servizi-segreti-potranno-fare-reati-per-difendere-lo-stato\/\",\"name\":\"La norma che legittima l\u2019abuso: i servizi segreti potranno fare reati per \u201cdifendere lo Stato\u201d\",\"isPartOf\":{\"@id\":\"https:\/\/www.pressenza.com\/it\/#website\"},\"primaryImageOfPage\":{\"@id\":\"https:\/\/www.pressenza.com\/it\/2025\/03\/la-norma-che-legittima-labuso-i-servizi-segreti-potranno-fare-reati-per-difendere-lo-stato\/#primaryimage\"},\"image\":{\"@id\":\"https:\/\/www.pressenza.com\/it\/2025\/03\/la-norma-che-legittima-labuso-i-servizi-segreti-potranno-fare-reati-per-difendere-lo-stato\/#primaryimage\"},\"thumbnailUrl\":\"https:\/\/www.pressenza.com\/wp-content\/uploads\/2019\/02\/Aula-del-Senato.jpg\",\"datePublished\":\"2025-03-20T15:34:04+00:00\",\"description\":\"Le commissioni Affari costituzionali e Giustizia del Senato hanno approvato l\u2019articolo 31 del DDL Sicurezza, una norma che concede poteri straordinari ai\",\"breadcrumb\":{\"@id\":\"https:\/\/www.pressenza.com\/it\/2025\/03\/la-norma-che-legittima-labuso-i-servizi-segreti-potranno-fare-reati-per-difendere-lo-stato\/#breadcrumb\"},\"inLanguage\":\"it-IT\",\"potentialAction\":[{\"@type\":\"ReadAction\",\"target\":[\"https:\/\/www.pressenza.com\/it\/2025\/03\/la-norma-che-legittima-labuso-i-servizi-segreti-potranno-fare-reati-per-difendere-lo-stato\/\"]}]},{\"@type\":\"ImageObject\",\"inLanguage\":\"it-IT\",\"@id\":\"https:\/\/www.pressenza.com\/it\/2025\/03\/la-norma-che-legittima-labuso-i-servizi-segreti-potranno-fare-reati-per-difendere-lo-stato\/#primaryimage\",\"url\":\"https:\/\/www.pressenza.com\/wp-content\/uploads\/2019\/02\/Aula-del-Senato.jpg\",\"contentUrl\":\"https:\/\/www.pressenza.com\/wp-content\/uploads\/2019\/02\/Aula-del-Senato.jpg\",\"width\":835,\"height\":437,\"caption\":\"Aula del Senato\"},{\"@type\":\"BreadcrumbList\",\"@id\":\"https:\/\/www.pressenza.com\/it\/2025\/03\/la-norma-che-legittima-labuso-i-servizi-segreti-potranno-fare-reati-per-difendere-lo-stato\/#breadcrumb\",\"itemListElement\":[{\"@type\":\"ListItem\",\"position\":1,\"name\":\"Accueil\",\"item\":\"https:\/\/www.pressenza.com\/it\/\"},{\"@type\":\"ListItem\",\"position\":2,\"name\":\"La norma che legittima l\u2019abuso: i servizi segreti potranno fare reati per \u201cdifendere lo Stato\u201d\"}]},{\"@type\":\"WebSite\",\"@id\":\"https:\/\/www.pressenza.com\/it\/#website\",\"url\":\"https:\/\/www.pressenza.com\/it\/\",\"name\":\"Pressenza\",\"description\":\"Agenzia di Stampa Internazionale\",\"publisher\":{\"@id\":\"https:\/\/www.pressenza.com\/it\/#organization\"},\"potentialAction\":[{\"@type\":\"SearchAction\",\"target\":{\"@type\":\"EntryPoint\",\"urlTemplate\":\"https:\/\/www.pressenza.com\/it\/?s={search_term_string}\"},\"query-input\":{\"@type\":\"PropertyValueSpecification\",\"valueRequired\":true,\"valueName\":\"search_term_string\"}}],\"inLanguage\":\"it-IT\"},{\"@type\":\"Organization\",\"@id\":\"https:\/\/www.pressenza.com\/it\/#organization\",\"name\":\"Pressenza\",\"url\":\"https:\/\/www.pressenza.com\/it\/\",\"logo\":{\"@type\":\"ImageObject\",\"inLanguage\":\"it-IT\",\"@id\":\"https:\/\/www.pressenza.com\/it\/#\/schema\/logo\/image\/\",\"url\":\"https:\/\/www.pressenza.com\/wp-content\/uploads\/2022\/10\/pressenza_logo_200x200.jpg\",\"contentUrl\":\"https:\/\/www.pressenza.com\/wp-content\/uploads\/2022\/10\/pressenza_logo_200x200.jpg\",\"width\":200,\"height\":200,\"caption\":\"Pressenza\"},\"image\":{\"@id\":\"https:\/\/www.pressenza.com\/it\/#\/schema\/logo\/image\/\"},\"sameAs\":[\"https:\/\/www.facebook.com\/PressenzaItalia\",\"https:\/\/x.com\/PressenzaIPA\"]},{\"@type\":\"Person\",\"@id\":\"https:\/\/www.pressenza.com\/it\/#\/schema\/person\/310a843582035e4eb98f61c521fd6236\",\"name\":\"L'Indipendente\",\"description\":\"Informazione senza padroni\",\"sameAs\":[\"https:\/\/www.lindipendente.online\/\"],\"url\":\"https:\/\/www.pressenza.com\/it\/author\/lindipendente\/\"}]}<\/script>\n<!-- \/ Yoast SEO plugin. -->","yoast_head_json":{"title":"La norma che legittima l\u2019abuso: i servizi segreti potranno fare reati per \u201cdifendere lo Stato\u201d","description":"Le commissioni Affari costituzionali e Giustizia del Senato hanno approvato l\u2019articolo 31 del DDL Sicurezza, una norma che concede poteri straordinari ai","robots":{"index":"index","follow":"follow","max-snippet":"max-snippet:-1","max-image-preview":"max-image-preview:large","max-video-preview":"max-video-preview:-1"},"canonical":"https:\/\/www.pressenza.com\/it\/2025\/03\/la-norma-che-legittima-labuso-i-servizi-segreti-potranno-fare-reati-per-difendere-lo-stato\/","og_locale":"it_IT","og_type":"article","og_title":"La norma che legittima l\u2019abuso: i servizi segreti potranno fare reati per \u201cdifendere lo Stato\u201d","og_description":"Le commissioni Affari costituzionali e Giustizia del Senato hanno approvato l\u2019articolo 31 del DDL Sicurezza, una norma che concede poteri straordinari ai","og_url":"https:\/\/www.pressenza.com\/it\/2025\/03\/la-norma-che-legittima-labuso-i-servizi-segreti-potranno-fare-reati-per-difendere-lo-stato\/","og_site_name":"Pressenza","article_publisher":"https:\/\/www.facebook.com\/PressenzaItalia","article_published_time":"2025-03-20T15:34:04+00:00","og_image":[{"width":835,"height":437,"url":"https:\/\/www.pressenza.com\/wp-content\/uploads\/2019\/02\/Aula-del-Senato.jpg","type":"image\/jpeg"}],"author":"L'Indipendente","twitter_card":"summary_large_image","twitter_creator":"@PressenzaIPA","twitter_site":"@PressenzaIPA","twitter_misc":{"Scritto da":"L'Indipendente","Tempo di lettura stimato":"5 minuti"},"schema":{"@context":"https:\/\/schema.org","@graph":[{"@type":"Article","@id":"https:\/\/www.pressenza.com\/it\/2025\/03\/la-norma-che-legittima-labuso-i-servizi-segreti-potranno-fare-reati-per-difendere-lo-stato\/#article","isPartOf":{"@id":"https:\/\/www.pressenza.com\/it\/2025\/03\/la-norma-che-legittima-labuso-i-servizi-segreti-potranno-fare-reati-per-difendere-lo-stato\/"},"author":{"name":"L'Indipendente","@id":"https:\/\/www.pressenza.com\/it\/#\/schema\/person\/310a843582035e4eb98f61c521fd6236"},"headline":"La norma che legittima l\u2019abuso: i servizi segreti potranno fare reati per \u201cdifendere lo Stato\u201d","datePublished":"2025-03-20T15:34:04+00:00","mainEntityOfPage":{"@id":"https:\/\/www.pressenza.com\/it\/2025\/03\/la-norma-che-legittima-labuso-i-servizi-segreti-potranno-fare-reati-per-difendere-lo-stato\/"},"wordCount":876,"publisher":{"@id":"https:\/\/www.pressenza.com\/it\/#organization"},"image":{"@id":"https:\/\/www.pressenza.com\/it\/2025\/03\/la-norma-che-legittima-labuso-i-servizi-segreti-potranno-fare-reati-per-difendere-lo-stato\/#primaryimage"},"thumbnailUrl":"https:\/\/www.pressenza.com\/wp-content\/uploads\/2019\/02\/Aula-del-Senato.jpg","keywords":["Commisione Giustizia del Senato","Commissione Affari Costituzionali","ddl sicurezza","Senato","servizi segreti"],"articleSection":["Diritti Umani","Politica"],"inLanguage":"it-IT"},{"@type":"WebPage","@id":"https:\/\/www.pressenza.com\/it\/2025\/03\/la-norma-che-legittima-labuso-i-servizi-segreti-potranno-fare-reati-per-difendere-lo-stato\/","url":"https:\/\/www.pressenza.com\/it\/2025\/03\/la-norma-che-legittima-labuso-i-servizi-segreti-potranno-fare-reati-per-difendere-lo-stato\/","name":"La norma che legittima l\u2019abuso: i servizi segreti potranno fare reati per \u201cdifendere lo Stato\u201d","isPartOf":{"@id":"https:\/\/www.pressenza.com\/it\/#website"},"primaryImageOfPage":{"@id":"https:\/\/www.pressenza.com\/it\/2025\/03\/la-norma-che-legittima-labuso-i-servizi-segreti-potranno-fare-reati-per-difendere-lo-stato\/#primaryimage"},"image":{"@id":"https:\/\/www.pressenza.com\/it\/2025\/03\/la-norma-che-legittima-labuso-i-servizi-segreti-potranno-fare-reati-per-difendere-lo-stato\/#primaryimage"},"thumbnailUrl":"https:\/\/www.pressenza.com\/wp-content\/uploads\/2019\/02\/Aula-del-Senato.jpg","datePublished":"2025-03-20T15:34:04+00:00","description":"Le commissioni Affari costituzionali e Giustizia del Senato hanno approvato l\u2019articolo 31 del DDL Sicurezza, una norma che concede poteri straordinari ai","breadcrumb":{"@id":"https:\/\/www.pressenza.com\/it\/2025\/03\/la-norma-che-legittima-labuso-i-servizi-segreti-potranno-fare-reati-per-difendere-lo-stato\/#breadcrumb"},"inLanguage":"it-IT","potentialAction":[{"@type":"ReadAction","target":["https:\/\/www.pressenza.com\/it\/2025\/03\/la-norma-che-legittima-labuso-i-servizi-segreti-potranno-fare-reati-per-difendere-lo-stato\/"]}]},{"@type":"ImageObject","inLanguage":"it-IT","@id":"https:\/\/www.pressenza.com\/it\/2025\/03\/la-norma-che-legittima-labuso-i-servizi-segreti-potranno-fare-reati-per-difendere-lo-stato\/#primaryimage","url":"https:\/\/www.pressenza.com\/wp-content\/uploads\/2019\/02\/Aula-del-Senato.jpg","contentUrl":"https:\/\/www.pressenza.com\/wp-content\/uploads\/2019\/02\/Aula-del-Senato.jpg","width":835,"height":437,"caption":"Aula del Senato"},{"@type":"BreadcrumbList","@id":"https:\/\/www.pressenza.com\/it\/2025\/03\/la-norma-che-legittima-labuso-i-servizi-segreti-potranno-fare-reati-per-difendere-lo-stato\/#breadcrumb","itemListElement":[{"@type":"ListItem","position":1,"name":"Accueil","item":"https:\/\/www.pressenza.com\/it\/"},{"@type":"ListItem","position":2,"name":"La norma che legittima l\u2019abuso: i servizi segreti potranno fare reati per \u201cdifendere lo Stato\u201d"}]},{"@type":"WebSite","@id":"https:\/\/www.pressenza.com\/it\/#website","url":"https:\/\/www.pressenza.com\/it\/","name":"Pressenza","description":"Agenzia di Stampa Internazionale","publisher":{"@id":"https:\/\/www.pressenza.com\/it\/#organization"},"potentialAction":[{"@type":"SearchAction","target":{"@type":"EntryPoint","urlTemplate":"https:\/\/www.pressenza.com\/it\/?s={search_term_string}"},"query-input":{"@type":"PropertyValueSpecification","valueRequired":true,"valueName":"search_term_string"}}],"inLanguage":"it-IT"},{"@type":"Organization","@id":"https:\/\/www.pressenza.com\/it\/#organization","name":"Pressenza","url":"https:\/\/www.pressenza.com\/it\/","logo":{"@type":"ImageObject","inLanguage":"it-IT","@id":"https:\/\/www.pressenza.com\/it\/#\/schema\/logo\/image\/","url":"https:\/\/www.pressenza.com\/wp-content\/uploads\/2022\/10\/pressenza_logo_200x200.jpg","contentUrl":"https:\/\/www.pressenza.com\/wp-content\/uploads\/2022\/10\/pressenza_logo_200x200.jpg","width":200,"height":200,"caption":"Pressenza"},"image":{"@id":"https:\/\/www.pressenza.com\/it\/#\/schema\/logo\/image\/"},"sameAs":["https:\/\/www.facebook.com\/PressenzaItalia","https:\/\/x.com\/PressenzaIPA"]},{"@type":"Person","@id":"https:\/\/www.pressenza.com\/it\/#\/schema\/person\/310a843582035e4eb98f61c521fd6236","name":"L'Indipendente","description":"Informazione senza padroni","sameAs":["https:\/\/www.lindipendente.online\/"],"url":"https:\/\/www.pressenza.com\/it\/author\/lindipendente\/"}]}},"place":"Roma","original_article_url":"https:\/\/www.lindipendente.online\/2025\/03\/20\/la-norma-che-legittima-labuso-i-servizi-segreti-potranno-fare-reati-per-difendere-lo-stato\/","_links":{"self":[{"href":"https:\/\/www.pressenza.com\/it\/wp-json\/wp\/v2\/posts\/2591350","targetHints":{"allow":["GET"]}}],"collection":[{"href":"https:\/\/www.pressenza.com\/it\/wp-json\/wp\/v2\/posts"}],"about":[{"href":"https:\/\/www.pressenza.com\/it\/wp-json\/wp\/v2\/types\/post"}],"author":[{"embeddable":true,"href":"https:\/\/www.pressenza.com\/it\/wp-json\/wp\/v2\/users\/2207"}],"replies":[{"embeddable":true,"href":"https:\/\/www.pressenza.com\/it\/wp-json\/wp\/v2\/comments?post=2591350"}],"version-history":[{"count":0,"href":"https:\/\/www.pressenza.com\/it\/wp-json\/wp\/v2\/posts\/2591350\/revisions"}],"wp:featuredmedia":[{"embeddable":true,"href":"https:\/\/www.pressenza.com\/it\/wp-json\/wp\/v2\/media\/810417"}],"wp:attachment":[{"href":"https:\/\/www.pressenza.com\/it\/wp-json\/wp\/v2\/media?parent=2591350"}],"wp:term":[{"taxonomy":"category","embeddable":true,"href":"https:\/\/www.pressenza.com\/it\/wp-json\/wp\/v2\/categories?post=2591350"},{"taxonomy":"post_tag","embeddable":true,"href":"https:\/\/www.pressenza.com\/it\/wp-json\/wp\/v2\/tags?post=2591350"}],"curies":[{"name":"wp","href":"https:\/\/api.w.org\/{rel}","templated":true}]}}