{"id":2591275,"date":"2025-03-20T09:21:50","date_gmt":"2025-03-20T09:21:50","guid":{"rendered":"https:\/\/www.pressenza.com\/?p=2591275"},"modified":"2025-03-20T11:12:08","modified_gmt":"2025-03-20T11:12:08","slug":"meloni-ha-detto-la-verita-sul-manifesto-di-ventotene-vi-spiego-il-perche","status":"publish","type":"post","link":"https:\/\/www.pressenza.com\/it\/2025\/03\/meloni-ha-detto-la-verita-sul-manifesto-di-ventotene-vi-spiego-il-perche\/","title":{"rendered":"Meloni ha detto la verit\u00e0 sul Manifesto di Ventotene: vi spiego il perch\u00e8"},"content":{"rendered":"<p>Hanno fatto molto discutere le <a href=\"https:\/\/www.youtube.com\/watch?v=E_UanlF13-o\">dichiarazioni del 19 marzo della presidente Meloni<\/a> in critica al Manifesto di Ventotene, elencandone i principi come la valutazione di un&#8217;abolizione caso per caso della propriet\u00e0 privata, la fondazione di un &#8220;partito socialista rivoluzionario&#8221;, il poco peso dato alle elezioni democratiche. Questo ha generato caos e grida dai banchi del PD e di tutte le forze neoliberali sostenitrici del federalismo europeo. La seduta \u00e8 stata sospesa. In seguito a rispondere a Meloni \u00e8 stato <a href=\"https:\/\/www.youtube.com\/watch?v=81wETxvJf8I\">l&#8217;onorevole Federico Fornaro (PD) che si \u00e8 vergognato delle parole della premier<\/a> cogliendo l&#8217;occasione per impartire l&#8217;ennesimo elogio retorico del &#8220;Manifesto di Ventotene&#8221; come capostipite di una visione &#8220;federalista europea&#8221;. A quanto pare, purtroppo tra i due ad aver letto il Manifesto di Ventotene \u00e8 stata Giorgia Meloni e non Fornaro che, se l&#8217;avesse letto, non avrebbe detto quelle cose.<\/p>\n<p>Il Manifesto di Ventotene non parla di &#8220;un&#8217;Europa federale&#8221;, ma di una &#8220;Europa confederale&#8221; composta da Stati sovrani interdipendenti su base socialista e non sul libero mercato. Il Manifesto di Ventotene, oltre ad essere fermamente antifascista, antimperialista, antimilitarista, antisciovinista e antiliberista, dice chiaramente che il futuro per un &#8220;Europa dei popoli&#8221; o \u00e8 socialista o non \u00e8. Il Manifesto di Ventotene parla della fondazione dell&#8217;esercito europeo, ma solo dopo aver stabilito che il militarismo non deve essere in alcun modo la strada per la politica estera e la diplomazia. Il Manifesto di Ventotene parla chiaramente della creazione di un &#8220;partito socialista rivoluzionario&#8221; e della nascita degli &#8220;Stati Uniti socialisti d&#8217;Europa&#8221; e non degli Stati Uniti d&#8217;Europa su base neoliberista come voglio i &#8220;federalisti europei del riarmo&#8221;.<\/p>\n<p>Non sappiamo dunque se sia peggiore la strumentalizzazione della Meloni o l&#8217;ignoranza di Fornaro e di tutti i &#8220;federalisti europei&#8221; come Calenda, Renzi, Magi e Vecchioni (con tanto di auto-elogio eurocentrico alla manifestazione del 15 marzo). Crediamo che siano sullo stesso piano: Eugenio Colorni, Altiero Spinelli e Ernesto Rossi si rivoltano nella tomba sia a sentire la retorica nazionalistica e postfascista di Meloni, sia quella falsata e mistificata del Manifesto di Ventotene da parte degli europeisti neoliberali.<\/p>\n<p>Non crediamo che Altiero Spinelli voglia essere considerato padre di questa Europa, visto che la sua idea confederalista socialista europea non \u00e8 stata minimamente ascoltata. Ha vinto da un lato il concetto di &#8220;unione europea&#8221; proposto in base al modello funzionalista di Jean Monnet, Schuman, Perroux (veri padri di questa Europa della finanza e delle banche); e dall&#8217;altra parte ha visto l&#8217;ispirazione tecnocratica\u00a0 del Progetto Pan-Europa del conte Richard Nikolaus di Coudenhove-Kalergi (che strumentalmente la destra l&#8217;ha definito autore di un complotto inesistente come quello della &#8220;sostituzione etnica&#8221;, mentre in realt\u00e0 era un liberalconservatore promotore del concetto di &#8220;integrazione europea guidata da economisti&#8221;).<\/p>\n<p>L&#8217;ignoranza \u00e8 tanta sotto questo cielo, ma sarebbe bastato leggere il testo del Manifesto di Ventotene per schiarirsi le idee.<\/p>\n<p>Proponiamo di seguito la riflessione chiarificatrice di Maurizio Acerbo, segretario nazionale del Partito della Rifondazione Comunista &#8211; Sinistra Europea, sulla vicenda.<\/p>\n<p style=\"text-align: right;\">\u00abLa rivoluzione europea, per rispondere alle nostre esigenze, dovr\u00e0 essere socialista, cio\u00e8 dovr\u00e0 proporsi l\u2019emancipazione delle classi lavoratrici e la creazione per esse di condizioni pi\u00f9 umane di vita\u00bb.<\/p>\n<p style=\"text-align: right;\">Manifesto di Ventotene<\/p>\n<p>Non comprendo le polemiche sulle parole di Giorgia Meloni che questa volta ha il merito di aver detto alcune verit\u00e0 incontrovertibili.<\/p>\n<p>La prima naturalmente \u00e8 quella che lei, essendo erede politica del regime fascista che mand\u00f2 al confino Spinelli, Colorni e Rossi, con il Manifesto di Ventotene non c&#8217;entra nulla, trattandosi di un documento dell&#8217;antifascismo militante.<\/p>\n<p>La seconda, implicita nelle citazioni lette, \u00e8 che con il Manifesto non c&#8217;entrano nulla neanche Ursula von der Leyen, Mario Draghi, Renzi, Calenda, il Pd e gli esponenti del centrosinistra e centristi che in queste ore contestano le parole della premier.<\/p>\n<p>Il manifesto di Ventotene era un manifesto per la rivoluzione socialista europea e questo \u00e8 incontrovertibile. Contiene principi socialisti che saranno fatti propri dalla nostra Costituzione nata da quella rivoluzione antifascista europea che fu la Resistenza e che saranno alla base dell&#8217;azione dei partiti del movimento operaio dopo la sconfitta del nazifascismo in tutta l&#8217;Europa occidentale.<\/p>\n<p>Per il Manifesto di Ventotene come per la nostra Costituzione la propriet\u00e0 privata non \u00e8 sacra e i diritti delle classi lavoratrici e delle persone vengono prima del profitto e del mercato.<\/p>\n<p>Il modello sociale europeo con il welfare \u00e8 stato\u00a0 il risultato della forza e della legittimazione che ebbe in Europa occidentale il movimento operaio e socialista nel dopoguerra e fino alla controrivoluzione neoliberista degli anni &#8217;80 di Reagan e Thatcher.<\/p>\n<p>L&#8217;Unione Europea \u00e8 nata con il trattato di Maastricht, che ha posto invece il mercato al primo posto con conseguenze devastanti compreso il risorgere dell&#8217;estrema destra. Non a caso nel 2014 denunciammo, presentando la lista l&#8217;Altra Europa con Barbara Spinelli, che l&#8217;Unione Europea dei trattati ordoliberisti era la negazione dell&#8217;ispirazione originaria del Manifesto di Ventotene.<\/p>\n<p>Insomma con Ventotene non c&#8217;entrano nulla neanche gli editorialisti di Repubblica e Corriere e quelli come Renzi, Calenda o Bonaccini che ora strepitano. L&#8217;unica cosa positiva della manifestazione di Michele Serra \u00e8 che Repubblica ha ristampato il manifesto e forse sar\u00e0 letto da tanti che si renderanno conto della truffa che va avanti da trent&#8217;anni. Come Rifondazione Comunista pensiamo che vada rilanciato il Manifesto e la rivendicazione degli Stati Uniti socialisti d&#8217;Europa perch\u00e9 il capitalismo neoliberista porta la guerra come le nuvole la tempesta.<\/p>\n<p><em><strong>Maurizio Acerbo, segretario nazionale del Partito della Rifondazione Comunista &#8211; Sinistra Europea<\/strong><\/em><\/p>\n<p>&nbsp;<\/p>\n<p>&nbsp;<\/p>\n<p>Per conoscenza:<\/p>\n<blockquote class=\"wp-embedded-content\" data-secret=\"CkKEweZ3Bg\"><p><a href=\"https:\/\/www.pressenza.com\/it\/2025\/03\/il-manifesto-di-ventotene-parlava-degli-stati-uniti-socialisti-deuropa\/\">Il Manifesto di Ventotene parlava degli \u201cStati Uniti socialisti d\u2019Europa\u201d<\/a><\/p><\/blockquote>\n<p><iframe loading=\"lazy\" class=\"wp-embedded-content\" sandbox=\"allow-scripts\" security=\"restricted\" style=\"position: absolute; visibility: hidden;\" title=\"&#8220;Il Manifesto di Ventotene parlava degli \u201cStati Uniti socialisti d\u2019Europa\u201d&#8221; &#8212; Pressenza\" src=\"https:\/\/www.pressenza.com\/it\/2025\/03\/il-manifesto-di-ventotene-parlava-degli-stati-uniti-socialisti-deuropa\/embed\/#?secret=QnL08zjo7s#?secret=CkKEweZ3Bg\" data-secret=\"CkKEweZ3Bg\" width=\"500\" height=\"282\" frameborder=\"0\" marginwidth=\"0\" marginheight=\"0\" scrolling=\"no\"><\/iframe><\/p>\n<blockquote class=\"wp-embedded-content\" data-secret=\"alPN1Vcs9D\"><p><a href=\"https:\/\/bresciaanticapitalista.com\/2016\/04\/17\/europa-si-europa-no-i\/\">Europa s\u00ec, Europa no.&nbsp;(I)<\/a><\/p><\/blockquote>\n<p><iframe loading=\"lazy\" class=\"wp-embedded-content\" sandbox=\"allow-scripts\" security=\"restricted\" style=\"position: absolute; visibility: hidden;\" title=\"&#8220;Europa s\u00ec, Europa no.&nbsp;(I)&#8221; &#8212; Brescia Anticapitalista\" src=\"https:\/\/bresciaanticapitalista.com\/2016\/04\/17\/europa-si-europa-no-i\/embed\/#?secret=1Ljekb8iTG#?secret=alPN1Vcs9D\" data-secret=\"alPN1Vcs9D\" width=\"500\" height=\"282\" frameborder=\"0\" marginwidth=\"0\" marginheight=\"0\" scrolling=\"no\"><\/iframe><\/p>\n<p><a href=\"https:\/\/bresciaanticapitalista.wordpress.com\/2016\/04\/18\/europa-si-europa-no-ii\/\">https:\/\/bresciaanticapitalista.wordpress.com\/2016\/04\/18\/europa-si-europa-no-ii\/\u00a0<\/a><\/p>\n","protected":false},"excerpt":{"rendered":"<p>Hanno fatto molto discutere le dichiarazioni del 19 marzo della presidente Meloni in critica al Manifesto di Ventotene, elencandone i principi come la valutazione di un&#8217;abolizione caso per caso della propriet\u00e0 privata, la fondazione di un &#8220;partito socialista rivoluzionario&#8221;, il&hellip;<\/p>\n","protected":false},"author":2302,"featured_media":2591277,"comment_status":"closed","ping_status":"closed","sticky":false,"template":"","format":"standard","meta":{"footnotes":""},"categories":[11388,56,47,55],"tags":[3467,134282,134283,134280,134281,133514],"class_list":["post-2591275","post","type-post","status-publish","format-standard","has-post-thumbnail","hentry","category-contenuti-originali","category-cultura","category-europa","category-politica","tag-antifascismo","tag-europeanleft","tag-giorgiameloni","tag-manifestodiventotene","tag-matrice","tag-ventotene"],"yoast_head":"<!-- This site is optimized with the Yoast SEO plugin v27.1.1 - https:\/\/yoast.com\/product\/yoast-seo-wordpress\/ -->\n<title>Meloni ha detto la verit\u00e0 sul Manifesto di Ventotene: vi spiego il perch\u00e8<\/title>\n<meta name=\"description\" content=\"Hanno fatto molto discutere le dichiarazioni del 19 marzo della presidente Meloni in critica al Manifesto di Ventotene, elencandone i principi come la\" \/>\n<meta name=\"robots\" content=\"index, follow, max-snippet:-1, max-image-preview:large, max-video-preview:-1\" \/>\n<link rel=\"canonical\" href=\"https:\/\/www.pressenza.com\/it\/2025\/03\/meloni-ha-detto-la-verita-sul-manifesto-di-ventotene-vi-spiego-il-perche\/\" \/>\n<meta property=\"og:locale\" content=\"it_IT\" \/>\n<meta property=\"og:type\" content=\"article\" \/>\n<meta property=\"og:title\" content=\"Meloni ha detto la verit\u00e0 sul Manifesto di Ventotene: vi spiego il perch\u00e8\" \/>\n<meta property=\"og:description\" content=\"Hanno fatto molto discutere le dichiarazioni del 19 marzo della presidente Meloni in critica al Manifesto di Ventotene, elencandone i principi come la\" \/>\n<meta property=\"og:url\" content=\"https:\/\/www.pressenza.com\/it\/2025\/03\/meloni-ha-detto-la-verita-sul-manifesto-di-ventotene-vi-spiego-il-perche\/\" \/>\n<meta property=\"og:site_name\" content=\"Pressenza\" \/>\n<meta property=\"article:publisher\" content=\"https:\/\/www.facebook.com\/PressenzaItalia\" \/>\n<meta property=\"article:published_time\" content=\"2025-03-20T09:21:50+00:00\" \/>\n<meta property=\"article:modified_time\" content=\"2025-03-20T11:12:08+00:00\" \/>\n<meta property=\"og:image\" content=\"https:\/\/www.pressenza.com\/wp-content\/uploads\/2025\/03\/Maurizio-Acerbo-Lapide-in-memoria-di-Eugenio-Colorni.jpg\" \/>\n\t<meta property=\"og:image:width\" content=\"1024\" \/>\n\t<meta property=\"og:image:height\" content=\"553\" \/>\n\t<meta property=\"og:image:type\" content=\"image\/jpeg\" \/>\n<meta name=\"author\" content=\"Maurizio Acerbo\" \/>\n<meta name=\"twitter:card\" content=\"summary_large_image\" \/>\n<meta name=\"twitter:creator\" content=\"@PressenzaIPA\" \/>\n<meta name=\"twitter:site\" content=\"@PressenzaIPA\" \/>\n<meta name=\"twitter:label1\" content=\"Scritto da\" \/>\n\t<meta name=\"twitter:data1\" content=\"Maurizio Acerbo\" \/>\n\t<meta name=\"twitter:label2\" content=\"Tempo di lettura stimato\" \/>\n\t<meta name=\"twitter:data2\" content=\"5 minuti\" \/>\n<script type=\"application\/ld+json\" class=\"yoast-schema-graph\">{\"@context\":\"https:\/\/schema.org\",\"@graph\":[{\"@type\":\"Article\",\"@id\":\"https:\/\/www.pressenza.com\/it\/2025\/03\/meloni-ha-detto-la-verita-sul-manifesto-di-ventotene-vi-spiego-il-perche\/#article\",\"isPartOf\":{\"@id\":\"https:\/\/www.pressenza.com\/it\/2025\/03\/meloni-ha-detto-la-verita-sul-manifesto-di-ventotene-vi-spiego-il-perche\/\"},\"author\":{\"name\":\"Maurizio Acerbo\",\"@id\":\"https:\/\/www.pressenza.com\/it\/#\/schema\/person\/28a06c12c7d531fe83ff30b8bce99189\"},\"headline\":\"Meloni ha detto la verit\u00e0 sul Manifesto di Ventotene: vi spiego il perch\u00e8\",\"datePublished\":\"2025-03-20T09:21:50+00:00\",\"dateModified\":\"2025-03-20T11:12:08+00:00\",\"mainEntityOfPage\":{\"@id\":\"https:\/\/www.pressenza.com\/it\/2025\/03\/meloni-ha-detto-la-verita-sul-manifesto-di-ventotene-vi-spiego-il-perche\/\"},\"wordCount\":944,\"publisher\":{\"@id\":\"https:\/\/www.pressenza.com\/it\/#organization\"},\"image\":{\"@id\":\"https:\/\/www.pressenza.com\/it\/2025\/03\/meloni-ha-detto-la-verita-sul-manifesto-di-ventotene-vi-spiego-il-perche\/#primaryimage\"},\"thumbnailUrl\":\"https:\/\/www.pressenza.com\/wp-content\/uploads\/2025\/03\/Maurizio-Acerbo-Lapide-in-memoria-di-Eugenio-Colorni.jpg\",\"keywords\":[\"antifascismo\",\"EuropeanLeft\",\"GiorgiaMeloni\",\"ManifestodiVentotene\",\"matrice\",\"Ventotene\"],\"articleSection\":[\"contenuti originali\",\"Cultura e Media\",\"Europa\",\"Politica\"],\"inLanguage\":\"it-IT\"},{\"@type\":\"WebPage\",\"@id\":\"https:\/\/www.pressenza.com\/it\/2025\/03\/meloni-ha-detto-la-verita-sul-manifesto-di-ventotene-vi-spiego-il-perche\/\",\"url\":\"https:\/\/www.pressenza.com\/it\/2025\/03\/meloni-ha-detto-la-verita-sul-manifesto-di-ventotene-vi-spiego-il-perche\/\",\"name\":\"Meloni ha detto la verit\u00e0 sul Manifesto di Ventotene: vi spiego il perch\u00e8\",\"isPartOf\":{\"@id\":\"https:\/\/www.pressenza.com\/it\/#website\"},\"primaryImageOfPage\":{\"@id\":\"https:\/\/www.pressenza.com\/it\/2025\/03\/meloni-ha-detto-la-verita-sul-manifesto-di-ventotene-vi-spiego-il-perche\/#primaryimage\"},\"image\":{\"@id\":\"https:\/\/www.pressenza.com\/it\/2025\/03\/meloni-ha-detto-la-verita-sul-manifesto-di-ventotene-vi-spiego-il-perche\/#primaryimage\"},\"thumbnailUrl\":\"https:\/\/www.pressenza.com\/wp-content\/uploads\/2025\/03\/Maurizio-Acerbo-Lapide-in-memoria-di-Eugenio-Colorni.jpg\",\"datePublished\":\"2025-03-20T09:21:50+00:00\",\"dateModified\":\"2025-03-20T11:12:08+00:00\",\"description\":\"Hanno fatto molto discutere le dichiarazioni del 19 marzo della presidente Meloni in critica al Manifesto di Ventotene, elencandone i principi come la\",\"breadcrumb\":{\"@id\":\"https:\/\/www.pressenza.com\/it\/2025\/03\/meloni-ha-detto-la-verita-sul-manifesto-di-ventotene-vi-spiego-il-perche\/#breadcrumb\"},\"inLanguage\":\"it-IT\",\"potentialAction\":[{\"@type\":\"ReadAction\",\"target\":[\"https:\/\/www.pressenza.com\/it\/2025\/03\/meloni-ha-detto-la-verita-sul-manifesto-di-ventotene-vi-spiego-il-perche\/\"]}]},{\"@type\":\"ImageObject\",\"inLanguage\":\"it-IT\",\"@id\":\"https:\/\/www.pressenza.com\/it\/2025\/03\/meloni-ha-detto-la-verita-sul-manifesto-di-ventotene-vi-spiego-il-perche\/#primaryimage\",\"url\":\"https:\/\/www.pressenza.com\/wp-content\/uploads\/2025\/03\/Maurizio-Acerbo-Lapide-in-memoria-di-Eugenio-Colorni.jpg\",\"contentUrl\":\"https:\/\/www.pressenza.com\/wp-content\/uploads\/2025\/03\/Maurizio-Acerbo-Lapide-in-memoria-di-Eugenio-Colorni.jpg\",\"width\":1024,\"height\":553},{\"@type\":\"BreadcrumbList\",\"@id\":\"https:\/\/www.pressenza.com\/it\/2025\/03\/meloni-ha-detto-la-verita-sul-manifesto-di-ventotene-vi-spiego-il-perche\/#breadcrumb\",\"itemListElement\":[{\"@type\":\"ListItem\",\"position\":1,\"name\":\"Accueil\",\"item\":\"https:\/\/www.pressenza.com\/it\/\"},{\"@type\":\"ListItem\",\"position\":2,\"name\":\"Meloni ha detto la verit\u00e0 sul Manifesto di Ventotene: vi spiego il perch\u00e8\"}]},{\"@type\":\"WebSite\",\"@id\":\"https:\/\/www.pressenza.com\/it\/#website\",\"url\":\"https:\/\/www.pressenza.com\/it\/\",\"name\":\"Pressenza\",\"description\":\"Agenzia di Stampa Internazionale\",\"publisher\":{\"@id\":\"https:\/\/www.pressenza.com\/it\/#organization\"},\"potentialAction\":[{\"@type\":\"SearchAction\",\"target\":{\"@type\":\"EntryPoint\",\"urlTemplate\":\"https:\/\/www.pressenza.com\/it\/?s={search_term_string}\"},\"query-input\":{\"@type\":\"PropertyValueSpecification\",\"valueRequired\":true,\"valueName\":\"search_term_string\"}}],\"inLanguage\":\"it-IT\"},{\"@type\":\"Organization\",\"@id\":\"https:\/\/www.pressenza.com\/it\/#organization\",\"name\":\"Pressenza\",\"url\":\"https:\/\/www.pressenza.com\/it\/\",\"logo\":{\"@type\":\"ImageObject\",\"inLanguage\":\"it-IT\",\"@id\":\"https:\/\/www.pressenza.com\/it\/#\/schema\/logo\/image\/\",\"url\":\"https:\/\/www.pressenza.com\/wp-content\/uploads\/2022\/10\/pressenza_logo_200x200.jpg\",\"contentUrl\":\"https:\/\/www.pressenza.com\/wp-content\/uploads\/2022\/10\/pressenza_logo_200x200.jpg\",\"width\":200,\"height\":200,\"caption\":\"Pressenza\"},\"image\":{\"@id\":\"https:\/\/www.pressenza.com\/it\/#\/schema\/logo\/image\/\"},\"sameAs\":[\"https:\/\/www.facebook.com\/PressenzaItalia\",\"https:\/\/x.com\/PressenzaIPA\"]},{\"@type\":\"Person\",\"@id\":\"https:\/\/www.pressenza.com\/it\/#\/schema\/person\/28a06c12c7d531fe83ff30b8bce99189\",\"name\":\"Maurizio Acerbo\",\"description\":\"Segretario nazionale di Rifondazione Comunista, coordinamento nazionale di Unione Popolare\",\"url\":\"https:\/\/www.pressenza.com\/it\/author\/maurizio-acerbo\/\"}]}<\/script>\n<!-- \/ Yoast SEO plugin. -->","yoast_head_json":{"title":"Meloni ha detto la verit\u00e0 sul Manifesto di Ventotene: vi spiego il perch\u00e8","description":"Hanno fatto molto discutere le dichiarazioni del 19 marzo della presidente Meloni in critica al Manifesto di Ventotene, elencandone i principi come la","robots":{"index":"index","follow":"follow","max-snippet":"max-snippet:-1","max-image-preview":"max-image-preview:large","max-video-preview":"max-video-preview:-1"},"canonical":"https:\/\/www.pressenza.com\/it\/2025\/03\/meloni-ha-detto-la-verita-sul-manifesto-di-ventotene-vi-spiego-il-perche\/","og_locale":"it_IT","og_type":"article","og_title":"Meloni ha detto la verit\u00e0 sul Manifesto di Ventotene: vi spiego il perch\u00e8","og_description":"Hanno fatto molto discutere le dichiarazioni del 19 marzo della presidente Meloni in critica al Manifesto di Ventotene, elencandone i principi come la","og_url":"https:\/\/www.pressenza.com\/it\/2025\/03\/meloni-ha-detto-la-verita-sul-manifesto-di-ventotene-vi-spiego-il-perche\/","og_site_name":"Pressenza","article_publisher":"https:\/\/www.facebook.com\/PressenzaItalia","article_published_time":"2025-03-20T09:21:50+00:00","article_modified_time":"2025-03-20T11:12:08+00:00","og_image":[{"width":1024,"height":553,"url":"https:\/\/www.pressenza.com\/wp-content\/uploads\/2025\/03\/Maurizio-Acerbo-Lapide-in-memoria-di-Eugenio-Colorni.jpg","type":"image\/jpeg"}],"author":"Maurizio Acerbo","twitter_card":"summary_large_image","twitter_creator":"@PressenzaIPA","twitter_site":"@PressenzaIPA","twitter_misc":{"Scritto da":"Maurizio Acerbo","Tempo di lettura stimato":"5 minuti"},"schema":{"@context":"https:\/\/schema.org","@graph":[{"@type":"Article","@id":"https:\/\/www.pressenza.com\/it\/2025\/03\/meloni-ha-detto-la-verita-sul-manifesto-di-ventotene-vi-spiego-il-perche\/#article","isPartOf":{"@id":"https:\/\/www.pressenza.com\/it\/2025\/03\/meloni-ha-detto-la-verita-sul-manifesto-di-ventotene-vi-spiego-il-perche\/"},"author":{"name":"Maurizio Acerbo","@id":"https:\/\/www.pressenza.com\/it\/#\/schema\/person\/28a06c12c7d531fe83ff30b8bce99189"},"headline":"Meloni ha detto la verit\u00e0 sul Manifesto di Ventotene: vi spiego il perch\u00e8","datePublished":"2025-03-20T09:21:50+00:00","dateModified":"2025-03-20T11:12:08+00:00","mainEntityOfPage":{"@id":"https:\/\/www.pressenza.com\/it\/2025\/03\/meloni-ha-detto-la-verita-sul-manifesto-di-ventotene-vi-spiego-il-perche\/"},"wordCount":944,"publisher":{"@id":"https:\/\/www.pressenza.com\/it\/#organization"},"image":{"@id":"https:\/\/www.pressenza.com\/it\/2025\/03\/meloni-ha-detto-la-verita-sul-manifesto-di-ventotene-vi-spiego-il-perche\/#primaryimage"},"thumbnailUrl":"https:\/\/www.pressenza.com\/wp-content\/uploads\/2025\/03\/Maurizio-Acerbo-Lapide-in-memoria-di-Eugenio-Colorni.jpg","keywords":["antifascismo","EuropeanLeft","GiorgiaMeloni","ManifestodiVentotene","matrice","Ventotene"],"articleSection":["contenuti originali","Cultura e Media","Europa","Politica"],"inLanguage":"it-IT"},{"@type":"WebPage","@id":"https:\/\/www.pressenza.com\/it\/2025\/03\/meloni-ha-detto-la-verita-sul-manifesto-di-ventotene-vi-spiego-il-perche\/","url":"https:\/\/www.pressenza.com\/it\/2025\/03\/meloni-ha-detto-la-verita-sul-manifesto-di-ventotene-vi-spiego-il-perche\/","name":"Meloni ha detto la verit\u00e0 sul Manifesto di Ventotene: vi spiego il perch\u00e8","isPartOf":{"@id":"https:\/\/www.pressenza.com\/it\/#website"},"primaryImageOfPage":{"@id":"https:\/\/www.pressenza.com\/it\/2025\/03\/meloni-ha-detto-la-verita-sul-manifesto-di-ventotene-vi-spiego-il-perche\/#primaryimage"},"image":{"@id":"https:\/\/www.pressenza.com\/it\/2025\/03\/meloni-ha-detto-la-verita-sul-manifesto-di-ventotene-vi-spiego-il-perche\/#primaryimage"},"thumbnailUrl":"https:\/\/www.pressenza.com\/wp-content\/uploads\/2025\/03\/Maurizio-Acerbo-Lapide-in-memoria-di-Eugenio-Colorni.jpg","datePublished":"2025-03-20T09:21:50+00:00","dateModified":"2025-03-20T11:12:08+00:00","description":"Hanno fatto molto discutere le dichiarazioni del 19 marzo della presidente Meloni in critica al Manifesto di Ventotene, elencandone i principi come la","breadcrumb":{"@id":"https:\/\/www.pressenza.com\/it\/2025\/03\/meloni-ha-detto-la-verita-sul-manifesto-di-ventotene-vi-spiego-il-perche\/#breadcrumb"},"inLanguage":"it-IT","potentialAction":[{"@type":"ReadAction","target":["https:\/\/www.pressenza.com\/it\/2025\/03\/meloni-ha-detto-la-verita-sul-manifesto-di-ventotene-vi-spiego-il-perche\/"]}]},{"@type":"ImageObject","inLanguage":"it-IT","@id":"https:\/\/www.pressenza.com\/it\/2025\/03\/meloni-ha-detto-la-verita-sul-manifesto-di-ventotene-vi-spiego-il-perche\/#primaryimage","url":"https:\/\/www.pressenza.com\/wp-content\/uploads\/2025\/03\/Maurizio-Acerbo-Lapide-in-memoria-di-Eugenio-Colorni.jpg","contentUrl":"https:\/\/www.pressenza.com\/wp-content\/uploads\/2025\/03\/Maurizio-Acerbo-Lapide-in-memoria-di-Eugenio-Colorni.jpg","width":1024,"height":553},{"@type":"BreadcrumbList","@id":"https:\/\/www.pressenza.com\/it\/2025\/03\/meloni-ha-detto-la-verita-sul-manifesto-di-ventotene-vi-spiego-il-perche\/#breadcrumb","itemListElement":[{"@type":"ListItem","position":1,"name":"Accueil","item":"https:\/\/www.pressenza.com\/it\/"},{"@type":"ListItem","position":2,"name":"Meloni ha detto la verit\u00e0 sul Manifesto di Ventotene: vi spiego il perch\u00e8"}]},{"@type":"WebSite","@id":"https:\/\/www.pressenza.com\/it\/#website","url":"https:\/\/www.pressenza.com\/it\/","name":"Pressenza","description":"Agenzia di Stampa Internazionale","publisher":{"@id":"https:\/\/www.pressenza.com\/it\/#organization"},"potentialAction":[{"@type":"SearchAction","target":{"@type":"EntryPoint","urlTemplate":"https:\/\/www.pressenza.com\/it\/?s={search_term_string}"},"query-input":{"@type":"PropertyValueSpecification","valueRequired":true,"valueName":"search_term_string"}}],"inLanguage":"it-IT"},{"@type":"Organization","@id":"https:\/\/www.pressenza.com\/it\/#organization","name":"Pressenza","url":"https:\/\/www.pressenza.com\/it\/","logo":{"@type":"ImageObject","inLanguage":"it-IT","@id":"https:\/\/www.pressenza.com\/it\/#\/schema\/logo\/image\/","url":"https:\/\/www.pressenza.com\/wp-content\/uploads\/2022\/10\/pressenza_logo_200x200.jpg","contentUrl":"https:\/\/www.pressenza.com\/wp-content\/uploads\/2022\/10\/pressenza_logo_200x200.jpg","width":200,"height":200,"caption":"Pressenza"},"image":{"@id":"https:\/\/www.pressenza.com\/it\/#\/schema\/logo\/image\/"},"sameAs":["https:\/\/www.facebook.com\/PressenzaItalia","https:\/\/x.com\/PressenzaIPA"]},{"@type":"Person","@id":"https:\/\/www.pressenza.com\/it\/#\/schema\/person\/28a06c12c7d531fe83ff30b8bce99189","name":"Maurizio Acerbo","description":"Segretario nazionale di Rifondazione Comunista, coordinamento nazionale di Unione Popolare","url":"https:\/\/www.pressenza.com\/it\/author\/maurizio-acerbo\/"}]}},"place":"","original_article_url":"","_links":{"self":[{"href":"https:\/\/www.pressenza.com\/it\/wp-json\/wp\/v2\/posts\/2591275","targetHints":{"allow":["GET"]}}],"collection":[{"href":"https:\/\/www.pressenza.com\/it\/wp-json\/wp\/v2\/posts"}],"about":[{"href":"https:\/\/www.pressenza.com\/it\/wp-json\/wp\/v2\/types\/post"}],"author":[{"embeddable":true,"href":"https:\/\/www.pressenza.com\/it\/wp-json\/wp\/v2\/users\/2302"}],"replies":[{"embeddable":true,"href":"https:\/\/www.pressenza.com\/it\/wp-json\/wp\/v2\/comments?post=2591275"}],"version-history":[{"count":0,"href":"https:\/\/www.pressenza.com\/it\/wp-json\/wp\/v2\/posts\/2591275\/revisions"}],"wp:featuredmedia":[{"embeddable":true,"href":"https:\/\/www.pressenza.com\/it\/wp-json\/wp\/v2\/media\/2591277"}],"wp:attachment":[{"href":"https:\/\/www.pressenza.com\/it\/wp-json\/wp\/v2\/media?parent=2591275"}],"wp:term":[{"taxonomy":"category","embeddable":true,"href":"https:\/\/www.pressenza.com\/it\/wp-json\/wp\/v2\/categories?post=2591275"},{"taxonomy":"post_tag","embeddable":true,"href":"https:\/\/www.pressenza.com\/it\/wp-json\/wp\/v2\/tags?post=2591275"}],"curies":[{"name":"wp","href":"https:\/\/api.w.org\/{rel}","templated":true}]}}