{"id":2589963,"date":"2025-03-14T17:45:36","date_gmt":"2025-03-14T17:45:36","guid":{"rendered":"https:\/\/www.pressenza.com\/?p=2589963"},"modified":"2025-03-14T19:46:15","modified_gmt":"2025-03-14T19:46:15","slug":"alberto-trentini-libero-intervista-a-caterina-arciprete-consigliera-comunale-di-firenze","status":"publish","type":"post","link":"https:\/\/www.pressenza.com\/it\/2025\/03\/alberto-trentini-libero-intervista-a-caterina-arciprete-consigliera-comunale-di-firenze\/","title":{"rendered":"Alberto Trentini Libero: intervista a Caterina Arciprete, consigliera comunale di Firenze"},"content":{"rendered":"<p align=\"justify\"><em>Il 15 novembre 2024, il cooperante veneziano Alberto Trentini, 45 anni, \u00e8 stato fermato e arrestato dai funzionari del Servizio amministrativo per l\u2019identificazione, la migrazione e l\u2019immigrazione (Saime) in Venezuela, dove era giunto il 17 ottobre per conto della ong Humanity &amp; Inclusion, impegnata nell\u2019assistenza umanitaria alle persone con disabilit\u00e0. Non sono ancora chiari i motivi dell&#8217;arresto, quel che \u00e8 certo \u00e8 che Trentini \u00e8 stato subito affidato alle autorit\u00e0 della Direzione generale del controspionaggio militare (Dgcim), con destinazione finale Caracas. A inizio febbraio una nota &#8220;non ufficiale&#8221; giunta dal Venezuela ha rassicurato sulle &#8220;buone condizioni&#8221; di Trentini, che soffre di ipertensione e necessita di farmaci specifici. Da allora sul cooperante \u00e8 ripiombato il silenzio e neppure l&#8217;ambasciata italiana \u00e8 riuscita a saperne di pi\u00f9. Nel frattempo pi\u00f9 di 77.500 italiani, ed anche tanti stranieri, hanno firmato per la sua scarcerazione, inoltre \u00e8 cominciato un digiuno a staffetta, con adesione online, tra cui ha partecipato anche il sindaco di Venezia, Luigi Brugnaro. Una vicenda in parte simile a quella della giornalista\u00a0Cecilia Sala, che finalmente sta avendo spazio presso l\u2019opinione pubblica, nella speranza che possa avere lo stesso esito avuto da quella della giornalista, con il rientro in Italia di Alberto Trentini. A tal proposito, mercoled\u00ec 12 marzo alle 12:30, presso Palazzo Vecchio a Firenze, si \u00e8 tenuta una conferenza stampa per presentare la risoluzione che chiede al Governo di intensificare gli sforzi diplomatici per ottenere informazioni ufficiali e la liberazione di Alberto. Un\u2019iniziativa promossa da Caterina Arciprete, consigliera comunale e Capogruppo di AVS\/Ecol\u00f2, nonch\u00e9 prima proponente di questa importante iniziativa.<\/em><\/p>\n<p align=\"justify\"><em>Abbiamo raggiunto Caterina Arciprete per intervistarla.<\/em><\/p>\n<p align=\"justify\"><strong>Come nasce quest\u2019importante iniziativa?<\/strong><\/p>\n<p align=\"justify\">L\u2019iniziativa nasce dalla volont\u00e0 di dare voce a una vicenda che rischia di passare troppo sotto silenzio, nonostante riguardi un cittadino italiano privato della libert\u00e0 in un Paese straniero mentre svolgeva con professionalit\u00e0 il suo lavoro di cooperante. Ricordiamo che la cooperazione internazionale \u00e8 parte integrante della politica estera di un Paese e che \u2013 mai come in questo momento \u2013 queste persone sono veri e propri operatori di pace. Io ho studiato economia dello sviluppo qui a Firenze. Conosco bene il settore e la professionalit\u00e0 delle persone come Alberto. Penso che sia un atto dovuto fare tutto ci\u00f2 che \u00e8 in nostro potere per promuovere la liberazione di Alberto. Come rappresentante di Ecol\u00f2 e capogruppo di AVS\/Ecol\u00f2, quindi ho ritenuto fondamentale portare il caso in Consiglio Comunale. La risoluzione che ho presentato insieme al Partito Democratico e a Sinistra Progetto Comune mira a sollecitare il Governo italiano a intensificare gli sforzi diplomatici per ottenere informazioni ufficiali sulla sua detenzione e per arrivare alla sua liberazione. Sono felice che la risoluzione sia stata approvata dal Consiglio Comunale di Firenze all\u2019unanimit\u00e0.<\/p>\n<p align=\"justify\"><strong>Secondo lei, perch\u00e9 la vicenda di Alberto Trentini sta avendo molta meno visibilit\u00e0 rispetto a quella di Cecilia Sala?<\/strong><\/p>\n<p align=\"justify\">Immagino che la notoriet\u00e0 della giornalista Cecilia Sala abbia giocato un ruolo importante. Sala \u00e8 un\u2019ottima giornalista con una vasta rete di colleghi e sostenitori nel mondo dell\u2019informazione, mentre Alberto Trentini \u00e8 un operatore umanitario che lavora spesso nell\u2019ombra, senza la stessa visibilit\u00e0 mediatica. Inoltre, vi \u00e8 una differenza nelle relazioni istituzionali tra l\u2019Italia e i due Paesi coinvolti.<\/p>\n<p align=\"justify\">Detto ci\u00f2, credo che la storia di Alberto stia finalmente uscendo dall\u2019invisibilit\u00e0 in cui \u00e8 rimasta nei primi mesi. Dopo l\u2019appello accorato della madre in televisione alla Presidente del Consiglio Giorgia Meloni, il caso ha ricevuto maggiore attenzione. Diversi Comuni hanno esposto lo striscione per la sua liberazione, da Bologna a Firenze fino a Venezia. \u00c8 nata anche l\u2019iniziativa del digiuno a staffetta, un gesto simbolico di solidariet\u00e0 a cui hanno aderito il sindaco di Venezia, Luigi Brugnaro, e la stessa Cecilia Sala. Il sostegno ha assunto anche forme digitali, con la campagna &#8220;Alberto Wall of Hope&#8221;, un muro virtuale su cui compaiono volti da tutto il mondo \u2013 dall\u2019Italia all\u2019Ecuador fino all\u2019Etiopia \u2013 con un cartello che chiede la liberazione di Alberto. Parallelamente, la petizione su Change.org ha superato le 80.000 firme. A questi sforzi si \u00e8 aggiunto il mondo della cooperazione internazionale. Durante la conferenza stampa al Comune di Firenze, due tra le principali ONG italiane, OXFAM e COSPE, hanno chiesto la liberazione di Alberto e si sono impegnate a mantenere alta l\u2019attenzione sul caso.<\/p>\n<p align=\"justify\"><strong>Che differenze e similitudini vi sono tra queste due vicende?<\/strong><\/p>\n<p align=\"justify\">Non sono un\u2019esperta di geopolitica, quindi per me \u00e8 difficile rispondere a questa domanda. Tuttavia, posso evidenziare alcune osservazioni. Entrambe le vicende riguardano cittadini italiani detenuti in Paesi stranieri con il rischio di violazioni dei loro diritti fondamentali. In entrambi i casi, i due detenuti sembrano essere coinvolti in dinamiche geopolitiche pi\u00f9 grandi di loro, e dunque la loro detenzione appare pi\u00f9 legata al contesto istituzionale che a eventuali reati personali.<\/p>\n<p align=\"justify\">Per quanto riguarda le differenze, nel caso di Cecilia Sala, le motivazioni della detenzione sono emerse rapidamente. L\u2019Iran ha gi\u00e0 utilizzato pi\u00f9 volte la detenzione di cittadini italiani o con doppia cittadinanza come strumento di pressione diplomatica. Questo modus operandi \u00e8 noto e collaudato, ed \u00e8 stato applicato con diversi Paesi, spesso con successo. Agli occhi dell\u2019opinione pubblica, il caso Sala sembrava pi\u00f9 chiaro e, forse, pi\u00f9 facilmente risolvibile.<\/p>\n<p align=\"justify\">Il caso di Alberto Trentini, invece, risulta pi\u00f9 complesso e meno trasparente. Non abbiamo informazioni ufficiali che ci aiutino a comprendere appieno la situazione, e questo rende ancora pi\u00f9 difficile esercitare pressioni efficaci per il suo rilascio.<\/p>\n<p align=\"justify\"><strong>Avete avuto notizie pi\u00f9 recenti, anche dalla famiglia, riguardo alla situazione di Alberto Trentini?<\/strong><\/p>\n<p align=\"justify\">Proprio oggi \u00e8 stato confermato che si trova nel carcere El Rodeo I, a Guatire, vicino Caracas, in isolamento. Tuttavia, non ha ancora potuto parlare n\u00e9 con la madre, n\u00e9 con il Console italiano, e non sappiamo nulla delle sue condizioni di salute.<\/p>\n<p align=\"justify\"><strong>Dopo la liberazione di Cecilia Sala vi fu quella dell\u2019ingegnere iraniano, di cui gli USA chiedevano l\u2019estradizione, detenuto in Italia e poi rimandato in Iran. Non essendoci, in questo caso, un possibile \u201cscambio\u201d, che strategia dovrebbe usare, secondo lei, il governo italiano per riportare a casa Alberto?<\/strong><\/p>\n<p align=\"justify\">Guardi, \u00e8 difficile rispondere. Io non sono un\u2019esperta e, quando mi sono rivolta a persone pi\u00f9 competenti in materia, mi \u00e8 stato detto che attualmente mancano informazioni cruciali. Senza elementi concreti, \u00e8 difficile suggerire una strategia specifica al governo. Tuttavia, c\u2019\u00e8 un punto fondamentale che non pu\u00f2 essere ignorato: Alberto Trentini ha diritto all\u2019assistenza consolare. Questo diritto \u00e8 sancito dalla Convenzione di Vienna sulle relazioni consolari. A prescindere dall\u2019accusa che gli \u00e8 stata mossa, il nostro governo deve esercitare pressione diplomatica immediata per ottenere almeno questo, come primo passo per garantire la sua tutela.<\/p>\n","protected":false},"excerpt":{"rendered":"<p>Il 15 novembre 2024, il cooperante veneziano Alberto Trentini, 45 anni, \u00e8 stato fermato e arrestato dai funzionari del Servizio amministrativo per l\u2019identificazione, la migrazione e l\u2019immigrazione (Saime) in Venezuela, dove era giunto il 17 ottobre per conto della ong&hellip;<\/p>\n","protected":false},"author":2140,"featured_media":2589965,"comment_status":"closed","ping_status":"closed","sticky":false,"template":"","format":"standard","meta":{"footnotes":""},"categories":[11388,60,157],"tags":[133342,134050,134051,897,3066],"class_list":["post-2589963","post","type-post","status-publish","format-standard","has-post-thumbnail","hentry","category-contenuti-originali","category-diritti-umani","category-interviste","tag-alberto-trentini","tag-caterina-arciprete","tag-consiglio-comunale-di-firenze","tag-diritti-umani","tag-firenze"],"yoast_head":"<!-- This site is optimized with the Yoast SEO plugin v27.1.1 - https:\/\/yoast.com\/product\/yoast-seo-wordpress\/ -->\n<title>Alberto Trentini Libero: intervista a Caterina Arciprete, consigliera comunale di Firenze<\/title>\n<meta name=\"description\" content=\"Il 15 novembre 2024, il cooperante veneziano Alberto Trentini, 45 anni, \u00e8 stato fermato e arrestato dai funzionari del Servizio amministrativo per\" \/>\n<meta name=\"robots\" content=\"index, follow, max-snippet:-1, max-image-preview:large, max-video-preview:-1\" \/>\n<link rel=\"canonical\" href=\"https:\/\/www.pressenza.com\/it\/2025\/03\/alberto-trentini-libero-intervista-a-caterina-arciprete-consigliera-comunale-di-firenze\/\" \/>\n<meta property=\"og:locale\" content=\"it_IT\" \/>\n<meta property=\"og:type\" content=\"article\" \/>\n<meta property=\"og:title\" content=\"Alberto Trentini Libero: intervista a Caterina Arciprete, consigliera comunale di Firenze\" \/>\n<meta property=\"og:description\" content=\"Il 15 novembre 2024, il cooperante veneziano Alberto Trentini, 45 anni, \u00e8 stato fermato e arrestato dai funzionari del Servizio amministrativo per\" \/>\n<meta property=\"og:url\" content=\"https:\/\/www.pressenza.com\/it\/2025\/03\/alberto-trentini-libero-intervista-a-caterina-arciprete-consigliera-comunale-di-firenze\/\" \/>\n<meta property=\"og:site_name\" content=\"Pressenza\" \/>\n<meta property=\"article:publisher\" content=\"https:\/\/www.facebook.com\/PressenzaItalia\" \/>\n<meta property=\"article:published_time\" content=\"2025-03-14T17:45:36+00:00\" \/>\n<meta property=\"article:modified_time\" content=\"2025-03-14T19:46:15+00:00\" \/>\n<meta property=\"og:image\" content=\"https:\/\/www.pressenza.com\/wp-content\/uploads\/2025\/03\/Alberto-Trentini1-845x321-COSPE.jpg\" \/>\n\t<meta property=\"og:image:width\" content=\"845\" \/>\n\t<meta property=\"og:image:height\" content=\"321\" \/>\n\t<meta property=\"og:image:type\" content=\"image\/jpeg\" \/>\n<meta name=\"author\" content=\"Andrea Vitello\" \/>\n<meta name=\"twitter:card\" content=\"summary_large_image\" \/>\n<meta name=\"twitter:creator\" content=\"@PressenzaIPA\" \/>\n<meta name=\"twitter:site\" content=\"@PressenzaIPA\" \/>\n<meta name=\"twitter:label1\" content=\"Scritto da\" \/>\n\t<meta name=\"twitter:data1\" content=\"Andrea Vitello\" \/>\n\t<meta name=\"twitter:label2\" content=\"Tempo di lettura stimato\" \/>\n\t<meta name=\"twitter:data2\" content=\"6 minuti\" \/>\n<script type=\"application\/ld+json\" class=\"yoast-schema-graph\">{\"@context\":\"https:\/\/schema.org\",\"@graph\":[{\"@type\":\"Article\",\"@id\":\"https:\/\/www.pressenza.com\/it\/2025\/03\/alberto-trentini-libero-intervista-a-caterina-arciprete-consigliera-comunale-di-firenze\/#article\",\"isPartOf\":{\"@id\":\"https:\/\/www.pressenza.com\/it\/2025\/03\/alberto-trentini-libero-intervista-a-caterina-arciprete-consigliera-comunale-di-firenze\/\"},\"author\":{\"name\":\"Andrea Vitello\",\"@id\":\"https:\/\/www.pressenza.com\/it\/#\/schema\/person\/22a8facb6e336e2104facb0b5ee3cf7a\"},\"headline\":\"Alberto Trentini Libero: intervista a Caterina Arciprete, consigliera comunale di Firenze\",\"datePublished\":\"2025-03-14T17:45:36+00:00\",\"dateModified\":\"2025-03-14T19:46:15+00:00\",\"mainEntityOfPage\":{\"@id\":\"https:\/\/www.pressenza.com\/it\/2025\/03\/alberto-trentini-libero-intervista-a-caterina-arciprete-consigliera-comunale-di-firenze\/\"},\"wordCount\":1097,\"publisher\":{\"@id\":\"https:\/\/www.pressenza.com\/it\/#organization\"},\"image\":{\"@id\":\"https:\/\/www.pressenza.com\/it\/2025\/03\/alberto-trentini-libero-intervista-a-caterina-arciprete-consigliera-comunale-di-firenze\/#primaryimage\"},\"thumbnailUrl\":\"https:\/\/www.pressenza.com\/wp-content\/uploads\/2025\/03\/Alberto-Trentini1-845x321-COSPE.jpg\",\"keywords\":[\"Alberto Trentini\",\"Caterina Arciprete\",\"Consiglio Comunale di Firenze\",\"diritti umani\",\"Firenze\"],\"articleSection\":[\"contenuti originali\",\"Diritti Umani\",\"Interviste\"],\"inLanguage\":\"it-IT\"},{\"@type\":\"WebPage\",\"@id\":\"https:\/\/www.pressenza.com\/it\/2025\/03\/alberto-trentini-libero-intervista-a-caterina-arciprete-consigliera-comunale-di-firenze\/\",\"url\":\"https:\/\/www.pressenza.com\/it\/2025\/03\/alberto-trentini-libero-intervista-a-caterina-arciprete-consigliera-comunale-di-firenze\/\",\"name\":\"Alberto Trentini Libero: intervista a Caterina Arciprete, consigliera comunale di Firenze\",\"isPartOf\":{\"@id\":\"https:\/\/www.pressenza.com\/it\/#website\"},\"primaryImageOfPage\":{\"@id\":\"https:\/\/www.pressenza.com\/it\/2025\/03\/alberto-trentini-libero-intervista-a-caterina-arciprete-consigliera-comunale-di-firenze\/#primaryimage\"},\"image\":{\"@id\":\"https:\/\/www.pressenza.com\/it\/2025\/03\/alberto-trentini-libero-intervista-a-caterina-arciprete-consigliera-comunale-di-firenze\/#primaryimage\"},\"thumbnailUrl\":\"https:\/\/www.pressenza.com\/wp-content\/uploads\/2025\/03\/Alberto-Trentini1-845x321-COSPE.jpg\",\"datePublished\":\"2025-03-14T17:45:36+00:00\",\"dateModified\":\"2025-03-14T19:46:15+00:00\",\"description\":\"Il 15 novembre 2024, il cooperante veneziano Alberto Trentini, 45 anni, \u00e8 stato fermato e arrestato dai funzionari del Servizio amministrativo per\",\"breadcrumb\":{\"@id\":\"https:\/\/www.pressenza.com\/it\/2025\/03\/alberto-trentini-libero-intervista-a-caterina-arciprete-consigliera-comunale-di-firenze\/#breadcrumb\"},\"inLanguage\":\"it-IT\",\"potentialAction\":[{\"@type\":\"ReadAction\",\"target\":[\"https:\/\/www.pressenza.com\/it\/2025\/03\/alberto-trentini-libero-intervista-a-caterina-arciprete-consigliera-comunale-di-firenze\/\"]}]},{\"@type\":\"ImageObject\",\"inLanguage\":\"it-IT\",\"@id\":\"https:\/\/www.pressenza.com\/it\/2025\/03\/alberto-trentini-libero-intervista-a-caterina-arciprete-consigliera-comunale-di-firenze\/#primaryimage\",\"url\":\"https:\/\/www.pressenza.com\/wp-content\/uploads\/2025\/03\/Alberto-Trentini1-845x321-COSPE.jpg\",\"contentUrl\":\"https:\/\/www.pressenza.com\/wp-content\/uploads\/2025\/03\/Alberto-Trentini1-845x321-COSPE.jpg\",\"width\":845,\"height\":321},{\"@type\":\"BreadcrumbList\",\"@id\":\"https:\/\/www.pressenza.com\/it\/2025\/03\/alberto-trentini-libero-intervista-a-caterina-arciprete-consigliera-comunale-di-firenze\/#breadcrumb\",\"itemListElement\":[{\"@type\":\"ListItem\",\"position\":1,\"name\":\"Accueil\",\"item\":\"https:\/\/www.pressenza.com\/it\/\"},{\"@type\":\"ListItem\",\"position\":2,\"name\":\"Alberto Trentini Libero: intervista a Caterina Arciprete, consigliera comunale di Firenze\"}]},{\"@type\":\"WebSite\",\"@id\":\"https:\/\/www.pressenza.com\/it\/#website\",\"url\":\"https:\/\/www.pressenza.com\/it\/\",\"name\":\"Pressenza\",\"description\":\"Agenzia di Stampa Internazionale\",\"publisher\":{\"@id\":\"https:\/\/www.pressenza.com\/it\/#organization\"},\"potentialAction\":[{\"@type\":\"SearchAction\",\"target\":{\"@type\":\"EntryPoint\",\"urlTemplate\":\"https:\/\/www.pressenza.com\/it\/?s={search_term_string}\"},\"query-input\":{\"@type\":\"PropertyValueSpecification\",\"valueRequired\":true,\"valueName\":\"search_term_string\"}}],\"inLanguage\":\"it-IT\"},{\"@type\":\"Organization\",\"@id\":\"https:\/\/www.pressenza.com\/it\/#organization\",\"name\":\"Pressenza\",\"url\":\"https:\/\/www.pressenza.com\/it\/\",\"logo\":{\"@type\":\"ImageObject\",\"inLanguage\":\"it-IT\",\"@id\":\"https:\/\/www.pressenza.com\/it\/#\/schema\/logo\/image\/\",\"url\":\"https:\/\/www.pressenza.com\/wp-content\/uploads\/2022\/10\/pressenza_logo_200x200.jpg\",\"contentUrl\":\"https:\/\/www.pressenza.com\/wp-content\/uploads\/2022\/10\/pressenza_logo_200x200.jpg\",\"width\":200,\"height\":200,\"caption\":\"Pressenza\"},\"image\":{\"@id\":\"https:\/\/www.pressenza.com\/it\/#\/schema\/logo\/image\/\"},\"sameAs\":[\"https:\/\/www.facebook.com\/PressenzaItalia\",\"https:\/\/x.com\/PressenzaIPA\"]},{\"@type\":\"Person\",\"@id\":\"https:\/\/www.pressenza.com\/it\/#\/schema\/person\/22a8facb6e336e2104facb0b5ee3cf7a\",\"name\":\"Andrea Vitello\",\"description\":\"Andrea Vitello \u00e8 nato nel 1992 a Empoli in provincia di Firenze, dove vive. Si \u00e8 laureato in filosofia e in scienze storiche all\u2019Universit\u00e0 di Firenze. Ambientalista e pacifista da sempre. Segue e si interessa di politica da molto tempo con particolare attenzione ai diritti umani. E\u2019 stato capo ufficio stampa del Filosofestival, il festival della filosofia di Firenze. Ha contribuito a l\u2019Enciclopedia dei Giusti di Gariwo la foresta dei Giusti, fondazione con la quale collabora. A febbraio 2022 \u00e8 uscito il suo libro \u201cIl nazista che salv\u00f2 gli ebrei. Storie di coraggio e solidariet\u00e0 in Danimarca\u201d (Le lettere, Firenze). Il libro ha la prefazione di Moni Ovadia e la postfazione di Gabriele Nissim, Presidente di Gariwo. Scrive su Ecologica.online e Pressenza.\",\"url\":\"https:\/\/www.pressenza.com\/it\/author\/andrea-vitello\/\"}]}<\/script>\n<!-- \/ Yoast SEO plugin. -->","yoast_head_json":{"title":"Alberto Trentini Libero: intervista a Caterina Arciprete, consigliera comunale di Firenze","description":"Il 15 novembre 2024, il cooperante veneziano Alberto Trentini, 45 anni, \u00e8 stato fermato e arrestato dai funzionari del Servizio amministrativo per","robots":{"index":"index","follow":"follow","max-snippet":"max-snippet:-1","max-image-preview":"max-image-preview:large","max-video-preview":"max-video-preview:-1"},"canonical":"https:\/\/www.pressenza.com\/it\/2025\/03\/alberto-trentini-libero-intervista-a-caterina-arciprete-consigliera-comunale-di-firenze\/","og_locale":"it_IT","og_type":"article","og_title":"Alberto Trentini Libero: intervista a Caterina Arciprete, consigliera comunale di Firenze","og_description":"Il 15 novembre 2024, il cooperante veneziano Alberto Trentini, 45 anni, \u00e8 stato fermato e arrestato dai funzionari del Servizio amministrativo per","og_url":"https:\/\/www.pressenza.com\/it\/2025\/03\/alberto-trentini-libero-intervista-a-caterina-arciprete-consigliera-comunale-di-firenze\/","og_site_name":"Pressenza","article_publisher":"https:\/\/www.facebook.com\/PressenzaItalia","article_published_time":"2025-03-14T17:45:36+00:00","article_modified_time":"2025-03-14T19:46:15+00:00","og_image":[{"width":845,"height":321,"url":"https:\/\/www.pressenza.com\/wp-content\/uploads\/2025\/03\/Alberto-Trentini1-845x321-COSPE.jpg","type":"image\/jpeg"}],"author":"Andrea Vitello","twitter_card":"summary_large_image","twitter_creator":"@PressenzaIPA","twitter_site":"@PressenzaIPA","twitter_misc":{"Scritto da":"Andrea Vitello","Tempo di lettura stimato":"6 minuti"},"schema":{"@context":"https:\/\/schema.org","@graph":[{"@type":"Article","@id":"https:\/\/www.pressenza.com\/it\/2025\/03\/alberto-trentini-libero-intervista-a-caterina-arciprete-consigliera-comunale-di-firenze\/#article","isPartOf":{"@id":"https:\/\/www.pressenza.com\/it\/2025\/03\/alberto-trentini-libero-intervista-a-caterina-arciprete-consigliera-comunale-di-firenze\/"},"author":{"name":"Andrea Vitello","@id":"https:\/\/www.pressenza.com\/it\/#\/schema\/person\/22a8facb6e336e2104facb0b5ee3cf7a"},"headline":"Alberto Trentini Libero: intervista a Caterina Arciprete, consigliera comunale di Firenze","datePublished":"2025-03-14T17:45:36+00:00","dateModified":"2025-03-14T19:46:15+00:00","mainEntityOfPage":{"@id":"https:\/\/www.pressenza.com\/it\/2025\/03\/alberto-trentini-libero-intervista-a-caterina-arciprete-consigliera-comunale-di-firenze\/"},"wordCount":1097,"publisher":{"@id":"https:\/\/www.pressenza.com\/it\/#organization"},"image":{"@id":"https:\/\/www.pressenza.com\/it\/2025\/03\/alberto-trentini-libero-intervista-a-caterina-arciprete-consigliera-comunale-di-firenze\/#primaryimage"},"thumbnailUrl":"https:\/\/www.pressenza.com\/wp-content\/uploads\/2025\/03\/Alberto-Trentini1-845x321-COSPE.jpg","keywords":["Alberto Trentini","Caterina Arciprete","Consiglio Comunale di Firenze","diritti umani","Firenze"],"articleSection":["contenuti originali","Diritti Umani","Interviste"],"inLanguage":"it-IT"},{"@type":"WebPage","@id":"https:\/\/www.pressenza.com\/it\/2025\/03\/alberto-trentini-libero-intervista-a-caterina-arciprete-consigliera-comunale-di-firenze\/","url":"https:\/\/www.pressenza.com\/it\/2025\/03\/alberto-trentini-libero-intervista-a-caterina-arciprete-consigliera-comunale-di-firenze\/","name":"Alberto Trentini Libero: intervista a Caterina Arciprete, consigliera comunale di Firenze","isPartOf":{"@id":"https:\/\/www.pressenza.com\/it\/#website"},"primaryImageOfPage":{"@id":"https:\/\/www.pressenza.com\/it\/2025\/03\/alberto-trentini-libero-intervista-a-caterina-arciprete-consigliera-comunale-di-firenze\/#primaryimage"},"image":{"@id":"https:\/\/www.pressenza.com\/it\/2025\/03\/alberto-trentini-libero-intervista-a-caterina-arciprete-consigliera-comunale-di-firenze\/#primaryimage"},"thumbnailUrl":"https:\/\/www.pressenza.com\/wp-content\/uploads\/2025\/03\/Alberto-Trentini1-845x321-COSPE.jpg","datePublished":"2025-03-14T17:45:36+00:00","dateModified":"2025-03-14T19:46:15+00:00","description":"Il 15 novembre 2024, il cooperante veneziano Alberto Trentini, 45 anni, \u00e8 stato fermato e arrestato dai funzionari del Servizio amministrativo per","breadcrumb":{"@id":"https:\/\/www.pressenza.com\/it\/2025\/03\/alberto-trentini-libero-intervista-a-caterina-arciprete-consigliera-comunale-di-firenze\/#breadcrumb"},"inLanguage":"it-IT","potentialAction":[{"@type":"ReadAction","target":["https:\/\/www.pressenza.com\/it\/2025\/03\/alberto-trentini-libero-intervista-a-caterina-arciprete-consigliera-comunale-di-firenze\/"]}]},{"@type":"ImageObject","inLanguage":"it-IT","@id":"https:\/\/www.pressenza.com\/it\/2025\/03\/alberto-trentini-libero-intervista-a-caterina-arciprete-consigliera-comunale-di-firenze\/#primaryimage","url":"https:\/\/www.pressenza.com\/wp-content\/uploads\/2025\/03\/Alberto-Trentini1-845x321-COSPE.jpg","contentUrl":"https:\/\/www.pressenza.com\/wp-content\/uploads\/2025\/03\/Alberto-Trentini1-845x321-COSPE.jpg","width":845,"height":321},{"@type":"BreadcrumbList","@id":"https:\/\/www.pressenza.com\/it\/2025\/03\/alberto-trentini-libero-intervista-a-caterina-arciprete-consigliera-comunale-di-firenze\/#breadcrumb","itemListElement":[{"@type":"ListItem","position":1,"name":"Accueil","item":"https:\/\/www.pressenza.com\/it\/"},{"@type":"ListItem","position":2,"name":"Alberto Trentini Libero: intervista a Caterina Arciprete, consigliera comunale di Firenze"}]},{"@type":"WebSite","@id":"https:\/\/www.pressenza.com\/it\/#website","url":"https:\/\/www.pressenza.com\/it\/","name":"Pressenza","description":"Agenzia di Stampa Internazionale","publisher":{"@id":"https:\/\/www.pressenza.com\/it\/#organization"},"potentialAction":[{"@type":"SearchAction","target":{"@type":"EntryPoint","urlTemplate":"https:\/\/www.pressenza.com\/it\/?s={search_term_string}"},"query-input":{"@type":"PropertyValueSpecification","valueRequired":true,"valueName":"search_term_string"}}],"inLanguage":"it-IT"},{"@type":"Organization","@id":"https:\/\/www.pressenza.com\/it\/#organization","name":"Pressenza","url":"https:\/\/www.pressenza.com\/it\/","logo":{"@type":"ImageObject","inLanguage":"it-IT","@id":"https:\/\/www.pressenza.com\/it\/#\/schema\/logo\/image\/","url":"https:\/\/www.pressenza.com\/wp-content\/uploads\/2022\/10\/pressenza_logo_200x200.jpg","contentUrl":"https:\/\/www.pressenza.com\/wp-content\/uploads\/2022\/10\/pressenza_logo_200x200.jpg","width":200,"height":200,"caption":"Pressenza"},"image":{"@id":"https:\/\/www.pressenza.com\/it\/#\/schema\/logo\/image\/"},"sameAs":["https:\/\/www.facebook.com\/PressenzaItalia","https:\/\/x.com\/PressenzaIPA"]},{"@type":"Person","@id":"https:\/\/www.pressenza.com\/it\/#\/schema\/person\/22a8facb6e336e2104facb0b5ee3cf7a","name":"Andrea Vitello","description":"Andrea Vitello \u00e8 nato nel 1992 a Empoli in provincia di Firenze, dove vive. Si \u00e8 laureato in filosofia e in scienze storiche all\u2019Universit\u00e0 di Firenze. Ambientalista e pacifista da sempre. Segue e si interessa di politica da molto tempo con particolare attenzione ai diritti umani. E\u2019 stato capo ufficio stampa del Filosofestival, il festival della filosofia di Firenze. Ha contribuito a l\u2019Enciclopedia dei Giusti di Gariwo la foresta dei Giusti, fondazione con la quale collabora. A febbraio 2022 \u00e8 uscito il suo libro \u201cIl nazista che salv\u00f2 gli ebrei. Storie di coraggio e solidariet\u00e0 in Danimarca\u201d (Le lettere, Firenze). Il libro ha la prefazione di Moni Ovadia e la postfazione di Gabriele Nissim, Presidente di Gariwo. Scrive su Ecologica.online e Pressenza.","url":"https:\/\/www.pressenza.com\/it\/author\/andrea-vitello\/"}]}},"place":"Firenze","original_article_url":"","_links":{"self":[{"href":"https:\/\/www.pressenza.com\/it\/wp-json\/wp\/v2\/posts\/2589963","targetHints":{"allow":["GET"]}}],"collection":[{"href":"https:\/\/www.pressenza.com\/it\/wp-json\/wp\/v2\/posts"}],"about":[{"href":"https:\/\/www.pressenza.com\/it\/wp-json\/wp\/v2\/types\/post"}],"author":[{"embeddable":true,"href":"https:\/\/www.pressenza.com\/it\/wp-json\/wp\/v2\/users\/2140"}],"replies":[{"embeddable":true,"href":"https:\/\/www.pressenza.com\/it\/wp-json\/wp\/v2\/comments?post=2589963"}],"version-history":[{"count":0,"href":"https:\/\/www.pressenza.com\/it\/wp-json\/wp\/v2\/posts\/2589963\/revisions"}],"wp:featuredmedia":[{"embeddable":true,"href":"https:\/\/www.pressenza.com\/it\/wp-json\/wp\/v2\/media\/2589965"}],"wp:attachment":[{"href":"https:\/\/www.pressenza.com\/it\/wp-json\/wp\/v2\/media?parent=2589963"}],"wp:term":[{"taxonomy":"category","embeddable":true,"href":"https:\/\/www.pressenza.com\/it\/wp-json\/wp\/v2\/categories?post=2589963"},{"taxonomy":"post_tag","embeddable":true,"href":"https:\/\/www.pressenza.com\/it\/wp-json\/wp\/v2\/tags?post=2589963"}],"curies":[{"name":"wp","href":"https:\/\/api.w.org\/{rel}","templated":true}]}}