{"id":2588934,"date":"2025-03-10T15:46:12","date_gmt":"2025-03-10T15:46:12","guid":{"rendered":"https:\/\/www.pressenza.com\/?p=2588934"},"modified":"2025-03-10T15:52:08","modified_gmt":"2025-03-10T15:52:08","slug":"usa-caccia-agli-studenti-pro-palestina-alla-columbia-university-di-new-york","status":"publish","type":"post","link":"https:\/\/www.pressenza.com\/it\/2025\/03\/usa-caccia-agli-studenti-pro-palestina-alla-columbia-university-di-new-york\/","title":{"rendered":"USA, caccia agli studenti pro Palestina alla Columbia University di New York"},"content":{"rendered":"<p><em>La Columbia University di New York ancora nel mirino. Dopo la sospensione di 400 milioni di fondi federali, arrestato senza accuse Mahmoud Khalil, studente pro palestinese tra i pi\u00f9 noti dell\u2019ateneo, che ora rischia l\u2019espulsione forzata dal Paese nonostante la sua green card e la moglie incinta.<\/em><\/p>\n<p>La notizia si \u00e8 sparsa domenica, ma\u00a0<strong style=\"font-weight: inherit; font-style: inherit;\"><span style=\"font-weight: inherit; font-style: inherit;\">Mahmoud Khalil<\/span><\/strong>, studente palestinese laureato alla Columbia University, \u00e8 stato arrestato sabato mattina dalle autorit\u00e0 federali per l\u2019immigrazione<\/p>\n<p>Khalil, che \u00e8 sposato con una donna americana attualmente incinta di otto mesi, lo scorso aprile ha avuto un ruolo di primo piano nelle proteste pro Palestina cominciate alla Columbia. Sabato gli agenti dell\u2019Immigration and Customs Enforcement, Ice, lo hanno prelevato dalla sua residenza universitaria e lo hanno preso in custodia, come ha dichiarato all\u2019<em style=\"font-weight: inherit;\">Associated Press<\/em>\u00a0la sua avvocatessa, Amy Greer.<\/p>\n<p>Dopo l\u2019arresto, lo studente ha potuto chiamare la legale, che a sua volta ha potuto parlare con uno degli agenti, il quale ha affermato di agire in base agli ordini del Dipartimento di Stato e che il visto studentesco di Khalil era stato revocato.<\/p>\n<p>Informato dall\u2019avvocatessa che Khalil si trova negli Stati Uniti non con un visto ma come residente permanente grazie a una green card, l\u2019agente ha risposto che stavano revocando anche quelle.<\/p>\n<p>L\u2019arresto di Khalil \u00e8 avvenuto il giorno dopo l\u2019annuncio dell\u2019amministrazione Trump di avere tagliato circa 400 milioni di dollari in contratti e sovvenzioni governative alla Columbia University \u201cper non aver protetto i suoi studenti ebrei\u201d.<\/p>\n<p>Quando gli agenti dell\u2019Ice sono arrivati all\u2019edificio del campus hanno inizialmente minacciato di arrestare anche la moglie di Khalil, ha detto Greer e le autorit\u00e0 inizialmente hanno rifiutato di dire perch\u00e9 l\u2019uomo venisse arrestato.<\/p>\n<p>\u00c8 stato necessario aspettare il giorno successivo per avere una risposta, quando\u00a0la portavoce del Dipartimento della Sicurezza Interna, Tricia McLaughlin, ha confermato l\u2019arresto descrivendolo come \u201ca sostegno degli ordini esecutivi del presidente Trump che proibiscono l\u2019antisemitismo\u201d, per cui chi ha partecipato alle proteste, per l\u2019amministrazione Trump, ha perso il diritto di rimanere nel Paese, in quanto sostenitore di Hamas.<\/p>\n<p>Da quando \u00e8 stato arrestato dello studente non si \u00e8 saputo pi\u00f9 nulla. L\u2019avvocato di Khalil ha riferito che inizialmente le era stato detto che era trattenuto in un centro di detenzione per immigrati ad Elizabeth, nel New Jersey, ma quando sua moglie ha cercato di fargli visita, domenica, ha scoperto che non era l\u00ec. Domenica sera Greer ha dichiarato di non sapere ancora dove si trovi il suo assistito. \u201cSi tratta di una chiara escalation\u201d ha detto Greer all\u2019<em style=\"font-weight: inherit;\">Ap<\/em>. \u201cL\u2019amministrazione ha iniziato a dare seguito alle minacce\u201d.<\/p>\n<p>Dall\u2019ateneo non sembra arrivare alcun aiuto: un portavoce della Columbia University ha dichiarato che gli agenti delle forze dell\u2019ordine prima di entrare nella propriet\u00e0 dell\u2019universit\u00e0 devono esibire un mandato, ma si \u00e8 rifiutato di dire se la Columbia ne avesse ricevuto uno prima dell\u2019arresto di Khalil, e si \u00e8 poi rifiutato di commentare sia l\u2019arresto che la scomparsa del loro studente.<\/p>\n<p>In un messaggio postato domenica sera su X, il Segretario di Stato Marco Rubio ha affermato che ora l\u2019amministrazione \u201crevocher\u00e0 i visti e\/o le green card dei sostenitori di Hamas in America in modo che possano essere espulsi\u201d.<\/p>\n<p>La legge Usa ha sempre previsto che il Department of Homeland Security, per un\u2019ampia gamma di presunte attivit\u00e0 criminali, incluso il sostegno a un gruppo terroristico, potesse avviare procedimenti di espulsione anche per\u00a0 i titolari di green card, ma la detenzione di un residente permanente legale, che non \u00e8 stato accusato di alcun crimine, segna una mossa straordinaria che ha un fondamento giuridico traballante.<\/p>\n<p>Khalil, che lo scorso semestre ha conseguito il master presso la facolt\u00e0 di affari internazionali della Columbia, durante le proteste aveva svolto il ruolo di negoziatore fra gli studenti e i funzionari universitari, riguardo lo smantellamento\u00a0 dell\u2019accampamento di tende. Questo ruolo lo aveva reso uno degli attivisti pi\u00f9 visibili nel movimento universitario pro Palestina.<\/p>\n<p>L\u2019universit\u00e0 lo aveva poi accusato a causa del suo coinvolgimento nel gruppo Columbia University Apartheid Divest, e Khalil aveva dovuto affrontare delle sanzioni \u201cper aver aiutato a organizzare un corteo non autorizzato\u201d in cui i partecipanti avevano glorificato l\u2019attacco di Hamas del 7 ottobre 2023, e per aver svolto un \u201cruolo sostanziale\u201d nella circolazione di post sui social media in cui si criticava il sionismo.<\/p>\n<p>\u201cHo circa 13 accuse contro di me, la maggior parte delle quali sono post sui social media con cui non ho avuto nulla a che fare\u201d aveva detto Khalil all\u2019<em style=\"font-weight: inherit;\">Ap<\/em> la scorsa settimana. \u201cVogliono solo dimostrare al Congresso e ai politici di destra che come universit\u00e0 stanno facendo qualcosa, indipendentemente dalla posta in gioco per gli studenti\u201d.<\/p>\n<p>Marina Catucci\u00a0da il Manifesto<\/p>\n","protected":false},"excerpt":{"rendered":"<p>La Columbia University di New York ancora nel mirino. Dopo la sospensione di 400 milioni di fondi federali, arrestato senza accuse Mahmoud Khalil, studente pro palestinese tra i pi\u00f9 noti dell\u2019ateneo, che ora rischia l\u2019espulsione forzata dal Paese nonostante la&hellip;<\/p>\n","protected":false},"author":2263,"featured_media":1841114,"comment_status":"closed","ping_status":"closed","sticky":false,"template":"","format":"standard","meta":{"footnotes":""},"categories":[60,46975,52,49],"tags":[8380,114967,133798,3502,123423,1453],"class_list":["post-2588934","post","type-post","status-publish","format-standard","has-post-thumbnail","hentry","category-diritti-umani","category-giovani","category-medio-oriente","category-nord-america","tag-arresto","tag-columbia-university","tag-mahmoud-khalil","tag-proteste","tag-studenti-pro-palestina","tag-usa-it"],"yoast_head":"<!-- This site is optimized with the Yoast SEO plugin v27.1.1 - https:\/\/yoast.com\/product\/yoast-seo-wordpress\/ -->\n<title>USA, caccia agli studenti pro Palestina alla Columbia University di New York<\/title>\n<meta name=\"description\" content=\"La Columbia University di New York ancora nel mirino. Dopo la sospensione di 400 milioni di fondi federali, arrestato senza accuse Mahmoud Khalil,\" \/>\n<meta name=\"robots\" content=\"index, follow, max-snippet:-1, max-image-preview:large, max-video-preview:-1\" \/>\n<link rel=\"canonical\" href=\"https:\/\/www.pressenza.com\/it\/2025\/03\/usa-caccia-agli-studenti-pro-palestina-alla-columbia-university-di-new-york\/\" \/>\n<meta property=\"og:locale\" content=\"it_IT\" \/>\n<meta property=\"og:type\" content=\"article\" \/>\n<meta property=\"og:title\" content=\"USA, caccia agli studenti pro Palestina alla Columbia University di New York\" \/>\n<meta property=\"og:description\" content=\"La Columbia University di New York ancora nel mirino. Dopo la sospensione di 400 milioni di fondi federali, arrestato senza accuse Mahmoud Khalil,\" \/>\n<meta property=\"og:url\" content=\"https:\/\/www.pressenza.com\/it\/2025\/03\/usa-caccia-agli-studenti-pro-palestina-alla-columbia-university-di-new-york\/\" \/>\n<meta property=\"og:site_name\" content=\"Pressenza\" \/>\n<meta property=\"article:publisher\" content=\"https:\/\/www.facebook.com\/PressenzaItalia\" \/>\n<meta property=\"article:published_time\" content=\"2025-03-10T15:46:12+00:00\" \/>\n<meta property=\"article:modified_time\" content=\"2025-03-10T15:52:08+00:00\" \/>\n<meta property=\"og:image\" content=\"https:\/\/www.pressenza.com\/wp-content\/uploads\/2024\/04\/protesta-Columbia-University.jpeg\" \/>\n\t<meta property=\"og:image:width\" content=\"1920\" \/>\n\t<meta property=\"og:image:height\" content=\"1440\" \/>\n\t<meta property=\"og:image:type\" content=\"image\/jpeg\" \/>\n<meta name=\"author\" content=\"Osservatorio Repressione\" \/>\n<meta name=\"twitter:card\" content=\"summary_large_image\" \/>\n<meta name=\"twitter:creator\" content=\"@PressenzaIPA\" \/>\n<meta name=\"twitter:site\" content=\"@PressenzaIPA\" \/>\n<meta name=\"twitter:label1\" content=\"Scritto da\" \/>\n\t<meta name=\"twitter:data1\" content=\"Osservatorio Repressione\" \/>\n\t<meta name=\"twitter:label2\" content=\"Tempo di lettura stimato\" \/>\n\t<meta name=\"twitter:data2\" content=\"5 minuti\" \/>\n<script type=\"application\/ld+json\" class=\"yoast-schema-graph\">{\"@context\":\"https:\/\/schema.org\",\"@graph\":[{\"@type\":\"Article\",\"@id\":\"https:\/\/www.pressenza.com\/it\/2025\/03\/usa-caccia-agli-studenti-pro-palestina-alla-columbia-university-di-new-york\/#article\",\"isPartOf\":{\"@id\":\"https:\/\/www.pressenza.com\/it\/2025\/03\/usa-caccia-agli-studenti-pro-palestina-alla-columbia-university-di-new-york\/\"},\"author\":{\"name\":\"Osservatorio Repressione\",\"@id\":\"https:\/\/www.pressenza.com\/it\/#\/schema\/person\/d6fccf7ad21a11b398f662d2bdb41f02\"},\"headline\":\"USA, caccia agli studenti pro Palestina alla Columbia University di New York\",\"datePublished\":\"2025-03-10T15:46:12+00:00\",\"dateModified\":\"2025-03-10T15:52:08+00:00\",\"mainEntityOfPage\":{\"@id\":\"https:\/\/www.pressenza.com\/it\/2025\/03\/usa-caccia-agli-studenti-pro-palestina-alla-columbia-university-di-new-york\/\"},\"wordCount\":797,\"publisher\":{\"@id\":\"https:\/\/www.pressenza.com\/it\/#organization\"},\"image\":{\"@id\":\"https:\/\/www.pressenza.com\/it\/2025\/03\/usa-caccia-agli-studenti-pro-palestina-alla-columbia-university-di-new-york\/#primaryimage\"},\"thumbnailUrl\":\"https:\/\/www.pressenza.com\/wp-content\/uploads\/2024\/04\/protesta-Columbia-University.jpeg\",\"keywords\":[\"arresto\",\"Columbia University\",\"Mahmoud Khalil\",\"proteste\",\"Studenti pro Palestina\",\"USA\"],\"articleSection\":[\"Diritti Umani\",\"Giovani\",\"Medio Oriente\",\"Nord America\"],\"inLanguage\":\"it-IT\"},{\"@type\":\"WebPage\",\"@id\":\"https:\/\/www.pressenza.com\/it\/2025\/03\/usa-caccia-agli-studenti-pro-palestina-alla-columbia-university-di-new-york\/\",\"url\":\"https:\/\/www.pressenza.com\/it\/2025\/03\/usa-caccia-agli-studenti-pro-palestina-alla-columbia-university-di-new-york\/\",\"name\":\"USA, caccia agli studenti pro Palestina alla Columbia University di New York\",\"isPartOf\":{\"@id\":\"https:\/\/www.pressenza.com\/it\/#website\"},\"primaryImageOfPage\":{\"@id\":\"https:\/\/www.pressenza.com\/it\/2025\/03\/usa-caccia-agli-studenti-pro-palestina-alla-columbia-university-di-new-york\/#primaryimage\"},\"image\":{\"@id\":\"https:\/\/www.pressenza.com\/it\/2025\/03\/usa-caccia-agli-studenti-pro-palestina-alla-columbia-university-di-new-york\/#primaryimage\"},\"thumbnailUrl\":\"https:\/\/www.pressenza.com\/wp-content\/uploads\/2024\/04\/protesta-Columbia-University.jpeg\",\"datePublished\":\"2025-03-10T15:46:12+00:00\",\"dateModified\":\"2025-03-10T15:52:08+00:00\",\"description\":\"La Columbia University di New York ancora nel mirino. Dopo la sospensione di 400 milioni di fondi federali, arrestato senza accuse Mahmoud Khalil,\",\"breadcrumb\":{\"@id\":\"https:\/\/www.pressenza.com\/it\/2025\/03\/usa-caccia-agli-studenti-pro-palestina-alla-columbia-university-di-new-york\/#breadcrumb\"},\"inLanguage\":\"it-IT\",\"potentialAction\":[{\"@type\":\"ReadAction\",\"target\":[\"https:\/\/www.pressenza.com\/it\/2025\/03\/usa-caccia-agli-studenti-pro-palestina-alla-columbia-university-di-new-york\/\"]}]},{\"@type\":\"ImageObject\",\"inLanguage\":\"it-IT\",\"@id\":\"https:\/\/www.pressenza.com\/it\/2025\/03\/usa-caccia-agli-studenti-pro-palestina-alla-columbia-university-di-new-york\/#primaryimage\",\"url\":\"https:\/\/www.pressenza.com\/wp-content\/uploads\/2024\/04\/protesta-Columbia-University.jpeg\",\"contentUrl\":\"https:\/\/www.pressenza.com\/wp-content\/uploads\/2024\/04\/protesta-Columbia-University.jpeg\",\"width\":1920,\"height\":1440},{\"@type\":\"BreadcrumbList\",\"@id\":\"https:\/\/www.pressenza.com\/it\/2025\/03\/usa-caccia-agli-studenti-pro-palestina-alla-columbia-university-di-new-york\/#breadcrumb\",\"itemListElement\":[{\"@type\":\"ListItem\",\"position\":1,\"name\":\"Accueil\",\"item\":\"https:\/\/www.pressenza.com\/it\/\"},{\"@type\":\"ListItem\",\"position\":2,\"name\":\"USA, caccia agli studenti pro Palestina alla Columbia University di New York\"}]},{\"@type\":\"WebSite\",\"@id\":\"https:\/\/www.pressenza.com\/it\/#website\",\"url\":\"https:\/\/www.pressenza.com\/it\/\",\"name\":\"Pressenza\",\"description\":\"Agenzia di Stampa Internazionale\",\"publisher\":{\"@id\":\"https:\/\/www.pressenza.com\/it\/#organization\"},\"potentialAction\":[{\"@type\":\"SearchAction\",\"target\":{\"@type\":\"EntryPoint\",\"urlTemplate\":\"https:\/\/www.pressenza.com\/it\/?s={search_term_string}\"},\"query-input\":{\"@type\":\"PropertyValueSpecification\",\"valueRequired\":true,\"valueName\":\"search_term_string\"}}],\"inLanguage\":\"it-IT\"},{\"@type\":\"Organization\",\"@id\":\"https:\/\/www.pressenza.com\/it\/#organization\",\"name\":\"Pressenza\",\"url\":\"https:\/\/www.pressenza.com\/it\/\",\"logo\":{\"@type\":\"ImageObject\",\"inLanguage\":\"it-IT\",\"@id\":\"https:\/\/www.pressenza.com\/it\/#\/schema\/logo\/image\/\",\"url\":\"https:\/\/www.pressenza.com\/wp-content\/uploads\/2022\/10\/pressenza_logo_200x200.jpg\",\"contentUrl\":\"https:\/\/www.pressenza.com\/wp-content\/uploads\/2022\/10\/pressenza_logo_200x200.jpg\",\"width\":200,\"height\":200,\"caption\":\"Pressenza\"},\"image\":{\"@id\":\"https:\/\/www.pressenza.com\/it\/#\/schema\/logo\/image\/\"},\"sameAs\":[\"https:\/\/www.facebook.com\/PressenzaItalia\",\"https:\/\/x.com\/PressenzaIPA\"]},{\"@type\":\"Person\",\"@id\":\"https:\/\/www.pressenza.com\/it\/#\/schema\/person\/d6fccf7ad21a11b398f662d2bdb41f02\",\"name\":\"Osservatorio Repressione\",\"description\":\"L\u2019Osservatorio Repressione \u00e8 un\u2019associazione di promozione sociale nata nel 2007. Si prefigge di promuovere e coordinare studi, ricerche, dibattiti e seminari, sui temi della repressione, della legislazione speciale, della situazione carceraria, nonch\u00e8 la raccolta di documenti inerenti la propria attivit\u00e0. L\u2019Osservatorio cura la pubblicazione di materiali ed esiti delle proprie ricerche, promuove progetti indipendenti o coordinati con altre associazioni e movimenti che operano nello stesso ambito.\",\"sameAs\":[\"https:\/\/www.osservatoriorepressione.info\/\"],\"url\":\"https:\/\/www.pressenza.com\/it\/author\/osservatorio-repressione\/\"}]}<\/script>\n<!-- \/ Yoast SEO plugin. -->","yoast_head_json":{"title":"USA, caccia agli studenti pro Palestina alla Columbia University di New York","description":"La Columbia University di New York ancora nel mirino. Dopo la sospensione di 400 milioni di fondi federali, arrestato senza accuse Mahmoud Khalil,","robots":{"index":"index","follow":"follow","max-snippet":"max-snippet:-1","max-image-preview":"max-image-preview:large","max-video-preview":"max-video-preview:-1"},"canonical":"https:\/\/www.pressenza.com\/it\/2025\/03\/usa-caccia-agli-studenti-pro-palestina-alla-columbia-university-di-new-york\/","og_locale":"it_IT","og_type":"article","og_title":"USA, caccia agli studenti pro Palestina alla Columbia University di New York","og_description":"La Columbia University di New York ancora nel mirino. Dopo la sospensione di 400 milioni di fondi federali, arrestato senza accuse Mahmoud Khalil,","og_url":"https:\/\/www.pressenza.com\/it\/2025\/03\/usa-caccia-agli-studenti-pro-palestina-alla-columbia-university-di-new-york\/","og_site_name":"Pressenza","article_publisher":"https:\/\/www.facebook.com\/PressenzaItalia","article_published_time":"2025-03-10T15:46:12+00:00","article_modified_time":"2025-03-10T15:52:08+00:00","og_image":[{"width":1920,"height":1440,"url":"https:\/\/www.pressenza.com\/wp-content\/uploads\/2024\/04\/protesta-Columbia-University.jpeg","type":"image\/jpeg"}],"author":"Osservatorio Repressione","twitter_card":"summary_large_image","twitter_creator":"@PressenzaIPA","twitter_site":"@PressenzaIPA","twitter_misc":{"Scritto da":"Osservatorio Repressione","Tempo di lettura stimato":"5 minuti"},"schema":{"@context":"https:\/\/schema.org","@graph":[{"@type":"Article","@id":"https:\/\/www.pressenza.com\/it\/2025\/03\/usa-caccia-agli-studenti-pro-palestina-alla-columbia-university-di-new-york\/#article","isPartOf":{"@id":"https:\/\/www.pressenza.com\/it\/2025\/03\/usa-caccia-agli-studenti-pro-palestina-alla-columbia-university-di-new-york\/"},"author":{"name":"Osservatorio Repressione","@id":"https:\/\/www.pressenza.com\/it\/#\/schema\/person\/d6fccf7ad21a11b398f662d2bdb41f02"},"headline":"USA, caccia agli studenti pro Palestina alla Columbia University di New York","datePublished":"2025-03-10T15:46:12+00:00","dateModified":"2025-03-10T15:52:08+00:00","mainEntityOfPage":{"@id":"https:\/\/www.pressenza.com\/it\/2025\/03\/usa-caccia-agli-studenti-pro-palestina-alla-columbia-university-di-new-york\/"},"wordCount":797,"publisher":{"@id":"https:\/\/www.pressenza.com\/it\/#organization"},"image":{"@id":"https:\/\/www.pressenza.com\/it\/2025\/03\/usa-caccia-agli-studenti-pro-palestina-alla-columbia-university-di-new-york\/#primaryimage"},"thumbnailUrl":"https:\/\/www.pressenza.com\/wp-content\/uploads\/2024\/04\/protesta-Columbia-University.jpeg","keywords":["arresto","Columbia University","Mahmoud Khalil","proteste","Studenti pro Palestina","USA"],"articleSection":["Diritti Umani","Giovani","Medio Oriente","Nord America"],"inLanguage":"it-IT"},{"@type":"WebPage","@id":"https:\/\/www.pressenza.com\/it\/2025\/03\/usa-caccia-agli-studenti-pro-palestina-alla-columbia-university-di-new-york\/","url":"https:\/\/www.pressenza.com\/it\/2025\/03\/usa-caccia-agli-studenti-pro-palestina-alla-columbia-university-di-new-york\/","name":"USA, caccia agli studenti pro Palestina alla Columbia University di New York","isPartOf":{"@id":"https:\/\/www.pressenza.com\/it\/#website"},"primaryImageOfPage":{"@id":"https:\/\/www.pressenza.com\/it\/2025\/03\/usa-caccia-agli-studenti-pro-palestina-alla-columbia-university-di-new-york\/#primaryimage"},"image":{"@id":"https:\/\/www.pressenza.com\/it\/2025\/03\/usa-caccia-agli-studenti-pro-palestina-alla-columbia-university-di-new-york\/#primaryimage"},"thumbnailUrl":"https:\/\/www.pressenza.com\/wp-content\/uploads\/2024\/04\/protesta-Columbia-University.jpeg","datePublished":"2025-03-10T15:46:12+00:00","dateModified":"2025-03-10T15:52:08+00:00","description":"La Columbia University di New York ancora nel mirino. Dopo la sospensione di 400 milioni di fondi federali, arrestato senza accuse Mahmoud Khalil,","breadcrumb":{"@id":"https:\/\/www.pressenza.com\/it\/2025\/03\/usa-caccia-agli-studenti-pro-palestina-alla-columbia-university-di-new-york\/#breadcrumb"},"inLanguage":"it-IT","potentialAction":[{"@type":"ReadAction","target":["https:\/\/www.pressenza.com\/it\/2025\/03\/usa-caccia-agli-studenti-pro-palestina-alla-columbia-university-di-new-york\/"]}]},{"@type":"ImageObject","inLanguage":"it-IT","@id":"https:\/\/www.pressenza.com\/it\/2025\/03\/usa-caccia-agli-studenti-pro-palestina-alla-columbia-university-di-new-york\/#primaryimage","url":"https:\/\/www.pressenza.com\/wp-content\/uploads\/2024\/04\/protesta-Columbia-University.jpeg","contentUrl":"https:\/\/www.pressenza.com\/wp-content\/uploads\/2024\/04\/protesta-Columbia-University.jpeg","width":1920,"height":1440},{"@type":"BreadcrumbList","@id":"https:\/\/www.pressenza.com\/it\/2025\/03\/usa-caccia-agli-studenti-pro-palestina-alla-columbia-university-di-new-york\/#breadcrumb","itemListElement":[{"@type":"ListItem","position":1,"name":"Accueil","item":"https:\/\/www.pressenza.com\/it\/"},{"@type":"ListItem","position":2,"name":"USA, caccia agli studenti pro Palestina alla Columbia University di New York"}]},{"@type":"WebSite","@id":"https:\/\/www.pressenza.com\/it\/#website","url":"https:\/\/www.pressenza.com\/it\/","name":"Pressenza","description":"Agenzia di Stampa Internazionale","publisher":{"@id":"https:\/\/www.pressenza.com\/it\/#organization"},"potentialAction":[{"@type":"SearchAction","target":{"@type":"EntryPoint","urlTemplate":"https:\/\/www.pressenza.com\/it\/?s={search_term_string}"},"query-input":{"@type":"PropertyValueSpecification","valueRequired":true,"valueName":"search_term_string"}}],"inLanguage":"it-IT"},{"@type":"Organization","@id":"https:\/\/www.pressenza.com\/it\/#organization","name":"Pressenza","url":"https:\/\/www.pressenza.com\/it\/","logo":{"@type":"ImageObject","inLanguage":"it-IT","@id":"https:\/\/www.pressenza.com\/it\/#\/schema\/logo\/image\/","url":"https:\/\/www.pressenza.com\/wp-content\/uploads\/2022\/10\/pressenza_logo_200x200.jpg","contentUrl":"https:\/\/www.pressenza.com\/wp-content\/uploads\/2022\/10\/pressenza_logo_200x200.jpg","width":200,"height":200,"caption":"Pressenza"},"image":{"@id":"https:\/\/www.pressenza.com\/it\/#\/schema\/logo\/image\/"},"sameAs":["https:\/\/www.facebook.com\/PressenzaItalia","https:\/\/x.com\/PressenzaIPA"]},{"@type":"Person","@id":"https:\/\/www.pressenza.com\/it\/#\/schema\/person\/d6fccf7ad21a11b398f662d2bdb41f02","name":"Osservatorio Repressione","description":"L\u2019Osservatorio Repressione \u00e8 un\u2019associazione di promozione sociale nata nel 2007. Si prefigge di promuovere e coordinare studi, ricerche, dibattiti e seminari, sui temi della repressione, della legislazione speciale, della situazione carceraria, nonch\u00e8 la raccolta di documenti inerenti la propria attivit\u00e0. L\u2019Osservatorio cura la pubblicazione di materiali ed esiti delle proprie ricerche, promuove progetti indipendenti o coordinati con altre associazioni e movimenti che operano nello stesso ambito.","sameAs":["https:\/\/www.osservatoriorepressione.info\/"],"url":"https:\/\/www.pressenza.com\/it\/author\/osservatorio-repressione\/"}]}},"place":"","original_article_url":"https:\/\/www.osservatoriorepressione.info\/usa-caccia-agli-studenti-propal-alla-columbia-university-di-new-york\/","_links":{"self":[{"href":"https:\/\/www.pressenza.com\/it\/wp-json\/wp\/v2\/posts\/2588934","targetHints":{"allow":["GET"]}}],"collection":[{"href":"https:\/\/www.pressenza.com\/it\/wp-json\/wp\/v2\/posts"}],"about":[{"href":"https:\/\/www.pressenza.com\/it\/wp-json\/wp\/v2\/types\/post"}],"author":[{"embeddable":true,"href":"https:\/\/www.pressenza.com\/it\/wp-json\/wp\/v2\/users\/2263"}],"replies":[{"embeddable":true,"href":"https:\/\/www.pressenza.com\/it\/wp-json\/wp\/v2\/comments?post=2588934"}],"version-history":[{"count":0,"href":"https:\/\/www.pressenza.com\/it\/wp-json\/wp\/v2\/posts\/2588934\/revisions"}],"wp:featuredmedia":[{"embeddable":true,"href":"https:\/\/www.pressenza.com\/it\/wp-json\/wp\/v2\/media\/1841114"}],"wp:attachment":[{"href":"https:\/\/www.pressenza.com\/it\/wp-json\/wp\/v2\/media?parent=2588934"}],"wp:term":[{"taxonomy":"category","embeddable":true,"href":"https:\/\/www.pressenza.com\/it\/wp-json\/wp\/v2\/categories?post=2588934"},{"taxonomy":"post_tag","embeddable":true,"href":"https:\/\/www.pressenza.com\/it\/wp-json\/wp\/v2\/tags?post=2588934"}],"curies":[{"name":"wp","href":"https:\/\/api.w.org\/{rel}","templated":true}]}}