{"id":2588926,"date":"2025-03-10T14:51:17","date_gmt":"2025-03-10T14:51:17","guid":{"rendered":"https:\/\/www.pressenza.com\/?p=2588926"},"modified":"2025-03-10T14:51:17","modified_gmt":"2025-03-10T14:51:17","slug":"libano-belli-come-il-sole","status":"publish","type":"post","link":"https:\/\/www.pressenza.com\/it\/2025\/03\/libano-belli-come-il-sole\/","title":{"rendered":"Libano. Belli come il sole"},"content":{"rendered":"<p>COOPERAZIONE. &#8216;SHAMS&#8217;, I BAMBINI DEL LIBANO ILLUMINATI DAL SOLE<br \/>\nIN MOSTRA A BEIRUT FOTO MARCO PALOMBI, IMPEGNO IN TEMPI DI GUERRA<\/p>\n<p>(DIRE) Roma, 10 mar. &#8211; <\/p>\n<p>&#8220;Shams&#8221;, belli come il sole. &#8220;Come la luce che illumina quei volti, di bambini felici di poter continuare ad andare a scuola nonostante la guerra, le incertezze, le difficolt\u00e0&#8221; spiega Marco Palombi, fotoreporter, romano, cittadino del mondo.<\/p>\n<p>   &#8220;Shams&#8221; \u00e8 il titolo di una mostra in corso a Beirut in questi giorni, fino al 20 marzo, al Nicolas Ibrahim Sursock Museum. &#8220;Ho scattato le foto visitando le scuole semi-distrutte del sud del Libano&#8221;, sottolinea Palombi, in un&#8217;intervista con l&#8217;agenzia Dire: &#8220;In quelle aule ho sentito tutta la forza, la resilienza e l&#8217;impegno di insegnanti che ce la mettono tutta, innamorati del loro lavoro&#8221;.<\/p>\n<p>La mostra \u00e8 stata organizzata e promossa dalla sede di Beirut dell&#8217;Agenzia italiana per la cooperazione allo sviluppo (Aics), che ha curato anche la pubblicazione del catalogo.<br \/>\nPagina dopo pagina, ci sono le immagini e le speranze di pace che attraversano il Libano nonostante le nuove guerre mediorientali e le incognite di un cessate il fuoco con Israele, sottoscritto il 27 novembre 2024, che a oggi resta a rischio e non pu\u00f2 essere dato per scontato.<\/p>\n<p>   Negli scatti di Palombi ci sono i progetti e i contributi di organizzazioni internazionali e della societ\u00e0 civile, da Avsi a Unicef, da WeWorld a Terre des hommes, da Intersos a Coopi, dal Programma alimentare mondiale (Pam\/Wfp) a Cesvi e a Comi.<\/p>\n<p>&#8220;Incisivit\u00e0, sostenibilit\u00e0, inclusivit\u00e0&#8221; sono le parole poste a incipit nel catalogo della mostra: &#8220;Tre vocaboli che racchiudono la visione e l&#8217;impegno dell&#8217;Italia a sostegno dell&#8217;educazione in Libano&#8221;.<\/p>\n<p>Le foto sono documento e testimonianza. &#8220;L&#8217;idea di questa mostra \u00e8 nata pi\u00f9 di un anno fa e siamo riusciti a portarla avanti nonostante i fatti in Libano dello scorso autunno&#8221; spiega Alessandra Piermattei, direttrice di Aics a Beirut. <\/p>\n<p>&#8220;Volevamo presentare al grande pubblico la testimonianza del nostro impegno nel settore dell&#8217;educazione e abbiamo deciso di farlo tramite i volti degli studenti e degli insegnanti che hanno beneficiato degli interventi finanziati dalla cooperazione italiana&#8221;. E ancora sul titolo: &#8220;&#8216;Shams&#8217; \u00e8 un richiamo ai bambini, che illuminano e ci obbligano ad andare avanti anche in situazioni molto difficili&#8221;.<\/p>\n<p>Dal 2017 la cooperazione italiana si \u00e8 impegnata a supporto di un&#8217;istruzione di qualit\u00e0, sulla riabilitazione degli edifici scolastici, sulla formazione professionale e il supporto a una corretta alimentazione per gli alunni. <\/p>\n<p>Un impegno, questo, si sottolinea nel catalogo della mostra, &#8220;che non \u00e8 venuto meno nei periodi di crisi attraversati dal Paese e che ha saputo anzi adattarsi alla mutevolezza del contesto&#8221;.<\/p>\n<p> Nell&#8217;ultimo anno, Palombi ha seguito le missioni di monitoraggio dei progetti italiani, visitando scuole e centri di educazione informale in pi\u00f9 regioni del Libano, ascoltando storie e raccontando per immagini l&#8217;impatto positivo che i progetti di assistenza hanno sui bambini e le bambine. Ne viene fuori uno spaccato che fissa nel tempo un periodo storico cruciale.<\/p>\n<p>Secondo il governo di Beirut, tra l&#8217;8 ottobre 2023 e il 27 novembre 2024 raid e bombardamenti da parte dell&#8217;aviazione e dell&#8217;artiglieria israeliana in Libano hanno ucciso oltre 3.900 persone e ne hanno ferite pi\u00f9 di 16mila. Allo stesso tempo gli sfollati sono stati oltre un milione.<\/p>\n<p>   E il conflitto non \u00e8 storia ma \u00e8 il presente, con nuove vittime e moniti. Sono del mese scorso gli appelli del capo dello Stato Joseph Aoun, del primo ministro Nawaf Salam e del presidente del parlamento libanese Nabih Berri affinch\u00e9 l&#8217;esercito di Israele rispetti la risoluzione 1701 del Consiglio di sicurezza delle Nazioni Unite e le clausole del cessate il fuoco ritirando i propri contingenti dalle localit\u00e0 occupate a nord della frontiera.<\/p>\n<p>   Nelle fotografie di Palombi, autore di reportage sia per quotidiani italiani come &#8220;La Repubblica&#8221; e &#8220;La Stampa&#8221; che per testate straniere, la violenza, le ipocrisie e i trucchi della politica non si vedono. Ci sono i volti, gli sguardi, la curiosit\u00e0 per il mondo e la voglia di immaginare quello che sar\u00e0.<\/p>\n<p>&#8220;Un dialogo fatto di luci e sfumature, che decostruisce ogni senso di alterit\u00e0&#8221; si legge nel catalogo. &#8220;I volti che guardano l&#8217;obiettivo della macchina fotografica raccontano storie che assurgono a una rappresentazione collettiva di una generazione e in senso pi\u00f9 ampio di un popolo la cui storia, per quanto travagliata, resta un simbolo di resilienza e speranza&#8221;.<\/p>\n","protected":false},"excerpt":{"rendered":"<p>COOPERAZIONE. &#8216;SHAMS&#8217;, I BAMBINI DEL LIBANO ILLUMINATI DAL SOLE IN MOSTRA A BEIRUT FOTO MARCO PALOMBI, IMPEGNO IN TEMPI DI GUERRA (DIRE) Roma, 10 mar. &#8211; &#8220;Shams&#8221;, belli come il sole. &#8220;Come la luce che illumina quei volti, di bambini&hellip;<\/p>\n","protected":false},"author":1478,"featured_media":2588927,"comment_status":"closed","ping_status":"closed","sticky":false,"template":"","format":"standard","meta":{"footnotes":""},"categories":[56,1258,46975,52],"tags":[13110,4438,133796],"class_list":["post-2588926","post","type-post","status-publish","format-standard","has-post-thumbnail","hentry","category-cultura","category-educazione","category-giovani","category-medio-oriente","tag-foto","tag-libano","tag-marco-palombi"],"yoast_head":"<!-- This site is optimized with the Yoast SEO plugin v27.1.1 - https:\/\/yoast.com\/product\/yoast-seo-wordpress\/ -->\n<title>Libano. Belli come il sole<\/title>\n<meta name=\"description\" content=\"COOPERAZIONE. &#039;SHAMS&#039;, I BAMBINI DEL LIBANO ILLUMINATI DAL SOLE IN MOSTRA A BEIRUT FOTO MARCO PALOMBI, IMPEGNO IN TEMPI DI GUERRA (DIRE) Roma, 10 mar. -\" \/>\n<meta name=\"robots\" content=\"index, follow, max-snippet:-1, max-image-preview:large, max-video-preview:-1\" \/>\n<link rel=\"canonical\" href=\"https:\/\/www.pressenza.com\/it\/2025\/03\/libano-belli-come-il-sole\/\" \/>\n<meta property=\"og:locale\" content=\"it_IT\" \/>\n<meta property=\"og:type\" content=\"article\" \/>\n<meta property=\"og:title\" content=\"Libano. Belli come il sole\" \/>\n<meta property=\"og:description\" content=\"COOPERAZIONE. &#039;SHAMS&#039;, I BAMBINI DEL LIBANO ILLUMINATI DAL SOLE IN MOSTRA A BEIRUT FOTO MARCO PALOMBI, IMPEGNO IN TEMPI DI GUERRA (DIRE) Roma, 10 mar. -\" \/>\n<meta property=\"og:url\" content=\"https:\/\/www.pressenza.com\/it\/2025\/03\/libano-belli-come-il-sole\/\" \/>\n<meta property=\"og:site_name\" content=\"Pressenza\" \/>\n<meta property=\"article:publisher\" content=\"https:\/\/www.facebook.com\/PressenzaItalia\" \/>\n<meta property=\"article:published_time\" content=\"2025-03-10T14:51:17+00:00\" \/>\n<meta property=\"og:image\" content=\"https:\/\/www.pressenza.com\/wp-content\/uploads\/2025\/03\/Foto-Marco-Palombi-1.jpeg\" \/>\n\t<meta property=\"og:image:width\" content=\"1503\" \/>\n\t<meta property=\"og:image:height\" content=\"1002\" \/>\n\t<meta property=\"og:image:type\" content=\"image\/jpeg\" \/>\n<meta name=\"author\" content=\"Agenzia DIRE\" \/>\n<meta name=\"twitter:card\" content=\"summary_large_image\" \/>\n<meta name=\"twitter:creator\" content=\"@PressenzaIPA\" \/>\n<meta name=\"twitter:site\" content=\"@PressenzaIPA\" \/>\n<meta name=\"twitter:label1\" content=\"Scritto da\" \/>\n\t<meta name=\"twitter:data1\" content=\"Agenzia DIRE\" \/>\n<script type=\"application\/ld+json\" class=\"yoast-schema-graph\">{\"@context\":\"https:\/\/schema.org\",\"@graph\":[{\"@type\":\"Article\",\"@id\":\"https:\/\/www.pressenza.com\/it\/2025\/03\/libano-belli-come-il-sole\/#article\",\"isPartOf\":{\"@id\":\"https:\/\/www.pressenza.com\/it\/2025\/03\/libano-belli-come-il-sole\/\"},\"author\":{\"name\":\"Agenzia DIRE\",\"@id\":\"https:\/\/www.pressenza.com\/it\/#\/schema\/person\/bb13dad7d75de3f57ef0c4246101316b\"},\"headline\":\"Libano. Belli come il sole\",\"datePublished\":\"2025-03-10T14:51:17+00:00\",\"mainEntityOfPage\":{\"@id\":\"https:\/\/www.pressenza.com\/it\/2025\/03\/libano-belli-come-il-sole\/\"},\"wordCount\":722,\"publisher\":{\"@id\":\"https:\/\/www.pressenza.com\/it\/#organization\"},\"image\":{\"@id\":\"https:\/\/www.pressenza.com\/it\/2025\/03\/libano-belli-come-il-sole\/#primaryimage\"},\"thumbnailUrl\":\"https:\/\/www.pressenza.com\/wp-content\/uploads\/2025\/03\/Foto-Marco-Palombi-1.jpeg\",\"keywords\":[\"foto\",\"Libano\",\"marco palombi\"],\"articleSection\":[\"Cultura e Media\",\"Educazione\",\"Giovani\",\"Medio Oriente\"],\"inLanguage\":\"it-IT\"},{\"@type\":\"WebPage\",\"@id\":\"https:\/\/www.pressenza.com\/it\/2025\/03\/libano-belli-come-il-sole\/\",\"url\":\"https:\/\/www.pressenza.com\/it\/2025\/03\/libano-belli-come-il-sole\/\",\"name\":\"Libano. Belli come il sole\",\"isPartOf\":{\"@id\":\"https:\/\/www.pressenza.com\/it\/#website\"},\"primaryImageOfPage\":{\"@id\":\"https:\/\/www.pressenza.com\/it\/2025\/03\/libano-belli-come-il-sole\/#primaryimage\"},\"image\":{\"@id\":\"https:\/\/www.pressenza.com\/it\/2025\/03\/libano-belli-come-il-sole\/#primaryimage\"},\"thumbnailUrl\":\"https:\/\/www.pressenza.com\/wp-content\/uploads\/2025\/03\/Foto-Marco-Palombi-1.jpeg\",\"datePublished\":\"2025-03-10T14:51:17+00:00\",\"description\":\"COOPERAZIONE. 'SHAMS', I BAMBINI DEL LIBANO ILLUMINATI DAL SOLE IN MOSTRA A BEIRUT FOTO MARCO PALOMBI, IMPEGNO IN TEMPI DI GUERRA (DIRE) Roma, 10 mar. -\",\"breadcrumb\":{\"@id\":\"https:\/\/www.pressenza.com\/it\/2025\/03\/libano-belli-come-il-sole\/#breadcrumb\"},\"inLanguage\":\"it-IT\",\"potentialAction\":[{\"@type\":\"ReadAction\",\"target\":[\"https:\/\/www.pressenza.com\/it\/2025\/03\/libano-belli-come-il-sole\/\"]}]},{\"@type\":\"ImageObject\",\"inLanguage\":\"it-IT\",\"@id\":\"https:\/\/www.pressenza.com\/it\/2025\/03\/libano-belli-come-il-sole\/#primaryimage\",\"url\":\"https:\/\/www.pressenza.com\/wp-content\/uploads\/2025\/03\/Foto-Marco-Palombi-1.jpeg\",\"contentUrl\":\"https:\/\/www.pressenza.com\/wp-content\/uploads\/2025\/03\/Foto-Marco-Palombi-1.jpeg\",\"width\":1503,\"height\":1002},{\"@type\":\"BreadcrumbList\",\"@id\":\"https:\/\/www.pressenza.com\/it\/2025\/03\/libano-belli-come-il-sole\/#breadcrumb\",\"itemListElement\":[{\"@type\":\"ListItem\",\"position\":1,\"name\":\"Accueil\",\"item\":\"https:\/\/www.pressenza.com\/it\/\"},{\"@type\":\"ListItem\",\"position\":2,\"name\":\"Libano. Belli come il sole\"}]},{\"@type\":\"WebSite\",\"@id\":\"https:\/\/www.pressenza.com\/it\/#website\",\"url\":\"https:\/\/www.pressenza.com\/it\/\",\"name\":\"Pressenza\",\"description\":\"Agenzia di Stampa Internazionale\",\"publisher\":{\"@id\":\"https:\/\/www.pressenza.com\/it\/#organization\"},\"potentialAction\":[{\"@type\":\"SearchAction\",\"target\":{\"@type\":\"EntryPoint\",\"urlTemplate\":\"https:\/\/www.pressenza.com\/it\/?s={search_term_string}\"},\"query-input\":{\"@type\":\"PropertyValueSpecification\",\"valueRequired\":true,\"valueName\":\"search_term_string\"}}],\"inLanguage\":\"it-IT\"},{\"@type\":\"Organization\",\"@id\":\"https:\/\/www.pressenza.com\/it\/#organization\",\"name\":\"Pressenza\",\"url\":\"https:\/\/www.pressenza.com\/it\/\",\"logo\":{\"@type\":\"ImageObject\",\"inLanguage\":\"it-IT\",\"@id\":\"https:\/\/www.pressenza.com\/it\/#\/schema\/logo\/image\/\",\"url\":\"https:\/\/www.pressenza.com\/wp-content\/uploads\/2022\/10\/pressenza_logo_200x200.jpg\",\"contentUrl\":\"https:\/\/www.pressenza.com\/wp-content\/uploads\/2022\/10\/pressenza_logo_200x200.jpg\",\"width\":200,\"height\":200,\"caption\":\"Pressenza\"},\"image\":{\"@id\":\"https:\/\/www.pressenza.com\/it\/#\/schema\/logo\/image\/\"},\"sameAs\":[\"https:\/\/www.facebook.com\/PressenzaItalia\",\"https:\/\/x.com\/PressenzaIPA\"]},{\"@type\":\"Person\",\"@id\":\"https:\/\/www.pressenza.com\/it\/#\/schema\/person\/bb13dad7d75de3f57ef0c4246101316b\",\"name\":\"Agenzia DIRE\",\"description\":\"La DIRE \u00e8 una delle principali agenzie di stampa nazionali, trasmette sui propri notiziari multimediali tutte le notizie dell'ultimo minuto, approfondimenti, interviste, newsletter tematiche. Specializzata in politiche parlamentari e di governo, oltre che esteri, sanit\u00e0, ambiente, welfare, politiche regionali e locali, giovani. Su Dire.it pubblica, ogni giorno, tutte le principali notizie. E' presente su tutto il territorio nazionale con sei sedi, cinquanta giornalisti e corrispondenti da tutte le regioni.\",\"sameAs\":[\"http:\/\/www.dire.it\/\"],\"url\":\"https:\/\/www.pressenza.com\/it\/author\/agenzia-dire\/\"}]}<\/script>\n<!-- \/ Yoast SEO plugin. -->","yoast_head_json":{"title":"Libano. Belli come il sole","description":"COOPERAZIONE. 'SHAMS', I BAMBINI DEL LIBANO ILLUMINATI DAL SOLE IN MOSTRA A BEIRUT FOTO MARCO PALOMBI, IMPEGNO IN TEMPI DI GUERRA (DIRE) Roma, 10 mar. -","robots":{"index":"index","follow":"follow","max-snippet":"max-snippet:-1","max-image-preview":"max-image-preview:large","max-video-preview":"max-video-preview:-1"},"canonical":"https:\/\/www.pressenza.com\/it\/2025\/03\/libano-belli-come-il-sole\/","og_locale":"it_IT","og_type":"article","og_title":"Libano. Belli come il sole","og_description":"COOPERAZIONE. 'SHAMS', I BAMBINI DEL LIBANO ILLUMINATI DAL SOLE IN MOSTRA A BEIRUT FOTO MARCO PALOMBI, IMPEGNO IN TEMPI DI GUERRA (DIRE) Roma, 10 mar. -","og_url":"https:\/\/www.pressenza.com\/it\/2025\/03\/libano-belli-come-il-sole\/","og_site_name":"Pressenza","article_publisher":"https:\/\/www.facebook.com\/PressenzaItalia","article_published_time":"2025-03-10T14:51:17+00:00","og_image":[{"width":1503,"height":1002,"url":"https:\/\/www.pressenza.com\/wp-content\/uploads\/2025\/03\/Foto-Marco-Palombi-1.jpeg","type":"image\/jpeg"}],"author":"Agenzia DIRE","twitter_card":"summary_large_image","twitter_creator":"@PressenzaIPA","twitter_site":"@PressenzaIPA","twitter_misc":{"Scritto da":"Agenzia DIRE"},"schema":{"@context":"https:\/\/schema.org","@graph":[{"@type":"Article","@id":"https:\/\/www.pressenza.com\/it\/2025\/03\/libano-belli-come-il-sole\/#article","isPartOf":{"@id":"https:\/\/www.pressenza.com\/it\/2025\/03\/libano-belli-come-il-sole\/"},"author":{"name":"Agenzia DIRE","@id":"https:\/\/www.pressenza.com\/it\/#\/schema\/person\/bb13dad7d75de3f57ef0c4246101316b"},"headline":"Libano. Belli come il sole","datePublished":"2025-03-10T14:51:17+00:00","mainEntityOfPage":{"@id":"https:\/\/www.pressenza.com\/it\/2025\/03\/libano-belli-come-il-sole\/"},"wordCount":722,"publisher":{"@id":"https:\/\/www.pressenza.com\/it\/#organization"},"image":{"@id":"https:\/\/www.pressenza.com\/it\/2025\/03\/libano-belli-come-il-sole\/#primaryimage"},"thumbnailUrl":"https:\/\/www.pressenza.com\/wp-content\/uploads\/2025\/03\/Foto-Marco-Palombi-1.jpeg","keywords":["foto","Libano","marco palombi"],"articleSection":["Cultura e Media","Educazione","Giovani","Medio Oriente"],"inLanguage":"it-IT"},{"@type":"WebPage","@id":"https:\/\/www.pressenza.com\/it\/2025\/03\/libano-belli-come-il-sole\/","url":"https:\/\/www.pressenza.com\/it\/2025\/03\/libano-belli-come-il-sole\/","name":"Libano. Belli come il sole","isPartOf":{"@id":"https:\/\/www.pressenza.com\/it\/#website"},"primaryImageOfPage":{"@id":"https:\/\/www.pressenza.com\/it\/2025\/03\/libano-belli-come-il-sole\/#primaryimage"},"image":{"@id":"https:\/\/www.pressenza.com\/it\/2025\/03\/libano-belli-come-il-sole\/#primaryimage"},"thumbnailUrl":"https:\/\/www.pressenza.com\/wp-content\/uploads\/2025\/03\/Foto-Marco-Palombi-1.jpeg","datePublished":"2025-03-10T14:51:17+00:00","description":"COOPERAZIONE. 'SHAMS', I BAMBINI DEL LIBANO ILLUMINATI DAL SOLE IN MOSTRA A BEIRUT FOTO MARCO PALOMBI, IMPEGNO IN TEMPI DI GUERRA (DIRE) Roma, 10 mar. -","breadcrumb":{"@id":"https:\/\/www.pressenza.com\/it\/2025\/03\/libano-belli-come-il-sole\/#breadcrumb"},"inLanguage":"it-IT","potentialAction":[{"@type":"ReadAction","target":["https:\/\/www.pressenza.com\/it\/2025\/03\/libano-belli-come-il-sole\/"]}]},{"@type":"ImageObject","inLanguage":"it-IT","@id":"https:\/\/www.pressenza.com\/it\/2025\/03\/libano-belli-come-il-sole\/#primaryimage","url":"https:\/\/www.pressenza.com\/wp-content\/uploads\/2025\/03\/Foto-Marco-Palombi-1.jpeg","contentUrl":"https:\/\/www.pressenza.com\/wp-content\/uploads\/2025\/03\/Foto-Marco-Palombi-1.jpeg","width":1503,"height":1002},{"@type":"BreadcrumbList","@id":"https:\/\/www.pressenza.com\/it\/2025\/03\/libano-belli-come-il-sole\/#breadcrumb","itemListElement":[{"@type":"ListItem","position":1,"name":"Accueil","item":"https:\/\/www.pressenza.com\/it\/"},{"@type":"ListItem","position":2,"name":"Libano. Belli come il sole"}]},{"@type":"WebSite","@id":"https:\/\/www.pressenza.com\/it\/#website","url":"https:\/\/www.pressenza.com\/it\/","name":"Pressenza","description":"Agenzia di Stampa Internazionale","publisher":{"@id":"https:\/\/www.pressenza.com\/it\/#organization"},"potentialAction":[{"@type":"SearchAction","target":{"@type":"EntryPoint","urlTemplate":"https:\/\/www.pressenza.com\/it\/?s={search_term_string}"},"query-input":{"@type":"PropertyValueSpecification","valueRequired":true,"valueName":"search_term_string"}}],"inLanguage":"it-IT"},{"@type":"Organization","@id":"https:\/\/www.pressenza.com\/it\/#organization","name":"Pressenza","url":"https:\/\/www.pressenza.com\/it\/","logo":{"@type":"ImageObject","inLanguage":"it-IT","@id":"https:\/\/www.pressenza.com\/it\/#\/schema\/logo\/image\/","url":"https:\/\/www.pressenza.com\/wp-content\/uploads\/2022\/10\/pressenza_logo_200x200.jpg","contentUrl":"https:\/\/www.pressenza.com\/wp-content\/uploads\/2022\/10\/pressenza_logo_200x200.jpg","width":200,"height":200,"caption":"Pressenza"},"image":{"@id":"https:\/\/www.pressenza.com\/it\/#\/schema\/logo\/image\/"},"sameAs":["https:\/\/www.facebook.com\/PressenzaItalia","https:\/\/x.com\/PressenzaIPA"]},{"@type":"Person","@id":"https:\/\/www.pressenza.com\/it\/#\/schema\/person\/bb13dad7d75de3f57ef0c4246101316b","name":"Agenzia DIRE","description":"La DIRE \u00e8 una delle principali agenzie di stampa nazionali, trasmette sui propri notiziari multimediali tutte le notizie dell'ultimo minuto, approfondimenti, interviste, newsletter tematiche. Specializzata in politiche parlamentari e di governo, oltre che esteri, sanit\u00e0, ambiente, welfare, politiche regionali e locali, giovani. Su Dire.it pubblica, ogni giorno, tutte le principali notizie. E' presente su tutto il territorio nazionale con sei sedi, cinquanta giornalisti e corrispondenti da tutte le regioni.","sameAs":["http:\/\/www.dire.it\/"],"url":"https:\/\/www.pressenza.com\/it\/author\/agenzia-dire\/"}]}},"place":"","original_article_url":"","_links":{"self":[{"href":"https:\/\/www.pressenza.com\/it\/wp-json\/wp\/v2\/posts\/2588926","targetHints":{"allow":["GET"]}}],"collection":[{"href":"https:\/\/www.pressenza.com\/it\/wp-json\/wp\/v2\/posts"}],"about":[{"href":"https:\/\/www.pressenza.com\/it\/wp-json\/wp\/v2\/types\/post"}],"author":[{"embeddable":true,"href":"https:\/\/www.pressenza.com\/it\/wp-json\/wp\/v2\/users\/1478"}],"replies":[{"embeddable":true,"href":"https:\/\/www.pressenza.com\/it\/wp-json\/wp\/v2\/comments?post=2588926"}],"version-history":[{"count":0,"href":"https:\/\/www.pressenza.com\/it\/wp-json\/wp\/v2\/posts\/2588926\/revisions"}],"wp:featuredmedia":[{"embeddable":true,"href":"https:\/\/www.pressenza.com\/it\/wp-json\/wp\/v2\/media\/2588927"}],"wp:attachment":[{"href":"https:\/\/www.pressenza.com\/it\/wp-json\/wp\/v2\/media?parent=2588926"}],"wp:term":[{"taxonomy":"category","embeddable":true,"href":"https:\/\/www.pressenza.com\/it\/wp-json\/wp\/v2\/categories?post=2588926"},{"taxonomy":"post_tag","embeddable":true,"href":"https:\/\/www.pressenza.com\/it\/wp-json\/wp\/v2\/tags?post=2588926"}],"curies":[{"name":"wp","href":"https:\/\/api.w.org\/{rel}","templated":true}]}}