{"id":2588831,"date":"2025-03-10T11:57:53","date_gmt":"2025-03-10T11:57:53","guid":{"rendered":"https:\/\/www.pressenza.com\/?p=2588831"},"modified":"2025-03-10T11:57:53","modified_gmt":"2025-03-10T11:57:53","slug":"siena-soppressione-dei-diritti-dei-richiedenti-asilo","status":"publish","type":"post","link":"https:\/\/www.pressenza.com\/it\/2025\/03\/siena-soppressione-dei-diritti-dei-richiedenti-asilo\/","title":{"rendered":"Siena. Soppressione dei diritti dei richiedenti asilo ?"},"content":{"rendered":"<p>Riceviamo e pubblichiamo dalla Rete SiSolidal di Siena<\/p>\n<p>La Rete SiSolidal di Siena, dopo 3 mesi in cui sono state prese in carico solo 2 donne richiedenti asilo, rinnova la sua profonda preoccupazione.<\/p>\n<p>Denunciando una situazione che \u00e8 divenuta degradante per la nostra citt\u00e0,  ritiene necessario inquadrare con esattezza cosa prevede il diritto nazionale e quello dell&#8217;Unione Europea sull&#8217;accoglienza dei richiedenti asilo.<\/p>\n<p>Partire da un dato di realt\u00e0 che divida le leggi dalle legittime opinioni e cercare risposte attendibili a quello che pi\u00f9 che un problema locale \u00e8 un fenomeno globale epocale che non si fermer\u00e0 davanti a nessun commento o agito d&#8217;odio.<\/p>\n<p>Ci sentiamo in una sorta di laboratorio di soppressione dei diritti talvolta anche orgogliosamente rivendicato. <\/p>\n<p>Un\u2019ipotesi che nasce dalla scelta di una rappresentante del governo sul territorio di \u201csistemare Siena dopo aver sistemato Lampedusa\u201d.<\/p>\n<p>La sensazione \u00e8 di vivere in una bolla in cui si pu\u00f2 affermare che, in virt\u00f9 della legge del mare, chi arriva via terra, a piedi, si deve arrangiare;<br \/>\nche non ci sono immobili pubblici che possano fornire rifugio a qualche decina di richiedenti asilo,<br \/>\nche non si trovano enti gestori che conferiscano immobili adatti ai Cas e poi bocciare tutte le proposte, che i richiedenti asilo non vanno alloggiati in Cas perch\u00e9 l\u00ec potrebbero essere trovati dai caporali;<br \/>\nche anche ai malati gravi e psichiatrici non possa essere negata l\u2019accoglienza;<br \/>\nuna realt\u00e0 in cui si possa raccomandare agli enti gestori di di trattare i loro ospiti nel peggior modo possibile in cos\u00ec che scoraggino i connazionali a venire;<br \/>\nuna realt\u00e0 in cui si possano fare decreti prefettizi contenenti punti in aperto contrasto con la normativa interna ed europea affermando di stare facendo \u201cscuola\u201d, di stare facendo la \u201cgiurisprudenza in tema di accoglienza\u201d;<br \/>\nuna realt\u00e0 in cui non vengono migliorate le condizioni n\u00e9 dei residenti n\u00e9 dei richiedenti asilo.<\/p>\n<p>Per capire meglio cosa sta succedendo abbiamo invitato il Dott. Schiavone, domenica 16 Marzo alle 17.00 al Complesso Universitario San Niccol\u00f2, all\u2019interno di una bella grande rassegna che sar\u00e0 presentata presto dai suoi curatori.<\/p>\n<p>Il dott. Gianfranco Schiavone \u00e8 una delle voci pi\u00f9 autorevoli in Italia nel campo della protezione internazionale e dei diritti dei migranti. <\/p>\n<p>Schiavone \u00e8 giurista e presidente del Consorzio Italiano di Solidariet\u00e0 \u2013 Ufficio Rifugiati Onlus, oltre ad essere membro dell&#8217;ASGI, l&#8217;Associazione per gli Studi Giuridici sull&#8217;Immigrazione di cui \u00e8 stato anche vice Presidente.<\/p>\n<p>Da anni \u00e8 impegnato nell&#8217;analisi e nella promozione di politiche di accoglienza basate sui principi di giustizia e dignit\u00e0 umana.<\/p>\n<p>Speriamo in una partecipazione qualificata di chi desidera tenere separati i fatti dalle opinioni e formarsi un proprio pensiero non necessariamente legato a slogan e tifoserie elettorali.<\/p>\n<p>Non si pu\u00f2 raccomandare a chi decide di venire a vivere in questo territorio \u201cil rispetto delle nostre Leggi\u201d, quando diamo per primi l\u2019esempio che si possano trasgredire per adattarle alle nostre visioni individuali.<\/p>\n","protected":false},"excerpt":{"rendered":"<p>Riceviamo e pubblichiamo dalla Rete SiSolidal di Siena La Rete SiSolidal di Siena, dopo 3 mesi in cui sono state prese in carico solo 2 donne richiedenti asilo, rinnova la sua profonda preoccupazione. Denunciando una situazione che \u00e8 divenuta degradante&hellip;<\/p>\n","protected":false},"author":594,"featured_media":2585546,"comment_status":"closed","ping_status":"closed","sticky":false,"template":"","format":"standard","meta":{"footnotes":""},"categories":[60,54572],"tags":[116254,2636,133779],"class_list":["post-2588831","post","type-post","status-publish","format-standard","has-post-thumbnail","hentry","category-diritti-umani","category-migranti","tag-aiuto-ai-migranti","tag-migranti","tag-richidenti-asilo"],"yoast_head":"<!-- This site is optimized with the Yoast SEO plugin v27.1.1 - https:\/\/yoast.com\/product\/yoast-seo-wordpress\/ -->\n<title>Siena. Soppressione dei diritti dei richiedenti asilo ?<\/title>\n<meta name=\"description\" content=\"Riceviamo e pubblichiamo dalla Rete SiSolidal di Siena La Rete SiSolidal di Siena, dopo 3 mesi in cui sono state prese in carico solo 2 donne richiedenti\" \/>\n<meta name=\"robots\" content=\"index, follow, max-snippet:-1, max-image-preview:large, max-video-preview:-1\" \/>\n<link rel=\"canonical\" href=\"https:\/\/www.pressenza.com\/it\/2025\/03\/siena-soppressione-dei-diritti-dei-richiedenti-asilo\/\" \/>\n<meta property=\"og:locale\" content=\"it_IT\" \/>\n<meta property=\"og:type\" content=\"article\" \/>\n<meta property=\"og:title\" content=\"Siena. Soppressione dei diritti dei richiedenti asilo ?\" \/>\n<meta property=\"og:description\" content=\"Riceviamo e pubblichiamo dalla Rete SiSolidal di Siena La Rete SiSolidal di Siena, dopo 3 mesi in cui sono state prese in carico solo 2 donne richiedenti\" \/>\n<meta property=\"og:url\" content=\"https:\/\/www.pressenza.com\/it\/2025\/03\/siena-soppressione-dei-diritti-dei-richiedenti-asilo\/\" \/>\n<meta property=\"og:site_name\" content=\"Pressenza\" \/>\n<meta property=\"article:publisher\" content=\"https:\/\/www.facebook.com\/PressenzaItalia\" \/>\n<meta property=\"article:author\" content=\"https:\/\/www.facebook.com\/PressenzaItalia\" \/>\n<meta property=\"article:published_time\" content=\"2025-03-10T11:57:53+00:00\" \/>\n<meta property=\"og:image\" content=\"https:\/\/www.pressenza.com\/wp-content\/uploads\/2025\/02\/migranti-italia-e1543696920128.jpg\" \/>\n\t<meta property=\"og:image:width\" content=\"500\" \/>\n\t<meta property=\"og:image:height\" content=\"300\" \/>\n\t<meta property=\"og:image:type\" content=\"image\/jpeg\" \/>\n<meta name=\"author\" content=\"Redazione Italia\" \/>\n<meta name=\"twitter:card\" content=\"summary_large_image\" \/>\n<meta name=\"twitter:creator\" content=\"@pressenza_it\" \/>\n<meta name=\"twitter:site\" content=\"@PressenzaIPA\" \/>\n<meta name=\"twitter:label1\" content=\"Scritto da\" \/>\n\t<meta name=\"twitter:data1\" content=\"Redazione Italia\" \/>\n\t<meta name=\"twitter:label2\" content=\"Tempo di lettura stimato\" \/>\n\t<meta name=\"twitter:data2\" content=\"3 minuti\" \/>\n<script type=\"application\/ld+json\" class=\"yoast-schema-graph\">{\"@context\":\"https:\/\/schema.org\",\"@graph\":[{\"@type\":\"Article\",\"@id\":\"https:\/\/www.pressenza.com\/it\/2025\/03\/siena-soppressione-dei-diritti-dei-richiedenti-asilo\/#article\",\"isPartOf\":{\"@id\":\"https:\/\/www.pressenza.com\/it\/2025\/03\/siena-soppressione-dei-diritti-dei-richiedenti-asilo\/\"},\"author\":{\"name\":\"Redazione Italia\",\"@id\":\"https:\/\/www.pressenza.com\/it\/#\/schema\/person\/d983e81827ae24f2c7b1a2123d197f8d\"},\"headline\":\"Siena. Soppressione dei diritti dei richiedenti asilo ?\",\"datePublished\":\"2025-03-10T11:57:53+00:00\",\"mainEntityOfPage\":{\"@id\":\"https:\/\/www.pressenza.com\/it\/2025\/03\/siena-soppressione-dei-diritti-dei-richiedenti-asilo\/\"},\"wordCount\":481,\"publisher\":{\"@id\":\"https:\/\/www.pressenza.com\/it\/#organization\"},\"image\":{\"@id\":\"https:\/\/www.pressenza.com\/it\/2025\/03\/siena-soppressione-dei-diritti-dei-richiedenti-asilo\/#primaryimage\"},\"thumbnailUrl\":\"https:\/\/www.pressenza.com\/wp-content\/uploads\/2025\/02\/migranti-italia-e1543696920128.jpg\",\"keywords\":[\"aiuto ai migranti\",\"migranti\",\"richidenti asilo\"],\"articleSection\":[\"Diritti Umani\",\"Migranti\"],\"inLanguage\":\"it-IT\"},{\"@type\":\"WebPage\",\"@id\":\"https:\/\/www.pressenza.com\/it\/2025\/03\/siena-soppressione-dei-diritti-dei-richiedenti-asilo\/\",\"url\":\"https:\/\/www.pressenza.com\/it\/2025\/03\/siena-soppressione-dei-diritti-dei-richiedenti-asilo\/\",\"name\":\"Siena. Soppressione dei diritti dei richiedenti asilo ?\",\"isPartOf\":{\"@id\":\"https:\/\/www.pressenza.com\/it\/#website\"},\"primaryImageOfPage\":{\"@id\":\"https:\/\/www.pressenza.com\/it\/2025\/03\/siena-soppressione-dei-diritti-dei-richiedenti-asilo\/#primaryimage\"},\"image\":{\"@id\":\"https:\/\/www.pressenza.com\/it\/2025\/03\/siena-soppressione-dei-diritti-dei-richiedenti-asilo\/#primaryimage\"},\"thumbnailUrl\":\"https:\/\/www.pressenza.com\/wp-content\/uploads\/2025\/02\/migranti-italia-e1543696920128.jpg\",\"datePublished\":\"2025-03-10T11:57:53+00:00\",\"description\":\"Riceviamo e pubblichiamo dalla Rete SiSolidal di Siena La Rete SiSolidal di Siena, dopo 3 mesi in cui sono state prese in carico solo 2 donne richiedenti\",\"breadcrumb\":{\"@id\":\"https:\/\/www.pressenza.com\/it\/2025\/03\/siena-soppressione-dei-diritti-dei-richiedenti-asilo\/#breadcrumb\"},\"inLanguage\":\"it-IT\",\"potentialAction\":[{\"@type\":\"ReadAction\",\"target\":[\"https:\/\/www.pressenza.com\/it\/2025\/03\/siena-soppressione-dei-diritti-dei-richiedenti-asilo\/\"]}]},{\"@type\":\"ImageObject\",\"inLanguage\":\"it-IT\",\"@id\":\"https:\/\/www.pressenza.com\/it\/2025\/03\/siena-soppressione-dei-diritti-dei-richiedenti-asilo\/#primaryimage\",\"url\":\"https:\/\/www.pressenza.com\/wp-content\/uploads\/2025\/02\/migranti-italia-e1543696920128.jpg\",\"contentUrl\":\"https:\/\/www.pressenza.com\/wp-content\/uploads\/2025\/02\/migranti-italia-e1543696920128.jpg\",\"width\":500,\"height\":300},{\"@type\":\"BreadcrumbList\",\"@id\":\"https:\/\/www.pressenza.com\/it\/2025\/03\/siena-soppressione-dei-diritti-dei-richiedenti-asilo\/#breadcrumb\",\"itemListElement\":[{\"@type\":\"ListItem\",\"position\":1,\"name\":\"Accueil\",\"item\":\"https:\/\/www.pressenza.com\/it\/\"},{\"@type\":\"ListItem\",\"position\":2,\"name\":\"Siena. Soppressione dei diritti dei richiedenti asilo ?\"}]},{\"@type\":\"WebSite\",\"@id\":\"https:\/\/www.pressenza.com\/it\/#website\",\"url\":\"https:\/\/www.pressenza.com\/it\/\",\"name\":\"Pressenza\",\"description\":\"Agenzia di Stampa Internazionale\",\"publisher\":{\"@id\":\"https:\/\/www.pressenza.com\/it\/#organization\"},\"potentialAction\":[{\"@type\":\"SearchAction\",\"target\":{\"@type\":\"EntryPoint\",\"urlTemplate\":\"https:\/\/www.pressenza.com\/it\/?s={search_term_string}\"},\"query-input\":{\"@type\":\"PropertyValueSpecification\",\"valueRequired\":true,\"valueName\":\"search_term_string\"}}],\"inLanguage\":\"it-IT\"},{\"@type\":\"Organization\",\"@id\":\"https:\/\/www.pressenza.com\/it\/#organization\",\"name\":\"Pressenza\",\"url\":\"https:\/\/www.pressenza.com\/it\/\",\"logo\":{\"@type\":\"ImageObject\",\"inLanguage\":\"it-IT\",\"@id\":\"https:\/\/www.pressenza.com\/it\/#\/schema\/logo\/image\/\",\"url\":\"https:\/\/www.pressenza.com\/wp-content\/uploads\/2022\/10\/pressenza_logo_200x200.jpg\",\"contentUrl\":\"https:\/\/www.pressenza.com\/wp-content\/uploads\/2022\/10\/pressenza_logo_200x200.jpg\",\"width\":200,\"height\":200,\"caption\":\"Pressenza\"},\"image\":{\"@id\":\"https:\/\/www.pressenza.com\/it\/#\/schema\/logo\/image\/\"},\"sameAs\":[\"https:\/\/www.facebook.com\/PressenzaItalia\",\"https:\/\/x.com\/PressenzaIPA\"]},{\"@type\":\"Person\",\"@id\":\"https:\/\/www.pressenza.com\/it\/#\/schema\/person\/d983e81827ae24f2c7b1a2123d197f8d\",\"name\":\"Redazione Italia\",\"description\":\"News from the Pressenza Bureau in Italy\",\"sameAs\":[\"https:\/\/www.pressenza.com\/it\/author\/redazione-italia\/\",\"https:\/\/www.facebook.com\/PressenzaItalia\",\"https:\/\/www.instagram.com\/pressenza_italia\/\",\"https:\/\/x.com\/pressenza_it\",\"https:\/\/www.youtube.com\/channel\/UCSalEIWjE1RSxkwjfftFuqg\"],\"url\":\"https:\/\/www.pressenza.com\/it\/author\/redazione-italia\/\"}]}<\/script>\n<!-- \/ Yoast SEO plugin. -->","yoast_head_json":{"title":"Siena. Soppressione dei diritti dei richiedenti asilo ?","description":"Riceviamo e pubblichiamo dalla Rete SiSolidal di Siena La Rete SiSolidal di Siena, dopo 3 mesi in cui sono state prese in carico solo 2 donne richiedenti","robots":{"index":"index","follow":"follow","max-snippet":"max-snippet:-1","max-image-preview":"max-image-preview:large","max-video-preview":"max-video-preview:-1"},"canonical":"https:\/\/www.pressenza.com\/it\/2025\/03\/siena-soppressione-dei-diritti-dei-richiedenti-asilo\/","og_locale":"it_IT","og_type":"article","og_title":"Siena. Soppressione dei diritti dei richiedenti asilo ?","og_description":"Riceviamo e pubblichiamo dalla Rete SiSolidal di Siena La Rete SiSolidal di Siena, dopo 3 mesi in cui sono state prese in carico solo 2 donne richiedenti","og_url":"https:\/\/www.pressenza.com\/it\/2025\/03\/siena-soppressione-dei-diritti-dei-richiedenti-asilo\/","og_site_name":"Pressenza","article_publisher":"https:\/\/www.facebook.com\/PressenzaItalia","article_author":"https:\/\/www.facebook.com\/PressenzaItalia","article_published_time":"2025-03-10T11:57:53+00:00","og_image":[{"width":500,"height":300,"url":"https:\/\/www.pressenza.com\/wp-content\/uploads\/2025\/02\/migranti-italia-e1543696920128.jpg","type":"image\/jpeg"}],"author":"Redazione Italia","twitter_card":"summary_large_image","twitter_creator":"@pressenza_it","twitter_site":"@PressenzaIPA","twitter_misc":{"Scritto da":"Redazione Italia","Tempo di lettura stimato":"3 minuti"},"schema":{"@context":"https:\/\/schema.org","@graph":[{"@type":"Article","@id":"https:\/\/www.pressenza.com\/it\/2025\/03\/siena-soppressione-dei-diritti-dei-richiedenti-asilo\/#article","isPartOf":{"@id":"https:\/\/www.pressenza.com\/it\/2025\/03\/siena-soppressione-dei-diritti-dei-richiedenti-asilo\/"},"author":{"name":"Redazione Italia","@id":"https:\/\/www.pressenza.com\/it\/#\/schema\/person\/d983e81827ae24f2c7b1a2123d197f8d"},"headline":"Siena. Soppressione dei diritti dei richiedenti asilo ?","datePublished":"2025-03-10T11:57:53+00:00","mainEntityOfPage":{"@id":"https:\/\/www.pressenza.com\/it\/2025\/03\/siena-soppressione-dei-diritti-dei-richiedenti-asilo\/"},"wordCount":481,"publisher":{"@id":"https:\/\/www.pressenza.com\/it\/#organization"},"image":{"@id":"https:\/\/www.pressenza.com\/it\/2025\/03\/siena-soppressione-dei-diritti-dei-richiedenti-asilo\/#primaryimage"},"thumbnailUrl":"https:\/\/www.pressenza.com\/wp-content\/uploads\/2025\/02\/migranti-italia-e1543696920128.jpg","keywords":["aiuto ai migranti","migranti","richidenti asilo"],"articleSection":["Diritti Umani","Migranti"],"inLanguage":"it-IT"},{"@type":"WebPage","@id":"https:\/\/www.pressenza.com\/it\/2025\/03\/siena-soppressione-dei-diritti-dei-richiedenti-asilo\/","url":"https:\/\/www.pressenza.com\/it\/2025\/03\/siena-soppressione-dei-diritti-dei-richiedenti-asilo\/","name":"Siena. Soppressione dei diritti dei richiedenti asilo ?","isPartOf":{"@id":"https:\/\/www.pressenza.com\/it\/#website"},"primaryImageOfPage":{"@id":"https:\/\/www.pressenza.com\/it\/2025\/03\/siena-soppressione-dei-diritti-dei-richiedenti-asilo\/#primaryimage"},"image":{"@id":"https:\/\/www.pressenza.com\/it\/2025\/03\/siena-soppressione-dei-diritti-dei-richiedenti-asilo\/#primaryimage"},"thumbnailUrl":"https:\/\/www.pressenza.com\/wp-content\/uploads\/2025\/02\/migranti-italia-e1543696920128.jpg","datePublished":"2025-03-10T11:57:53+00:00","description":"Riceviamo e pubblichiamo dalla Rete SiSolidal di Siena La Rete SiSolidal di Siena, dopo 3 mesi in cui sono state prese in carico solo 2 donne richiedenti","breadcrumb":{"@id":"https:\/\/www.pressenza.com\/it\/2025\/03\/siena-soppressione-dei-diritti-dei-richiedenti-asilo\/#breadcrumb"},"inLanguage":"it-IT","potentialAction":[{"@type":"ReadAction","target":["https:\/\/www.pressenza.com\/it\/2025\/03\/siena-soppressione-dei-diritti-dei-richiedenti-asilo\/"]}]},{"@type":"ImageObject","inLanguage":"it-IT","@id":"https:\/\/www.pressenza.com\/it\/2025\/03\/siena-soppressione-dei-diritti-dei-richiedenti-asilo\/#primaryimage","url":"https:\/\/www.pressenza.com\/wp-content\/uploads\/2025\/02\/migranti-italia-e1543696920128.jpg","contentUrl":"https:\/\/www.pressenza.com\/wp-content\/uploads\/2025\/02\/migranti-italia-e1543696920128.jpg","width":500,"height":300},{"@type":"BreadcrumbList","@id":"https:\/\/www.pressenza.com\/it\/2025\/03\/siena-soppressione-dei-diritti-dei-richiedenti-asilo\/#breadcrumb","itemListElement":[{"@type":"ListItem","position":1,"name":"Accueil","item":"https:\/\/www.pressenza.com\/it\/"},{"@type":"ListItem","position":2,"name":"Siena. Soppressione dei diritti dei richiedenti asilo ?"}]},{"@type":"WebSite","@id":"https:\/\/www.pressenza.com\/it\/#website","url":"https:\/\/www.pressenza.com\/it\/","name":"Pressenza","description":"Agenzia di Stampa Internazionale","publisher":{"@id":"https:\/\/www.pressenza.com\/it\/#organization"},"potentialAction":[{"@type":"SearchAction","target":{"@type":"EntryPoint","urlTemplate":"https:\/\/www.pressenza.com\/it\/?s={search_term_string}"},"query-input":{"@type":"PropertyValueSpecification","valueRequired":true,"valueName":"search_term_string"}}],"inLanguage":"it-IT"},{"@type":"Organization","@id":"https:\/\/www.pressenza.com\/it\/#organization","name":"Pressenza","url":"https:\/\/www.pressenza.com\/it\/","logo":{"@type":"ImageObject","inLanguage":"it-IT","@id":"https:\/\/www.pressenza.com\/it\/#\/schema\/logo\/image\/","url":"https:\/\/www.pressenza.com\/wp-content\/uploads\/2022\/10\/pressenza_logo_200x200.jpg","contentUrl":"https:\/\/www.pressenza.com\/wp-content\/uploads\/2022\/10\/pressenza_logo_200x200.jpg","width":200,"height":200,"caption":"Pressenza"},"image":{"@id":"https:\/\/www.pressenza.com\/it\/#\/schema\/logo\/image\/"},"sameAs":["https:\/\/www.facebook.com\/PressenzaItalia","https:\/\/x.com\/PressenzaIPA"]},{"@type":"Person","@id":"https:\/\/www.pressenza.com\/it\/#\/schema\/person\/d983e81827ae24f2c7b1a2123d197f8d","name":"Redazione Italia","description":"News from the Pressenza Bureau in Italy","sameAs":["https:\/\/www.pressenza.com\/it\/author\/redazione-italia\/","https:\/\/www.facebook.com\/PressenzaItalia","https:\/\/www.instagram.com\/pressenza_italia\/","https:\/\/x.com\/pressenza_it","https:\/\/www.youtube.com\/channel\/UCSalEIWjE1RSxkwjfftFuqg"],"url":"https:\/\/www.pressenza.com\/it\/author\/redazione-italia\/"}]}},"place":"","original_article_url":"","_links":{"self":[{"href":"https:\/\/www.pressenza.com\/it\/wp-json\/wp\/v2\/posts\/2588831","targetHints":{"allow":["GET"]}}],"collection":[{"href":"https:\/\/www.pressenza.com\/it\/wp-json\/wp\/v2\/posts"}],"about":[{"href":"https:\/\/www.pressenza.com\/it\/wp-json\/wp\/v2\/types\/post"}],"author":[{"embeddable":true,"href":"https:\/\/www.pressenza.com\/it\/wp-json\/wp\/v2\/users\/594"}],"replies":[{"embeddable":true,"href":"https:\/\/www.pressenza.com\/it\/wp-json\/wp\/v2\/comments?post=2588831"}],"version-history":[{"count":0,"href":"https:\/\/www.pressenza.com\/it\/wp-json\/wp\/v2\/posts\/2588831\/revisions"}],"wp:featuredmedia":[{"embeddable":true,"href":"https:\/\/www.pressenza.com\/it\/wp-json\/wp\/v2\/media\/2585546"}],"wp:attachment":[{"href":"https:\/\/www.pressenza.com\/it\/wp-json\/wp\/v2\/media?parent=2588831"}],"wp:term":[{"taxonomy":"category","embeddable":true,"href":"https:\/\/www.pressenza.com\/it\/wp-json\/wp\/v2\/categories?post=2588831"},{"taxonomy":"post_tag","embeddable":true,"href":"https:\/\/www.pressenza.com\/it\/wp-json\/wp\/v2\/tags?post=2588831"}],"curies":[{"name":"wp","href":"https:\/\/api.w.org\/{rel}","templated":true}]}}