{"id":2587602,"date":"2025-03-06T07:55:38","date_gmt":"2025-03-06T07:55:38","guid":{"rendered":"https:\/\/www.pressenza.com\/?p=2587602"},"modified":"2025-03-06T07:59:54","modified_gmt":"2025-03-06T07:59:54","slug":"tre-anni-di-guerra-in-ucraina-la-testimonianza-dei-volontari-di-operazione-colomba-e-project-mean","status":"publish","type":"post","link":"https:\/\/www.pressenza.com\/it\/2025\/03\/tre-anni-di-guerra-in-ucraina-la-testimonianza-dei-volontari-di-operazione-colomba-e-project-mean\/","title":{"rendered":"Tre anni di guerra in Ucraina: la testimonianza dei volontari di Operazione Colomba e Project Mean"},"content":{"rendered":"<p class=\"western\" lang=\"en-US\">Il 25 febbraio 2025, in occasione del terzo anniversario dell&#8217;invasione russa in Ucraina, il Centro Pace di Forl\u00ec ha ospitato un incontro per approfondire il futuro della guerra in Ucraina all\u2019alba della seconda presidenza Trump. Attraverso le parole di chi opera direttamente sul campo, abbiamo potuto riflettere su quelle che sono le conseguenze della guerra, ma abbiamo anche potuto vedere la forza di chi, nonostante tutto, sceglie di restare umano. I volontari di Operazione Colomba e Project Mean ci hanno portato la testimonianza della loro esperienza personale sul campo e di quella della popolazione ucraina.<\/p>\n<p class=\"western\" lang=\"en-US\">Dal marzo 2022, i volontari di Operazione Colomba vivono fianco a fianco con la popolazione ucraina, condividendo sofferenze e speranze. Non sono l\u00ec come semplici osservatori, ma basano la loro permanenza sull\u2019ascolto, sulla conoscenza delle persone che incontrano. \u201c<i>Per usare le armi non \u00e8 necessario conoscere le persone<\/i>, raccontano, <i>ma per ricostruire una pace duratura \u00e8 fondamentale entrare nel cuore di chi soffre\u201d<\/i>. E\u2019 questo il loro grande impegno e obiettivo: tessere relazioni oltre la paura, offrire momenti di normalit\u00e0 e calore umano ai giovani e alle famiglie che non vogliono arrendersi alla violenza.<\/p>\n<p class=\"western\" lang=\"en-US\">Project Mean, il Movimento Europeo di Azione Nonviolenta, \u00e8 la risposta di chi crede che la pace non sia un sogno, ma una costruzione quotidiana. La resistenza civile nonviolenta \u00e8 possibile solo con la solidariet\u00e0 popolare, caratteristica del popolo ucraino che, a distanza di tre anni, rifiuta di piegarsi alla distruzione. In un paese dove il freddo si insinua nelle case, i volontari portano conforto e offrono spazi in cui incontrarsi e ritrovare la propria umanit\u00e0. Perch\u00e9 la pace non si aspetta: si costruisce, con gesti concreti, con la forza della presenza, con la convinzione che ogni vita meriti di essere protetta e ogni speranza meriti di essere alimentata.<\/p>\n<p class=\"western\" lang=\"en-US\">Durante la serata si \u00e8 parlato anche dei corpi civili di pace, per l\u2019istituzione dei quali si sta lottando da anni ma di cui, ancora oggi, si fatica a definire chiaramente l\u2019identit\u00e0. A livello europeo \u00e8 stato proposto un Corpo Civile Europeo di Pace per fornire un&#8217;alternativa nonviolenta nella gestione dei conflitti. Tuttavia, la realizzazione pratica di tale corpo a livello dell&#8217;Unione Europea richiede ancora consenso politico e strutture operative adeguate. Per quanto riguarda l\u2019Italia lo sforzo \u00e8 stato minimo da parte delle istituzioni: \u00e8 vero \u00e8 stato creato un progetto per coinvolgere i giovani in missioni di pace non governative in aree di conflitto, ma l\u2019intervento dei volontari \u00e8 limitato in quanto non possono essere mandati in zone dove lo scontro \u00e8 ancora attivo.<\/p>\n<p class=\"western\" lang=\"en-US\">Costruire la pace \u00e8 impresa difficile, ostacolata spesso da scelte miopi e da interessi che vanno ben oltre la volont\u00e0 popolare. Oggi si investe poco sui metodi di azione nonviolenta, la stragrande maggioranza delle risorse \u00e8 destinata all\u2019industria bellica.<\/p>\n<p class=\"western\" lang=\"en-US\">Ci dobbiamo chiedere allora in che cosa la comunit\u00e0 internazionale abbia fallito. Ma soprattutto, come possiamo assicurarci che non si ripresentino le stesse condizioni che l\u2019hanno resa possibile. Quanto \u00e8 disposto ognuno di noi a impegnarsi per una pace vera e duratura? Perch\u00e9 la pace non \u00e8 solo un\u2019utopia: \u00e8 una responsabilit\u00e0 che riguarda tutti noi.<\/p>\n","protected":false},"excerpt":{"rendered":"<p>Il 25 febbraio 2025, in occasione del terzo anniversario dell&#8217;invasione russa in Ucraina, il Centro Pace di Forl\u00ec ha ospitato un incontro per approfondire il futuro della guerra in Ucraina all\u2019alba della seconda presidenza Trump. Attraverso le parole di chi&hellip;<\/p>\n","protected":false},"author":2449,"featured_media":2587605,"comment_status":"closed","ping_status":"closed","sticky":false,"template":"","format":"standard","meta":{"footnotes":""},"categories":[11388,107392,1263],"tags":[112964,1614,10907,8514],"class_list":["post-2587602","post","type-post","status-publish","format-standard","has-post-thumbnail","hentry","category-contenuti-originali","category-noticia-it","category-pace-disarmo","tag-centro-pace-forli","tag-corpi-civili-di-pace","tag-operazione-colomba","tag-ucraina"],"yoast_head":"<!-- This site is optimized with the Yoast SEO plugin v27.1.1 - https:\/\/yoast.com\/product\/yoast-seo-wordpress\/ -->\n<title>Tre anni di guerra in Ucraina: la testimonianza dei volontari di Operazione Colomba e Project Mean<\/title>\n<meta name=\"description\" content=\"Il 25 febbraio 2025, in occasione del terzo anniversario dell&#039;invasione russa in Ucraina, il Centro Pace di Forl\u00ec ha ospitato un incontro per approfondire\" \/>\n<meta name=\"robots\" content=\"index, follow, max-snippet:-1, max-image-preview:large, max-video-preview:-1\" \/>\n<link rel=\"canonical\" href=\"https:\/\/www.pressenza.com\/it\/2025\/03\/tre-anni-di-guerra-in-ucraina-la-testimonianza-dei-volontari-di-operazione-colomba-e-project-mean\/\" \/>\n<meta property=\"og:locale\" content=\"it_IT\" \/>\n<meta property=\"og:type\" content=\"article\" \/>\n<meta property=\"og:title\" content=\"Tre anni di guerra in Ucraina: la testimonianza dei volontari di Operazione Colomba e Project Mean\" \/>\n<meta property=\"og:description\" content=\"Il 25 febbraio 2025, in occasione del terzo anniversario dell&#039;invasione russa in Ucraina, il Centro Pace di Forl\u00ec ha ospitato un incontro per approfondire\" \/>\n<meta property=\"og:url\" content=\"https:\/\/www.pressenza.com\/it\/2025\/03\/tre-anni-di-guerra-in-ucraina-la-testimonianza-dei-volontari-di-operazione-colomba-e-project-mean\/\" \/>\n<meta property=\"og:site_name\" content=\"Pressenza\" \/>\n<meta property=\"article:publisher\" content=\"https:\/\/www.facebook.com\/PressenzaItalia\" \/>\n<meta property=\"article:published_time\" content=\"2025-03-06T07:55:38+00:00\" \/>\n<meta property=\"article:modified_time\" content=\"2025-03-06T07:59:54+00:00\" \/>\n<meta property=\"og:image\" content=\"https:\/\/www.pressenza.com\/wp-content\/uploads\/2025\/03\/25febbraio-Operazione-colomba-Centro-pace-forli.jpg\" \/>\n\t<meta property=\"og:image:width\" content=\"850\" \/>\n\t<meta property=\"og:image:height\" content=\"556\" \/>\n\t<meta property=\"og:image:type\" content=\"image\/jpeg\" \/>\n<meta name=\"author\" content=\"Redazione Romagna\" \/>\n<meta name=\"twitter:card\" content=\"summary_large_image\" \/>\n<meta name=\"twitter:creator\" content=\"@PressenzaIPA\" \/>\n<meta name=\"twitter:site\" content=\"@PressenzaIPA\" \/>\n<meta name=\"twitter:label1\" content=\"Scritto da\" \/>\n\t<meta name=\"twitter:data1\" content=\"Redazione Romagna\" \/>\n\t<meta name=\"twitter:label2\" content=\"Tempo di lettura stimato\" \/>\n\t<meta name=\"twitter:data2\" content=\"3 minuti\" \/>\n<script type=\"application\/ld+json\" class=\"yoast-schema-graph\">{\"@context\":\"https:\/\/schema.org\",\"@graph\":[{\"@type\":\"Article\",\"@id\":\"https:\/\/www.pressenza.com\/it\/2025\/03\/tre-anni-di-guerra-in-ucraina-la-testimonianza-dei-volontari-di-operazione-colomba-e-project-mean\/#article\",\"isPartOf\":{\"@id\":\"https:\/\/www.pressenza.com\/it\/2025\/03\/tre-anni-di-guerra-in-ucraina-la-testimonianza-dei-volontari-di-operazione-colomba-e-project-mean\/\"},\"author\":{\"name\":\"Redazione Romagna\",\"@id\":\"https:\/\/www.pressenza.com\/it\/#\/schema\/person\/bd20012effb4a200220e868c6dc89e72\"},\"headline\":\"Tre anni di guerra in Ucraina: la testimonianza dei volontari di Operazione Colomba e Project Mean\",\"datePublished\":\"2025-03-06T07:55:38+00:00\",\"dateModified\":\"2025-03-06T07:59:54+00:00\",\"mainEntityOfPage\":{\"@id\":\"https:\/\/www.pressenza.com\/it\/2025\/03\/tre-anni-di-guerra-in-ucraina-la-testimonianza-dei-volontari-di-operazione-colomba-e-project-mean\/\"},\"wordCount\":527,\"publisher\":{\"@id\":\"https:\/\/www.pressenza.com\/it\/#organization\"},\"image\":{\"@id\":\"https:\/\/www.pressenza.com\/it\/2025\/03\/tre-anni-di-guerra-in-ucraina-la-testimonianza-dei-volontari-di-operazione-colomba-e-project-mean\/#primaryimage\"},\"thumbnailUrl\":\"https:\/\/www.pressenza.com\/wp-content\/uploads\/2025\/03\/25febbraio-Operazione-colomba-Centro-pace-forli.jpg\",\"keywords\":[\"centro pace forl\u00ec\",\"Corpi Civili di Pace\",\"Operazione Colomba\",\"Ucraina\"],\"articleSection\":[\"contenuti originali\",\"Cronaca\",\"Pace e Disarmo\"],\"inLanguage\":\"it-IT\"},{\"@type\":\"WebPage\",\"@id\":\"https:\/\/www.pressenza.com\/it\/2025\/03\/tre-anni-di-guerra-in-ucraina-la-testimonianza-dei-volontari-di-operazione-colomba-e-project-mean\/\",\"url\":\"https:\/\/www.pressenza.com\/it\/2025\/03\/tre-anni-di-guerra-in-ucraina-la-testimonianza-dei-volontari-di-operazione-colomba-e-project-mean\/\",\"name\":\"Tre anni di guerra in Ucraina: la testimonianza dei volontari di Operazione Colomba e Project Mean\",\"isPartOf\":{\"@id\":\"https:\/\/www.pressenza.com\/it\/#website\"},\"primaryImageOfPage\":{\"@id\":\"https:\/\/www.pressenza.com\/it\/2025\/03\/tre-anni-di-guerra-in-ucraina-la-testimonianza-dei-volontari-di-operazione-colomba-e-project-mean\/#primaryimage\"},\"image\":{\"@id\":\"https:\/\/www.pressenza.com\/it\/2025\/03\/tre-anni-di-guerra-in-ucraina-la-testimonianza-dei-volontari-di-operazione-colomba-e-project-mean\/#primaryimage\"},\"thumbnailUrl\":\"https:\/\/www.pressenza.com\/wp-content\/uploads\/2025\/03\/25febbraio-Operazione-colomba-Centro-pace-forli.jpg\",\"datePublished\":\"2025-03-06T07:55:38+00:00\",\"dateModified\":\"2025-03-06T07:59:54+00:00\",\"description\":\"Il 25 febbraio 2025, in occasione del terzo anniversario dell'invasione russa in Ucraina, il Centro Pace di Forl\u00ec ha ospitato un incontro per approfondire\",\"breadcrumb\":{\"@id\":\"https:\/\/www.pressenza.com\/it\/2025\/03\/tre-anni-di-guerra-in-ucraina-la-testimonianza-dei-volontari-di-operazione-colomba-e-project-mean\/#breadcrumb\"},\"inLanguage\":\"it-IT\",\"potentialAction\":[{\"@type\":\"ReadAction\",\"target\":[\"https:\/\/www.pressenza.com\/it\/2025\/03\/tre-anni-di-guerra-in-ucraina-la-testimonianza-dei-volontari-di-operazione-colomba-e-project-mean\/\"]}]},{\"@type\":\"ImageObject\",\"inLanguage\":\"it-IT\",\"@id\":\"https:\/\/www.pressenza.com\/it\/2025\/03\/tre-anni-di-guerra-in-ucraina-la-testimonianza-dei-volontari-di-operazione-colomba-e-project-mean\/#primaryimage\",\"url\":\"https:\/\/www.pressenza.com\/wp-content\/uploads\/2025\/03\/25febbraio-Operazione-colomba-Centro-pace-forli.jpg\",\"contentUrl\":\"https:\/\/www.pressenza.com\/wp-content\/uploads\/2025\/03\/25febbraio-Operazione-colomba-Centro-pace-forli.jpg\",\"width\":850,\"height\":556},{\"@type\":\"BreadcrumbList\",\"@id\":\"https:\/\/www.pressenza.com\/it\/2025\/03\/tre-anni-di-guerra-in-ucraina-la-testimonianza-dei-volontari-di-operazione-colomba-e-project-mean\/#breadcrumb\",\"itemListElement\":[{\"@type\":\"ListItem\",\"position\":1,\"name\":\"Accueil\",\"item\":\"https:\/\/www.pressenza.com\/it\/\"},{\"@type\":\"ListItem\",\"position\":2,\"name\":\"Tre anni di guerra in Ucraina: la testimonianza dei volontari di Operazione Colomba e Project Mean\"}]},{\"@type\":\"WebSite\",\"@id\":\"https:\/\/www.pressenza.com\/it\/#website\",\"url\":\"https:\/\/www.pressenza.com\/it\/\",\"name\":\"Pressenza\",\"description\":\"Agenzia di Stampa Internazionale\",\"publisher\":{\"@id\":\"https:\/\/www.pressenza.com\/it\/#organization\"},\"potentialAction\":[{\"@type\":\"SearchAction\",\"target\":{\"@type\":\"EntryPoint\",\"urlTemplate\":\"https:\/\/www.pressenza.com\/it\/?s={search_term_string}\"},\"query-input\":{\"@type\":\"PropertyValueSpecification\",\"valueRequired\":true,\"valueName\":\"search_term_string\"}}],\"inLanguage\":\"it-IT\"},{\"@type\":\"Organization\",\"@id\":\"https:\/\/www.pressenza.com\/it\/#organization\",\"name\":\"Pressenza\",\"url\":\"https:\/\/www.pressenza.com\/it\/\",\"logo\":{\"@type\":\"ImageObject\",\"inLanguage\":\"it-IT\",\"@id\":\"https:\/\/www.pressenza.com\/it\/#\/schema\/logo\/image\/\",\"url\":\"https:\/\/www.pressenza.com\/wp-content\/uploads\/2022\/10\/pressenza_logo_200x200.jpg\",\"contentUrl\":\"https:\/\/www.pressenza.com\/wp-content\/uploads\/2022\/10\/pressenza_logo_200x200.jpg\",\"width\":200,\"height\":200,\"caption\":\"Pressenza\"},\"image\":{\"@id\":\"https:\/\/www.pressenza.com\/it\/#\/schema\/logo\/image\/\"},\"sameAs\":[\"https:\/\/www.facebook.com\/PressenzaItalia\",\"https:\/\/x.com\/PressenzaIPA\"]},{\"@type\":\"Person\",\"@id\":\"https:\/\/www.pressenza.com\/it\/#\/schema\/person\/bd20012effb4a200220e868c6dc89e72\",\"name\":\"Redazione Romagna\",\"url\":\"https:\/\/www.pressenza.com\/it\/author\/redazione-romagna\/\"}]}<\/script>\n<!-- \/ Yoast SEO plugin. -->","yoast_head_json":{"title":"Tre anni di guerra in Ucraina: la testimonianza dei volontari di Operazione Colomba e Project Mean","description":"Il 25 febbraio 2025, in occasione del terzo anniversario dell'invasione russa in Ucraina, il Centro Pace di Forl\u00ec ha ospitato un incontro per approfondire","robots":{"index":"index","follow":"follow","max-snippet":"max-snippet:-1","max-image-preview":"max-image-preview:large","max-video-preview":"max-video-preview:-1"},"canonical":"https:\/\/www.pressenza.com\/it\/2025\/03\/tre-anni-di-guerra-in-ucraina-la-testimonianza-dei-volontari-di-operazione-colomba-e-project-mean\/","og_locale":"it_IT","og_type":"article","og_title":"Tre anni di guerra in Ucraina: la testimonianza dei volontari di Operazione Colomba e Project Mean","og_description":"Il 25 febbraio 2025, in occasione del terzo anniversario dell'invasione russa in Ucraina, il Centro Pace di Forl\u00ec ha ospitato un incontro per approfondire","og_url":"https:\/\/www.pressenza.com\/it\/2025\/03\/tre-anni-di-guerra-in-ucraina-la-testimonianza-dei-volontari-di-operazione-colomba-e-project-mean\/","og_site_name":"Pressenza","article_publisher":"https:\/\/www.facebook.com\/PressenzaItalia","article_published_time":"2025-03-06T07:55:38+00:00","article_modified_time":"2025-03-06T07:59:54+00:00","og_image":[{"width":850,"height":556,"url":"https:\/\/www.pressenza.com\/wp-content\/uploads\/2025\/03\/25febbraio-Operazione-colomba-Centro-pace-forli.jpg","type":"image\/jpeg"}],"author":"Redazione Romagna","twitter_card":"summary_large_image","twitter_creator":"@PressenzaIPA","twitter_site":"@PressenzaIPA","twitter_misc":{"Scritto da":"Redazione Romagna","Tempo di lettura stimato":"3 minuti"},"schema":{"@context":"https:\/\/schema.org","@graph":[{"@type":"Article","@id":"https:\/\/www.pressenza.com\/it\/2025\/03\/tre-anni-di-guerra-in-ucraina-la-testimonianza-dei-volontari-di-operazione-colomba-e-project-mean\/#article","isPartOf":{"@id":"https:\/\/www.pressenza.com\/it\/2025\/03\/tre-anni-di-guerra-in-ucraina-la-testimonianza-dei-volontari-di-operazione-colomba-e-project-mean\/"},"author":{"name":"Redazione Romagna","@id":"https:\/\/www.pressenza.com\/it\/#\/schema\/person\/bd20012effb4a200220e868c6dc89e72"},"headline":"Tre anni di guerra in Ucraina: la testimonianza dei volontari di Operazione Colomba e Project Mean","datePublished":"2025-03-06T07:55:38+00:00","dateModified":"2025-03-06T07:59:54+00:00","mainEntityOfPage":{"@id":"https:\/\/www.pressenza.com\/it\/2025\/03\/tre-anni-di-guerra-in-ucraina-la-testimonianza-dei-volontari-di-operazione-colomba-e-project-mean\/"},"wordCount":527,"publisher":{"@id":"https:\/\/www.pressenza.com\/it\/#organization"},"image":{"@id":"https:\/\/www.pressenza.com\/it\/2025\/03\/tre-anni-di-guerra-in-ucraina-la-testimonianza-dei-volontari-di-operazione-colomba-e-project-mean\/#primaryimage"},"thumbnailUrl":"https:\/\/www.pressenza.com\/wp-content\/uploads\/2025\/03\/25febbraio-Operazione-colomba-Centro-pace-forli.jpg","keywords":["centro pace forl\u00ec","Corpi Civili di Pace","Operazione Colomba","Ucraina"],"articleSection":["contenuti originali","Cronaca","Pace e Disarmo"],"inLanguage":"it-IT"},{"@type":"WebPage","@id":"https:\/\/www.pressenza.com\/it\/2025\/03\/tre-anni-di-guerra-in-ucraina-la-testimonianza-dei-volontari-di-operazione-colomba-e-project-mean\/","url":"https:\/\/www.pressenza.com\/it\/2025\/03\/tre-anni-di-guerra-in-ucraina-la-testimonianza-dei-volontari-di-operazione-colomba-e-project-mean\/","name":"Tre anni di guerra in Ucraina: la testimonianza dei volontari di Operazione Colomba e Project Mean","isPartOf":{"@id":"https:\/\/www.pressenza.com\/it\/#website"},"primaryImageOfPage":{"@id":"https:\/\/www.pressenza.com\/it\/2025\/03\/tre-anni-di-guerra-in-ucraina-la-testimonianza-dei-volontari-di-operazione-colomba-e-project-mean\/#primaryimage"},"image":{"@id":"https:\/\/www.pressenza.com\/it\/2025\/03\/tre-anni-di-guerra-in-ucraina-la-testimonianza-dei-volontari-di-operazione-colomba-e-project-mean\/#primaryimage"},"thumbnailUrl":"https:\/\/www.pressenza.com\/wp-content\/uploads\/2025\/03\/25febbraio-Operazione-colomba-Centro-pace-forli.jpg","datePublished":"2025-03-06T07:55:38+00:00","dateModified":"2025-03-06T07:59:54+00:00","description":"Il 25 febbraio 2025, in occasione del terzo anniversario dell'invasione russa in Ucraina, il Centro Pace di Forl\u00ec ha ospitato un incontro per approfondire","breadcrumb":{"@id":"https:\/\/www.pressenza.com\/it\/2025\/03\/tre-anni-di-guerra-in-ucraina-la-testimonianza-dei-volontari-di-operazione-colomba-e-project-mean\/#breadcrumb"},"inLanguage":"it-IT","potentialAction":[{"@type":"ReadAction","target":["https:\/\/www.pressenza.com\/it\/2025\/03\/tre-anni-di-guerra-in-ucraina-la-testimonianza-dei-volontari-di-operazione-colomba-e-project-mean\/"]}]},{"@type":"ImageObject","inLanguage":"it-IT","@id":"https:\/\/www.pressenza.com\/it\/2025\/03\/tre-anni-di-guerra-in-ucraina-la-testimonianza-dei-volontari-di-operazione-colomba-e-project-mean\/#primaryimage","url":"https:\/\/www.pressenza.com\/wp-content\/uploads\/2025\/03\/25febbraio-Operazione-colomba-Centro-pace-forli.jpg","contentUrl":"https:\/\/www.pressenza.com\/wp-content\/uploads\/2025\/03\/25febbraio-Operazione-colomba-Centro-pace-forli.jpg","width":850,"height":556},{"@type":"BreadcrumbList","@id":"https:\/\/www.pressenza.com\/it\/2025\/03\/tre-anni-di-guerra-in-ucraina-la-testimonianza-dei-volontari-di-operazione-colomba-e-project-mean\/#breadcrumb","itemListElement":[{"@type":"ListItem","position":1,"name":"Accueil","item":"https:\/\/www.pressenza.com\/it\/"},{"@type":"ListItem","position":2,"name":"Tre anni di guerra in Ucraina: la testimonianza dei volontari di Operazione Colomba e Project Mean"}]},{"@type":"WebSite","@id":"https:\/\/www.pressenza.com\/it\/#website","url":"https:\/\/www.pressenza.com\/it\/","name":"Pressenza","description":"Agenzia di Stampa Internazionale","publisher":{"@id":"https:\/\/www.pressenza.com\/it\/#organization"},"potentialAction":[{"@type":"SearchAction","target":{"@type":"EntryPoint","urlTemplate":"https:\/\/www.pressenza.com\/it\/?s={search_term_string}"},"query-input":{"@type":"PropertyValueSpecification","valueRequired":true,"valueName":"search_term_string"}}],"inLanguage":"it-IT"},{"@type":"Organization","@id":"https:\/\/www.pressenza.com\/it\/#organization","name":"Pressenza","url":"https:\/\/www.pressenza.com\/it\/","logo":{"@type":"ImageObject","inLanguage":"it-IT","@id":"https:\/\/www.pressenza.com\/it\/#\/schema\/logo\/image\/","url":"https:\/\/www.pressenza.com\/wp-content\/uploads\/2022\/10\/pressenza_logo_200x200.jpg","contentUrl":"https:\/\/www.pressenza.com\/wp-content\/uploads\/2022\/10\/pressenza_logo_200x200.jpg","width":200,"height":200,"caption":"Pressenza"},"image":{"@id":"https:\/\/www.pressenza.com\/it\/#\/schema\/logo\/image\/"},"sameAs":["https:\/\/www.facebook.com\/PressenzaItalia","https:\/\/x.com\/PressenzaIPA"]},{"@type":"Person","@id":"https:\/\/www.pressenza.com\/it\/#\/schema\/person\/bd20012effb4a200220e868c6dc89e72","name":"Redazione Romagna","url":"https:\/\/www.pressenza.com\/it\/author\/redazione-romagna\/"}]}},"place":"Forl\u00ec, Ren\u00e9e Baroni","original_article_url":"","_links":{"self":[{"href":"https:\/\/www.pressenza.com\/it\/wp-json\/wp\/v2\/posts\/2587602","targetHints":{"allow":["GET"]}}],"collection":[{"href":"https:\/\/www.pressenza.com\/it\/wp-json\/wp\/v2\/posts"}],"about":[{"href":"https:\/\/www.pressenza.com\/it\/wp-json\/wp\/v2\/types\/post"}],"author":[{"embeddable":true,"href":"https:\/\/www.pressenza.com\/it\/wp-json\/wp\/v2\/users\/2449"}],"replies":[{"embeddable":true,"href":"https:\/\/www.pressenza.com\/it\/wp-json\/wp\/v2\/comments?post=2587602"}],"version-history":[{"count":0,"href":"https:\/\/www.pressenza.com\/it\/wp-json\/wp\/v2\/posts\/2587602\/revisions"}],"wp:featuredmedia":[{"embeddable":true,"href":"https:\/\/www.pressenza.com\/it\/wp-json\/wp\/v2\/media\/2587605"}],"wp:attachment":[{"href":"https:\/\/www.pressenza.com\/it\/wp-json\/wp\/v2\/media?parent=2587602"}],"wp:term":[{"taxonomy":"category","embeddable":true,"href":"https:\/\/www.pressenza.com\/it\/wp-json\/wp\/v2\/categories?post=2587602"},{"taxonomy":"post_tag","embeddable":true,"href":"https:\/\/www.pressenza.com\/it\/wp-json\/wp\/v2\/tags?post=2587602"}],"curies":[{"name":"wp","href":"https:\/\/api.w.org\/{rel}","templated":true}]}}