{"id":2586862,"date":"2025-03-03T13:46:59","date_gmt":"2025-03-03T13:46:59","guid":{"rendered":"https:\/\/www.pressenza.com\/?p=2586862"},"modified":"2025-03-08T09:07:31","modified_gmt":"2025-03-08T09:07:31","slug":"lettera-aperta-al-presidente-della-repubblica-su-israele","status":"publish","type":"post","link":"https:\/\/www.pressenza.com\/it\/2025\/03\/lettera-aperta-al-presidente-della-repubblica-su-israele\/","title":{"rendered":"Lettera aperta al Presidente della Repubblica su Israele"},"content":{"rendered":"<p lang=\"en-US\">Insieme ad alcune persone della societ\u00e0 civile abbiamo scritto questa lettera al Presidente della Repubblica che potete firmare qui<\/p>\n<p><a href=\"https:\/\/docs.google.com\/forms\/d\/1I8hTsaEhOjLAEU0GOtZhIrbEud9MQayep3Yt-yRwzoM\/edit?usp=sharing_eil_se_dm&amp;ts=67c69585\">https:\/\/docs.google.com\/forms\/d\/1I8hTsaEhOjLAEU0GOtZhIrbEud9MQayep3Yt-yRwzoM\/edit?usp=sharing_eil_se_dm&amp;ts=67c69585<\/a><\/p>\n<p>&nbsp;<\/p>\n<p lang=\"en-US\">Egregio presidente della Repubblica<\/p>\n<p class=\"western\" lang=\"en-US\">scriviamo per porre alla Sua attenzione il nostro sconcerto e smarrimento, come cittadini italiani e come convinti sostenitori delle istituzioni internazionali, rispetto all&#8217;accoglienza da Lei espressa verso il presidente di Israele Herzog, la cui presenza in Italia Lei ha sostenuto essere un \u201conore per l&#8217;Italia\u201d.<\/p>\n<p class=\"western\" lang=\"en-US\">Ricordiamo che Israele \u00e8 un paese attualmente alla sbarra per <b>genocidio<\/b> davanti alla Corte Internazionale di Giustizia (ICJ), tribunale riconosciuto dai 193 paesi ONU. Ricordiamo inoltre che \u00e8 governato da ministri su cui pende un mandato di arresto internazionale emanato da un altro tribunale internazionale, la Corte penale di giustizia (ICC), riconosciuta dalla gran parte dei paesi tra cui l&#8217;Italia. Ricordiamo che il 19 luglio 2024 la ICJ ha riconosciuto come <b>apartheid <\/b>il sistema che Israele mette in atto nei confronti dei palestinesi. Ha altres\u00ec stabilito, con un pronunciamento storico, che l&#8217;occupazione in Cisgiordania \u00e8 illegale e la comunit\u00e0 internazionale deve fare tutto il possibile per porvi fine al pi\u00f9 presto. Tutte le iniziative economiche e diplomatiche devono essere volte a ottenere questo, stando a quanto scritto nel pronunciamento del 19 luglio scorso.<\/p>\n<p class=\"western\" lang=\"en-US\">Un suo predecessore, Sandro Pertini, dopo i massacri di Sabra e Chatila, in cui Israele era pienamente coinvolto, arriv\u00f2 a chiedere pubblicamente l&#8217;estromissione di Israele dalle Nazioni Unite. Da 15 mesi stiamo assistendo: a uno sterminio con dichiarato intento di pulizia etnica, commesso direttamente dall&#8217;esercito occupante israeliano e di magnitudine almeno dieci volte superiore a Sabra e Chatila, all&#8217;uccisione di oltre 200 giornalisti (due terzi di quelli uccisi nel mondo l&#8217;anno scorso), alla distruzione di un sistema sanitario, a oltre 18000 bambini uccisi, alcuni anche in questi giorni di \u201ccessate il fuoco\u201d, all&#8217;apartheid e alla distruzione che in questi giorni vede in Cisgiordania un incremento mai visto. E in parallelo registriamo con dolore e sgomento la totale passivit\u00e0 diplomatica da parte dell&#8217;istituzione che Lei rappresenta e persino un sentimento di vicinanza verso uno stato che \u00e8 arrivato a mettere al bando agenzie ONU come l&#8217;UNRWA, a stracciare la carta delle Nazioni Unite davanti ai delegati ONU e a dichiarare <i>persona non grata<\/i> il segretario ONU Guterres e la relatrice speciale Francesca Albanese, la quale \u00e8 tra l&#8217;altro nostra connazionale e dovrebbe essere motivo di orgoglio per il nostro paese con il suo straordinario lavoro in difesa della giustizia e del diritto internazionale.<\/p>\n<p class=\"western\" lang=\"en-US\">Davanti a questa enorme distanza tra la realt\u00e0 sopraelencata e le parole che hanno accompagnato l&#8217;arrivo di Herzog, <b>Le chiediamo<\/b> : di esprimersi con chiarezza a sostegno delle istituzioni ONU e del pronunciamento della Corte Internazionale di giustizia del 19 luglio 2024, chiedendo ufficialmente la fine dell&#8217;apartheid e dell&#8217;occupazione in Cisgiordania, e respingendo a nome dell&#8217;Italia le ipotesi di pulizia etnica e di deportazione di massa a Gaza.<\/p>\n<p class=\"western\" lang=\"en-US\">Crediamo che solo in questo modo l&#8217;Italia contribuirebbe a fugare ogni ambiguit\u00e0 sul proprio convinto sostegno alle istituzioni internazionali e al diritto internazionale, unica alternativa alla degenerazione bellica e alla violenza.<\/p>\n<p class=\"western\" lang=\"en-US\">In fede,<\/p>\n<p>Andr\u00e9s Lasso<br \/>\nPier Luigi Caramelli<br \/>\nAlessia Mascherini<br \/>\nMaurizio Dolfi<br \/>\nSilva Rusich<br \/>\nClaudia Daur\u00f9<br \/>\nLoredana Magri<br \/>\nManuela Giugni<br \/>\nGruppo \u201cle dee vulnerabili\u201d<\/p>\n<p>Antonietta Federici<br \/>\nFiorella Giuntoli<br \/>\nSaverio Benedetti<br \/>\nSilvia Dossi<br \/>\nGigliola Paolucci Ragni<br \/>\nFrancesco Cavalieri<br \/>\nGraziella Guidugli<br \/>\nElisabetta Rosati<br \/>\nLuca Brogioni<br \/>\nLeonardo Cappellini<br \/>\nGiuseppe Bettenzoli<br \/>\nLaura Marcheselli<br \/>\nOlivier Turquet<br \/>\nGisella Filippi<br \/>\nMoreno Biagioni<br \/>\nComunit\u00e0 dell&#8217;isolotto<br \/>\nSandra Carpi Lapi<br \/>\nFrancesca Logli<br \/>\nCarlo Consigli<br \/>\nMassimo Torelli<br \/>\nEleonora Colucci<br \/>\nMarcello Noferini<br \/>\nCristina Mascalchi<br \/>\nGiovanni Commare<br \/>\nRomina Savio<br \/>\nAntonella Coppola<br \/>\nPaolo Mazzinghi<br \/>\nARCI Citt\u00e0 Vivibili APS<br \/>\nLeonhard Schaefer<br \/>\nGaia Pedrolli<br \/>\nAntonio Desideri<br \/>\nFirenze Citt\u00e0 Aperta<br \/>\nStefano Santini<br \/>\nFrancesco Torrigiani<br \/>\nMarco Fantechi<br \/>\nANPI Isolotto<br \/>\nFilippo Zolesi<br \/>\nChiara Giunti<br \/>\nPierpaolo Loi<br \/>\nGruppo \u201cIn cammino per la Pace\u201d<br \/>\nComitato fiorentino fermiamo la guerra<br \/>\n(firme aggiornate al 3 marzo ore 16:30)<\/p>\n","protected":false},"excerpt":{"rendered":"<p>Insieme ad alcune persone della societ\u00e0 civile abbiamo scritto questa lettera al Presidente della Repubblica che potete firmare qui https:\/\/docs.google.com\/forms\/d\/1I8hTsaEhOjLAEU0GOtZhIrbEud9MQayep3Yt-yRwzoM\/edit?usp=sharing_eil_se_dm&amp;ts=67c69585 &nbsp; Egregio presidente della Repubblica scriviamo per porre alla Sua attenzione il nostro sconcerto e smarrimento, come cittadini italiani e&hellip;<\/p>\n","protected":false},"author":1967,"featured_media":2586866,"comment_status":"closed","ping_status":"closed","sticky":false,"template":"","format":"standard","meta":{"footnotes":""},"categories":[150,1263,57],"tags":[50524,9884,112454,778,37282],"class_list":["post-2586862","post","type-post","status-publish","format-standard","has-post-thumbnail","hentry","category-comunicati-stampa","category-pace-disarmo","category-affari-esteri","tag-corte-internazionale-di-giustizia","tag-genocidio","tag-herzog-it","tag-israele","tag-mattarella"],"yoast_head":"<!-- This site is optimized with the Yoast SEO plugin v27.1.1 - https:\/\/yoast.com\/product\/yoast-seo-wordpress\/ -->\n<title>Lettera aperta al Presidente della Repubblica su Israele<\/title>\n<meta name=\"description\" content=\"Insieme ad alcune persone della societ\u00e0 civile abbiamo scritto questa lettera al Presidente della Repubblica che potete firmare qui\" \/>\n<meta name=\"robots\" content=\"index, follow, max-snippet:-1, max-image-preview:large, max-video-preview:-1\" \/>\n<link rel=\"canonical\" href=\"https:\/\/www.pressenza.com\/it\/2025\/03\/lettera-aperta-al-presidente-della-repubblica-su-israele\/\" \/>\n<meta property=\"og:locale\" content=\"it_IT\" \/>\n<meta property=\"og:type\" content=\"article\" \/>\n<meta property=\"og:title\" content=\"Lettera aperta al Presidente della Repubblica su Israele\" \/>\n<meta property=\"og:description\" content=\"Insieme ad alcune persone della societ\u00e0 civile abbiamo scritto questa lettera al Presidente della Repubblica che potete firmare qui\" \/>\n<meta property=\"og:url\" content=\"https:\/\/www.pressenza.com\/it\/2025\/03\/lettera-aperta-al-presidente-della-repubblica-su-israele\/\" \/>\n<meta property=\"og:site_name\" content=\"Pressenza\" \/>\n<meta property=\"article:publisher\" content=\"https:\/\/www.facebook.com\/PressenzaItalia\" \/>\n<meta property=\"article:published_time\" content=\"2025-03-03T13:46:59+00:00\" \/>\n<meta property=\"article:modified_time\" content=\"2025-03-08T09:07:31+00:00\" \/>\n<meta property=\"og:image\" content=\"https:\/\/www.pressenza.com\/wp-content\/uploads\/2025\/03\/Mattarella-Herzog.jpg\" \/>\n\t<meta property=\"og:image:width\" content=\"750\" \/>\n\t<meta property=\"og:image:height\" content=\"500\" \/>\n\t<meta property=\"og:image:type\" content=\"image\/jpeg\" \/>\n<meta name=\"author\" content=\"Andr\u00e9s Lasso\" \/>\n<meta name=\"twitter:card\" content=\"summary_large_image\" \/>\n<meta name=\"twitter:creator\" content=\"@PressenzaIPA\" \/>\n<meta name=\"twitter:site\" content=\"@PressenzaIPA\" \/>\n<meta name=\"twitter:label1\" content=\"Scritto da\" \/>\n\t<meta name=\"twitter:data1\" content=\"Andr\u00e9s Lasso\" \/>\n\t<meta name=\"twitter:label2\" content=\"Tempo di lettura stimato\" \/>\n\t<meta name=\"twitter:data2\" content=\"4 minuti\" \/>\n<script type=\"application\/ld+json\" class=\"yoast-schema-graph\">{\"@context\":\"https:\/\/schema.org\",\"@graph\":[{\"@type\":\"Article\",\"@id\":\"https:\/\/www.pressenza.com\/it\/2025\/03\/lettera-aperta-al-presidente-della-repubblica-su-israele\/#article\",\"isPartOf\":{\"@id\":\"https:\/\/www.pressenza.com\/it\/2025\/03\/lettera-aperta-al-presidente-della-repubblica-su-israele\/\"},\"author\":{\"name\":\"Andr\u00e9s Lasso\",\"@id\":\"https:\/\/www.pressenza.com\/it\/#\/schema\/person\/2b4b2fbfb5d928460cb6a325419ab529\"},\"headline\":\"Lettera aperta al Presidente della Repubblica su Israele\",\"datePublished\":\"2025-03-03T13:46:59+00:00\",\"dateModified\":\"2025-03-08T09:07:31+00:00\",\"mainEntityOfPage\":{\"@id\":\"https:\/\/www.pressenza.com\/it\/2025\/03\/lettera-aperta-al-presidente-della-repubblica-su-israele\/\"},\"wordCount\":657,\"publisher\":{\"@id\":\"https:\/\/www.pressenza.com\/it\/#organization\"},\"image\":{\"@id\":\"https:\/\/www.pressenza.com\/it\/2025\/03\/lettera-aperta-al-presidente-della-repubblica-su-israele\/#primaryimage\"},\"thumbnailUrl\":\"https:\/\/www.pressenza.com\/wp-content\/uploads\/2025\/03\/Mattarella-Herzog.jpg\",\"keywords\":[\"Corte Internazionale di Giustizia\",\"genocidio\",\"Herzog\",\"Israele\",\"Mattarella\"],\"articleSection\":[\"Comunicati Stampa\",\"Pace e Disarmo\",\"Questioni internazionali\"],\"inLanguage\":\"it-IT\"},{\"@type\":\"WebPage\",\"@id\":\"https:\/\/www.pressenza.com\/it\/2025\/03\/lettera-aperta-al-presidente-della-repubblica-su-israele\/\",\"url\":\"https:\/\/www.pressenza.com\/it\/2025\/03\/lettera-aperta-al-presidente-della-repubblica-su-israele\/\",\"name\":\"Lettera aperta al Presidente della Repubblica su Israele\",\"isPartOf\":{\"@id\":\"https:\/\/www.pressenza.com\/it\/#website\"},\"primaryImageOfPage\":{\"@id\":\"https:\/\/www.pressenza.com\/it\/2025\/03\/lettera-aperta-al-presidente-della-repubblica-su-israele\/#primaryimage\"},\"image\":{\"@id\":\"https:\/\/www.pressenza.com\/it\/2025\/03\/lettera-aperta-al-presidente-della-repubblica-su-israele\/#primaryimage\"},\"thumbnailUrl\":\"https:\/\/www.pressenza.com\/wp-content\/uploads\/2025\/03\/Mattarella-Herzog.jpg\",\"datePublished\":\"2025-03-03T13:46:59+00:00\",\"dateModified\":\"2025-03-08T09:07:31+00:00\",\"description\":\"Insieme ad alcune persone della societ\u00e0 civile abbiamo scritto questa lettera al Presidente della Repubblica che potete firmare qui\",\"breadcrumb\":{\"@id\":\"https:\/\/www.pressenza.com\/it\/2025\/03\/lettera-aperta-al-presidente-della-repubblica-su-israele\/#breadcrumb\"},\"inLanguage\":\"it-IT\",\"potentialAction\":[{\"@type\":\"ReadAction\",\"target\":[\"https:\/\/www.pressenza.com\/it\/2025\/03\/lettera-aperta-al-presidente-della-repubblica-su-israele\/\"]}]},{\"@type\":\"ImageObject\",\"inLanguage\":\"it-IT\",\"@id\":\"https:\/\/www.pressenza.com\/it\/2025\/03\/lettera-aperta-al-presidente-della-repubblica-su-israele\/#primaryimage\",\"url\":\"https:\/\/www.pressenza.com\/wp-content\/uploads\/2025\/03\/Mattarella-Herzog.jpg\",\"contentUrl\":\"https:\/\/www.pressenza.com\/wp-content\/uploads\/2025\/03\/Mattarella-Herzog.jpg\",\"width\":750,\"height\":500},{\"@type\":\"BreadcrumbList\",\"@id\":\"https:\/\/www.pressenza.com\/it\/2025\/03\/lettera-aperta-al-presidente-della-repubblica-su-israele\/#breadcrumb\",\"itemListElement\":[{\"@type\":\"ListItem\",\"position\":1,\"name\":\"Accueil\",\"item\":\"https:\/\/www.pressenza.com\/it\/\"},{\"@type\":\"ListItem\",\"position\":2,\"name\":\"Lettera aperta al Presidente della Repubblica su Israele\"}]},{\"@type\":\"WebSite\",\"@id\":\"https:\/\/www.pressenza.com\/it\/#website\",\"url\":\"https:\/\/www.pressenza.com\/it\/\",\"name\":\"Pressenza\",\"description\":\"Agenzia di Stampa Internazionale\",\"publisher\":{\"@id\":\"https:\/\/www.pressenza.com\/it\/#organization\"},\"potentialAction\":[{\"@type\":\"SearchAction\",\"target\":{\"@type\":\"EntryPoint\",\"urlTemplate\":\"https:\/\/www.pressenza.com\/it\/?s={search_term_string}\"},\"query-input\":{\"@type\":\"PropertyValueSpecification\",\"valueRequired\":true,\"valueName\":\"search_term_string\"}}],\"inLanguage\":\"it-IT\"},{\"@type\":\"Organization\",\"@id\":\"https:\/\/www.pressenza.com\/it\/#organization\",\"name\":\"Pressenza\",\"url\":\"https:\/\/www.pressenza.com\/it\/\",\"logo\":{\"@type\":\"ImageObject\",\"inLanguage\":\"it-IT\",\"@id\":\"https:\/\/www.pressenza.com\/it\/#\/schema\/logo\/image\/\",\"url\":\"https:\/\/www.pressenza.com\/wp-content\/uploads\/2022\/10\/pressenza_logo_200x200.jpg\",\"contentUrl\":\"https:\/\/www.pressenza.com\/wp-content\/uploads\/2022\/10\/pressenza_logo_200x200.jpg\",\"width\":200,\"height\":200,\"caption\":\"Pressenza\"},\"image\":{\"@id\":\"https:\/\/www.pressenza.com\/it\/#\/schema\/logo\/image\/\"},\"sameAs\":[\"https:\/\/www.facebook.com\/PressenzaItalia\",\"https:\/\/x.com\/PressenzaIPA\"]},{\"@type\":\"Person\",\"@id\":\"https:\/\/www.pressenza.com\/it\/#\/schema\/person\/2b4b2fbfb5d928460cb6a325419ab529\",\"name\":\"Andr\u00e9s Lasso\",\"description\":\"Sono biologo, attivista ecologista. Mi occupo di manutenzione e progettazione del verde, oltre ad essere apicoltore hobbista. Collaboro in progetti di educazione ambientale e di riqualificazione in particolare attraverso Legambiente e l'associazione che presiedo, Ideale Ambiente. Nel 2019 sono stato candidato sindaco a Firenze con la Federazione dei Verdi. Ho esperienze pregresse in ambito sociale, in particolare come educatore e insegnante e come volontario internazionale.\",\"url\":\"https:\/\/www.pressenza.com\/it\/author\/andres-lasso\/\"}]}<\/script>\n<!-- \/ Yoast SEO plugin. -->","yoast_head_json":{"title":"Lettera aperta al Presidente della Repubblica su Israele","description":"Insieme ad alcune persone della societ\u00e0 civile abbiamo scritto questa lettera al Presidente della Repubblica che potete firmare qui","robots":{"index":"index","follow":"follow","max-snippet":"max-snippet:-1","max-image-preview":"max-image-preview:large","max-video-preview":"max-video-preview:-1"},"canonical":"https:\/\/www.pressenza.com\/it\/2025\/03\/lettera-aperta-al-presidente-della-repubblica-su-israele\/","og_locale":"it_IT","og_type":"article","og_title":"Lettera aperta al Presidente della Repubblica su Israele","og_description":"Insieme ad alcune persone della societ\u00e0 civile abbiamo scritto questa lettera al Presidente della Repubblica che potete firmare qui","og_url":"https:\/\/www.pressenza.com\/it\/2025\/03\/lettera-aperta-al-presidente-della-repubblica-su-israele\/","og_site_name":"Pressenza","article_publisher":"https:\/\/www.facebook.com\/PressenzaItalia","article_published_time":"2025-03-03T13:46:59+00:00","article_modified_time":"2025-03-08T09:07:31+00:00","og_image":[{"width":750,"height":500,"url":"https:\/\/www.pressenza.com\/wp-content\/uploads\/2025\/03\/Mattarella-Herzog.jpg","type":"image\/jpeg"}],"author":"Andr\u00e9s Lasso","twitter_card":"summary_large_image","twitter_creator":"@PressenzaIPA","twitter_site":"@PressenzaIPA","twitter_misc":{"Scritto da":"Andr\u00e9s Lasso","Tempo di lettura stimato":"4 minuti"},"schema":{"@context":"https:\/\/schema.org","@graph":[{"@type":"Article","@id":"https:\/\/www.pressenza.com\/it\/2025\/03\/lettera-aperta-al-presidente-della-repubblica-su-israele\/#article","isPartOf":{"@id":"https:\/\/www.pressenza.com\/it\/2025\/03\/lettera-aperta-al-presidente-della-repubblica-su-israele\/"},"author":{"name":"Andr\u00e9s Lasso","@id":"https:\/\/www.pressenza.com\/it\/#\/schema\/person\/2b4b2fbfb5d928460cb6a325419ab529"},"headline":"Lettera aperta al Presidente della Repubblica su Israele","datePublished":"2025-03-03T13:46:59+00:00","dateModified":"2025-03-08T09:07:31+00:00","mainEntityOfPage":{"@id":"https:\/\/www.pressenza.com\/it\/2025\/03\/lettera-aperta-al-presidente-della-repubblica-su-israele\/"},"wordCount":657,"publisher":{"@id":"https:\/\/www.pressenza.com\/it\/#organization"},"image":{"@id":"https:\/\/www.pressenza.com\/it\/2025\/03\/lettera-aperta-al-presidente-della-repubblica-su-israele\/#primaryimage"},"thumbnailUrl":"https:\/\/www.pressenza.com\/wp-content\/uploads\/2025\/03\/Mattarella-Herzog.jpg","keywords":["Corte Internazionale di Giustizia","genocidio","Herzog","Israele","Mattarella"],"articleSection":["Comunicati Stampa","Pace e Disarmo","Questioni internazionali"],"inLanguage":"it-IT"},{"@type":"WebPage","@id":"https:\/\/www.pressenza.com\/it\/2025\/03\/lettera-aperta-al-presidente-della-repubblica-su-israele\/","url":"https:\/\/www.pressenza.com\/it\/2025\/03\/lettera-aperta-al-presidente-della-repubblica-su-israele\/","name":"Lettera aperta al Presidente della Repubblica su Israele","isPartOf":{"@id":"https:\/\/www.pressenza.com\/it\/#website"},"primaryImageOfPage":{"@id":"https:\/\/www.pressenza.com\/it\/2025\/03\/lettera-aperta-al-presidente-della-repubblica-su-israele\/#primaryimage"},"image":{"@id":"https:\/\/www.pressenza.com\/it\/2025\/03\/lettera-aperta-al-presidente-della-repubblica-su-israele\/#primaryimage"},"thumbnailUrl":"https:\/\/www.pressenza.com\/wp-content\/uploads\/2025\/03\/Mattarella-Herzog.jpg","datePublished":"2025-03-03T13:46:59+00:00","dateModified":"2025-03-08T09:07:31+00:00","description":"Insieme ad alcune persone della societ\u00e0 civile abbiamo scritto questa lettera al Presidente della Repubblica che potete firmare qui","breadcrumb":{"@id":"https:\/\/www.pressenza.com\/it\/2025\/03\/lettera-aperta-al-presidente-della-repubblica-su-israele\/#breadcrumb"},"inLanguage":"it-IT","potentialAction":[{"@type":"ReadAction","target":["https:\/\/www.pressenza.com\/it\/2025\/03\/lettera-aperta-al-presidente-della-repubblica-su-israele\/"]}]},{"@type":"ImageObject","inLanguage":"it-IT","@id":"https:\/\/www.pressenza.com\/it\/2025\/03\/lettera-aperta-al-presidente-della-repubblica-su-israele\/#primaryimage","url":"https:\/\/www.pressenza.com\/wp-content\/uploads\/2025\/03\/Mattarella-Herzog.jpg","contentUrl":"https:\/\/www.pressenza.com\/wp-content\/uploads\/2025\/03\/Mattarella-Herzog.jpg","width":750,"height":500},{"@type":"BreadcrumbList","@id":"https:\/\/www.pressenza.com\/it\/2025\/03\/lettera-aperta-al-presidente-della-repubblica-su-israele\/#breadcrumb","itemListElement":[{"@type":"ListItem","position":1,"name":"Accueil","item":"https:\/\/www.pressenza.com\/it\/"},{"@type":"ListItem","position":2,"name":"Lettera aperta al Presidente della Repubblica su Israele"}]},{"@type":"WebSite","@id":"https:\/\/www.pressenza.com\/it\/#website","url":"https:\/\/www.pressenza.com\/it\/","name":"Pressenza","description":"Agenzia di Stampa Internazionale","publisher":{"@id":"https:\/\/www.pressenza.com\/it\/#organization"},"potentialAction":[{"@type":"SearchAction","target":{"@type":"EntryPoint","urlTemplate":"https:\/\/www.pressenza.com\/it\/?s={search_term_string}"},"query-input":{"@type":"PropertyValueSpecification","valueRequired":true,"valueName":"search_term_string"}}],"inLanguage":"it-IT"},{"@type":"Organization","@id":"https:\/\/www.pressenza.com\/it\/#organization","name":"Pressenza","url":"https:\/\/www.pressenza.com\/it\/","logo":{"@type":"ImageObject","inLanguage":"it-IT","@id":"https:\/\/www.pressenza.com\/it\/#\/schema\/logo\/image\/","url":"https:\/\/www.pressenza.com\/wp-content\/uploads\/2022\/10\/pressenza_logo_200x200.jpg","contentUrl":"https:\/\/www.pressenza.com\/wp-content\/uploads\/2022\/10\/pressenza_logo_200x200.jpg","width":200,"height":200,"caption":"Pressenza"},"image":{"@id":"https:\/\/www.pressenza.com\/it\/#\/schema\/logo\/image\/"},"sameAs":["https:\/\/www.facebook.com\/PressenzaItalia","https:\/\/x.com\/PressenzaIPA"]},{"@type":"Person","@id":"https:\/\/www.pressenza.com\/it\/#\/schema\/person\/2b4b2fbfb5d928460cb6a325419ab529","name":"Andr\u00e9s Lasso","description":"Sono biologo, attivista ecologista. Mi occupo di manutenzione e progettazione del verde, oltre ad essere apicoltore hobbista. Collaboro in progetti di educazione ambientale e di riqualificazione in particolare attraverso Legambiente e l'associazione che presiedo, Ideale Ambiente. Nel 2019 sono stato candidato sindaco a Firenze con la Federazione dei Verdi. Ho esperienze pregresse in ambito sociale, in particolare come educatore e insegnante e come volontario internazionale.","url":"https:\/\/www.pressenza.com\/it\/author\/andres-lasso\/"}]}},"place":"Firenze","original_article_url":"","_links":{"self":[{"href":"https:\/\/www.pressenza.com\/it\/wp-json\/wp\/v2\/posts\/2586862","targetHints":{"allow":["GET"]}}],"collection":[{"href":"https:\/\/www.pressenza.com\/it\/wp-json\/wp\/v2\/posts"}],"about":[{"href":"https:\/\/www.pressenza.com\/it\/wp-json\/wp\/v2\/types\/post"}],"author":[{"embeddable":true,"href":"https:\/\/www.pressenza.com\/it\/wp-json\/wp\/v2\/users\/1967"}],"replies":[{"embeddable":true,"href":"https:\/\/www.pressenza.com\/it\/wp-json\/wp\/v2\/comments?post=2586862"}],"version-history":[{"count":0,"href":"https:\/\/www.pressenza.com\/it\/wp-json\/wp\/v2\/posts\/2586862\/revisions"}],"wp:featuredmedia":[{"embeddable":true,"href":"https:\/\/www.pressenza.com\/it\/wp-json\/wp\/v2\/media\/2586866"}],"wp:attachment":[{"href":"https:\/\/www.pressenza.com\/it\/wp-json\/wp\/v2\/media?parent=2586862"}],"wp:term":[{"taxonomy":"category","embeddable":true,"href":"https:\/\/www.pressenza.com\/it\/wp-json\/wp\/v2\/categories?post=2586862"},{"taxonomy":"post_tag","embeddable":true,"href":"https:\/\/www.pressenza.com\/it\/wp-json\/wp\/v2\/tags?post=2586862"}],"curies":[{"name":"wp","href":"https:\/\/api.w.org\/{rel}","templated":true}]}}