{"id":2585807,"date":"2025-02-26T18:05:42","date_gmt":"2025-02-26T18:05:42","guid":{"rendered":"https:\/\/www.pressenza.com\/?p=2585807"},"modified":"2025-02-26T18:05:42","modified_gmt":"2025-02-26T18:05:42","slug":"liberalfascismo-come-i-liberali-distruggono-la-democrazia-e-ci-portano-in-guerra","status":"publish","type":"post","link":"https:\/\/www.pressenza.com\/it\/2025\/02\/liberalfascismo-come-i-liberali-distruggono-la-democrazia-e-ci-portano-in-guerra\/","title":{"rendered":"Liberalfascismo. Come i liberali distruggono la democrazia e ci portano in guerra"},"content":{"rendered":"<p><span style=\"font-weight: 400;\">\u00c8 aria di fascismo. Non (o non solo) quello storico, istituzionalizzato nel Ventennio, sconfitto dalla Resistenza partigiana, bens\u00ec uno in vesti aggiornate che altro non \u00e8, come sempre, se non la faccia nefasta dell\u2019imperialismo in crisi, il sostegno in forma di violenza alle politiche economiche e sociali neoliberiste della classe dominante, il substrato necessario alla crescita delle disuguaglianze.<\/span><\/p>\n<p><span style=\"font-weight: 400;\">Questo il <\/span><i><span style=\"font-weight: 400;\">leitmotiv<\/span><\/i><span style=\"font-weight: 400;\"> del libro &#8220;Liberalfascismo, come i liberali distruggono la democrazia e ci portano in guerra&#8221; di Giorgio Cremaschi edito con Mimesis Edizioni.<\/span><\/p>\n<p><span style=\"font-weight: 400;\">Il fascismo \u00e8 democrazia? Per niente. La globalizzazione liberista e la politica economica neoliberista stanno dominando il mondo a discapito delle sinistre social-liberali.<\/span><\/p>\n<p><span style=\"font-weight: 400;\">Attualmente viviamo la prevaricazione del liberalfascismo, ossia della supremazia dei partiti di destra e di quelle componenti politiche asservite al potere del capitale che equivalgono al neoliberismo imperante.<\/span><\/p>\n<p><span style=\"font-weight: 400;\">In passato il fascismo \u00e8 cresciuto con i finanziamenti ricevuti da multinazionali, come si evince anche dal caso e dall\u2019assassinio Matteotti. Attualmente il fascismo si manifesta con il liberismo imposto e dettato dal neoliberismo prevaricante che ha preso piede a livello globale a partire dal 1973 con l\u2019omicidio di Salvador Allende in Cile e poi ancora con l\u2019ascesa della dittatura di Pinochet e l\u2019avvento della masnada dei Chicago Boys che culmina con il trattato tra Reagan e Thatcher e Wojtyla negli anni \u201880.<\/span><\/p>\n<p><span style=\"font-weight: 400;\">Il libro di Giorgio Cremaschi pone un quesito che risponde alla questione: ma i fascisti non ci sono pi\u00f9 o esistono ancora? Il discrimine lo troviamo nel modello politico dell\u2019Unione Europea che non ha nulla a che vedere con il grande progetto visionario e utopico di Ventotene e di Altiero Spinelli. L\u2019Europa delle genti e dei popoli e delle minoranze senza pi\u00f9 guerre e conflitti armati, nel rispetto delle carte costituzionali.\u00a0<\/span><\/p>\n<p><span style=\"font-weight: 400;\">Attualmente invece vige e impera l\u2019Europa delle multinazionali e delle grandi banche armate che finanziano le guerre in ogni parte del globo a discapito di un\u2019Europa utopica fondata sull\u2019accoglienza e la solidariet\u00e0 e l\u2019antifascismo, ma non quello atlantista naturalmente. Oggi viviamo un\u2019Europa incapace di svolgere il proprio ruolo di <\/span><i><span style=\"font-weight: 400;\">ago della bilancia<\/span><\/i><span style=\"font-weight: 400;\"> di un sistema globale che sempre pi\u00f9 si rifiuta di contrapporsi all\u2019escalation militaresca e all\u2019avanzata del potenziale sterminio nucleare e dei signori dell\u2019atomo, del petrolio, della guerra, dell\u2019acciaio che sono i detentori dell\u2019apocalisse atomica.<\/span><\/p>\n<p><span style=\"font-weight: 400;\">Giorgio Cremaschi afferma di non conoscere ormai la societ\u00e0, ma solo individui. In quanto l\u2019individualismo \u00e8 concepito come prevaricazione di potere e competitivit\u00e0 sfrenata e corsa al riarmo e al controllo delle risorse globali a discapito dell\u2019uguaglianza economica che \u00e8 soppiantata da una incredibile sperequazione che conduce alla concentrazione di grandi quantit\u00e0 di risorse e beni comuni nelle mani di pochi potenti detentori del capitale.\u00a0<\/span><\/p>\n<p><span style=\"font-weight: 400;\">Mentre la societ\u00e0 si trasforma sempre pi\u00f9 in un agglomerato individualista secondo i dettami fascisti e le imposizioni gerarchiche. Questa invece dovrebbe incarnare un esempio, un monito di comunit\u00e0 laica, un sentire comunitario condiviso, fondato sulla solidariet\u00e0, l\u2019accoglienza e l\u2019inclusione e l\u2019amore tra le persone e i popoli.<\/span><\/p>\n<p><span style=\"font-weight: 400;\">Il liberalfascismo deporta le persone verso una democrazia dello sfruttamento in un\u2019accezione estremamente negativa dove il pi\u00f9 debole e il pi\u00f9 fragile e l\u2019ultimo dell\u2019anello sociale sono posti ai margini dall\u2019individualismo che permea in senso dannoso e deleterio l\u2019attuale societ\u00e0.<\/span><\/p>\n<p><span style=\"font-weight: 400;\">Quindi l\u2019austerit\u00e0 contro la democrazia. Ossia si chiede sempre pi\u00f9 un estremo sacrificio e illecita sottomissione da parte degli ultimi e di tutti i cittadini e lavoratori che vivono con il solo loro reddito al fine di incrementare la ricchezza nelle mani dei privati e non dello Stato sociale e dei servizi pubblici e al contrario nella concentrazione del massimo benessere e profitto nelle tasche dei pi\u00f9 potenti e dei padroni che detengono il capitale.\u00a0<\/span><\/p>\n<p><span style=\"font-weight: 400;\">Per questo Cremaschi tratta di una &#8216;democrazia di Apartheid&#8217; dove gli ultimi della societ\u00e0 &#8216;civile&#8217; scontano il lavoro coatto e la miseria di un nefasto e funesto sistema accumulatorio e predatorio che avvantaggia sempre i pi\u00f9 potenti a livello globale e i benestanti e benpensanti e i padroni e i signori della guerra.\u00a0<\/span><\/p>\n<p><span style=\"font-weight: 400;\">Per questo non si vive in una democrazia sana e basata sugli ideali della Costituzione Repubblicana nata dalla lotta al nazifascismo in tutta Europa nel novecento, ma ci si scontra su un modello di &#8216;democrazia anticomunista&#8217; che equipara, in modo revisionista, il modello comunista con la spregiudicatezza del fascismo e l\u2019orrore e la barbarie di quello che \u00e8 stato il nazifascismo nell\u2019Europa del cosiddetto e nefasto secolo breve. Quindi risulta una &#8216;democrazia truccata&#8217; perch\u00e9 non si attiene ai dettami e agli ideali e ai valori della costituzione e del diritto internazionale. Ma si avvale di disvalori mefitici, moralmente guasti e pericolosi, del fascismo pi\u00f9 abietto con il tramite del militarismo che pervade attualmente e inizialmente il sistema scolastico e l\u2019universit\u00e0 e infine la societ\u00e0 nel suo complesso.<\/span><\/p>\n<p><span style=\"font-weight: 400;\">Il motto pi\u00f9 usuale in questo contesto appunto mefitico \u00e8 Dio, patria, famiglia in quanto non si lascia spazio alla libert\u00e0 di pensiero, alla libert\u00e0 di scelta e alla laicit\u00e0 inclusiva e alla diversit\u00e0 delle differenze in nome di un bigottismo e un provincialismo e menefreghismo e della borghesizzazione del sociale che portano alla fascistizzazione del concetto e contesto comunitario come sosteneva don Milani.<\/span><\/p>\n<p><span style=\"font-weight: 400;\">Cremaschi denuncia un ritorno a un\u2019Italia dei fasti repubblichini dove si assiste a un travaglio di passivit\u00e0 di molte frange della popolazione e in contrapposizione a moti di ribellione soprattutto di diverse parti dei giovani che non vogliono sottostare alle imposizioni neoliberiste e alle minacce e emergenze che attanagliano la societ\u00e0 a livello glocale e l\u2019umanit\u00e0 a partire dall\u2019universale. Per cui si assiste ad un &#8216;bivio della paura&#8217; farneticante che porta a sgomento e allo stesso tempo a volont\u00e0 di riflessione e di azione e rivolta da parte di alcune frange giovanili.\u00a0<\/span><\/p>\n<p><span style=\"font-weight: 400;\">I giovani di Fridays for Future e di Extinction Rebellion e di Ultima Generazione e gli studenti universitari e tutti i pacifisti, i disertori, i renitenti e gli obiettori che nel mondo si rifiutano di imbracciare le armi e di andare in trincea per combattere e andare incontro all\u2019autodistruzione immediata, ma anche e soprattutto all&#8217;annientamento dell\u2019intero genere umano sono le variegate realt\u00e0 di lotta e resistenze estrema che tutti insieme dobbiamo sostenere come societ\u00e0 libere e pensanti in una nuova stagione di resistenza per la pace universale, contro i metodi autoritari del fascismo all\u2019interno dell\u2019ideologia liberale come esito della capitalizzazione a destra del sistema neoliberista. Infatti, la globalizzazione liberista e la politica economica neoliberista stanno dominando stabilmente il mondo a discapito delle sinistre social-liberali che non vogliono le guerre e i genocidi e lottano e resistono, al contrario di questo contemporaneo sistema congiunturale distorto, per il valore e l&#8217;ideale pi\u00f9 alto: la pace.<\/span><\/p>\n<p>&nbsp;<\/p>\n","protected":false},"excerpt":{"rendered":"<p>\u00c8 aria di fascismo. Non (o non solo) quello storico, istituzionalizzato nel Ventennio, sconfitto dalla Resistenza partigiana, bens\u00ec uno in vesti aggiornate che altro non \u00e8, come sempre, se non la faccia nefasta dell\u2019imperialismo in crisi, il sostegno in forma&hellip;<\/p>\n","protected":false},"author":535,"featured_media":2585808,"comment_status":"closed","ping_status":"closed","sticky":false,"template":"","format":"standard","meta":{"footnotes":""},"categories":[56],"tags":[103565,107403,1311,1552],"class_list":["post-2585807","post","type-post","status-publish","format-standard","has-post-thumbnail","hentry","category-cultura","tag-giorgio-cremaschi","tag-liberalismo-it","tag-libro","tag-recensione"],"yoast_head":"<!-- This site is optimized with the Yoast SEO plugin v27.1.1 - https:\/\/yoast.com\/product\/yoast-seo-wordpress\/ -->\n<title>Liberalfascismo. Come i liberali distruggono la democrazia e ci portano in guerra<\/title>\n<meta name=\"description\" content=\"\u00c8 aria di fascismo. Non (o non solo) quello storico, istituzionalizzato nel Ventennio, sconfitto dalla Resistenza partigiana, bens\u00ec uno in vesti\" \/>\n<meta name=\"robots\" content=\"index, follow, max-snippet:-1, max-image-preview:large, max-video-preview:-1\" \/>\n<link rel=\"canonical\" href=\"https:\/\/www.pressenza.com\/it\/2025\/02\/liberalfascismo-come-i-liberali-distruggono-la-democrazia-e-ci-portano-in-guerra\/\" \/>\n<meta property=\"og:locale\" content=\"it_IT\" \/>\n<meta property=\"og:type\" content=\"article\" \/>\n<meta property=\"og:title\" content=\"Liberalfascismo. Come i liberali distruggono la democrazia e ci portano in guerra\" \/>\n<meta property=\"og:description\" content=\"\u00c8 aria di fascismo. Non (o non solo) quello storico, istituzionalizzato nel Ventennio, sconfitto dalla Resistenza partigiana, bens\u00ec uno in vesti\" \/>\n<meta property=\"og:url\" content=\"https:\/\/www.pressenza.com\/it\/2025\/02\/liberalfascismo-come-i-liberali-distruggono-la-democrazia-e-ci-portano-in-guerra\/\" \/>\n<meta property=\"og:site_name\" content=\"Pressenza\" \/>\n<meta property=\"article:publisher\" content=\"https:\/\/www.facebook.com\/PressenzaItalia\" \/>\n<meta property=\"article:published_time\" content=\"2025-02-26T18:05:42+00:00\" \/>\n<meta property=\"og:image\" content=\"https:\/\/www.pressenza.com\/wp-content\/uploads\/2025\/02\/liberal-fascismo.jpg\" \/>\n\t<meta property=\"og:image:width\" content=\"600\" \/>\n\t<meta property=\"og:image:height\" content=\"900\" \/>\n\t<meta property=\"og:image:type\" content=\"image\/jpeg\" \/>\n<meta name=\"author\" content=\"Laura Tussi\" \/>\n<meta name=\"twitter:card\" content=\"summary_large_image\" \/>\n<meta name=\"twitter:creator\" content=\"@PressenzaIPA\" \/>\n<meta name=\"twitter:site\" content=\"@PressenzaIPA\" \/>\n<meta name=\"twitter:label1\" content=\"Scritto da\" \/>\n\t<meta name=\"twitter:data1\" content=\"Laura Tussi\" \/>\n\t<meta name=\"twitter:label2\" content=\"Tempo di lettura stimato\" \/>\n\t<meta name=\"twitter:data2\" content=\"6 minuti\" \/>\n<script type=\"application\/ld+json\" class=\"yoast-schema-graph\">{\"@context\":\"https:\/\/schema.org\",\"@graph\":[{\"@type\":\"Article\",\"@id\":\"https:\/\/www.pressenza.com\/it\/2025\/02\/liberalfascismo-come-i-liberali-distruggono-la-democrazia-e-ci-portano-in-guerra\/#article\",\"isPartOf\":{\"@id\":\"https:\/\/www.pressenza.com\/it\/2025\/02\/liberalfascismo-come-i-liberali-distruggono-la-democrazia-e-ci-portano-in-guerra\/\"},\"author\":{\"name\":\"Laura Tussi\",\"@id\":\"https:\/\/www.pressenza.com\/it\/#\/schema\/person\/4c966fac98e44f3bbd881d8e837f60da\"},\"headline\":\"Liberalfascismo. Come i liberali distruggono la democrazia e ci portano in guerra\",\"datePublished\":\"2025-02-26T18:05:42+00:00\",\"mainEntityOfPage\":{\"@id\":\"https:\/\/www.pressenza.com\/it\/2025\/02\/liberalfascismo-come-i-liberali-distruggono-la-democrazia-e-ci-portano-in-guerra\/\"},\"wordCount\":1133,\"publisher\":{\"@id\":\"https:\/\/www.pressenza.com\/it\/#organization\"},\"image\":{\"@id\":\"https:\/\/www.pressenza.com\/it\/2025\/02\/liberalfascismo-come-i-liberali-distruggono-la-democrazia-e-ci-portano-in-guerra\/#primaryimage\"},\"thumbnailUrl\":\"https:\/\/www.pressenza.com\/wp-content\/uploads\/2025\/02\/liberal-fascismo.jpg\",\"keywords\":[\"Giorgio Cremaschi\",\"liberalismo\",\"libro\",\"recensione\"],\"articleSection\":[\"Cultura e Media\"],\"inLanguage\":\"it-IT\"},{\"@type\":\"WebPage\",\"@id\":\"https:\/\/www.pressenza.com\/it\/2025\/02\/liberalfascismo-come-i-liberali-distruggono-la-democrazia-e-ci-portano-in-guerra\/\",\"url\":\"https:\/\/www.pressenza.com\/it\/2025\/02\/liberalfascismo-come-i-liberali-distruggono-la-democrazia-e-ci-portano-in-guerra\/\",\"name\":\"Liberalfascismo. Come i liberali distruggono la democrazia e ci portano in guerra\",\"isPartOf\":{\"@id\":\"https:\/\/www.pressenza.com\/it\/#website\"},\"primaryImageOfPage\":{\"@id\":\"https:\/\/www.pressenza.com\/it\/2025\/02\/liberalfascismo-come-i-liberali-distruggono-la-democrazia-e-ci-portano-in-guerra\/#primaryimage\"},\"image\":{\"@id\":\"https:\/\/www.pressenza.com\/it\/2025\/02\/liberalfascismo-come-i-liberali-distruggono-la-democrazia-e-ci-portano-in-guerra\/#primaryimage\"},\"thumbnailUrl\":\"https:\/\/www.pressenza.com\/wp-content\/uploads\/2025\/02\/liberal-fascismo.jpg\",\"datePublished\":\"2025-02-26T18:05:42+00:00\",\"description\":\"\u00c8 aria di fascismo. Non (o non solo) quello storico, istituzionalizzato nel Ventennio, sconfitto dalla Resistenza partigiana, bens\u00ec uno in vesti\",\"breadcrumb\":{\"@id\":\"https:\/\/www.pressenza.com\/it\/2025\/02\/liberalfascismo-come-i-liberali-distruggono-la-democrazia-e-ci-portano-in-guerra\/#breadcrumb\"},\"inLanguage\":\"it-IT\",\"potentialAction\":[{\"@type\":\"ReadAction\",\"target\":[\"https:\/\/www.pressenza.com\/it\/2025\/02\/liberalfascismo-come-i-liberali-distruggono-la-democrazia-e-ci-portano-in-guerra\/\"]}]},{\"@type\":\"ImageObject\",\"inLanguage\":\"it-IT\",\"@id\":\"https:\/\/www.pressenza.com\/it\/2025\/02\/liberalfascismo-come-i-liberali-distruggono-la-democrazia-e-ci-portano-in-guerra\/#primaryimage\",\"url\":\"https:\/\/www.pressenza.com\/wp-content\/uploads\/2025\/02\/liberal-fascismo.jpg\",\"contentUrl\":\"https:\/\/www.pressenza.com\/wp-content\/uploads\/2025\/02\/liberal-fascismo.jpg\",\"width\":600,\"height\":900},{\"@type\":\"BreadcrumbList\",\"@id\":\"https:\/\/www.pressenza.com\/it\/2025\/02\/liberalfascismo-come-i-liberali-distruggono-la-democrazia-e-ci-portano-in-guerra\/#breadcrumb\",\"itemListElement\":[{\"@type\":\"ListItem\",\"position\":1,\"name\":\"Accueil\",\"item\":\"https:\/\/www.pressenza.com\/it\/\"},{\"@type\":\"ListItem\",\"position\":2,\"name\":\"Liberalfascismo. Come i liberali distruggono la democrazia e ci portano in guerra\"}]},{\"@type\":\"WebSite\",\"@id\":\"https:\/\/www.pressenza.com\/it\/#website\",\"url\":\"https:\/\/www.pressenza.com\/it\/\",\"name\":\"Pressenza\",\"description\":\"Agenzia di Stampa Internazionale\",\"publisher\":{\"@id\":\"https:\/\/www.pressenza.com\/it\/#organization\"},\"potentialAction\":[{\"@type\":\"SearchAction\",\"target\":{\"@type\":\"EntryPoint\",\"urlTemplate\":\"https:\/\/www.pressenza.com\/it\/?s={search_term_string}\"},\"query-input\":{\"@type\":\"PropertyValueSpecification\",\"valueRequired\":true,\"valueName\":\"search_term_string\"}}],\"inLanguage\":\"it-IT\"},{\"@type\":\"Organization\",\"@id\":\"https:\/\/www.pressenza.com\/it\/#organization\",\"name\":\"Pressenza\",\"url\":\"https:\/\/www.pressenza.com\/it\/\",\"logo\":{\"@type\":\"ImageObject\",\"inLanguage\":\"it-IT\",\"@id\":\"https:\/\/www.pressenza.com\/it\/#\/schema\/logo\/image\/\",\"url\":\"https:\/\/www.pressenza.com\/wp-content\/uploads\/2022\/10\/pressenza_logo_200x200.jpg\",\"contentUrl\":\"https:\/\/www.pressenza.com\/wp-content\/uploads\/2022\/10\/pressenza_logo_200x200.jpg\",\"width\":200,\"height\":200,\"caption\":\"Pressenza\"},\"image\":{\"@id\":\"https:\/\/www.pressenza.com\/it\/#\/schema\/logo\/image\/\"},\"sameAs\":[\"https:\/\/www.facebook.com\/PressenzaItalia\",\"https:\/\/x.com\/PressenzaIPA\"]},{\"@type\":\"Person\",\"@id\":\"https:\/\/www.pressenza.com\/it\/#\/schema\/person\/4c966fac98e44f3bbd881d8e837f60da\",\"name\":\"Laura Tussi\",\"description\":\"Docente, giornalista e ricercatrice, si occupa di pedagogia nonviolenta e interculturale. Ha conseguito cinque lauree specialistiche in formazione degli adulti e consulenza pedagogica nell'ambito delle scienze della formazione e dell'educazione.\",\"url\":\"https:\/\/www.pressenza.com\/it\/author\/laura-tussi\/\"}]}<\/script>\n<!-- \/ Yoast SEO plugin. -->","yoast_head_json":{"title":"Liberalfascismo. Come i liberali distruggono la democrazia e ci portano in guerra","description":"\u00c8 aria di fascismo. Non (o non solo) quello storico, istituzionalizzato nel Ventennio, sconfitto dalla Resistenza partigiana, bens\u00ec uno in vesti","robots":{"index":"index","follow":"follow","max-snippet":"max-snippet:-1","max-image-preview":"max-image-preview:large","max-video-preview":"max-video-preview:-1"},"canonical":"https:\/\/www.pressenza.com\/it\/2025\/02\/liberalfascismo-come-i-liberali-distruggono-la-democrazia-e-ci-portano-in-guerra\/","og_locale":"it_IT","og_type":"article","og_title":"Liberalfascismo. Come i liberali distruggono la democrazia e ci portano in guerra","og_description":"\u00c8 aria di fascismo. Non (o non solo) quello storico, istituzionalizzato nel Ventennio, sconfitto dalla Resistenza partigiana, bens\u00ec uno in vesti","og_url":"https:\/\/www.pressenza.com\/it\/2025\/02\/liberalfascismo-come-i-liberali-distruggono-la-democrazia-e-ci-portano-in-guerra\/","og_site_name":"Pressenza","article_publisher":"https:\/\/www.facebook.com\/PressenzaItalia","article_published_time":"2025-02-26T18:05:42+00:00","og_image":[{"width":600,"height":900,"url":"https:\/\/www.pressenza.com\/wp-content\/uploads\/2025\/02\/liberal-fascismo.jpg","type":"image\/jpeg"}],"author":"Laura Tussi","twitter_card":"summary_large_image","twitter_creator":"@PressenzaIPA","twitter_site":"@PressenzaIPA","twitter_misc":{"Scritto da":"Laura Tussi","Tempo di lettura stimato":"6 minuti"},"schema":{"@context":"https:\/\/schema.org","@graph":[{"@type":"Article","@id":"https:\/\/www.pressenza.com\/it\/2025\/02\/liberalfascismo-come-i-liberali-distruggono-la-democrazia-e-ci-portano-in-guerra\/#article","isPartOf":{"@id":"https:\/\/www.pressenza.com\/it\/2025\/02\/liberalfascismo-come-i-liberali-distruggono-la-democrazia-e-ci-portano-in-guerra\/"},"author":{"name":"Laura Tussi","@id":"https:\/\/www.pressenza.com\/it\/#\/schema\/person\/4c966fac98e44f3bbd881d8e837f60da"},"headline":"Liberalfascismo. Come i liberali distruggono la democrazia e ci portano in guerra","datePublished":"2025-02-26T18:05:42+00:00","mainEntityOfPage":{"@id":"https:\/\/www.pressenza.com\/it\/2025\/02\/liberalfascismo-come-i-liberali-distruggono-la-democrazia-e-ci-portano-in-guerra\/"},"wordCount":1133,"publisher":{"@id":"https:\/\/www.pressenza.com\/it\/#organization"},"image":{"@id":"https:\/\/www.pressenza.com\/it\/2025\/02\/liberalfascismo-come-i-liberali-distruggono-la-democrazia-e-ci-portano-in-guerra\/#primaryimage"},"thumbnailUrl":"https:\/\/www.pressenza.com\/wp-content\/uploads\/2025\/02\/liberal-fascismo.jpg","keywords":["Giorgio Cremaschi","liberalismo","libro","recensione"],"articleSection":["Cultura e Media"],"inLanguage":"it-IT"},{"@type":"WebPage","@id":"https:\/\/www.pressenza.com\/it\/2025\/02\/liberalfascismo-come-i-liberali-distruggono-la-democrazia-e-ci-portano-in-guerra\/","url":"https:\/\/www.pressenza.com\/it\/2025\/02\/liberalfascismo-come-i-liberali-distruggono-la-democrazia-e-ci-portano-in-guerra\/","name":"Liberalfascismo. Come i liberali distruggono la democrazia e ci portano in guerra","isPartOf":{"@id":"https:\/\/www.pressenza.com\/it\/#website"},"primaryImageOfPage":{"@id":"https:\/\/www.pressenza.com\/it\/2025\/02\/liberalfascismo-come-i-liberali-distruggono-la-democrazia-e-ci-portano-in-guerra\/#primaryimage"},"image":{"@id":"https:\/\/www.pressenza.com\/it\/2025\/02\/liberalfascismo-come-i-liberali-distruggono-la-democrazia-e-ci-portano-in-guerra\/#primaryimage"},"thumbnailUrl":"https:\/\/www.pressenza.com\/wp-content\/uploads\/2025\/02\/liberal-fascismo.jpg","datePublished":"2025-02-26T18:05:42+00:00","description":"\u00c8 aria di fascismo. Non (o non solo) quello storico, istituzionalizzato nel Ventennio, sconfitto dalla Resistenza partigiana, bens\u00ec uno in vesti","breadcrumb":{"@id":"https:\/\/www.pressenza.com\/it\/2025\/02\/liberalfascismo-come-i-liberali-distruggono-la-democrazia-e-ci-portano-in-guerra\/#breadcrumb"},"inLanguage":"it-IT","potentialAction":[{"@type":"ReadAction","target":["https:\/\/www.pressenza.com\/it\/2025\/02\/liberalfascismo-come-i-liberali-distruggono-la-democrazia-e-ci-portano-in-guerra\/"]}]},{"@type":"ImageObject","inLanguage":"it-IT","@id":"https:\/\/www.pressenza.com\/it\/2025\/02\/liberalfascismo-come-i-liberali-distruggono-la-democrazia-e-ci-portano-in-guerra\/#primaryimage","url":"https:\/\/www.pressenza.com\/wp-content\/uploads\/2025\/02\/liberal-fascismo.jpg","contentUrl":"https:\/\/www.pressenza.com\/wp-content\/uploads\/2025\/02\/liberal-fascismo.jpg","width":600,"height":900},{"@type":"BreadcrumbList","@id":"https:\/\/www.pressenza.com\/it\/2025\/02\/liberalfascismo-come-i-liberali-distruggono-la-democrazia-e-ci-portano-in-guerra\/#breadcrumb","itemListElement":[{"@type":"ListItem","position":1,"name":"Accueil","item":"https:\/\/www.pressenza.com\/it\/"},{"@type":"ListItem","position":2,"name":"Liberalfascismo. Come i liberali distruggono la democrazia e ci portano in guerra"}]},{"@type":"WebSite","@id":"https:\/\/www.pressenza.com\/it\/#website","url":"https:\/\/www.pressenza.com\/it\/","name":"Pressenza","description":"Agenzia di Stampa Internazionale","publisher":{"@id":"https:\/\/www.pressenza.com\/it\/#organization"},"potentialAction":[{"@type":"SearchAction","target":{"@type":"EntryPoint","urlTemplate":"https:\/\/www.pressenza.com\/it\/?s={search_term_string}"},"query-input":{"@type":"PropertyValueSpecification","valueRequired":true,"valueName":"search_term_string"}}],"inLanguage":"it-IT"},{"@type":"Organization","@id":"https:\/\/www.pressenza.com\/it\/#organization","name":"Pressenza","url":"https:\/\/www.pressenza.com\/it\/","logo":{"@type":"ImageObject","inLanguage":"it-IT","@id":"https:\/\/www.pressenza.com\/it\/#\/schema\/logo\/image\/","url":"https:\/\/www.pressenza.com\/wp-content\/uploads\/2022\/10\/pressenza_logo_200x200.jpg","contentUrl":"https:\/\/www.pressenza.com\/wp-content\/uploads\/2022\/10\/pressenza_logo_200x200.jpg","width":200,"height":200,"caption":"Pressenza"},"image":{"@id":"https:\/\/www.pressenza.com\/it\/#\/schema\/logo\/image\/"},"sameAs":["https:\/\/www.facebook.com\/PressenzaItalia","https:\/\/x.com\/PressenzaIPA"]},{"@type":"Person","@id":"https:\/\/www.pressenza.com\/it\/#\/schema\/person\/4c966fac98e44f3bbd881d8e837f60da","name":"Laura Tussi","description":"Docente, giornalista e ricercatrice, si occupa di pedagogia nonviolenta e interculturale. Ha conseguito cinque lauree specialistiche in formazione degli adulti e consulenza pedagogica nell'ambito delle scienze della formazione e dell'educazione.","url":"https:\/\/www.pressenza.com\/it\/author\/laura-tussi\/"}]}},"place":"","original_article_url":"","_links":{"self":[{"href":"https:\/\/www.pressenza.com\/it\/wp-json\/wp\/v2\/posts\/2585807","targetHints":{"allow":["GET"]}}],"collection":[{"href":"https:\/\/www.pressenza.com\/it\/wp-json\/wp\/v2\/posts"}],"about":[{"href":"https:\/\/www.pressenza.com\/it\/wp-json\/wp\/v2\/types\/post"}],"author":[{"embeddable":true,"href":"https:\/\/www.pressenza.com\/it\/wp-json\/wp\/v2\/users\/535"}],"replies":[{"embeddable":true,"href":"https:\/\/www.pressenza.com\/it\/wp-json\/wp\/v2\/comments?post=2585807"}],"version-history":[{"count":0,"href":"https:\/\/www.pressenza.com\/it\/wp-json\/wp\/v2\/posts\/2585807\/revisions"}],"wp:featuredmedia":[{"embeddable":true,"href":"https:\/\/www.pressenza.com\/it\/wp-json\/wp\/v2\/media\/2585808"}],"wp:attachment":[{"href":"https:\/\/www.pressenza.com\/it\/wp-json\/wp\/v2\/media?parent=2585807"}],"wp:term":[{"taxonomy":"category","embeddable":true,"href":"https:\/\/www.pressenza.com\/it\/wp-json\/wp\/v2\/categories?post=2585807"},{"taxonomy":"post_tag","embeddable":true,"href":"https:\/\/www.pressenza.com\/it\/wp-json\/wp\/v2\/tags?post=2585807"}],"curies":[{"name":"wp","href":"https:\/\/api.w.org\/{rel}","templated":true}]}}