{"id":2585787,"date":"2025-02-26T17:45:16","date_gmt":"2025-02-26T17:45:16","guid":{"rendered":"https:\/\/www.pressenza.com\/?p=2585787"},"modified":"2025-02-26T21:37:44","modified_gmt":"2025-02-26T21:37:44","slug":"la-svolta-a-destra-di-die-linke-e-il-sostegno-ad-israele-nel-genocidio-a-gaza","status":"publish","type":"post","link":"https:\/\/www.pressenza.com\/it\/2025\/02\/la-svolta-a-destra-di-die-linke-e-il-sostegno-ad-israele-nel-genocidio-a-gaza\/","title":{"rendered":"La svolta a destra di Die Linke e il sostegno ad Israele nel genocidio a Gaza"},"content":{"rendered":"<p>La Germania esce da elezioni veramente devastanti che testimoniano raffiche di vento di destra su tutta l&#8217;Europa: una vittoria schiacciante del centro democratico cristiano di centro-destra della CDU e l&#8217;incremento dei consensi del partito neonazista dell&#8217;Afd di Alice Weidel. Il partito populista di sinistra BSW di Sarah Wagenknecht, che ha fatto discutere, si \u00e8 attestato al 4,97%; mentre la Die Linke, il partito apparentemente pi\u00f9 a sinistra, si colloca come primo a Berlino, ma a livello nazionale si ferma all&#8217;8,77%. Non sono risultato incoraggianti, soprattutto se teniamo presente che purtroppo da anni, anche all&#8217;interno della Die Linke, molti si sono stazionati su posizioni dichiaratamente neoliberiste.<\/p>\n<p>Un segnale che \u00e8 proprio la tendenza di questo periodo storico a virare in ogni caso a destra proprio a causa dell&#8217;incapacit\u00e0 di pensare cose di sinistra, il tutto arricchito dalla confusione semiotica su cosa sia veramente &#8220;la sinistra&#8221;. Come osservava Gramsci in una nota scritta in carcere nel 1930: \u201cLa crisi consiste appunto nel fatto che il vecchio muore e il nuovo non pu\u00f2 nascere: in questo interregno si verificano i fenomeni morbosi pi\u00f9 svariati\u201d.<\/p>\n<p>Questa considerazione \u00e8 purtroppo ancora oggi particolarmente attuale ed un esempio lo possiamo attingere all&#8217;interno di Die Linke sulla solidariet\u00e0 del Partito al &#8220;diritto di Israele a difendersi&#8221;.<\/p>\n<p>Infatti i principali rappresentanti di Die Linke hanno utilizzato l&#8217;anniversario dell&#8217;attacco di Hamas del 7 ottobre 2023 per dimostrare la loro solidariet\u00e0 con Israele, che da pi\u00f9 di un anno commette un genocidio contro i palestinesi a Gaza e ora sta estendendo la sua campagna di annientamento all&#8217;intera regione. Ci\u00f2 sottolinea ancora una volta che questa organizzazione non ha nulla a che fare con la politica di sinistra o addirittura socialista, ma \u00e8 un&#8217;organizzazione che man mano si \u00e8 spostata su posizioni anti-operaie e filo-imperialista.<\/p>\n<figure class=\"relative ma0 overflow-hidden dn-p\">\n<div class=\"relative overflow-hidden\">\n<div class=\"\"><img decoding=\"async\" class=\"db relative center\" src=\"https:\/\/www.wsws.org\/asset\/55e77ab9-1b04-4afe-9d0a-283f9910324d?rendition=image1280\" \/><\/div>\n<\/div><figcaption class=\"db avenir f7 f6-m lh-title black-60 tc pt3 ph3\"><em>Il primo ministro della Turingia Bodo Ramelow (Die Linke) mentre issa la bandiera israeliana<\/em><\/figcaption><\/figure>\n<p>Nel 2024, per l&#8217;anniversario del 7 ottobre, l&#8217;ex leader parlamentare del Partito nel Bundestag, Dietmar Bartsch, condivise su X\/Twitter il manifesto ufficiale del suo partito che recita: <em>&#8220;Massacro di Hamas il 7 ottobre 2023. Mai pi\u00f9 adesso!<\/em> (&#8230;) <em>Il 7 ottobre 2023 segna un nuovo livello di terrore contro Israele. Mai dalla Shoah sono stati assassinati cos\u00ec tanti ebrei.&#8221; <\/em>&#8211; aggiungendo &#8211; &#8220;<em>L&#8217;inattaccabile sicurezza di Israele \u00e8 la madre della pace in Medio Oriente e in ultima analisi la garanzia di una soluzione a due stati. Quando la memoria svanisce, la barbarie ha trionfato. Mai pi\u00f9 adesso!&#8221;<\/em><\/p>\n<div class=\"dn-p mv4 pr5-l\">\n<div>\n<div class=\"twitter-tweet twitter-tweet-rendered\"><iframe id=\"twitter-widget-0\" class=\"\" title=\"X Invia\" src=\"https:\/\/platform.twitter.com\/embed\/Tweet.html?dnt=true&amp;embedId=twitter-widget-0&amp;features=eyJ0ZndfdGltZWxpbmVfbGlzdCI6eyJidWNrZXQiOltdLCJ2ZXJzaW9uIjpudWxsfSwidGZ3X2ZvbGxvd2VyX2NvdW50X3N1bnNldCI6eyJidWNrZXQiOnRydWUsInZlcnNpb24iOm51bGx9LCJ0ZndfdHdlZXRfZWRpdF9iYWNrZW5kIjp7ImJ1Y2tldCI6Im9uIiwidmVyc2lvbiI6bnVsbH0sInRmd19yZWZzcmNfc2Vzc2lvbiI6eyJidWNrZXQiOiJvbiIsInZlcnNpb24iOm51bGx9LCJ0ZndfZm9zbnJfc29mdF9pbnRlcnZlbnRpb25zX2VuYWJsZWQiOnsiYnVja2V0Ijoib24iLCJ2ZXJzaW9uIjpudWxsfSwidGZ3X21peGVkX21lZGlhXzE1ODk3Ijp7ImJ1Y2tldCI6InRyZWF0bWVudCIsInZlcnNpb24iOm51bGx9LCJ0ZndfZXhwZXJpbWVudHNfY29va2llX2V4cGlyYXRpb24iOnsiYnVja2V0IjoxMjA5NjAwLCJ2ZXJzaW9uIjpudWxsfSwidGZ3X3Nob3dfYmlyZHdhdGNoX3Bpdm90c19lbmFibGVkIjp7ImJ1Y2tldCI6Im9uIiwidmVyc2lvbiI6bnVsbH0sInRmd19kdXBsaWNhdGVfc2NyaWJlc190b19zZXR0aW5ncyI6eyJidWNrZXQiOiJvbiIsInZlcnNpb24iOm51bGx9LCJ0ZndfdXNlX3Byb2ZpbGVfaW1hZ2Vfc2hhcGVfZW5hYmxlZCI6eyJidWNrZXQiOiJvbiIsInZlcnNpb24iOm51bGx9LCJ0ZndfdmlkZW9faGxzX2R5bmFtaWNfbWFuaWZlc3RzXzE1MDgyIjp7ImJ1Y2tldCI6InRydWVfYml0cmF0ZSIsInZlcnNpb24iOm51bGx9LCJ0ZndfbGVnYWN5X3RpbWVsaW5lX3N1bnNldCI6eyJidWNrZXQiOnRydWUsInZlcnNpb24iOm51bGx9LCJ0ZndfdHdlZXRfZWRpdF9mcm9udGVuZCI6eyJidWNrZXQiOiJvbiIsInZlcnNpb24iOm51bGx9fQ%3D%3D&amp;frame=false&amp;hideCard=false&amp;hideThread=true&amp;id=1843169519059022042&amp;lang=en&amp;origin=https%3A%2F%2Fwww.wsws.org%2Fen%2Farticles%2F2024%2F10%2F11%2F4be8-o11.html&amp;sessionId=6aedb7943b102a1587f75632fac0fcffc4156a83&amp;siteScreenName=WSWS_Updates&amp;theme=light&amp;widgetsVersion=2615f7e52b7e0%3A1702314776716&amp;width=550px\" frameborder=\"0\" scrolling=\"no\" allowfullscreen=\"allowfullscreen\" data-tweet-id=\"1843169519059022042\" data-mce-fragment=\"1\"><\/iframe><\/div>\n<\/div>\n<\/div>\n<p>Alla luce degli indicibili crimini dell&#8217;imperialismo tedesco e della politica di guerra israeliana, tali dichiarazioni sono ripugnanti e niente meno che criminali. La vera barbarie \u00e8 quella di Israele e dei suoi sostenitori imperialisti, che stanno commettendo un genocidio a Gaza e ora lo stanno estendendo al Libano, strizzando l&#8217;occhio anche al nascente regime di ex-qaedisti di Al-Golani in Siria (dopo aver voluto a tutti i costi la caduta del governo laico e baathista di Assad).<\/p>\n<p>Israele non \u00e8 la <em>\u201cmadre della pace in Medio Oriente\u201d<\/em>, ma l\u2019emblema delle potenze imperialiste per soggiogare l\u2019intera regione. La retorica e i metodi che usa ricordano quelli dei nazisti, che rispondevano a qualsiasi resistenza con brutali punizioni collettive. Come ha spiegato Patrick Martin\u00a0sul\u00a0<a href=\"https:\/\/www.wsws.org\/en\/articles\/2024\/10\/08\/jlpq-o08.html\"><em>World Socialist Web Site<\/em><\/a>\u00a0:<\/p>\n<blockquote><p>Nonostante i continui sforzi di dirottare il ricordo dell&#8217;Olocausto per giustificare i crimini moderni dello stato di Israele, \u00e8 Israele che sta copiando apertamente i metodi selvaggi dei nazisti. In uno degli atti di omicidio di massa pi\u00f9 noti del regime di Hitler, dopo che il capo della Gestapo Reinhard Heydrich fu ucciso dai combattenti della resistenza ceca nel 1942, le forze tedesche presero di mira il villaggio di Lidice, sequestrando e giustiziando sommariamente 173 uomini cechi. Di fatto, l&#8217;IDF ha eseguito tre Lidice a Gaza ogni giorno per l&#8217;ultimo anno, prendendo di mira neonati, bambini e donne, oltre agli uomini.<\/p><\/blockquote>\n<p>Ufficialmente, pi\u00f9 di 40.000 persone sono gi\u00e0 cadute vittime della guerra di sterminio contro la popolazione civile di Gaza, la maggior parte delle quali donne e bambini. Secondo una stima della rinomata rivista medica\u00a0<a href=\"https:\/\/www.pressenza.com\/it\/2025\/01\/the-lancet-il-numero-delle-vittime-a-gaza-e-superiore-del-40-rispetto-alle-cifre-del-ministero-della-salute\/\"><em>The Lancet<\/em><\/a><em> &#8220;il numero delle vittime a Gaza \u00e8 superiore del 40% rispetto alle cifre del Ministero della Salute di Gaza&#8221;<\/em>, mentre a luglio 2024, la stessa rivista affermava che ben 186.000 persone erano state uccise dalla guerra israeliana e dai suoi terribili effetti, tra cui fame e malattie.<\/p>\n<p>Tutto questo apparentemente non \u00e8 abbastanza per Bartsch. Nel suo tweet, attacc\u00f2 da destra il governo tedesco, che gioca un ruolo centrale nell&#8217;escalation della guerra in Medio Oriente: &#8220;Una conclusione immediata da parte della Germania avrebbe dovuto essere un radicale allontanamento dalla precedente politica iraniana&#8221;.<\/p>\n<blockquote><p>L&#8217;esportazione di conoscenze e tecnologie all&#8217;Iran avrebbe dovuto essere fermata immediatamente, perch\u00e9 gli ingegneri dietro le bombe di #Hamas hanno preso il loro know-how dall&#8217;#Iran. Come \u00e8 possibile che Israele sia stato inondato da centinaia di missili dall&#8217;Iran un anno dopo il massacro di Hamas alla vigilia del capodanno ebraico? L&#8217;Occidente sar\u00e0 credibilmente solidale con Israele solo quando smetter\u00e0 di usare gruppi e governi islamisti per i suoi interessi geopolitici quando \u00e8 in dubbio.<\/p><\/blockquote>\n<p>In effetti, \u00e8 Israele che \u201cl\u2019Occidente\u201d usa per promuovere i suoi interessi imperialisti. Washington, Berlino e Bruxelles stanno cercando di stabilire un controllo imperialista sul Medio Oriente ricco di petrolio e geostrategicamente importante, in particolare per poter far progredire lo scontro con Russia e Cina. Dopo gli attacchi di rappresaglia iraniani contro Israele, Washington e Tel Aviv continuano a paventare venti di guerra su un eventuale conflitto contro l&#8217;Iran che farebbe precipitare l\u2019intera regione in una guerra catastrofica.<\/p>\n<p>La dichiarazione di Bartsch non lasciava dubbi sul fatto che anche lui sostenesse questa escalation.<\/p>\n<div class=\"dn-p mv4 pr5-l\">\n<div class=\"twitter-tweet twitter-tweet-rendered\"><iframe id=\"twitter-widget-1\" class=\"\" title=\"X Post\" src=\"https:\/\/platform.twitter.com\/embed\/Tweet.html?dnt=true&amp;embedId=twitter-widget-1&amp;features=eyJ0ZndfdGltZWxpbmVfbGlzdCI6eyJidWNrZXQiOltdLCJ2ZXJzaW9uIjpudWxsfSwidGZ3X2ZvbGxvd2VyX2NvdW50X3N1bnNldCI6eyJidWNrZXQiOnRydWUsInZlcnNpb24iOm51bGx9LCJ0ZndfdHdlZXRfZWRpdF9iYWNrZW5kIjp7ImJ1Y2tldCI6Im9uIiwidmVyc2lvbiI6bnVsbH0sInRmd19yZWZzcmNfc2Vzc2lvbiI6eyJidWNrZXQiOiJvbiIsInZlcnNpb24iOm51bGx9LCJ0ZndfZm9zbnJfc29mdF9pbnRlcnZlbnRpb25zX2VuYWJsZWQiOnsiYnVja2V0Ijoib24iLCJ2ZXJzaW9uIjpudWxsfSwidGZ3X21peGVkX21lZGlhXzE1ODk3Ijp7ImJ1Y2tldCI6InRyZWF0bWVudCIsInZlcnNpb24iOm51bGx9LCJ0ZndfZXhwZXJpbWVudHNfY29va2llX2V4cGlyYXRpb24iOnsiYnVja2V0IjoxMjA5NjAwLCJ2ZXJzaW9uIjpudWxsfSwidGZ3X3Nob3dfYmlyZHdhdGNoX3Bpdm90c19lbmFibGVkIjp7ImJ1Y2tldCI6Im9uIiwidmVyc2lvbiI6bnVsbH0sInRmd19kdXBsaWNhdGVfc2NyaWJlc190b19zZXR0aW5ncyI6eyJidWNrZXQiOiJvbiIsInZlcnNpb24iOm51bGx9LCJ0ZndfdXNlX3Byb2ZpbGVfaW1hZ2Vfc2hhcGVfZW5hYmxlZCI6eyJidWNrZXQiOiJvbiIsInZlcnNpb24iOm51bGx9LCJ0ZndfdmlkZW9faGxzX2R5bmFtaWNfbWFuaWZlc3RzXzE1MDgyIjp7ImJ1Y2tldCI6InRydWVfYml0cmF0ZSIsInZlcnNpb24iOm51bGx9LCJ0ZndfbGVnYWN5X3RpbWVsaW5lX3N1bnNldCI6eyJidWNrZXQiOnRydWUsInZlcnNpb24iOm51bGx9LCJ0ZndfdHdlZXRfZWRpdF9mcm9udGVuZCI6eyJidWNrZXQiOiJvbiIsInZlcnNpb24iOm51bGx9fQ%3D%3D&amp;frame=false&amp;hideCard=false&amp;hideThread=true&amp;id=1843217609300308324&amp;lang=en&amp;origin=https%3A%2F%2Fwww.wsws.org%2Fen%2Farticles%2F2024%2F10%2F11%2F4be8-o11.html&amp;sessionId=6aedb7943b102a1587f75632fac0fcffc4156a83&amp;siteScreenName=WSWS_Updates&amp;theme=light&amp;widgetsVersion=2615f7e52b7e0%3A1702314776716&amp;width=550px\" frameborder=\"0\" scrolling=\"no\" allowfullscreen=\"allowfullscreen\" data-tweet-id=\"1843217609300308324\" data-mce-fragment=\"1\"><\/iframe><\/div>\n<div><\/div>\n<\/div>\n<p>In questo sembra essere in buona compagnia all&#8217;interno di Die Linke, in cui vi \u00e8 una vera competizione tra i leader per vedere chi diffonde pi\u00f9 abilmente la propaganda di guerra ufficiale ed esprimere solidariet\u00e0 con gli obiettivi di guerra di Israele.<\/p>\n<p>Il 7 ottobre 2024, il Primo Ministro dello Stato della Turingia, Bodo Ramelow, ha personalmente issato la bandiera israeliana di fronte alla cancelleria di stato a Erfurt. La cancelleria di stato della Turingia lo ha citato sul suo account Twitter ufficiale dicendo:<\/p>\n<blockquote><p>Il 7 ottobre 2023, ci \u00e8 stato ricordato il pericolo mortale che l&#8217;antisemitismo continua a rappresentare per gli ebrei ancora oggi. Le persone sono state violentate, assassinate e rapite semplicemente perch\u00e9 erano ebree. Piangiamo con i parenti degli assassinati e temiamo per i rapiti: riportateli a casa ora!<\/p><\/blockquote>\n<p>Questa \u00e8 la propaganda completamente non filtrata diffusa dai governi occidentali e dal regime di estrema destra di Netanyahu in Israele per giustificare il massacro genocida di massa. Innanzitutto, l&#8217;attacco palestinese del 7 ottobre non \u00e8 stato un pogrom antisemita ma, come dichiar\u00f2 anche la filosofa statunitense <a href=\"https:\/\/www.youtube.com\/watch?v=wFjYFonN3ZI\">Judith Butler<\/a> &#8211; \u00e8 stata una rivolta armata palestinese contro decenni di oppressione israeliana.<\/p>\n<p>Non \u00e8 ancora chiaro cosa sia successo esattamente quel giorno, anche se <a href=\"https:\/\/www.pressenza.com\/it\/2025\/02\/yoav-gallant-il-7-ottobre-fu-applicata-la-direttiva-hannibal\/\">la verit\u00e0 sta venendo a galla<\/a>.<\/p>\n<p>Ci\u00f2 che \u00e8 chiaro, tuttavia, \u00e8 che molte vittime israeliane hanno perso la vita a causa dell&#8217;intervento dell&#8217;esercito israeliano stesso. L&#8217;esercito israeliano ha lanciato un massiccio attacco agli insediamenti dove operavano i combattenti di Hamas. Secondo un&#8217;indagine ufficiale delle Nazioni Unite, le forze israeliane avevano <em>&#8220;applicato la cosiddetta Direttiva Hannibal e&#8230; ucciso civili israeliani&#8221;<\/em>.<\/p>\n<p>\u00c8 anche chiaro che il governo israeliano aveva una conoscenza dettagliata del piano di attacco di Hamas. Tuttavia, le forze di sicurezza di stanza lungo il confine di Gaza sono state ritirate e ridistribuite in altre localit\u00e0 solo pochi giorni prima dell&#8217;attacco. Nella dichiarazione &#8221;\u00a0<a href=\"https:\/\/www.wsws.org\/en\/articles\/2024\/10\/07\/dmhj-o07.html\">Un anno di genocidio a Gaza<\/a>\u00a0&#8220;, il WSWS ha sottolineato i parallelismi con l&#8217;11 settembre:<\/p>\n<blockquote><p>In effetti, c&#8217;\u00e8 una profonda connessione tra i due eventi. Gli attacchi dell&#8217;11 settembre 2001 sono stati sfruttati dall&#8217;amministrazione Bush per lanciare le invasioni pianificate da tempo in Iraq e Afghanistan, insieme a vasti attacchi ai diritti democratici in patria. Allo stesso modo, gli attacchi del 7 ottobre sono stati usati come pretesto per attuare piani in fase di elaborazione da tempo.<\/p><\/blockquote>\n<p>\u00c8 logico che in occasione dell&#8217;anniversario del 7 ottobre Die Linke abbia espresso il suo sostegno a Israele: fin dall&#8217;inizio, il Partito ha <a href=\"https:\/\/www.wsws.org\/en\/articles\/2022\/06\/30\/mvgk-j30.html\">sostenuto l&#8217;offensiva della NATO contro la Russia<\/a> e il genocidio di Israele a Gaza. Il 10 ottobre 2023, tutti i membri di Die Linke nel Bundestag <a href=\"https:\/\/www.wsws.org\/en\/articles\/2023\/10\/18\/aors-o18.html\">hanno votato a favore di una mozione di risoluzione filo-israeliana<\/a> che era stata presentata dai partiti di governo e dai cristiano-democratici ed era stata abbracciata anche dall&#8217;estrema destra dell&#8217;Afd.<\/p>\n<p>I partiti di sinistra non prendono pi\u00f9 voti perch\u00e8 sono completamente staccati dal loro elettorato storico e dalla cultura politica da cui sono nati, oltre ad essere invasati dal &#8220;pensiero unico neoliberista&#8221;.<\/p>\n<p>&nbsp;<\/p>\n<p><a href=\"https:\/\/www.wsws.org\/en\/articles\/2024\/10\/11\/4be8-o11.html\">https:\/\/www.wsws.org\/en\/articles\/2024\/10\/11\/4be8-o11.html<\/a><\/p>\n<blockquote class=\"wp-embedded-content\" data-secret=\"8X2pZl7ZYi\"><p><a href=\"https:\/\/www.infopal.it\/germania-die-linke-difende-israele\/\">Germania, Die Linke difende Israele<\/a><\/p><\/blockquote>\n<p><iframe loading=\"lazy\" class=\"wp-embedded-content\" sandbox=\"allow-scripts\" security=\"restricted\" style=\"position: absolute; visibility: hidden;\" title=\"&#8220;Germania, Die Linke difende Israele&#8221; &#8212; InfoPal\" src=\"https:\/\/www.infopal.it\/germania-die-linke-difende-israele\/embed\/#?secret=4K06SirPOm#?secret=8X2pZl7ZYi\" data-secret=\"8X2pZl7ZYi\" width=\"500\" height=\"282\" frameborder=\"0\" marginwidth=\"0\" marginheight=\"0\" scrolling=\"no\"><\/iframe><\/p>\n","protected":false},"excerpt":{"rendered":"<p>La Germania esce da elezioni veramente devastanti che testimoniano raffiche di vento di destra su tutta l&#8217;Europa: una vittoria schiacciante del centro democratico cristiano di centro-destra della CDU e l&#8217;incremento dei consensi del partito neonazista dell&#8217;Afd di Alice Weidel. Il&hellip;<\/p>\n","protected":false},"author":1887,"featured_media":2585802,"comment_status":"closed","ping_status":"closed","sticky":false,"template":"","format":"standard","meta":{"footnotes":""},"categories":[11388,162,55],"tags":[459,133180,914,133181,132645,117450,4428,206,778,207,24944,2804,133178,133179,1453],"class_list":["post-2585787","post","type-post","status-publish","format-standard","has-post-thumbnail","hentry","category-contenuti-originali","category-opinioni","category-politica","tag-afghanistan-it","tag-bodo-ramelow","tag-cina","tag-dietmar-bartsch-it","tag-direttiva-hannibal","tag-genocidio-a-gaza","tag-hamas","tag-iran","tag-israele","tag-nato","tag-popolo-palestinese","tag-russia-it","tag-sostegno-ad-israele","tag-svolta-a-destra-di-die-linke","tag-usa-it"],"yoast_head":"<!-- This site is optimized with the Yoast SEO plugin v27.1.1 - https:\/\/yoast.com\/product\/yoast-seo-wordpress\/ -->\n<title>La svolta a destra di Die Linke e il sostegno ad Israele nel genocidio a Gaza<\/title>\n<meta name=\"description\" content=\"La Germania esce da elezioni veramente devastanti che testimoniano raffiche di vento di destra su tutta l&#039;Europa: una vittoria schiacciante del centro\" \/>\n<meta name=\"robots\" content=\"index, follow, max-snippet:-1, max-image-preview:large, max-video-preview:-1\" \/>\n<link rel=\"canonical\" href=\"https:\/\/www.pressenza.com\/it\/2025\/02\/la-svolta-a-destra-di-die-linke-e-il-sostegno-ad-israele-nel-genocidio-a-gaza\/\" \/>\n<meta property=\"og:locale\" content=\"it_IT\" \/>\n<meta property=\"og:type\" content=\"article\" \/>\n<meta property=\"og:title\" content=\"La svolta a destra di Die Linke e il sostegno ad Israele nel genocidio a Gaza\" \/>\n<meta property=\"og:description\" content=\"La Germania esce da elezioni veramente devastanti che testimoniano raffiche di vento di destra su tutta l&#039;Europa: una vittoria schiacciante del centro\" \/>\n<meta property=\"og:url\" content=\"https:\/\/www.pressenza.com\/it\/2025\/02\/la-svolta-a-destra-di-die-linke-e-il-sostegno-ad-israele-nel-genocidio-a-gaza\/\" \/>\n<meta property=\"og:site_name\" content=\"Pressenza\" \/>\n<meta property=\"article:publisher\" content=\"https:\/\/www.facebook.com\/PressenzaItalia\" \/>\n<meta property=\"article:published_time\" content=\"2025-02-26T17:45:16+00:00\" \/>\n<meta property=\"article:modified_time\" content=\"2025-02-26T21:37:44+00:00\" \/>\n<meta property=\"og:image\" content=\"https:\/\/www.pressenza.com\/wp-content\/uploads\/2025\/02\/Bodo-Ramelow.jpg\" \/>\n\t<meta property=\"og:image:width\" content=\"660\" \/>\n\t<meta property=\"og:image:height\" content=\"371\" \/>\n\t<meta property=\"og:image:type\" content=\"image\/jpeg\" \/>\n<meta name=\"author\" content=\"Lorenzo Poli\" \/>\n<meta name=\"twitter:card\" content=\"summary_large_image\" \/>\n<meta name=\"twitter:creator\" content=\"@PressenzaIPA\" \/>\n<meta name=\"twitter:site\" content=\"@PressenzaIPA\" \/>\n<meta name=\"twitter:label1\" content=\"Scritto da\" \/>\n\t<meta name=\"twitter:data1\" content=\"Lorenzo Poli\" \/>\n\t<meta name=\"twitter:label2\" content=\"Tempo di lettura stimato\" \/>\n\t<meta name=\"twitter:data2\" content=\"8 minuti\" \/>\n<script type=\"application\/ld+json\" class=\"yoast-schema-graph\">{\"@context\":\"https:\/\/schema.org\",\"@graph\":[{\"@type\":\"Article\",\"@id\":\"https:\/\/www.pressenza.com\/it\/2025\/02\/la-svolta-a-destra-di-die-linke-e-il-sostegno-ad-israele-nel-genocidio-a-gaza\/#article\",\"isPartOf\":{\"@id\":\"https:\/\/www.pressenza.com\/it\/2025\/02\/la-svolta-a-destra-di-die-linke-e-il-sostegno-ad-israele-nel-genocidio-a-gaza\/\"},\"author\":{\"name\":\"Lorenzo Poli\",\"@id\":\"https:\/\/www.pressenza.com\/it\/#\/schema\/person\/83cab62d5aaad28d2ef7c9b71a62926b\"},\"headline\":\"La svolta a destra di Die Linke e il sostegno ad Israele nel genocidio a Gaza\",\"datePublished\":\"2025-02-26T17:45:16+00:00\",\"dateModified\":\"2025-02-26T21:37:44+00:00\",\"mainEntityOfPage\":{\"@id\":\"https:\/\/www.pressenza.com\/it\/2025\/02\/la-svolta-a-destra-di-die-linke-e-il-sostegno-ad-israele-nel-genocidio-a-gaza\/\"},\"wordCount\":1446,\"publisher\":{\"@id\":\"https:\/\/www.pressenza.com\/it\/#organization\"},\"image\":{\"@id\":\"https:\/\/www.pressenza.com\/it\/2025\/02\/la-svolta-a-destra-di-die-linke-e-il-sostegno-ad-israele-nel-genocidio-a-gaza\/#primaryimage\"},\"thumbnailUrl\":\"https:\/\/www.pressenza.com\/wp-content\/uploads\/2025\/02\/Bodo-Ramelow.jpg\",\"keywords\":[\"Afghanistan\",\"Bodo Ramelow\",\"Cina\",\"Dietmar Bartsch\",\"Direttiva Hannibal\",\"genocidio a Gaza\",\"Hamas\",\"Iran\",\"Israele\",\"NATO\",\"popolo palestinese\",\"Russia\",\"sostegno ad Israele\",\"Svolta a destra di Die Linke\",\"USA\"],\"articleSection\":[\"contenuti originali\",\"Opinioni\",\"Politica\"],\"inLanguage\":\"it-IT\"},{\"@type\":\"WebPage\",\"@id\":\"https:\/\/www.pressenza.com\/it\/2025\/02\/la-svolta-a-destra-di-die-linke-e-il-sostegno-ad-israele-nel-genocidio-a-gaza\/\",\"url\":\"https:\/\/www.pressenza.com\/it\/2025\/02\/la-svolta-a-destra-di-die-linke-e-il-sostegno-ad-israele-nel-genocidio-a-gaza\/\",\"name\":\"La svolta a destra di Die Linke e il sostegno ad Israele nel genocidio a Gaza\",\"isPartOf\":{\"@id\":\"https:\/\/www.pressenza.com\/it\/#website\"},\"primaryImageOfPage\":{\"@id\":\"https:\/\/www.pressenza.com\/it\/2025\/02\/la-svolta-a-destra-di-die-linke-e-il-sostegno-ad-israele-nel-genocidio-a-gaza\/#primaryimage\"},\"image\":{\"@id\":\"https:\/\/www.pressenza.com\/it\/2025\/02\/la-svolta-a-destra-di-die-linke-e-il-sostegno-ad-israele-nel-genocidio-a-gaza\/#primaryimage\"},\"thumbnailUrl\":\"https:\/\/www.pressenza.com\/wp-content\/uploads\/2025\/02\/Bodo-Ramelow.jpg\",\"datePublished\":\"2025-02-26T17:45:16+00:00\",\"dateModified\":\"2025-02-26T21:37:44+00:00\",\"description\":\"La Germania esce da elezioni veramente devastanti che testimoniano raffiche di vento di destra su tutta l'Europa: una vittoria schiacciante del centro\",\"breadcrumb\":{\"@id\":\"https:\/\/www.pressenza.com\/it\/2025\/02\/la-svolta-a-destra-di-die-linke-e-il-sostegno-ad-israele-nel-genocidio-a-gaza\/#breadcrumb\"},\"inLanguage\":\"it-IT\",\"potentialAction\":[{\"@type\":\"ReadAction\",\"target\":[\"https:\/\/www.pressenza.com\/it\/2025\/02\/la-svolta-a-destra-di-die-linke-e-il-sostegno-ad-israele-nel-genocidio-a-gaza\/\"]}]},{\"@type\":\"ImageObject\",\"inLanguage\":\"it-IT\",\"@id\":\"https:\/\/www.pressenza.com\/it\/2025\/02\/la-svolta-a-destra-di-die-linke-e-il-sostegno-ad-israele-nel-genocidio-a-gaza\/#primaryimage\",\"url\":\"https:\/\/www.pressenza.com\/wp-content\/uploads\/2025\/02\/Bodo-Ramelow.jpg\",\"contentUrl\":\"https:\/\/www.pressenza.com\/wp-content\/uploads\/2025\/02\/Bodo-Ramelow.jpg\",\"width\":660,\"height\":371},{\"@type\":\"BreadcrumbList\",\"@id\":\"https:\/\/www.pressenza.com\/it\/2025\/02\/la-svolta-a-destra-di-die-linke-e-il-sostegno-ad-israele-nel-genocidio-a-gaza\/#breadcrumb\",\"itemListElement\":[{\"@type\":\"ListItem\",\"position\":1,\"name\":\"Accueil\",\"item\":\"https:\/\/www.pressenza.com\/it\/\"},{\"@type\":\"ListItem\",\"position\":2,\"name\":\"La svolta a destra di Die Linke e il sostegno ad Israele nel genocidio a Gaza\"}]},{\"@type\":\"WebSite\",\"@id\":\"https:\/\/www.pressenza.com\/it\/#website\",\"url\":\"https:\/\/www.pressenza.com\/it\/\",\"name\":\"Pressenza\",\"description\":\"Agenzia di Stampa Internazionale\",\"publisher\":{\"@id\":\"https:\/\/www.pressenza.com\/it\/#organization\"},\"potentialAction\":[{\"@type\":\"SearchAction\",\"target\":{\"@type\":\"EntryPoint\",\"urlTemplate\":\"https:\/\/www.pressenza.com\/it\/?s={search_term_string}\"},\"query-input\":{\"@type\":\"PropertyValueSpecification\",\"valueRequired\":true,\"valueName\":\"search_term_string\"}}],\"inLanguage\":\"it-IT\"},{\"@type\":\"Organization\",\"@id\":\"https:\/\/www.pressenza.com\/it\/#organization\",\"name\":\"Pressenza\",\"url\":\"https:\/\/www.pressenza.com\/it\/\",\"logo\":{\"@type\":\"ImageObject\",\"inLanguage\":\"it-IT\",\"@id\":\"https:\/\/www.pressenza.com\/it\/#\/schema\/logo\/image\/\",\"url\":\"https:\/\/www.pressenza.com\/wp-content\/uploads\/2022\/10\/pressenza_logo_200x200.jpg\",\"contentUrl\":\"https:\/\/www.pressenza.com\/wp-content\/uploads\/2022\/10\/pressenza_logo_200x200.jpg\",\"width\":200,\"height\":200,\"caption\":\"Pressenza\"},\"image\":{\"@id\":\"https:\/\/www.pressenza.com\/it\/#\/schema\/logo\/image\/\"},\"sameAs\":[\"https:\/\/www.facebook.com\/PressenzaItalia\",\"https:\/\/x.com\/PressenzaIPA\"]},{\"@type\":\"Person\",\"@id\":\"https:\/\/www.pressenza.com\/it\/#\/schema\/person\/83cab62d5aaad28d2ef7c9b71a62926b\",\"name\":\"Lorenzo Poli\",\"url\":\"https:\/\/www.pressenza.com\/it\/author\/lorenzo-poli\/\"}]}<\/script>\n<!-- \/ Yoast SEO plugin. -->","yoast_head_json":{"title":"La svolta a destra di Die Linke e il sostegno ad Israele nel genocidio a Gaza","description":"La Germania esce da elezioni veramente devastanti che testimoniano raffiche di vento di destra su tutta l'Europa: una vittoria schiacciante del centro","robots":{"index":"index","follow":"follow","max-snippet":"max-snippet:-1","max-image-preview":"max-image-preview:large","max-video-preview":"max-video-preview:-1"},"canonical":"https:\/\/www.pressenza.com\/it\/2025\/02\/la-svolta-a-destra-di-die-linke-e-il-sostegno-ad-israele-nel-genocidio-a-gaza\/","og_locale":"it_IT","og_type":"article","og_title":"La svolta a destra di Die Linke e il sostegno ad Israele nel genocidio a Gaza","og_description":"La Germania esce da elezioni veramente devastanti che testimoniano raffiche di vento di destra su tutta l'Europa: una vittoria schiacciante del centro","og_url":"https:\/\/www.pressenza.com\/it\/2025\/02\/la-svolta-a-destra-di-die-linke-e-il-sostegno-ad-israele-nel-genocidio-a-gaza\/","og_site_name":"Pressenza","article_publisher":"https:\/\/www.facebook.com\/PressenzaItalia","article_published_time":"2025-02-26T17:45:16+00:00","article_modified_time":"2025-02-26T21:37:44+00:00","og_image":[{"width":660,"height":371,"url":"https:\/\/www.pressenza.com\/wp-content\/uploads\/2025\/02\/Bodo-Ramelow.jpg","type":"image\/jpeg"}],"author":"Lorenzo Poli","twitter_card":"summary_large_image","twitter_creator":"@PressenzaIPA","twitter_site":"@PressenzaIPA","twitter_misc":{"Scritto da":"Lorenzo Poli","Tempo di lettura stimato":"8 minuti"},"schema":{"@context":"https:\/\/schema.org","@graph":[{"@type":"Article","@id":"https:\/\/www.pressenza.com\/it\/2025\/02\/la-svolta-a-destra-di-die-linke-e-il-sostegno-ad-israele-nel-genocidio-a-gaza\/#article","isPartOf":{"@id":"https:\/\/www.pressenza.com\/it\/2025\/02\/la-svolta-a-destra-di-die-linke-e-il-sostegno-ad-israele-nel-genocidio-a-gaza\/"},"author":{"name":"Lorenzo Poli","@id":"https:\/\/www.pressenza.com\/it\/#\/schema\/person\/83cab62d5aaad28d2ef7c9b71a62926b"},"headline":"La svolta a destra di Die Linke e il sostegno ad Israele nel genocidio a Gaza","datePublished":"2025-02-26T17:45:16+00:00","dateModified":"2025-02-26T21:37:44+00:00","mainEntityOfPage":{"@id":"https:\/\/www.pressenza.com\/it\/2025\/02\/la-svolta-a-destra-di-die-linke-e-il-sostegno-ad-israele-nel-genocidio-a-gaza\/"},"wordCount":1446,"publisher":{"@id":"https:\/\/www.pressenza.com\/it\/#organization"},"image":{"@id":"https:\/\/www.pressenza.com\/it\/2025\/02\/la-svolta-a-destra-di-die-linke-e-il-sostegno-ad-israele-nel-genocidio-a-gaza\/#primaryimage"},"thumbnailUrl":"https:\/\/www.pressenza.com\/wp-content\/uploads\/2025\/02\/Bodo-Ramelow.jpg","keywords":["Afghanistan","Bodo Ramelow","Cina","Dietmar Bartsch","Direttiva Hannibal","genocidio a Gaza","Hamas","Iran","Israele","NATO","popolo palestinese","Russia","sostegno ad Israele","Svolta a destra di Die Linke","USA"],"articleSection":["contenuti originali","Opinioni","Politica"],"inLanguage":"it-IT"},{"@type":"WebPage","@id":"https:\/\/www.pressenza.com\/it\/2025\/02\/la-svolta-a-destra-di-die-linke-e-il-sostegno-ad-israele-nel-genocidio-a-gaza\/","url":"https:\/\/www.pressenza.com\/it\/2025\/02\/la-svolta-a-destra-di-die-linke-e-il-sostegno-ad-israele-nel-genocidio-a-gaza\/","name":"La svolta a destra di Die Linke e il sostegno ad Israele nel genocidio a Gaza","isPartOf":{"@id":"https:\/\/www.pressenza.com\/it\/#website"},"primaryImageOfPage":{"@id":"https:\/\/www.pressenza.com\/it\/2025\/02\/la-svolta-a-destra-di-die-linke-e-il-sostegno-ad-israele-nel-genocidio-a-gaza\/#primaryimage"},"image":{"@id":"https:\/\/www.pressenza.com\/it\/2025\/02\/la-svolta-a-destra-di-die-linke-e-il-sostegno-ad-israele-nel-genocidio-a-gaza\/#primaryimage"},"thumbnailUrl":"https:\/\/www.pressenza.com\/wp-content\/uploads\/2025\/02\/Bodo-Ramelow.jpg","datePublished":"2025-02-26T17:45:16+00:00","dateModified":"2025-02-26T21:37:44+00:00","description":"La Germania esce da elezioni veramente devastanti che testimoniano raffiche di vento di destra su tutta l'Europa: una vittoria schiacciante del centro","breadcrumb":{"@id":"https:\/\/www.pressenza.com\/it\/2025\/02\/la-svolta-a-destra-di-die-linke-e-il-sostegno-ad-israele-nel-genocidio-a-gaza\/#breadcrumb"},"inLanguage":"it-IT","potentialAction":[{"@type":"ReadAction","target":["https:\/\/www.pressenza.com\/it\/2025\/02\/la-svolta-a-destra-di-die-linke-e-il-sostegno-ad-israele-nel-genocidio-a-gaza\/"]}]},{"@type":"ImageObject","inLanguage":"it-IT","@id":"https:\/\/www.pressenza.com\/it\/2025\/02\/la-svolta-a-destra-di-die-linke-e-il-sostegno-ad-israele-nel-genocidio-a-gaza\/#primaryimage","url":"https:\/\/www.pressenza.com\/wp-content\/uploads\/2025\/02\/Bodo-Ramelow.jpg","contentUrl":"https:\/\/www.pressenza.com\/wp-content\/uploads\/2025\/02\/Bodo-Ramelow.jpg","width":660,"height":371},{"@type":"BreadcrumbList","@id":"https:\/\/www.pressenza.com\/it\/2025\/02\/la-svolta-a-destra-di-die-linke-e-il-sostegno-ad-israele-nel-genocidio-a-gaza\/#breadcrumb","itemListElement":[{"@type":"ListItem","position":1,"name":"Accueil","item":"https:\/\/www.pressenza.com\/it\/"},{"@type":"ListItem","position":2,"name":"La svolta a destra di Die Linke e il sostegno ad Israele nel genocidio a Gaza"}]},{"@type":"WebSite","@id":"https:\/\/www.pressenza.com\/it\/#website","url":"https:\/\/www.pressenza.com\/it\/","name":"Pressenza","description":"Agenzia di Stampa Internazionale","publisher":{"@id":"https:\/\/www.pressenza.com\/it\/#organization"},"potentialAction":[{"@type":"SearchAction","target":{"@type":"EntryPoint","urlTemplate":"https:\/\/www.pressenza.com\/it\/?s={search_term_string}"},"query-input":{"@type":"PropertyValueSpecification","valueRequired":true,"valueName":"search_term_string"}}],"inLanguage":"it-IT"},{"@type":"Organization","@id":"https:\/\/www.pressenza.com\/it\/#organization","name":"Pressenza","url":"https:\/\/www.pressenza.com\/it\/","logo":{"@type":"ImageObject","inLanguage":"it-IT","@id":"https:\/\/www.pressenza.com\/it\/#\/schema\/logo\/image\/","url":"https:\/\/www.pressenza.com\/wp-content\/uploads\/2022\/10\/pressenza_logo_200x200.jpg","contentUrl":"https:\/\/www.pressenza.com\/wp-content\/uploads\/2022\/10\/pressenza_logo_200x200.jpg","width":200,"height":200,"caption":"Pressenza"},"image":{"@id":"https:\/\/www.pressenza.com\/it\/#\/schema\/logo\/image\/"},"sameAs":["https:\/\/www.facebook.com\/PressenzaItalia","https:\/\/x.com\/PressenzaIPA"]},{"@type":"Person","@id":"https:\/\/www.pressenza.com\/it\/#\/schema\/person\/83cab62d5aaad28d2ef7c9b71a62926b","name":"Lorenzo Poli","url":"https:\/\/www.pressenza.com\/it\/author\/lorenzo-poli\/"}]}},"place":"","original_article_url":"","_links":{"self":[{"href":"https:\/\/www.pressenza.com\/it\/wp-json\/wp\/v2\/posts\/2585787","targetHints":{"allow":["GET"]}}],"collection":[{"href":"https:\/\/www.pressenza.com\/it\/wp-json\/wp\/v2\/posts"}],"about":[{"href":"https:\/\/www.pressenza.com\/it\/wp-json\/wp\/v2\/types\/post"}],"author":[{"embeddable":true,"href":"https:\/\/www.pressenza.com\/it\/wp-json\/wp\/v2\/users\/1887"}],"replies":[{"embeddable":true,"href":"https:\/\/www.pressenza.com\/it\/wp-json\/wp\/v2\/comments?post=2585787"}],"version-history":[{"count":0,"href":"https:\/\/www.pressenza.com\/it\/wp-json\/wp\/v2\/posts\/2585787\/revisions"}],"wp:featuredmedia":[{"embeddable":true,"href":"https:\/\/www.pressenza.com\/it\/wp-json\/wp\/v2\/media\/2585802"}],"wp:attachment":[{"href":"https:\/\/www.pressenza.com\/it\/wp-json\/wp\/v2\/media?parent=2585787"}],"wp:term":[{"taxonomy":"category","embeddable":true,"href":"https:\/\/www.pressenza.com\/it\/wp-json\/wp\/v2\/categories?post=2585787"},{"taxonomy":"post_tag","embeddable":true,"href":"https:\/\/www.pressenza.com\/it\/wp-json\/wp\/v2\/tags?post=2585787"}],"curies":[{"name":"wp","href":"https:\/\/api.w.org\/{rel}","templated":true}]}}