{"id":2585772,"date":"2025-02-26T16:35:04","date_gmt":"2025-02-26T16:35:04","guid":{"rendered":"https:\/\/www.pressenza.com\/?p=2585772"},"modified":"2025-02-26T16:38:50","modified_gmt":"2025-02-26T16:38:50","slug":"presidio-per-i-diritti-dei-migranti-ora-basta-non-possiamo-piu-aspettare","status":"publish","type":"post","link":"https:\/\/www.pressenza.com\/it\/2025\/02\/presidio-per-i-diritti-dei-migranti-ora-basta-non-possiamo-piu-aspettare\/","title":{"rendered":"Presidio per i diritti dei migranti: ora basta, non possiamo pi\u00f9 aspettare"},"content":{"rendered":"<p><em><img loading=\"lazy\" decoding=\"async\" class=\" wp-image-2585779 alignright\" src=\"https:\/\/www.pressenza.com\/wp-content\/uploads\/2025\/02\/481173779_1169275911868595_5381693624182112774_n-212x300.jpg\" alt=\"\" width=\"265\" height=\"375\" srcset=\"https:\/\/www.pressenza.com\/wp-content\/uploads\/2025\/02\/481173779_1169275911868595_5381693624182112774_n-212x300.jpg 212w, https:\/\/www.pressenza.com\/wp-content\/uploads\/2025\/02\/481173779_1169275911868595_5381693624182112774_n-724x1024.jpg 724w, https:\/\/www.pressenza.com\/wp-content\/uploads\/2025\/02\/481173779_1169275911868595_5381693624182112774_n.jpg 1131w\" sizes=\"auto, (max-width: 265px) 100vw, 265px\" \/>Domani a Catania, nel quadro della mobilitazione nazionale di domani dei lavoratori migranti, promossa dall&#8217;USB-Unione Sindacale di Base, si terr\u00e0 un presidio in Prefettura alle ore 15:30. Alla iniziativa etnea hanno aderito le seguenti realt\u00e0 associative e politiche locali: Cooperativa Dokulaa, Sportello Sociale San Berillo, Non una di meno Catania, Ultima Generazione Catania, Le Siciliane, L\u2019eco delle siciliane, Potere al popolo Catania, Sinistra Italiana Sicilia, PMLI. In particolare, dopo un&#8217;assemblea online tenutasi lo scorso venerd\u00ec, la piattaforma rivendicativa su cui si articola l&#8217;iniziativa &#8211; che vedr\u00e0 impegnato il sindacato nelle maggiori citt\u00e0 italiane &#8211; \u00e8 volta ad ottenere <strong>la<\/strong><\/em><em>\u00a0<strong>regolarizzazione <\/strong>di tutti i lavoratori migranti,<strong>\u00a0la<\/strong><\/em><em>\u00a0<strong>velocizzazione<\/strong> del rilascio dei documenti (primo fra tutti il permesso di soggiorno) ed <strong>il \u00a0riconoscimento<\/strong> della residenza, della tessera sanitaria e dell\u2019accesso ai conti correnti bancari\u00a0assistiti<\/em><sub><em>[acc\u00ec]<\/em><\/sub><\/p>\n<p>&nbsp;<\/p>\n<div class=\"x11i5rnm xat24cr x1mh8g0r x1vvkbs xtlvy1s\">Venerd\u00ec 14 si \u00e8 tenuta l&#8217;assemblea online delle lavoratrici e dei lavoratori migranti, con centinaia di persone che si sono collegate da tutta Italia per denunciare le violazioni dei diritti che subiscono quotidianamente nei centri di accoglienza, nei luoghi di lavoro, davanti agli uffici Immigrazione e nella vita quotidiana.<\/div>\n<div><\/div>\n<div class=\"x11i5rnm xat24cr x1mh8g0r x1vvkbs xtlvy1s\">Pressoch\u00e9 unanimemente si \u00e8 sollevato il coro di voci per dire: &#8220;Ora basta, non possiamo pi\u00f9 aspettare! Vogliamo permesso di soggiorno e regolarizzazione per tutte e tutti i lavoratori migranti&#8221;.<\/div>\n<div><\/div>\n<div class=\"x11i5rnm xat24cr x1mh8g0r x1vvkbs xtlvy1s\">USB, nel raccogliere l&#8217;indirizzo dei lavoratori migranti, ha lanciato una giornata di mobilitazione nazionale davanti alle Prefetture del nostro Paese e in quel di Roma ha chiesto un incontro al Ministero degli Interni. Pertanto il presidio si terr\u00e0 a Piazza Esquilino alle 15:00.<\/div>\n<div class=\"x11i5rnm xat24cr x1mh8g0r x1vvkbs xtlvy1s\"><br class=\"html-br\" \/>Molti cittadini, in attesa di definire la propria posizione, sono costretti a vivere in una condizione di <em>precariet\u00e0<\/em> e <em>ricattabilit\u00e0<\/em> per periodi molto lunghi, a volte anche anni.<\/div>\n<div><\/div>\n<div class=\"x11i5rnm xat24cr x1mh8g0r x1vvkbs xtlvy1s\">La maggioranza di queste persone si trova nella condizione obbligata di accettare qualsiasi proposta che permette un minimo salario: lavoro nero, lavoro grigio, sfruttamento, prostituzione e criminalit\u00e0 queste sono le proposte che la nostra societ\u00e0 offre a questa moltitudine di donne e uomini.<\/div>\n<div><\/div>\n<div class=\"x11i5rnm xat24cr x1mh8g0r x1vvkbs xtlvy1s\">A fronte di decreti flussi, <em>click day,<\/em> promesse di lavoro, sponsor ed altro, la verit\u00e0 \u00e8 che quotidianamente i lavoratori stranieri si trovano di fronte una situazione di totale precariet\u00e0: non espellibili perch\u00e9 in attesa di una risposta, ma non idonei a chiedere una residenza, un conto corrente, un\u2019assistenza sanitaria.<\/div>\n<div class=\"x11i5rnm xat24cr x1mh8g0r x1vvkbs xtlvy1s\"><br class=\"html-br\" \/>Le lunghe code che siamo ormai abituati a vedere di fronte a tutte le Questure o Uffici Immigrazione &#8211; scrivono dal sindacato &#8211; sono il risultato di una politica governativa che da oltre vent\u2019anni vede i migranti come un problema di ordine pubblico, non una risorsa.<\/div>\n<div class=\"x11i5rnm xat24cr x1mh8g0r x1vvkbs xtlvy1s\"><br class=\"html-br\" \/><br class=\"html-br\" \/><\/div>\n<div class=\"x11i5rnm xat24cr x1mh8g0r x1vvkbs xtlvy1s\"><\/div>\n<div class=\"x11i5rnm xat24cr x1mh8g0r x1vvkbs xtlvy1s\"><\/div>\n<div class=\"x11i5rnm xat24cr x1mh8g0r x1vvkbs xtlvy1s\"><\/div>\n","protected":false},"excerpt":{"rendered":"<p>Domani a Catania, nel quadro della mobilitazione nazionale di domani dei lavoratori migranti, promossa dall&#8217;USB-Unione Sindacale di Base, si terr\u00e0 un presidio in Prefettura alle ore 15:30. Alla iniziativa etnea hanno aderito le seguenti realt\u00e0 associative e politiche locali: Cooperativa&hellip;<\/p>\n","protected":false},"author":2344,"featured_media":2585778,"comment_status":"closed","ping_status":"closed","sticky":false,"template":"","format":"standard","meta":{"footnotes":""},"categories":[150,54572,1261],"tags":[4339,34408,133176,133177,106346],"class_list":["post-2585772","post","type-post","status-publish","format-standard","has-post-thumbnail","hentry","category-comunicati-stampa","category-migranti","category-diversita","tag-eventi","tag-permesso-di-soggiorno","tag-regolarizzazione-lavoratori-migranti","tag-riconoscimento-della-residenza","tag-usb-catania"],"yoast_head":"<!-- This site is optimized with the Yoast SEO plugin v27.1.1 - https:\/\/yoast.com\/product\/yoast-seo-wordpress\/ -->\n<title>Presidio per i diritti dei migranti: ora basta, non possiamo pi\u00f9 aspettare<\/title>\n<meta name=\"description\" content=\"Domani a Catania, nel quadro della mobilitazione nazionale di domani dei lavoratori migranti, promossa dall&#039;USB-Unione Sindacale di Base, si terr\u00e0 un\" \/>\n<meta name=\"robots\" content=\"index, follow, max-snippet:-1, max-image-preview:large, max-video-preview:-1\" \/>\n<link rel=\"canonical\" href=\"https:\/\/www.pressenza.com\/it\/2025\/02\/presidio-per-i-diritti-dei-migranti-ora-basta-non-possiamo-piu-aspettare\/\" \/>\n<meta property=\"og:locale\" content=\"it_IT\" \/>\n<meta property=\"og:type\" content=\"article\" \/>\n<meta property=\"og:title\" content=\"Presidio per i diritti dei migranti: ora basta, non possiamo pi\u00f9 aspettare\" \/>\n<meta property=\"og:description\" content=\"Domani a Catania, nel quadro della mobilitazione nazionale di domani dei lavoratori migranti, promossa dall&#039;USB-Unione Sindacale di Base, si terr\u00e0 un\" \/>\n<meta property=\"og:url\" content=\"https:\/\/www.pressenza.com\/it\/2025\/02\/presidio-per-i-diritti-dei-migranti-ora-basta-non-possiamo-piu-aspettare\/\" \/>\n<meta property=\"og:site_name\" content=\"Pressenza\" \/>\n<meta property=\"article:publisher\" content=\"https:\/\/www.facebook.com\/PressenzaItalia\" \/>\n<meta property=\"article:published_time\" content=\"2025-02-26T16:35:04+00:00\" \/>\n<meta property=\"article:modified_time\" content=\"2025-02-26T16:38:50+00:00\" \/>\n<meta property=\"og:image\" content=\"https:\/\/www.pressenza.com\/wp-content\/uploads\/2025\/02\/481173779_1169275911868595_5381693624182112774_n_rid.jpg\" \/>\n\t<meta property=\"og:image:width\" content=\"800\" \/>\n\t<meta property=\"og:image:height\" content=\"362\" \/>\n\t<meta property=\"og:image:type\" content=\"image\/jpeg\" \/>\n<meta name=\"author\" content=\"Redazione Sicilia\" \/>\n<meta name=\"twitter:card\" content=\"summary_large_image\" \/>\n<meta name=\"twitter:creator\" content=\"@PressenzaIPA\" \/>\n<meta name=\"twitter:site\" content=\"@PressenzaIPA\" \/>\n<meta name=\"twitter:label1\" content=\"Scritto da\" \/>\n\t<meta name=\"twitter:data1\" content=\"Redazione Sicilia\" \/>\n\t<meta name=\"twitter:label2\" content=\"Tempo di lettura stimato\" \/>\n\t<meta name=\"twitter:data2\" content=\"3 minuti\" \/>\n<script type=\"application\/ld+json\" class=\"yoast-schema-graph\">{\"@context\":\"https:\/\/schema.org\",\"@graph\":[{\"@type\":\"Article\",\"@id\":\"https:\/\/www.pressenza.com\/it\/2025\/02\/presidio-per-i-diritti-dei-migranti-ora-basta-non-possiamo-piu-aspettare\/#article\",\"isPartOf\":{\"@id\":\"https:\/\/www.pressenza.com\/it\/2025\/02\/presidio-per-i-diritti-dei-migranti-ora-basta-non-possiamo-piu-aspettare\/\"},\"author\":{\"name\":\"Redazione Sicilia\",\"@id\":\"https:\/\/www.pressenza.com\/it\/#\/schema\/person\/e4c592b12199144875652a3cd0ca7929\"},\"headline\":\"Presidio per i diritti dei migranti: ora basta, non possiamo pi\u00f9 aspettare\",\"datePublished\":\"2025-02-26T16:35:04+00:00\",\"dateModified\":\"2025-02-26T16:38:50+00:00\",\"mainEntityOfPage\":{\"@id\":\"https:\/\/www.pressenza.com\/it\/2025\/02\/presidio-per-i-diritti-dei-migranti-ora-basta-non-possiamo-piu-aspettare\/\"},\"wordCount\":438,\"publisher\":{\"@id\":\"https:\/\/www.pressenza.com\/it\/#organization\"},\"image\":{\"@id\":\"https:\/\/www.pressenza.com\/it\/2025\/02\/presidio-per-i-diritti-dei-migranti-ora-basta-non-possiamo-piu-aspettare\/#primaryimage\"},\"thumbnailUrl\":\"https:\/\/www.pressenza.com\/wp-content\/uploads\/2025\/02\/481173779_1169275911868595_5381693624182112774_n_rid.jpg\",\"keywords\":[\"eventi\",\"permesso di soggiorno\",\"regolarizzazione lavoratori migranti\",\"riconoscimento della residenza\",\"USB Catania\"],\"articleSection\":[\"Comunicati Stampa\",\"Migranti\",\"Non discriminazione\"],\"inLanguage\":\"it-IT\"},{\"@type\":\"WebPage\",\"@id\":\"https:\/\/www.pressenza.com\/it\/2025\/02\/presidio-per-i-diritti-dei-migranti-ora-basta-non-possiamo-piu-aspettare\/\",\"url\":\"https:\/\/www.pressenza.com\/it\/2025\/02\/presidio-per-i-diritti-dei-migranti-ora-basta-non-possiamo-piu-aspettare\/\",\"name\":\"Presidio per i diritti dei migranti: ora basta, non possiamo pi\u00f9 aspettare\",\"isPartOf\":{\"@id\":\"https:\/\/www.pressenza.com\/it\/#website\"},\"primaryImageOfPage\":{\"@id\":\"https:\/\/www.pressenza.com\/it\/2025\/02\/presidio-per-i-diritti-dei-migranti-ora-basta-non-possiamo-piu-aspettare\/#primaryimage\"},\"image\":{\"@id\":\"https:\/\/www.pressenza.com\/it\/2025\/02\/presidio-per-i-diritti-dei-migranti-ora-basta-non-possiamo-piu-aspettare\/#primaryimage\"},\"thumbnailUrl\":\"https:\/\/www.pressenza.com\/wp-content\/uploads\/2025\/02\/481173779_1169275911868595_5381693624182112774_n_rid.jpg\",\"datePublished\":\"2025-02-26T16:35:04+00:00\",\"dateModified\":\"2025-02-26T16:38:50+00:00\",\"description\":\"Domani a Catania, nel quadro della mobilitazione nazionale di domani dei lavoratori migranti, promossa dall'USB-Unione Sindacale di Base, si terr\u00e0 un\",\"breadcrumb\":{\"@id\":\"https:\/\/www.pressenza.com\/it\/2025\/02\/presidio-per-i-diritti-dei-migranti-ora-basta-non-possiamo-piu-aspettare\/#breadcrumb\"},\"inLanguage\":\"it-IT\",\"potentialAction\":[{\"@type\":\"ReadAction\",\"target\":[\"https:\/\/www.pressenza.com\/it\/2025\/02\/presidio-per-i-diritti-dei-migranti-ora-basta-non-possiamo-piu-aspettare\/\"]}]},{\"@type\":\"ImageObject\",\"inLanguage\":\"it-IT\",\"@id\":\"https:\/\/www.pressenza.com\/it\/2025\/02\/presidio-per-i-diritti-dei-migranti-ora-basta-non-possiamo-piu-aspettare\/#primaryimage\",\"url\":\"https:\/\/www.pressenza.com\/wp-content\/uploads\/2025\/02\/481173779_1169275911868595_5381693624182112774_n_rid.jpg\",\"contentUrl\":\"https:\/\/www.pressenza.com\/wp-content\/uploads\/2025\/02\/481173779_1169275911868595_5381693624182112774_n_rid.jpg\",\"width\":800,\"height\":362},{\"@type\":\"BreadcrumbList\",\"@id\":\"https:\/\/www.pressenza.com\/it\/2025\/02\/presidio-per-i-diritti-dei-migranti-ora-basta-non-possiamo-piu-aspettare\/#breadcrumb\",\"itemListElement\":[{\"@type\":\"ListItem\",\"position\":1,\"name\":\"Accueil\",\"item\":\"https:\/\/www.pressenza.com\/it\/\"},{\"@type\":\"ListItem\",\"position\":2,\"name\":\"Presidio per i diritti dei migranti: ora basta, non possiamo pi\u00f9 aspettare\"}]},{\"@type\":\"WebSite\",\"@id\":\"https:\/\/www.pressenza.com\/it\/#website\",\"url\":\"https:\/\/www.pressenza.com\/it\/\",\"name\":\"Pressenza\",\"description\":\"Agenzia di Stampa Internazionale\",\"publisher\":{\"@id\":\"https:\/\/www.pressenza.com\/it\/#organization\"},\"potentialAction\":[{\"@type\":\"SearchAction\",\"target\":{\"@type\":\"EntryPoint\",\"urlTemplate\":\"https:\/\/www.pressenza.com\/it\/?s={search_term_string}\"},\"query-input\":{\"@type\":\"PropertyValueSpecification\",\"valueRequired\":true,\"valueName\":\"search_term_string\"}}],\"inLanguage\":\"it-IT\"},{\"@type\":\"Organization\",\"@id\":\"https:\/\/www.pressenza.com\/it\/#organization\",\"name\":\"Pressenza\",\"url\":\"https:\/\/www.pressenza.com\/it\/\",\"logo\":{\"@type\":\"ImageObject\",\"inLanguage\":\"it-IT\",\"@id\":\"https:\/\/www.pressenza.com\/it\/#\/schema\/logo\/image\/\",\"url\":\"https:\/\/www.pressenza.com\/wp-content\/uploads\/2022\/10\/pressenza_logo_200x200.jpg\",\"contentUrl\":\"https:\/\/www.pressenza.com\/wp-content\/uploads\/2022\/10\/pressenza_logo_200x200.jpg\",\"width\":200,\"height\":200,\"caption\":\"Pressenza\"},\"image\":{\"@id\":\"https:\/\/www.pressenza.com\/it\/#\/schema\/logo\/image\/\"},\"sameAs\":[\"https:\/\/www.facebook.com\/PressenzaItalia\",\"https:\/\/x.com\/PressenzaIPA\"]},{\"@type\":\"Person\",\"@id\":\"https:\/\/www.pressenza.com\/it\/#\/schema\/person\/e4c592b12199144875652a3cd0ca7929\",\"name\":\"Redazione Sicilia\",\"description\":\"News from the Pressenza Bureau in Sicily, Italy\",\"url\":\"https:\/\/www.pressenza.com\/it\/author\/redazione-sicilia\/\"}]}<\/script>\n<!-- \/ Yoast SEO plugin. -->","yoast_head_json":{"title":"Presidio per i diritti dei migranti: ora basta, non possiamo pi\u00f9 aspettare","description":"Domani a Catania, nel quadro della mobilitazione nazionale di domani dei lavoratori migranti, promossa dall'USB-Unione Sindacale di Base, si terr\u00e0 un","robots":{"index":"index","follow":"follow","max-snippet":"max-snippet:-1","max-image-preview":"max-image-preview:large","max-video-preview":"max-video-preview:-1"},"canonical":"https:\/\/www.pressenza.com\/it\/2025\/02\/presidio-per-i-diritti-dei-migranti-ora-basta-non-possiamo-piu-aspettare\/","og_locale":"it_IT","og_type":"article","og_title":"Presidio per i diritti dei migranti: ora basta, non possiamo pi\u00f9 aspettare","og_description":"Domani a Catania, nel quadro della mobilitazione nazionale di domani dei lavoratori migranti, promossa dall'USB-Unione Sindacale di Base, si terr\u00e0 un","og_url":"https:\/\/www.pressenza.com\/it\/2025\/02\/presidio-per-i-diritti-dei-migranti-ora-basta-non-possiamo-piu-aspettare\/","og_site_name":"Pressenza","article_publisher":"https:\/\/www.facebook.com\/PressenzaItalia","article_published_time":"2025-02-26T16:35:04+00:00","article_modified_time":"2025-02-26T16:38:50+00:00","og_image":[{"width":800,"height":362,"url":"https:\/\/www.pressenza.com\/wp-content\/uploads\/2025\/02\/481173779_1169275911868595_5381693624182112774_n_rid.jpg","type":"image\/jpeg"}],"author":"Redazione Sicilia","twitter_card":"summary_large_image","twitter_creator":"@PressenzaIPA","twitter_site":"@PressenzaIPA","twitter_misc":{"Scritto da":"Redazione Sicilia","Tempo di lettura stimato":"3 minuti"},"schema":{"@context":"https:\/\/schema.org","@graph":[{"@type":"Article","@id":"https:\/\/www.pressenza.com\/it\/2025\/02\/presidio-per-i-diritti-dei-migranti-ora-basta-non-possiamo-piu-aspettare\/#article","isPartOf":{"@id":"https:\/\/www.pressenza.com\/it\/2025\/02\/presidio-per-i-diritti-dei-migranti-ora-basta-non-possiamo-piu-aspettare\/"},"author":{"name":"Redazione Sicilia","@id":"https:\/\/www.pressenza.com\/it\/#\/schema\/person\/e4c592b12199144875652a3cd0ca7929"},"headline":"Presidio per i diritti dei migranti: ora basta, non possiamo pi\u00f9 aspettare","datePublished":"2025-02-26T16:35:04+00:00","dateModified":"2025-02-26T16:38:50+00:00","mainEntityOfPage":{"@id":"https:\/\/www.pressenza.com\/it\/2025\/02\/presidio-per-i-diritti-dei-migranti-ora-basta-non-possiamo-piu-aspettare\/"},"wordCount":438,"publisher":{"@id":"https:\/\/www.pressenza.com\/it\/#organization"},"image":{"@id":"https:\/\/www.pressenza.com\/it\/2025\/02\/presidio-per-i-diritti-dei-migranti-ora-basta-non-possiamo-piu-aspettare\/#primaryimage"},"thumbnailUrl":"https:\/\/www.pressenza.com\/wp-content\/uploads\/2025\/02\/481173779_1169275911868595_5381693624182112774_n_rid.jpg","keywords":["eventi","permesso di soggiorno","regolarizzazione lavoratori migranti","riconoscimento della residenza","USB Catania"],"articleSection":["Comunicati Stampa","Migranti","Non discriminazione"],"inLanguage":"it-IT"},{"@type":"WebPage","@id":"https:\/\/www.pressenza.com\/it\/2025\/02\/presidio-per-i-diritti-dei-migranti-ora-basta-non-possiamo-piu-aspettare\/","url":"https:\/\/www.pressenza.com\/it\/2025\/02\/presidio-per-i-diritti-dei-migranti-ora-basta-non-possiamo-piu-aspettare\/","name":"Presidio per i diritti dei migranti: ora basta, non possiamo pi\u00f9 aspettare","isPartOf":{"@id":"https:\/\/www.pressenza.com\/it\/#website"},"primaryImageOfPage":{"@id":"https:\/\/www.pressenza.com\/it\/2025\/02\/presidio-per-i-diritti-dei-migranti-ora-basta-non-possiamo-piu-aspettare\/#primaryimage"},"image":{"@id":"https:\/\/www.pressenza.com\/it\/2025\/02\/presidio-per-i-diritti-dei-migranti-ora-basta-non-possiamo-piu-aspettare\/#primaryimage"},"thumbnailUrl":"https:\/\/www.pressenza.com\/wp-content\/uploads\/2025\/02\/481173779_1169275911868595_5381693624182112774_n_rid.jpg","datePublished":"2025-02-26T16:35:04+00:00","dateModified":"2025-02-26T16:38:50+00:00","description":"Domani a Catania, nel quadro della mobilitazione nazionale di domani dei lavoratori migranti, promossa dall'USB-Unione Sindacale di Base, si terr\u00e0 un","breadcrumb":{"@id":"https:\/\/www.pressenza.com\/it\/2025\/02\/presidio-per-i-diritti-dei-migranti-ora-basta-non-possiamo-piu-aspettare\/#breadcrumb"},"inLanguage":"it-IT","potentialAction":[{"@type":"ReadAction","target":["https:\/\/www.pressenza.com\/it\/2025\/02\/presidio-per-i-diritti-dei-migranti-ora-basta-non-possiamo-piu-aspettare\/"]}]},{"@type":"ImageObject","inLanguage":"it-IT","@id":"https:\/\/www.pressenza.com\/it\/2025\/02\/presidio-per-i-diritti-dei-migranti-ora-basta-non-possiamo-piu-aspettare\/#primaryimage","url":"https:\/\/www.pressenza.com\/wp-content\/uploads\/2025\/02\/481173779_1169275911868595_5381693624182112774_n_rid.jpg","contentUrl":"https:\/\/www.pressenza.com\/wp-content\/uploads\/2025\/02\/481173779_1169275911868595_5381693624182112774_n_rid.jpg","width":800,"height":362},{"@type":"BreadcrumbList","@id":"https:\/\/www.pressenza.com\/it\/2025\/02\/presidio-per-i-diritti-dei-migranti-ora-basta-non-possiamo-piu-aspettare\/#breadcrumb","itemListElement":[{"@type":"ListItem","position":1,"name":"Accueil","item":"https:\/\/www.pressenza.com\/it\/"},{"@type":"ListItem","position":2,"name":"Presidio per i diritti dei migranti: ora basta, non possiamo pi\u00f9 aspettare"}]},{"@type":"WebSite","@id":"https:\/\/www.pressenza.com\/it\/#website","url":"https:\/\/www.pressenza.com\/it\/","name":"Pressenza","description":"Agenzia di Stampa Internazionale","publisher":{"@id":"https:\/\/www.pressenza.com\/it\/#organization"},"potentialAction":[{"@type":"SearchAction","target":{"@type":"EntryPoint","urlTemplate":"https:\/\/www.pressenza.com\/it\/?s={search_term_string}"},"query-input":{"@type":"PropertyValueSpecification","valueRequired":true,"valueName":"search_term_string"}}],"inLanguage":"it-IT"},{"@type":"Organization","@id":"https:\/\/www.pressenza.com\/it\/#organization","name":"Pressenza","url":"https:\/\/www.pressenza.com\/it\/","logo":{"@type":"ImageObject","inLanguage":"it-IT","@id":"https:\/\/www.pressenza.com\/it\/#\/schema\/logo\/image\/","url":"https:\/\/www.pressenza.com\/wp-content\/uploads\/2022\/10\/pressenza_logo_200x200.jpg","contentUrl":"https:\/\/www.pressenza.com\/wp-content\/uploads\/2022\/10\/pressenza_logo_200x200.jpg","width":200,"height":200,"caption":"Pressenza"},"image":{"@id":"https:\/\/www.pressenza.com\/it\/#\/schema\/logo\/image\/"},"sameAs":["https:\/\/www.facebook.com\/PressenzaItalia","https:\/\/x.com\/PressenzaIPA"]},{"@type":"Person","@id":"https:\/\/www.pressenza.com\/it\/#\/schema\/person\/e4c592b12199144875652a3cd0ca7929","name":"Redazione Sicilia","description":"News from the Pressenza Bureau in Sicily, Italy","url":"https:\/\/www.pressenza.com\/it\/author\/redazione-sicilia\/"}]}},"place":"","original_article_url":"","_links":{"self":[{"href":"https:\/\/www.pressenza.com\/it\/wp-json\/wp\/v2\/posts\/2585772","targetHints":{"allow":["GET"]}}],"collection":[{"href":"https:\/\/www.pressenza.com\/it\/wp-json\/wp\/v2\/posts"}],"about":[{"href":"https:\/\/www.pressenza.com\/it\/wp-json\/wp\/v2\/types\/post"}],"author":[{"embeddable":true,"href":"https:\/\/www.pressenza.com\/it\/wp-json\/wp\/v2\/users\/2344"}],"replies":[{"embeddable":true,"href":"https:\/\/www.pressenza.com\/it\/wp-json\/wp\/v2\/comments?post=2585772"}],"version-history":[{"count":0,"href":"https:\/\/www.pressenza.com\/it\/wp-json\/wp\/v2\/posts\/2585772\/revisions"}],"wp:featuredmedia":[{"embeddable":true,"href":"https:\/\/www.pressenza.com\/it\/wp-json\/wp\/v2\/media\/2585778"}],"wp:attachment":[{"href":"https:\/\/www.pressenza.com\/it\/wp-json\/wp\/v2\/media?parent=2585772"}],"wp:term":[{"taxonomy":"category","embeddable":true,"href":"https:\/\/www.pressenza.com\/it\/wp-json\/wp\/v2\/categories?post=2585772"},{"taxonomy":"post_tag","embeddable":true,"href":"https:\/\/www.pressenza.com\/it\/wp-json\/wp\/v2\/tags?post=2585772"}],"curies":[{"name":"wp","href":"https:\/\/api.w.org\/{rel}","templated":true}]}}