{"id":2585220,"date":"2025-02-23T19:21:21","date_gmt":"2025-02-23T19:21:21","guid":{"rendered":"https:\/\/www.pressenza.com\/?p=2585220"},"modified":"2025-02-23T19:36:16","modified_gmt":"2025-02-23T19:36:16","slug":"napoli-in-via-aquila-un-polo-sociale-per-le-persone-senza-fissa-dimora","status":"publish","type":"post","link":"https:\/\/www.pressenza.com\/it\/2025\/02\/napoli-in-via-aquila-un-polo-sociale-per-le-persone-senza-fissa-dimora\/","title":{"rendered":"Napoli: in Via Aquila un Polo sociale per le persone senza fissa dimora"},"content":{"rendered":"<p>Sorger\u00e0 in alcuni locali a ridosso della stazione, che Ferrovie dello Stato ha concesso in comodato d&#8217;uso al Comune, un grande Polo sociale che offrir\u00e0 servizi alle persone senza fissa dimora.<\/p>\n<p>Il progetto \u00e8 finanziato con fondi PNRR e contribuir\u00e0 a migliorare le condizioni di vita di cittadini e soggetti fragili che vivono nel quartiere.<br \/>\nOffrir\u00e0 servizi di accompagnamento psicologico e legale, assistenza giuridica, saranno attivati laboratori e percorsi di avviamento al lavoro.<\/p>\n<p><a id=\"m_8106873721056081873m_-7369702533956724065m_3282525500531112269LPlnk\" href=\"https:\/\/multimediale.comune.napoli.it\/index.php?n=10401\" target=\"_blank\" rel=\"noopener\" data-saferedirecturl=\"https:\/\/www.google.com\/url?q=https:\/\/multimediale.comune.napoli.it\/index.php?n%3D10401&amp;source=gmail&amp;ust=1740389210595000&amp;usg=AOvVaw39FHZddbwSGUdl_Zq4QXkA\">https:\/\/multimediale.comune.<wbr \/>napoli.it\/index.php?n=10401<\/a><\/p>\n<p>Fonte: Comunicato stampa del Comune di Napoli<\/p>\n","protected":false},"excerpt":{"rendered":"<p>Sorger\u00e0 in alcuni locali a ridosso della stazione, che Ferrovie dello Stato ha concesso in comodato d&#8217;uso al Comune, un grande Polo sociale che offrir\u00e0 servizi alle persone senza fissa dimora. Il progetto \u00e8 finanziato con fondi PNRR e contribuir\u00e0&hellip;<\/p>\n","protected":false},"author":2317,"featured_media":1299779,"comment_status":"closed","ping_status":"closed","sticky":false,"template":"","format":"standard","meta":{"footnotes":""},"categories":[150,60],"tags":[5149,90802,49605],"class_list":["post-2585220","post","type-post","status-publish","format-standard","has-post-thumbnail","hentry","category-comunicati-stampa","category-diritti-umani","tag-napoli","tag-pnrr","tag-senza-fissa-dimora"],"yoast_head":"<!-- This site is optimized with the Yoast SEO plugin v27.1.1 - https:\/\/yoast.com\/product\/yoast-seo-wordpress\/ -->\n<title>Napoli: in Via Aquila un Polo sociale per le persone senza fissa dimora<\/title>\n<meta name=\"description\" content=\"Sorger\u00e0 in alcuni locali a ridosso della stazione, che Ferrovie dello Stato ha concesso in comodato d&#039;uso al Comune, un grande Polo sociale che offrir\u00e0\" \/>\n<meta name=\"robots\" content=\"index, follow, max-snippet:-1, max-image-preview:large, max-video-preview:-1\" \/>\n<link rel=\"canonical\" href=\"https:\/\/www.pressenza.com\/it\/2025\/02\/napoli-in-via-aquila-un-polo-sociale-per-le-persone-senza-fissa-dimora\/\" \/>\n<meta property=\"og:locale\" content=\"it_IT\" \/>\n<meta property=\"og:type\" content=\"article\" \/>\n<meta property=\"og:title\" content=\"Napoli: in Via Aquila un Polo sociale per le persone senza fissa dimora\" \/>\n<meta property=\"og:description\" content=\"Sorger\u00e0 in alcuni locali a ridosso della stazione, che Ferrovie dello Stato ha concesso in comodato d&#039;uso al Comune, un grande Polo sociale che offrir\u00e0\" \/>\n<meta property=\"og:url\" content=\"https:\/\/www.pressenza.com\/it\/2025\/02\/napoli-in-via-aquila-un-polo-sociale-per-le-persone-senza-fissa-dimora\/\" \/>\n<meta property=\"og:site_name\" content=\"Pressenza\" \/>\n<meta property=\"article:publisher\" content=\"https:\/\/www.facebook.com\/PressenzaItalia\" \/>\n<meta property=\"article:published_time\" content=\"2025-02-23T19:21:21+00:00\" \/>\n<meta property=\"article:modified_time\" content=\"2025-02-23T19:36:16+00:00\" \/>\n<meta property=\"og:image\" content=\"https:\/\/www.pressenza.com\/wp-content\/uploads\/2021\/02\/Senza-fissa-dimora.jpg\" \/>\n\t<meta property=\"og:image:width\" content=\"749\" \/>\n\t<meta property=\"og:image:height\" content=\"481\" \/>\n\t<meta property=\"og:image:type\" content=\"image\/jpeg\" \/>\n<meta name=\"author\" content=\"Redazione Napoli\" \/>\n<meta name=\"twitter:card\" content=\"summary_large_image\" \/>\n<meta name=\"twitter:creator\" content=\"@PressenzaIPA\" \/>\n<meta name=\"twitter:site\" content=\"@PressenzaIPA\" \/>\n<meta name=\"twitter:label1\" content=\"Scritto da\" \/>\n\t<meta name=\"twitter:data1\" content=\"Redazione Napoli\" \/>\n\t<meta name=\"twitter:label2\" content=\"Tempo di lettura stimato\" \/>\n\t<meta name=\"twitter:data2\" content=\"1 minuto\" \/>\n<script type=\"application\/ld+json\" class=\"yoast-schema-graph\">{\"@context\":\"https:\/\/schema.org\",\"@graph\":[{\"@type\":\"Article\",\"@id\":\"https:\/\/www.pressenza.com\/it\/2025\/02\/napoli-in-via-aquila-un-polo-sociale-per-le-persone-senza-fissa-dimora\/#article\",\"isPartOf\":{\"@id\":\"https:\/\/www.pressenza.com\/it\/2025\/02\/napoli-in-via-aquila-un-polo-sociale-per-le-persone-senza-fissa-dimora\/\"},\"author\":{\"name\":\"Redazione Napoli\",\"@id\":\"https:\/\/www.pressenza.com\/it\/#\/schema\/person\/c83f99ec84eefde62a82df91abfd7c90\"},\"headline\":\"Napoli: in Via Aquila un Polo sociale per le persone senza fissa dimora\",\"datePublished\":\"2025-02-23T19:21:21+00:00\",\"dateModified\":\"2025-02-23T19:36:16+00:00\",\"mainEntityOfPage\":{\"@id\":\"https:\/\/www.pressenza.com\/it\/2025\/02\/napoli-in-via-aquila-un-polo-sociale-per-le-persone-senza-fissa-dimora\/\"},\"wordCount\":101,\"publisher\":{\"@id\":\"https:\/\/www.pressenza.com\/it\/#organization\"},\"image\":{\"@id\":\"https:\/\/www.pressenza.com\/it\/2025\/02\/napoli-in-via-aquila-un-polo-sociale-per-le-persone-senza-fissa-dimora\/#primaryimage\"},\"thumbnailUrl\":\"https:\/\/www.pressenza.com\/wp-content\/uploads\/2021\/02\/Senza-fissa-dimora.jpg\",\"keywords\":[\"Napoli\",\"PNRR\",\"senza fissa dimora\"],\"articleSection\":[\"Comunicati Stampa\",\"Diritti Umani\"],\"inLanguage\":\"it-IT\"},{\"@type\":\"WebPage\",\"@id\":\"https:\/\/www.pressenza.com\/it\/2025\/02\/napoli-in-via-aquila-un-polo-sociale-per-le-persone-senza-fissa-dimora\/\",\"url\":\"https:\/\/www.pressenza.com\/it\/2025\/02\/napoli-in-via-aquila-un-polo-sociale-per-le-persone-senza-fissa-dimora\/\",\"name\":\"Napoli: in Via Aquila un Polo sociale per le persone senza fissa dimora\",\"isPartOf\":{\"@id\":\"https:\/\/www.pressenza.com\/it\/#website\"},\"primaryImageOfPage\":{\"@id\":\"https:\/\/www.pressenza.com\/it\/2025\/02\/napoli-in-via-aquila-un-polo-sociale-per-le-persone-senza-fissa-dimora\/#primaryimage\"},\"image\":{\"@id\":\"https:\/\/www.pressenza.com\/it\/2025\/02\/napoli-in-via-aquila-un-polo-sociale-per-le-persone-senza-fissa-dimora\/#primaryimage\"},\"thumbnailUrl\":\"https:\/\/www.pressenza.com\/wp-content\/uploads\/2021\/02\/Senza-fissa-dimora.jpg\",\"datePublished\":\"2025-02-23T19:21:21+00:00\",\"dateModified\":\"2025-02-23T19:36:16+00:00\",\"description\":\"Sorger\u00e0 in alcuni locali a ridosso della stazione, che Ferrovie dello Stato ha concesso in comodato d'uso al Comune, un grande Polo sociale che offrir\u00e0\",\"breadcrumb\":{\"@id\":\"https:\/\/www.pressenza.com\/it\/2025\/02\/napoli-in-via-aquila-un-polo-sociale-per-le-persone-senza-fissa-dimora\/#breadcrumb\"},\"inLanguage\":\"it-IT\",\"potentialAction\":[{\"@type\":\"ReadAction\",\"target\":[\"https:\/\/www.pressenza.com\/it\/2025\/02\/napoli-in-via-aquila-un-polo-sociale-per-le-persone-senza-fissa-dimora\/\"]}]},{\"@type\":\"ImageObject\",\"inLanguage\":\"it-IT\",\"@id\":\"https:\/\/www.pressenza.com\/it\/2025\/02\/napoli-in-via-aquila-un-polo-sociale-per-le-persone-senza-fissa-dimora\/#primaryimage\",\"url\":\"https:\/\/www.pressenza.com\/wp-content\/uploads\/2021\/02\/Senza-fissa-dimora.jpg\",\"contentUrl\":\"https:\/\/www.pressenza.com\/wp-content\/uploads\/2021\/02\/Senza-fissa-dimora.jpg\",\"width\":749,\"height\":481},{\"@type\":\"BreadcrumbList\",\"@id\":\"https:\/\/www.pressenza.com\/it\/2025\/02\/napoli-in-via-aquila-un-polo-sociale-per-le-persone-senza-fissa-dimora\/#breadcrumb\",\"itemListElement\":[{\"@type\":\"ListItem\",\"position\":1,\"name\":\"Accueil\",\"item\":\"https:\/\/www.pressenza.com\/it\/\"},{\"@type\":\"ListItem\",\"position\":2,\"name\":\"Napoli: in Via Aquila un Polo sociale per le persone senza fissa dimora\"}]},{\"@type\":\"WebSite\",\"@id\":\"https:\/\/www.pressenza.com\/it\/#website\",\"url\":\"https:\/\/www.pressenza.com\/it\/\",\"name\":\"Pressenza\",\"description\":\"Agenzia di Stampa Internazionale\",\"publisher\":{\"@id\":\"https:\/\/www.pressenza.com\/it\/#organization\"},\"potentialAction\":[{\"@type\":\"SearchAction\",\"target\":{\"@type\":\"EntryPoint\",\"urlTemplate\":\"https:\/\/www.pressenza.com\/it\/?s={search_term_string}\"},\"query-input\":{\"@type\":\"PropertyValueSpecification\",\"valueRequired\":true,\"valueName\":\"search_term_string\"}}],\"inLanguage\":\"it-IT\"},{\"@type\":\"Organization\",\"@id\":\"https:\/\/www.pressenza.com\/it\/#organization\",\"name\":\"Pressenza\",\"url\":\"https:\/\/www.pressenza.com\/it\/\",\"logo\":{\"@type\":\"ImageObject\",\"inLanguage\":\"it-IT\",\"@id\":\"https:\/\/www.pressenza.com\/it\/#\/schema\/logo\/image\/\",\"url\":\"https:\/\/www.pressenza.com\/wp-content\/uploads\/2022\/10\/pressenza_logo_200x200.jpg\",\"contentUrl\":\"https:\/\/www.pressenza.com\/wp-content\/uploads\/2022\/10\/pressenza_logo_200x200.jpg\",\"width\":200,\"height\":200,\"caption\":\"Pressenza\"},\"image\":{\"@id\":\"https:\/\/www.pressenza.com\/it\/#\/schema\/logo\/image\/\"},\"sameAs\":[\"https:\/\/www.facebook.com\/PressenzaItalia\",\"https:\/\/x.com\/PressenzaIPA\"]},{\"@type\":\"Person\",\"@id\":\"https:\/\/www.pressenza.com\/it\/#\/schema\/person\/c83f99ec84eefde62a82df91abfd7c90\",\"name\":\"Redazione Napoli\",\"description\":\"News from the Pressenza Bureau in Naples, Italy\",\"url\":\"https:\/\/www.pressenza.com\/it\/author\/redazione-napoli\/\"}]}<\/script>\n<!-- \/ Yoast SEO plugin. -->","yoast_head_json":{"title":"Napoli: in Via Aquila un Polo sociale per le persone senza fissa dimora","description":"Sorger\u00e0 in alcuni locali a ridosso della stazione, che Ferrovie dello Stato ha concesso in comodato d'uso al Comune, un grande Polo sociale che offrir\u00e0","robots":{"index":"index","follow":"follow","max-snippet":"max-snippet:-1","max-image-preview":"max-image-preview:large","max-video-preview":"max-video-preview:-1"},"canonical":"https:\/\/www.pressenza.com\/it\/2025\/02\/napoli-in-via-aquila-un-polo-sociale-per-le-persone-senza-fissa-dimora\/","og_locale":"it_IT","og_type":"article","og_title":"Napoli: in Via Aquila un Polo sociale per le persone senza fissa dimora","og_description":"Sorger\u00e0 in alcuni locali a ridosso della stazione, che Ferrovie dello Stato ha concesso in comodato d'uso al Comune, un grande Polo sociale che offrir\u00e0","og_url":"https:\/\/www.pressenza.com\/it\/2025\/02\/napoli-in-via-aquila-un-polo-sociale-per-le-persone-senza-fissa-dimora\/","og_site_name":"Pressenza","article_publisher":"https:\/\/www.facebook.com\/PressenzaItalia","article_published_time":"2025-02-23T19:21:21+00:00","article_modified_time":"2025-02-23T19:36:16+00:00","og_image":[{"width":749,"height":481,"url":"https:\/\/www.pressenza.com\/wp-content\/uploads\/2021\/02\/Senza-fissa-dimora.jpg","type":"image\/jpeg"}],"author":"Redazione Napoli","twitter_card":"summary_large_image","twitter_creator":"@PressenzaIPA","twitter_site":"@PressenzaIPA","twitter_misc":{"Scritto da":"Redazione Napoli","Tempo di lettura stimato":"1 minuto"},"schema":{"@context":"https:\/\/schema.org","@graph":[{"@type":"Article","@id":"https:\/\/www.pressenza.com\/it\/2025\/02\/napoli-in-via-aquila-un-polo-sociale-per-le-persone-senza-fissa-dimora\/#article","isPartOf":{"@id":"https:\/\/www.pressenza.com\/it\/2025\/02\/napoli-in-via-aquila-un-polo-sociale-per-le-persone-senza-fissa-dimora\/"},"author":{"name":"Redazione Napoli","@id":"https:\/\/www.pressenza.com\/it\/#\/schema\/person\/c83f99ec84eefde62a82df91abfd7c90"},"headline":"Napoli: in Via Aquila un Polo sociale per le persone senza fissa dimora","datePublished":"2025-02-23T19:21:21+00:00","dateModified":"2025-02-23T19:36:16+00:00","mainEntityOfPage":{"@id":"https:\/\/www.pressenza.com\/it\/2025\/02\/napoli-in-via-aquila-un-polo-sociale-per-le-persone-senza-fissa-dimora\/"},"wordCount":101,"publisher":{"@id":"https:\/\/www.pressenza.com\/it\/#organization"},"image":{"@id":"https:\/\/www.pressenza.com\/it\/2025\/02\/napoli-in-via-aquila-un-polo-sociale-per-le-persone-senza-fissa-dimora\/#primaryimage"},"thumbnailUrl":"https:\/\/www.pressenza.com\/wp-content\/uploads\/2021\/02\/Senza-fissa-dimora.jpg","keywords":["Napoli","PNRR","senza fissa dimora"],"articleSection":["Comunicati Stampa","Diritti Umani"],"inLanguage":"it-IT"},{"@type":"WebPage","@id":"https:\/\/www.pressenza.com\/it\/2025\/02\/napoli-in-via-aquila-un-polo-sociale-per-le-persone-senza-fissa-dimora\/","url":"https:\/\/www.pressenza.com\/it\/2025\/02\/napoli-in-via-aquila-un-polo-sociale-per-le-persone-senza-fissa-dimora\/","name":"Napoli: in Via Aquila un Polo sociale per le persone senza fissa dimora","isPartOf":{"@id":"https:\/\/www.pressenza.com\/it\/#website"},"primaryImageOfPage":{"@id":"https:\/\/www.pressenza.com\/it\/2025\/02\/napoli-in-via-aquila-un-polo-sociale-per-le-persone-senza-fissa-dimora\/#primaryimage"},"image":{"@id":"https:\/\/www.pressenza.com\/it\/2025\/02\/napoli-in-via-aquila-un-polo-sociale-per-le-persone-senza-fissa-dimora\/#primaryimage"},"thumbnailUrl":"https:\/\/www.pressenza.com\/wp-content\/uploads\/2021\/02\/Senza-fissa-dimora.jpg","datePublished":"2025-02-23T19:21:21+00:00","dateModified":"2025-02-23T19:36:16+00:00","description":"Sorger\u00e0 in alcuni locali a ridosso della stazione, che Ferrovie dello Stato ha concesso in comodato d'uso al Comune, un grande Polo sociale che offrir\u00e0","breadcrumb":{"@id":"https:\/\/www.pressenza.com\/it\/2025\/02\/napoli-in-via-aquila-un-polo-sociale-per-le-persone-senza-fissa-dimora\/#breadcrumb"},"inLanguage":"it-IT","potentialAction":[{"@type":"ReadAction","target":["https:\/\/www.pressenza.com\/it\/2025\/02\/napoli-in-via-aquila-un-polo-sociale-per-le-persone-senza-fissa-dimora\/"]}]},{"@type":"ImageObject","inLanguage":"it-IT","@id":"https:\/\/www.pressenza.com\/it\/2025\/02\/napoli-in-via-aquila-un-polo-sociale-per-le-persone-senza-fissa-dimora\/#primaryimage","url":"https:\/\/www.pressenza.com\/wp-content\/uploads\/2021\/02\/Senza-fissa-dimora.jpg","contentUrl":"https:\/\/www.pressenza.com\/wp-content\/uploads\/2021\/02\/Senza-fissa-dimora.jpg","width":749,"height":481},{"@type":"BreadcrumbList","@id":"https:\/\/www.pressenza.com\/it\/2025\/02\/napoli-in-via-aquila-un-polo-sociale-per-le-persone-senza-fissa-dimora\/#breadcrumb","itemListElement":[{"@type":"ListItem","position":1,"name":"Accueil","item":"https:\/\/www.pressenza.com\/it\/"},{"@type":"ListItem","position":2,"name":"Napoli: in Via Aquila un Polo sociale per le persone senza fissa dimora"}]},{"@type":"WebSite","@id":"https:\/\/www.pressenza.com\/it\/#website","url":"https:\/\/www.pressenza.com\/it\/","name":"Pressenza","description":"Agenzia di Stampa Internazionale","publisher":{"@id":"https:\/\/www.pressenza.com\/it\/#organization"},"potentialAction":[{"@type":"SearchAction","target":{"@type":"EntryPoint","urlTemplate":"https:\/\/www.pressenza.com\/it\/?s={search_term_string}"},"query-input":{"@type":"PropertyValueSpecification","valueRequired":true,"valueName":"search_term_string"}}],"inLanguage":"it-IT"},{"@type":"Organization","@id":"https:\/\/www.pressenza.com\/it\/#organization","name":"Pressenza","url":"https:\/\/www.pressenza.com\/it\/","logo":{"@type":"ImageObject","inLanguage":"it-IT","@id":"https:\/\/www.pressenza.com\/it\/#\/schema\/logo\/image\/","url":"https:\/\/www.pressenza.com\/wp-content\/uploads\/2022\/10\/pressenza_logo_200x200.jpg","contentUrl":"https:\/\/www.pressenza.com\/wp-content\/uploads\/2022\/10\/pressenza_logo_200x200.jpg","width":200,"height":200,"caption":"Pressenza"},"image":{"@id":"https:\/\/www.pressenza.com\/it\/#\/schema\/logo\/image\/"},"sameAs":["https:\/\/www.facebook.com\/PressenzaItalia","https:\/\/x.com\/PressenzaIPA"]},{"@type":"Person","@id":"https:\/\/www.pressenza.com\/it\/#\/schema\/person\/c83f99ec84eefde62a82df91abfd7c90","name":"Redazione Napoli","description":"News from the Pressenza Bureau in Naples, Italy","url":"https:\/\/www.pressenza.com\/it\/author\/redazione-napoli\/"}]}},"place":"Napoli","original_article_url":"","_links":{"self":[{"href":"https:\/\/www.pressenza.com\/it\/wp-json\/wp\/v2\/posts\/2585220","targetHints":{"allow":["GET"]}}],"collection":[{"href":"https:\/\/www.pressenza.com\/it\/wp-json\/wp\/v2\/posts"}],"about":[{"href":"https:\/\/www.pressenza.com\/it\/wp-json\/wp\/v2\/types\/post"}],"author":[{"embeddable":true,"href":"https:\/\/www.pressenza.com\/it\/wp-json\/wp\/v2\/users\/2317"}],"replies":[{"embeddable":true,"href":"https:\/\/www.pressenza.com\/it\/wp-json\/wp\/v2\/comments?post=2585220"}],"version-history":[{"count":0,"href":"https:\/\/www.pressenza.com\/it\/wp-json\/wp\/v2\/posts\/2585220\/revisions"}],"wp:featuredmedia":[{"embeddable":true,"href":"https:\/\/www.pressenza.com\/it\/wp-json\/wp\/v2\/media\/1299779"}],"wp:attachment":[{"href":"https:\/\/www.pressenza.com\/it\/wp-json\/wp\/v2\/media?parent=2585220"}],"wp:term":[{"taxonomy":"category","embeddable":true,"href":"https:\/\/www.pressenza.com\/it\/wp-json\/wp\/v2\/categories?post=2585220"},{"taxonomy":"post_tag","embeddable":true,"href":"https:\/\/www.pressenza.com\/it\/wp-json\/wp\/v2\/tags?post=2585220"}],"curies":[{"name":"wp","href":"https:\/\/api.w.org\/{rel}","templated":true}]}}