{"id":2583679,"date":"2025-02-15T18:25:26","date_gmt":"2025-02-15T18:25:26","guid":{"rendered":"https:\/\/www.pressenza.com\/?p=2583679"},"modified":"2025-02-15T18:27:19","modified_gmt":"2025-02-15T18:27:19","slug":"carovana-per-una-calabria-aperta-e-solidale","status":"publish","type":"post","link":"https:\/\/www.pressenza.com\/it\/2025\/02\/carovana-per-una-calabria-aperta-e-solidale\/","title":{"rendered":"Carovana per una Calabria aperta e solidale"},"content":{"rendered":"<p><strong>Un viaggio per la verit\u00e0 e la giustizia<\/strong><br \/>\n<strong>Dal 20 al 26 febbraio l&#8217;iniziativa organizzata da Carovane Migranti e Caravana Abriendo Fronteras con tappa finale a Cutro<\/strong><\/p>\n<p>Dal 20 al 26 febbraio 2025 prender\u00e0 il via la \u201cCarovana per una Calabria aperta e solidale\u201d, un\u2019iniziativa organizzata da Carovane Migranti e Caravana Abriendo Fronteras per chiedere ancora una volta verit\u00e0 e giustizia per la strage di Steccato di Cutro dove, il 26 febbraio di 2 anni fa, morirono 94 persone, di cui 34 bambini e bambine. Questo evento, che si snoder\u00e0 attraverso numerose localit\u00e0, vuole accendere i riflettori sulle responsabilit\u00e0 istituzionali nelle \u201cnecropolitiche globali\u201d, ossia quei luoghi in cui \u201csi affinano gli strumenti della negazione, dell\u2019occultamento dei corpi insieme a quelli dei diritti delle famiglie e delle comunit\u00e0\u201d.<\/p>\n<p>\u201cLe istituzioni italiane, terrorizzate dall\u2019effetto Cutro sull\u2019opinione pubblica, hanno nascosto e disperso i cadaveri, depistato l\u2019informazione e maltrattato le famiglie\u201d si legge nel documento che promuove l\u2019iniziativa.<\/p>\n<p>La carovana percorrer\u00e0 diversi territori significativi, collegando esperienze, testimonianze e richieste di giustizia per costruire un ponte tra le diverse esperienze di chi lotta per la memoria e i diritti delle persone migranti.<\/p>\n<p>\u00abL\u2019abbiamo detto, scritto, ripetuto fin dal primo momento: Cutro \u00e8 stata una strage di Stato\u00bb, afferma Gianfranco Crua di Carovane Migranti. \u00abOra le inchieste giornalistiche e soprattutto gli atti giudiziari lo dimostrano: quelle persone potevano essere salvate. In quell\u2019occasione ci fu una volont\u00e0, come in tanti altri casi \u2013 Ceuta, Melilla, Pylos in Grecia \u2013 di lasciare morire le persone in mare, sperando che nessuno se ne accorgesse. Quest\u2019anno saremo di nuovo a Cutro, con i familiari e i superstiti, per la seconda volta dopo lo scorso anniversario non per commemorare, ma per gridare ancora una volta la richiesta di verit\u00e0 e giustizia\u00bb.<\/p>\n<p>Il percorso della carovana offrir\u00e0 spazio per le testimonianze dirette di chi ha vissuto in prima persona questi drammi, rafforzando la rete di solidariet\u00e0 e denuncia. L\u2019obiettivo \u00e8 la costruzione di un codice di comportamento vincolante in caso di naufragio o di ritrovamento di un corpo non identificato. Le richieste principali includono:<\/p>\n<p>\u00a7 Prelievo del DNA sui corpi e sui familiari che denunciano la scomparsa di un loro caro, unitamente alla raccolta dei dati ante e post mortem utili all\u2019identificazione;<\/p>\n<p>\u00a7 possibilit\u00e0 di identificazione e sepoltura secondo la volont\u00e0 e il credo espresso dalle famiglie;<\/p>\n<p>\u00a7 impegno dei governi per il rimpatrio delle salme, garantendo un processo dignitoso e trasparente;<\/p>\n<p>\u00a7 tracciabilit\u00e0 delle sepolture dei corpi non immediatamente rivendicati dalle famiglie per eventuali futuri riconoscimenti;<\/p>\n<p>\u00a7 accoglienza degna per i sopravvissuti e i familiari delle vittime, con copertura delle spese di viaggio, vitto, alloggio e supporto medico-psicologico;<\/p>\n<p>\u00a7 un\u2019informazione verso i familiari in ogni fase dell\u2019identificazione per la doverosa comparazione del profilo genetico.<\/p>\n<p><strong>Unire le lotte per una giustizia transnazionale<\/strong><br \/>\nLa carovana sar\u00e0 anche un momento di confronto tra attivisti, operatori e familiari delle vittime. \u00abMettere insieme le esperienze di identificazione e ricerca dei familiari dalle Canarie ai Balcani \u00e8 fondamentale per costruire un protocollo condiviso e vincolante\u00bb spiega Crua. \u00abFino a oggi, il destino dei corpi delle persone migranti \u00e8 stato lasciato nelle mani degli attivisti e delle comunit\u00e0 locali. Pensate, per fare un esempio che non riguarda i confini, alla vicenda di Moussa Balde, morto nel CPR di Torino. Vogliamo che le istituzioni assumano la responsabilit\u00e0 di garantire giustizia\u00bb.<\/p>\n<p>Tra i partecipanti vi saranno Maria Greco dell\u2019Associazione Entremares di Fuerteventura, impegnata da anni nell\u2019identificazione delle vittime migranti alle Canarie, e Nihad Suljic di Tuzla che lavora in Bosnia-Erzegovina per dare un nome ai corpi ritrovati lungo la rotta balcanica. Con loro, attivisti del Collettivo Rotte Balcaniche Alto Vicentino, che documentano le condizioni e la brutalit\u00e0 del confine orientale europeo, in particolare in Bulgaria.<\/p>\n<p>\u00abCon la carovana viaggeranno dei testimoni che vogliono collegare gli eventi di Cutro con altre realt\u00e0 di frontiera, con altri gruppi che lavorano per l\u2019identificazione dei corpi, per la verit\u00e0, per evitare che ci siano morti in terra e in mare\u00bb, conclude l\u2019attivista di Carovane Migranti.<\/p>\n<p>Da Cutro partir\u00e0 un appello forte e chiaro alle autorit\u00e0: basta impunit\u00e0, basta silenzi. La memoria delle vittime delle frontiere non deve essere cancellata.<\/p>\n<p>La Carovana per una Calabria aperta e solidale non sar\u00e0 quindi solo un viaggio, ma un grido collettivo contro l\u2019indifferenza, le politiche di chiusura dei confini, vere responsabili della morte di migliaia e migliaia di persone. Attraverso il confronto tra diverse realt\u00e0, si punta a costruire una strategia condivisa che metta al centro la dignit\u00e0, la verit\u00e0 e la giustizia per tutte le persone in movimento.<\/p>\n<p><a href=\"https:\/\/www.meltingpot.org\/2025\/02\/carovana-per-una-calabria-aperta-e-solidale-un-viaggio-per-la-verita-e-la-giustizia\/\">https:\/\/www.meltingpot.org\/2025\/02\/carovana-per-una-calabria-aperta-e-solidale-un-viaggio-per-la-verita-e-la-giustizia\/<\/a><\/p>\n<p>&nbsp;<\/p>\n<p>&nbsp;<\/p>\n<p>&nbsp;<\/p>\n<p>&nbsp;<\/p>\n","protected":false},"excerpt":{"rendered":"<p>Un viaggio per la verit\u00e0 e la giustizia Dal 20 al 26 febbraio l&#8217;iniziativa organizzata da Carovane Migranti e Caravana Abriendo Fronteras con tappa finale a Cutro Dal 20 al 26 febbraio 2025 prender\u00e0 il via la \u201cCarovana per una&hellip;<\/p>\n","protected":false},"author":594,"featured_media":1767772,"comment_status":"closed","ping_status":"closed","sticky":false,"template":"","format":"standard","meta":{"footnotes":""},"categories":[60,54572,1261],"tags":[132749,132750,25078,110869],"class_list":["post-2583679","post","type-post","status-publish","format-standard","has-post-thumbnail","hentry","category-diritti-umani","category-migranti","category-diversita","tag-associazione-entremares-di-fuerteventura","tag-caravana-abriendo-fronteras-it","tag-carovane-migranti","tag-steccato-di-cutro"],"yoast_head":"<!-- This site is optimized with the Yoast SEO plugin v27.1.1 - https:\/\/yoast.com\/product\/yoast-seo-wordpress\/ -->\n<title>Carovana per una Calabria aperta e solidale<\/title>\n<meta name=\"description\" content=\"Un viaggio per la verit\u00e0 e la giustizia Dal 20 al 26 febbraio l&#039;iniziativa organizzata da Carovane Migranti e Caravana Abriendo Fronteras con tappa finale\" \/>\n<meta name=\"robots\" content=\"index, follow, max-snippet:-1, max-image-preview:large, max-video-preview:-1\" \/>\n<link rel=\"canonical\" href=\"https:\/\/www.pressenza.com\/it\/2025\/02\/carovana-per-una-calabria-aperta-e-solidale\/\" \/>\n<meta property=\"og:locale\" content=\"it_IT\" \/>\n<meta property=\"og:type\" content=\"article\" \/>\n<meta property=\"og:title\" content=\"Carovana per una Calabria aperta e solidale\" \/>\n<meta property=\"og:description\" content=\"Un viaggio per la verit\u00e0 e la giustizia Dal 20 al 26 febbraio l&#039;iniziativa organizzata da Carovane Migranti e Caravana Abriendo Fronteras con tappa finale\" \/>\n<meta property=\"og:url\" content=\"https:\/\/www.pressenza.com\/it\/2025\/02\/carovana-per-una-calabria-aperta-e-solidale\/\" \/>\n<meta property=\"og:site_name\" content=\"Pressenza\" \/>\n<meta property=\"article:publisher\" content=\"https:\/\/www.facebook.com\/PressenzaItalia\" \/>\n<meta property=\"article:author\" content=\"https:\/\/www.facebook.com\/PressenzaItalia\" \/>\n<meta property=\"article:published_time\" content=\"2025-02-15T18:25:26+00:00\" \/>\n<meta property=\"article:modified_time\" content=\"2025-02-15T18:27:19+00:00\" \/>\n<meta property=\"og:image\" content=\"https:\/\/www.pressenza.com\/wp-content\/uploads\/2023\/09\/fiori-spiaggia-Cutro-rit-e1738839036680.jpg\" \/>\n\t<meta property=\"og:image:width\" content=\"800\" \/>\n\t<meta property=\"og:image:height\" content=\"638\" \/>\n\t<meta property=\"og:image:type\" content=\"image\/jpeg\" \/>\n<meta name=\"author\" content=\"Redazione Italia\" \/>\n<meta name=\"twitter:card\" content=\"summary_large_image\" \/>\n<meta name=\"twitter:creator\" content=\"@pressenza_it\" \/>\n<meta name=\"twitter:site\" content=\"@PressenzaIPA\" \/>\n<meta name=\"twitter:label1\" content=\"Scritto da\" \/>\n\t<meta name=\"twitter:data1\" content=\"Redazione Italia\" \/>\n\t<meta name=\"twitter:label2\" content=\"Tempo di lettura stimato\" \/>\n\t<meta name=\"twitter:data2\" content=\"4 minuti\" \/>\n<script type=\"application\/ld+json\" class=\"yoast-schema-graph\">{\"@context\":\"https:\/\/schema.org\",\"@graph\":[{\"@type\":\"Article\",\"@id\":\"https:\/\/www.pressenza.com\/it\/2025\/02\/carovana-per-una-calabria-aperta-e-solidale\/#article\",\"isPartOf\":{\"@id\":\"https:\/\/www.pressenza.com\/it\/2025\/02\/carovana-per-una-calabria-aperta-e-solidale\/\"},\"author\":{\"name\":\"Redazione Italia\",\"@id\":\"https:\/\/www.pressenza.com\/it\/#\/schema\/person\/d983e81827ae24f2c7b1a2123d197f8d\"},\"headline\":\"Carovana per una Calabria aperta e solidale\",\"datePublished\":\"2025-02-15T18:25:26+00:00\",\"dateModified\":\"2025-02-15T18:27:19+00:00\",\"mainEntityOfPage\":{\"@id\":\"https:\/\/www.pressenza.com\/it\/2025\/02\/carovana-per-una-calabria-aperta-e-solidale\/\"},\"wordCount\":765,\"publisher\":{\"@id\":\"https:\/\/www.pressenza.com\/it\/#organization\"},\"image\":{\"@id\":\"https:\/\/www.pressenza.com\/it\/2025\/02\/carovana-per-una-calabria-aperta-e-solidale\/#primaryimage\"},\"thumbnailUrl\":\"https:\/\/www.pressenza.com\/wp-content\/uploads\/2023\/09\/fiori-spiaggia-Cutro-rit-e1738839036680.jpg\",\"keywords\":[\"Associazione Entremares di Fuerteventura\",\"Caravana Abriendo Fronteras\",\"carovane migranti\",\"Steccato di Cutro\"],\"articleSection\":[\"Diritti Umani\",\"Migranti\",\"Non discriminazione\"],\"inLanguage\":\"it-IT\"},{\"@type\":\"WebPage\",\"@id\":\"https:\/\/www.pressenza.com\/it\/2025\/02\/carovana-per-una-calabria-aperta-e-solidale\/\",\"url\":\"https:\/\/www.pressenza.com\/it\/2025\/02\/carovana-per-una-calabria-aperta-e-solidale\/\",\"name\":\"Carovana per una Calabria aperta e solidale\",\"isPartOf\":{\"@id\":\"https:\/\/www.pressenza.com\/it\/#website\"},\"primaryImageOfPage\":{\"@id\":\"https:\/\/www.pressenza.com\/it\/2025\/02\/carovana-per-una-calabria-aperta-e-solidale\/#primaryimage\"},\"image\":{\"@id\":\"https:\/\/www.pressenza.com\/it\/2025\/02\/carovana-per-una-calabria-aperta-e-solidale\/#primaryimage\"},\"thumbnailUrl\":\"https:\/\/www.pressenza.com\/wp-content\/uploads\/2023\/09\/fiori-spiaggia-Cutro-rit-e1738839036680.jpg\",\"datePublished\":\"2025-02-15T18:25:26+00:00\",\"dateModified\":\"2025-02-15T18:27:19+00:00\",\"description\":\"Un viaggio per la verit\u00e0 e la giustizia Dal 20 al 26 febbraio l'iniziativa organizzata da Carovane Migranti e Caravana Abriendo Fronteras con tappa finale\",\"breadcrumb\":{\"@id\":\"https:\/\/www.pressenza.com\/it\/2025\/02\/carovana-per-una-calabria-aperta-e-solidale\/#breadcrumb\"},\"inLanguage\":\"it-IT\",\"potentialAction\":[{\"@type\":\"ReadAction\",\"target\":[\"https:\/\/www.pressenza.com\/it\/2025\/02\/carovana-per-una-calabria-aperta-e-solidale\/\"]}]},{\"@type\":\"ImageObject\",\"inLanguage\":\"it-IT\",\"@id\":\"https:\/\/www.pressenza.com\/it\/2025\/02\/carovana-per-una-calabria-aperta-e-solidale\/#primaryimage\",\"url\":\"https:\/\/www.pressenza.com\/wp-content\/uploads\/2023\/09\/fiori-spiaggia-Cutro-rit-e1738839036680.jpg\",\"contentUrl\":\"https:\/\/www.pressenza.com\/wp-content\/uploads\/2023\/09\/fiori-spiaggia-Cutro-rit-e1738839036680.jpg\",\"width\":800,\"height\":638},{\"@type\":\"BreadcrumbList\",\"@id\":\"https:\/\/www.pressenza.com\/it\/2025\/02\/carovana-per-una-calabria-aperta-e-solidale\/#breadcrumb\",\"itemListElement\":[{\"@type\":\"ListItem\",\"position\":1,\"name\":\"Accueil\",\"item\":\"https:\/\/www.pressenza.com\/it\/\"},{\"@type\":\"ListItem\",\"position\":2,\"name\":\"Carovana per una Calabria aperta e solidale\"}]},{\"@type\":\"WebSite\",\"@id\":\"https:\/\/www.pressenza.com\/it\/#website\",\"url\":\"https:\/\/www.pressenza.com\/it\/\",\"name\":\"Pressenza\",\"description\":\"Agenzia di Stampa Internazionale\",\"publisher\":{\"@id\":\"https:\/\/www.pressenza.com\/it\/#organization\"},\"potentialAction\":[{\"@type\":\"SearchAction\",\"target\":{\"@type\":\"EntryPoint\",\"urlTemplate\":\"https:\/\/www.pressenza.com\/it\/?s={search_term_string}\"},\"query-input\":{\"@type\":\"PropertyValueSpecification\",\"valueRequired\":true,\"valueName\":\"search_term_string\"}}],\"inLanguage\":\"it-IT\"},{\"@type\":\"Organization\",\"@id\":\"https:\/\/www.pressenza.com\/it\/#organization\",\"name\":\"Pressenza\",\"url\":\"https:\/\/www.pressenza.com\/it\/\",\"logo\":{\"@type\":\"ImageObject\",\"inLanguage\":\"it-IT\",\"@id\":\"https:\/\/www.pressenza.com\/it\/#\/schema\/logo\/image\/\",\"url\":\"https:\/\/www.pressenza.com\/wp-content\/uploads\/2022\/10\/pressenza_logo_200x200.jpg\",\"contentUrl\":\"https:\/\/www.pressenza.com\/wp-content\/uploads\/2022\/10\/pressenza_logo_200x200.jpg\",\"width\":200,\"height\":200,\"caption\":\"Pressenza\"},\"image\":{\"@id\":\"https:\/\/www.pressenza.com\/it\/#\/schema\/logo\/image\/\"},\"sameAs\":[\"https:\/\/www.facebook.com\/PressenzaItalia\",\"https:\/\/x.com\/PressenzaIPA\"]},{\"@type\":\"Person\",\"@id\":\"https:\/\/www.pressenza.com\/it\/#\/schema\/person\/d983e81827ae24f2c7b1a2123d197f8d\",\"name\":\"Redazione Italia\",\"description\":\"News from the Pressenza Bureau in Italy\",\"sameAs\":[\"https:\/\/www.pressenza.com\/it\/author\/redazione-italia\/\",\"https:\/\/www.facebook.com\/PressenzaItalia\",\"https:\/\/www.instagram.com\/pressenza_italia\/\",\"https:\/\/x.com\/pressenza_it\",\"https:\/\/www.youtube.com\/channel\/UCSalEIWjE1RSxkwjfftFuqg\"],\"url\":\"https:\/\/www.pressenza.com\/it\/author\/redazione-italia\/\"}]}<\/script>\n<!-- \/ Yoast SEO plugin. -->","yoast_head_json":{"title":"Carovana per una Calabria aperta e solidale","description":"Un viaggio per la verit\u00e0 e la giustizia Dal 20 al 26 febbraio l'iniziativa organizzata da Carovane Migranti e Caravana Abriendo Fronteras con tappa finale","robots":{"index":"index","follow":"follow","max-snippet":"max-snippet:-1","max-image-preview":"max-image-preview:large","max-video-preview":"max-video-preview:-1"},"canonical":"https:\/\/www.pressenza.com\/it\/2025\/02\/carovana-per-una-calabria-aperta-e-solidale\/","og_locale":"it_IT","og_type":"article","og_title":"Carovana per una Calabria aperta e solidale","og_description":"Un viaggio per la verit\u00e0 e la giustizia Dal 20 al 26 febbraio l'iniziativa organizzata da Carovane Migranti e Caravana Abriendo Fronteras con tappa finale","og_url":"https:\/\/www.pressenza.com\/it\/2025\/02\/carovana-per-una-calabria-aperta-e-solidale\/","og_site_name":"Pressenza","article_publisher":"https:\/\/www.facebook.com\/PressenzaItalia","article_author":"https:\/\/www.facebook.com\/PressenzaItalia","article_published_time":"2025-02-15T18:25:26+00:00","article_modified_time":"2025-02-15T18:27:19+00:00","og_image":[{"width":800,"height":638,"url":"https:\/\/www.pressenza.com\/wp-content\/uploads\/2023\/09\/fiori-spiaggia-Cutro-rit-e1738839036680.jpg","type":"image\/jpeg"}],"author":"Redazione Italia","twitter_card":"summary_large_image","twitter_creator":"@pressenza_it","twitter_site":"@PressenzaIPA","twitter_misc":{"Scritto da":"Redazione Italia","Tempo di lettura stimato":"4 minuti"},"schema":{"@context":"https:\/\/schema.org","@graph":[{"@type":"Article","@id":"https:\/\/www.pressenza.com\/it\/2025\/02\/carovana-per-una-calabria-aperta-e-solidale\/#article","isPartOf":{"@id":"https:\/\/www.pressenza.com\/it\/2025\/02\/carovana-per-una-calabria-aperta-e-solidale\/"},"author":{"name":"Redazione Italia","@id":"https:\/\/www.pressenza.com\/it\/#\/schema\/person\/d983e81827ae24f2c7b1a2123d197f8d"},"headline":"Carovana per una Calabria aperta e solidale","datePublished":"2025-02-15T18:25:26+00:00","dateModified":"2025-02-15T18:27:19+00:00","mainEntityOfPage":{"@id":"https:\/\/www.pressenza.com\/it\/2025\/02\/carovana-per-una-calabria-aperta-e-solidale\/"},"wordCount":765,"publisher":{"@id":"https:\/\/www.pressenza.com\/it\/#organization"},"image":{"@id":"https:\/\/www.pressenza.com\/it\/2025\/02\/carovana-per-una-calabria-aperta-e-solidale\/#primaryimage"},"thumbnailUrl":"https:\/\/www.pressenza.com\/wp-content\/uploads\/2023\/09\/fiori-spiaggia-Cutro-rit-e1738839036680.jpg","keywords":["Associazione Entremares di Fuerteventura","Caravana Abriendo Fronteras","carovane migranti","Steccato di Cutro"],"articleSection":["Diritti Umani","Migranti","Non discriminazione"],"inLanguage":"it-IT"},{"@type":"WebPage","@id":"https:\/\/www.pressenza.com\/it\/2025\/02\/carovana-per-una-calabria-aperta-e-solidale\/","url":"https:\/\/www.pressenza.com\/it\/2025\/02\/carovana-per-una-calabria-aperta-e-solidale\/","name":"Carovana per una Calabria aperta e solidale","isPartOf":{"@id":"https:\/\/www.pressenza.com\/it\/#website"},"primaryImageOfPage":{"@id":"https:\/\/www.pressenza.com\/it\/2025\/02\/carovana-per-una-calabria-aperta-e-solidale\/#primaryimage"},"image":{"@id":"https:\/\/www.pressenza.com\/it\/2025\/02\/carovana-per-una-calabria-aperta-e-solidale\/#primaryimage"},"thumbnailUrl":"https:\/\/www.pressenza.com\/wp-content\/uploads\/2023\/09\/fiori-spiaggia-Cutro-rit-e1738839036680.jpg","datePublished":"2025-02-15T18:25:26+00:00","dateModified":"2025-02-15T18:27:19+00:00","description":"Un viaggio per la verit\u00e0 e la giustizia Dal 20 al 26 febbraio l'iniziativa organizzata da Carovane Migranti e Caravana Abriendo Fronteras con tappa finale","breadcrumb":{"@id":"https:\/\/www.pressenza.com\/it\/2025\/02\/carovana-per-una-calabria-aperta-e-solidale\/#breadcrumb"},"inLanguage":"it-IT","potentialAction":[{"@type":"ReadAction","target":["https:\/\/www.pressenza.com\/it\/2025\/02\/carovana-per-una-calabria-aperta-e-solidale\/"]}]},{"@type":"ImageObject","inLanguage":"it-IT","@id":"https:\/\/www.pressenza.com\/it\/2025\/02\/carovana-per-una-calabria-aperta-e-solidale\/#primaryimage","url":"https:\/\/www.pressenza.com\/wp-content\/uploads\/2023\/09\/fiori-spiaggia-Cutro-rit-e1738839036680.jpg","contentUrl":"https:\/\/www.pressenza.com\/wp-content\/uploads\/2023\/09\/fiori-spiaggia-Cutro-rit-e1738839036680.jpg","width":800,"height":638},{"@type":"BreadcrumbList","@id":"https:\/\/www.pressenza.com\/it\/2025\/02\/carovana-per-una-calabria-aperta-e-solidale\/#breadcrumb","itemListElement":[{"@type":"ListItem","position":1,"name":"Accueil","item":"https:\/\/www.pressenza.com\/it\/"},{"@type":"ListItem","position":2,"name":"Carovana per una Calabria aperta e solidale"}]},{"@type":"WebSite","@id":"https:\/\/www.pressenza.com\/it\/#website","url":"https:\/\/www.pressenza.com\/it\/","name":"Pressenza","description":"Agenzia di Stampa Internazionale","publisher":{"@id":"https:\/\/www.pressenza.com\/it\/#organization"},"potentialAction":[{"@type":"SearchAction","target":{"@type":"EntryPoint","urlTemplate":"https:\/\/www.pressenza.com\/it\/?s={search_term_string}"},"query-input":{"@type":"PropertyValueSpecification","valueRequired":true,"valueName":"search_term_string"}}],"inLanguage":"it-IT"},{"@type":"Organization","@id":"https:\/\/www.pressenza.com\/it\/#organization","name":"Pressenza","url":"https:\/\/www.pressenza.com\/it\/","logo":{"@type":"ImageObject","inLanguage":"it-IT","@id":"https:\/\/www.pressenza.com\/it\/#\/schema\/logo\/image\/","url":"https:\/\/www.pressenza.com\/wp-content\/uploads\/2022\/10\/pressenza_logo_200x200.jpg","contentUrl":"https:\/\/www.pressenza.com\/wp-content\/uploads\/2022\/10\/pressenza_logo_200x200.jpg","width":200,"height":200,"caption":"Pressenza"},"image":{"@id":"https:\/\/www.pressenza.com\/it\/#\/schema\/logo\/image\/"},"sameAs":["https:\/\/www.facebook.com\/PressenzaItalia","https:\/\/x.com\/PressenzaIPA"]},{"@type":"Person","@id":"https:\/\/www.pressenza.com\/it\/#\/schema\/person\/d983e81827ae24f2c7b1a2123d197f8d","name":"Redazione Italia","description":"News from the Pressenza Bureau in Italy","sameAs":["https:\/\/www.pressenza.com\/it\/author\/redazione-italia\/","https:\/\/www.facebook.com\/PressenzaItalia","https:\/\/www.instagram.com\/pressenza_italia\/","https:\/\/x.com\/pressenza_it","https:\/\/www.youtube.com\/channel\/UCSalEIWjE1RSxkwjfftFuqg"],"url":"https:\/\/www.pressenza.com\/it\/author\/redazione-italia\/"}]}},"place":"","original_article_url":"","_links":{"self":[{"href":"https:\/\/www.pressenza.com\/it\/wp-json\/wp\/v2\/posts\/2583679","targetHints":{"allow":["GET"]}}],"collection":[{"href":"https:\/\/www.pressenza.com\/it\/wp-json\/wp\/v2\/posts"}],"about":[{"href":"https:\/\/www.pressenza.com\/it\/wp-json\/wp\/v2\/types\/post"}],"author":[{"embeddable":true,"href":"https:\/\/www.pressenza.com\/it\/wp-json\/wp\/v2\/users\/594"}],"replies":[{"embeddable":true,"href":"https:\/\/www.pressenza.com\/it\/wp-json\/wp\/v2\/comments?post=2583679"}],"version-history":[{"count":0,"href":"https:\/\/www.pressenza.com\/it\/wp-json\/wp\/v2\/posts\/2583679\/revisions"}],"wp:featuredmedia":[{"embeddable":true,"href":"https:\/\/www.pressenza.com\/it\/wp-json\/wp\/v2\/media\/1767772"}],"wp:attachment":[{"href":"https:\/\/www.pressenza.com\/it\/wp-json\/wp\/v2\/media?parent=2583679"}],"wp:term":[{"taxonomy":"category","embeddable":true,"href":"https:\/\/www.pressenza.com\/it\/wp-json\/wp\/v2\/categories?post=2583679"},{"taxonomy":"post_tag","embeddable":true,"href":"https:\/\/www.pressenza.com\/it\/wp-json\/wp\/v2\/tags?post=2583679"}],"curies":[{"name":"wp","href":"https:\/\/api.w.org\/{rel}","templated":true}]}}