{"id":2583439,"date":"2025-02-14T13:42:10","date_gmt":"2025-02-14T13:42:10","guid":{"rendered":"https:\/\/www.pressenza.com\/?p=2583439"},"modified":"2025-02-14T13:50:38","modified_gmt":"2025-02-14T13:50:38","slug":"contro-linceneritore-della-montello-s-p-a-mail-bombing-di-osservazioni-alla-provincia-di-bergamo","status":"publish","type":"post","link":"https:\/\/www.pressenza.com\/it\/2025\/02\/contro-linceneritore-della-montello-s-p-a-mail-bombing-di-osservazioni-alla-provincia-di-bergamo\/","title":{"rendered":"Contro l&#8217;inceneritore della Montello S.p.A, mail-bombing di osservazioni alla Provincia di Bergamo"},"content":{"rendered":"<p>Entro il 22 Febbraio 2025, tutti i cittadini possono far pervenire le proprie osservazioni alla provincia di Bergamo riguardo al progetto di inceneritore della Montello S.p.A..<\/p>\n<p>Aiutaci a far pervenire migliaia di osservazioni con due semplici opzioni:<\/p>\n<p>1. o cliccando dal tuo telefono questo link ( <a href=\"https:\/\/qr.me-qr.com\/pnArKSo4\">https:\/\/qr.me-qr.com\/pnArKSo4<\/a> ) che aprir\u00e0 il tuo programma di posta elettronica &#8211; salta pubblicit\u00e0 &#8211; e imposter\u00e0 la mail gi\u00e0 compilata per mandare le osservazioni, metti il tuo nome in fondo e INVIA<\/p>\n<p>2. o usando questa lettera (sotto-riportata) per presentare le proprie osservazioni cercando di personalizzarla, scrivendo le vostre motivazioni e firmandola con nome e cognome. Di seguito il testo della lettera:<\/p>\n<p>&nbsp;<\/p>\n<p><em>Alla Provincia di Bergamo<\/em><\/p>\n<p><em>Alla cortese attenzione del Presidente e degli Organi Competenti<\/em><\/p>\n<p><em>Oggetto: Dissenso alla realizzazione del termovalorizzatore a Montello<\/em><\/p>\n<p><em>Egregi Signori,<\/em><br \/>\n<em>con la presente intendo esprimere il mio fermo dissenso alla realizzazione del termovalorizzatore previsto a Montello, in considerazione delle gravi ripercussioni che tale impianto avrebbe sul territorio e sulla salute pubblica. Di seguito, elenco le principali motivazioni del mio dissenso:<\/em><\/p>\n<p><em><strong>1) Impatto sulla salute pubblica<\/strong><\/em><br \/>\n<em>\u00c8 ormai ampiamente dimostrato da studi scientifici che gli inceneritori producono emissioni di sostanze altamente nocive, tra cui diossine, furani e metalli pesanti, che possono aumentare il rischio di patologie respiratorie, cardiovascolari e tumorali. La vicinanza dell\u2019impianto ai centri abitati (ci sono abitazioni a soli 500 metri di distanza dalla Montello) rende ancora pi\u00f9 preoccupante l\u2019esposizione della popolazione a tali sostanze. <\/em><br \/>\n<em>Ricordo i principali effetti negativi generati da un inceneritore:<\/em><\/p>\n<p><strong><em>Emissioni inquinanti:<\/em><\/strong><br \/>\n<em><strong>Gas serra<\/strong>: Gli inceneritori rilasciano anidride carbonica (CO\u2082), contribuendo al cambiamento climatico. Anche se bruciano materiali gi\u00e0 esistenti, aumentano le emissioni complessive di gas serra.<\/em><br \/>\n<em>Sostanze tossiche: Le emissioni possono includere diossine, furani, metalli pesanti (come mercurio e cadmio), ossidi di azoto (NO\u2093) e particolato fine (PM10, PM2.5), che sono dannosi per la salute umana e per l\u2019ambiente.<\/em><\/p>\n<p><strong><em>Produzione di ceneri tossiche:<\/em><\/strong><br \/>\n<em>Gli inceneritori producono ceneri residue (sia leggere che pesanti), che possono contenere sostanze tossiche e necessitano di smaltimento sicuro in discariche speciali, aumentando il rischio di contaminazione del suolo e delle falde acquifere.<\/em><\/p>\n<p><strong><em>Impatto sulla salute pubblica<\/em><\/strong><br \/>\n<em><strong>Malattie respiratorie:<\/strong> Le emissioni di particolato e gas tossici possono aggravare condizioni come asma, bronchiti e altre malattie respiratorie.<\/em><br \/>\n<em>Effetti a lungo termine: L\u2019esposizione cronica a diossine e metalli pesanti \u00e8 associata a problemi come tumori, danni al sistema immunitario e disturbi endocrini.<\/em><\/p>\n<p><em><strong>2) Deterioramento della qualit\u00e0 dell\u2019aria<\/strong><\/em><br \/>\n<em>L\u2019area di Montello soffre gi\u00e0 di una qualit\u00e0 dell\u2019aria compromessa a causa delle emissioni industriali esistenti. L\u2019Azienda Montello S.p.A., che opera in loco, non ha ancora risolto i problemi legati all\u2019inquinamento odorigeno. Prima di valutare un nuovo impianto, sarebbe opportuno intervenire per risolvere i problemi ambientali gi\u00e0 presenti e intensificare i controlli sulle emissioni.<\/em><\/p>\n<p><em><strong>3) Effetti collaterali nel medio periodo<\/strong><\/em><br \/>\n<em>Oltre agli impatti immediati, un termovalorizzatore pu\u00f2 avere effetti collaterali nel medio periodo, tra cui l\u2019accumulo di sostanze tossiche nel suolo e nelle falde acquifere, la riduzione della biodiversit\u00e0 locale e l\u2019aumento della resistenza agli inquinanti nei microorganismi. Questi fattori possono compromettere la qualit\u00e0 dell\u2019agricoltura, dell\u2019acqua potabile e dell\u2019ecosistema circostante, con ripercussioni negative per la salute umana e animale. Inoltre, \u00e8 da considerare il fatto che la quantit\u00e0 di rifiuti in arrivo alla Montello aumenter\u00e0 esponenzialmente e di conseguenza le emissioni nel medio-lungo periodo.<\/em><\/p>\n<p><em><strong>4) Svalutazione immobiliare<\/strong><\/em><br \/>\n<em>La realizzazione del termovalorizzatore avr\u00e0 inevitabilmente un impatto negativo sul valore degli immobili della zona. La presenza di un inceneritore nelle vicinanze riduce sensibilmente l\u2019attrattivit\u00e0 residenziale e commerciale dell\u2019area, generando un danno economico per i cittadini, per il quale non \u00e8 stato previsto alcun indennizzo.<\/em><\/p>\n<p><em><strong>5) Compromissione del paesaggio e dell\u2019ambiente<\/strong><\/em><br \/>\n<em>L\u2019impianto impatterebbe negativamente sul contesto paesaggistico e ambientale, in un\u2019area che ospita percorsi naturalistici, sportivi e culturali. Le amministrazioni locali e altri enti territoriali hanno investito risorse significative per valorizzare il patrimonio naturale della zona, sforzi che verrebbero vanificati dall\u2019introduzione di un\u2019infrastruttura cos\u00ec invasiva.<\/em><\/p>\n<p><em><strong>6) Assenza di benefici per la comunit\u00e0 locale<\/strong><\/em><br \/>\n<em>Il termovalorizzatore servirebbe unicamente alla produzione di energia per l\u2019azienda Montello S.p.A., senza alcun beneficio diretto per la popolazione locale. In assenza di un effettivo miglioramento dei servizi pubblici o di ricadute economiche positive per il territorio, il progetto appare del tutto ingiustificato.<\/em><\/p>\n<p><em><strong>7) Sovrabbondanza di inceneritori in Lombardia<\/strong><\/em><br \/>\n<em>La Regione Lombardia dispone gi\u00e0 di un numero sufficiente di impianti di termovalorizzazione, al punto che vengono importati rifiuti da altre aree per garantirne il funzionamento. Questo evidenzia l\u2019inutilit\u00e0 di un ulteriore inceneritore e contraddice il principio di una gestione sostenibile dei rifiuti, che dovrebbe puntare su riduzione, riuso e riciclo piuttosto che su nuove strutture di combustione.<\/em><\/p>\n<p><em><strong>8) Dissenso delle amministrazioni locali<\/strong><\/em><br \/>\n<em>Ben 41 sindaci del territorio hanno manifestato la loro contrariet\u00e0 e preoccupazione per il progetto. Il loro parere dovrebbe essere tenuto in massima considerazione, in quanto rappresentano direttamente le comunit\u00e0 locali coinvolte.<\/em><\/p>\n<p><em><strong>9) Forte opposizione popolare<\/strong><\/em><br \/>\n<em>La cittadinanza ha raccolto oltre migliaia di firme per manifestare la propria opposizione al progetto. Questo dimostra chiaramente che la popolazione non accetta la realizzazione di un impianto che comporterebbe danni ambientali e sanitari senza alcun beneficio concreto per il territorio.<\/em><\/p>\n<p><em><strong>10) Soluzioni Alternative all&#8217;Inceneritore che potrebbero essere implementate:<\/strong><\/em><br \/>\n<em>\u2022 Economia circolare e riduzione dei rifiuti: la strategia pi\u00f9 efficace \u00e8 ridurre la quantit\u00e0 di rifiuti da incenerire attraverso il riciclo, il compostaggio e il riuso.<\/em><br \/>\n<em>\u2022 Impianti di trattamento meccanico-biologico (TMB): separano e trattano i rifiuti senza combustione, riducendo l&#8217;impatto ambientale.<\/em><br \/>\n<em>\u2022 Digestione anaerobica: per la frazione organica, producendo biogas senza emissioni tossiche.<\/em><br \/>\n<em>\u2022 Incentivi per il riciclo avanzato: investire in tecnologie per il recupero dei materiali anzich\u00e9 bruciarli.<\/em><\/p>\n<p><em>L&#8217;Unione Europea sta adottando misure che potrebbero influenzare l&#8217;uso futuro di questi impianti. Ad esempio, il Regolamento europeo sulla tassonomia ha escluso l&#8217;incenerimento dalle attivit\u00e0 economiche considerate ecosostenibili, riconoscendo il danno ambientale causato dagli inceneritori. (<a href=\"https:\/\/www.ecoseven.net\/ambiente\/europa-gli-inceneritori-non-sono-sostenibili\/\">https:\/\/www.ecoseven.net\/ambiente\/europa-gli-inceneritori-non-sono-sostenibili\/<\/a>)<\/em><\/p>\n<p><em>Organizzazioni come Zero Waste Europe stanno inoltre promuovendo una moratoria a livello europeo sugli inceneritori, evidenziando una sovraccapacit\u00e0 impiantistica e sottolineando la necessit\u00e0 di rivedere la gerarchia dei rifiuti dell&#8217;UE, declassando l&#8217;incenerimento all&#8217;ultimo gradino insieme alle discariche. <\/em><br \/>\n<em>Alla luce di queste considerazioni, Vi chiedo di riconsiderare la realizzazione del termovalorizzatore a Montello, valutando alternative pi\u00f9 sostenibili e rispettose della salute pubblica e dell\u2019ambiente. Confido in un\u2019attenta riflessione da parte della Provincia di Bergamo e resto in attesa di un riscontro.<\/em><\/p>\n<p>La lettera si pu\u00f2 inviare attraverso:<br \/>\n\u2022 Posta Elettronica Certificata (PEC): protocollo@pec.provincia.bergamo.it<br \/>\n\u2022 Posta Elettronica Ordinaria: segreteria.energia@provincia.bergamo.it<\/p>\n<p>&nbsp;<\/p>\n<p>S\u00ec possono inviare osservazioni sia come privati cittadini sia come associazioni.<\/p>\n<p>Facciamo capire che noi cittadini NON CI STIAMO, che non vogliamo quest&#8217;opera.<\/p>\n<p>Attivate il passaparola condividendo!<\/p>\n<p>&nbsp;<\/p>\n<p><strong>Comitato Aria Pulita Tomenone contro l&#8217;Inceneritore della Montello SPA<\/strong><\/p>\n","protected":false},"excerpt":{"rendered":"<p>Entro il 22 Febbraio 2025, tutti i cittadini possono far pervenire le proprie osservazioni alla provincia di Bergamo riguardo al progetto di inceneritore della Montello S.p.A.. Aiutaci a far pervenire migliaia di osservazioni con due semplici opzioni: 1. o cliccando&hellip;<\/p>\n","protected":false},"author":1969,"featured_media":2583440,"comment_status":"closed","ping_status":"closed","sticky":false,"template":"","format":"standard","meta":{"footnotes":""},"categories":[150,59,62,1259],"tags":[132705,6331,132707,132706],"class_list":["post-2583439","post","type-post","status-publish","format-standard","has-post-thumbnail","hentry","category-comunicati-stampa","category-ambiente-ecologia","category-economia","category-salute-argomento","tag-contro-inceneritore-della-montello-spa","tag-mail-bombing","tag-osservazioni","tag-provincia-di-bergamo"],"yoast_head":"<!-- This site is optimized with the Yoast SEO plugin v27.1.1 - https:\/\/yoast.com\/product\/yoast-seo-wordpress\/ -->\n<title>Contro l&#039;inceneritore della Montello S.p.A, mail-bombing di osservazioni alla Provincia di Bergamo<\/title>\n<meta name=\"description\" content=\"Entro il 22 Febbraio 2025, tutti i cittadini possono far pervenire le proprie osservazioni alla provincia di Bergamo riguardo al progetto di inceneritore\" \/>\n<meta name=\"robots\" content=\"index, follow, max-snippet:-1, max-image-preview:large, max-video-preview:-1\" \/>\n<link rel=\"canonical\" href=\"https:\/\/www.pressenza.com\/it\/2025\/02\/contro-linceneritore-della-montello-s-p-a-mail-bombing-di-osservazioni-alla-provincia-di-bergamo\/\" \/>\n<meta property=\"og:locale\" content=\"it_IT\" \/>\n<meta property=\"og:type\" content=\"article\" \/>\n<meta property=\"og:title\" content=\"Contro l&#039;inceneritore della Montello S.p.A, mail-bombing di osservazioni alla Provincia di Bergamo\" \/>\n<meta property=\"og:description\" content=\"Entro il 22 Febbraio 2025, tutti i cittadini possono far pervenire le proprie osservazioni alla provincia di Bergamo riguardo al progetto di inceneritore\" \/>\n<meta property=\"og:url\" content=\"https:\/\/www.pressenza.com\/it\/2025\/02\/contro-linceneritore-della-montello-s-p-a-mail-bombing-di-osservazioni-alla-provincia-di-bergamo\/\" \/>\n<meta property=\"og:site_name\" content=\"Pressenza\" \/>\n<meta property=\"article:publisher\" content=\"https:\/\/www.facebook.com\/PressenzaItalia\" \/>\n<meta property=\"article:published_time\" content=\"2025-02-14T13:42:10+00:00\" \/>\n<meta property=\"article:modified_time\" content=\"2025-02-14T13:50:38+00:00\" \/>\n<meta property=\"og:image\" content=\"https:\/\/www.pressenza.com\/wp-content\/uploads\/2025\/02\/no-inceneritore-della-Montello-SPA.jpeg\" \/>\n\t<meta property=\"og:image:width\" content=\"1018\" \/>\n\t<meta property=\"og:image:height\" content=\"557\" \/>\n\t<meta property=\"og:image:type\" content=\"image\/jpeg\" \/>\n<meta name=\"author\" content=\"Redazione Sebino Franciacorta\" \/>\n<meta name=\"twitter:card\" content=\"summary_large_image\" \/>\n<meta name=\"twitter:creator\" content=\"@PressenzaIPA\" \/>\n<meta name=\"twitter:site\" content=\"@PressenzaIPA\" \/>\n<meta name=\"twitter:label1\" content=\"Scritto da\" \/>\n\t<meta name=\"twitter:data1\" content=\"Redazione Sebino Franciacorta\" \/>\n\t<meta name=\"twitter:label2\" content=\"Tempo di lettura stimato\" \/>\n\t<meta name=\"twitter:data2\" content=\"5 minuti\" \/>\n<script type=\"application\/ld+json\" class=\"yoast-schema-graph\">{\"@context\":\"https:\/\/schema.org\",\"@graph\":[{\"@type\":\"Article\",\"@id\":\"https:\/\/www.pressenza.com\/it\/2025\/02\/contro-linceneritore-della-montello-s-p-a-mail-bombing-di-osservazioni-alla-provincia-di-bergamo\/#article\",\"isPartOf\":{\"@id\":\"https:\/\/www.pressenza.com\/it\/2025\/02\/contro-linceneritore-della-montello-s-p-a-mail-bombing-di-osservazioni-alla-provincia-di-bergamo\/\"},\"author\":{\"name\":\"Redazione Sebino Franciacorta\",\"@id\":\"https:\/\/www.pressenza.com\/it\/#\/schema\/person\/9ec653259bb79d6ea2255fd80043dc9c\"},\"headline\":\"Contro l&#8217;inceneritore della Montello S.p.A, mail-bombing di osservazioni alla Provincia di Bergamo\",\"datePublished\":\"2025-02-14T13:42:10+00:00\",\"dateModified\":\"2025-02-14T13:50:38+00:00\",\"mainEntityOfPage\":{\"@id\":\"https:\/\/www.pressenza.com\/it\/2025\/02\/contro-linceneritore-della-montello-s-p-a-mail-bombing-di-osservazioni-alla-provincia-di-bergamo\/\"},\"wordCount\":1129,\"publisher\":{\"@id\":\"https:\/\/www.pressenza.com\/it\/#organization\"},\"image\":{\"@id\":\"https:\/\/www.pressenza.com\/it\/2025\/02\/contro-linceneritore-della-montello-s-p-a-mail-bombing-di-osservazioni-alla-provincia-di-bergamo\/#primaryimage\"},\"thumbnailUrl\":\"https:\/\/www.pressenza.com\/wp-content\/uploads\/2025\/02\/no-inceneritore-della-Montello-SPA.jpeg\",\"keywords\":[\"Contro inceneritore della Montello SPA\",\"mail bombing\",\"osservazioni\",\"Provincia di Bergamo\"],\"articleSection\":[\"Comunicati Stampa\",\"Ecologia ed Ambiente\",\"Economia\",\"Salute\"],\"inLanguage\":\"it-IT\"},{\"@type\":\"WebPage\",\"@id\":\"https:\/\/www.pressenza.com\/it\/2025\/02\/contro-linceneritore-della-montello-s-p-a-mail-bombing-di-osservazioni-alla-provincia-di-bergamo\/\",\"url\":\"https:\/\/www.pressenza.com\/it\/2025\/02\/contro-linceneritore-della-montello-s-p-a-mail-bombing-di-osservazioni-alla-provincia-di-bergamo\/\",\"name\":\"Contro l'inceneritore della Montello S.p.A, mail-bombing di osservazioni alla Provincia di Bergamo\",\"isPartOf\":{\"@id\":\"https:\/\/www.pressenza.com\/it\/#website\"},\"primaryImageOfPage\":{\"@id\":\"https:\/\/www.pressenza.com\/it\/2025\/02\/contro-linceneritore-della-montello-s-p-a-mail-bombing-di-osservazioni-alla-provincia-di-bergamo\/#primaryimage\"},\"image\":{\"@id\":\"https:\/\/www.pressenza.com\/it\/2025\/02\/contro-linceneritore-della-montello-s-p-a-mail-bombing-di-osservazioni-alla-provincia-di-bergamo\/#primaryimage\"},\"thumbnailUrl\":\"https:\/\/www.pressenza.com\/wp-content\/uploads\/2025\/02\/no-inceneritore-della-Montello-SPA.jpeg\",\"datePublished\":\"2025-02-14T13:42:10+00:00\",\"dateModified\":\"2025-02-14T13:50:38+00:00\",\"description\":\"Entro il 22 Febbraio 2025, tutti i cittadini possono far pervenire le proprie osservazioni alla provincia di Bergamo riguardo al progetto di inceneritore\",\"breadcrumb\":{\"@id\":\"https:\/\/www.pressenza.com\/it\/2025\/02\/contro-linceneritore-della-montello-s-p-a-mail-bombing-di-osservazioni-alla-provincia-di-bergamo\/#breadcrumb\"},\"inLanguage\":\"it-IT\",\"potentialAction\":[{\"@type\":\"ReadAction\",\"target\":[\"https:\/\/www.pressenza.com\/it\/2025\/02\/contro-linceneritore-della-montello-s-p-a-mail-bombing-di-osservazioni-alla-provincia-di-bergamo\/\"]}]},{\"@type\":\"ImageObject\",\"inLanguage\":\"it-IT\",\"@id\":\"https:\/\/www.pressenza.com\/it\/2025\/02\/contro-linceneritore-della-montello-s-p-a-mail-bombing-di-osservazioni-alla-provincia-di-bergamo\/#primaryimage\",\"url\":\"https:\/\/www.pressenza.com\/wp-content\/uploads\/2025\/02\/no-inceneritore-della-Montello-SPA.jpeg\",\"contentUrl\":\"https:\/\/www.pressenza.com\/wp-content\/uploads\/2025\/02\/no-inceneritore-della-Montello-SPA.jpeg\",\"width\":1018,\"height\":557},{\"@type\":\"BreadcrumbList\",\"@id\":\"https:\/\/www.pressenza.com\/it\/2025\/02\/contro-linceneritore-della-montello-s-p-a-mail-bombing-di-osservazioni-alla-provincia-di-bergamo\/#breadcrumb\",\"itemListElement\":[{\"@type\":\"ListItem\",\"position\":1,\"name\":\"Accueil\",\"item\":\"https:\/\/www.pressenza.com\/it\/\"},{\"@type\":\"ListItem\",\"position\":2,\"name\":\"Contro l&#8217;inceneritore della Montello S.p.A, mail-bombing di osservazioni alla Provincia di Bergamo\"}]},{\"@type\":\"WebSite\",\"@id\":\"https:\/\/www.pressenza.com\/it\/#website\",\"url\":\"https:\/\/www.pressenza.com\/it\/\",\"name\":\"Pressenza\",\"description\":\"Agenzia di Stampa Internazionale\",\"publisher\":{\"@id\":\"https:\/\/www.pressenza.com\/it\/#organization\"},\"potentialAction\":[{\"@type\":\"SearchAction\",\"target\":{\"@type\":\"EntryPoint\",\"urlTemplate\":\"https:\/\/www.pressenza.com\/it\/?s={search_term_string}\"},\"query-input\":{\"@type\":\"PropertyValueSpecification\",\"valueRequired\":true,\"valueName\":\"search_term_string\"}}],\"inLanguage\":\"it-IT\"},{\"@type\":\"Organization\",\"@id\":\"https:\/\/www.pressenza.com\/it\/#organization\",\"name\":\"Pressenza\",\"url\":\"https:\/\/www.pressenza.com\/it\/\",\"logo\":{\"@type\":\"ImageObject\",\"inLanguage\":\"it-IT\",\"@id\":\"https:\/\/www.pressenza.com\/it\/#\/schema\/logo\/image\/\",\"url\":\"https:\/\/www.pressenza.com\/wp-content\/uploads\/2022\/10\/pressenza_logo_200x200.jpg\",\"contentUrl\":\"https:\/\/www.pressenza.com\/wp-content\/uploads\/2022\/10\/pressenza_logo_200x200.jpg\",\"width\":200,\"height\":200,\"caption\":\"Pressenza\"},\"image\":{\"@id\":\"https:\/\/www.pressenza.com\/it\/#\/schema\/logo\/image\/\"},\"sameAs\":[\"https:\/\/www.facebook.com\/PressenzaItalia\",\"https:\/\/x.com\/PressenzaIPA\"]},{\"@type\":\"Person\",\"@id\":\"https:\/\/www.pressenza.com\/it\/#\/schema\/person\/9ec653259bb79d6ea2255fd80043dc9c\",\"name\":\"Redazione Sebino Franciacorta\",\"url\":\"https:\/\/www.pressenza.com\/it\/author\/redazione-sebino-franciacorta\/\"}]}<\/script>\n<!-- \/ Yoast SEO plugin. -->","yoast_head_json":{"title":"Contro l'inceneritore della Montello S.p.A, mail-bombing di osservazioni alla Provincia di Bergamo","description":"Entro il 22 Febbraio 2025, tutti i cittadini possono far pervenire le proprie osservazioni alla provincia di Bergamo riguardo al progetto di inceneritore","robots":{"index":"index","follow":"follow","max-snippet":"max-snippet:-1","max-image-preview":"max-image-preview:large","max-video-preview":"max-video-preview:-1"},"canonical":"https:\/\/www.pressenza.com\/it\/2025\/02\/contro-linceneritore-della-montello-s-p-a-mail-bombing-di-osservazioni-alla-provincia-di-bergamo\/","og_locale":"it_IT","og_type":"article","og_title":"Contro l'inceneritore della Montello S.p.A, mail-bombing di osservazioni alla Provincia di Bergamo","og_description":"Entro il 22 Febbraio 2025, tutti i cittadini possono far pervenire le proprie osservazioni alla provincia di Bergamo riguardo al progetto di inceneritore","og_url":"https:\/\/www.pressenza.com\/it\/2025\/02\/contro-linceneritore-della-montello-s-p-a-mail-bombing-di-osservazioni-alla-provincia-di-bergamo\/","og_site_name":"Pressenza","article_publisher":"https:\/\/www.facebook.com\/PressenzaItalia","article_published_time":"2025-02-14T13:42:10+00:00","article_modified_time":"2025-02-14T13:50:38+00:00","og_image":[{"width":1018,"height":557,"url":"https:\/\/www.pressenza.com\/wp-content\/uploads\/2025\/02\/no-inceneritore-della-Montello-SPA.jpeg","type":"image\/jpeg"}],"author":"Redazione Sebino Franciacorta","twitter_card":"summary_large_image","twitter_creator":"@PressenzaIPA","twitter_site":"@PressenzaIPA","twitter_misc":{"Scritto da":"Redazione Sebino Franciacorta","Tempo di lettura stimato":"5 minuti"},"schema":{"@context":"https:\/\/schema.org","@graph":[{"@type":"Article","@id":"https:\/\/www.pressenza.com\/it\/2025\/02\/contro-linceneritore-della-montello-s-p-a-mail-bombing-di-osservazioni-alla-provincia-di-bergamo\/#article","isPartOf":{"@id":"https:\/\/www.pressenza.com\/it\/2025\/02\/contro-linceneritore-della-montello-s-p-a-mail-bombing-di-osservazioni-alla-provincia-di-bergamo\/"},"author":{"name":"Redazione Sebino Franciacorta","@id":"https:\/\/www.pressenza.com\/it\/#\/schema\/person\/9ec653259bb79d6ea2255fd80043dc9c"},"headline":"Contro l&#8217;inceneritore della Montello S.p.A, mail-bombing di osservazioni alla Provincia di Bergamo","datePublished":"2025-02-14T13:42:10+00:00","dateModified":"2025-02-14T13:50:38+00:00","mainEntityOfPage":{"@id":"https:\/\/www.pressenza.com\/it\/2025\/02\/contro-linceneritore-della-montello-s-p-a-mail-bombing-di-osservazioni-alla-provincia-di-bergamo\/"},"wordCount":1129,"publisher":{"@id":"https:\/\/www.pressenza.com\/it\/#organization"},"image":{"@id":"https:\/\/www.pressenza.com\/it\/2025\/02\/contro-linceneritore-della-montello-s-p-a-mail-bombing-di-osservazioni-alla-provincia-di-bergamo\/#primaryimage"},"thumbnailUrl":"https:\/\/www.pressenza.com\/wp-content\/uploads\/2025\/02\/no-inceneritore-della-Montello-SPA.jpeg","keywords":["Contro inceneritore della Montello SPA","mail bombing","osservazioni","Provincia di Bergamo"],"articleSection":["Comunicati Stampa","Ecologia ed Ambiente","Economia","Salute"],"inLanguage":"it-IT"},{"@type":"WebPage","@id":"https:\/\/www.pressenza.com\/it\/2025\/02\/contro-linceneritore-della-montello-s-p-a-mail-bombing-di-osservazioni-alla-provincia-di-bergamo\/","url":"https:\/\/www.pressenza.com\/it\/2025\/02\/contro-linceneritore-della-montello-s-p-a-mail-bombing-di-osservazioni-alla-provincia-di-bergamo\/","name":"Contro l'inceneritore della Montello S.p.A, mail-bombing di osservazioni alla Provincia di Bergamo","isPartOf":{"@id":"https:\/\/www.pressenza.com\/it\/#website"},"primaryImageOfPage":{"@id":"https:\/\/www.pressenza.com\/it\/2025\/02\/contro-linceneritore-della-montello-s-p-a-mail-bombing-di-osservazioni-alla-provincia-di-bergamo\/#primaryimage"},"image":{"@id":"https:\/\/www.pressenza.com\/it\/2025\/02\/contro-linceneritore-della-montello-s-p-a-mail-bombing-di-osservazioni-alla-provincia-di-bergamo\/#primaryimage"},"thumbnailUrl":"https:\/\/www.pressenza.com\/wp-content\/uploads\/2025\/02\/no-inceneritore-della-Montello-SPA.jpeg","datePublished":"2025-02-14T13:42:10+00:00","dateModified":"2025-02-14T13:50:38+00:00","description":"Entro il 22 Febbraio 2025, tutti i cittadini possono far pervenire le proprie osservazioni alla provincia di Bergamo riguardo al progetto di inceneritore","breadcrumb":{"@id":"https:\/\/www.pressenza.com\/it\/2025\/02\/contro-linceneritore-della-montello-s-p-a-mail-bombing-di-osservazioni-alla-provincia-di-bergamo\/#breadcrumb"},"inLanguage":"it-IT","potentialAction":[{"@type":"ReadAction","target":["https:\/\/www.pressenza.com\/it\/2025\/02\/contro-linceneritore-della-montello-s-p-a-mail-bombing-di-osservazioni-alla-provincia-di-bergamo\/"]}]},{"@type":"ImageObject","inLanguage":"it-IT","@id":"https:\/\/www.pressenza.com\/it\/2025\/02\/contro-linceneritore-della-montello-s-p-a-mail-bombing-di-osservazioni-alla-provincia-di-bergamo\/#primaryimage","url":"https:\/\/www.pressenza.com\/wp-content\/uploads\/2025\/02\/no-inceneritore-della-Montello-SPA.jpeg","contentUrl":"https:\/\/www.pressenza.com\/wp-content\/uploads\/2025\/02\/no-inceneritore-della-Montello-SPA.jpeg","width":1018,"height":557},{"@type":"BreadcrumbList","@id":"https:\/\/www.pressenza.com\/it\/2025\/02\/contro-linceneritore-della-montello-s-p-a-mail-bombing-di-osservazioni-alla-provincia-di-bergamo\/#breadcrumb","itemListElement":[{"@type":"ListItem","position":1,"name":"Accueil","item":"https:\/\/www.pressenza.com\/it\/"},{"@type":"ListItem","position":2,"name":"Contro l&#8217;inceneritore della Montello S.p.A, mail-bombing di osservazioni alla Provincia di Bergamo"}]},{"@type":"WebSite","@id":"https:\/\/www.pressenza.com\/it\/#website","url":"https:\/\/www.pressenza.com\/it\/","name":"Pressenza","description":"Agenzia di Stampa Internazionale","publisher":{"@id":"https:\/\/www.pressenza.com\/it\/#organization"},"potentialAction":[{"@type":"SearchAction","target":{"@type":"EntryPoint","urlTemplate":"https:\/\/www.pressenza.com\/it\/?s={search_term_string}"},"query-input":{"@type":"PropertyValueSpecification","valueRequired":true,"valueName":"search_term_string"}}],"inLanguage":"it-IT"},{"@type":"Organization","@id":"https:\/\/www.pressenza.com\/it\/#organization","name":"Pressenza","url":"https:\/\/www.pressenza.com\/it\/","logo":{"@type":"ImageObject","inLanguage":"it-IT","@id":"https:\/\/www.pressenza.com\/it\/#\/schema\/logo\/image\/","url":"https:\/\/www.pressenza.com\/wp-content\/uploads\/2022\/10\/pressenza_logo_200x200.jpg","contentUrl":"https:\/\/www.pressenza.com\/wp-content\/uploads\/2022\/10\/pressenza_logo_200x200.jpg","width":200,"height":200,"caption":"Pressenza"},"image":{"@id":"https:\/\/www.pressenza.com\/it\/#\/schema\/logo\/image\/"},"sameAs":["https:\/\/www.facebook.com\/PressenzaItalia","https:\/\/x.com\/PressenzaIPA"]},{"@type":"Person","@id":"https:\/\/www.pressenza.com\/it\/#\/schema\/person\/9ec653259bb79d6ea2255fd80043dc9c","name":"Redazione Sebino Franciacorta","url":"https:\/\/www.pressenza.com\/it\/author\/redazione-sebino-franciacorta\/"}]}},"place":"","original_article_url":"","_links":{"self":[{"href":"https:\/\/www.pressenza.com\/it\/wp-json\/wp\/v2\/posts\/2583439","targetHints":{"allow":["GET"]}}],"collection":[{"href":"https:\/\/www.pressenza.com\/it\/wp-json\/wp\/v2\/posts"}],"about":[{"href":"https:\/\/www.pressenza.com\/it\/wp-json\/wp\/v2\/types\/post"}],"author":[{"embeddable":true,"href":"https:\/\/www.pressenza.com\/it\/wp-json\/wp\/v2\/users\/1969"}],"replies":[{"embeddable":true,"href":"https:\/\/www.pressenza.com\/it\/wp-json\/wp\/v2\/comments?post=2583439"}],"version-history":[{"count":0,"href":"https:\/\/www.pressenza.com\/it\/wp-json\/wp\/v2\/posts\/2583439\/revisions"}],"wp:featuredmedia":[{"embeddable":true,"href":"https:\/\/www.pressenza.com\/it\/wp-json\/wp\/v2\/media\/2583440"}],"wp:attachment":[{"href":"https:\/\/www.pressenza.com\/it\/wp-json\/wp\/v2\/media?parent=2583439"}],"wp:term":[{"taxonomy":"category","embeddable":true,"href":"https:\/\/www.pressenza.com\/it\/wp-json\/wp\/v2\/categories?post=2583439"},{"taxonomy":"post_tag","embeddable":true,"href":"https:\/\/www.pressenza.com\/it\/wp-json\/wp\/v2\/tags?post=2583439"}],"curies":[{"name":"wp","href":"https:\/\/api.w.org\/{rel}","templated":true}]}}