{"id":2582780,"date":"2025-02-11T16:05:10","date_gmt":"2025-02-11T16:05:10","guid":{"rendered":"https:\/\/www.pressenza.com\/?p=2582780"},"modified":"2025-02-11T16:08:40","modified_gmt":"2025-02-11T16:08:40","slug":"proiezione-del-film-documentario-no-other-land-a-forli","status":"publish","type":"post","link":"https:\/\/www.pressenza.com\/it\/2025\/02\/proiezione-del-film-documentario-no-other-land-a-forli\/","title":{"rendered":"Proiezione del film documentario &#8220;No Other Land&#8221; a Forl\u00ec"},"content":{"rendered":"<p><strong>Gioved\u00ec 20 febbraio 2025 alle<\/strong> <strong>ore 21.00<\/strong><br \/>\n<strong>Multisala Astoria, viale dell\u2019Appennino 313<\/strong>, <strong>Forl\u00ec<\/strong><br \/>\n<strong>Evento organizzato da Forl\u00ec Citt\u00e0 Aperta e Amnesty International Gruppo 225 Forl\u00ec<\/strong><\/p>\n<p><strong>No Other Land, uscito nel 2024, <\/strong>\u00e8 un documentario diretto, prodotto, scritto e montato da un collettivo israelo-palestinese formato da Basel Adra, Yuval Abraham, Rachel Szor ed Hamdan Ballal. Vincitore lo scorso anno, tra i tanti premi riscossi, del premio per il miglior documentario al festival internazionale del cinema di Berlino e attualmente candidato agli Oscar, documenta gli espropri delle terre e delle case dei palestinesi in Cisgiordania, un fenomeno strettamente legato alle violenze dei coloni e del governo israeliano e alle espansioni delle colonie ai danni della popolazione palestinese della Cisgiordania, in forte crescita in tutti i territori occupati specialmente negli ultimi anni.<\/p>\n<p>Le riprese, girate tra il 2019 ed il 2023, ci mostrano <strong>la vita di Basel Adra, un giovane attivista palestinese della Masafer Yatta, <\/strong>area nel sud della Cisgiordania, che combatte fin dall&#8217;infanzia l&#8217;espulsione di massa della sua comunit\u00e0 da parte delle forze di occupazione israeliane. Documenta lo sradicamento dei villaggi e delle comunit\u00e0 palestinesi nella sua regione natale, dove le violenze dei soldati e dei coloni israeliani stanno gradualmente scacciando i residenti palestinesi. <strong>Ad un certo punto Basel incontra Yuval Abraham, un giornalista israeliano che lo sostiene nei suoi sforzi, con cui si sviluppa un&#8217;improbabile alleanza<\/strong>. Ma il rapporto tra i due \u00e8 messo a dura prova dall\u2019enorme disuguaglianza tra loro: Basel vive sotto occupazione militare, mentre Yuval vive liberamente e senza restrizioni.<\/p>\n<p>A seguito della proiezione parleremo della situazione nella Cisgiordania occupata insieme <strong>a Milad Basir, giornalista italo-palestinese. e ad un volontario di Operazione Colomba<\/strong> che ha passato diversi mesi negli ultimi anni nel villaggio natale di Basel, At-Tuwani, condividendo parte di vita ed attivismo con il regista palestinese.<\/p>\n","protected":false},"excerpt":{"rendered":"<p>Gioved\u00ec 20 febbraio 2025 alle ore 21.00 Multisala Astoria, viale dell\u2019Appennino 313, Forl\u00ec Evento organizzato da Forl\u00ec Citt\u00e0 Aperta e Amnesty International Gruppo 225 Forl\u00ec No Other Land, uscito nel 2024, \u00e8 un documentario diretto, prodotto, scritto e montato da&hellip;<\/p>\n","protected":false},"author":2449,"featured_media":2576431,"comment_status":"closed","ping_status":"closed","sticky":false,"template":"","format":"standard","meta":{"footnotes":""},"categories":[150,56,60,47,52],"tags":[8238,18043,4339,132581,778],"class_list":["post-2582780","post","type-post","status-publish","format-standard","has-post-thumbnail","hentry","category-comunicati-stampa","category-cultura","category-diritti-umani","category-europa","category-medio-oriente","tag-cisgiordania","tag-coloni","tag-eventi","tag-film-documentario-no-other-land","tag-israele"],"yoast_head":"<!-- This site is optimized with the Yoast SEO plugin v27.1.1 - https:\/\/yoast.com\/product\/yoast-seo-wordpress\/ -->\n<title>Proiezione del film documentario &quot;No Other Land&quot; a Forl\u00ec<\/title>\n<meta name=\"description\" content=\"Gioved\u00ec 20 febbraio 2025 alle ore 21.00 Multisala Astoria, viale dell\u2019Appennino 313, Forl\u00ec Evento organizzato da Forl\u00ec Citt\u00e0 Aperta e Amnesty\" \/>\n<meta name=\"robots\" content=\"index, follow, max-snippet:-1, max-image-preview:large, max-video-preview:-1\" \/>\n<link rel=\"canonical\" href=\"https:\/\/www.pressenza.com\/it\/2025\/02\/proiezione-del-film-documentario-no-other-land-a-forli\/\" \/>\n<meta property=\"og:locale\" content=\"it_IT\" \/>\n<meta property=\"og:type\" content=\"article\" \/>\n<meta property=\"og:title\" content=\"Proiezione del film documentario &quot;No Other Land&quot; a Forl\u00ec\" \/>\n<meta property=\"og:description\" content=\"Gioved\u00ec 20 febbraio 2025 alle ore 21.00 Multisala Astoria, viale dell\u2019Appennino 313, Forl\u00ec Evento organizzato da Forl\u00ec Citt\u00e0 Aperta e Amnesty\" \/>\n<meta property=\"og:url\" content=\"https:\/\/www.pressenza.com\/it\/2025\/02\/proiezione-del-film-documentario-no-other-land-a-forli\/\" \/>\n<meta property=\"og:site_name\" content=\"Pressenza\" \/>\n<meta property=\"article:publisher\" content=\"https:\/\/www.facebook.com\/PressenzaItalia\" \/>\n<meta property=\"article:published_time\" content=\"2025-02-11T16:05:10+00:00\" \/>\n<meta property=\"article:modified_time\" content=\"2025-02-11T16:08:40+00:00\" \/>\n<meta property=\"og:image\" content=\"https:\/\/www.pressenza.com\/wp-content\/uploads\/2025\/01\/No-other-land.jpeg\" \/>\n\t<meta property=\"og:image:width\" content=\"820\" \/>\n\t<meta property=\"og:image:height\" content=\"540\" \/>\n\t<meta property=\"og:image:type\" content=\"image\/jpeg\" \/>\n<meta name=\"author\" content=\"Redazione Romagna\" \/>\n<meta name=\"twitter:card\" content=\"summary_large_image\" \/>\n<meta name=\"twitter:creator\" content=\"@PressenzaIPA\" \/>\n<meta name=\"twitter:site\" content=\"@PressenzaIPA\" \/>\n<meta name=\"twitter:label1\" content=\"Scritto da\" \/>\n\t<meta name=\"twitter:data1\" content=\"Redazione Romagna\" \/>\n\t<meta name=\"twitter:label2\" content=\"Tempo di lettura stimato\" \/>\n\t<meta name=\"twitter:data2\" content=\"2 minuti\" \/>\n<script type=\"application\/ld+json\" class=\"yoast-schema-graph\">{\"@context\":\"https:\/\/schema.org\",\"@graph\":[{\"@type\":\"Article\",\"@id\":\"https:\/\/www.pressenza.com\/it\/2025\/02\/proiezione-del-film-documentario-no-other-land-a-forli\/#article\",\"isPartOf\":{\"@id\":\"https:\/\/www.pressenza.com\/it\/2025\/02\/proiezione-del-film-documentario-no-other-land-a-forli\/\"},\"author\":{\"name\":\"Redazione Romagna\",\"@id\":\"https:\/\/www.pressenza.com\/it\/#\/schema\/person\/bd20012effb4a200220e868c6dc89e72\"},\"headline\":\"Proiezione del film documentario &#8220;No Other Land&#8221; a Forl\u00ec\",\"datePublished\":\"2025-02-11T16:05:10+00:00\",\"dateModified\":\"2025-02-11T16:08:40+00:00\",\"mainEntityOfPage\":{\"@id\":\"https:\/\/www.pressenza.com\/it\/2025\/02\/proiezione-del-film-documentario-no-other-land-a-forli\/\"},\"wordCount\":303,\"publisher\":{\"@id\":\"https:\/\/www.pressenza.com\/it\/#organization\"},\"image\":{\"@id\":\"https:\/\/www.pressenza.com\/it\/2025\/02\/proiezione-del-film-documentario-no-other-land-a-forli\/#primaryimage\"},\"thumbnailUrl\":\"https:\/\/www.pressenza.com\/wp-content\/uploads\/2025\/01\/No-other-land.jpeg\",\"keywords\":[\"Cisgiordania\",\"coloni\",\"eventi\",\"film documentario \\\"No Other Land\\\"\",\"Israele\"],\"articleSection\":[\"Comunicati Stampa\",\"Cultura e Media\",\"Diritti Umani\",\"Europa\",\"Medio Oriente\"],\"inLanguage\":\"it-IT\"},{\"@type\":\"WebPage\",\"@id\":\"https:\/\/www.pressenza.com\/it\/2025\/02\/proiezione-del-film-documentario-no-other-land-a-forli\/\",\"url\":\"https:\/\/www.pressenza.com\/it\/2025\/02\/proiezione-del-film-documentario-no-other-land-a-forli\/\",\"name\":\"Proiezione del film documentario \\\"No Other Land\\\" a Forl\u00ec\",\"isPartOf\":{\"@id\":\"https:\/\/www.pressenza.com\/it\/#website\"},\"primaryImageOfPage\":{\"@id\":\"https:\/\/www.pressenza.com\/it\/2025\/02\/proiezione-del-film-documentario-no-other-land-a-forli\/#primaryimage\"},\"image\":{\"@id\":\"https:\/\/www.pressenza.com\/it\/2025\/02\/proiezione-del-film-documentario-no-other-land-a-forli\/#primaryimage\"},\"thumbnailUrl\":\"https:\/\/www.pressenza.com\/wp-content\/uploads\/2025\/01\/No-other-land.jpeg\",\"datePublished\":\"2025-02-11T16:05:10+00:00\",\"dateModified\":\"2025-02-11T16:08:40+00:00\",\"description\":\"Gioved\u00ec 20 febbraio 2025 alle ore 21.00 Multisala Astoria, viale dell\u2019Appennino 313, Forl\u00ec Evento organizzato da Forl\u00ec Citt\u00e0 Aperta e Amnesty\",\"breadcrumb\":{\"@id\":\"https:\/\/www.pressenza.com\/it\/2025\/02\/proiezione-del-film-documentario-no-other-land-a-forli\/#breadcrumb\"},\"inLanguage\":\"it-IT\",\"potentialAction\":[{\"@type\":\"ReadAction\",\"target\":[\"https:\/\/www.pressenza.com\/it\/2025\/02\/proiezione-del-film-documentario-no-other-land-a-forli\/\"]}]},{\"@type\":\"ImageObject\",\"inLanguage\":\"it-IT\",\"@id\":\"https:\/\/www.pressenza.com\/it\/2025\/02\/proiezione-del-film-documentario-no-other-land-a-forli\/#primaryimage\",\"url\":\"https:\/\/www.pressenza.com\/wp-content\/uploads\/2025\/01\/No-other-land.jpeg\",\"contentUrl\":\"https:\/\/www.pressenza.com\/wp-content\/uploads\/2025\/01\/No-other-land.jpeg\",\"width\":820,\"height\":540},{\"@type\":\"BreadcrumbList\",\"@id\":\"https:\/\/www.pressenza.com\/it\/2025\/02\/proiezione-del-film-documentario-no-other-land-a-forli\/#breadcrumb\",\"itemListElement\":[{\"@type\":\"ListItem\",\"position\":1,\"name\":\"Accueil\",\"item\":\"https:\/\/www.pressenza.com\/it\/\"},{\"@type\":\"ListItem\",\"position\":2,\"name\":\"Proiezione del film documentario &#8220;No Other Land&#8221; a Forl\u00ec\"}]},{\"@type\":\"WebSite\",\"@id\":\"https:\/\/www.pressenza.com\/it\/#website\",\"url\":\"https:\/\/www.pressenza.com\/it\/\",\"name\":\"Pressenza\",\"description\":\"Agenzia di Stampa Internazionale\",\"publisher\":{\"@id\":\"https:\/\/www.pressenza.com\/it\/#organization\"},\"potentialAction\":[{\"@type\":\"SearchAction\",\"target\":{\"@type\":\"EntryPoint\",\"urlTemplate\":\"https:\/\/www.pressenza.com\/it\/?s={search_term_string}\"},\"query-input\":{\"@type\":\"PropertyValueSpecification\",\"valueRequired\":true,\"valueName\":\"search_term_string\"}}],\"inLanguage\":\"it-IT\"},{\"@type\":\"Organization\",\"@id\":\"https:\/\/www.pressenza.com\/it\/#organization\",\"name\":\"Pressenza\",\"url\":\"https:\/\/www.pressenza.com\/it\/\",\"logo\":{\"@type\":\"ImageObject\",\"inLanguage\":\"it-IT\",\"@id\":\"https:\/\/www.pressenza.com\/it\/#\/schema\/logo\/image\/\",\"url\":\"https:\/\/www.pressenza.com\/wp-content\/uploads\/2022\/10\/pressenza_logo_200x200.jpg\",\"contentUrl\":\"https:\/\/www.pressenza.com\/wp-content\/uploads\/2022\/10\/pressenza_logo_200x200.jpg\",\"width\":200,\"height\":200,\"caption\":\"Pressenza\"},\"image\":{\"@id\":\"https:\/\/www.pressenza.com\/it\/#\/schema\/logo\/image\/\"},\"sameAs\":[\"https:\/\/www.facebook.com\/PressenzaItalia\",\"https:\/\/x.com\/PressenzaIPA\"]},{\"@type\":\"Person\",\"@id\":\"https:\/\/www.pressenza.com\/it\/#\/schema\/person\/bd20012effb4a200220e868c6dc89e72\",\"name\":\"Redazione Romagna\",\"url\":\"https:\/\/www.pressenza.com\/it\/author\/redazione-romagna\/\"}]}<\/script>\n<!-- \/ Yoast SEO plugin. -->","yoast_head_json":{"title":"Proiezione del film documentario \"No Other Land\" a Forl\u00ec","description":"Gioved\u00ec 20 febbraio 2025 alle ore 21.00 Multisala Astoria, viale dell\u2019Appennino 313, Forl\u00ec Evento organizzato da Forl\u00ec Citt\u00e0 Aperta e Amnesty","robots":{"index":"index","follow":"follow","max-snippet":"max-snippet:-1","max-image-preview":"max-image-preview:large","max-video-preview":"max-video-preview:-1"},"canonical":"https:\/\/www.pressenza.com\/it\/2025\/02\/proiezione-del-film-documentario-no-other-land-a-forli\/","og_locale":"it_IT","og_type":"article","og_title":"Proiezione del film documentario \"No Other Land\" a Forl\u00ec","og_description":"Gioved\u00ec 20 febbraio 2025 alle ore 21.00 Multisala Astoria, viale dell\u2019Appennino 313, Forl\u00ec Evento organizzato da Forl\u00ec Citt\u00e0 Aperta e Amnesty","og_url":"https:\/\/www.pressenza.com\/it\/2025\/02\/proiezione-del-film-documentario-no-other-land-a-forli\/","og_site_name":"Pressenza","article_publisher":"https:\/\/www.facebook.com\/PressenzaItalia","article_published_time":"2025-02-11T16:05:10+00:00","article_modified_time":"2025-02-11T16:08:40+00:00","og_image":[{"width":820,"height":540,"url":"https:\/\/www.pressenza.com\/wp-content\/uploads\/2025\/01\/No-other-land.jpeg","type":"image\/jpeg"}],"author":"Redazione Romagna","twitter_card":"summary_large_image","twitter_creator":"@PressenzaIPA","twitter_site":"@PressenzaIPA","twitter_misc":{"Scritto da":"Redazione Romagna","Tempo di lettura stimato":"2 minuti"},"schema":{"@context":"https:\/\/schema.org","@graph":[{"@type":"Article","@id":"https:\/\/www.pressenza.com\/it\/2025\/02\/proiezione-del-film-documentario-no-other-land-a-forli\/#article","isPartOf":{"@id":"https:\/\/www.pressenza.com\/it\/2025\/02\/proiezione-del-film-documentario-no-other-land-a-forli\/"},"author":{"name":"Redazione Romagna","@id":"https:\/\/www.pressenza.com\/it\/#\/schema\/person\/bd20012effb4a200220e868c6dc89e72"},"headline":"Proiezione del film documentario &#8220;No Other Land&#8221; a Forl\u00ec","datePublished":"2025-02-11T16:05:10+00:00","dateModified":"2025-02-11T16:08:40+00:00","mainEntityOfPage":{"@id":"https:\/\/www.pressenza.com\/it\/2025\/02\/proiezione-del-film-documentario-no-other-land-a-forli\/"},"wordCount":303,"publisher":{"@id":"https:\/\/www.pressenza.com\/it\/#organization"},"image":{"@id":"https:\/\/www.pressenza.com\/it\/2025\/02\/proiezione-del-film-documentario-no-other-land-a-forli\/#primaryimage"},"thumbnailUrl":"https:\/\/www.pressenza.com\/wp-content\/uploads\/2025\/01\/No-other-land.jpeg","keywords":["Cisgiordania","coloni","eventi","film documentario \"No Other Land\"","Israele"],"articleSection":["Comunicati Stampa","Cultura e Media","Diritti Umani","Europa","Medio Oriente"],"inLanguage":"it-IT"},{"@type":"WebPage","@id":"https:\/\/www.pressenza.com\/it\/2025\/02\/proiezione-del-film-documentario-no-other-land-a-forli\/","url":"https:\/\/www.pressenza.com\/it\/2025\/02\/proiezione-del-film-documentario-no-other-land-a-forli\/","name":"Proiezione del film documentario \"No Other Land\" a Forl\u00ec","isPartOf":{"@id":"https:\/\/www.pressenza.com\/it\/#website"},"primaryImageOfPage":{"@id":"https:\/\/www.pressenza.com\/it\/2025\/02\/proiezione-del-film-documentario-no-other-land-a-forli\/#primaryimage"},"image":{"@id":"https:\/\/www.pressenza.com\/it\/2025\/02\/proiezione-del-film-documentario-no-other-land-a-forli\/#primaryimage"},"thumbnailUrl":"https:\/\/www.pressenza.com\/wp-content\/uploads\/2025\/01\/No-other-land.jpeg","datePublished":"2025-02-11T16:05:10+00:00","dateModified":"2025-02-11T16:08:40+00:00","description":"Gioved\u00ec 20 febbraio 2025 alle ore 21.00 Multisala Astoria, viale dell\u2019Appennino 313, Forl\u00ec Evento organizzato da Forl\u00ec Citt\u00e0 Aperta e Amnesty","breadcrumb":{"@id":"https:\/\/www.pressenza.com\/it\/2025\/02\/proiezione-del-film-documentario-no-other-land-a-forli\/#breadcrumb"},"inLanguage":"it-IT","potentialAction":[{"@type":"ReadAction","target":["https:\/\/www.pressenza.com\/it\/2025\/02\/proiezione-del-film-documentario-no-other-land-a-forli\/"]}]},{"@type":"ImageObject","inLanguage":"it-IT","@id":"https:\/\/www.pressenza.com\/it\/2025\/02\/proiezione-del-film-documentario-no-other-land-a-forli\/#primaryimage","url":"https:\/\/www.pressenza.com\/wp-content\/uploads\/2025\/01\/No-other-land.jpeg","contentUrl":"https:\/\/www.pressenza.com\/wp-content\/uploads\/2025\/01\/No-other-land.jpeg","width":820,"height":540},{"@type":"BreadcrumbList","@id":"https:\/\/www.pressenza.com\/it\/2025\/02\/proiezione-del-film-documentario-no-other-land-a-forli\/#breadcrumb","itemListElement":[{"@type":"ListItem","position":1,"name":"Accueil","item":"https:\/\/www.pressenza.com\/it\/"},{"@type":"ListItem","position":2,"name":"Proiezione del film documentario &#8220;No Other Land&#8221; a Forl\u00ec"}]},{"@type":"WebSite","@id":"https:\/\/www.pressenza.com\/it\/#website","url":"https:\/\/www.pressenza.com\/it\/","name":"Pressenza","description":"Agenzia di Stampa Internazionale","publisher":{"@id":"https:\/\/www.pressenza.com\/it\/#organization"},"potentialAction":[{"@type":"SearchAction","target":{"@type":"EntryPoint","urlTemplate":"https:\/\/www.pressenza.com\/it\/?s={search_term_string}"},"query-input":{"@type":"PropertyValueSpecification","valueRequired":true,"valueName":"search_term_string"}}],"inLanguage":"it-IT"},{"@type":"Organization","@id":"https:\/\/www.pressenza.com\/it\/#organization","name":"Pressenza","url":"https:\/\/www.pressenza.com\/it\/","logo":{"@type":"ImageObject","inLanguage":"it-IT","@id":"https:\/\/www.pressenza.com\/it\/#\/schema\/logo\/image\/","url":"https:\/\/www.pressenza.com\/wp-content\/uploads\/2022\/10\/pressenza_logo_200x200.jpg","contentUrl":"https:\/\/www.pressenza.com\/wp-content\/uploads\/2022\/10\/pressenza_logo_200x200.jpg","width":200,"height":200,"caption":"Pressenza"},"image":{"@id":"https:\/\/www.pressenza.com\/it\/#\/schema\/logo\/image\/"},"sameAs":["https:\/\/www.facebook.com\/PressenzaItalia","https:\/\/x.com\/PressenzaIPA"]},{"@type":"Person","@id":"https:\/\/www.pressenza.com\/it\/#\/schema\/person\/bd20012effb4a200220e868c6dc89e72","name":"Redazione Romagna","url":"https:\/\/www.pressenza.com\/it\/author\/redazione-romagna\/"}]}},"place":"Forl\u00ec","original_article_url":"","_links":{"self":[{"href":"https:\/\/www.pressenza.com\/it\/wp-json\/wp\/v2\/posts\/2582780","targetHints":{"allow":["GET"]}}],"collection":[{"href":"https:\/\/www.pressenza.com\/it\/wp-json\/wp\/v2\/posts"}],"about":[{"href":"https:\/\/www.pressenza.com\/it\/wp-json\/wp\/v2\/types\/post"}],"author":[{"embeddable":true,"href":"https:\/\/www.pressenza.com\/it\/wp-json\/wp\/v2\/users\/2449"}],"replies":[{"embeddable":true,"href":"https:\/\/www.pressenza.com\/it\/wp-json\/wp\/v2\/comments?post=2582780"}],"version-history":[{"count":0,"href":"https:\/\/www.pressenza.com\/it\/wp-json\/wp\/v2\/posts\/2582780\/revisions"}],"wp:featuredmedia":[{"embeddable":true,"href":"https:\/\/www.pressenza.com\/it\/wp-json\/wp\/v2\/media\/2576431"}],"wp:attachment":[{"href":"https:\/\/www.pressenza.com\/it\/wp-json\/wp\/v2\/media?parent=2582780"}],"wp:term":[{"taxonomy":"category","embeddable":true,"href":"https:\/\/www.pressenza.com\/it\/wp-json\/wp\/v2\/categories?post=2582780"},{"taxonomy":"post_tag","embeddable":true,"href":"https:\/\/www.pressenza.com\/it\/wp-json\/wp\/v2\/tags?post=2582780"}],"curies":[{"name":"wp","href":"https:\/\/api.w.org\/{rel}","templated":true}]}}