{"id":2582470,"date":"2025-02-10T09:20:26","date_gmt":"2025-02-10T09:20:26","guid":{"rendered":"https:\/\/www.pressenza.com\/?p=2582470"},"modified":"2025-02-10T09:20:26","modified_gmt":"2025-02-10T09:20:26","slug":"il-giubileo-della-guerra","status":"publish","type":"post","link":"https:\/\/www.pressenza.com\/it\/2025\/02\/il-giubileo-della-guerra\/","title":{"rendered":"Il giubileo della guerra"},"content":{"rendered":"<p>Mosaico dei giorni<br \/>\nIl giubileo della guerra<br \/>\n10 febbraio 2025 &#8211; Tonio Dell&#8217;Olio<\/p>\n<p>Per quel che pu\u00f2 contare voglio pubblicamente prendere le distanze dal Giubileo che in pompa magna si \u00e8 celebrato nella giornata di ieri in Piazza San Pietro: il Giubileo delle Forze armate, di Polizia e della Sicurezza. <\/p>\n<p>Ora, sappiamo che Papa Francesco in ogni occasione utile, molto opportunamente usa parole nette di condanna della guerra &#8220;ignobile&#8221;, &#8220;trionfo della menzogna e della falsit\u00e0&#8221;, sconfitta dell&#8217;umanit\u00e0&#8221;, &#8220;crimine contro l&#8217;umanit\u00e0&#8221;, &#8220;sempre sempre sempre \u00e8 una sconfitta&#8221;. <\/p>\n<p>E allora come \u00e8 possibile da una parte condannare la guerra e dall&#8217;altra riconoscere la cristianit\u00e0 di coloro che la guerra la fanno? <\/p>\n<p>\u00c8 vero, ieri ha esortato i militari dicendo: &#8220;Difendete sempre la vita e mai lo spirito di guerra&#8221; ma il loro compito precipuo, quello per il quale si esercitano ogni giorno, \u00e8 di fare la guerra. <\/p>\n<p>Poi, ovviamente, ciascuno di loro \u00e8 convinto di fare la guerra giusta, per difendere la giustizia, la vita, i confini, la nazione\u2026 in ogni caso fa la guerra!<\/p>\n<p>Non so quali fossero le nazioni rappresentate ieri in Piazza San Pietro, ma devo immaginare che ci siano cristiani-cattolici anche nell&#8217;esercito russo e in quello ucraino, tra le Forze armate israeliane, ruandesi e congolesi, solo per fare qualche esempio. <\/p>\n<p>Tutti convinti di combattere la guerra, ovvero di infliggere morte e sofferenze e di causare distruzioni, per difendere la vita obbedendo ciecamente agli ordini ricevuti. <\/p>\n","protected":false},"excerpt":{"rendered":"<p>Mosaico dei giorni Il giubileo della guerra 10 febbraio 2025 &#8211; Tonio Dell&#8217;Olio Per quel che pu\u00f2 contare voglio pubblicamente prendere le distanze dal Giubileo che in pompa magna si \u00e8 celebrato nella giornata di ieri in Piazza San Pietro:&hellip;<\/p>\n","protected":false},"author":1718,"featured_media":2582471,"comment_status":"closed","ping_status":"closed","sticky":false,"template":"","format":"standard","meta":{"footnotes":""},"categories":[1263],"tags":[129680,17211],"class_list":["post-2582470","post","type-post","status-publish","format-standard","has-post-thumbnail","hentry","category-pace-disarmo","tag-giubileo","tag-militari"],"yoast_head":"<!-- This site is optimized with the Yoast SEO plugin v27.1.1 - https:\/\/yoast.com\/product\/yoast-seo-wordpress\/ -->\n<title>Il giubileo della guerra<\/title>\n<meta name=\"description\" content=\"Mosaico dei giorni Il giubileo della guerra 10 febbraio 2025 - Tonio Dell&#039;Olio Per quel che pu\u00f2 contare voglio pubblicamente prendere le distanze dal\" \/>\n<meta name=\"robots\" content=\"index, follow, max-snippet:-1, max-image-preview:large, max-video-preview:-1\" \/>\n<link rel=\"canonical\" href=\"https:\/\/www.pressenza.com\/it\/2025\/02\/il-giubileo-della-guerra\/\" \/>\n<meta property=\"og:locale\" content=\"it_IT\" \/>\n<meta property=\"og:type\" content=\"article\" \/>\n<meta property=\"og:title\" content=\"Il giubileo della guerra\" \/>\n<meta property=\"og:description\" content=\"Mosaico dei giorni Il giubileo della guerra 10 febbraio 2025 - Tonio Dell&#039;Olio Per quel che pu\u00f2 contare voglio pubblicamente prendere le distanze dal\" \/>\n<meta property=\"og:url\" content=\"https:\/\/www.pressenza.com\/it\/2025\/02\/il-giubileo-della-guerra\/\" \/>\n<meta property=\"og:site_name\" content=\"Pressenza\" \/>\n<meta property=\"article:publisher\" content=\"https:\/\/www.facebook.com\/PressenzaItalia\" \/>\n<meta property=\"article:published_time\" content=\"2025-02-10T09:20:26+00:00\" \/>\n<meta property=\"og:image\" content=\"https:\/\/www.pressenza.com\/wp-content\/uploads\/2025\/02\/GiubileoLibano2.jpg\" \/>\n\t<meta property=\"og:image:width\" content=\"1024\" \/>\n\t<meta property=\"og:image:height\" content=\"682\" \/>\n\t<meta property=\"og:image:type\" content=\"image\/jpeg\" \/>\n<meta name=\"author\" content=\"Mosaico di pace\" \/>\n<meta name=\"twitter:card\" content=\"summary_large_image\" \/>\n<meta name=\"twitter:creator\" content=\"@PressenzaIPA\" \/>\n<meta name=\"twitter:site\" content=\"@PressenzaIPA\" \/>\n<meta name=\"twitter:label1\" content=\"Scritto da\" \/>\n\t<meta name=\"twitter:data1\" content=\"Mosaico di pace\" \/>\n<script type=\"application\/ld+json\" class=\"yoast-schema-graph\">{\"@context\":\"https:\/\/schema.org\",\"@graph\":[{\"@type\":\"Article\",\"@id\":\"https:\/\/www.pressenza.com\/it\/2025\/02\/il-giubileo-della-guerra\/#article\",\"isPartOf\":{\"@id\":\"https:\/\/www.pressenza.com\/it\/2025\/02\/il-giubileo-della-guerra\/\"},\"author\":{\"name\":\"Mosaico di pace\",\"@id\":\"https:\/\/www.pressenza.com\/it\/#\/schema\/person\/fd89176632a8d386eccb43e03a981972\"},\"headline\":\"Il giubileo della guerra\",\"datePublished\":\"2025-02-10T09:20:26+00:00\",\"mainEntityOfPage\":{\"@id\":\"https:\/\/www.pressenza.com\/it\/2025\/02\/il-giubileo-della-guerra\/\"},\"wordCount\":238,\"publisher\":{\"@id\":\"https:\/\/www.pressenza.com\/it\/#organization\"},\"image\":{\"@id\":\"https:\/\/www.pressenza.com\/it\/2025\/02\/il-giubileo-della-guerra\/#primaryimage\"},\"thumbnailUrl\":\"https:\/\/www.pressenza.com\/wp-content\/uploads\/2025\/02\/GiubileoLibano2.jpg\",\"keywords\":[\"Giubileo\",\"militari\"],\"articleSection\":[\"Pace e Disarmo\"],\"inLanguage\":\"it-IT\"},{\"@type\":\"WebPage\",\"@id\":\"https:\/\/www.pressenza.com\/it\/2025\/02\/il-giubileo-della-guerra\/\",\"url\":\"https:\/\/www.pressenza.com\/it\/2025\/02\/il-giubileo-della-guerra\/\",\"name\":\"Il giubileo della guerra\",\"isPartOf\":{\"@id\":\"https:\/\/www.pressenza.com\/it\/#website\"},\"primaryImageOfPage\":{\"@id\":\"https:\/\/www.pressenza.com\/it\/2025\/02\/il-giubileo-della-guerra\/#primaryimage\"},\"image\":{\"@id\":\"https:\/\/www.pressenza.com\/it\/2025\/02\/il-giubileo-della-guerra\/#primaryimage\"},\"thumbnailUrl\":\"https:\/\/www.pressenza.com\/wp-content\/uploads\/2025\/02\/GiubileoLibano2.jpg\",\"datePublished\":\"2025-02-10T09:20:26+00:00\",\"description\":\"Mosaico dei giorni Il giubileo della guerra 10 febbraio 2025 - Tonio Dell'Olio Per quel che pu\u00f2 contare voglio pubblicamente prendere le distanze dal\",\"breadcrumb\":{\"@id\":\"https:\/\/www.pressenza.com\/it\/2025\/02\/il-giubileo-della-guerra\/#breadcrumb\"},\"inLanguage\":\"it-IT\",\"potentialAction\":[{\"@type\":\"ReadAction\",\"target\":[\"https:\/\/www.pressenza.com\/it\/2025\/02\/il-giubileo-della-guerra\/\"]}]},{\"@type\":\"ImageObject\",\"inLanguage\":\"it-IT\",\"@id\":\"https:\/\/www.pressenza.com\/it\/2025\/02\/il-giubileo-della-guerra\/#primaryimage\",\"url\":\"https:\/\/www.pressenza.com\/wp-content\/uploads\/2025\/02\/GiubileoLibano2.jpg\",\"contentUrl\":\"https:\/\/www.pressenza.com\/wp-content\/uploads\/2025\/02\/GiubileoLibano2.jpg\",\"width\":1024,\"height\":682},{\"@type\":\"BreadcrumbList\",\"@id\":\"https:\/\/www.pressenza.com\/it\/2025\/02\/il-giubileo-della-guerra\/#breadcrumb\",\"itemListElement\":[{\"@type\":\"ListItem\",\"position\":1,\"name\":\"Accueil\",\"item\":\"https:\/\/www.pressenza.com\/it\/\"},{\"@type\":\"ListItem\",\"position\":2,\"name\":\"Il giubileo della guerra\"}]},{\"@type\":\"WebSite\",\"@id\":\"https:\/\/www.pressenza.com\/it\/#website\",\"url\":\"https:\/\/www.pressenza.com\/it\/\",\"name\":\"Pressenza\",\"description\":\"Agenzia di Stampa Internazionale\",\"publisher\":{\"@id\":\"https:\/\/www.pressenza.com\/it\/#organization\"},\"potentialAction\":[{\"@type\":\"SearchAction\",\"target\":{\"@type\":\"EntryPoint\",\"urlTemplate\":\"https:\/\/www.pressenza.com\/it\/?s={search_term_string}\"},\"query-input\":{\"@type\":\"PropertyValueSpecification\",\"valueRequired\":true,\"valueName\":\"search_term_string\"}}],\"inLanguage\":\"it-IT\"},{\"@type\":\"Organization\",\"@id\":\"https:\/\/www.pressenza.com\/it\/#organization\",\"name\":\"Pressenza\",\"url\":\"https:\/\/www.pressenza.com\/it\/\",\"logo\":{\"@type\":\"ImageObject\",\"inLanguage\":\"it-IT\",\"@id\":\"https:\/\/www.pressenza.com\/it\/#\/schema\/logo\/image\/\",\"url\":\"https:\/\/www.pressenza.com\/wp-content\/uploads\/2022\/10\/pressenza_logo_200x200.jpg\",\"contentUrl\":\"https:\/\/www.pressenza.com\/wp-content\/uploads\/2022\/10\/pressenza_logo_200x200.jpg\",\"width\":200,\"height\":200,\"caption\":\"Pressenza\"},\"image\":{\"@id\":\"https:\/\/www.pressenza.com\/it\/#\/schema\/logo\/image\/\"},\"sameAs\":[\"https:\/\/www.facebook.com\/PressenzaItalia\",\"https:\/\/x.com\/PressenzaIPA\"]},{\"@type\":\"Person\",\"@id\":\"https:\/\/www.pressenza.com\/it\/#\/schema\/person\/fd89176632a8d386eccb43e03a981972\",\"name\":\"Mosaico di pace\",\"description\":\"Mosaico di pace \u00e8 la rivista promossa da Pax Christi \u2013 movimento cattolico internazionale per la pace.\",\"sameAs\":[\"https:\/\/www.mosaicodipace.it\/\"],\"url\":\"https:\/\/www.pressenza.com\/it\/author\/mosaico-di-pace\/\"}]}<\/script>\n<!-- \/ Yoast SEO plugin. -->","yoast_head_json":{"title":"Il giubileo della guerra","description":"Mosaico dei giorni Il giubileo della guerra 10 febbraio 2025 - Tonio Dell'Olio Per quel che pu\u00f2 contare voglio pubblicamente prendere le distanze dal","robots":{"index":"index","follow":"follow","max-snippet":"max-snippet:-1","max-image-preview":"max-image-preview:large","max-video-preview":"max-video-preview:-1"},"canonical":"https:\/\/www.pressenza.com\/it\/2025\/02\/il-giubileo-della-guerra\/","og_locale":"it_IT","og_type":"article","og_title":"Il giubileo della guerra","og_description":"Mosaico dei giorni Il giubileo della guerra 10 febbraio 2025 - Tonio Dell'Olio Per quel che pu\u00f2 contare voglio pubblicamente prendere le distanze dal","og_url":"https:\/\/www.pressenza.com\/it\/2025\/02\/il-giubileo-della-guerra\/","og_site_name":"Pressenza","article_publisher":"https:\/\/www.facebook.com\/PressenzaItalia","article_published_time":"2025-02-10T09:20:26+00:00","og_image":[{"width":1024,"height":682,"url":"https:\/\/www.pressenza.com\/wp-content\/uploads\/2025\/02\/GiubileoLibano2.jpg","type":"image\/jpeg"}],"author":"Mosaico di pace","twitter_card":"summary_large_image","twitter_creator":"@PressenzaIPA","twitter_site":"@PressenzaIPA","twitter_misc":{"Scritto da":"Mosaico di pace"},"schema":{"@context":"https:\/\/schema.org","@graph":[{"@type":"Article","@id":"https:\/\/www.pressenza.com\/it\/2025\/02\/il-giubileo-della-guerra\/#article","isPartOf":{"@id":"https:\/\/www.pressenza.com\/it\/2025\/02\/il-giubileo-della-guerra\/"},"author":{"name":"Mosaico di pace","@id":"https:\/\/www.pressenza.com\/it\/#\/schema\/person\/fd89176632a8d386eccb43e03a981972"},"headline":"Il giubileo della guerra","datePublished":"2025-02-10T09:20:26+00:00","mainEntityOfPage":{"@id":"https:\/\/www.pressenza.com\/it\/2025\/02\/il-giubileo-della-guerra\/"},"wordCount":238,"publisher":{"@id":"https:\/\/www.pressenza.com\/it\/#organization"},"image":{"@id":"https:\/\/www.pressenza.com\/it\/2025\/02\/il-giubileo-della-guerra\/#primaryimage"},"thumbnailUrl":"https:\/\/www.pressenza.com\/wp-content\/uploads\/2025\/02\/GiubileoLibano2.jpg","keywords":["Giubileo","militari"],"articleSection":["Pace e Disarmo"],"inLanguage":"it-IT"},{"@type":"WebPage","@id":"https:\/\/www.pressenza.com\/it\/2025\/02\/il-giubileo-della-guerra\/","url":"https:\/\/www.pressenza.com\/it\/2025\/02\/il-giubileo-della-guerra\/","name":"Il giubileo della guerra","isPartOf":{"@id":"https:\/\/www.pressenza.com\/it\/#website"},"primaryImageOfPage":{"@id":"https:\/\/www.pressenza.com\/it\/2025\/02\/il-giubileo-della-guerra\/#primaryimage"},"image":{"@id":"https:\/\/www.pressenza.com\/it\/2025\/02\/il-giubileo-della-guerra\/#primaryimage"},"thumbnailUrl":"https:\/\/www.pressenza.com\/wp-content\/uploads\/2025\/02\/GiubileoLibano2.jpg","datePublished":"2025-02-10T09:20:26+00:00","description":"Mosaico dei giorni Il giubileo della guerra 10 febbraio 2025 - Tonio Dell'Olio Per quel che pu\u00f2 contare voglio pubblicamente prendere le distanze dal","breadcrumb":{"@id":"https:\/\/www.pressenza.com\/it\/2025\/02\/il-giubileo-della-guerra\/#breadcrumb"},"inLanguage":"it-IT","potentialAction":[{"@type":"ReadAction","target":["https:\/\/www.pressenza.com\/it\/2025\/02\/il-giubileo-della-guerra\/"]}]},{"@type":"ImageObject","inLanguage":"it-IT","@id":"https:\/\/www.pressenza.com\/it\/2025\/02\/il-giubileo-della-guerra\/#primaryimage","url":"https:\/\/www.pressenza.com\/wp-content\/uploads\/2025\/02\/GiubileoLibano2.jpg","contentUrl":"https:\/\/www.pressenza.com\/wp-content\/uploads\/2025\/02\/GiubileoLibano2.jpg","width":1024,"height":682},{"@type":"BreadcrumbList","@id":"https:\/\/www.pressenza.com\/it\/2025\/02\/il-giubileo-della-guerra\/#breadcrumb","itemListElement":[{"@type":"ListItem","position":1,"name":"Accueil","item":"https:\/\/www.pressenza.com\/it\/"},{"@type":"ListItem","position":2,"name":"Il giubileo della guerra"}]},{"@type":"WebSite","@id":"https:\/\/www.pressenza.com\/it\/#website","url":"https:\/\/www.pressenza.com\/it\/","name":"Pressenza","description":"Agenzia di Stampa Internazionale","publisher":{"@id":"https:\/\/www.pressenza.com\/it\/#organization"},"potentialAction":[{"@type":"SearchAction","target":{"@type":"EntryPoint","urlTemplate":"https:\/\/www.pressenza.com\/it\/?s={search_term_string}"},"query-input":{"@type":"PropertyValueSpecification","valueRequired":true,"valueName":"search_term_string"}}],"inLanguage":"it-IT"},{"@type":"Organization","@id":"https:\/\/www.pressenza.com\/it\/#organization","name":"Pressenza","url":"https:\/\/www.pressenza.com\/it\/","logo":{"@type":"ImageObject","inLanguage":"it-IT","@id":"https:\/\/www.pressenza.com\/it\/#\/schema\/logo\/image\/","url":"https:\/\/www.pressenza.com\/wp-content\/uploads\/2022\/10\/pressenza_logo_200x200.jpg","contentUrl":"https:\/\/www.pressenza.com\/wp-content\/uploads\/2022\/10\/pressenza_logo_200x200.jpg","width":200,"height":200,"caption":"Pressenza"},"image":{"@id":"https:\/\/www.pressenza.com\/it\/#\/schema\/logo\/image\/"},"sameAs":["https:\/\/www.facebook.com\/PressenzaItalia","https:\/\/x.com\/PressenzaIPA"]},{"@type":"Person","@id":"https:\/\/www.pressenza.com\/it\/#\/schema\/person\/fd89176632a8d386eccb43e03a981972","name":"Mosaico di pace","description":"Mosaico di pace \u00e8 la rivista promossa da Pax Christi \u2013 movimento cattolico internazionale per la pace.","sameAs":["https:\/\/www.mosaicodipace.it\/"],"url":"https:\/\/www.pressenza.com\/it\/author\/mosaico-di-pace\/"}]}},"place":"","original_article_url":"","_links":{"self":[{"href":"https:\/\/www.pressenza.com\/it\/wp-json\/wp\/v2\/posts\/2582470","targetHints":{"allow":["GET"]}}],"collection":[{"href":"https:\/\/www.pressenza.com\/it\/wp-json\/wp\/v2\/posts"}],"about":[{"href":"https:\/\/www.pressenza.com\/it\/wp-json\/wp\/v2\/types\/post"}],"author":[{"embeddable":true,"href":"https:\/\/www.pressenza.com\/it\/wp-json\/wp\/v2\/users\/1718"}],"replies":[{"embeddable":true,"href":"https:\/\/www.pressenza.com\/it\/wp-json\/wp\/v2\/comments?post=2582470"}],"version-history":[{"count":0,"href":"https:\/\/www.pressenza.com\/it\/wp-json\/wp\/v2\/posts\/2582470\/revisions"}],"wp:featuredmedia":[{"embeddable":true,"href":"https:\/\/www.pressenza.com\/it\/wp-json\/wp\/v2\/media\/2582471"}],"wp:attachment":[{"href":"https:\/\/www.pressenza.com\/it\/wp-json\/wp\/v2\/media?parent=2582470"}],"wp:term":[{"taxonomy":"category","embeddable":true,"href":"https:\/\/www.pressenza.com\/it\/wp-json\/wp\/v2\/categories?post=2582470"},{"taxonomy":"post_tag","embeddable":true,"href":"https:\/\/www.pressenza.com\/it\/wp-json\/wp\/v2\/tags?post=2582470"}],"curies":[{"name":"wp","href":"https:\/\/api.w.org\/{rel}","templated":true}]}}