{"id":2581837,"date":"2025-02-07T12:15:30","date_gmt":"2025-02-07T12:15:30","guid":{"rendered":"https:\/\/www.pressenza.com\/?p=2581837"},"modified":"2025-02-07T12:15:30","modified_gmt":"2025-02-07T12:15:30","slug":"sentenza-tar-pap-i-fogli-di-via-del-5-ottobre-erano-illegittimi-la-solidarieta-con-il-popolo-palestinese-no","status":"publish","type":"post","link":"https:\/\/www.pressenza.com\/it\/2025\/02\/sentenza-tar-pap-i-fogli-di-via-del-5-ottobre-erano-illegittimi-la-solidarieta-con-il-popolo-palestinese-no\/","title":{"rendered":"Sentenza TAR, Pap: &#8220;I Fogli di via del 5 ottobre erano illegittimi, la solidariet\u00e0 con il popolo palestinese no!&#8221;"},"content":{"rendered":"<p>Annunciamo con grande piacere che il Foglio di via emesso il 5 ottobre contro i nostri compagni Abdel e Giorgio \u00e8 stato annullato dal Tar del Lazio. Abdel, portavoce del Movimento Migranti e Rifugiati Napoli e Giorgio, studente del Collettivo Autorganizzato Universitario, entrambi militanti di Potere al popolo!, erano stati fermati il 5 ottobre mentre tentavano di raggiungere la manifestazione in solidariet\u00e0 con il popolo palestinese prevista quel giorno a Roma [foto allegate].<\/p>\n<p>Nessuno dei due ha mai potuto raggiungere il concentramento: dopo essere stati fermati, sono stati portati in Questura dove hanno vietato loro di fare ritorno a Roma per i successivi 18 mesi. Quel giorno, come loro, altre 38 persone hanno ricevuto fogli di via dalla Capitale variabili da 6 mesi ai 4 anni.<\/p>\n<p>Ricordiamo tutti lo schifoso clima creatosi in quei giorni intorno a una manifestazione del tutto legittima, contro il genocidio del popolo palestinese. Ricordiamo il divieto di Piantedosi a manifestare, la criminalizzazione mediatica, i minacciosi comunicati dei sindacati di polizia. Ricordiamo infine lo spiegamento assurdo di forze dell&#8217;Ordine ai caselli e alle stazioni, le perquisizioni dei pullman durate ore, le persone fermate per strada, piazzale Ostiense totalmente blindato e sigillato da reticolati, camion-idranti, e manganelli.<\/p>\n<p>Quel giorno il tentativo di impedire la manifestazione \u00e8 stato vittoriosamente sfidato da decine di migliaia di persone.<\/p>\n<p>Oggi, anche il Tar del Lazio reputa illegittimi quei fogli di via, perch\u00e9 emanati senza motivazione plausibile e dunque lesivi della libera circolazione. Secondo i giudici, la questura ha trattato Giorgio e Abdel come se fossero dei pericolosi mafiosi in attivit\u00e0. La cosa in s\u00e9 \u00e8 ridicola, visto che Giorgio \u00e8 un giovanissimo studente universitario e Abdel \u00e8 il portavoce di un movimento composto da migliaia di persone, che si organizzano ogni giorno per lottare proprio contro lo sfruttamento mafioso dei lavoratori e delle lavoratrici migranti.<\/p>\n<p>Siamo convinti che inesorabilmente tutti e 40 i fogli di via emanati il 5 ottobre diventeranno carta straccia, come carta straccia diventer\u00e0 il nuovo Ddl Sicurezza, che contiene tra le altre inaccettabili misure un&#8217;estensione dell&#8217;utilizzo repressivo dei fogli di via, e contro cui \u00e8 importante che tutte e tutti ci mobilitiamo.<\/p>\n<p>La solidariet\u00e0 con il popolo palestinese e la lotta di tutti gli oppressi sono un nostro diritto sacrosanto, al Ministero dell&#8217;Interno se ne facciano una ragione.<\/p>\n","protected":false},"excerpt":{"rendered":"<p>Annunciamo con grande piacere che il Foglio di via emesso il 5 ottobre contro i nostri compagni Abdel e Giorgio \u00e8 stato annullato dal Tar del Lazio. Abdel, portavoce del Movimento Migranti e Rifugiati Napoli e Giorgio, studente del Collettivo&hellip;<\/p>\n","protected":false},"author":1515,"featured_media":590538,"comment_status":"closed","ping_status":"closed","sticky":false,"template":"","format":"standard","meta":{"footnotes":""},"categories":[150,55],"tags":[132376,132377,42365,132375,132378],"class_list":["post-2581837","post","type-post","status-publish","format-standard","has-post-thumbnail","hentry","category-comunicati-stampa","category-politica","tag-5-ottobre-2024","tag-fogli-di-via-illegittimi","tag-potere-al-popolo","tag-sentenza-tar","tag-solidarieta-al-popolo-palestinese"],"yoast_head":"<!-- This site is optimized with the Yoast SEO plugin v27.1.1 - https:\/\/yoast.com\/product\/yoast-seo-wordpress\/ -->\n<title>Sentenza TAR, Pap: &quot;I Fogli di via del 5 ottobre erano illegittimi, la solidariet\u00e0 con il popolo palestinese no!&quot;<\/title>\n<meta name=\"description\" content=\"Annunciamo con grande piacere che il Foglio di via emesso il 5 ottobre contro i nostri compagni Abdel e Giorgio \u00e8 stato annullato dal Tar del Lazio.\" \/>\n<meta name=\"robots\" content=\"index, follow, max-snippet:-1, max-image-preview:large, max-video-preview:-1\" \/>\n<link rel=\"canonical\" href=\"https:\/\/www.pressenza.com\/it\/2025\/02\/sentenza-tar-pap-i-fogli-di-via-del-5-ottobre-erano-illegittimi-la-solidarieta-con-il-popolo-palestinese-no\/\" \/>\n<meta property=\"og:locale\" content=\"it_IT\" \/>\n<meta property=\"og:type\" content=\"article\" \/>\n<meta property=\"og:title\" content=\"Sentenza TAR, Pap: &quot;I Fogli di via del 5 ottobre erano illegittimi, la solidariet\u00e0 con il popolo palestinese no!&quot;\" \/>\n<meta property=\"og:description\" content=\"Annunciamo con grande piacere che il Foglio di via emesso il 5 ottobre contro i nostri compagni Abdel e Giorgio \u00e8 stato annullato dal Tar del Lazio.\" \/>\n<meta property=\"og:url\" content=\"https:\/\/www.pressenza.com\/it\/2025\/02\/sentenza-tar-pap-i-fogli-di-via-del-5-ottobre-erano-illegittimi-la-solidarieta-con-il-popolo-palestinese-no\/\" \/>\n<meta property=\"og:site_name\" content=\"Pressenza\" \/>\n<meta property=\"article:publisher\" content=\"https:\/\/www.facebook.com\/PressenzaItalia\" \/>\n<meta property=\"article:published_time\" content=\"2025-02-07T12:15:30+00:00\" \/>\n<meta property=\"og:image\" content=\"https:\/\/www.pressenza.com\/wp-content\/uploads\/2018\/02\/potere-al-popolo.jpg\" \/>\n\t<meta property=\"og:image:width\" content=\"562\" \/>\n\t<meta property=\"og:image:height\" content=\"349\" \/>\n\t<meta property=\"og:image:type\" content=\"image\/jpeg\" \/>\n<meta name=\"author\" content=\"Potere Al Popolo\" \/>\n<meta name=\"twitter:card\" content=\"summary_large_image\" \/>\n<meta name=\"twitter:creator\" content=\"@PressenzaIPA\" \/>\n<meta name=\"twitter:site\" content=\"@PressenzaIPA\" \/>\n<meta name=\"twitter:label1\" content=\"Scritto da\" \/>\n\t<meta name=\"twitter:data1\" content=\"Potere Al Popolo\" \/>\n\t<meta name=\"twitter:label2\" content=\"Tempo di lettura stimato\" \/>\n\t<meta name=\"twitter:data2\" content=\"2 minuti\" \/>\n<script type=\"application\/ld+json\" class=\"yoast-schema-graph\">{\"@context\":\"https:\/\/schema.org\",\"@graph\":[{\"@type\":\"Article\",\"@id\":\"https:\/\/www.pressenza.com\/it\/2025\/02\/sentenza-tar-pap-i-fogli-di-via-del-5-ottobre-erano-illegittimi-la-solidarieta-con-il-popolo-palestinese-no\/#article\",\"isPartOf\":{\"@id\":\"https:\/\/www.pressenza.com\/it\/2025\/02\/sentenza-tar-pap-i-fogli-di-via-del-5-ottobre-erano-illegittimi-la-solidarieta-con-il-popolo-palestinese-no\/\"},\"author\":{\"name\":\"Potere Al Popolo\",\"@id\":\"https:\/\/www.pressenza.com\/it\/#\/schema\/person\/d82b464065b17ccca8a55d1e444cceeb\"},\"headline\":\"Sentenza TAR, Pap: &#8220;I Fogli di via del 5 ottobre erano illegittimi, la solidariet\u00e0 con il popolo palestinese no!&#8221;\",\"datePublished\":\"2025-02-07T12:15:30+00:00\",\"mainEntityOfPage\":{\"@id\":\"https:\/\/www.pressenza.com\/it\/2025\/02\/sentenza-tar-pap-i-fogli-di-via-del-5-ottobre-erano-illegittimi-la-solidarieta-con-il-popolo-palestinese-no\/\"},\"wordCount\":389,\"publisher\":{\"@id\":\"https:\/\/www.pressenza.com\/it\/#organization\"},\"image\":{\"@id\":\"https:\/\/www.pressenza.com\/it\/2025\/02\/sentenza-tar-pap-i-fogli-di-via-del-5-ottobre-erano-illegittimi-la-solidarieta-con-il-popolo-palestinese-no\/#primaryimage\"},\"thumbnailUrl\":\"https:\/\/www.pressenza.com\/wp-content\/uploads\/2018\/02\/potere-al-popolo.jpg\",\"keywords\":[\"5 ottobre 2024\",\"fogli di via illegittimi\",\"Potere al popolo\",\"Sentenza TAR\",\"solidariet\u00e0 al popolo palestinese\"],\"articleSection\":[\"Comunicati Stampa\",\"Politica\"],\"inLanguage\":\"it-IT\"},{\"@type\":\"WebPage\",\"@id\":\"https:\/\/www.pressenza.com\/it\/2025\/02\/sentenza-tar-pap-i-fogli-di-via-del-5-ottobre-erano-illegittimi-la-solidarieta-con-il-popolo-palestinese-no\/\",\"url\":\"https:\/\/www.pressenza.com\/it\/2025\/02\/sentenza-tar-pap-i-fogli-di-via-del-5-ottobre-erano-illegittimi-la-solidarieta-con-il-popolo-palestinese-no\/\",\"name\":\"Sentenza TAR, Pap: \\\"I Fogli di via del 5 ottobre erano illegittimi, la solidariet\u00e0 con il popolo palestinese no!\\\"\",\"isPartOf\":{\"@id\":\"https:\/\/www.pressenza.com\/it\/#website\"},\"primaryImageOfPage\":{\"@id\":\"https:\/\/www.pressenza.com\/it\/2025\/02\/sentenza-tar-pap-i-fogli-di-via-del-5-ottobre-erano-illegittimi-la-solidarieta-con-il-popolo-palestinese-no\/#primaryimage\"},\"image\":{\"@id\":\"https:\/\/www.pressenza.com\/it\/2025\/02\/sentenza-tar-pap-i-fogli-di-via-del-5-ottobre-erano-illegittimi-la-solidarieta-con-il-popolo-palestinese-no\/#primaryimage\"},\"thumbnailUrl\":\"https:\/\/www.pressenza.com\/wp-content\/uploads\/2018\/02\/potere-al-popolo.jpg\",\"datePublished\":\"2025-02-07T12:15:30+00:00\",\"description\":\"Annunciamo con grande piacere che il Foglio di via emesso il 5 ottobre contro i nostri compagni Abdel e Giorgio \u00e8 stato annullato dal Tar del Lazio.\",\"breadcrumb\":{\"@id\":\"https:\/\/www.pressenza.com\/it\/2025\/02\/sentenza-tar-pap-i-fogli-di-via-del-5-ottobre-erano-illegittimi-la-solidarieta-con-il-popolo-palestinese-no\/#breadcrumb\"},\"inLanguage\":\"it-IT\",\"potentialAction\":[{\"@type\":\"ReadAction\",\"target\":[\"https:\/\/www.pressenza.com\/it\/2025\/02\/sentenza-tar-pap-i-fogli-di-via-del-5-ottobre-erano-illegittimi-la-solidarieta-con-il-popolo-palestinese-no\/\"]}]},{\"@type\":\"ImageObject\",\"inLanguage\":\"it-IT\",\"@id\":\"https:\/\/www.pressenza.com\/it\/2025\/02\/sentenza-tar-pap-i-fogli-di-via-del-5-ottobre-erano-illegittimi-la-solidarieta-con-il-popolo-palestinese-no\/#primaryimage\",\"url\":\"https:\/\/www.pressenza.com\/wp-content\/uploads\/2018\/02\/potere-al-popolo.jpg\",\"contentUrl\":\"https:\/\/www.pressenza.com\/wp-content\/uploads\/2018\/02\/potere-al-popolo.jpg\",\"width\":562,\"height\":349,\"caption\":\"potere-al-popolo\"},{\"@type\":\"BreadcrumbList\",\"@id\":\"https:\/\/www.pressenza.com\/it\/2025\/02\/sentenza-tar-pap-i-fogli-di-via-del-5-ottobre-erano-illegittimi-la-solidarieta-con-il-popolo-palestinese-no\/#breadcrumb\",\"itemListElement\":[{\"@type\":\"ListItem\",\"position\":1,\"name\":\"Accueil\",\"item\":\"https:\/\/www.pressenza.com\/it\/\"},{\"@type\":\"ListItem\",\"position\":2,\"name\":\"Sentenza TAR, Pap: &#8220;I Fogli di via del 5 ottobre erano illegittimi, la solidariet\u00e0 con il popolo palestinese no!&#8221;\"}]},{\"@type\":\"WebSite\",\"@id\":\"https:\/\/www.pressenza.com\/it\/#website\",\"url\":\"https:\/\/www.pressenza.com\/it\/\",\"name\":\"Pressenza\",\"description\":\"Agenzia di Stampa Internazionale\",\"publisher\":{\"@id\":\"https:\/\/www.pressenza.com\/it\/#organization\"},\"potentialAction\":[{\"@type\":\"SearchAction\",\"target\":{\"@type\":\"EntryPoint\",\"urlTemplate\":\"https:\/\/www.pressenza.com\/it\/?s={search_term_string}\"},\"query-input\":{\"@type\":\"PropertyValueSpecification\",\"valueRequired\":true,\"valueName\":\"search_term_string\"}}],\"inLanguage\":\"it-IT\"},{\"@type\":\"Organization\",\"@id\":\"https:\/\/www.pressenza.com\/it\/#organization\",\"name\":\"Pressenza\",\"url\":\"https:\/\/www.pressenza.com\/it\/\",\"logo\":{\"@type\":\"ImageObject\",\"inLanguage\":\"it-IT\",\"@id\":\"https:\/\/www.pressenza.com\/it\/#\/schema\/logo\/image\/\",\"url\":\"https:\/\/www.pressenza.com\/wp-content\/uploads\/2022\/10\/pressenza_logo_200x200.jpg\",\"contentUrl\":\"https:\/\/www.pressenza.com\/wp-content\/uploads\/2022\/10\/pressenza_logo_200x200.jpg\",\"width\":200,\"height\":200,\"caption\":\"Pressenza\"},\"image\":{\"@id\":\"https:\/\/www.pressenza.com\/it\/#\/schema\/logo\/image\/\"},\"sameAs\":[\"https:\/\/www.facebook.com\/PressenzaItalia\",\"https:\/\/x.com\/PressenzaIPA\"]},{\"@type\":\"Person\",\"@id\":\"https:\/\/www.pressenza.com\/it\/#\/schema\/person\/d82b464065b17ccca8a55d1e444cceeb\",\"name\":\"Potere Al Popolo\",\"url\":\"https:\/\/www.pressenza.com\/it\/author\/potere-al-popolo\/\"}]}<\/script>\n<!-- \/ Yoast SEO plugin. -->","yoast_head_json":{"title":"Sentenza TAR, Pap: \"I Fogli di via del 5 ottobre erano illegittimi, la solidariet\u00e0 con il popolo palestinese no!\"","description":"Annunciamo con grande piacere che il Foglio di via emesso il 5 ottobre contro i nostri compagni Abdel e Giorgio \u00e8 stato annullato dal Tar del Lazio.","robots":{"index":"index","follow":"follow","max-snippet":"max-snippet:-1","max-image-preview":"max-image-preview:large","max-video-preview":"max-video-preview:-1"},"canonical":"https:\/\/www.pressenza.com\/it\/2025\/02\/sentenza-tar-pap-i-fogli-di-via-del-5-ottobre-erano-illegittimi-la-solidarieta-con-il-popolo-palestinese-no\/","og_locale":"it_IT","og_type":"article","og_title":"Sentenza TAR, Pap: \"I Fogli di via del 5 ottobre erano illegittimi, la solidariet\u00e0 con il popolo palestinese no!\"","og_description":"Annunciamo con grande piacere che il Foglio di via emesso il 5 ottobre contro i nostri compagni Abdel e Giorgio \u00e8 stato annullato dal Tar del Lazio.","og_url":"https:\/\/www.pressenza.com\/it\/2025\/02\/sentenza-tar-pap-i-fogli-di-via-del-5-ottobre-erano-illegittimi-la-solidarieta-con-il-popolo-palestinese-no\/","og_site_name":"Pressenza","article_publisher":"https:\/\/www.facebook.com\/PressenzaItalia","article_published_time":"2025-02-07T12:15:30+00:00","og_image":[{"width":562,"height":349,"url":"https:\/\/www.pressenza.com\/wp-content\/uploads\/2018\/02\/potere-al-popolo.jpg","type":"image\/jpeg"}],"author":"Potere Al Popolo","twitter_card":"summary_large_image","twitter_creator":"@PressenzaIPA","twitter_site":"@PressenzaIPA","twitter_misc":{"Scritto da":"Potere Al Popolo","Tempo di lettura stimato":"2 minuti"},"schema":{"@context":"https:\/\/schema.org","@graph":[{"@type":"Article","@id":"https:\/\/www.pressenza.com\/it\/2025\/02\/sentenza-tar-pap-i-fogli-di-via-del-5-ottobre-erano-illegittimi-la-solidarieta-con-il-popolo-palestinese-no\/#article","isPartOf":{"@id":"https:\/\/www.pressenza.com\/it\/2025\/02\/sentenza-tar-pap-i-fogli-di-via-del-5-ottobre-erano-illegittimi-la-solidarieta-con-il-popolo-palestinese-no\/"},"author":{"name":"Potere Al Popolo","@id":"https:\/\/www.pressenza.com\/it\/#\/schema\/person\/d82b464065b17ccca8a55d1e444cceeb"},"headline":"Sentenza TAR, Pap: &#8220;I Fogli di via del 5 ottobre erano illegittimi, la solidariet\u00e0 con il popolo palestinese no!&#8221;","datePublished":"2025-02-07T12:15:30+00:00","mainEntityOfPage":{"@id":"https:\/\/www.pressenza.com\/it\/2025\/02\/sentenza-tar-pap-i-fogli-di-via-del-5-ottobre-erano-illegittimi-la-solidarieta-con-il-popolo-palestinese-no\/"},"wordCount":389,"publisher":{"@id":"https:\/\/www.pressenza.com\/it\/#organization"},"image":{"@id":"https:\/\/www.pressenza.com\/it\/2025\/02\/sentenza-tar-pap-i-fogli-di-via-del-5-ottobre-erano-illegittimi-la-solidarieta-con-il-popolo-palestinese-no\/#primaryimage"},"thumbnailUrl":"https:\/\/www.pressenza.com\/wp-content\/uploads\/2018\/02\/potere-al-popolo.jpg","keywords":["5 ottobre 2024","fogli di via illegittimi","Potere al popolo","Sentenza TAR","solidariet\u00e0 al popolo palestinese"],"articleSection":["Comunicati Stampa","Politica"],"inLanguage":"it-IT"},{"@type":"WebPage","@id":"https:\/\/www.pressenza.com\/it\/2025\/02\/sentenza-tar-pap-i-fogli-di-via-del-5-ottobre-erano-illegittimi-la-solidarieta-con-il-popolo-palestinese-no\/","url":"https:\/\/www.pressenza.com\/it\/2025\/02\/sentenza-tar-pap-i-fogli-di-via-del-5-ottobre-erano-illegittimi-la-solidarieta-con-il-popolo-palestinese-no\/","name":"Sentenza TAR, Pap: \"I Fogli di via del 5 ottobre erano illegittimi, la solidariet\u00e0 con il popolo palestinese no!\"","isPartOf":{"@id":"https:\/\/www.pressenza.com\/it\/#website"},"primaryImageOfPage":{"@id":"https:\/\/www.pressenza.com\/it\/2025\/02\/sentenza-tar-pap-i-fogli-di-via-del-5-ottobre-erano-illegittimi-la-solidarieta-con-il-popolo-palestinese-no\/#primaryimage"},"image":{"@id":"https:\/\/www.pressenza.com\/it\/2025\/02\/sentenza-tar-pap-i-fogli-di-via-del-5-ottobre-erano-illegittimi-la-solidarieta-con-il-popolo-palestinese-no\/#primaryimage"},"thumbnailUrl":"https:\/\/www.pressenza.com\/wp-content\/uploads\/2018\/02\/potere-al-popolo.jpg","datePublished":"2025-02-07T12:15:30+00:00","description":"Annunciamo con grande piacere che il Foglio di via emesso il 5 ottobre contro i nostri compagni Abdel e Giorgio \u00e8 stato annullato dal Tar del Lazio.","breadcrumb":{"@id":"https:\/\/www.pressenza.com\/it\/2025\/02\/sentenza-tar-pap-i-fogli-di-via-del-5-ottobre-erano-illegittimi-la-solidarieta-con-il-popolo-palestinese-no\/#breadcrumb"},"inLanguage":"it-IT","potentialAction":[{"@type":"ReadAction","target":["https:\/\/www.pressenza.com\/it\/2025\/02\/sentenza-tar-pap-i-fogli-di-via-del-5-ottobre-erano-illegittimi-la-solidarieta-con-il-popolo-palestinese-no\/"]}]},{"@type":"ImageObject","inLanguage":"it-IT","@id":"https:\/\/www.pressenza.com\/it\/2025\/02\/sentenza-tar-pap-i-fogli-di-via-del-5-ottobre-erano-illegittimi-la-solidarieta-con-il-popolo-palestinese-no\/#primaryimage","url":"https:\/\/www.pressenza.com\/wp-content\/uploads\/2018\/02\/potere-al-popolo.jpg","contentUrl":"https:\/\/www.pressenza.com\/wp-content\/uploads\/2018\/02\/potere-al-popolo.jpg","width":562,"height":349,"caption":"potere-al-popolo"},{"@type":"BreadcrumbList","@id":"https:\/\/www.pressenza.com\/it\/2025\/02\/sentenza-tar-pap-i-fogli-di-via-del-5-ottobre-erano-illegittimi-la-solidarieta-con-il-popolo-palestinese-no\/#breadcrumb","itemListElement":[{"@type":"ListItem","position":1,"name":"Accueil","item":"https:\/\/www.pressenza.com\/it\/"},{"@type":"ListItem","position":2,"name":"Sentenza TAR, Pap: &#8220;I Fogli di via del 5 ottobre erano illegittimi, la solidariet\u00e0 con il popolo palestinese no!&#8221;"}]},{"@type":"WebSite","@id":"https:\/\/www.pressenza.com\/it\/#website","url":"https:\/\/www.pressenza.com\/it\/","name":"Pressenza","description":"Agenzia di Stampa Internazionale","publisher":{"@id":"https:\/\/www.pressenza.com\/it\/#organization"},"potentialAction":[{"@type":"SearchAction","target":{"@type":"EntryPoint","urlTemplate":"https:\/\/www.pressenza.com\/it\/?s={search_term_string}"},"query-input":{"@type":"PropertyValueSpecification","valueRequired":true,"valueName":"search_term_string"}}],"inLanguage":"it-IT"},{"@type":"Organization","@id":"https:\/\/www.pressenza.com\/it\/#organization","name":"Pressenza","url":"https:\/\/www.pressenza.com\/it\/","logo":{"@type":"ImageObject","inLanguage":"it-IT","@id":"https:\/\/www.pressenza.com\/it\/#\/schema\/logo\/image\/","url":"https:\/\/www.pressenza.com\/wp-content\/uploads\/2022\/10\/pressenza_logo_200x200.jpg","contentUrl":"https:\/\/www.pressenza.com\/wp-content\/uploads\/2022\/10\/pressenza_logo_200x200.jpg","width":200,"height":200,"caption":"Pressenza"},"image":{"@id":"https:\/\/www.pressenza.com\/it\/#\/schema\/logo\/image\/"},"sameAs":["https:\/\/www.facebook.com\/PressenzaItalia","https:\/\/x.com\/PressenzaIPA"]},{"@type":"Person","@id":"https:\/\/www.pressenza.com\/it\/#\/schema\/person\/d82b464065b17ccca8a55d1e444cceeb","name":"Potere Al Popolo","url":"https:\/\/www.pressenza.com\/it\/author\/potere-al-popolo\/"}]}},"place":"","original_article_url":"","_links":{"self":[{"href":"https:\/\/www.pressenza.com\/it\/wp-json\/wp\/v2\/posts\/2581837","targetHints":{"allow":["GET"]}}],"collection":[{"href":"https:\/\/www.pressenza.com\/it\/wp-json\/wp\/v2\/posts"}],"about":[{"href":"https:\/\/www.pressenza.com\/it\/wp-json\/wp\/v2\/types\/post"}],"author":[{"embeddable":true,"href":"https:\/\/www.pressenza.com\/it\/wp-json\/wp\/v2\/users\/1515"}],"replies":[{"embeddable":true,"href":"https:\/\/www.pressenza.com\/it\/wp-json\/wp\/v2\/comments?post=2581837"}],"version-history":[{"count":0,"href":"https:\/\/www.pressenza.com\/it\/wp-json\/wp\/v2\/posts\/2581837\/revisions"}],"wp:featuredmedia":[{"embeddable":true,"href":"https:\/\/www.pressenza.com\/it\/wp-json\/wp\/v2\/media\/590538"}],"wp:attachment":[{"href":"https:\/\/www.pressenza.com\/it\/wp-json\/wp\/v2\/media?parent=2581837"}],"wp:term":[{"taxonomy":"category","embeddable":true,"href":"https:\/\/www.pressenza.com\/it\/wp-json\/wp\/v2\/categories?post=2581837"},{"taxonomy":"post_tag","embeddable":true,"href":"https:\/\/www.pressenza.com\/it\/wp-json\/wp\/v2\/tags?post=2581837"}],"curies":[{"name":"wp","href":"https:\/\/api.w.org\/{rel}","templated":true}]}}