{"id":2581770,"date":"2025-02-07T09:22:02","date_gmt":"2025-02-07T09:22:02","guid":{"rendered":"https:\/\/www.pressenza.com\/?p=2581770"},"modified":"2025-02-07T09:22:02","modified_gmt":"2025-02-07T09:22:02","slug":"se-il-riarmo-non-e-necessario-per-la-difesa-allora-serve-per-la-guerra","status":"publish","type":"post","link":"https:\/\/www.pressenza.com\/it\/2025\/02\/se-il-riarmo-non-e-necessario-per-la-difesa-allora-serve-per-la-guerra\/","title":{"rendered":"Se il riarmo non \u00e8 necessario per la difesa, allora serve per la guerra"},"content":{"rendered":"<p><em>L\u2019Alleanza Atlantica rappresenta il 55% della spesa militare mondiale, mentre la Russia, il nemico designato della NATO, ne copre solo il 5%. Questo divario di 11 a 1 pone una domanda: perch\u00e9 intensificare ulteriormente il riarmo?<\/em><\/p>\n<p>L\u2019aumento delle spese militari della NATO solleva interrogativi profondi sul futuro dell\u2019ordine globale. Sulla base dei dati statistici, l\u2019Alleanza Atlantica rappresenta il\u00a0<strong>55% della spesa militare mondiale<\/strong>, mentre la Russia, il nemico designato della NATO, ne copre solo il\u00a0<strong>5%<\/strong>. Questo divario di\u00a0<strong>11 a 1<\/strong>\u00a0pone una domanda cruciale: perch\u00e9 intensificare ulteriormente il riarmo quando il rapporto di forze \u00e8 gi\u00e0\u00a0<strong>nettamente favorevole all\u2019Occidente<\/strong>?<\/p>\n<p>Se la NATO fosse semplicemente un\u2019<strong>alleanza difensiva<\/strong>, non si comprenderebbe la necessit\u00e0 di questo incremento massiccio della spesa. La Russia, nonostante la guerra in Ucraina, non dispone delle risorse economiche e industriali per rappresentare una minaccia convenzionale su larga scala ai paesi dell\u2019Alleanza Atlantica.<\/p>\n<p>Allora, cosa giustifica il riarmo?<\/p>\n<p>La risposta pi\u00f9 plausibile \u00e8 che l\u2019Occidente stia pianificando non solo di contenere la Russia, ma anche di rafforzare la propria\u00a0<strong>egemonia globale<\/strong>. Il vero obiettivo potrebbe essere un futuro confronto con la Cina, percepita come il principale rivale strategico degli Stati Uniti, e una guerra ancora pi\u00f9 diretta con la Russia. Non si pu\u00f2 escludere che, nella logica della deterrenza, si stia preparando un\u2019escalation militare su scala mondiale, con il rischio di un conflitto nucleare.<\/p>\n<p>L\u2019aumento della spesa militare della NATO, dunque, non \u00e8 solo un tema di bilancio, ma una scelta politica che potrebbe avere conseguenze devastanti. Mentre il mondo affronta sfide globali come il cambiamento climatico e la crisi economica, destinare risorse enormi alla militarizzazione rischia di condurre l\u2019umanit\u00e0 verso un futuro sempre pi\u00f9 instabile e pericoloso. I numeri parlano chiaro:\u00a0<strong>se il riarmo non \u00e8 necessario per la difesa, allora serve per la guerra<\/strong>.<\/p>\n<p><em>Note: Il dato percentuale della Russia \u00e8 stato portato al 5% in ragione dell&#8217;aumento delle spese militari del 2024.<\/em><\/p>\n<p>&nbsp;<\/p>\n","protected":false},"excerpt":{"rendered":"<p>L\u2019Alleanza Atlantica rappresenta il 55% della spesa militare mondiale, mentre la Russia, il nemico designato della NATO, ne copre solo il 5%. Questo divario di 11 a 1 pone una domanda: perch\u00e9 intensificare ulteriormente il riarmo? L\u2019aumento delle spese militari&hellip;<\/p>\n","protected":false},"author":245,"featured_media":2539192,"comment_status":"closed","ping_status":"closed","sticky":false,"template":"","format":"standard","meta":{"footnotes":""},"categories":[107392,38,1263],"tags":[207,37719,2804,1734],"class_list":["post-2581770","post","type-post","status-publish","format-standard","has-post-thumbnail","hentry","category-noticia-it","category-internazionale","category-pace-disarmo","tag-nato","tag-riarmo","tag-russia-it","tag-spesa-militare"],"yoast_head":"<!-- This site is optimized with the Yoast SEO plugin v27.1.1 - https:\/\/yoast.com\/product\/yoast-seo-wordpress\/ -->\n<title>Se il riarmo non \u00e8 necessario per la difesa, allora serve per la guerra<\/title>\n<meta name=\"description\" content=\"L\u2019Alleanza Atlantica rappresenta il 55% della spesa militare mondiale, mentre la Russia, il nemico designato della NATO, ne copre solo il 5%. Questo\" \/>\n<meta name=\"robots\" content=\"index, follow, max-snippet:-1, max-image-preview:large, max-video-preview:-1\" \/>\n<link rel=\"canonical\" href=\"https:\/\/www.pressenza.com\/it\/2025\/02\/se-il-riarmo-non-e-necessario-per-la-difesa-allora-serve-per-la-guerra\/\" \/>\n<meta property=\"og:locale\" content=\"it_IT\" \/>\n<meta property=\"og:type\" content=\"article\" \/>\n<meta property=\"og:title\" content=\"Se il riarmo non \u00e8 necessario per la difesa, allora serve per la guerra\" \/>\n<meta property=\"og:description\" content=\"L\u2019Alleanza Atlantica rappresenta il 55% della spesa militare mondiale, mentre la Russia, il nemico designato della NATO, ne copre solo il 5%. Questo\" \/>\n<meta property=\"og:url\" content=\"https:\/\/www.pressenza.com\/it\/2025\/02\/se-il-riarmo-non-e-necessario-per-la-difesa-allora-serve-per-la-guerra\/\" \/>\n<meta property=\"og:site_name\" content=\"Pressenza\" \/>\n<meta property=\"article:publisher\" content=\"https:\/\/www.facebook.com\/PressenzaItalia\" \/>\n<meta property=\"article:published_time\" content=\"2025-02-07T09:22:02+00:00\" \/>\n<meta property=\"og:image\" content=\"https:\/\/www.pressenza.com\/wp-content\/uploads\/2024\/07\/01striscioni-No-Nato-no-guerre-Loia.jpg\" \/>\n\t<meta property=\"og:image:width\" content=\"1584\" \/>\n\t<meta property=\"og:image:height\" content=\"907\" \/>\n\t<meta property=\"og:image:type\" content=\"image\/jpeg\" \/>\n<meta name=\"author\" content=\"Peacelink Telematica per la Pace\" \/>\n<meta name=\"twitter:card\" content=\"summary_large_image\" \/>\n<meta name=\"twitter:creator\" content=\"@PressenzaIPA\" \/>\n<meta name=\"twitter:site\" content=\"@PressenzaIPA\" \/>\n<meta name=\"twitter:label1\" content=\"Scritto da\" \/>\n\t<meta name=\"twitter:data1\" content=\"Peacelink Telematica per la Pace\" \/>\n\t<meta name=\"twitter:label2\" content=\"Tempo di lettura stimato\" \/>\n\t<meta name=\"twitter:data2\" content=\"2 minuti\" \/>\n<script type=\"application\/ld+json\" class=\"yoast-schema-graph\">{\"@context\":\"https:\/\/schema.org\",\"@graph\":[{\"@type\":\"Article\",\"@id\":\"https:\/\/www.pressenza.com\/it\/2025\/02\/se-il-riarmo-non-e-necessario-per-la-difesa-allora-serve-per-la-guerra\/#article\",\"isPartOf\":{\"@id\":\"https:\/\/www.pressenza.com\/it\/2025\/02\/se-il-riarmo-non-e-necessario-per-la-difesa-allora-serve-per-la-guerra\/\"},\"author\":{\"name\":\"Peacelink Telematica per la Pace\",\"@id\":\"https:\/\/www.pressenza.com\/it\/#\/schema\/person\/63739deb4f1a044b79a37f44c6fb2759\"},\"headline\":\"Se il riarmo non \u00e8 necessario per la difesa, allora serve per la guerra\",\"datePublished\":\"2025-02-07T09:22:02+00:00\",\"mainEntityOfPage\":{\"@id\":\"https:\/\/www.pressenza.com\/it\/2025\/02\/se-il-riarmo-non-e-necessario-per-la-difesa-allora-serve-per-la-guerra\/\"},\"wordCount\":328,\"publisher\":{\"@id\":\"https:\/\/www.pressenza.com\/it\/#organization\"},\"image\":{\"@id\":\"https:\/\/www.pressenza.com\/it\/2025\/02\/se-il-riarmo-non-e-necessario-per-la-difesa-allora-serve-per-la-guerra\/#primaryimage\"},\"thumbnailUrl\":\"https:\/\/www.pressenza.com\/wp-content\/uploads\/2024\/07\/01striscioni-No-Nato-no-guerre-Loia.jpg\",\"keywords\":[\"NATO\",\"riarmo\",\"Russia\",\"spesa militare\"],\"articleSection\":[\"Cronaca\",\"Internazionale\",\"Pace e Disarmo\"],\"inLanguage\":\"it-IT\"},{\"@type\":\"WebPage\",\"@id\":\"https:\/\/www.pressenza.com\/it\/2025\/02\/se-il-riarmo-non-e-necessario-per-la-difesa-allora-serve-per-la-guerra\/\",\"url\":\"https:\/\/www.pressenza.com\/it\/2025\/02\/se-il-riarmo-non-e-necessario-per-la-difesa-allora-serve-per-la-guerra\/\",\"name\":\"Se il riarmo non \u00e8 necessario per la difesa, allora serve per la guerra\",\"isPartOf\":{\"@id\":\"https:\/\/www.pressenza.com\/it\/#website\"},\"primaryImageOfPage\":{\"@id\":\"https:\/\/www.pressenza.com\/it\/2025\/02\/se-il-riarmo-non-e-necessario-per-la-difesa-allora-serve-per-la-guerra\/#primaryimage\"},\"image\":{\"@id\":\"https:\/\/www.pressenza.com\/it\/2025\/02\/se-il-riarmo-non-e-necessario-per-la-difesa-allora-serve-per-la-guerra\/#primaryimage\"},\"thumbnailUrl\":\"https:\/\/www.pressenza.com\/wp-content\/uploads\/2024\/07\/01striscioni-No-Nato-no-guerre-Loia.jpg\",\"datePublished\":\"2025-02-07T09:22:02+00:00\",\"description\":\"L\u2019Alleanza Atlantica rappresenta il 55% della spesa militare mondiale, mentre la Russia, il nemico designato della NATO, ne copre solo il 5%. Questo\",\"breadcrumb\":{\"@id\":\"https:\/\/www.pressenza.com\/it\/2025\/02\/se-il-riarmo-non-e-necessario-per-la-difesa-allora-serve-per-la-guerra\/#breadcrumb\"},\"inLanguage\":\"it-IT\",\"potentialAction\":[{\"@type\":\"ReadAction\",\"target\":[\"https:\/\/www.pressenza.com\/it\/2025\/02\/se-il-riarmo-non-e-necessario-per-la-difesa-allora-serve-per-la-guerra\/\"]}]},{\"@type\":\"ImageObject\",\"inLanguage\":\"it-IT\",\"@id\":\"https:\/\/www.pressenza.com\/it\/2025\/02\/se-il-riarmo-non-e-necessario-per-la-difesa-allora-serve-per-la-guerra\/#primaryimage\",\"url\":\"https:\/\/www.pressenza.com\/wp-content\/uploads\/2024\/07\/01striscioni-No-Nato-no-guerre-Loia.jpg\",\"contentUrl\":\"https:\/\/www.pressenza.com\/wp-content\/uploads\/2024\/07\/01striscioni-No-Nato-no-guerre-Loia.jpg\",\"width\":1584,\"height\":907},{\"@type\":\"BreadcrumbList\",\"@id\":\"https:\/\/www.pressenza.com\/it\/2025\/02\/se-il-riarmo-non-e-necessario-per-la-difesa-allora-serve-per-la-guerra\/#breadcrumb\",\"itemListElement\":[{\"@type\":\"ListItem\",\"position\":1,\"name\":\"Accueil\",\"item\":\"https:\/\/www.pressenza.com\/it\/\"},{\"@type\":\"ListItem\",\"position\":2,\"name\":\"Se il riarmo non \u00e8 necessario per la difesa, allora serve per la guerra\"}]},{\"@type\":\"WebSite\",\"@id\":\"https:\/\/www.pressenza.com\/it\/#website\",\"url\":\"https:\/\/www.pressenza.com\/it\/\",\"name\":\"Pressenza\",\"description\":\"Agenzia di Stampa Internazionale\",\"publisher\":{\"@id\":\"https:\/\/www.pressenza.com\/it\/#organization\"},\"potentialAction\":[{\"@type\":\"SearchAction\",\"target\":{\"@type\":\"EntryPoint\",\"urlTemplate\":\"https:\/\/www.pressenza.com\/it\/?s={search_term_string}\"},\"query-input\":{\"@type\":\"PropertyValueSpecification\",\"valueRequired\":true,\"valueName\":\"search_term_string\"}}],\"inLanguage\":\"it-IT\"},{\"@type\":\"Organization\",\"@id\":\"https:\/\/www.pressenza.com\/it\/#organization\",\"name\":\"Pressenza\",\"url\":\"https:\/\/www.pressenza.com\/it\/\",\"logo\":{\"@type\":\"ImageObject\",\"inLanguage\":\"it-IT\",\"@id\":\"https:\/\/www.pressenza.com\/it\/#\/schema\/logo\/image\/\",\"url\":\"https:\/\/www.pressenza.com\/wp-content\/uploads\/2022\/10\/pressenza_logo_200x200.jpg\",\"contentUrl\":\"https:\/\/www.pressenza.com\/wp-content\/uploads\/2022\/10\/pressenza_logo_200x200.jpg\",\"width\":200,\"height\":200,\"caption\":\"Pressenza\"},\"image\":{\"@id\":\"https:\/\/www.pressenza.com\/it\/#\/schema\/logo\/image\/\"},\"sameAs\":[\"https:\/\/www.facebook.com\/PressenzaItalia\",\"https:\/\/x.com\/PressenzaIPA\"]},{\"@type\":\"Person\",\"@id\":\"https:\/\/www.pressenza.com\/it\/#\/schema\/person\/63739deb4f1a044b79a37f44c6fb2759\",\"name\":\"Peacelink Telematica per la Pace\",\"description\":\"Peacelink un'associazione di volontariato nata su rete telematica; promuove dal 1991 la cultura della solidariet\u00e0 e dei diritti umani, l'educazione alla pace, la cooperazione internazionale, il ripudio del razzismo e della mafia, la difesa dell'ambiente e della legalit\u00e0. http:\/\/www.peacelink.it\",\"url\":\"https:\/\/www.pressenza.com\/it\/author\/peacelink\/\"}]}<\/script>\n<!-- \/ Yoast SEO plugin. -->","yoast_head_json":{"title":"Se il riarmo non \u00e8 necessario per la difesa, allora serve per la guerra","description":"L\u2019Alleanza Atlantica rappresenta il 55% della spesa militare mondiale, mentre la Russia, il nemico designato della NATO, ne copre solo il 5%. Questo","robots":{"index":"index","follow":"follow","max-snippet":"max-snippet:-1","max-image-preview":"max-image-preview:large","max-video-preview":"max-video-preview:-1"},"canonical":"https:\/\/www.pressenza.com\/it\/2025\/02\/se-il-riarmo-non-e-necessario-per-la-difesa-allora-serve-per-la-guerra\/","og_locale":"it_IT","og_type":"article","og_title":"Se il riarmo non \u00e8 necessario per la difesa, allora serve per la guerra","og_description":"L\u2019Alleanza Atlantica rappresenta il 55% della spesa militare mondiale, mentre la Russia, il nemico designato della NATO, ne copre solo il 5%. Questo","og_url":"https:\/\/www.pressenza.com\/it\/2025\/02\/se-il-riarmo-non-e-necessario-per-la-difesa-allora-serve-per-la-guerra\/","og_site_name":"Pressenza","article_publisher":"https:\/\/www.facebook.com\/PressenzaItalia","article_published_time":"2025-02-07T09:22:02+00:00","og_image":[{"width":1584,"height":907,"url":"https:\/\/www.pressenza.com\/wp-content\/uploads\/2024\/07\/01striscioni-No-Nato-no-guerre-Loia.jpg","type":"image\/jpeg"}],"author":"Peacelink Telematica per la Pace","twitter_card":"summary_large_image","twitter_creator":"@PressenzaIPA","twitter_site":"@PressenzaIPA","twitter_misc":{"Scritto da":"Peacelink Telematica per la Pace","Tempo di lettura stimato":"2 minuti"},"schema":{"@context":"https:\/\/schema.org","@graph":[{"@type":"Article","@id":"https:\/\/www.pressenza.com\/it\/2025\/02\/se-il-riarmo-non-e-necessario-per-la-difesa-allora-serve-per-la-guerra\/#article","isPartOf":{"@id":"https:\/\/www.pressenza.com\/it\/2025\/02\/se-il-riarmo-non-e-necessario-per-la-difesa-allora-serve-per-la-guerra\/"},"author":{"name":"Peacelink Telematica per la Pace","@id":"https:\/\/www.pressenza.com\/it\/#\/schema\/person\/63739deb4f1a044b79a37f44c6fb2759"},"headline":"Se il riarmo non \u00e8 necessario per la difesa, allora serve per la guerra","datePublished":"2025-02-07T09:22:02+00:00","mainEntityOfPage":{"@id":"https:\/\/www.pressenza.com\/it\/2025\/02\/se-il-riarmo-non-e-necessario-per-la-difesa-allora-serve-per-la-guerra\/"},"wordCount":328,"publisher":{"@id":"https:\/\/www.pressenza.com\/it\/#organization"},"image":{"@id":"https:\/\/www.pressenza.com\/it\/2025\/02\/se-il-riarmo-non-e-necessario-per-la-difesa-allora-serve-per-la-guerra\/#primaryimage"},"thumbnailUrl":"https:\/\/www.pressenza.com\/wp-content\/uploads\/2024\/07\/01striscioni-No-Nato-no-guerre-Loia.jpg","keywords":["NATO","riarmo","Russia","spesa militare"],"articleSection":["Cronaca","Internazionale","Pace e Disarmo"],"inLanguage":"it-IT"},{"@type":"WebPage","@id":"https:\/\/www.pressenza.com\/it\/2025\/02\/se-il-riarmo-non-e-necessario-per-la-difesa-allora-serve-per-la-guerra\/","url":"https:\/\/www.pressenza.com\/it\/2025\/02\/se-il-riarmo-non-e-necessario-per-la-difesa-allora-serve-per-la-guerra\/","name":"Se il riarmo non \u00e8 necessario per la difesa, allora serve per la guerra","isPartOf":{"@id":"https:\/\/www.pressenza.com\/it\/#website"},"primaryImageOfPage":{"@id":"https:\/\/www.pressenza.com\/it\/2025\/02\/se-il-riarmo-non-e-necessario-per-la-difesa-allora-serve-per-la-guerra\/#primaryimage"},"image":{"@id":"https:\/\/www.pressenza.com\/it\/2025\/02\/se-il-riarmo-non-e-necessario-per-la-difesa-allora-serve-per-la-guerra\/#primaryimage"},"thumbnailUrl":"https:\/\/www.pressenza.com\/wp-content\/uploads\/2024\/07\/01striscioni-No-Nato-no-guerre-Loia.jpg","datePublished":"2025-02-07T09:22:02+00:00","description":"L\u2019Alleanza Atlantica rappresenta il 55% della spesa militare mondiale, mentre la Russia, il nemico designato della NATO, ne copre solo il 5%. Questo","breadcrumb":{"@id":"https:\/\/www.pressenza.com\/it\/2025\/02\/se-il-riarmo-non-e-necessario-per-la-difesa-allora-serve-per-la-guerra\/#breadcrumb"},"inLanguage":"it-IT","potentialAction":[{"@type":"ReadAction","target":["https:\/\/www.pressenza.com\/it\/2025\/02\/se-il-riarmo-non-e-necessario-per-la-difesa-allora-serve-per-la-guerra\/"]}]},{"@type":"ImageObject","inLanguage":"it-IT","@id":"https:\/\/www.pressenza.com\/it\/2025\/02\/se-il-riarmo-non-e-necessario-per-la-difesa-allora-serve-per-la-guerra\/#primaryimage","url":"https:\/\/www.pressenza.com\/wp-content\/uploads\/2024\/07\/01striscioni-No-Nato-no-guerre-Loia.jpg","contentUrl":"https:\/\/www.pressenza.com\/wp-content\/uploads\/2024\/07\/01striscioni-No-Nato-no-guerre-Loia.jpg","width":1584,"height":907},{"@type":"BreadcrumbList","@id":"https:\/\/www.pressenza.com\/it\/2025\/02\/se-il-riarmo-non-e-necessario-per-la-difesa-allora-serve-per-la-guerra\/#breadcrumb","itemListElement":[{"@type":"ListItem","position":1,"name":"Accueil","item":"https:\/\/www.pressenza.com\/it\/"},{"@type":"ListItem","position":2,"name":"Se il riarmo non \u00e8 necessario per la difesa, allora serve per la guerra"}]},{"@type":"WebSite","@id":"https:\/\/www.pressenza.com\/it\/#website","url":"https:\/\/www.pressenza.com\/it\/","name":"Pressenza","description":"Agenzia di Stampa Internazionale","publisher":{"@id":"https:\/\/www.pressenza.com\/it\/#organization"},"potentialAction":[{"@type":"SearchAction","target":{"@type":"EntryPoint","urlTemplate":"https:\/\/www.pressenza.com\/it\/?s={search_term_string}"},"query-input":{"@type":"PropertyValueSpecification","valueRequired":true,"valueName":"search_term_string"}}],"inLanguage":"it-IT"},{"@type":"Organization","@id":"https:\/\/www.pressenza.com\/it\/#organization","name":"Pressenza","url":"https:\/\/www.pressenza.com\/it\/","logo":{"@type":"ImageObject","inLanguage":"it-IT","@id":"https:\/\/www.pressenza.com\/it\/#\/schema\/logo\/image\/","url":"https:\/\/www.pressenza.com\/wp-content\/uploads\/2022\/10\/pressenza_logo_200x200.jpg","contentUrl":"https:\/\/www.pressenza.com\/wp-content\/uploads\/2022\/10\/pressenza_logo_200x200.jpg","width":200,"height":200,"caption":"Pressenza"},"image":{"@id":"https:\/\/www.pressenza.com\/it\/#\/schema\/logo\/image\/"},"sameAs":["https:\/\/www.facebook.com\/PressenzaItalia","https:\/\/x.com\/PressenzaIPA"]},{"@type":"Person","@id":"https:\/\/www.pressenza.com\/it\/#\/schema\/person\/63739deb4f1a044b79a37f44c6fb2759","name":"Peacelink Telematica per la Pace","description":"Peacelink un'associazione di volontariato nata su rete telematica; promuove dal 1991 la cultura della solidariet\u00e0 e dei diritti umani, l'educazione alla pace, la cooperazione internazionale, il ripudio del razzismo e della mafia, la difesa dell'ambiente e della legalit\u00e0. http:\/\/www.peacelink.it","url":"https:\/\/www.pressenza.com\/it\/author\/peacelink\/"}]}},"place":"Alessandro Marescotti","original_article_url":"https:\/\/www.peacelink.it\/disarmo\/a\/50550.html","_links":{"self":[{"href":"https:\/\/www.pressenza.com\/it\/wp-json\/wp\/v2\/posts\/2581770","targetHints":{"allow":["GET"]}}],"collection":[{"href":"https:\/\/www.pressenza.com\/it\/wp-json\/wp\/v2\/posts"}],"about":[{"href":"https:\/\/www.pressenza.com\/it\/wp-json\/wp\/v2\/types\/post"}],"author":[{"embeddable":true,"href":"https:\/\/www.pressenza.com\/it\/wp-json\/wp\/v2\/users\/245"}],"replies":[{"embeddable":true,"href":"https:\/\/www.pressenza.com\/it\/wp-json\/wp\/v2\/comments?post=2581770"}],"version-history":[{"count":0,"href":"https:\/\/www.pressenza.com\/it\/wp-json\/wp\/v2\/posts\/2581770\/revisions"}],"wp:featuredmedia":[{"embeddable":true,"href":"https:\/\/www.pressenza.com\/it\/wp-json\/wp\/v2\/media\/2539192"}],"wp:attachment":[{"href":"https:\/\/www.pressenza.com\/it\/wp-json\/wp\/v2\/media?parent=2581770"}],"wp:term":[{"taxonomy":"category","embeddable":true,"href":"https:\/\/www.pressenza.com\/it\/wp-json\/wp\/v2\/categories?post=2581770"},{"taxonomy":"post_tag","embeddable":true,"href":"https:\/\/www.pressenza.com\/it\/wp-json\/wp\/v2\/tags?post=2581770"}],"curies":[{"name":"wp","href":"https:\/\/api.w.org\/{rel}","templated":true}]}}